{"id":23365,"date":"2021-09-29T08:23:15","date_gmt":"2021-09-29T11:23:15","guid":{"rendered":"https:\/\/jornalfatosenoticias.com.br\/?p=23365"},"modified":"2021-09-29T08:23:19","modified_gmt":"2021-09-29T11:23:19","slug":"cientistas-descobrem-origem-genetica-do-povo-etrusco-que-desapareceu-com-os-romanos","status":"publish","type":"post","link":"https:\/\/jornalfatosenoticias.com.br\/index.php\/2021\/09\/29\/cientistas-descobrem-origem-genetica-do-povo-etrusco-que-desapareceu-com-os-romanos\/","title":{"rendered":"Cientistas descobrem origem gen\u00e9tica do povo etrusco, que &#8216;desapareceu&#8217; com os romanos"},"content":{"rendered":"\n<p><em><span class=\"has-inline-color has-black-color\">Cientistas encontraram evid\u00eancias de que os etruscos, que viviam na pen\u00ednsula italiana, n\u00e3o eram de origem asi\u00e1tica, e rejeitaram a vers\u00e3o de que vinham do Mediterr\u00e2neo oriental<\/span><\/em><\/p>\n\n\n\n<p>O povo etrusco \u00e9 geneticamente muito pr\u00f3ximo do povo italiano, conclu\u00edram paleogeneticistas que analisaram o DNA de 82 indiv\u00edduos da Etr\u00faria e do sul da It\u00e1lia que viveram entre 800 a.C. e 1.000 d.C., disseram cientistas <a href=\"https:\/\/www.shh.mpg.de\/2051535\/etruscan-genomes?c=1935799\" target=\"_blank\" rel=\"noreferrer noopener\">em comunicado<\/a> da Universidade de Floren\u00e7a, It\u00e1lia. <\/p>\n\n\n\n<blockquote class=\"wp-block-quote is-layout-flow wp-block-quote-is-layout-flow\"><p><span class=\"has-inline-color has-luminous-vivid-orange-color\">Os etruscos foram uma civiliza\u00e7\u00e3o que habitou a pen\u00ednsula central dos Apeninos, a atual It\u00e1lia, no primeiro mil\u00eanio a.C.<strong><em>\u00a0<\/em><\/strong><a href=\"https:\/\/br.sputniknews.com\/ciencia_tecnologia\/2021030317059027-cores-nunca-vistas-nova-tecnica-revela-detalhes-ocultos-em-pinturas-etruscas-de-2500-anos-foto\/\" target=\"_blank\" rel=\"noreferrer noopener\"><strong>As inscri\u00e7\u00f5es mais antigas conhecidas no etrusco<\/strong><\/a>, que era um idioma n\u00e3o europeu isolado, datam do s\u00e9culo VIII a.C. As cidades etruscas, apesar de serem unidas por uma l\u00edngua comum e ideias religiosas, nunca formaram um Estado unificado.<\/span><\/p><\/blockquote>\n\n\n\n<p>A origem dos etruscos sempre foi controversa. Alguns pesquisadores acreditam que os etruscos se formaram atrav\u00e9s de ondas de migra\u00e7\u00e3o do Mediterr\u00e2neo Oriental, da Europa Central e da regi\u00e3o ao norte do mar Negro, que foi sugerida por Her\u00f3doto, ge\u00f3grafo e historiador grego.<\/p>\n\n\n\n<blockquote class=\"wp-block-quote is-layout-flow wp-block-quote-is-layout-flow\"><p><span class=\"has-inline-color has-luminous-vivid-orange-color\">De acordo com o historiador Dion\u00edsio de Halicarnasso, os etruscos eram de origem ind\u00edgena. Neste caso, os arque\u00f3logos os associam \u00e0 cultura mais antiga do fim da Idade do Bronze e do in\u00edcio da Idade do Ferro no norte e centro da It\u00e1lia.<\/span><\/p><\/blockquote>\n\n\n\n<p>A vers\u00e3o da origem aut\u00f3ctone dos etruscos foi sempre sujeita a consider\u00e1vel d\u00favida. Os cientistas associam o aparecimento de elementos asi\u00e1ticos com &#8220;uma mudan\u00e7a gen\u00e9tica em larga escala, resultante da mistura com popula\u00e7\u00f5es do leste do Mediterr\u00e2neo, que provavelmente incluiu escravos e soldados realocados <a href=\"https:\/\/br.sputniknews.com\/ciencia_tecnologia\/2021090117961948-antigos-arietes-descobertos-podem-desvendar-como-roma-assumiu-o-mediterraneo-ha-2-mil-anos-fotos\/\" target=\"_blank\" rel=\"noreferrer noopener\">atrav\u00e9s do Imp\u00e9rio Romano<\/a>&#8220;.<\/p>\n\n\n\n<blockquote class=\"wp-block-quote is-layout-flow wp-block-quote-is-layout-flow\"><p><span class=\"has-inline-color has-luminous-vivid-orange-color\">Os etruscos &#8220;compartilham um passado gen\u00e9tico com os latinos que habitam as \u00e1reas ao redor de Roma, com uma grande propor\u00e7\u00e3o de seus perfis gen\u00e9ticos provenientes de ascend\u00eancia relacionada \u00e0 estepe que chegaram \u00e0 regi\u00e3o durante a Idade do Bronze&#8221;, diz declara\u00e7\u00e3o da Universidade de Floren\u00e7a, It\u00e1lia.<\/span><\/p><\/blockquote>\n\n\n\n<p>A l\u00edngua desaparecida dos etruscos permanece um mist\u00e9rio, devido a n\u00e3o ser de origem indo-europeia. Foram os nativos das estepes eurasi\u00e1ticas que a trouxeram e a ajudaram a se espalhar e se desenvolver em territ\u00f3rios europeus.<\/p>\n\n\n\n<blockquote class=\"wp-block-quote is-layout-flow wp-block-quote-is-layout-flow\"><p><span class=\"has-inline-color has-luminous-vivid-orange-color\">&#8220;Este aspecto continua intrigante e requer mais pesquisas arqueol\u00f3gicas, hist\u00f3ricas e lingu\u00edsticas. Ele tamb\u00e9m aponta para um processo mais complexo de forma\u00e7\u00e3o da popula\u00e7\u00e3o italiana&#8221;, dizem os pesquisadores do estudo <strong><a href=\"https:\/\/www.science.org\/doi\/10.1126\/sciadv.abi7673\" target=\"_blank\" rel=\"noreferrer noopener\">publicado<\/a><\/strong> na revista Science Advances.<\/span><\/p><\/blockquote>\n\n\n\n<p>Embora tenham governado o mar por algum tempo, os etruscos preferiram se estabelecer nas colinas pr\u00f3ximas aos rios. Nada sobreviveu de seus assentamentos, constru\u00eddos de madeira, mas restam paredes de pedra e <a href=\"https:\/\/br.sputniknews.com\/ciencia_tecnologia\/2020060715671845-arqueologos-desenterram-na-italia-sepultura-de-2500-anos-de-jovem-aristocrata-fotos\/\" target=\"_blank\" rel=\"noreferrer noopener\">numerosos enterros<\/a>.<br>Acredita-se que muitos costumes, incluindo lutas de gladiadores e corridas de carruagem, t\u00eam ra\u00edzes etruscas, embora as culturas deles e dos romanos sejam conhecidas por serem diferentes. Os etruscos perderam completamente sua posi\u00e7\u00e3o dominante com a expans\u00e3o da influ\u00eancia romana, apesar de seus descendentes serem os primeiros governadores de Roma.<\/p>\n\n\n\n<p><strong><em>Fonte: <a href=\"https:\/\/br.sputniknews.com\/ciencia_tecnologia\/2021092718063285-cientistas-descobrem-origem-genetica-do-povo-etrusco-que-desapareceu-com-os-romanos\/\">Sputnik News Brasil<\/a><\/em><\/strong><\/p>\n","protected":false},"excerpt":{"rendered":"<p>Cientistas encontraram evid\u00eancias de que os etruscos, que viviam na pen\u00ednsula italiana, n\u00e3o eram de origem asi\u00e1tica, e rejeitaram a vers\u00e3o de que vinham do Mediterr\u00e2neo oriental O povo etrusco \u00e9 geneticamente muito pr\u00f3ximo do povo italiano, conclu\u00edram paleogeneticistas que analisaram o DNA de 82 indiv\u00edduos da Etr\u00faria e do sul da It\u00e1lia que viveram [&hellip;]<\/p>\n","protected":false},"author":2,"featured_media":23366,"comment_status":"open","ping_status":"open","sticky":false,"template":"","format":"standard","meta":{"footnotes":""},"categories":[9808],"tags":[11340,11341,8207,124,11342,11343,11344,10263],"class_list":["post-23365","post","type-post","status-publish","format-standard","has-post-thumbnail","hentry","category-paleo-arqueologia","tag-europa-central","tag-florenca","tag-imperio-romano","tag-italia","tag-mar-negro","tag-mediterraneo","tag-mediterraneo-oriental","tag-science-advances"],"yoast_head":"<!-- This site is optimized with the Yoast SEO plugin v26.5 - https:\/\/yoast.com\/wordpress\/plugins\/seo\/ -->\n<title>Cientistas descobrem origem gen\u00e9tica do povo etrusco, que &#039;desapareceu&#039; com os romanos - Jornal Fatos e Not\u00edcias<\/title>\n<meta name=\"robots\" content=\"index, follow, max-snippet:-1, max-image-preview:large, max-video-preview:-1\" \/>\n<link rel=\"canonical\" href=\"https:\/\/jornalfatosenoticias.com.br\/index.php\/2021\/09\/29\/cientistas-descobrem-origem-genetica-do-povo-etrusco-que-desapareceu-com-os-romanos\/\" \/>\n<meta property=\"og:locale\" content=\"pt_BR\" \/>\n<meta property=\"og:type\" content=\"article\" \/>\n<meta property=\"og:title\" content=\"Cientistas descobrem origem gen\u00e9tica do povo etrusco, que &#039;desapareceu&#039; com os romanos - Jornal Fatos e Not\u00edcias\" \/>\n<meta property=\"og:description\" content=\"Cientistas encontraram evid\u00eancias de que os etruscos, que viviam na pen\u00ednsula italiana, n\u00e3o eram de origem asi\u00e1tica, e rejeitaram a vers\u00e3o de que vinham do Mediterr\u00e2neo oriental O povo etrusco \u00e9 geneticamente muito pr\u00f3ximo do povo italiano, conclu\u00edram paleogeneticistas que analisaram o DNA de 82 indiv\u00edduos da Etr\u00faria e do sul da It\u00e1lia que viveram [&hellip;]\" \/>\n<meta property=\"og:url\" content=\"https:\/\/jornalfatosenoticias.com.br\/index.php\/2021\/09\/29\/cientistas-descobrem-origem-genetica-do-povo-etrusco-que-desapareceu-com-os-romanos\/\" \/>\n<meta property=\"og:site_name\" content=\"Jornal Fatos e Not\u00edcias\" \/>\n<meta property=\"article:published_time\" content=\"2021-09-29T11:23:15+00:00\" \/>\n<meta property=\"article:modified_time\" content=\"2021-09-29T11:23:19+00:00\" \/>\n<meta property=\"og:image\" content=\"https:\/\/jornalfatosenoticias.com.br\/wp-content\/uploads\/2021\/09\/ETRUSCOS.jpg\" \/>\n\t<meta property=\"og:image:width\" content=\"1000\" \/>\n\t<meta property=\"og:image:height\" content=\"541\" \/>\n\t<meta property=\"og:image:type\" content=\"image\/jpeg\" \/>\n<meta name=\"author\" content=\"Luzimara Fernandes\" \/>\n<meta name=\"twitter:card\" content=\"summary_large_image\" \/>\n<meta name=\"twitter:label1\" content=\"Escrito por\" \/>\n\t<meta name=\"twitter:data1\" content=\"Luzimara Fernandes\" \/>\n\t<meta name=\"twitter:label2\" content=\"Est. tempo de leitura\" \/>\n\t<meta name=\"twitter:data2\" content=\"3 minutos\" \/>\n<script type=\"application\/ld+json\" class=\"yoast-schema-graph\">{\"@context\":\"https:\/\/schema.org\",\"@graph\":[{\"@type\":\"Article\",\"@id\":\"https:\/\/jornalfatosenoticias.com.br\/index.php\/2021\/09\/29\/cientistas-descobrem-origem-genetica-do-povo-etrusco-que-desapareceu-com-os-romanos\/#article\",\"isPartOf\":{\"@id\":\"https:\/\/jornalfatosenoticias.com.br\/index.php\/2021\/09\/29\/cientistas-descobrem-origem-genetica-do-povo-etrusco-que-desapareceu-com-os-romanos\/\"},\"author\":{\"name\":\"Luzimara Fernandes\",\"@id\":\"https:\/\/jornalfatosenoticias.com.br\/#\/schema\/person\/d63837fa13ac8666eb9e74e0985d6f81\"},\"headline\":\"Cientistas descobrem origem gen\u00e9tica do povo etrusco, que &#8216;desapareceu&#8217; com os romanos\",\"datePublished\":\"2021-09-29T11:23:15+00:00\",\"dateModified\":\"2021-09-29T11:23:19+00:00\",\"mainEntityOfPage\":{\"@id\":\"https:\/\/jornalfatosenoticias.com.br\/index.php\/2021\/09\/29\/cientistas-descobrem-origem-genetica-do-povo-etrusco-que-desapareceu-com-os-romanos\/\"},\"wordCount\":546,\"commentCount\":0,\"publisher\":{\"@id\":\"https:\/\/jornalfatosenoticias.com.br\/#organization\"},\"image\":{\"@id\":\"https:\/\/jornalfatosenoticias.com.br\/index.php\/2021\/09\/29\/cientistas-descobrem-origem-genetica-do-povo-etrusco-que-desapareceu-com-os-romanos\/#primaryimage\"},\"thumbnailUrl\":\"https:\/\/jornalfatosenoticias.com.br\/wp-content\/uploads\/2021\/09\/ETRUSCOS.jpg\",\"keywords\":[\"Europa Central\",\"Floren\u00e7a\",\"Imp\u00e9rio Romano\",\"It\u00e1lia\",\"mar Negro\",\"Mediterr\u00e2neo\",\"Mediterr\u00e2neo Oriental\",\"Science Advances\"],\"articleSection\":[\"Paleo &amp; Arqueologia\"],\"inLanguage\":\"pt-BR\",\"potentialAction\":[{\"@type\":\"CommentAction\",\"name\":\"Comment\",\"target\":[\"https:\/\/jornalfatosenoticias.com.br\/index.php\/2021\/09\/29\/cientistas-descobrem-origem-genetica-do-povo-etrusco-que-desapareceu-com-os-romanos\/#respond\"]}]},{\"@type\":\"WebPage\",\"@id\":\"https:\/\/jornalfatosenoticias.com.br\/index.php\/2021\/09\/29\/cientistas-descobrem-origem-genetica-do-povo-etrusco-que-desapareceu-com-os-romanos\/\",\"url\":\"https:\/\/jornalfatosenoticias.com.br\/index.php\/2021\/09\/29\/cientistas-descobrem-origem-genetica-do-povo-etrusco-que-desapareceu-com-os-romanos\/\",\"name\":\"Cientistas descobrem origem gen\u00e9tica do povo etrusco, que 'desapareceu' com os romanos - Jornal Fatos e Not\u00edcias\",\"isPartOf\":{\"@id\":\"https:\/\/jornalfatosenoticias.com.br\/#website\"},\"primaryImageOfPage\":{\"@id\":\"https:\/\/jornalfatosenoticias.com.br\/index.php\/2021\/09\/29\/cientistas-descobrem-origem-genetica-do-povo-etrusco-que-desapareceu-com-os-romanos\/#primaryimage\"},\"image\":{\"@id\":\"https:\/\/jornalfatosenoticias.com.br\/index.php\/2021\/09\/29\/cientistas-descobrem-origem-genetica-do-povo-etrusco-que-desapareceu-com-os-romanos\/#primaryimage\"},\"thumbnailUrl\":\"https:\/\/jornalfatosenoticias.com.br\/wp-content\/uploads\/2021\/09\/ETRUSCOS.jpg\",\"datePublished\":\"2021-09-29T11:23:15+00:00\",\"dateModified\":\"2021-09-29T11:23:19+00:00\",\"breadcrumb\":{\"@id\":\"https:\/\/jornalfatosenoticias.com.br\/index.php\/2021\/09\/29\/cientistas-descobrem-origem-genetica-do-povo-etrusco-que-desapareceu-com-os-romanos\/#breadcrumb\"},\"inLanguage\":\"pt-BR\",\"potentialAction\":[{\"@type\":\"ReadAction\",\"target\":[\"https:\/\/jornalfatosenoticias.com.br\/index.php\/2021\/09\/29\/cientistas-descobrem-origem-genetica-do-povo-etrusco-que-desapareceu-com-os-romanos\/\"]}]},{\"@type\":\"ImageObject\",\"inLanguage\":\"pt-BR\",\"@id\":\"https:\/\/jornalfatosenoticias.com.br\/index.php\/2021\/09\/29\/cientistas-descobrem-origem-genetica-do-povo-etrusco-que-desapareceu-com-os-romanos\/#primaryimage\",\"url\":\"https:\/\/jornalfatosenoticias.com.br\/wp-content\/uploads\/2021\/09\/ETRUSCOS.jpg\",\"contentUrl\":\"https:\/\/jornalfatosenoticias.com.br\/wp-content\/uploads\/2021\/09\/ETRUSCOS.jpg\",\"width\":1000,\"height\":541},{\"@type\":\"BreadcrumbList\",\"@id\":\"https:\/\/jornalfatosenoticias.com.br\/index.php\/2021\/09\/29\/cientistas-descobrem-origem-genetica-do-povo-etrusco-que-desapareceu-com-os-romanos\/#breadcrumb\",\"itemListElement\":[{\"@type\":\"ListItem\",\"position\":1,\"name\":\"In\u00edcio\",\"item\":\"https:\/\/jornalfatosenoticias.com.br\/\"},{\"@type\":\"ListItem\",\"position\":2,\"name\":\"Cientistas descobrem origem gen\u00e9tica do povo etrusco, que &#8216;desapareceu&#8217; com os romanos\"}]},{\"@type\":\"WebSite\",\"@id\":\"https:\/\/jornalfatosenoticias.com.br\/#website\",\"url\":\"https:\/\/jornalfatosenoticias.com.br\/\",\"name\":\"Jornal Fatos e Not\u00edcias\",\"description\":\"Not\u00edcias em geral\",\"publisher\":{\"@id\":\"https:\/\/jornalfatosenoticias.com.br\/#organization\"},\"potentialAction\":[{\"@type\":\"SearchAction\",\"target\":{\"@type\":\"EntryPoint\",\"urlTemplate\":\"https:\/\/jornalfatosenoticias.com.br\/?s={search_term_string}\"},\"query-input\":{\"@type\":\"PropertyValueSpecification\",\"valueRequired\":true,\"valueName\":\"search_term_string\"}}],\"inLanguage\":\"pt-BR\"},{\"@type\":\"Organization\",\"@id\":\"https:\/\/jornalfatosenoticias.com.br\/#organization\",\"name\":\"Jornal Fatos e Not\u00edcias\",\"url\":\"https:\/\/jornalfatosenoticias.com.br\/\",\"logo\":{\"@type\":\"ImageObject\",\"inLanguage\":\"pt-BR\",\"@id\":\"https:\/\/jornalfatosenoticias.com.br\/#\/schema\/logo\/image\/\",\"url\":\"https:\/\/jornalfatosenoticias.com.br\/wp-content\/uploads\/2020\/02\/logo120.png\",\"contentUrl\":\"https:\/\/jornalfatosenoticias.com.br\/wp-content\/uploads\/2020\/02\/logo120.png\",\"width\":1227,\"height\":120,\"caption\":\"Jornal Fatos e Not\u00edcias\"},\"image\":{\"@id\":\"https:\/\/jornalfatosenoticias.com.br\/#\/schema\/logo\/image\/\"}},{\"@type\":\"Person\",\"@id\":\"https:\/\/jornalfatosenoticias.com.br\/#\/schema\/person\/d63837fa13ac8666eb9e74e0985d6f81\",\"name\":\"Luzimara Fernandes\",\"image\":{\"@type\":\"ImageObject\",\"inLanguage\":\"pt-BR\",\"@id\":\"https:\/\/jornalfatosenoticias.com.br\/#\/schema\/person\/image\/\",\"url\":\"https:\/\/jornalfatosenoticias.com.br\/wp-content\/uploads\/2025\/05\/EU_portal.jpg\",\"contentUrl\":\"https:\/\/jornalfatosenoticias.com.br\/wp-content\/uploads\/2025\/05\/EU_portal.jpg\",\"caption\":\"Luzimara Fernandes\"},\"description\":\"Jornalista MTB 2358-ES\",\"sameAs\":[\"https:\/\/jornalfatosenoticias.com.br\"],\"url\":\"https:\/\/jornalfatosenoticias.com.br\/index.php\/author\/luzimara\/\"}]}<\/script>\n<!-- \/ Yoast SEO plugin. -->","yoast_head_json":{"title":"Cientistas descobrem origem gen\u00e9tica do povo etrusco, que 'desapareceu' com os romanos - Jornal Fatos e Not\u00edcias","robots":{"index":"index","follow":"follow","max-snippet":"max-snippet:-1","max-image-preview":"max-image-preview:large","max-video-preview":"max-video-preview:-1"},"canonical":"https:\/\/jornalfatosenoticias.com.br\/index.php\/2021\/09\/29\/cientistas-descobrem-origem-genetica-do-povo-etrusco-que-desapareceu-com-os-romanos\/","og_locale":"pt_BR","og_type":"article","og_title":"Cientistas descobrem origem gen\u00e9tica do povo etrusco, que 'desapareceu' com os romanos - Jornal Fatos e Not\u00edcias","og_description":"Cientistas encontraram evid\u00eancias de que os etruscos, que viviam na pen\u00ednsula italiana, n\u00e3o eram de origem asi\u00e1tica, e rejeitaram a vers\u00e3o de que vinham do Mediterr\u00e2neo oriental O povo etrusco \u00e9 geneticamente muito pr\u00f3ximo do povo italiano, conclu\u00edram paleogeneticistas que analisaram o DNA de 82 indiv\u00edduos da Etr\u00faria e do sul da It\u00e1lia que viveram [&hellip;]","og_url":"https:\/\/jornalfatosenoticias.com.br\/index.php\/2021\/09\/29\/cientistas-descobrem-origem-genetica-do-povo-etrusco-que-desapareceu-com-os-romanos\/","og_site_name":"Jornal Fatos e Not\u00edcias","article_published_time":"2021-09-29T11:23:15+00:00","article_modified_time":"2021-09-29T11:23:19+00:00","og_image":[{"width":1000,"height":541,"url":"https:\/\/jornalfatosenoticias.com.br\/wp-content\/uploads\/2021\/09\/ETRUSCOS.jpg","type":"image\/jpeg"}],"author":"Luzimara Fernandes","twitter_card":"summary_large_image","twitter_misc":{"Escrito por":"Luzimara Fernandes","Est. tempo de leitura":"3 minutos"},"schema":{"@context":"https:\/\/schema.org","@graph":[{"@type":"Article","@id":"https:\/\/jornalfatosenoticias.com.br\/index.php\/2021\/09\/29\/cientistas-descobrem-origem-genetica-do-povo-etrusco-que-desapareceu-com-os-romanos\/#article","isPartOf":{"@id":"https:\/\/jornalfatosenoticias.com.br\/index.php\/2021\/09\/29\/cientistas-descobrem-origem-genetica-do-povo-etrusco-que-desapareceu-com-os-romanos\/"},"author":{"name":"Luzimara Fernandes","@id":"https:\/\/jornalfatosenoticias.com.br\/#\/schema\/person\/d63837fa13ac8666eb9e74e0985d6f81"},"headline":"Cientistas descobrem origem gen\u00e9tica do povo etrusco, que &#8216;desapareceu&#8217; com os romanos","datePublished":"2021-09-29T11:23:15+00:00","dateModified":"2021-09-29T11:23:19+00:00","mainEntityOfPage":{"@id":"https:\/\/jornalfatosenoticias.com.br\/index.php\/2021\/09\/29\/cientistas-descobrem-origem-genetica-do-povo-etrusco-que-desapareceu-com-os-romanos\/"},"wordCount":546,"commentCount":0,"publisher":{"@id":"https:\/\/jornalfatosenoticias.com.br\/#organization"},"image":{"@id":"https:\/\/jornalfatosenoticias.com.br\/index.php\/2021\/09\/29\/cientistas-descobrem-origem-genetica-do-povo-etrusco-que-desapareceu-com-os-romanos\/#primaryimage"},"thumbnailUrl":"https:\/\/jornalfatosenoticias.com.br\/wp-content\/uploads\/2021\/09\/ETRUSCOS.jpg","keywords":["Europa Central","Floren\u00e7a","Imp\u00e9rio Romano","It\u00e1lia","mar Negro","Mediterr\u00e2neo","Mediterr\u00e2neo Oriental","Science Advances"],"articleSection":["Paleo &amp; Arqueologia"],"inLanguage":"pt-BR","potentialAction":[{"@type":"CommentAction","name":"Comment","target":["https:\/\/jornalfatosenoticias.com.br\/index.php\/2021\/09\/29\/cientistas-descobrem-origem-genetica-do-povo-etrusco-que-desapareceu-com-os-romanos\/#respond"]}]},{"@type":"WebPage","@id":"https:\/\/jornalfatosenoticias.com.br\/index.php\/2021\/09\/29\/cientistas-descobrem-origem-genetica-do-povo-etrusco-que-desapareceu-com-os-romanos\/","url":"https:\/\/jornalfatosenoticias.com.br\/index.php\/2021\/09\/29\/cientistas-descobrem-origem-genetica-do-povo-etrusco-que-desapareceu-com-os-romanos\/","name":"Cientistas descobrem origem gen\u00e9tica do povo etrusco, que 'desapareceu' com os romanos - Jornal Fatos e Not\u00edcias","isPartOf":{"@id":"https:\/\/jornalfatosenoticias.com.br\/#website"},"primaryImageOfPage":{"@id":"https:\/\/jornalfatosenoticias.com.br\/index.php\/2021\/09\/29\/cientistas-descobrem-origem-genetica-do-povo-etrusco-que-desapareceu-com-os-romanos\/#primaryimage"},"image":{"@id":"https:\/\/jornalfatosenoticias.com.br\/index.php\/2021\/09\/29\/cientistas-descobrem-origem-genetica-do-povo-etrusco-que-desapareceu-com-os-romanos\/#primaryimage"},"thumbnailUrl":"https:\/\/jornalfatosenoticias.com.br\/wp-content\/uploads\/2021\/09\/ETRUSCOS.jpg","datePublished":"2021-09-29T11:23:15+00:00","dateModified":"2021-09-29T11:23:19+00:00","breadcrumb":{"@id":"https:\/\/jornalfatosenoticias.com.br\/index.php\/2021\/09\/29\/cientistas-descobrem-origem-genetica-do-povo-etrusco-que-desapareceu-com-os-romanos\/#breadcrumb"},"inLanguage":"pt-BR","potentialAction":[{"@type":"ReadAction","target":["https:\/\/jornalfatosenoticias.com.br\/index.php\/2021\/09\/29\/cientistas-descobrem-origem-genetica-do-povo-etrusco-que-desapareceu-com-os-romanos\/"]}]},{"@type":"ImageObject","inLanguage":"pt-BR","@id":"https:\/\/jornalfatosenoticias.com.br\/index.php\/2021\/09\/29\/cientistas-descobrem-origem-genetica-do-povo-etrusco-que-desapareceu-com-os-romanos\/#primaryimage","url":"https:\/\/jornalfatosenoticias.com.br\/wp-content\/uploads\/2021\/09\/ETRUSCOS.jpg","contentUrl":"https:\/\/jornalfatosenoticias.com.br\/wp-content\/uploads\/2021\/09\/ETRUSCOS.jpg","width":1000,"height":541},{"@type":"BreadcrumbList","@id":"https:\/\/jornalfatosenoticias.com.br\/index.php\/2021\/09\/29\/cientistas-descobrem-origem-genetica-do-povo-etrusco-que-desapareceu-com-os-romanos\/#breadcrumb","itemListElement":[{"@type":"ListItem","position":1,"name":"In\u00edcio","item":"https:\/\/jornalfatosenoticias.com.br\/"},{"@type":"ListItem","position":2,"name":"Cientistas descobrem origem gen\u00e9tica do povo etrusco, que &#8216;desapareceu&#8217; com os romanos"}]},{"@type":"WebSite","@id":"https:\/\/jornalfatosenoticias.com.br\/#website","url":"https:\/\/jornalfatosenoticias.com.br\/","name":"Jornal Fatos e Not\u00edcias","description":"Not\u00edcias em geral","publisher":{"@id":"https:\/\/jornalfatosenoticias.com.br\/#organization"},"potentialAction":[{"@type":"SearchAction","target":{"@type":"EntryPoint","urlTemplate":"https:\/\/jornalfatosenoticias.com.br\/?s={search_term_string}"},"query-input":{"@type":"PropertyValueSpecification","valueRequired":true,"valueName":"search_term_string"}}],"inLanguage":"pt-BR"},{"@type":"Organization","@id":"https:\/\/jornalfatosenoticias.com.br\/#organization","name":"Jornal Fatos e Not\u00edcias","url":"https:\/\/jornalfatosenoticias.com.br\/","logo":{"@type":"ImageObject","inLanguage":"pt-BR","@id":"https:\/\/jornalfatosenoticias.com.br\/#\/schema\/logo\/image\/","url":"https:\/\/jornalfatosenoticias.com.br\/wp-content\/uploads\/2020\/02\/logo120.png","contentUrl":"https:\/\/jornalfatosenoticias.com.br\/wp-content\/uploads\/2020\/02\/logo120.png","width":1227,"height":120,"caption":"Jornal Fatos e Not\u00edcias"},"image":{"@id":"https:\/\/jornalfatosenoticias.com.br\/#\/schema\/logo\/image\/"}},{"@type":"Person","@id":"https:\/\/jornalfatosenoticias.com.br\/#\/schema\/person\/d63837fa13ac8666eb9e74e0985d6f81","name":"Luzimara Fernandes","image":{"@type":"ImageObject","inLanguage":"pt-BR","@id":"https:\/\/jornalfatosenoticias.com.br\/#\/schema\/person\/image\/","url":"https:\/\/jornalfatosenoticias.com.br\/wp-content\/uploads\/2025\/05\/EU_portal.jpg","contentUrl":"https:\/\/jornalfatosenoticias.com.br\/wp-content\/uploads\/2025\/05\/EU_portal.jpg","caption":"Luzimara Fernandes"},"description":"Jornalista MTB 2358-ES","sameAs":["https:\/\/jornalfatosenoticias.com.br"],"url":"https:\/\/jornalfatosenoticias.com.br\/index.php\/author\/luzimara\/"}]}},"cc_featured_image_caption":{"caption_text":"(Foto: CC BY 2.0\/Flickr.com\/Herman Pijpers) ","source_text":"","source_url":""},"jetpack_featured_media_url":"https:\/\/jornalfatosenoticias.com.br\/wp-content\/uploads\/2021\/09\/ETRUSCOS.jpg","_links":{"self":[{"href":"https:\/\/jornalfatosenoticias.com.br\/index.php\/wp-json\/wp\/v2\/posts\/23365","targetHints":{"allow":["GET"]}}],"collection":[{"href":"https:\/\/jornalfatosenoticias.com.br\/index.php\/wp-json\/wp\/v2\/posts"}],"about":[{"href":"https:\/\/jornalfatosenoticias.com.br\/index.php\/wp-json\/wp\/v2\/types\/post"}],"author":[{"embeddable":true,"href":"https:\/\/jornalfatosenoticias.com.br\/index.php\/wp-json\/wp\/v2\/users\/2"}],"replies":[{"embeddable":true,"href":"https:\/\/jornalfatosenoticias.com.br\/index.php\/wp-json\/wp\/v2\/comments?post=23365"}],"version-history":[{"count":0,"href":"https:\/\/jornalfatosenoticias.com.br\/index.php\/wp-json\/wp\/v2\/posts\/23365\/revisions"}],"wp:featuredmedia":[{"embeddable":true,"href":"https:\/\/jornalfatosenoticias.com.br\/index.php\/wp-json\/wp\/v2\/media\/23366"}],"wp:attachment":[{"href":"https:\/\/jornalfatosenoticias.com.br\/index.php\/wp-json\/wp\/v2\/media?parent=23365"}],"wp:term":[{"taxonomy":"category","embeddable":true,"href":"https:\/\/jornalfatosenoticias.com.br\/index.php\/wp-json\/wp\/v2\/categories?post=23365"},{"taxonomy":"post_tag","embeddable":true,"href":"https:\/\/jornalfatosenoticias.com.br\/index.php\/wp-json\/wp\/v2\/tags?post=23365"}],"curies":[{"name":"wp","href":"https:\/\/api.w.org\/{rel}","templated":true}]}}