{"id":23403,"date":"2021-09-30T17:31:58","date_gmt":"2021-09-30T20:31:58","guid":{"rendered":"https:\/\/jornalfatosenoticias.com.br\/?p=23403"},"modified":"2021-09-30T17:32:03","modified_gmt":"2021-09-30T20:32:03","slug":"injustica-e-ecolalia-jeferson-lucia-regina-para-nao-dizer-que-nao-falei-de-flores-parte-ii","status":"publish","type":"post","link":"https:\/\/jornalfatosenoticias.com.br\/index.php\/2021\/09\/30\/injustica-e-ecolalia-jeferson-lucia-regina-para-nao-dizer-que-nao-falei-de-flores-parte-ii\/","title":{"rendered":"Injusti\u00e7a e Ecolalia: Jeferson, L\u00facia, Regina&#8230; Para n\u00e3o dizer que n\u00e3o falei de flores \u2014 Parte II"},"content":{"rendered":"\n<p><em><span class=\"has-inline-color has-black-color\">N\u00e3o estou me referindo \u00e0 criatividade lingu\u00edstica, \u00e0 arte de fabricar met\u00e1foras, \u00e0s inven\u00e7\u00f5es po\u00e9ticas, que tanto nos ajudam na dureza da vida. Estou tocando nos desvios que baseiam os casos dos Jefersons, das L\u00facias, das Reginas, e tantos outros, v\u00edtimas de invers\u00f5es de prop\u00f3sito<\/span><\/em><\/p>\n\n\n\n<p>Est\u00e1 ocorrendo um fen\u00f4meno que se torna cada vez mais enlouquecedor \u00e0 medida que vai se alastrando e se banalizando. \u00c9 um ataque ao pensamento, aos argumentos e, quando se trata de tema t\u00e9cnico, somos surpreendidos por uma esp\u00e9cie de <em>ecolalia<\/em>, sintoma frequente nos quadros psicopatol\u00f3gicos da ordem do grupo das psicoses. Mas, essa ecolalia do discurso corrente n\u00e3o se refere a ind\u00edcio de psicopatologia. As falas, em especial as que se pretendem \u201cte\u00f3ricas\u201d, est\u00e3o cada vez mais parecidas com uma colcha de retalhos onde a linha do pensamento muda de crit\u00e9rio sem a menor cerim\u00f4nia. Al\u00e9m da mudan\u00e7a de crit\u00e9rio, h\u00e1 mudan\u00e7a de significado, neologismos s\u00e3o criados, por vezes, sem nenhuma preocupa\u00e7\u00e3o com a etimologia. Voc\u00ea brincou na inf\u00e2ncia de \u201cremendar\u201d, como cham\u00e1vamos, o colega? Era uma brincadeira que irritava, mas que exigia muita aten\u00e7\u00e3o para pegar uma palavra mal pronunciada, ou uma pergunta que conseguia quebrar a repeti\u00e7\u00e3o mon\u00f3tona trazendo uma resposta e, assim, inverter o jogo. Quem brincou lembra como era irritante ter o outro a ecoar tudo o que era dito. Como todas as brincadeiras, talvez tenha outros nomes em outros cantos do Brasil. Mas o que est\u00e1 acontecendo n\u00e3o \u00e9 brincadeira.<\/p>\n\n\n\n<figure class=\"wp-block-image size-large is-style-default\"><img loading=\"lazy\" decoding=\"async\" width=\"1000\" height=\"665\" src=\"https:\/\/jornalfatosenoticias.com.br\/wp-content\/uploads\/2021\/09\/DESENHO-DE-CRIANCA_ABUSO-istockphoto.jpg\" alt=\"\" class=\"wp-image-23404\" srcset=\"https:\/\/jornalfatosenoticias.com.br\/wp-content\/uploads\/2021\/09\/DESENHO-DE-CRIANCA_ABUSO-istockphoto.jpg 1000w, https:\/\/jornalfatosenoticias.com.br\/wp-content\/uploads\/2021\/09\/DESENHO-DE-CRIANCA_ABUSO-istockphoto-300x200.jpg 300w, https:\/\/jornalfatosenoticias.com.br\/wp-content\/uploads\/2021\/09\/DESENHO-DE-CRIANCA_ABUSO-istockphoto-768x511.jpg 768w\" sizes=\"auto, (max-width: 1000px) 100vw, 1000px\" \/><figcaption><em><span class=\"has-inline-color has-black-color\">Na forma\u00e7\u00e3o do car\u00e1ter de uma Crian\u00e7a \u00e9 preciso que seja bem n\u00edtida a diferen\u00e7a entre mentira e verdade (Foto: Getty Images\/iStockphoto)<\/span><\/em><\/figcaption><\/figure>\n\n\n\n<p>A Deturpa\u00e7\u00e3o Sem\u00e2ntica ataca o pensamento l\u00f3gico que assola a comunica\u00e7\u00e3o com um arremedo do que \u00e9 o seu eco. Teses nascem sem nenhum compromisso com a l\u00f3gica, apesar de imit\u00e1-la num copiar\/colar que prima pelo car\u00e1ter de pseudo. Mas, reivindica o lugar cient\u00edfico. Um mosaico de cacos tirados da tese de outros campos que estudaram, pesquisaram, seguiram os rigores dos crit\u00e9rios cient\u00edficos. Como se uma maquiagem de pseudoci\u00eancia fosse. No entanto, propagada como se fosse de verdade.<br>Ali\u00e1s, mentira e verdade t\u00eam hoje tamanha proximidade que se tornaram, praticamente, uma equa\u00e7\u00e3o, embalada pela superficialidade vazia, ou pela desonestidade intelectual. Aqui tamb\u00e9m, temos dificuldade em distinguir quem repete teses absurdas por desconhecimento, por ignor\u00e2ncia, de quem repete por m\u00e1-f\u00e9. Outra equa\u00e7\u00e3o de dif\u00edcil discernimento.<br>N\u00e3o estou me referindo \u00e0 criatividade lingu\u00edstica, \u00e0 arte de fabricar met\u00e1foras, \u00e0s inven\u00e7\u00f5es po\u00e9ticas, que tanto nos ajudam na dureza da vida. A arte de fazer pinturas com letras, nos salvam em momentos agoniantes. Estou tocando nos desvios que baseiam os casos dos Jefersons, das L\u00facias, das Reginas, e tantos outros, v\u00edtimas de invers\u00f5es de prop\u00f3sito.<br>Quando falamos em desonestidade, logo associamos \u00e0quela monet\u00e1ria. Mas a desonestidade intelectual \u00e9, igualmente, nociva, principalmente quando se trata da forma\u00e7\u00e3o de Crian\u00e7a. Na forma\u00e7\u00e3o do car\u00e1ter de uma Crian\u00e7a \u00e9 preciso que seja bem n\u00edtida a diferen\u00e7a entre mentira e verdade. O mundo virtual oferece o imediatismo, anulando os processos que trazem as etapas, o tempo. Este foi abolido, e n\u00e3o reduzido. \u00c9 um click que leva a tempos e espa\u00e7os sem que haja intervalo. Esta \u00e9 uma mentira que deve ser corrigida para que a crian\u00e7a aprenda a esperar, a percorrer os diversos processos da vida. No entanto, h\u00e1 um tempo injusto com a crian\u00e7a: o tempo judicial. A inf\u00e2ncia acaba e os processos de fam\u00edlia continuam, n\u00e3o dando cr\u00e9dito \u00e0 voz da crian\u00e7a, escrita como Sujeito de Direito, mas, na realidade, recebendo a alcunha de mentirosa.<\/p>\n\n\n\n<figure class=\"wp-block-image size-large is-style-default\"><img loading=\"lazy\" decoding=\"async\" width=\"1000\" height=\"666\" src=\"https:\/\/jornalfatosenoticias.com.br\/wp-content\/uploads\/2021\/09\/MENINO-E-TERAPEUTA_DESENHO-CASA.jpg\" alt=\"\" class=\"wp-image-23405\" srcset=\"https:\/\/jornalfatosenoticias.com.br\/wp-content\/uploads\/2021\/09\/MENINO-E-TERAPEUTA_DESENHO-CASA.jpg 1000w, https:\/\/jornalfatosenoticias.com.br\/wp-content\/uploads\/2021\/09\/MENINO-E-TERAPEUTA_DESENHO-CASA-300x200.jpg 300w, https:\/\/jornalfatosenoticias.com.br\/wp-content\/uploads\/2021\/09\/MENINO-E-TERAPEUTA_DESENHO-CASA-768x511.jpg 768w\" sizes=\"auto, (max-width: 1000px) 100vw, 1000px\" \/><figcaption><em><span class=\"has-inline-color has-black-color\">Na forma\u00e7\u00e3o do car\u00e1ter de uma Crian\u00e7a \u00e9 preciso que seja bem n\u00edtida a diferen\u00e7a entre mentira e verdade (Foto: Getty Images\/iStockphoto)<\/span><\/em><\/figcaption><\/figure>\n\n\n\n<p>Encontramos mentiras em v\u00e1rios pontos a que submetemos nossas Crian\u00e7as. Afirma\u00e7\u00f5es maldosamente inventadas para encobrir a verdade de crimes contra a Crian\u00e7a, ou Sofismas que induzem ao erro de conclus\u00e3o por conta de operadores de justi\u00e7a pouco ou nada comprometidos com a Crian\u00e7a e com a verdade. Al\u00e9m da mudan\u00e7a de crit\u00e9rio, encontramos mudan\u00e7a de posicionamento t\u00e9cnico que deixa transparecer, talvez, um motivo financeiro mais promissor, apontando para a falta de coer\u00eancia. Mas isso n\u00e3o \u00e9 notado.<br>Assim como tamb\u00e9m n\u00e3o \u00e9 notado que se afirme consequ\u00eancias imposs\u00edveis de ocorrer, porquanto pertencem a outra esfera. Refiro-me aqui \u00e0s consequ\u00eancias da pr\u00e1tica de aliena\u00e7\u00e3o parental da m\u00e3e, por exemplo, que foram usurpadas da lista de comportamentos resultante de estudos cient\u00edficos, que consta da Cartilha \u201cAbuso Sexual \u2014 Mitos e Realidade\u201d, publicada pela Associa\u00e7\u00e3o Brasileira Multiprofissional de Prote\u00e7\u00e3o \u00e0 Inf\u00e2ncia e \u00e0 Adolesc\u00eancia (Abrapia, 2002). Tamb\u00e9m a afirma\u00e7\u00e3o de que a \u201cimplanta\u00e7\u00e3o de falsas mem\u00f3rias\u201d foi provada por pesquisas n\u00e3o corresponde \u00e0 verdade. N\u00e3o h\u00e1 pesquisa sobre falsa mem\u00f3ria sobre a ocorr\u00eancia de abuso sexual na inf\u00e2ncia, pelo \u00f3bvio. N\u00e3o \u00e9 poss\u00edvel infligir um sofrimento, o convencimento de que aconteceu um abuso, s\u00f3 para medir a ocorr\u00eancia. E, por ser um tema espec\u00edfico, n\u00e3o \u00e9 cient\u00edfico fazer uma generaliza\u00e7\u00e3o a partir de um convencimento de um passeio ou um sorvete diferente. Estas tentativas de implantar uma falsa mem\u00f3ria com uma hist\u00f3ria do cotidiano, n\u00e3o ultrapassam os 15% como resultado, demonstrando que a Crian\u00e7a apresenta uma resist\u00eancia ao convencimento de falsa mem\u00f3ria.<br>A corrup\u00e7\u00e3o intelectual est\u00e1 se banalizando. Em um vale tudo desenfreado, assistimos formas silenciosas de viol\u00eancias perpetradas contra a Crian\u00e7a. N\u00e3o \u00e9 correto. Nem poss\u00edvel para o pleno desenvolvimento saud\u00e1vel de nossas Crian\u00e7as. A invas\u00e3o de Ecolalia argumentativa \u00e9 uma ret\u00f3rica vazia, desconectada de sentido. Uma arma contra o pensamento l\u00f3gico construtivo.<\/p>\n","protected":false},"excerpt":{"rendered":"<p>N\u00e3o estou me referindo \u00e0 criatividade lingu\u00edstica, \u00e0 arte de fabricar met\u00e1foras, \u00e0s inven\u00e7\u00f5es po\u00e9ticas, que tanto nos ajudam na dureza da vida. Estou tocando nos desvios que baseiam os casos dos Jefersons, das L\u00facias, das Reginas, e tantos outros, v\u00edtimas de invers\u00f5es de prop\u00f3sito Est\u00e1 ocorrendo um fen\u00f4meno que se torna cada vez mais [&hellip;]<\/p>\n","protected":false},"author":8,"featured_media":23406,"comment_status":"open","ping_status":"open","sticky":false,"template":"","format":"standard","meta":{"footnotes":""},"categories":[2522],"tags":[11361,11362,11360,11359,11358,11363],"class_list":["post-23403","post","type-post","status-publish","format-standard","has-post-thumbnail","hentry","category-comportamento","tag-abuso-sexual-na-infancia","tag-corrupcao-intelectual","tag-crimes-contra-a-crianca","tag-desonestidade-intelectual","tag-ecolalia","tag-falsas-memorias"],"yoast_head":"<!-- This site is optimized with the Yoast SEO plugin v26.5 - https:\/\/yoast.com\/wordpress\/plugins\/seo\/ -->\n<title>Injusti\u00e7a e Ecolalia: Jeferson, L\u00facia, Regina... Para n\u00e3o dizer que n\u00e3o falei de flores \u2014 Parte II - Jornal Fatos e Not\u00edcias<\/title>\n<meta name=\"robots\" content=\"index, follow, max-snippet:-1, max-image-preview:large, max-video-preview:-1\" \/>\n<link rel=\"canonical\" href=\"https:\/\/jornalfatosenoticias.com.br\/index.php\/2021\/09\/30\/injustica-e-ecolalia-jeferson-lucia-regina-para-nao-dizer-que-nao-falei-de-flores-parte-ii\/\" \/>\n<meta property=\"og:locale\" content=\"pt_BR\" \/>\n<meta property=\"og:type\" content=\"article\" \/>\n<meta property=\"og:title\" content=\"Injusti\u00e7a e Ecolalia: Jeferson, L\u00facia, Regina... Para n\u00e3o dizer que n\u00e3o falei de flores \u2014 Parte II - Jornal Fatos e Not\u00edcias\" \/>\n<meta property=\"og:description\" content=\"N\u00e3o estou me referindo \u00e0 criatividade lingu\u00edstica, \u00e0 arte de fabricar met\u00e1foras, \u00e0s inven\u00e7\u00f5es po\u00e9ticas, que tanto nos ajudam na dureza da vida. Estou tocando nos desvios que baseiam os casos dos Jefersons, das L\u00facias, das Reginas, e tantos outros, v\u00edtimas de invers\u00f5es de prop\u00f3sito Est\u00e1 ocorrendo um fen\u00f4meno que se torna cada vez mais [&hellip;]\" \/>\n<meta property=\"og:url\" content=\"https:\/\/jornalfatosenoticias.com.br\/index.php\/2021\/09\/30\/injustica-e-ecolalia-jeferson-lucia-regina-para-nao-dizer-que-nao-falei-de-flores-parte-ii\/\" \/>\n<meta property=\"og:site_name\" content=\"Jornal Fatos e Not\u00edcias\" \/>\n<meta property=\"article:published_time\" content=\"2021-09-30T20:31:58+00:00\" \/>\n<meta property=\"article:modified_time\" content=\"2021-09-30T20:32:03+00:00\" \/>\n<meta property=\"og:image\" content=\"https:\/\/jornalfatosenoticias.com.br\/wp-content\/uploads\/2021\/09\/menina-e-terapeuta.jpg\" \/>\n\t<meta property=\"og:image:width\" content=\"1000\" \/>\n\t<meta property=\"og:image:height\" content=\"562\" \/>\n\t<meta property=\"og:image:type\" content=\"image\/jpeg\" \/>\n<meta name=\"author\" content=\"Ana Maria Iencarelli\" \/>\n<meta name=\"twitter:card\" content=\"summary_large_image\" \/>\n<meta name=\"twitter:label1\" content=\"Escrito por\" \/>\n\t<meta name=\"twitter:data1\" content=\"Ana Maria Iencarelli\" \/>\n\t<meta name=\"twitter:label2\" content=\"Est. tempo de leitura\" \/>\n\t<meta name=\"twitter:data2\" content=\"5 minutos\" \/>\n<script type=\"application\/ld+json\" class=\"yoast-schema-graph\">{\"@context\":\"https:\/\/schema.org\",\"@graph\":[{\"@type\":\"Article\",\"@id\":\"https:\/\/jornalfatosenoticias.com.br\/index.php\/2021\/09\/30\/injustica-e-ecolalia-jeferson-lucia-regina-para-nao-dizer-que-nao-falei-de-flores-parte-ii\/#article\",\"isPartOf\":{\"@id\":\"https:\/\/jornalfatosenoticias.com.br\/index.php\/2021\/09\/30\/injustica-e-ecolalia-jeferson-lucia-regina-para-nao-dizer-que-nao-falei-de-flores-parte-ii\/\"},\"author\":{\"name\":\"Ana Maria Iencarelli\",\"@id\":\"https:\/\/jornalfatosenoticias.com.br\/#\/schema\/person\/c33fcf5fb02d729d3fec92c6737a22d1\"},\"headline\":\"Injusti\u00e7a e Ecolalia: Jeferson, L\u00facia, Regina&#8230; Para n\u00e3o dizer que n\u00e3o falei de flores \u2014 Parte II\",\"datePublished\":\"2021-09-30T20:31:58+00:00\",\"dateModified\":\"2021-09-30T20:32:03+00:00\",\"mainEntityOfPage\":{\"@id\":\"https:\/\/jornalfatosenoticias.com.br\/index.php\/2021\/09\/30\/injustica-e-ecolalia-jeferson-lucia-regina-para-nao-dizer-que-nao-falei-de-flores-parte-ii\/\"},\"wordCount\":1047,\"commentCount\":0,\"publisher\":{\"@id\":\"https:\/\/jornalfatosenoticias.com.br\/#organization\"},\"image\":{\"@id\":\"https:\/\/jornalfatosenoticias.com.br\/index.php\/2021\/09\/30\/injustica-e-ecolalia-jeferson-lucia-regina-para-nao-dizer-que-nao-falei-de-flores-parte-ii\/#primaryimage\"},\"thumbnailUrl\":\"https:\/\/jornalfatosenoticias.com.br\/wp-content\/uploads\/2021\/09\/menina-e-terapeuta.jpg\",\"keywords\":[\"abuso sexual na inf\u00e2ncia\",\"corrup\u00e7\u00e3o intelectual\",\"crimes contra a crian\u00e7a\",\"desonestidade intelectual\",\"ecolalia\",\"falsas mem\u00f3rias\"],\"articleSection\":[\"Comportamento &amp; Equil\u00edbrio\"],\"inLanguage\":\"pt-BR\",\"potentialAction\":[{\"@type\":\"CommentAction\",\"name\":\"Comment\",\"target\":[\"https:\/\/jornalfatosenoticias.com.br\/index.php\/2021\/09\/30\/injustica-e-ecolalia-jeferson-lucia-regina-para-nao-dizer-que-nao-falei-de-flores-parte-ii\/#respond\"]}]},{\"@type\":\"WebPage\",\"@id\":\"https:\/\/jornalfatosenoticias.com.br\/index.php\/2021\/09\/30\/injustica-e-ecolalia-jeferson-lucia-regina-para-nao-dizer-que-nao-falei-de-flores-parte-ii\/\",\"url\":\"https:\/\/jornalfatosenoticias.com.br\/index.php\/2021\/09\/30\/injustica-e-ecolalia-jeferson-lucia-regina-para-nao-dizer-que-nao-falei-de-flores-parte-ii\/\",\"name\":\"Injusti\u00e7a e Ecolalia: Jeferson, L\u00facia, Regina... Para n\u00e3o dizer que n\u00e3o falei de flores \u2014 Parte II - Jornal Fatos e Not\u00edcias\",\"isPartOf\":{\"@id\":\"https:\/\/jornalfatosenoticias.com.br\/#website\"},\"primaryImageOfPage\":{\"@id\":\"https:\/\/jornalfatosenoticias.com.br\/index.php\/2021\/09\/30\/injustica-e-ecolalia-jeferson-lucia-regina-para-nao-dizer-que-nao-falei-de-flores-parte-ii\/#primaryimage\"},\"image\":{\"@id\":\"https:\/\/jornalfatosenoticias.com.br\/index.php\/2021\/09\/30\/injustica-e-ecolalia-jeferson-lucia-regina-para-nao-dizer-que-nao-falei-de-flores-parte-ii\/#primaryimage\"},\"thumbnailUrl\":\"https:\/\/jornalfatosenoticias.com.br\/wp-content\/uploads\/2021\/09\/menina-e-terapeuta.jpg\",\"datePublished\":\"2021-09-30T20:31:58+00:00\",\"dateModified\":\"2021-09-30T20:32:03+00:00\",\"breadcrumb\":{\"@id\":\"https:\/\/jornalfatosenoticias.com.br\/index.php\/2021\/09\/30\/injustica-e-ecolalia-jeferson-lucia-regina-para-nao-dizer-que-nao-falei-de-flores-parte-ii\/#breadcrumb\"},\"inLanguage\":\"pt-BR\",\"potentialAction\":[{\"@type\":\"ReadAction\",\"target\":[\"https:\/\/jornalfatosenoticias.com.br\/index.php\/2021\/09\/30\/injustica-e-ecolalia-jeferson-lucia-regina-para-nao-dizer-que-nao-falei-de-flores-parte-ii\/\"]}]},{\"@type\":\"ImageObject\",\"inLanguage\":\"pt-BR\",\"@id\":\"https:\/\/jornalfatosenoticias.com.br\/index.php\/2021\/09\/30\/injustica-e-ecolalia-jeferson-lucia-regina-para-nao-dizer-que-nao-falei-de-flores-parte-ii\/#primaryimage\",\"url\":\"https:\/\/jornalfatosenoticias.com.br\/wp-content\/uploads\/2021\/09\/menina-e-terapeuta.jpg\",\"contentUrl\":\"https:\/\/jornalfatosenoticias.com.br\/wp-content\/uploads\/2021\/09\/menina-e-terapeuta.jpg\",\"width\":1000,\"height\":562},{\"@type\":\"BreadcrumbList\",\"@id\":\"https:\/\/jornalfatosenoticias.com.br\/index.php\/2021\/09\/30\/injustica-e-ecolalia-jeferson-lucia-regina-para-nao-dizer-que-nao-falei-de-flores-parte-ii\/#breadcrumb\",\"itemListElement\":[{\"@type\":\"ListItem\",\"position\":1,\"name\":\"In\u00edcio\",\"item\":\"https:\/\/jornalfatosenoticias.com.br\/\"},{\"@type\":\"ListItem\",\"position\":2,\"name\":\"Injusti\u00e7a e Ecolalia: Jeferson, L\u00facia, Regina&#8230; Para n\u00e3o dizer que n\u00e3o falei de flores \u2014 Parte II\"}]},{\"@type\":\"WebSite\",\"@id\":\"https:\/\/jornalfatosenoticias.com.br\/#website\",\"url\":\"https:\/\/jornalfatosenoticias.com.br\/\",\"name\":\"Jornal Fatos e Not\u00edcias\",\"description\":\"Not\u00edcias em geral\",\"publisher\":{\"@id\":\"https:\/\/jornalfatosenoticias.com.br\/#organization\"},\"potentialAction\":[{\"@type\":\"SearchAction\",\"target\":{\"@type\":\"EntryPoint\",\"urlTemplate\":\"https:\/\/jornalfatosenoticias.com.br\/?s={search_term_string}\"},\"query-input\":{\"@type\":\"PropertyValueSpecification\",\"valueRequired\":true,\"valueName\":\"search_term_string\"}}],\"inLanguage\":\"pt-BR\"},{\"@type\":\"Organization\",\"@id\":\"https:\/\/jornalfatosenoticias.com.br\/#organization\",\"name\":\"Jornal Fatos e Not\u00edcias\",\"url\":\"https:\/\/jornalfatosenoticias.com.br\/\",\"logo\":{\"@type\":\"ImageObject\",\"inLanguage\":\"pt-BR\",\"@id\":\"https:\/\/jornalfatosenoticias.com.br\/#\/schema\/logo\/image\/\",\"url\":\"https:\/\/jornalfatosenoticias.com.br\/wp-content\/uploads\/2020\/02\/logo120.png\",\"contentUrl\":\"https:\/\/jornalfatosenoticias.com.br\/wp-content\/uploads\/2020\/02\/logo120.png\",\"width\":1227,\"height\":120,\"caption\":\"Jornal Fatos e Not\u00edcias\"},\"image\":{\"@id\":\"https:\/\/jornalfatosenoticias.com.br\/#\/schema\/logo\/image\/\"}},{\"@type\":\"Person\",\"@id\":\"https:\/\/jornalfatosenoticias.com.br\/#\/schema\/person\/c33fcf5fb02d729d3fec92c6737a22d1\",\"name\":\"Ana Maria Iencarelli\",\"image\":{\"@type\":\"ImageObject\",\"inLanguage\":\"pt-BR\",\"@id\":\"https:\/\/jornalfatosenoticias.com.br\/#\/schema\/person\/image\/\",\"url\":\"https:\/\/jornalfatosenoticias.com.br\/wp-content\/uploads\/2020\/02\/Ana-Maria-Iencarelli-1-150x150.jpg\",\"contentUrl\":\"https:\/\/jornalfatosenoticias.com.br\/wp-content\/uploads\/2020\/02\/Ana-Maria-Iencarelli-1-150x150.jpg\",\"caption\":\"Ana Maria Iencarelli\"},\"description\":\"Psicanalista Cl\u00ednica, especializada no atendimento a Crian\u00e7as e Adolescentes. Presidente da ONG Vozes de Anjos.\",\"url\":\"https:\/\/jornalfatosenoticias.com.br\/index.php\/author\/anamaria\/\"}]}<\/script>\n<!-- \/ Yoast SEO plugin. -->","yoast_head_json":{"title":"Injusti\u00e7a e Ecolalia: Jeferson, L\u00facia, Regina... Para n\u00e3o dizer que n\u00e3o falei de flores \u2014 Parte II - Jornal Fatos e Not\u00edcias","robots":{"index":"index","follow":"follow","max-snippet":"max-snippet:-1","max-image-preview":"max-image-preview:large","max-video-preview":"max-video-preview:-1"},"canonical":"https:\/\/jornalfatosenoticias.com.br\/index.php\/2021\/09\/30\/injustica-e-ecolalia-jeferson-lucia-regina-para-nao-dizer-que-nao-falei-de-flores-parte-ii\/","og_locale":"pt_BR","og_type":"article","og_title":"Injusti\u00e7a e Ecolalia: Jeferson, L\u00facia, Regina... Para n\u00e3o dizer que n\u00e3o falei de flores \u2014 Parte II - Jornal Fatos e Not\u00edcias","og_description":"N\u00e3o estou me referindo \u00e0 criatividade lingu\u00edstica, \u00e0 arte de fabricar met\u00e1foras, \u00e0s inven\u00e7\u00f5es po\u00e9ticas, que tanto nos ajudam na dureza da vida. Estou tocando nos desvios que baseiam os casos dos Jefersons, das L\u00facias, das Reginas, e tantos outros, v\u00edtimas de invers\u00f5es de prop\u00f3sito Est\u00e1 ocorrendo um fen\u00f4meno que se torna cada vez mais [&hellip;]","og_url":"https:\/\/jornalfatosenoticias.com.br\/index.php\/2021\/09\/30\/injustica-e-ecolalia-jeferson-lucia-regina-para-nao-dizer-que-nao-falei-de-flores-parte-ii\/","og_site_name":"Jornal Fatos e Not\u00edcias","article_published_time":"2021-09-30T20:31:58+00:00","article_modified_time":"2021-09-30T20:32:03+00:00","og_image":[{"width":1000,"height":562,"url":"https:\/\/jornalfatosenoticias.com.br\/wp-content\/uploads\/2021\/09\/menina-e-terapeuta.jpg","type":"image\/jpeg"}],"author":"Ana Maria Iencarelli","twitter_card":"summary_large_image","twitter_misc":{"Escrito por":"Ana Maria Iencarelli","Est. tempo de leitura":"5 minutos"},"schema":{"@context":"https:\/\/schema.org","@graph":[{"@type":"Article","@id":"https:\/\/jornalfatosenoticias.com.br\/index.php\/2021\/09\/30\/injustica-e-ecolalia-jeferson-lucia-regina-para-nao-dizer-que-nao-falei-de-flores-parte-ii\/#article","isPartOf":{"@id":"https:\/\/jornalfatosenoticias.com.br\/index.php\/2021\/09\/30\/injustica-e-ecolalia-jeferson-lucia-regina-para-nao-dizer-que-nao-falei-de-flores-parte-ii\/"},"author":{"name":"Ana Maria Iencarelli","@id":"https:\/\/jornalfatosenoticias.com.br\/#\/schema\/person\/c33fcf5fb02d729d3fec92c6737a22d1"},"headline":"Injusti\u00e7a e Ecolalia: Jeferson, L\u00facia, Regina&#8230; Para n\u00e3o dizer que n\u00e3o falei de flores \u2014 Parte II","datePublished":"2021-09-30T20:31:58+00:00","dateModified":"2021-09-30T20:32:03+00:00","mainEntityOfPage":{"@id":"https:\/\/jornalfatosenoticias.com.br\/index.php\/2021\/09\/30\/injustica-e-ecolalia-jeferson-lucia-regina-para-nao-dizer-que-nao-falei-de-flores-parte-ii\/"},"wordCount":1047,"commentCount":0,"publisher":{"@id":"https:\/\/jornalfatosenoticias.com.br\/#organization"},"image":{"@id":"https:\/\/jornalfatosenoticias.com.br\/index.php\/2021\/09\/30\/injustica-e-ecolalia-jeferson-lucia-regina-para-nao-dizer-que-nao-falei-de-flores-parte-ii\/#primaryimage"},"thumbnailUrl":"https:\/\/jornalfatosenoticias.com.br\/wp-content\/uploads\/2021\/09\/menina-e-terapeuta.jpg","keywords":["abuso sexual na inf\u00e2ncia","corrup\u00e7\u00e3o intelectual","crimes contra a crian\u00e7a","desonestidade intelectual","ecolalia","falsas mem\u00f3rias"],"articleSection":["Comportamento &amp; Equil\u00edbrio"],"inLanguage":"pt-BR","potentialAction":[{"@type":"CommentAction","name":"Comment","target":["https:\/\/jornalfatosenoticias.com.br\/index.php\/2021\/09\/30\/injustica-e-ecolalia-jeferson-lucia-regina-para-nao-dizer-que-nao-falei-de-flores-parte-ii\/#respond"]}]},{"@type":"WebPage","@id":"https:\/\/jornalfatosenoticias.com.br\/index.php\/2021\/09\/30\/injustica-e-ecolalia-jeferson-lucia-regina-para-nao-dizer-que-nao-falei-de-flores-parte-ii\/","url":"https:\/\/jornalfatosenoticias.com.br\/index.php\/2021\/09\/30\/injustica-e-ecolalia-jeferson-lucia-regina-para-nao-dizer-que-nao-falei-de-flores-parte-ii\/","name":"Injusti\u00e7a e Ecolalia: Jeferson, L\u00facia, Regina... Para n\u00e3o dizer que n\u00e3o falei de flores \u2014 Parte II - Jornal Fatos e Not\u00edcias","isPartOf":{"@id":"https:\/\/jornalfatosenoticias.com.br\/#website"},"primaryImageOfPage":{"@id":"https:\/\/jornalfatosenoticias.com.br\/index.php\/2021\/09\/30\/injustica-e-ecolalia-jeferson-lucia-regina-para-nao-dizer-que-nao-falei-de-flores-parte-ii\/#primaryimage"},"image":{"@id":"https:\/\/jornalfatosenoticias.com.br\/index.php\/2021\/09\/30\/injustica-e-ecolalia-jeferson-lucia-regina-para-nao-dizer-que-nao-falei-de-flores-parte-ii\/#primaryimage"},"thumbnailUrl":"https:\/\/jornalfatosenoticias.com.br\/wp-content\/uploads\/2021\/09\/menina-e-terapeuta.jpg","datePublished":"2021-09-30T20:31:58+00:00","dateModified":"2021-09-30T20:32:03+00:00","breadcrumb":{"@id":"https:\/\/jornalfatosenoticias.com.br\/index.php\/2021\/09\/30\/injustica-e-ecolalia-jeferson-lucia-regina-para-nao-dizer-que-nao-falei-de-flores-parte-ii\/#breadcrumb"},"inLanguage":"pt-BR","potentialAction":[{"@type":"ReadAction","target":["https:\/\/jornalfatosenoticias.com.br\/index.php\/2021\/09\/30\/injustica-e-ecolalia-jeferson-lucia-regina-para-nao-dizer-que-nao-falei-de-flores-parte-ii\/"]}]},{"@type":"ImageObject","inLanguage":"pt-BR","@id":"https:\/\/jornalfatosenoticias.com.br\/index.php\/2021\/09\/30\/injustica-e-ecolalia-jeferson-lucia-regina-para-nao-dizer-que-nao-falei-de-flores-parte-ii\/#primaryimage","url":"https:\/\/jornalfatosenoticias.com.br\/wp-content\/uploads\/2021\/09\/menina-e-terapeuta.jpg","contentUrl":"https:\/\/jornalfatosenoticias.com.br\/wp-content\/uploads\/2021\/09\/menina-e-terapeuta.jpg","width":1000,"height":562},{"@type":"BreadcrumbList","@id":"https:\/\/jornalfatosenoticias.com.br\/index.php\/2021\/09\/30\/injustica-e-ecolalia-jeferson-lucia-regina-para-nao-dizer-que-nao-falei-de-flores-parte-ii\/#breadcrumb","itemListElement":[{"@type":"ListItem","position":1,"name":"In\u00edcio","item":"https:\/\/jornalfatosenoticias.com.br\/"},{"@type":"ListItem","position":2,"name":"Injusti\u00e7a e Ecolalia: Jeferson, L\u00facia, Regina&#8230; Para n\u00e3o dizer que n\u00e3o falei de flores \u2014 Parte II"}]},{"@type":"WebSite","@id":"https:\/\/jornalfatosenoticias.com.br\/#website","url":"https:\/\/jornalfatosenoticias.com.br\/","name":"Jornal Fatos e Not\u00edcias","description":"Not\u00edcias em geral","publisher":{"@id":"https:\/\/jornalfatosenoticias.com.br\/#organization"},"potentialAction":[{"@type":"SearchAction","target":{"@type":"EntryPoint","urlTemplate":"https:\/\/jornalfatosenoticias.com.br\/?s={search_term_string}"},"query-input":{"@type":"PropertyValueSpecification","valueRequired":true,"valueName":"search_term_string"}}],"inLanguage":"pt-BR"},{"@type":"Organization","@id":"https:\/\/jornalfatosenoticias.com.br\/#organization","name":"Jornal Fatos e Not\u00edcias","url":"https:\/\/jornalfatosenoticias.com.br\/","logo":{"@type":"ImageObject","inLanguage":"pt-BR","@id":"https:\/\/jornalfatosenoticias.com.br\/#\/schema\/logo\/image\/","url":"https:\/\/jornalfatosenoticias.com.br\/wp-content\/uploads\/2020\/02\/logo120.png","contentUrl":"https:\/\/jornalfatosenoticias.com.br\/wp-content\/uploads\/2020\/02\/logo120.png","width":1227,"height":120,"caption":"Jornal Fatos e Not\u00edcias"},"image":{"@id":"https:\/\/jornalfatosenoticias.com.br\/#\/schema\/logo\/image\/"}},{"@type":"Person","@id":"https:\/\/jornalfatosenoticias.com.br\/#\/schema\/person\/c33fcf5fb02d729d3fec92c6737a22d1","name":"Ana Maria Iencarelli","image":{"@type":"ImageObject","inLanguage":"pt-BR","@id":"https:\/\/jornalfatosenoticias.com.br\/#\/schema\/person\/image\/","url":"https:\/\/jornalfatosenoticias.com.br\/wp-content\/uploads\/2020\/02\/Ana-Maria-Iencarelli-1-150x150.jpg","contentUrl":"https:\/\/jornalfatosenoticias.com.br\/wp-content\/uploads\/2020\/02\/Ana-Maria-Iencarelli-1-150x150.jpg","caption":"Ana Maria Iencarelli"},"description":"Psicanalista Cl\u00ednica, especializada no atendimento a Crian\u00e7as e Adolescentes. Presidente da ONG Vozes de Anjos.","url":"https:\/\/jornalfatosenoticias.com.br\/index.php\/author\/anamaria\/"}]}},"cc_featured_image_caption":{"caption_text":"(Foto: Getty Images\/iStockphoto) ","source_text":"","source_url":""},"jetpack_featured_media_url":"https:\/\/jornalfatosenoticias.com.br\/wp-content\/uploads\/2021\/09\/menina-e-terapeuta.jpg","_links":{"self":[{"href":"https:\/\/jornalfatosenoticias.com.br\/index.php\/wp-json\/wp\/v2\/posts\/23403","targetHints":{"allow":["GET"]}}],"collection":[{"href":"https:\/\/jornalfatosenoticias.com.br\/index.php\/wp-json\/wp\/v2\/posts"}],"about":[{"href":"https:\/\/jornalfatosenoticias.com.br\/index.php\/wp-json\/wp\/v2\/types\/post"}],"author":[{"embeddable":true,"href":"https:\/\/jornalfatosenoticias.com.br\/index.php\/wp-json\/wp\/v2\/users\/8"}],"replies":[{"embeddable":true,"href":"https:\/\/jornalfatosenoticias.com.br\/index.php\/wp-json\/wp\/v2\/comments?post=23403"}],"version-history":[{"count":0,"href":"https:\/\/jornalfatosenoticias.com.br\/index.php\/wp-json\/wp\/v2\/posts\/23403\/revisions"}],"wp:featuredmedia":[{"embeddable":true,"href":"https:\/\/jornalfatosenoticias.com.br\/index.php\/wp-json\/wp\/v2\/media\/23406"}],"wp:attachment":[{"href":"https:\/\/jornalfatosenoticias.com.br\/index.php\/wp-json\/wp\/v2\/media?parent=23403"}],"wp:term":[{"taxonomy":"category","embeddable":true,"href":"https:\/\/jornalfatosenoticias.com.br\/index.php\/wp-json\/wp\/v2\/categories?post=23403"},{"taxonomy":"post_tag","embeddable":true,"href":"https:\/\/jornalfatosenoticias.com.br\/index.php\/wp-json\/wp\/v2\/tags?post=23403"}],"curies":[{"name":"wp","href":"https:\/\/api.w.org\/{rel}","templated":true}]}}