{"id":23448,"date":"2021-09-30T19:02:07","date_gmt":"2021-09-30T22:02:07","guid":{"rendered":"https:\/\/jornalfatosenoticias.com.br\/?p=23448"},"modified":"2021-09-30T19:02:10","modified_gmt":"2021-09-30T22:02:10","slug":"nossas-memorias-mais-antigas-sao-de-quando-temos-cerca-de-dois-anos-e-meio-de-idade","status":"publish","type":"post","link":"https:\/\/jornalfatosenoticias.com.br\/index.php\/2021\/09\/30\/nossas-memorias-mais-antigas-sao-de-quando-temos-cerca-de-dois-anos-e-meio-de-idade\/","title":{"rendered":"Nossas mem\u00f3rias mais antigas s\u00e3o de quando temos cerca de dois anos e meio de idade"},"content":{"rendered":"\n<p><em><span class=\"has-inline-color has-black-color\">Estudo do Canad\u00e1 revisou centenas de dados e artigos pr\u00e9vios para entender como nossa percep\u00e7\u00e3o sobre as primeiras lembran\u00e7as mudam com o tempo<\/span><\/em><\/p>\n\n\n\n<p>A maioria de n\u00f3s n\u00e3o tem nenhuma mem\u00f3ria dos primeiros tr\u00eas a quatro anos de nossas vidas \u2014 na verdade, tendemos a lembrar muito pouco da vida antes dos sete anos. E quando tentamos pensar em nossas primeiras mem\u00f3rias, muitas vezes n\u00e3o fica claro se s\u00e3o reais ou apenas lembran\u00e7as baseadas em fotos ou hist\u00f3rias contadas a n\u00f3s por outras pessoas. O fen\u00f4meno, conhecido como \u201camn\u00e9sia infantil\u201d, vem intrigando psic\u00f3logos h\u00e1 mais de um s\u00e9culo \u2014 e ainda n\u00e3o o entendemos completamente.<\/p>\n\n\n\n<p><strong><span class=\"has-inline-color has-black-color\">A conversa<br><\/span><\/strong>\u00c0 primeira vista, pode parecer que o motivo pelo qual n\u00e3o nos lembramos de ser beb\u00eas \u00e9 porque beb\u00eas e crian\u00e7as pequenas n\u00e3o t\u00eam uma mem\u00f3ria totalmente desenvolvida. Mas beb\u00eas de apenas seis meses podem formar tanto mem\u00f3rias de curto prazo que duram minutos quanto mem\u00f3rias de longo prazo que duram semanas, se n\u00e3o meses.<br>Em um estudo, crian\u00e7as de seis meses que aprenderam a pressionar uma alavanca para operar um trem de brinquedo se lembraram de como realizar essa a\u00e7\u00e3o por duas a tr\u00eas semanas depois de terem visto o brinquedo pela \u00faltima vez. Por outro lado, os pr\u00e9-escolares podem se lembrar de eventos que datam de anos atr\u00e1s. \u00c9 discut\u00edvel se as mem\u00f3rias de longo prazo nesta idade precoce s\u00e3o verdadeiramente autobiogr\u00e1ficas, isto \u00e9, eventos pessoalmente relevantes que ocorreram em um tempo e lugar espec\u00edficos.<br>\u00c9 claro que as capacidades de mem\u00f3ria nessas idades n\u00e3o s\u00e3o semelhantes \u00e0s dos adultos \u2014 elas continuam a amadurecer at\u00e9 a adolesc\u00eancia. Na verdade, as mudan\u00e7as no desenvolvimento dos processos b\u00e1sicos da mem\u00f3ria foram apresentadas como uma explica\u00e7\u00e3o para a amn\u00e9sia infantil, e \u00e9 uma das melhores teorias que temos at\u00e9 agora. Esses processos b\u00e1sicos envolvem v\u00e1rias regi\u00f5es do c\u00e9rebro e incluem formar, manter e, posteriormente, recuperar a mem\u00f3ria.<br>O hipocampo, considerado respons\u00e1vel pela forma\u00e7\u00e3o das mem\u00f3rias, continua se desenvolvendo, pelo menos, at\u00e9 os sete anos. Sabemos que o limite t\u00edpico para a compensa\u00e7\u00e3o da amn\u00e9sia infantil \u2014 tr\u00eas anos e meio \u2014 muda com a idade. Crian\u00e7as e adolescentes t\u00eam mem\u00f3rias mais antigas do que os adultos. Isso sugere que o problema pode estar menos em formar mem\u00f3rias do que em mant\u00ea-las.<br>Mas essa n\u00e3o parece ser toda a hist\u00f3ria. Outro fator que sabemos que desempenha um papel \u00e9 a linguagem. De um a seis anos, as crian\u00e7as progridem do est\u00e1gio de fala de uma palavra para se tornarem fluentes em sua(s) l\u00edngua(s) nativa(s), ent\u00e3o h\u00e1 mudan\u00e7as importantes em sua habilidade verbal que coincidem com o per\u00edodo de amn\u00e9sia da inf\u00e2ncia. Isso inclui o uso do pret\u00e9rito, palavras relacionadas \u00e0 mem\u00f3ria, como \u201clembrar\u201d e \u201cesquecer\u201d, e pronomes pessoais, sendo o \u201cmeu\u201d um dos favoritos.<br>\u00c9 verdade, at\u00e9 certo ponto, que a capacidade de uma crian\u00e7a de verbalizar sobre um evento no momento em que aconteceu prediz o qu\u00e3o bem ela se lembrar\u00e1 dele meses ou anos depois. Um grupo de laborat\u00f3rio conduziu este trabalho entrevistando crian\u00e7as trazidas aos departamentos de acidentes e emerg\u00eancias por ferimentos comuns na inf\u00e2ncia. Crian\u00e7as com mais de 26 meses, que na \u00e9poca sabiam verbalizar sobre o acontecimento, relembraram at\u00e9 cinco anos depois, enquanto as menores de 26 meses, que n\u00e3o sabiam falar sobre o assunto, pouco ou nada lembravam. Isso sugere que as mem\u00f3rias pr\u00e9-verbais s\u00e3o perdidas se n\u00e3o forem traduzidas para a linguagem.<\/p>\n\n\n\n<figure class=\"wp-block-image size-large is-style-default\"><img loading=\"lazy\" decoding=\"async\" width=\"1000\" height=\"562\" src=\"https:\/\/jornalfatosenoticias.com.br\/wp-content\/uploads\/2021\/09\/NOSSAS-MEMORIAS-MAIS-ANTIGAS2_Getty-Images.jpg\" alt=\"\" class=\"wp-image-23449\" srcset=\"https:\/\/jornalfatosenoticias.com.br\/wp-content\/uploads\/2021\/09\/NOSSAS-MEMORIAS-MAIS-ANTIGAS2_Getty-Images.jpg 1000w, https:\/\/jornalfatosenoticias.com.br\/wp-content\/uploads\/2021\/09\/NOSSAS-MEMORIAS-MAIS-ANTIGAS2_Getty-Images-300x169.jpg 300w, https:\/\/jornalfatosenoticias.com.br\/wp-content\/uploads\/2021\/09\/NOSSAS-MEMORIAS-MAIS-ANTIGAS2_Getty-Images-768x432.jpg 768w\" sizes=\"auto, (max-width: 1000px) 100vw, 1000px\" \/><figcaption><em><span class=\"has-inline-color has-black-color\">Todos n\u00f3s temos momentos inesquec\u00edveis guardados na mem\u00f3ria (Foto: Getty Images)<\/span><\/em><\/figcaption><\/figure>\n\n\n\n<p><strong><span class=\"has-inline-color has-black-color\">Efeitos sociais e culturais<br><\/span><\/strong>No entanto, a maioria das pesquisas sobre o papel da linguagem enfoca uma forma particular de express\u00e3o chamada narrativa e sua fun\u00e7\u00e3o social. Quando os pais relembram eventos passados com crian\u00e7as muito pequenas, eles, implicitamente, lhes ensinam habilidades narrativas \u2014 que tipos de eventos s\u00e3o importantes para lembrar e como estruturar a conversa sobre eles de uma forma que os outros possam entender.<br>Ao contr\u00e1rio de simplesmente recontar informa\u00e7\u00f5es para fins factuais, a reminisc\u00eancia gira em torno da fun\u00e7\u00e3o social de compartilhar experi\u00eancias com outras pessoas. Dessa forma, as hist\u00f3rias de fam\u00edlia mant\u00eam a acessibilidade da mem\u00f3ria ao longo do tempo e tamb\u00e9m aumentam a coer\u00eancia da narrativa, incluindo a cronologia dos acontecimentos, seu tema e seu grau de emo\u00e7\u00e3o.<br>Hist\u00f3rias mais coerentes s\u00e3o lembradas melhor. Os Maori adultos t\u00eam as primeiras mem\u00f3rias da inf\u00e2ncia (dois anos e meio) mais desenvolvidas de qualquer sociedade estudada at\u00e9 agora, gra\u00e7as ao estilo altamente elaborado dos pais Maori de contar hist\u00f3rias de fam\u00edlia. A reminisc\u00eancia tem diferentes fun\u00e7\u00f5es sociais em diferentes culturas, o que contribui para varia\u00e7\u00f5es culturais na quantidade, qualidade e tempo das primeiras mem\u00f3rias autobiogr\u00e1ficas. Adultos em culturas que valorizam a autonomia (Am\u00e9rica do Norte, Europa Ocidental) tendem a relatar mais cedo e mais mem\u00f3rias da inf\u00e2ncia do que adultos em culturas que valorizam o relacionamento (\u00c1sia, \u00c1frica).<br>Isso \u00e9 previsto por diferen\u00e7as culturais no estilo de reminisc\u00eancia dos pais. Em culturas que promovem autoconceitos mais aut\u00f4nomos, a reminisc\u00eancia dos pais concentra-se mais nas experi\u00eancias, prefer\u00eancias e sentimentos individuais das crian\u00e7as, e menos em suas rela\u00e7\u00f5es com outras pessoas, rotinas sociais e padr\u00f5es de comportamento. Por exemplo, uma crian\u00e7a americana pode se lembrar de ter recebido uma estrela dourada na pr\u00e9-escola, enquanto uma crian\u00e7a chinesa pode se lembrar da classe aprendendo uma m\u00fasica espec\u00edfica na pr\u00e9-escola.<br>Embora ainda haja coisas que n\u00e3o entendemos sobre a amn\u00e9sia infantil, os pesquisadores est\u00e3o fazendo progressos. Por exemplo, existem mais estudos longitudinais prospectivos que acompanham indiv\u00edduos desde a inf\u00e2ncia at\u00e9 o futuro. Isso ajuda a fornecer relatos precisos de eventos, o que \u00e9 melhor do que pedir retrospectivamente a adolescentes ou adultos que se lembrem de eventos passados que n\u00e3o foram documentados. Al\u00e9m disso, \u00e0 medida que a neuroci\u00eancia progride, sem d\u00favida haver\u00e1 mais estudos relacionando o desenvolvimento do c\u00e9rebro ao desenvolvimento da mem\u00f3ria. Isso deve nos ajudar a desenvolver outras medidas de mem\u00f3ria al\u00e9m de relatos verbais.<br>Nesse \u00ednterim, \u00e9 importante lembrar que, mesmo que n\u00e3o possamos nos lembrar explicitamente de eventos espec\u00edficos de quando \u00e9ramos muito jovens, seu ac\u00famulo, no entanto, deixa rastros duradouros que influenciam nosso comportamento. Os primeiros anos de vida s\u00e3o paradoxalmente esquec\u00edveis, mas poderosos na forma\u00e7\u00e3o dos adultos que nos tornamos.<\/p>\n\n\n\n<p><strong><em>Fonte: <a href=\"https:\/\/www.cnnbrasil.com.br\/saude\/cientistas-comecam-a-desvendar-porque-nao-lembramos-de-memorias-de-infancia\/\">CNN<\/a><\/em><\/strong><\/p>\n","protected":false},"excerpt":{"rendered":"<p>Estudo do Canad\u00e1 revisou centenas de dados e artigos pr\u00e9vios para entender como nossa percep\u00e7\u00e3o sobre as primeiras lembran\u00e7as mudam com o tempo A maioria de n\u00f3s n\u00e3o tem nenhuma mem\u00f3ria dos primeiros tr\u00eas a quatro anos de nossas vidas \u2014 na verdade, tendemos a lembrar muito pouco da vida antes dos sete anos. E [&hellip;]<\/p>\n","protected":false},"author":2,"featured_media":23450,"comment_status":"open","ping_status":"open","sticky":false,"template":"","format":"standard","meta":{"footnotes":""},"categories":[2522],"tags":[714,11378,11377,11379],"class_list":["post-23448","post","type-post","status-publish","format-standard","has-post-thumbnail","hentry","category-comportamento","tag-estudo","tag-memorias-afetivas","tag-memorias-antigas","tag-nossas-memorias"],"yoast_head":"<!-- This site is optimized with the Yoast SEO plugin v26.5 - https:\/\/yoast.com\/wordpress\/plugins\/seo\/ -->\n<title>Nossas mem\u00f3rias mais antigas s\u00e3o de quando temos cerca de dois anos e meio de idade - Jornal Fatos e Not\u00edcias<\/title>\n<meta name=\"robots\" content=\"index, follow, max-snippet:-1, max-image-preview:large, max-video-preview:-1\" \/>\n<link rel=\"canonical\" href=\"https:\/\/jornalfatosenoticias.com.br\/index.php\/2021\/09\/30\/nossas-memorias-mais-antigas-sao-de-quando-temos-cerca-de-dois-anos-e-meio-de-idade\/\" \/>\n<meta property=\"og:locale\" content=\"pt_BR\" \/>\n<meta property=\"og:type\" content=\"article\" \/>\n<meta property=\"og:title\" content=\"Nossas mem\u00f3rias mais antigas s\u00e3o de quando temos cerca de dois anos e meio de idade - Jornal Fatos e Not\u00edcias\" \/>\n<meta property=\"og:description\" content=\"Estudo do Canad\u00e1 revisou centenas de dados e artigos pr\u00e9vios para entender como nossa percep\u00e7\u00e3o sobre as primeiras lembran\u00e7as mudam com o tempo A maioria de n\u00f3s n\u00e3o tem nenhuma mem\u00f3ria dos primeiros tr\u00eas a quatro anos de nossas vidas \u2014 na verdade, tendemos a lembrar muito pouco da vida antes dos sete anos. E [&hellip;]\" \/>\n<meta property=\"og:url\" content=\"https:\/\/jornalfatosenoticias.com.br\/index.php\/2021\/09\/30\/nossas-memorias-mais-antigas-sao-de-quando-temos-cerca-de-dois-anos-e-meio-de-idade\/\" \/>\n<meta property=\"og:site_name\" content=\"Jornal Fatos e Not\u00edcias\" \/>\n<meta property=\"article:published_time\" content=\"2021-09-30T22:02:07+00:00\" \/>\n<meta property=\"article:modified_time\" content=\"2021-09-30T22:02:10+00:00\" \/>\n<meta property=\"og:image\" content=\"https:\/\/jornalfatosenoticias.com.br\/wp-content\/uploads\/2021\/09\/NOSSAS-MEMORIAS-MAIS-ANTIGAS.jpg\" \/>\n\t<meta property=\"og:image:width\" content=\"1000\" \/>\n\t<meta property=\"og:image:height\" content=\"560\" \/>\n\t<meta property=\"og:image:type\" content=\"image\/jpeg\" \/>\n<meta name=\"author\" content=\"Luzimara Fernandes\" \/>\n<meta name=\"twitter:card\" content=\"summary_large_image\" \/>\n<meta name=\"twitter:label1\" content=\"Escrito por\" \/>\n\t<meta name=\"twitter:data1\" content=\"Luzimara Fernandes\" \/>\n\t<meta name=\"twitter:label2\" content=\"Est. tempo de leitura\" \/>\n\t<meta name=\"twitter:data2\" content=\"6 minutos\" \/>\n<script type=\"application\/ld+json\" class=\"yoast-schema-graph\">{\"@context\":\"https:\/\/schema.org\",\"@graph\":[{\"@type\":\"Article\",\"@id\":\"https:\/\/jornalfatosenoticias.com.br\/index.php\/2021\/09\/30\/nossas-memorias-mais-antigas-sao-de-quando-temos-cerca-de-dois-anos-e-meio-de-idade\/#article\",\"isPartOf\":{\"@id\":\"https:\/\/jornalfatosenoticias.com.br\/index.php\/2021\/09\/30\/nossas-memorias-mais-antigas-sao-de-quando-temos-cerca-de-dois-anos-e-meio-de-idade\/\"},\"author\":{\"name\":\"Luzimara Fernandes\",\"@id\":\"https:\/\/jornalfatosenoticias.com.br\/#\/schema\/person\/d63837fa13ac8666eb9e74e0985d6f81\"},\"headline\":\"Nossas mem\u00f3rias mais antigas s\u00e3o de quando temos cerca de dois anos e meio de idade\",\"datePublished\":\"2021-09-30T22:02:07+00:00\",\"dateModified\":\"2021-09-30T22:02:10+00:00\",\"mainEntityOfPage\":{\"@id\":\"https:\/\/jornalfatosenoticias.com.br\/index.php\/2021\/09\/30\/nossas-memorias-mais-antigas-sao-de-quando-temos-cerca-de-dois-anos-e-meio-de-idade\/\"},\"wordCount\":1182,\"commentCount\":0,\"publisher\":{\"@id\":\"https:\/\/jornalfatosenoticias.com.br\/#organization\"},\"image\":{\"@id\":\"https:\/\/jornalfatosenoticias.com.br\/index.php\/2021\/09\/30\/nossas-memorias-mais-antigas-sao-de-quando-temos-cerca-de-dois-anos-e-meio-de-idade\/#primaryimage\"},\"thumbnailUrl\":\"https:\/\/jornalfatosenoticias.com.br\/wp-content\/uploads\/2021\/09\/NOSSAS-MEMORIAS-MAIS-ANTIGAS.jpg\",\"keywords\":[\"Estudo\",\"mem\u00f3rias afetivas\",\"mem\u00f3rias antigas\",\"nossas mem\u00f3rias\"],\"articleSection\":[\"Comportamento &amp; Equil\u00edbrio\"],\"inLanguage\":\"pt-BR\",\"potentialAction\":[{\"@type\":\"CommentAction\",\"name\":\"Comment\",\"target\":[\"https:\/\/jornalfatosenoticias.com.br\/index.php\/2021\/09\/30\/nossas-memorias-mais-antigas-sao-de-quando-temos-cerca-de-dois-anos-e-meio-de-idade\/#respond\"]}]},{\"@type\":\"WebPage\",\"@id\":\"https:\/\/jornalfatosenoticias.com.br\/index.php\/2021\/09\/30\/nossas-memorias-mais-antigas-sao-de-quando-temos-cerca-de-dois-anos-e-meio-de-idade\/\",\"url\":\"https:\/\/jornalfatosenoticias.com.br\/index.php\/2021\/09\/30\/nossas-memorias-mais-antigas-sao-de-quando-temos-cerca-de-dois-anos-e-meio-de-idade\/\",\"name\":\"Nossas mem\u00f3rias mais antigas s\u00e3o de quando temos cerca de dois anos e meio de idade - Jornal Fatos e Not\u00edcias\",\"isPartOf\":{\"@id\":\"https:\/\/jornalfatosenoticias.com.br\/#website\"},\"primaryImageOfPage\":{\"@id\":\"https:\/\/jornalfatosenoticias.com.br\/index.php\/2021\/09\/30\/nossas-memorias-mais-antigas-sao-de-quando-temos-cerca-de-dois-anos-e-meio-de-idade\/#primaryimage\"},\"image\":{\"@id\":\"https:\/\/jornalfatosenoticias.com.br\/index.php\/2021\/09\/30\/nossas-memorias-mais-antigas-sao-de-quando-temos-cerca-de-dois-anos-e-meio-de-idade\/#primaryimage\"},\"thumbnailUrl\":\"https:\/\/jornalfatosenoticias.com.br\/wp-content\/uploads\/2021\/09\/NOSSAS-MEMORIAS-MAIS-ANTIGAS.jpg\",\"datePublished\":\"2021-09-30T22:02:07+00:00\",\"dateModified\":\"2021-09-30T22:02:10+00:00\",\"breadcrumb\":{\"@id\":\"https:\/\/jornalfatosenoticias.com.br\/index.php\/2021\/09\/30\/nossas-memorias-mais-antigas-sao-de-quando-temos-cerca-de-dois-anos-e-meio-de-idade\/#breadcrumb\"},\"inLanguage\":\"pt-BR\",\"potentialAction\":[{\"@type\":\"ReadAction\",\"target\":[\"https:\/\/jornalfatosenoticias.com.br\/index.php\/2021\/09\/30\/nossas-memorias-mais-antigas-sao-de-quando-temos-cerca-de-dois-anos-e-meio-de-idade\/\"]}]},{\"@type\":\"ImageObject\",\"inLanguage\":\"pt-BR\",\"@id\":\"https:\/\/jornalfatosenoticias.com.br\/index.php\/2021\/09\/30\/nossas-memorias-mais-antigas-sao-de-quando-temos-cerca-de-dois-anos-e-meio-de-idade\/#primaryimage\",\"url\":\"https:\/\/jornalfatosenoticias.com.br\/wp-content\/uploads\/2021\/09\/NOSSAS-MEMORIAS-MAIS-ANTIGAS.jpg\",\"contentUrl\":\"https:\/\/jornalfatosenoticias.com.br\/wp-content\/uploads\/2021\/09\/NOSSAS-MEMORIAS-MAIS-ANTIGAS.jpg\",\"width\":1000,\"height\":560},{\"@type\":\"BreadcrumbList\",\"@id\":\"https:\/\/jornalfatosenoticias.com.br\/index.php\/2021\/09\/30\/nossas-memorias-mais-antigas-sao-de-quando-temos-cerca-de-dois-anos-e-meio-de-idade\/#breadcrumb\",\"itemListElement\":[{\"@type\":\"ListItem\",\"position\":1,\"name\":\"In\u00edcio\",\"item\":\"https:\/\/jornalfatosenoticias.com.br\/\"},{\"@type\":\"ListItem\",\"position\":2,\"name\":\"Nossas mem\u00f3rias mais antigas s\u00e3o de quando temos cerca de dois anos e meio de idade\"}]},{\"@type\":\"WebSite\",\"@id\":\"https:\/\/jornalfatosenoticias.com.br\/#website\",\"url\":\"https:\/\/jornalfatosenoticias.com.br\/\",\"name\":\"Jornal Fatos e Not\u00edcias\",\"description\":\"Not\u00edcias em geral\",\"publisher\":{\"@id\":\"https:\/\/jornalfatosenoticias.com.br\/#organization\"},\"potentialAction\":[{\"@type\":\"SearchAction\",\"target\":{\"@type\":\"EntryPoint\",\"urlTemplate\":\"https:\/\/jornalfatosenoticias.com.br\/?s={search_term_string}\"},\"query-input\":{\"@type\":\"PropertyValueSpecification\",\"valueRequired\":true,\"valueName\":\"search_term_string\"}}],\"inLanguage\":\"pt-BR\"},{\"@type\":\"Organization\",\"@id\":\"https:\/\/jornalfatosenoticias.com.br\/#organization\",\"name\":\"Jornal Fatos e Not\u00edcias\",\"url\":\"https:\/\/jornalfatosenoticias.com.br\/\",\"logo\":{\"@type\":\"ImageObject\",\"inLanguage\":\"pt-BR\",\"@id\":\"https:\/\/jornalfatosenoticias.com.br\/#\/schema\/logo\/image\/\",\"url\":\"https:\/\/jornalfatosenoticias.com.br\/wp-content\/uploads\/2020\/02\/logo120.png\",\"contentUrl\":\"https:\/\/jornalfatosenoticias.com.br\/wp-content\/uploads\/2020\/02\/logo120.png\",\"width\":1227,\"height\":120,\"caption\":\"Jornal Fatos e Not\u00edcias\"},\"image\":{\"@id\":\"https:\/\/jornalfatosenoticias.com.br\/#\/schema\/logo\/image\/\"}},{\"@type\":\"Person\",\"@id\":\"https:\/\/jornalfatosenoticias.com.br\/#\/schema\/person\/d63837fa13ac8666eb9e74e0985d6f81\",\"name\":\"Luzimara Fernandes\",\"image\":{\"@type\":\"ImageObject\",\"inLanguage\":\"pt-BR\",\"@id\":\"https:\/\/jornalfatosenoticias.com.br\/#\/schema\/person\/image\/\",\"url\":\"https:\/\/jornalfatosenoticias.com.br\/wp-content\/uploads\/2025\/05\/EU_portal.jpg\",\"contentUrl\":\"https:\/\/jornalfatosenoticias.com.br\/wp-content\/uploads\/2025\/05\/EU_portal.jpg\",\"caption\":\"Luzimara Fernandes\"},\"description\":\"Jornalista MTB 2358-ES\",\"sameAs\":[\"https:\/\/jornalfatosenoticias.com.br\"],\"url\":\"https:\/\/jornalfatosenoticias.com.br\/index.php\/author\/luzimara\/\"}]}<\/script>\n<!-- \/ Yoast SEO plugin. -->","yoast_head_json":{"title":"Nossas mem\u00f3rias mais antigas s\u00e3o de quando temos cerca de dois anos e meio de idade - Jornal Fatos e Not\u00edcias","robots":{"index":"index","follow":"follow","max-snippet":"max-snippet:-1","max-image-preview":"max-image-preview:large","max-video-preview":"max-video-preview:-1"},"canonical":"https:\/\/jornalfatosenoticias.com.br\/index.php\/2021\/09\/30\/nossas-memorias-mais-antigas-sao-de-quando-temos-cerca-de-dois-anos-e-meio-de-idade\/","og_locale":"pt_BR","og_type":"article","og_title":"Nossas mem\u00f3rias mais antigas s\u00e3o de quando temos cerca de dois anos e meio de idade - Jornal Fatos e Not\u00edcias","og_description":"Estudo do Canad\u00e1 revisou centenas de dados e artigos pr\u00e9vios para entender como nossa percep\u00e7\u00e3o sobre as primeiras lembran\u00e7as mudam com o tempo A maioria de n\u00f3s n\u00e3o tem nenhuma mem\u00f3ria dos primeiros tr\u00eas a quatro anos de nossas vidas \u2014 na verdade, tendemos a lembrar muito pouco da vida antes dos sete anos. E [&hellip;]","og_url":"https:\/\/jornalfatosenoticias.com.br\/index.php\/2021\/09\/30\/nossas-memorias-mais-antigas-sao-de-quando-temos-cerca-de-dois-anos-e-meio-de-idade\/","og_site_name":"Jornal Fatos e Not\u00edcias","article_published_time":"2021-09-30T22:02:07+00:00","article_modified_time":"2021-09-30T22:02:10+00:00","og_image":[{"width":1000,"height":560,"url":"https:\/\/jornalfatosenoticias.com.br\/wp-content\/uploads\/2021\/09\/NOSSAS-MEMORIAS-MAIS-ANTIGAS.jpg","type":"image\/jpeg"}],"author":"Luzimara Fernandes","twitter_card":"summary_large_image","twitter_misc":{"Escrito por":"Luzimara Fernandes","Est. tempo de leitura":"6 minutos"},"schema":{"@context":"https:\/\/schema.org","@graph":[{"@type":"Article","@id":"https:\/\/jornalfatosenoticias.com.br\/index.php\/2021\/09\/30\/nossas-memorias-mais-antigas-sao-de-quando-temos-cerca-de-dois-anos-e-meio-de-idade\/#article","isPartOf":{"@id":"https:\/\/jornalfatosenoticias.com.br\/index.php\/2021\/09\/30\/nossas-memorias-mais-antigas-sao-de-quando-temos-cerca-de-dois-anos-e-meio-de-idade\/"},"author":{"name":"Luzimara Fernandes","@id":"https:\/\/jornalfatosenoticias.com.br\/#\/schema\/person\/d63837fa13ac8666eb9e74e0985d6f81"},"headline":"Nossas mem\u00f3rias mais antigas s\u00e3o de quando temos cerca de dois anos e meio de idade","datePublished":"2021-09-30T22:02:07+00:00","dateModified":"2021-09-30T22:02:10+00:00","mainEntityOfPage":{"@id":"https:\/\/jornalfatosenoticias.com.br\/index.php\/2021\/09\/30\/nossas-memorias-mais-antigas-sao-de-quando-temos-cerca-de-dois-anos-e-meio-de-idade\/"},"wordCount":1182,"commentCount":0,"publisher":{"@id":"https:\/\/jornalfatosenoticias.com.br\/#organization"},"image":{"@id":"https:\/\/jornalfatosenoticias.com.br\/index.php\/2021\/09\/30\/nossas-memorias-mais-antigas-sao-de-quando-temos-cerca-de-dois-anos-e-meio-de-idade\/#primaryimage"},"thumbnailUrl":"https:\/\/jornalfatosenoticias.com.br\/wp-content\/uploads\/2021\/09\/NOSSAS-MEMORIAS-MAIS-ANTIGAS.jpg","keywords":["Estudo","mem\u00f3rias afetivas","mem\u00f3rias antigas","nossas mem\u00f3rias"],"articleSection":["Comportamento &amp; Equil\u00edbrio"],"inLanguage":"pt-BR","potentialAction":[{"@type":"CommentAction","name":"Comment","target":["https:\/\/jornalfatosenoticias.com.br\/index.php\/2021\/09\/30\/nossas-memorias-mais-antigas-sao-de-quando-temos-cerca-de-dois-anos-e-meio-de-idade\/#respond"]}]},{"@type":"WebPage","@id":"https:\/\/jornalfatosenoticias.com.br\/index.php\/2021\/09\/30\/nossas-memorias-mais-antigas-sao-de-quando-temos-cerca-de-dois-anos-e-meio-de-idade\/","url":"https:\/\/jornalfatosenoticias.com.br\/index.php\/2021\/09\/30\/nossas-memorias-mais-antigas-sao-de-quando-temos-cerca-de-dois-anos-e-meio-de-idade\/","name":"Nossas mem\u00f3rias mais antigas s\u00e3o de quando temos cerca de dois anos e meio de idade - Jornal Fatos e Not\u00edcias","isPartOf":{"@id":"https:\/\/jornalfatosenoticias.com.br\/#website"},"primaryImageOfPage":{"@id":"https:\/\/jornalfatosenoticias.com.br\/index.php\/2021\/09\/30\/nossas-memorias-mais-antigas-sao-de-quando-temos-cerca-de-dois-anos-e-meio-de-idade\/#primaryimage"},"image":{"@id":"https:\/\/jornalfatosenoticias.com.br\/index.php\/2021\/09\/30\/nossas-memorias-mais-antigas-sao-de-quando-temos-cerca-de-dois-anos-e-meio-de-idade\/#primaryimage"},"thumbnailUrl":"https:\/\/jornalfatosenoticias.com.br\/wp-content\/uploads\/2021\/09\/NOSSAS-MEMORIAS-MAIS-ANTIGAS.jpg","datePublished":"2021-09-30T22:02:07+00:00","dateModified":"2021-09-30T22:02:10+00:00","breadcrumb":{"@id":"https:\/\/jornalfatosenoticias.com.br\/index.php\/2021\/09\/30\/nossas-memorias-mais-antigas-sao-de-quando-temos-cerca-de-dois-anos-e-meio-de-idade\/#breadcrumb"},"inLanguage":"pt-BR","potentialAction":[{"@type":"ReadAction","target":["https:\/\/jornalfatosenoticias.com.br\/index.php\/2021\/09\/30\/nossas-memorias-mais-antigas-sao-de-quando-temos-cerca-de-dois-anos-e-meio-de-idade\/"]}]},{"@type":"ImageObject","inLanguage":"pt-BR","@id":"https:\/\/jornalfatosenoticias.com.br\/index.php\/2021\/09\/30\/nossas-memorias-mais-antigas-sao-de-quando-temos-cerca-de-dois-anos-e-meio-de-idade\/#primaryimage","url":"https:\/\/jornalfatosenoticias.com.br\/wp-content\/uploads\/2021\/09\/NOSSAS-MEMORIAS-MAIS-ANTIGAS.jpg","contentUrl":"https:\/\/jornalfatosenoticias.com.br\/wp-content\/uploads\/2021\/09\/NOSSAS-MEMORIAS-MAIS-ANTIGAS.jpg","width":1000,"height":560},{"@type":"BreadcrumbList","@id":"https:\/\/jornalfatosenoticias.com.br\/index.php\/2021\/09\/30\/nossas-memorias-mais-antigas-sao-de-quando-temos-cerca-de-dois-anos-e-meio-de-idade\/#breadcrumb","itemListElement":[{"@type":"ListItem","position":1,"name":"In\u00edcio","item":"https:\/\/jornalfatosenoticias.com.br\/"},{"@type":"ListItem","position":2,"name":"Nossas mem\u00f3rias mais antigas s\u00e3o de quando temos cerca de dois anos e meio de idade"}]},{"@type":"WebSite","@id":"https:\/\/jornalfatosenoticias.com.br\/#website","url":"https:\/\/jornalfatosenoticias.com.br\/","name":"Jornal Fatos e Not\u00edcias","description":"Not\u00edcias em geral","publisher":{"@id":"https:\/\/jornalfatosenoticias.com.br\/#organization"},"potentialAction":[{"@type":"SearchAction","target":{"@type":"EntryPoint","urlTemplate":"https:\/\/jornalfatosenoticias.com.br\/?s={search_term_string}"},"query-input":{"@type":"PropertyValueSpecification","valueRequired":true,"valueName":"search_term_string"}}],"inLanguage":"pt-BR"},{"@type":"Organization","@id":"https:\/\/jornalfatosenoticias.com.br\/#organization","name":"Jornal Fatos e Not\u00edcias","url":"https:\/\/jornalfatosenoticias.com.br\/","logo":{"@type":"ImageObject","inLanguage":"pt-BR","@id":"https:\/\/jornalfatosenoticias.com.br\/#\/schema\/logo\/image\/","url":"https:\/\/jornalfatosenoticias.com.br\/wp-content\/uploads\/2020\/02\/logo120.png","contentUrl":"https:\/\/jornalfatosenoticias.com.br\/wp-content\/uploads\/2020\/02\/logo120.png","width":1227,"height":120,"caption":"Jornal Fatos e Not\u00edcias"},"image":{"@id":"https:\/\/jornalfatosenoticias.com.br\/#\/schema\/logo\/image\/"}},{"@type":"Person","@id":"https:\/\/jornalfatosenoticias.com.br\/#\/schema\/person\/d63837fa13ac8666eb9e74e0985d6f81","name":"Luzimara Fernandes","image":{"@type":"ImageObject","inLanguage":"pt-BR","@id":"https:\/\/jornalfatosenoticias.com.br\/#\/schema\/person\/image\/","url":"https:\/\/jornalfatosenoticias.com.br\/wp-content\/uploads\/2025\/05\/EU_portal.jpg","contentUrl":"https:\/\/jornalfatosenoticias.com.br\/wp-content\/uploads\/2025\/05\/EU_portal.jpg","caption":"Luzimara Fernandes"},"description":"Jornalista MTB 2358-ES","sameAs":["https:\/\/jornalfatosenoticias.com.br"],"url":"https:\/\/jornalfatosenoticias.com.br\/index.php\/author\/luzimara\/"}]}},"cc_featured_image_caption":{"caption_text":"(Foto: Getty Images) ","source_text":"","source_url":""},"jetpack_featured_media_url":"https:\/\/jornalfatosenoticias.com.br\/wp-content\/uploads\/2021\/09\/NOSSAS-MEMORIAS-MAIS-ANTIGAS.jpg","_links":{"self":[{"href":"https:\/\/jornalfatosenoticias.com.br\/index.php\/wp-json\/wp\/v2\/posts\/23448","targetHints":{"allow":["GET"]}}],"collection":[{"href":"https:\/\/jornalfatosenoticias.com.br\/index.php\/wp-json\/wp\/v2\/posts"}],"about":[{"href":"https:\/\/jornalfatosenoticias.com.br\/index.php\/wp-json\/wp\/v2\/types\/post"}],"author":[{"embeddable":true,"href":"https:\/\/jornalfatosenoticias.com.br\/index.php\/wp-json\/wp\/v2\/users\/2"}],"replies":[{"embeddable":true,"href":"https:\/\/jornalfatosenoticias.com.br\/index.php\/wp-json\/wp\/v2\/comments?post=23448"}],"version-history":[{"count":0,"href":"https:\/\/jornalfatosenoticias.com.br\/index.php\/wp-json\/wp\/v2\/posts\/23448\/revisions"}],"wp:featuredmedia":[{"embeddable":true,"href":"https:\/\/jornalfatosenoticias.com.br\/index.php\/wp-json\/wp\/v2\/media\/23450"}],"wp:attachment":[{"href":"https:\/\/jornalfatosenoticias.com.br\/index.php\/wp-json\/wp\/v2\/media?parent=23448"}],"wp:term":[{"taxonomy":"category","embeddable":true,"href":"https:\/\/jornalfatosenoticias.com.br\/index.php\/wp-json\/wp\/v2\/categories?post=23448"},{"taxonomy":"post_tag","embeddable":true,"href":"https:\/\/jornalfatosenoticias.com.br\/index.php\/wp-json\/wp\/v2\/tags?post=23448"}],"curies":[{"name":"wp","href":"https:\/\/api.w.org\/{rel}","templated":true}]}}