{"id":23456,"date":"2021-09-30T19:09:52","date_gmt":"2021-09-30T22:09:52","guid":{"rendered":"https:\/\/jornalfatosenoticias.com.br\/?p=23456"},"modified":"2021-09-30T19:09:54","modified_gmt":"2021-09-30T22:09:54","slug":"iniciativa-brasileira-preve-primeiro-plano-nacional-antirracista-do-mundo","status":"publish","type":"post","link":"https:\/\/jornalfatosenoticias.com.br\/index.php\/2021\/09\/30\/iniciativa-brasileira-preve-primeiro-plano-nacional-antirracista-do-mundo\/","title":{"rendered":"Iniciativa brasileira prev\u00ea primeiro plano nacional antirracista do mundo"},"content":{"rendered":"\n<p><em><span class=\"has-inline-color has-black-color\">Proposta formulada por seis organiza\u00e7\u00f5es sociais est\u00e1 entre as dez finalistas do Desafio de Equidade Racial 2030, da Funda\u00e7\u00e3o W.K. Kellogg<\/span><\/em><\/p>\n\n\n\n<p>Noventa milh\u00f5es de d\u00f3lares em solu\u00e7\u00f5es para ajudar a desatar os n\u00f3s de grandes quest\u00f5es sociais no mundo. Este ser\u00e1 o investimento da <a href=\"https:\/\/www.wkkf.org\/\" target=\"_blank\" rel=\"noreferrer noopener\"><strong>Funda\u00e7\u00e3o W.K. Kellogg<\/strong><\/a>, dividido entre cinco projetos vencedores do\u00a0<a href=\"https:\/\/www.racialequity2030.org\/\" target=\"_blank\" rel=\"noreferrer noopener\"><strong>Desafio de Equidade Racial 2030<\/strong><\/a>.<br>O programa internacional, que busca apoiar \u201cideias revolucion\u00e1rias para garantir um futuro de condi\u00e7\u00f5es igualit\u00e1rias a crian\u00e7as, fam\u00edlias e comunidades em todo o planeta\u201d, acaba de divulgar dez finalistas. Entre eles, est\u00e1 a proposta brasileira para implantar o primeiro sistema de educa\u00e7\u00e3o p\u00fablica antirracista do mundo. O projeto \u00e9 idealizado por seis organiza\u00e7\u00f5es: <strong><a href=\"https:\/\/actionaid.org.br\/\" target=\"_blank\" rel=\"noreferrer noopener\">ActionAid<\/a>,\u00a0<a href=\"https:\/\/acaoeducativa.org.br\/\" target=\"_blank\" rel=\"noreferrer noopener\">A\u00e7\u00e3o Educativa<\/a>,\u00a0<a href=\"https:\/\/campanha.org.br\/\" target=\"_blank\" rel=\"noreferrer noopener\">Campanha Nacional pelo Direito \u00e0 Educa\u00e7\u00e3o<\/a>,<a href=\"http:\/\/conaq.org.br\/\" target=\"_blank\" rel=\"noreferrer noopener\">\u00a0CONAQ (Coordena\u00e7\u00e3o Nacional de Articula\u00e7\u00e3o das Comunidades Negras Rurais Quilombolas)<\/a>,\u00a0<a href=\"https:\/\/www.geledes.org.br\/\" target=\"_blank\" rel=\"noreferrer noopener\">Geled\u00e9s Instituto da Mulher Negra<\/a>\u00a0<\/strong>e<strong>\u00a0<a href=\"https:\/\/uneafrobrasil.org\/\" target=\"_blank\" rel=\"noreferrer noopener\">UNEafro Brasil<\/a>.<\/strong><\/p>\n\n\n\n<figure class=\"wp-block-embed-youtube wp-block-embed is-type-video is-provider-youtube wp-embed-aspect-16-9 wp-has-aspect-ratio\"><div class=\"wp-block-embed__wrapper\">\n<iframe loading=\"lazy\" title=\"Desafio de Equidade Racial 2030\" width=\"660\" height=\"371\" src=\"https:\/\/www.youtube.com\/embed\/SmqG9ncxQG0?feature=oembed\" frameborder=\"0\" allow=\"accelerometer; autoplay; clipboard-write; encrypted-media; gyroscope; picture-in-picture; web-share\" referrerpolicy=\"strict-origin-when-cross-origin\" allowfullscreen><\/iframe>\n<\/div><\/figure>\n\n\n\n<p>\u201cEspecialmente neste momento t\u00e3o delicado para a agenda de direitos humanos no Brasil, \u00e9 uma conquista de magnitude imensur\u00e1vel, um reconhecimento hist\u00f3rico da produ\u00e7\u00e3o dos movimentos negros e de educa\u00e7\u00e3o na constru\u00e7\u00e3o das diretrizes de uma educa\u00e7\u00e3o antirracista\u201d, afirma a coordenadora de Educa\u00e7\u00e3o e Pesquisa do Geled\u00e9s Instituto da Mulher Negra, Suelaine Carneiro.<br>A sele\u00e7\u00e3o final, entre as inscri\u00e7\u00f5es de 72 pa\u00edses, levou cinco meses e envolveu quatro eixos: o car\u00e1ter revolucion\u00e1rio, o crit\u00e9rio equitativo, a ousadia e ser realiz\u00e1vel. O plano nacional de educa\u00e7\u00e3o antirracista sugerido pelo grupo brasileiro prev\u00ea a apura\u00e7\u00e3o de dados para a cria\u00e7\u00e3o de pesquisa e estudos, al\u00e9m da mobiliza\u00e7\u00e3o de parlamentares e organiza\u00e7\u00f5es da sociedade civil na luta pela igualdade racial.<\/p>\n\n\n\n<p>Da assist\u00eancia jur\u00eddica para a posse de terras ind\u00edgenas a quest\u00f5es relacionadas \u00e0 migra\u00e7\u00e3o, conhe\u00e7a as iniciativas selecionadas (em ingl\u00eas):<\/p>\n\n\n\n<figure class=\"wp-block-embed-youtube wp-block-embed is-type-video is-provider-youtube wp-embed-aspect-16-9 wp-has-aspect-ratio\"><div class=\"wp-block-embed__wrapper\">\n<iframe loading=\"lazy\" title=\"Meet the 10 Finalists for the $90M Racial Equity 2030 Challenge\" width=\"660\" height=\"371\" src=\"https:\/\/www.youtube.com\/embed\/mYM1hBrM6gQ?start=2&#038;feature=oembed\" frameborder=\"0\" allow=\"accelerometer; autoplay; clipboard-write; encrypted-media; gyroscope; picture-in-picture; web-share\" referrerpolicy=\"strict-origin-when-cross-origin\" allowfullscreen><\/iframe>\n<\/div><\/figure>\n\n\n\n<p>\u201cCada um desses dez finalistas, vision\u00e1rios, representa um profundo compromisso com a comunidade e a lideran\u00e7a locais. Estamos orgulhosos de estabelecer parcerias e revelar suas solu\u00e7\u00f5es ousadas e revolucion\u00e1rias para promover a equidade racial na pr\u00f3xima d\u00e9cada\u201d, afirma a presidente e CEO da Funda\u00e7\u00e3o W.K. Kellogg, La June Montgomery Tabron.<\/p>\n\n\n\n<p><strong><span class=\"has-inline-color has-black-color\">Distribui\u00e7\u00e3o dos pr\u00eamios<br><\/span><\/strong>Cinco projetos ser\u00e3o contemplados. Tr\u00eas premiados receber\u00e3o 20 milh\u00f5es de d\u00f3lares cada e outros dois premiados, 10 milh\u00f5es de d\u00f3lares. Os subs\u00eddios ser\u00e3o pagos a partir de 2022 at\u00e9 2030, data final que coincidir\u00e1 com os 100 anos da Funda\u00e7\u00e3o W.K. Kellogg, uma das maiores organiza\u00e7\u00f5es filantr\u00f3picas dos Estados Unidos.<\/p>\n\n\n\n<p><strong><em>Fonte:<a href=\"https:\/\/porvir.org\/iniciativa-brasileira-preve-primeiro-plano-nacional-antirracista-do-mundo\/\"> Porvir<\/a><\/em><\/strong><\/p>\n","protected":false},"excerpt":{"rendered":"<p>Proposta formulada por seis organiza\u00e7\u00f5es sociais est\u00e1 entre as dez finalistas do Desafio de Equidade Racial 2030, da Funda\u00e7\u00e3o W.K. Kellogg Noventa milh\u00f5es de d\u00f3lares em solu\u00e7\u00f5es para ajudar a desatar os n\u00f3s de grandes quest\u00f5es sociais no mundo. Este ser\u00e1 o investimento da Funda\u00e7\u00e3o W.K. Kellogg, dividido entre cinco projetos vencedores do\u00a0Desafio de Equidade [&hellip;]<\/p>\n","protected":false},"author":2,"featured_media":23457,"comment_status":"open","ping_status":"open","sticky":false,"template":"","format":"standard","meta":{"footnotes":""},"categories":[7],"tags":[9084,11382,2203,9651,1147],"class_list":["post-23456","post","type-post","status-publish","format-standard","has-post-thumbnail","hentry","category-educacao","tag-antirracismo","tag-educacao-antirracista","tag-ensino-fundamental","tag-ensino-medio","tag-racismo"],"yoast_head":"<!-- This site is optimized with the Yoast SEO plugin v26.5 - https:\/\/yoast.com\/wordpress\/plugins\/seo\/ -->\n<title>Iniciativa brasileira prev\u00ea primeiro plano nacional antirracista do mundo - Jornal Fatos e Not\u00edcias<\/title>\n<meta name=\"robots\" content=\"index, follow, max-snippet:-1, max-image-preview:large, max-video-preview:-1\" \/>\n<link rel=\"canonical\" href=\"https:\/\/jornalfatosenoticias.com.br\/index.php\/2021\/09\/30\/iniciativa-brasileira-preve-primeiro-plano-nacional-antirracista-do-mundo\/\" \/>\n<meta property=\"og:locale\" content=\"pt_BR\" \/>\n<meta property=\"og:type\" content=\"article\" \/>\n<meta property=\"og:title\" content=\"Iniciativa brasileira prev\u00ea primeiro plano nacional antirracista do mundo - Jornal Fatos e Not\u00edcias\" \/>\n<meta property=\"og:description\" content=\"Proposta formulada por seis organiza\u00e7\u00f5es sociais est\u00e1 entre as dez finalistas do Desafio de Equidade Racial 2030, da Funda\u00e7\u00e3o W.K. Kellogg Noventa milh\u00f5es de d\u00f3lares em solu\u00e7\u00f5es para ajudar a desatar os n\u00f3s de grandes quest\u00f5es sociais no mundo. Este ser\u00e1 o investimento da Funda\u00e7\u00e3o W.K. Kellogg, dividido entre cinco projetos vencedores do\u00a0Desafio de Equidade [&hellip;]\" \/>\n<meta property=\"og:url\" content=\"https:\/\/jornalfatosenoticias.com.br\/index.php\/2021\/09\/30\/iniciativa-brasileira-preve-primeiro-plano-nacional-antirracista-do-mundo\/\" \/>\n<meta property=\"og:site_name\" content=\"Jornal Fatos e Not\u00edcias\" \/>\n<meta property=\"article:published_time\" content=\"2021-09-30T22:09:52+00:00\" \/>\n<meta property=\"article:modified_time\" content=\"2021-09-30T22:09:54+00:00\" \/>\n<meta property=\"og:image\" content=\"https:\/\/jornalfatosenoticias.com.br\/wp-content\/uploads\/2021\/09\/plano-nacional-antirracista_freepik.jpg\" \/>\n\t<meta property=\"og:image:width\" content=\"1000\" \/>\n\t<meta property=\"og:image:height\" content=\"688\" \/>\n\t<meta property=\"og:image:type\" content=\"image\/jpeg\" \/>\n<meta name=\"author\" content=\"Luzimara Fernandes\" \/>\n<meta name=\"twitter:card\" content=\"summary_large_image\" \/>\n<meta name=\"twitter:label1\" content=\"Escrito por\" \/>\n\t<meta name=\"twitter:data1\" content=\"Luzimara Fernandes\" \/>\n\t<meta name=\"twitter:label2\" content=\"Est. tempo de leitura\" \/>\n\t<meta name=\"twitter:data2\" content=\"2 minutos\" \/>\n<script type=\"application\/ld+json\" class=\"yoast-schema-graph\">{\"@context\":\"https:\/\/schema.org\",\"@graph\":[{\"@type\":\"Article\",\"@id\":\"https:\/\/jornalfatosenoticias.com.br\/index.php\/2021\/09\/30\/iniciativa-brasileira-preve-primeiro-plano-nacional-antirracista-do-mundo\/#article\",\"isPartOf\":{\"@id\":\"https:\/\/jornalfatosenoticias.com.br\/index.php\/2021\/09\/30\/iniciativa-brasileira-preve-primeiro-plano-nacional-antirracista-do-mundo\/\"},\"author\":{\"name\":\"Luzimara Fernandes\",\"@id\":\"https:\/\/jornalfatosenoticias.com.br\/#\/schema\/person\/d63837fa13ac8666eb9e74e0985d6f81\"},\"headline\":\"Iniciativa brasileira prev\u00ea primeiro plano nacional antirracista do mundo\",\"datePublished\":\"2021-09-30T22:09:52+00:00\",\"dateModified\":\"2021-09-30T22:09:54+00:00\",\"mainEntityOfPage\":{\"@id\":\"https:\/\/jornalfatosenoticias.com.br\/index.php\/2021\/09\/30\/iniciativa-brasileira-preve-primeiro-plano-nacional-antirracista-do-mundo\/\"},\"wordCount\":480,\"commentCount\":0,\"publisher\":{\"@id\":\"https:\/\/jornalfatosenoticias.com.br\/#organization\"},\"image\":{\"@id\":\"https:\/\/jornalfatosenoticias.com.br\/index.php\/2021\/09\/30\/iniciativa-brasileira-preve-primeiro-plano-nacional-antirracista-do-mundo\/#primaryimage\"},\"thumbnailUrl\":\"https:\/\/jornalfatosenoticias.com.br\/wp-content\/uploads\/2021\/09\/plano-nacional-antirracista_freepik.jpg\",\"keywords\":[\"antirracismo\",\"educa\u00e7\u00e3o antirracista\",\"ensino fundamental\",\"ensino m\u00e9dio\",\"racismo\"],\"articleSection\":[\"Educa\u00e7\u00e3o\"],\"inLanguage\":\"pt-BR\",\"potentialAction\":[{\"@type\":\"CommentAction\",\"name\":\"Comment\",\"target\":[\"https:\/\/jornalfatosenoticias.com.br\/index.php\/2021\/09\/30\/iniciativa-brasileira-preve-primeiro-plano-nacional-antirracista-do-mundo\/#respond\"]}]},{\"@type\":\"WebPage\",\"@id\":\"https:\/\/jornalfatosenoticias.com.br\/index.php\/2021\/09\/30\/iniciativa-brasileira-preve-primeiro-plano-nacional-antirracista-do-mundo\/\",\"url\":\"https:\/\/jornalfatosenoticias.com.br\/index.php\/2021\/09\/30\/iniciativa-brasileira-preve-primeiro-plano-nacional-antirracista-do-mundo\/\",\"name\":\"Iniciativa brasileira prev\u00ea primeiro plano nacional antirracista do mundo - Jornal Fatos e Not\u00edcias\",\"isPartOf\":{\"@id\":\"https:\/\/jornalfatosenoticias.com.br\/#website\"},\"primaryImageOfPage\":{\"@id\":\"https:\/\/jornalfatosenoticias.com.br\/index.php\/2021\/09\/30\/iniciativa-brasileira-preve-primeiro-plano-nacional-antirracista-do-mundo\/#primaryimage\"},\"image\":{\"@id\":\"https:\/\/jornalfatosenoticias.com.br\/index.php\/2021\/09\/30\/iniciativa-brasileira-preve-primeiro-plano-nacional-antirracista-do-mundo\/#primaryimage\"},\"thumbnailUrl\":\"https:\/\/jornalfatosenoticias.com.br\/wp-content\/uploads\/2021\/09\/plano-nacional-antirracista_freepik.jpg\",\"datePublished\":\"2021-09-30T22:09:52+00:00\",\"dateModified\":\"2021-09-30T22:09:54+00:00\",\"breadcrumb\":{\"@id\":\"https:\/\/jornalfatosenoticias.com.br\/index.php\/2021\/09\/30\/iniciativa-brasileira-preve-primeiro-plano-nacional-antirracista-do-mundo\/#breadcrumb\"},\"inLanguage\":\"pt-BR\",\"potentialAction\":[{\"@type\":\"ReadAction\",\"target\":[\"https:\/\/jornalfatosenoticias.com.br\/index.php\/2021\/09\/30\/iniciativa-brasileira-preve-primeiro-plano-nacional-antirracista-do-mundo\/\"]}]},{\"@type\":\"ImageObject\",\"inLanguage\":\"pt-BR\",\"@id\":\"https:\/\/jornalfatosenoticias.com.br\/index.php\/2021\/09\/30\/iniciativa-brasileira-preve-primeiro-plano-nacional-antirracista-do-mundo\/#primaryimage\",\"url\":\"https:\/\/jornalfatosenoticias.com.br\/wp-content\/uploads\/2021\/09\/plano-nacional-antirracista_freepik.jpg\",\"contentUrl\":\"https:\/\/jornalfatosenoticias.com.br\/wp-content\/uploads\/2021\/09\/plano-nacional-antirracista_freepik.jpg\",\"width\":1000,\"height\":688},{\"@type\":\"BreadcrumbList\",\"@id\":\"https:\/\/jornalfatosenoticias.com.br\/index.php\/2021\/09\/30\/iniciativa-brasileira-preve-primeiro-plano-nacional-antirracista-do-mundo\/#breadcrumb\",\"itemListElement\":[{\"@type\":\"ListItem\",\"position\":1,\"name\":\"In\u00edcio\",\"item\":\"https:\/\/jornalfatosenoticias.com.br\/\"},{\"@type\":\"ListItem\",\"position\":2,\"name\":\"Iniciativa brasileira prev\u00ea primeiro plano nacional antirracista do mundo\"}]},{\"@type\":\"WebSite\",\"@id\":\"https:\/\/jornalfatosenoticias.com.br\/#website\",\"url\":\"https:\/\/jornalfatosenoticias.com.br\/\",\"name\":\"Jornal Fatos e Not\u00edcias\",\"description\":\"Not\u00edcias em geral\",\"publisher\":{\"@id\":\"https:\/\/jornalfatosenoticias.com.br\/#organization\"},\"potentialAction\":[{\"@type\":\"SearchAction\",\"target\":{\"@type\":\"EntryPoint\",\"urlTemplate\":\"https:\/\/jornalfatosenoticias.com.br\/?s={search_term_string}\"},\"query-input\":{\"@type\":\"PropertyValueSpecification\",\"valueRequired\":true,\"valueName\":\"search_term_string\"}}],\"inLanguage\":\"pt-BR\"},{\"@type\":\"Organization\",\"@id\":\"https:\/\/jornalfatosenoticias.com.br\/#organization\",\"name\":\"Jornal Fatos e Not\u00edcias\",\"url\":\"https:\/\/jornalfatosenoticias.com.br\/\",\"logo\":{\"@type\":\"ImageObject\",\"inLanguage\":\"pt-BR\",\"@id\":\"https:\/\/jornalfatosenoticias.com.br\/#\/schema\/logo\/image\/\",\"url\":\"https:\/\/jornalfatosenoticias.com.br\/wp-content\/uploads\/2020\/02\/logo120.png\",\"contentUrl\":\"https:\/\/jornalfatosenoticias.com.br\/wp-content\/uploads\/2020\/02\/logo120.png\",\"width\":1227,\"height\":120,\"caption\":\"Jornal Fatos e Not\u00edcias\"},\"image\":{\"@id\":\"https:\/\/jornalfatosenoticias.com.br\/#\/schema\/logo\/image\/\"}},{\"@type\":\"Person\",\"@id\":\"https:\/\/jornalfatosenoticias.com.br\/#\/schema\/person\/d63837fa13ac8666eb9e74e0985d6f81\",\"name\":\"Luzimara Fernandes\",\"image\":{\"@type\":\"ImageObject\",\"inLanguage\":\"pt-BR\",\"@id\":\"https:\/\/jornalfatosenoticias.com.br\/#\/schema\/person\/image\/\",\"url\":\"https:\/\/jornalfatosenoticias.com.br\/wp-content\/uploads\/2025\/05\/EU_portal.jpg\",\"contentUrl\":\"https:\/\/jornalfatosenoticias.com.br\/wp-content\/uploads\/2025\/05\/EU_portal.jpg\",\"caption\":\"Luzimara Fernandes\"},\"description\":\"Jornalista MTB 2358-ES\",\"sameAs\":[\"https:\/\/jornalfatosenoticias.com.br\"],\"url\":\"https:\/\/jornalfatosenoticias.com.br\/index.php\/author\/luzimara\/\"}]}<\/script>\n<!-- \/ Yoast SEO plugin. -->","yoast_head_json":{"title":"Iniciativa brasileira prev\u00ea primeiro plano nacional antirracista do mundo - Jornal Fatos e Not\u00edcias","robots":{"index":"index","follow":"follow","max-snippet":"max-snippet:-1","max-image-preview":"max-image-preview:large","max-video-preview":"max-video-preview:-1"},"canonical":"https:\/\/jornalfatosenoticias.com.br\/index.php\/2021\/09\/30\/iniciativa-brasileira-preve-primeiro-plano-nacional-antirracista-do-mundo\/","og_locale":"pt_BR","og_type":"article","og_title":"Iniciativa brasileira prev\u00ea primeiro plano nacional antirracista do mundo - Jornal Fatos e Not\u00edcias","og_description":"Proposta formulada por seis organiza\u00e7\u00f5es sociais est\u00e1 entre as dez finalistas do Desafio de Equidade Racial 2030, da Funda\u00e7\u00e3o W.K. Kellogg Noventa milh\u00f5es de d\u00f3lares em solu\u00e7\u00f5es para ajudar a desatar os n\u00f3s de grandes quest\u00f5es sociais no mundo. Este ser\u00e1 o investimento da Funda\u00e7\u00e3o W.K. Kellogg, dividido entre cinco projetos vencedores do\u00a0Desafio de Equidade [&hellip;]","og_url":"https:\/\/jornalfatosenoticias.com.br\/index.php\/2021\/09\/30\/iniciativa-brasileira-preve-primeiro-plano-nacional-antirracista-do-mundo\/","og_site_name":"Jornal Fatos e Not\u00edcias","article_published_time":"2021-09-30T22:09:52+00:00","article_modified_time":"2021-09-30T22:09:54+00:00","og_image":[{"width":1000,"height":688,"url":"https:\/\/jornalfatosenoticias.com.br\/wp-content\/uploads\/2021\/09\/plano-nacional-antirracista_freepik.jpg","type":"image\/jpeg"}],"author":"Luzimara Fernandes","twitter_card":"summary_large_image","twitter_misc":{"Escrito por":"Luzimara Fernandes","Est. tempo de leitura":"2 minutos"},"schema":{"@context":"https:\/\/schema.org","@graph":[{"@type":"Article","@id":"https:\/\/jornalfatosenoticias.com.br\/index.php\/2021\/09\/30\/iniciativa-brasileira-preve-primeiro-plano-nacional-antirracista-do-mundo\/#article","isPartOf":{"@id":"https:\/\/jornalfatosenoticias.com.br\/index.php\/2021\/09\/30\/iniciativa-brasileira-preve-primeiro-plano-nacional-antirracista-do-mundo\/"},"author":{"name":"Luzimara Fernandes","@id":"https:\/\/jornalfatosenoticias.com.br\/#\/schema\/person\/d63837fa13ac8666eb9e74e0985d6f81"},"headline":"Iniciativa brasileira prev\u00ea primeiro plano nacional antirracista do mundo","datePublished":"2021-09-30T22:09:52+00:00","dateModified":"2021-09-30T22:09:54+00:00","mainEntityOfPage":{"@id":"https:\/\/jornalfatosenoticias.com.br\/index.php\/2021\/09\/30\/iniciativa-brasileira-preve-primeiro-plano-nacional-antirracista-do-mundo\/"},"wordCount":480,"commentCount":0,"publisher":{"@id":"https:\/\/jornalfatosenoticias.com.br\/#organization"},"image":{"@id":"https:\/\/jornalfatosenoticias.com.br\/index.php\/2021\/09\/30\/iniciativa-brasileira-preve-primeiro-plano-nacional-antirracista-do-mundo\/#primaryimage"},"thumbnailUrl":"https:\/\/jornalfatosenoticias.com.br\/wp-content\/uploads\/2021\/09\/plano-nacional-antirracista_freepik.jpg","keywords":["antirracismo","educa\u00e7\u00e3o antirracista","ensino fundamental","ensino m\u00e9dio","racismo"],"articleSection":["Educa\u00e7\u00e3o"],"inLanguage":"pt-BR","potentialAction":[{"@type":"CommentAction","name":"Comment","target":["https:\/\/jornalfatosenoticias.com.br\/index.php\/2021\/09\/30\/iniciativa-brasileira-preve-primeiro-plano-nacional-antirracista-do-mundo\/#respond"]}]},{"@type":"WebPage","@id":"https:\/\/jornalfatosenoticias.com.br\/index.php\/2021\/09\/30\/iniciativa-brasileira-preve-primeiro-plano-nacional-antirracista-do-mundo\/","url":"https:\/\/jornalfatosenoticias.com.br\/index.php\/2021\/09\/30\/iniciativa-brasileira-preve-primeiro-plano-nacional-antirracista-do-mundo\/","name":"Iniciativa brasileira prev\u00ea primeiro plano nacional antirracista do mundo - Jornal Fatos e Not\u00edcias","isPartOf":{"@id":"https:\/\/jornalfatosenoticias.com.br\/#website"},"primaryImageOfPage":{"@id":"https:\/\/jornalfatosenoticias.com.br\/index.php\/2021\/09\/30\/iniciativa-brasileira-preve-primeiro-plano-nacional-antirracista-do-mundo\/#primaryimage"},"image":{"@id":"https:\/\/jornalfatosenoticias.com.br\/index.php\/2021\/09\/30\/iniciativa-brasileira-preve-primeiro-plano-nacional-antirracista-do-mundo\/#primaryimage"},"thumbnailUrl":"https:\/\/jornalfatosenoticias.com.br\/wp-content\/uploads\/2021\/09\/plano-nacional-antirracista_freepik.jpg","datePublished":"2021-09-30T22:09:52+00:00","dateModified":"2021-09-30T22:09:54+00:00","breadcrumb":{"@id":"https:\/\/jornalfatosenoticias.com.br\/index.php\/2021\/09\/30\/iniciativa-brasileira-preve-primeiro-plano-nacional-antirracista-do-mundo\/#breadcrumb"},"inLanguage":"pt-BR","potentialAction":[{"@type":"ReadAction","target":["https:\/\/jornalfatosenoticias.com.br\/index.php\/2021\/09\/30\/iniciativa-brasileira-preve-primeiro-plano-nacional-antirracista-do-mundo\/"]}]},{"@type":"ImageObject","inLanguage":"pt-BR","@id":"https:\/\/jornalfatosenoticias.com.br\/index.php\/2021\/09\/30\/iniciativa-brasileira-preve-primeiro-plano-nacional-antirracista-do-mundo\/#primaryimage","url":"https:\/\/jornalfatosenoticias.com.br\/wp-content\/uploads\/2021\/09\/plano-nacional-antirracista_freepik.jpg","contentUrl":"https:\/\/jornalfatosenoticias.com.br\/wp-content\/uploads\/2021\/09\/plano-nacional-antirracista_freepik.jpg","width":1000,"height":688},{"@type":"BreadcrumbList","@id":"https:\/\/jornalfatosenoticias.com.br\/index.php\/2021\/09\/30\/iniciativa-brasileira-preve-primeiro-plano-nacional-antirracista-do-mundo\/#breadcrumb","itemListElement":[{"@type":"ListItem","position":1,"name":"In\u00edcio","item":"https:\/\/jornalfatosenoticias.com.br\/"},{"@type":"ListItem","position":2,"name":"Iniciativa brasileira prev\u00ea primeiro plano nacional antirracista do mundo"}]},{"@type":"WebSite","@id":"https:\/\/jornalfatosenoticias.com.br\/#website","url":"https:\/\/jornalfatosenoticias.com.br\/","name":"Jornal Fatos e Not\u00edcias","description":"Not\u00edcias em geral","publisher":{"@id":"https:\/\/jornalfatosenoticias.com.br\/#organization"},"potentialAction":[{"@type":"SearchAction","target":{"@type":"EntryPoint","urlTemplate":"https:\/\/jornalfatosenoticias.com.br\/?s={search_term_string}"},"query-input":{"@type":"PropertyValueSpecification","valueRequired":true,"valueName":"search_term_string"}}],"inLanguage":"pt-BR"},{"@type":"Organization","@id":"https:\/\/jornalfatosenoticias.com.br\/#organization","name":"Jornal Fatos e Not\u00edcias","url":"https:\/\/jornalfatosenoticias.com.br\/","logo":{"@type":"ImageObject","inLanguage":"pt-BR","@id":"https:\/\/jornalfatosenoticias.com.br\/#\/schema\/logo\/image\/","url":"https:\/\/jornalfatosenoticias.com.br\/wp-content\/uploads\/2020\/02\/logo120.png","contentUrl":"https:\/\/jornalfatosenoticias.com.br\/wp-content\/uploads\/2020\/02\/logo120.png","width":1227,"height":120,"caption":"Jornal Fatos e Not\u00edcias"},"image":{"@id":"https:\/\/jornalfatosenoticias.com.br\/#\/schema\/logo\/image\/"}},{"@type":"Person","@id":"https:\/\/jornalfatosenoticias.com.br\/#\/schema\/person\/d63837fa13ac8666eb9e74e0985d6f81","name":"Luzimara Fernandes","image":{"@type":"ImageObject","inLanguage":"pt-BR","@id":"https:\/\/jornalfatosenoticias.com.br\/#\/schema\/person\/image\/","url":"https:\/\/jornalfatosenoticias.com.br\/wp-content\/uploads\/2025\/05\/EU_portal.jpg","contentUrl":"https:\/\/jornalfatosenoticias.com.br\/wp-content\/uploads\/2025\/05\/EU_portal.jpg","caption":"Luzimara Fernandes"},"description":"Jornalista MTB 2358-ES","sameAs":["https:\/\/jornalfatosenoticias.com.br"],"url":"https:\/\/jornalfatosenoticias.com.br\/index.php\/author\/luzimara\/"}]}},"cc_featured_image_caption":{"caption_text":"(Foto: Freepik) ","source_text":"","source_url":""},"jetpack_featured_media_url":"https:\/\/jornalfatosenoticias.com.br\/wp-content\/uploads\/2021\/09\/plano-nacional-antirracista_freepik.jpg","_links":{"self":[{"href":"https:\/\/jornalfatosenoticias.com.br\/index.php\/wp-json\/wp\/v2\/posts\/23456","targetHints":{"allow":["GET"]}}],"collection":[{"href":"https:\/\/jornalfatosenoticias.com.br\/index.php\/wp-json\/wp\/v2\/posts"}],"about":[{"href":"https:\/\/jornalfatosenoticias.com.br\/index.php\/wp-json\/wp\/v2\/types\/post"}],"author":[{"embeddable":true,"href":"https:\/\/jornalfatosenoticias.com.br\/index.php\/wp-json\/wp\/v2\/users\/2"}],"replies":[{"embeddable":true,"href":"https:\/\/jornalfatosenoticias.com.br\/index.php\/wp-json\/wp\/v2\/comments?post=23456"}],"version-history":[{"count":0,"href":"https:\/\/jornalfatosenoticias.com.br\/index.php\/wp-json\/wp\/v2\/posts\/23456\/revisions"}],"wp:featuredmedia":[{"embeddable":true,"href":"https:\/\/jornalfatosenoticias.com.br\/index.php\/wp-json\/wp\/v2\/media\/23457"}],"wp:attachment":[{"href":"https:\/\/jornalfatosenoticias.com.br\/index.php\/wp-json\/wp\/v2\/media?parent=23456"}],"wp:term":[{"taxonomy":"category","embeddable":true,"href":"https:\/\/jornalfatosenoticias.com.br\/index.php\/wp-json\/wp\/v2\/categories?post=23456"},{"taxonomy":"post_tag","embeddable":true,"href":"https:\/\/jornalfatosenoticias.com.br\/index.php\/wp-json\/wp\/v2\/tags?post=23456"}],"curies":[{"name":"wp","href":"https:\/\/api.w.org\/{rel}","templated":true}]}}