{"id":23464,"date":"2021-10-01T14:30:13","date_gmt":"2021-10-01T17:30:13","guid":{"rendered":"https:\/\/jornalfatosenoticias.com.br\/?p=23464"},"modified":"2021-10-01T14:30:16","modified_gmt":"2021-10-01T17:30:16","slug":"dia-nacional-do-idoso-conheca-politicas-publicas-para-essa-populacao","status":"publish","type":"post","link":"https:\/\/jornalfatosenoticias.com.br\/index.php\/2021\/10\/01\/dia-nacional-do-idoso-conheca-politicas-publicas-para-essa-populacao\/","title":{"rendered":"Dia Nacional do Idoso: conhe\u00e7a pol\u00edticas p\u00fablicas para essa popula\u00e7\u00e3o"},"content":{"rendered":"\n<p><em><span class=\"has-inline-color has-black-color\">Pessoas com mais de 60 anos representam quase 18% dos brasileiros<\/span><\/em><\/p>\n\n\n\n<p>Dos 210 milh\u00f5es brasileiros, 37,7 milh\u00f5es s\u00e3o pessoas idosas, ou seja, que t\u00eam 60 anos ou mais. Os dados s\u00e3o deste ano e fazem parte de uma <a href=\"http:\/\/pesquisa\/\" target=\"_blank\" rel=\"noreferrer noopener\">pesquisa<\/a> do Departamento Intersindical de Estat\u00edstica e Estudos Socioecon\u00f4micos (Dieese), que traz tamb\u00e9m outras estat\u00edsticas: 18,5% dessa popula\u00e7\u00e3o ainda trabalha e 75% dela contribuem para a renda de onde moram.<br>Para lembrar a import\u00e2ncia dessa popula\u00e7\u00e3o e de seus direitos \u00e9 celebrado hoje (1\u00ba) o Dia Nacional da Pessoa Idosa. A comemora\u00e7\u00e3o foi institu\u00edda em uma Assembleia Geral da Organiza\u00e7\u00e3o das Na\u00e7\u00f5es Unidas (ONU) e no Brasil.<br>Os direitos dos idosos est\u00e3o garantidos na Constitui\u00e7\u00e3o Federal, que, em seu Artigo 230, define que fam\u00edlia, sociedade e Estado t\u00eam o dever de amparar as pessoas idosas, assegurando a sua participa\u00e7\u00e3o na comunidade, defendendo sua dignidade, promovendo seu bem-estar e garantindo o direito \u00e0 vida.<br>Outro instrumento para garantia dos direitos dessa popula\u00e7\u00e3o \u00e9 o <a href=\"http:\/\/www.planalto.gov.br\/ccivil_03\/leis\/2003\/l10.741.htm\" target=\"_blank\" rel=\"noreferrer noopener\">Estatuto do Idoso<\/a>. Criado em 2003, ele assegura, de forma permanente, direitos fundamentais, medidas de prote\u00e7\u00e3o, pol\u00edtica de atendimento, acesso \u00e0 Justi\u00e7a e prote\u00e7\u00e3o judicial.<br>Mesmo com todas essas garantias, idosos ainda s\u00e3o v\u00edtimas de diversos tipos de viol\u00eancia, entre elas f\u00edsica, psicol\u00f3gica e financeira. Para combater esses abusos, o Minist\u00e9rio da Mulher, da Fam\u00edlia e dos Direitos Humanos (MMFDH) criou uma <a href=\"http:\/\/%20https\/\/www.gov.br\/mdh\/pt-br\/assuntos\/noticias\/2020-2\/junho\/cartilhacombateviolenciapessoaidosa.pdf\" target=\"_blank\" rel=\"noreferrer noopener\">cartilha<\/a> sobre o combate \u00e0 viol\u00eancia contra a pessoa idosa e recebe den\u00fancias contra essa popula\u00e7\u00e3o por meio do Disque 100. Com base nessas den\u00fancias, o MMFDH deflagrou, no fim do ano passado, em parceria com o Minist\u00e9rio da Justi\u00e7a e Seguran\u00e7a P\u00fablica (MJSP), a Opera\u00e7\u00e3o Vetus. Foram apuradas13.424 den\u00fancias que resultaram na instaura\u00e7\u00e3o de 3.703 inqu\u00e9ritos e na pris\u00e3o de 569 pessoas.<br>Para prevenir os abusos financeiros contra essa popula\u00e7\u00e3o o MMFDH est\u00e1 dando cursos de educa\u00e7\u00e3o financeira a mil institui\u00e7\u00f5es de longa perman\u00eancia para idosos (Ilpis). Tamb\u00e9m firmou parceria com a Federa\u00e7\u00e3o Nacional dos Bancos (Febraban) numa campanha em que alerta para os golpes financeiros contra os mais velhos, que aumentaram 60% durante a pandemia.<\/p>\n\n\n\n<p><strong><span class=\"has-inline-color has-black-color\">Pacto<br><\/span><\/strong>Para assumir compromisso formal entre os governos federal, estadual e municipal com vistas a implementar as pol\u00edticas p\u00fablicas destinadas \u00e0 promo\u00e7\u00e3o e defesa dos direitos das pessoas idosas foi criado o <strong><a href=\"https:\/\/www.gov.br\/mdh\/pt-br\/navegue-por-temas\/pessoa-idosa\/CARTILHA_PACTO_ENVELHECIMENTO_.pdf\" target=\"_blank\" rel=\"noreferrer noopener\">Pacto Nacional<\/a><\/strong> dos Direitos da Pessoa Idosa (PNDPI). At\u00e9 o momento, 18 estados aderiram \u00e0 estrat\u00e9gia, que tem como metas ampliar o n\u00famero de conselhos dos Direitos das Pessoas Idosas e de fundos municipais destinados a esse fim.<br>Para aumentar os valores destinados a esse fundo, uma parceria entre o MMFDH e a Receita Federal permitiu que o contribuinte possa, na declara\u00e7\u00e3o de Imposto de Renda, doar recursos financeiros aos fundos vinculados aos conselhos que tratem exclusivamente da pauta da pessoa idosa, sejam municipais, distrital, estaduais ou nacional.<br>Gra\u00e7as a essa iniciativa, s\u00f3 neste ano os fundos dos Direitos da Pessoa Idosa (FDI) receberam mais de R$ 51,5 milh\u00f5es, em doa\u00e7\u00f5es feitas durante a declara\u00e7\u00e3o do Imposto de Renda 2021. O valor \u00e9 mais que o dobro doado no ano anterior, de R$ 22,8 milh\u00f5es.<\/p>\n\n\n\n<p><strong><span class=\"has-inline-color has-black-color\">Abrigos<br><\/span><\/strong>Outra frente de trabalho busca apoiar as institui\u00e7\u00f5es de longa perman\u00eancia para idosos (Ilpis), conhecidas como abrigos. Um aux\u00edlio emergencial de R$ 160 milh\u00f5es beneficiou mais de duas mil institui\u00e7\u00f5es e 60 mil idosos. J\u00e1 o Programa Solidarize-se j\u00e1 cadastrou mais de cinco mil institui\u00e7\u00f5es desse tipo e destinou R$ 5 milh\u00f5es para atender a 500 delas e, assim, auxiliar cerca de 18 mil idosos. No ano passado, foram investidos R$ 2 milh\u00f5es para a instala\u00e7\u00e3o de equipamentos nas Ilpis. Neste ano, a meta \u00e9 chegar a R$ 5 milh\u00f5es em investimentos.<\/p>\n\n\n\n<p><strong><span class=\"has-inline-color has-black-color\">Participa\u00e7\u00e3o popular<br><\/span><\/strong>O Solidarize-se tamb\u00e9m conta com participa\u00e7\u00e3o popular. Por meio do Programa P\u00e1tria Volunt\u00e1ria foram arrecadados mais de R$ 3,3 milh\u00f5es, beneficiando 8.500 pessoas idosas que vivem em abrigos, com cesta b\u00e1sica e itens de higiene pessoal.<\/p>\n\n\n\n<p><strong><em>Fonte: <a href=\"https:\/\/agenciabrasil.ebc.com.br\/direitos-humanos\/noticia\/2021-10\/dia-nacional-do-idoso-conheca-politicas-publicas-para-essa-populacao\">Ag\u00eancia Brasil<\/a><\/em><\/strong><\/p>\n","protected":false},"excerpt":{"rendered":"<p>Pessoas com mais de 60 anos representam quase 18% dos brasileiros Dos 210 milh\u00f5es brasileiros, 37,7 milh\u00f5es s\u00e3o pessoas idosas, ou seja, que t\u00eam 60 anos ou mais. Os dados s\u00e3o deste ano e fazem parte de uma pesquisa do Departamento Intersindical de Estat\u00edstica e Estudos Socioecon\u00f4micos (Dieese), que traz tamb\u00e9m outras estat\u00edsticas: 18,5% dessa [&hellip;]<\/p>\n","protected":false},"author":2,"featured_media":23465,"comment_status":"open","ping_status":"open","sticky":false,"template":"","format":"standard","meta":{"footnotes":""},"categories":[5],"tags":[11385,11386,11387,648,11388],"class_list":["post-23464","post","type-post","status-publish","format-standard","has-post-thumbnail","hentry","category-geral","tag-dia-nacional-do-idoso","tag-dieese","tag-estatuto-do-idoso","tag-onu","tag-pacto-nacional-dos-direitos-da-pessoa-idosa"],"yoast_head":"<!-- This site is optimized with the Yoast SEO plugin v26.5 - https:\/\/yoast.com\/wordpress\/plugins\/seo\/ -->\n<title>Dia Nacional do Idoso: conhe\u00e7a pol\u00edticas p\u00fablicas para essa popula\u00e7\u00e3o - Jornal Fatos e Not\u00edcias<\/title>\n<meta name=\"robots\" content=\"index, follow, max-snippet:-1, max-image-preview:large, max-video-preview:-1\" \/>\n<link rel=\"canonical\" href=\"https:\/\/jornalfatosenoticias.com.br\/index.php\/2021\/10\/01\/dia-nacional-do-idoso-conheca-politicas-publicas-para-essa-populacao\/\" \/>\n<meta property=\"og:locale\" content=\"pt_BR\" \/>\n<meta property=\"og:type\" content=\"article\" \/>\n<meta property=\"og:title\" content=\"Dia Nacional do Idoso: conhe\u00e7a pol\u00edticas p\u00fablicas para essa popula\u00e7\u00e3o - Jornal Fatos e Not\u00edcias\" \/>\n<meta property=\"og:description\" content=\"Pessoas com mais de 60 anos representam quase 18% dos brasileiros Dos 210 milh\u00f5es brasileiros, 37,7 milh\u00f5es s\u00e3o pessoas idosas, ou seja, que t\u00eam 60 anos ou mais. Os dados s\u00e3o deste ano e fazem parte de uma pesquisa do Departamento Intersindical de Estat\u00edstica e Estudos Socioecon\u00f4micos (Dieese), que traz tamb\u00e9m outras estat\u00edsticas: 18,5% dessa [&hellip;]\" \/>\n<meta property=\"og:url\" content=\"https:\/\/jornalfatosenoticias.com.br\/index.php\/2021\/10\/01\/dia-nacional-do-idoso-conheca-politicas-publicas-para-essa-populacao\/\" \/>\n<meta property=\"og:site_name\" content=\"Jornal Fatos e Not\u00edcias\" \/>\n<meta property=\"article:published_time\" content=\"2021-10-01T17:30:13+00:00\" \/>\n<meta property=\"article:modified_time\" content=\"2021-10-01T17:30:16+00:00\" \/>\n<meta property=\"og:image\" content=\"https:\/\/jornalfatosenoticias.com.br\/wp-content\/uploads\/2021\/10\/dia-do-idoso.jpg\" \/>\n\t<meta property=\"og:image:width\" content=\"1000\" \/>\n\t<meta property=\"og:image:height\" content=\"598\" \/>\n\t<meta property=\"og:image:type\" content=\"image\/jpeg\" \/>\n<meta name=\"author\" content=\"Luzimara Fernandes\" \/>\n<meta name=\"twitter:card\" content=\"summary_large_image\" \/>\n<meta name=\"twitter:label1\" content=\"Escrito por\" \/>\n\t<meta name=\"twitter:data1\" content=\"Luzimara Fernandes\" \/>\n\t<meta name=\"twitter:label2\" content=\"Est. tempo de leitura\" \/>\n\t<meta name=\"twitter:data2\" content=\"3 minutos\" \/>\n<script type=\"application\/ld+json\" class=\"yoast-schema-graph\">{\"@context\":\"https:\/\/schema.org\",\"@graph\":[{\"@type\":\"Article\",\"@id\":\"https:\/\/jornalfatosenoticias.com.br\/index.php\/2021\/10\/01\/dia-nacional-do-idoso-conheca-politicas-publicas-para-essa-populacao\/#article\",\"isPartOf\":{\"@id\":\"https:\/\/jornalfatosenoticias.com.br\/index.php\/2021\/10\/01\/dia-nacional-do-idoso-conheca-politicas-publicas-para-essa-populacao\/\"},\"author\":{\"name\":\"Luzimara Fernandes\",\"@id\":\"https:\/\/jornalfatosenoticias.com.br\/#\/schema\/person\/d63837fa13ac8666eb9e74e0985d6f81\"},\"headline\":\"Dia Nacional do Idoso: conhe\u00e7a pol\u00edticas p\u00fablicas para essa popula\u00e7\u00e3o\",\"datePublished\":\"2021-10-01T17:30:13+00:00\",\"dateModified\":\"2021-10-01T17:30:16+00:00\",\"mainEntityOfPage\":{\"@id\":\"https:\/\/jornalfatosenoticias.com.br\/index.php\/2021\/10\/01\/dia-nacional-do-idoso-conheca-politicas-publicas-para-essa-populacao\/\"},\"wordCount\":700,\"commentCount\":0,\"publisher\":{\"@id\":\"https:\/\/jornalfatosenoticias.com.br\/#organization\"},\"image\":{\"@id\":\"https:\/\/jornalfatosenoticias.com.br\/index.php\/2021\/10\/01\/dia-nacional-do-idoso-conheca-politicas-publicas-para-essa-populacao\/#primaryimage\"},\"thumbnailUrl\":\"https:\/\/jornalfatosenoticias.com.br\/wp-content\/uploads\/2021\/10\/dia-do-idoso.jpg\",\"keywords\":[\"Dia Nacional do Idoso\",\"Dieese\",\"Estatuto do Idoso\",\"ONU\",\"Pacto Nacional dos Direitos da Pessoa Idosa\"],\"articleSection\":[\"Geral\"],\"inLanguage\":\"pt-BR\",\"potentialAction\":[{\"@type\":\"CommentAction\",\"name\":\"Comment\",\"target\":[\"https:\/\/jornalfatosenoticias.com.br\/index.php\/2021\/10\/01\/dia-nacional-do-idoso-conheca-politicas-publicas-para-essa-populacao\/#respond\"]}]},{\"@type\":\"WebPage\",\"@id\":\"https:\/\/jornalfatosenoticias.com.br\/index.php\/2021\/10\/01\/dia-nacional-do-idoso-conheca-politicas-publicas-para-essa-populacao\/\",\"url\":\"https:\/\/jornalfatosenoticias.com.br\/index.php\/2021\/10\/01\/dia-nacional-do-idoso-conheca-politicas-publicas-para-essa-populacao\/\",\"name\":\"Dia Nacional do Idoso: conhe\u00e7a pol\u00edticas p\u00fablicas para essa popula\u00e7\u00e3o - Jornal Fatos e Not\u00edcias\",\"isPartOf\":{\"@id\":\"https:\/\/jornalfatosenoticias.com.br\/#website\"},\"primaryImageOfPage\":{\"@id\":\"https:\/\/jornalfatosenoticias.com.br\/index.php\/2021\/10\/01\/dia-nacional-do-idoso-conheca-politicas-publicas-para-essa-populacao\/#primaryimage\"},\"image\":{\"@id\":\"https:\/\/jornalfatosenoticias.com.br\/index.php\/2021\/10\/01\/dia-nacional-do-idoso-conheca-politicas-publicas-para-essa-populacao\/#primaryimage\"},\"thumbnailUrl\":\"https:\/\/jornalfatosenoticias.com.br\/wp-content\/uploads\/2021\/10\/dia-do-idoso.jpg\",\"datePublished\":\"2021-10-01T17:30:13+00:00\",\"dateModified\":\"2021-10-01T17:30:16+00:00\",\"breadcrumb\":{\"@id\":\"https:\/\/jornalfatosenoticias.com.br\/index.php\/2021\/10\/01\/dia-nacional-do-idoso-conheca-politicas-publicas-para-essa-populacao\/#breadcrumb\"},\"inLanguage\":\"pt-BR\",\"potentialAction\":[{\"@type\":\"ReadAction\",\"target\":[\"https:\/\/jornalfatosenoticias.com.br\/index.php\/2021\/10\/01\/dia-nacional-do-idoso-conheca-politicas-publicas-para-essa-populacao\/\"]}]},{\"@type\":\"ImageObject\",\"inLanguage\":\"pt-BR\",\"@id\":\"https:\/\/jornalfatosenoticias.com.br\/index.php\/2021\/10\/01\/dia-nacional-do-idoso-conheca-politicas-publicas-para-essa-populacao\/#primaryimage\",\"url\":\"https:\/\/jornalfatosenoticias.com.br\/wp-content\/uploads\/2021\/10\/dia-do-idoso.jpg\",\"contentUrl\":\"https:\/\/jornalfatosenoticias.com.br\/wp-content\/uploads\/2021\/10\/dia-do-idoso.jpg\",\"width\":1000,\"height\":598,\"caption\":\"Idosos na regi\u00e3o central de Bras\u00edlia.\"},{\"@type\":\"BreadcrumbList\",\"@id\":\"https:\/\/jornalfatosenoticias.com.br\/index.php\/2021\/10\/01\/dia-nacional-do-idoso-conheca-politicas-publicas-para-essa-populacao\/#breadcrumb\",\"itemListElement\":[{\"@type\":\"ListItem\",\"position\":1,\"name\":\"In\u00edcio\",\"item\":\"https:\/\/jornalfatosenoticias.com.br\/\"},{\"@type\":\"ListItem\",\"position\":2,\"name\":\"Dia Nacional do Idoso: conhe\u00e7a pol\u00edticas p\u00fablicas para essa popula\u00e7\u00e3o\"}]},{\"@type\":\"WebSite\",\"@id\":\"https:\/\/jornalfatosenoticias.com.br\/#website\",\"url\":\"https:\/\/jornalfatosenoticias.com.br\/\",\"name\":\"Jornal Fatos e Not\u00edcias\",\"description\":\"Not\u00edcias em geral\",\"publisher\":{\"@id\":\"https:\/\/jornalfatosenoticias.com.br\/#organization\"},\"potentialAction\":[{\"@type\":\"SearchAction\",\"target\":{\"@type\":\"EntryPoint\",\"urlTemplate\":\"https:\/\/jornalfatosenoticias.com.br\/?s={search_term_string}\"},\"query-input\":{\"@type\":\"PropertyValueSpecification\",\"valueRequired\":true,\"valueName\":\"search_term_string\"}}],\"inLanguage\":\"pt-BR\"},{\"@type\":\"Organization\",\"@id\":\"https:\/\/jornalfatosenoticias.com.br\/#organization\",\"name\":\"Jornal Fatos e Not\u00edcias\",\"url\":\"https:\/\/jornalfatosenoticias.com.br\/\",\"logo\":{\"@type\":\"ImageObject\",\"inLanguage\":\"pt-BR\",\"@id\":\"https:\/\/jornalfatosenoticias.com.br\/#\/schema\/logo\/image\/\",\"url\":\"https:\/\/jornalfatosenoticias.com.br\/wp-content\/uploads\/2020\/02\/logo120.png\",\"contentUrl\":\"https:\/\/jornalfatosenoticias.com.br\/wp-content\/uploads\/2020\/02\/logo120.png\",\"width\":1227,\"height\":120,\"caption\":\"Jornal Fatos e Not\u00edcias\"},\"image\":{\"@id\":\"https:\/\/jornalfatosenoticias.com.br\/#\/schema\/logo\/image\/\"}},{\"@type\":\"Person\",\"@id\":\"https:\/\/jornalfatosenoticias.com.br\/#\/schema\/person\/d63837fa13ac8666eb9e74e0985d6f81\",\"name\":\"Luzimara Fernandes\",\"image\":{\"@type\":\"ImageObject\",\"inLanguage\":\"pt-BR\",\"@id\":\"https:\/\/jornalfatosenoticias.com.br\/#\/schema\/person\/image\/\",\"url\":\"https:\/\/jornalfatosenoticias.com.br\/wp-content\/uploads\/2025\/05\/EU_portal.jpg\",\"contentUrl\":\"https:\/\/jornalfatosenoticias.com.br\/wp-content\/uploads\/2025\/05\/EU_portal.jpg\",\"caption\":\"Luzimara Fernandes\"},\"description\":\"Jornalista MTB 2358-ES\",\"sameAs\":[\"https:\/\/jornalfatosenoticias.com.br\"],\"url\":\"https:\/\/jornalfatosenoticias.com.br\/index.php\/author\/luzimara\/\"}]}<\/script>\n<!-- \/ Yoast SEO plugin. -->","yoast_head_json":{"title":"Dia Nacional do Idoso: conhe\u00e7a pol\u00edticas p\u00fablicas para essa popula\u00e7\u00e3o - Jornal Fatos e Not\u00edcias","robots":{"index":"index","follow":"follow","max-snippet":"max-snippet:-1","max-image-preview":"max-image-preview:large","max-video-preview":"max-video-preview:-1"},"canonical":"https:\/\/jornalfatosenoticias.com.br\/index.php\/2021\/10\/01\/dia-nacional-do-idoso-conheca-politicas-publicas-para-essa-populacao\/","og_locale":"pt_BR","og_type":"article","og_title":"Dia Nacional do Idoso: conhe\u00e7a pol\u00edticas p\u00fablicas para essa popula\u00e7\u00e3o - Jornal Fatos e Not\u00edcias","og_description":"Pessoas com mais de 60 anos representam quase 18% dos brasileiros Dos 210 milh\u00f5es brasileiros, 37,7 milh\u00f5es s\u00e3o pessoas idosas, ou seja, que t\u00eam 60 anos ou mais. Os dados s\u00e3o deste ano e fazem parte de uma pesquisa do Departamento Intersindical de Estat\u00edstica e Estudos Socioecon\u00f4micos (Dieese), que traz tamb\u00e9m outras estat\u00edsticas: 18,5% dessa [&hellip;]","og_url":"https:\/\/jornalfatosenoticias.com.br\/index.php\/2021\/10\/01\/dia-nacional-do-idoso-conheca-politicas-publicas-para-essa-populacao\/","og_site_name":"Jornal Fatos e Not\u00edcias","article_published_time":"2021-10-01T17:30:13+00:00","article_modified_time":"2021-10-01T17:30:16+00:00","og_image":[{"width":1000,"height":598,"url":"https:\/\/jornalfatosenoticias.com.br\/wp-content\/uploads\/2021\/10\/dia-do-idoso.jpg","type":"image\/jpeg"}],"author":"Luzimara Fernandes","twitter_card":"summary_large_image","twitter_misc":{"Escrito por":"Luzimara Fernandes","Est. tempo de leitura":"3 minutos"},"schema":{"@context":"https:\/\/schema.org","@graph":[{"@type":"Article","@id":"https:\/\/jornalfatosenoticias.com.br\/index.php\/2021\/10\/01\/dia-nacional-do-idoso-conheca-politicas-publicas-para-essa-populacao\/#article","isPartOf":{"@id":"https:\/\/jornalfatosenoticias.com.br\/index.php\/2021\/10\/01\/dia-nacional-do-idoso-conheca-politicas-publicas-para-essa-populacao\/"},"author":{"name":"Luzimara Fernandes","@id":"https:\/\/jornalfatosenoticias.com.br\/#\/schema\/person\/d63837fa13ac8666eb9e74e0985d6f81"},"headline":"Dia Nacional do Idoso: conhe\u00e7a pol\u00edticas p\u00fablicas para essa popula\u00e7\u00e3o","datePublished":"2021-10-01T17:30:13+00:00","dateModified":"2021-10-01T17:30:16+00:00","mainEntityOfPage":{"@id":"https:\/\/jornalfatosenoticias.com.br\/index.php\/2021\/10\/01\/dia-nacional-do-idoso-conheca-politicas-publicas-para-essa-populacao\/"},"wordCount":700,"commentCount":0,"publisher":{"@id":"https:\/\/jornalfatosenoticias.com.br\/#organization"},"image":{"@id":"https:\/\/jornalfatosenoticias.com.br\/index.php\/2021\/10\/01\/dia-nacional-do-idoso-conheca-politicas-publicas-para-essa-populacao\/#primaryimage"},"thumbnailUrl":"https:\/\/jornalfatosenoticias.com.br\/wp-content\/uploads\/2021\/10\/dia-do-idoso.jpg","keywords":["Dia Nacional do Idoso","Dieese","Estatuto do Idoso","ONU","Pacto Nacional dos Direitos da Pessoa Idosa"],"articleSection":["Geral"],"inLanguage":"pt-BR","potentialAction":[{"@type":"CommentAction","name":"Comment","target":["https:\/\/jornalfatosenoticias.com.br\/index.php\/2021\/10\/01\/dia-nacional-do-idoso-conheca-politicas-publicas-para-essa-populacao\/#respond"]}]},{"@type":"WebPage","@id":"https:\/\/jornalfatosenoticias.com.br\/index.php\/2021\/10\/01\/dia-nacional-do-idoso-conheca-politicas-publicas-para-essa-populacao\/","url":"https:\/\/jornalfatosenoticias.com.br\/index.php\/2021\/10\/01\/dia-nacional-do-idoso-conheca-politicas-publicas-para-essa-populacao\/","name":"Dia Nacional do Idoso: conhe\u00e7a pol\u00edticas p\u00fablicas para essa popula\u00e7\u00e3o - Jornal Fatos e Not\u00edcias","isPartOf":{"@id":"https:\/\/jornalfatosenoticias.com.br\/#website"},"primaryImageOfPage":{"@id":"https:\/\/jornalfatosenoticias.com.br\/index.php\/2021\/10\/01\/dia-nacional-do-idoso-conheca-politicas-publicas-para-essa-populacao\/#primaryimage"},"image":{"@id":"https:\/\/jornalfatosenoticias.com.br\/index.php\/2021\/10\/01\/dia-nacional-do-idoso-conheca-politicas-publicas-para-essa-populacao\/#primaryimage"},"thumbnailUrl":"https:\/\/jornalfatosenoticias.com.br\/wp-content\/uploads\/2021\/10\/dia-do-idoso.jpg","datePublished":"2021-10-01T17:30:13+00:00","dateModified":"2021-10-01T17:30:16+00:00","breadcrumb":{"@id":"https:\/\/jornalfatosenoticias.com.br\/index.php\/2021\/10\/01\/dia-nacional-do-idoso-conheca-politicas-publicas-para-essa-populacao\/#breadcrumb"},"inLanguage":"pt-BR","potentialAction":[{"@type":"ReadAction","target":["https:\/\/jornalfatosenoticias.com.br\/index.php\/2021\/10\/01\/dia-nacional-do-idoso-conheca-politicas-publicas-para-essa-populacao\/"]}]},{"@type":"ImageObject","inLanguage":"pt-BR","@id":"https:\/\/jornalfatosenoticias.com.br\/index.php\/2021\/10\/01\/dia-nacional-do-idoso-conheca-politicas-publicas-para-essa-populacao\/#primaryimage","url":"https:\/\/jornalfatosenoticias.com.br\/wp-content\/uploads\/2021\/10\/dia-do-idoso.jpg","contentUrl":"https:\/\/jornalfatosenoticias.com.br\/wp-content\/uploads\/2021\/10\/dia-do-idoso.jpg","width":1000,"height":598,"caption":"Idosos na regi\u00e3o central de Bras\u00edlia."},{"@type":"BreadcrumbList","@id":"https:\/\/jornalfatosenoticias.com.br\/index.php\/2021\/10\/01\/dia-nacional-do-idoso-conheca-politicas-publicas-para-essa-populacao\/#breadcrumb","itemListElement":[{"@type":"ListItem","position":1,"name":"In\u00edcio","item":"https:\/\/jornalfatosenoticias.com.br\/"},{"@type":"ListItem","position":2,"name":"Dia Nacional do Idoso: conhe\u00e7a pol\u00edticas p\u00fablicas para essa popula\u00e7\u00e3o"}]},{"@type":"WebSite","@id":"https:\/\/jornalfatosenoticias.com.br\/#website","url":"https:\/\/jornalfatosenoticias.com.br\/","name":"Jornal Fatos e Not\u00edcias","description":"Not\u00edcias em geral","publisher":{"@id":"https:\/\/jornalfatosenoticias.com.br\/#organization"},"potentialAction":[{"@type":"SearchAction","target":{"@type":"EntryPoint","urlTemplate":"https:\/\/jornalfatosenoticias.com.br\/?s={search_term_string}"},"query-input":{"@type":"PropertyValueSpecification","valueRequired":true,"valueName":"search_term_string"}}],"inLanguage":"pt-BR"},{"@type":"Organization","@id":"https:\/\/jornalfatosenoticias.com.br\/#organization","name":"Jornal Fatos e Not\u00edcias","url":"https:\/\/jornalfatosenoticias.com.br\/","logo":{"@type":"ImageObject","inLanguage":"pt-BR","@id":"https:\/\/jornalfatosenoticias.com.br\/#\/schema\/logo\/image\/","url":"https:\/\/jornalfatosenoticias.com.br\/wp-content\/uploads\/2020\/02\/logo120.png","contentUrl":"https:\/\/jornalfatosenoticias.com.br\/wp-content\/uploads\/2020\/02\/logo120.png","width":1227,"height":120,"caption":"Jornal Fatos e Not\u00edcias"},"image":{"@id":"https:\/\/jornalfatosenoticias.com.br\/#\/schema\/logo\/image\/"}},{"@type":"Person","@id":"https:\/\/jornalfatosenoticias.com.br\/#\/schema\/person\/d63837fa13ac8666eb9e74e0985d6f81","name":"Luzimara Fernandes","image":{"@type":"ImageObject","inLanguage":"pt-BR","@id":"https:\/\/jornalfatosenoticias.com.br\/#\/schema\/person\/image\/","url":"https:\/\/jornalfatosenoticias.com.br\/wp-content\/uploads\/2025\/05\/EU_portal.jpg","contentUrl":"https:\/\/jornalfatosenoticias.com.br\/wp-content\/uploads\/2025\/05\/EU_portal.jpg","caption":"Luzimara Fernandes"},"description":"Jornalista MTB 2358-ES","sameAs":["https:\/\/jornalfatosenoticias.com.br"],"url":"https:\/\/jornalfatosenoticias.com.br\/index.php\/author\/luzimara\/"}]}},"cc_featured_image_caption":{"caption_text":"(Foto: Marcello Camargo\/Ag\u00eancia Brasil) ","source_text":"","source_url":""},"jetpack_featured_media_url":"https:\/\/jornalfatosenoticias.com.br\/wp-content\/uploads\/2021\/10\/dia-do-idoso.jpg","_links":{"self":[{"href":"https:\/\/jornalfatosenoticias.com.br\/index.php\/wp-json\/wp\/v2\/posts\/23464","targetHints":{"allow":["GET"]}}],"collection":[{"href":"https:\/\/jornalfatosenoticias.com.br\/index.php\/wp-json\/wp\/v2\/posts"}],"about":[{"href":"https:\/\/jornalfatosenoticias.com.br\/index.php\/wp-json\/wp\/v2\/types\/post"}],"author":[{"embeddable":true,"href":"https:\/\/jornalfatosenoticias.com.br\/index.php\/wp-json\/wp\/v2\/users\/2"}],"replies":[{"embeddable":true,"href":"https:\/\/jornalfatosenoticias.com.br\/index.php\/wp-json\/wp\/v2\/comments?post=23464"}],"version-history":[{"count":0,"href":"https:\/\/jornalfatosenoticias.com.br\/index.php\/wp-json\/wp\/v2\/posts\/23464\/revisions"}],"wp:featuredmedia":[{"embeddable":true,"href":"https:\/\/jornalfatosenoticias.com.br\/index.php\/wp-json\/wp\/v2\/media\/23465"}],"wp:attachment":[{"href":"https:\/\/jornalfatosenoticias.com.br\/index.php\/wp-json\/wp\/v2\/media?parent=23464"}],"wp:term":[{"taxonomy":"category","embeddable":true,"href":"https:\/\/jornalfatosenoticias.com.br\/index.php\/wp-json\/wp\/v2\/categories?post=23464"},{"taxonomy":"post_tag","embeddable":true,"href":"https:\/\/jornalfatosenoticias.com.br\/index.php\/wp-json\/wp\/v2\/tags?post=23464"}],"curies":[{"name":"wp","href":"https:\/\/api.w.org\/{rel}","templated":true}]}}