{"id":23468,"date":"2021-10-01T14:44:33","date_gmt":"2021-10-01T17:44:33","guid":{"rendered":"https:\/\/jornalfatosenoticias.com.br\/?p=23468"},"modified":"2021-10-01T14:45:07","modified_gmt":"2021-10-01T17:45:07","slug":"suzano-divulga-resultado-do-edital-quilombola","status":"publish","type":"post","link":"https:\/\/jornalfatosenoticias.com.br\/index.php\/2021\/10\/01\/suzano-divulga-resultado-do-edital-quilombola\/","title":{"rendered":"Suzano divulga resultado do Edital Quilombola"},"content":{"rendered":"\n<p><em><span class=\"has-inline-color has-black-color\">A empresa destinar\u00e1 meio milh\u00e3o para o apoio de 46 projetos de comunidades tradicionais quilombolas localizadas no Esp\u00edrito Santo e na Bahia<\/span><\/em><\/p>\n\n\n\n<p>A Suzano apresenta os projetos aprovados no Edital Quilombola, lan\u00e7ado em agosto deste ano. Ser\u00e3o beneficiadas 46 iniciativas, divididas entre o Esp\u00edrito Santo e a Bahia, que receber\u00e3o o apoio da empresa, por meio deste edital, para desenvolvimento de projetos voltados para gera\u00e7\u00e3o de renda.<br>O edital, que conta com o aporte de R$ 500 mil, est\u00e1 sendo direcionado para projetos que buscam o fortalecimento da agricultura, beneficiamento e agrega\u00e7\u00e3o de valor \u00e0 produ\u00e7\u00e3o rural, fortalecimento da comercializa\u00e7\u00e3o e\/ou de atividades econ\u00f4micas sustent\u00e1veis, fomento ao empreendedorismo e inclus\u00e3o digital.<br>A iniciativa \u00e9 fruto da parceria da Suzano com a Coordena\u00e7\u00e3o Nacional de Articula\u00e7\u00e3o das Comunidades Negras Rurais Quilombolas (Conaq). Os projetos aprovados ter\u00e3o dura\u00e7\u00e3o m\u00e1xima oito meses ap\u00f3s a formaliza\u00e7\u00e3o do apoio com a Suzano e dever\u00e3o ser executados at\u00e9 o dia 30 de abril de 2022.<br>\u201cA Suzano acredita que s\u00f3 \u00e9 bom para n\u00f3s se for bom para o mundo e o momento agora pede ainda mais empatia e uni\u00e3o. Criamos esse edital com o intuito de promover a valoriza\u00e7\u00e3o das comunidades tradicionais, em especial das comunidades quilombolas. O fomento ao seu protagonismo na constru\u00e7\u00e3o de territ\u00f3rios mais resilientes \u00e9 fundamental, principalmente no contexto atual provocado pela pandemia\u201d, destaca Douglas Peixoto, Coordenador de Desenvolvimento Social da Suzano. Recentemente a Suzano tamb\u00e9m divulgou o resultado do Edital Regional, que contou com o aporte de cerca de R$ 600 mil para projetos das comunidades em que a Suzano est\u00e1 presente na Bahia, Esp\u00edrito Santo e Minas Gerais. Para conferir o resultado dos dois editais, acesse o link: <a href=\"https:\/\/linktr.ee\/suzanoempresa\">https:\/\/linktr.ee\/suzanoempresa<\/a>.<\/p>\n\n\n\n<p><strong><span class=\"has-inline-color has-black-color\">Esp\u00edrito Santo<br><\/span><\/strong><em><span class=\"has-inline-color has-black-color\">Segundo o IBGE, h\u00e1 87 localidades quilombolas no Esp\u00edrito Santo:<\/span><\/em><\/p>\n\n\n\n<ul class=\"wp-block-list\"><li>Associa\u00e7\u00e3o de Pequenos Agricultores e Produtores Rurais e Descendentes de Quilombolas e Sap\u00ea do Norte da Comunidade de S\u00e3o Jorge Munic\u00edpio de S\u00e3o Mateus \u2014 S\u00e3o Mateus<\/li><li>Associa\u00e7\u00e3o de Pequenos Produtores Rurais e Remanescentes de Quilombola da Comunidade Divino Esp\u00edrito Santo \u2014 S\u00e3o Mateus<\/li><li>Associa\u00e7\u00e3o dos Pequenos Produtores Rurais e Remanescentes de Quilombolas dos C\u00f3rregos de S\u00e3o Domingos e Cacimbas e Circunvizinhos \u2014 S\u00e3o Mateus<\/li><li>Associa\u00e7\u00e3o de Pequenos Agricultores Rurais e Remanescentes de Quilombolas da Comunidade de Morro da Arara \u2014 S\u00e3o Mateus<\/li><li>Associa\u00e7\u00e3o de Agricultores Familiares do C\u00f3rrego do Sert\u00e3o (AAFCS) \u2014 Concei\u00e7\u00e3o da Barra<\/li><li>Associa\u00e7\u00e3o de Pequenos Agricultores do Angelim I \u2014 Concei\u00e7\u00e3o da Barra<\/li><li>Associa\u00e7\u00e3o Quilombola dos Pequenos Produtores Rurais do Coxi (AQPPRC) \u2014 Concei\u00e7\u00e3o da Barra<\/li><li>Associa\u00e7\u00e3o de Peq. Produtores Rurais Descendentes de Quilombolas da Comunidade Nossa Senhora da Penha \u2014 S\u00e3o Mateus<\/li><li>Associa\u00e7\u00e3o da Comunidade Quilombola de Linharinho \u2014 Concei\u00e7\u00e3o da Barra<\/li><li>Associa\u00e7\u00e3o dos Familiares Remanescente Quilombolas do Palmito (ASFARQUIPAL) \u2014 Jaguar\u00e9<\/li><li>Associa\u00e7\u00e3o das Mulheres Quilombola da Comunidade Linharinho \u2014 Concei\u00e7\u00e3o da Barra<\/li><li>Associa\u00e7\u00e3o de Pequenos Produtores Rurais da Comunidade C\u00f3rrego do Macuco \u2014 Concei\u00e7\u00e3o da Barra<\/li><li>Associa\u00e7\u00e3o Quilombola Remanescente do C\u00f3rrego do Alexandre (Arca) \u2014 Concei\u00e7\u00e3o da Barra<\/li><li>Associa\u00e7\u00e3o De Agricultores Quilombolas Da Comunidade de Dilo Barbosa \u2014 S\u00e3o Mateus<\/li><li>Auriceia Florentino Dos Santos \u2014 Concei\u00e7\u00e3o da Barra<\/li><li>Get\u00falio Guimar\u00e3es \u2014 Concei\u00e7\u00e3o da Barra<\/li><li>Jo\u00e3o Batista Guimar\u00e3es \u2014 Concei\u00e7\u00e3o da Barra<\/li><li>Lediner Lima Vieira \u2014 Concei\u00e7\u00e3o da Barra<\/li><li>Marlete Dos Santos \u2014 Concei\u00e7\u00e3o da Barra<\/li><li>Jose Carlos de Jesus Santos \u2013 Concei\u00e7\u00e3o da Barra<\/li><li>Maria da Concei\u00e7\u00e3o Camargo Do Nascimento \u2014 S\u00e3o Mateus<\/li><li>Fabio dos Santos \u2014 S\u00e3o Mateus<\/li><li>Eula Paula Clarindo Dos Santos \u2014 Concei\u00e7\u00e3o da Barra<\/li><li>Beatriz dos Santos Alexandre \u2014 Concei\u00e7\u00e3o da Barra<\/li><li>Osvaldir de Souza \u2014 Concei\u00e7\u00e3o da Barra<\/li><li>Maria Jos\u00e9 Batista Nascimento Moreira \u2014 S\u00e3o Mateus<\/li><li>Samuel De Jesus \u2014 S\u00e3o Mateus<\/li><li>Maria do Carmo dos Santos Penha \u2014 S\u00e3o Mateus<\/li><li>Carla dos Santos Penha \u2014 S\u00e3o Matheus<\/li><li>Matheus da Cruz Francisco \u2014 Nova Vi\u00e7osa<\/li><li>Elda Maria dos Santos \u2014 Concei\u00e7\u00e3o da Barra<\/li><li>Renata Sebastiana Celestino dos Santos \u2014 Concei\u00e7\u00e3o da Barra<\/li><li>Jucilene Gomes Alexandrino do Ros\u00e1rio \u2014 Concei\u00e7\u00e3o da Barra<\/li><li>Marieta dos Santos \u2014 Concei\u00e7\u00e3o da Barra<\/li><li>Jandy dos Santos \u2014 Concei\u00e7\u00e3o da Barra<\/li><li>Maria da Juda Noberto \u2014 Montanha<\/li><li>Laurinha Atanazio \u2014 Montanha<\/li><li>Blenner Serafim Nascimento \u2014 Concei\u00e7\u00e3o da Barra<\/li><li>Layzes Oliveira de Jesus Andreza \u2014 Concei\u00e7\u00e3o da Barra<\/li><li>Luzinete Serafim Blandino \u2014 Concei\u00e7\u00e3o da Barra<\/li><li>Nilson Neves Guirra \u2014 S\u00e3o Mateus<\/li><li>Isberta Fonseca De Souza \u2014 S\u00e3o Mateus<\/li><\/ul>\n","protected":false},"excerpt":{"rendered":"<p>A empresa destinar\u00e1 meio milh\u00e3o para o apoio de 46 projetos de comunidades tradicionais quilombolas localizadas no Esp\u00edrito Santo e na Bahia A Suzano apresenta os projetos aprovados no Edital Quilombola, lan\u00e7ado em agosto deste ano. Ser\u00e3o beneficiadas 46 iniciativas, divididas entre o Esp\u00edrito Santo e a Bahia, que receber\u00e3o o apoio da empresa, por [&hellip;]<\/p>\n","protected":false},"author":2,"featured_media":23469,"comment_status":"open","ping_status":"open","sticky":false,"template":"","format":"standard","meta":{"footnotes":""},"categories":[9],"tags":[3061,11391,11394,11393,11392,11389],"class_list":["post-23468","post","type-post","status-publish","format-standard","has-post-thumbnail","hentry","category-economia","tag-agricultura","tag-comunidades-quilombolas","tag-conaq","tag-edital-quilombola","tag-quilombos","tag-suzano"],"yoast_head":"<!-- This site is optimized with the Yoast SEO plugin v26.5 - https:\/\/yoast.com\/wordpress\/plugins\/seo\/ -->\n<title>Suzano divulga resultado do Edital Quilombola - Jornal Fatos e Not\u00edcias<\/title>\n<meta name=\"robots\" content=\"index, follow, max-snippet:-1, max-image-preview:large, max-video-preview:-1\" \/>\n<link rel=\"canonical\" href=\"https:\/\/jornalfatosenoticias.com.br\/index.php\/2021\/10\/01\/suzano-divulga-resultado-do-edital-quilombola\/\" \/>\n<meta property=\"og:locale\" content=\"pt_BR\" \/>\n<meta property=\"og:type\" content=\"article\" \/>\n<meta property=\"og:title\" content=\"Suzano divulga resultado do Edital Quilombola - Jornal Fatos e Not\u00edcias\" \/>\n<meta property=\"og:description\" content=\"A empresa destinar\u00e1 meio milh\u00e3o para o apoio de 46 projetos de comunidades tradicionais quilombolas localizadas no Esp\u00edrito Santo e na Bahia A Suzano apresenta os projetos aprovados no Edital Quilombola, lan\u00e7ado em agosto deste ano. Ser\u00e3o beneficiadas 46 iniciativas, divididas entre o Esp\u00edrito Santo e a Bahia, que receber\u00e3o o apoio da empresa, por [&hellip;]\" \/>\n<meta property=\"og:url\" content=\"https:\/\/jornalfatosenoticias.com.br\/index.php\/2021\/10\/01\/suzano-divulga-resultado-do-edital-quilombola\/\" \/>\n<meta property=\"og:site_name\" content=\"Jornal Fatos e Not\u00edcias\" \/>\n<meta property=\"article:published_time\" content=\"2021-10-01T17:44:33+00:00\" \/>\n<meta property=\"article:modified_time\" content=\"2021-10-01T17:45:07+00:00\" \/>\n<meta property=\"og:image\" content=\"https:\/\/jornalfatosenoticias.com.br\/wp-content\/uploads\/2021\/10\/quilombo-ES_leonardo-sa.jpg\" \/>\n\t<meta property=\"og:image:width\" content=\"1000\" \/>\n\t<meta property=\"og:image:height\" content=\"666\" \/>\n\t<meta property=\"og:image:type\" content=\"image\/jpeg\" \/>\n<meta name=\"author\" content=\"Luzimara Fernandes\" \/>\n<meta name=\"twitter:card\" content=\"summary_large_image\" \/>\n<meta name=\"twitter:label1\" content=\"Escrito por\" \/>\n\t<meta name=\"twitter:data1\" content=\"Luzimara Fernandes\" \/>\n\t<meta name=\"twitter:label2\" content=\"Est. tempo de leitura\" \/>\n\t<meta name=\"twitter:data2\" content=\"4 minutos\" \/>\n<script type=\"application\/ld+json\" class=\"yoast-schema-graph\">{\"@context\":\"https:\/\/schema.org\",\"@graph\":[{\"@type\":\"Article\",\"@id\":\"https:\/\/jornalfatosenoticias.com.br\/index.php\/2021\/10\/01\/suzano-divulga-resultado-do-edital-quilombola\/#article\",\"isPartOf\":{\"@id\":\"https:\/\/jornalfatosenoticias.com.br\/index.php\/2021\/10\/01\/suzano-divulga-resultado-do-edital-quilombola\/\"},\"author\":{\"name\":\"Luzimara Fernandes\",\"@id\":\"https:\/\/jornalfatosenoticias.com.br\/#\/schema\/person\/d63837fa13ac8666eb9e74e0985d6f81\"},\"headline\":\"Suzano divulga resultado do Edital Quilombola\",\"datePublished\":\"2021-10-01T17:44:33+00:00\",\"dateModified\":\"2021-10-01T17:45:07+00:00\",\"mainEntityOfPage\":{\"@id\":\"https:\/\/jornalfatosenoticias.com.br\/index.php\/2021\/10\/01\/suzano-divulga-resultado-do-edital-quilombola\/\"},\"wordCount\":760,\"commentCount\":0,\"publisher\":{\"@id\":\"https:\/\/jornalfatosenoticias.com.br\/#organization\"},\"image\":{\"@id\":\"https:\/\/jornalfatosenoticias.com.br\/index.php\/2021\/10\/01\/suzano-divulga-resultado-do-edital-quilombola\/#primaryimage\"},\"thumbnailUrl\":\"https:\/\/jornalfatosenoticias.com.br\/wp-content\/uploads\/2021\/10\/quilombo-ES_leonardo-sa.jpg\",\"keywords\":[\"agricultura\",\"comunidades quilombolas\",\"Conaq\",\"Edital Quilombola\",\"quilombos\",\"Suzano\"],\"articleSection\":[\"Economia\"],\"inLanguage\":\"pt-BR\",\"potentialAction\":[{\"@type\":\"CommentAction\",\"name\":\"Comment\",\"target\":[\"https:\/\/jornalfatosenoticias.com.br\/index.php\/2021\/10\/01\/suzano-divulga-resultado-do-edital-quilombola\/#respond\"]}]},{\"@type\":\"WebPage\",\"@id\":\"https:\/\/jornalfatosenoticias.com.br\/index.php\/2021\/10\/01\/suzano-divulga-resultado-do-edital-quilombola\/\",\"url\":\"https:\/\/jornalfatosenoticias.com.br\/index.php\/2021\/10\/01\/suzano-divulga-resultado-do-edital-quilombola\/\",\"name\":\"Suzano divulga resultado do Edital Quilombola - Jornal Fatos e Not\u00edcias\",\"isPartOf\":{\"@id\":\"https:\/\/jornalfatosenoticias.com.br\/#website\"},\"primaryImageOfPage\":{\"@id\":\"https:\/\/jornalfatosenoticias.com.br\/index.php\/2021\/10\/01\/suzano-divulga-resultado-do-edital-quilombola\/#primaryimage\"},\"image\":{\"@id\":\"https:\/\/jornalfatosenoticias.com.br\/index.php\/2021\/10\/01\/suzano-divulga-resultado-do-edital-quilombola\/#primaryimage\"},\"thumbnailUrl\":\"https:\/\/jornalfatosenoticias.com.br\/wp-content\/uploads\/2021\/10\/quilombo-ES_leonardo-sa.jpg\",\"datePublished\":\"2021-10-01T17:44:33+00:00\",\"dateModified\":\"2021-10-01T17:45:07+00:00\",\"breadcrumb\":{\"@id\":\"https:\/\/jornalfatosenoticias.com.br\/index.php\/2021\/10\/01\/suzano-divulga-resultado-do-edital-quilombola\/#breadcrumb\"},\"inLanguage\":\"pt-BR\",\"potentialAction\":[{\"@type\":\"ReadAction\",\"target\":[\"https:\/\/jornalfatosenoticias.com.br\/index.php\/2021\/10\/01\/suzano-divulga-resultado-do-edital-quilombola\/\"]}]},{\"@type\":\"ImageObject\",\"inLanguage\":\"pt-BR\",\"@id\":\"https:\/\/jornalfatosenoticias.com.br\/index.php\/2021\/10\/01\/suzano-divulga-resultado-do-edital-quilombola\/#primaryimage\",\"url\":\"https:\/\/jornalfatosenoticias.com.br\/wp-content\/uploads\/2021\/10\/quilombo-ES_leonardo-sa.jpg\",\"contentUrl\":\"https:\/\/jornalfatosenoticias.com.br\/wp-content\/uploads\/2021\/10\/quilombo-ES_leonardo-sa.jpg\",\"width\":1000,\"height\":666,\"caption\":\"created by dji camera\"},{\"@type\":\"BreadcrumbList\",\"@id\":\"https:\/\/jornalfatosenoticias.com.br\/index.php\/2021\/10\/01\/suzano-divulga-resultado-do-edital-quilombola\/#breadcrumb\",\"itemListElement\":[{\"@type\":\"ListItem\",\"position\":1,\"name\":\"In\u00edcio\",\"item\":\"https:\/\/jornalfatosenoticias.com.br\/\"},{\"@type\":\"ListItem\",\"position\":2,\"name\":\"Suzano divulga resultado do Edital Quilombola\"}]},{\"@type\":\"WebSite\",\"@id\":\"https:\/\/jornalfatosenoticias.com.br\/#website\",\"url\":\"https:\/\/jornalfatosenoticias.com.br\/\",\"name\":\"Jornal Fatos e Not\u00edcias\",\"description\":\"Not\u00edcias em geral\",\"publisher\":{\"@id\":\"https:\/\/jornalfatosenoticias.com.br\/#organization\"},\"potentialAction\":[{\"@type\":\"SearchAction\",\"target\":{\"@type\":\"EntryPoint\",\"urlTemplate\":\"https:\/\/jornalfatosenoticias.com.br\/?s={search_term_string}\"},\"query-input\":{\"@type\":\"PropertyValueSpecification\",\"valueRequired\":true,\"valueName\":\"search_term_string\"}}],\"inLanguage\":\"pt-BR\"},{\"@type\":\"Organization\",\"@id\":\"https:\/\/jornalfatosenoticias.com.br\/#organization\",\"name\":\"Jornal Fatos e Not\u00edcias\",\"url\":\"https:\/\/jornalfatosenoticias.com.br\/\",\"logo\":{\"@type\":\"ImageObject\",\"inLanguage\":\"pt-BR\",\"@id\":\"https:\/\/jornalfatosenoticias.com.br\/#\/schema\/logo\/image\/\",\"url\":\"https:\/\/jornalfatosenoticias.com.br\/wp-content\/uploads\/2020\/02\/logo120.png\",\"contentUrl\":\"https:\/\/jornalfatosenoticias.com.br\/wp-content\/uploads\/2020\/02\/logo120.png\",\"width\":1227,\"height\":120,\"caption\":\"Jornal Fatos e Not\u00edcias\"},\"image\":{\"@id\":\"https:\/\/jornalfatosenoticias.com.br\/#\/schema\/logo\/image\/\"}},{\"@type\":\"Person\",\"@id\":\"https:\/\/jornalfatosenoticias.com.br\/#\/schema\/person\/d63837fa13ac8666eb9e74e0985d6f81\",\"name\":\"Luzimara Fernandes\",\"image\":{\"@type\":\"ImageObject\",\"inLanguage\":\"pt-BR\",\"@id\":\"https:\/\/jornalfatosenoticias.com.br\/#\/schema\/person\/image\/\",\"url\":\"https:\/\/jornalfatosenoticias.com.br\/wp-content\/uploads\/2025\/05\/EU_portal.jpg\",\"contentUrl\":\"https:\/\/jornalfatosenoticias.com.br\/wp-content\/uploads\/2025\/05\/EU_portal.jpg\",\"caption\":\"Luzimara Fernandes\"},\"description\":\"Jornalista MTB 2358-ES\",\"sameAs\":[\"https:\/\/jornalfatosenoticias.com.br\"],\"url\":\"https:\/\/jornalfatosenoticias.com.br\/index.php\/author\/luzimara\/\"}]}<\/script>\n<!-- \/ Yoast SEO plugin. -->","yoast_head_json":{"title":"Suzano divulga resultado do Edital Quilombola - Jornal Fatos e Not\u00edcias","robots":{"index":"index","follow":"follow","max-snippet":"max-snippet:-1","max-image-preview":"max-image-preview:large","max-video-preview":"max-video-preview:-1"},"canonical":"https:\/\/jornalfatosenoticias.com.br\/index.php\/2021\/10\/01\/suzano-divulga-resultado-do-edital-quilombola\/","og_locale":"pt_BR","og_type":"article","og_title":"Suzano divulga resultado do Edital Quilombola - Jornal Fatos e Not\u00edcias","og_description":"A empresa destinar\u00e1 meio milh\u00e3o para o apoio de 46 projetos de comunidades tradicionais quilombolas localizadas no Esp\u00edrito Santo e na Bahia A Suzano apresenta os projetos aprovados no Edital Quilombola, lan\u00e7ado em agosto deste ano. Ser\u00e3o beneficiadas 46 iniciativas, divididas entre o Esp\u00edrito Santo e a Bahia, que receber\u00e3o o apoio da empresa, por [&hellip;]","og_url":"https:\/\/jornalfatosenoticias.com.br\/index.php\/2021\/10\/01\/suzano-divulga-resultado-do-edital-quilombola\/","og_site_name":"Jornal Fatos e Not\u00edcias","article_published_time":"2021-10-01T17:44:33+00:00","article_modified_time":"2021-10-01T17:45:07+00:00","og_image":[{"width":1000,"height":666,"url":"https:\/\/jornalfatosenoticias.com.br\/wp-content\/uploads\/2021\/10\/quilombo-ES_leonardo-sa.jpg","type":"image\/jpeg"}],"author":"Luzimara Fernandes","twitter_card":"summary_large_image","twitter_misc":{"Escrito por":"Luzimara Fernandes","Est. tempo de leitura":"4 minutos"},"schema":{"@context":"https:\/\/schema.org","@graph":[{"@type":"Article","@id":"https:\/\/jornalfatosenoticias.com.br\/index.php\/2021\/10\/01\/suzano-divulga-resultado-do-edital-quilombola\/#article","isPartOf":{"@id":"https:\/\/jornalfatosenoticias.com.br\/index.php\/2021\/10\/01\/suzano-divulga-resultado-do-edital-quilombola\/"},"author":{"name":"Luzimara Fernandes","@id":"https:\/\/jornalfatosenoticias.com.br\/#\/schema\/person\/d63837fa13ac8666eb9e74e0985d6f81"},"headline":"Suzano divulga resultado do Edital Quilombola","datePublished":"2021-10-01T17:44:33+00:00","dateModified":"2021-10-01T17:45:07+00:00","mainEntityOfPage":{"@id":"https:\/\/jornalfatosenoticias.com.br\/index.php\/2021\/10\/01\/suzano-divulga-resultado-do-edital-quilombola\/"},"wordCount":760,"commentCount":0,"publisher":{"@id":"https:\/\/jornalfatosenoticias.com.br\/#organization"},"image":{"@id":"https:\/\/jornalfatosenoticias.com.br\/index.php\/2021\/10\/01\/suzano-divulga-resultado-do-edital-quilombola\/#primaryimage"},"thumbnailUrl":"https:\/\/jornalfatosenoticias.com.br\/wp-content\/uploads\/2021\/10\/quilombo-ES_leonardo-sa.jpg","keywords":["agricultura","comunidades quilombolas","Conaq","Edital Quilombola","quilombos","Suzano"],"articleSection":["Economia"],"inLanguage":"pt-BR","potentialAction":[{"@type":"CommentAction","name":"Comment","target":["https:\/\/jornalfatosenoticias.com.br\/index.php\/2021\/10\/01\/suzano-divulga-resultado-do-edital-quilombola\/#respond"]}]},{"@type":"WebPage","@id":"https:\/\/jornalfatosenoticias.com.br\/index.php\/2021\/10\/01\/suzano-divulga-resultado-do-edital-quilombola\/","url":"https:\/\/jornalfatosenoticias.com.br\/index.php\/2021\/10\/01\/suzano-divulga-resultado-do-edital-quilombola\/","name":"Suzano divulga resultado do Edital Quilombola - Jornal Fatos e Not\u00edcias","isPartOf":{"@id":"https:\/\/jornalfatosenoticias.com.br\/#website"},"primaryImageOfPage":{"@id":"https:\/\/jornalfatosenoticias.com.br\/index.php\/2021\/10\/01\/suzano-divulga-resultado-do-edital-quilombola\/#primaryimage"},"image":{"@id":"https:\/\/jornalfatosenoticias.com.br\/index.php\/2021\/10\/01\/suzano-divulga-resultado-do-edital-quilombola\/#primaryimage"},"thumbnailUrl":"https:\/\/jornalfatosenoticias.com.br\/wp-content\/uploads\/2021\/10\/quilombo-ES_leonardo-sa.jpg","datePublished":"2021-10-01T17:44:33+00:00","dateModified":"2021-10-01T17:45:07+00:00","breadcrumb":{"@id":"https:\/\/jornalfatosenoticias.com.br\/index.php\/2021\/10\/01\/suzano-divulga-resultado-do-edital-quilombola\/#breadcrumb"},"inLanguage":"pt-BR","potentialAction":[{"@type":"ReadAction","target":["https:\/\/jornalfatosenoticias.com.br\/index.php\/2021\/10\/01\/suzano-divulga-resultado-do-edital-quilombola\/"]}]},{"@type":"ImageObject","inLanguage":"pt-BR","@id":"https:\/\/jornalfatosenoticias.com.br\/index.php\/2021\/10\/01\/suzano-divulga-resultado-do-edital-quilombola\/#primaryimage","url":"https:\/\/jornalfatosenoticias.com.br\/wp-content\/uploads\/2021\/10\/quilombo-ES_leonardo-sa.jpg","contentUrl":"https:\/\/jornalfatosenoticias.com.br\/wp-content\/uploads\/2021\/10\/quilombo-ES_leonardo-sa.jpg","width":1000,"height":666,"caption":"created by dji camera"},{"@type":"BreadcrumbList","@id":"https:\/\/jornalfatosenoticias.com.br\/index.php\/2021\/10\/01\/suzano-divulga-resultado-do-edital-quilombola\/#breadcrumb","itemListElement":[{"@type":"ListItem","position":1,"name":"In\u00edcio","item":"https:\/\/jornalfatosenoticias.com.br\/"},{"@type":"ListItem","position":2,"name":"Suzano divulga resultado do Edital Quilombola"}]},{"@type":"WebSite","@id":"https:\/\/jornalfatosenoticias.com.br\/#website","url":"https:\/\/jornalfatosenoticias.com.br\/","name":"Jornal Fatos e Not\u00edcias","description":"Not\u00edcias em geral","publisher":{"@id":"https:\/\/jornalfatosenoticias.com.br\/#organization"},"potentialAction":[{"@type":"SearchAction","target":{"@type":"EntryPoint","urlTemplate":"https:\/\/jornalfatosenoticias.com.br\/?s={search_term_string}"},"query-input":{"@type":"PropertyValueSpecification","valueRequired":true,"valueName":"search_term_string"}}],"inLanguage":"pt-BR"},{"@type":"Organization","@id":"https:\/\/jornalfatosenoticias.com.br\/#organization","name":"Jornal Fatos e Not\u00edcias","url":"https:\/\/jornalfatosenoticias.com.br\/","logo":{"@type":"ImageObject","inLanguage":"pt-BR","@id":"https:\/\/jornalfatosenoticias.com.br\/#\/schema\/logo\/image\/","url":"https:\/\/jornalfatosenoticias.com.br\/wp-content\/uploads\/2020\/02\/logo120.png","contentUrl":"https:\/\/jornalfatosenoticias.com.br\/wp-content\/uploads\/2020\/02\/logo120.png","width":1227,"height":120,"caption":"Jornal Fatos e Not\u00edcias"},"image":{"@id":"https:\/\/jornalfatosenoticias.com.br\/#\/schema\/logo\/image\/"}},{"@type":"Person","@id":"https:\/\/jornalfatosenoticias.com.br\/#\/schema\/person\/d63837fa13ac8666eb9e74e0985d6f81","name":"Luzimara Fernandes","image":{"@type":"ImageObject","inLanguage":"pt-BR","@id":"https:\/\/jornalfatosenoticias.com.br\/#\/schema\/person\/image\/","url":"https:\/\/jornalfatosenoticias.com.br\/wp-content\/uploads\/2025\/05\/EU_portal.jpg","contentUrl":"https:\/\/jornalfatosenoticias.com.br\/wp-content\/uploads\/2025\/05\/EU_portal.jpg","caption":"Luzimara Fernandes"},"description":"Jornalista MTB 2358-ES","sameAs":["https:\/\/jornalfatosenoticias.com.br"],"url":"https:\/\/jornalfatosenoticias.com.br\/index.php\/author\/luzimara\/"}]}},"cc_featured_image_caption":{"caption_text":"(Foto: Leonardo S\u00e1) ","source_text":"","source_url":""},"jetpack_featured_media_url":"https:\/\/jornalfatosenoticias.com.br\/wp-content\/uploads\/2021\/10\/quilombo-ES_leonardo-sa.jpg","_links":{"self":[{"href":"https:\/\/jornalfatosenoticias.com.br\/index.php\/wp-json\/wp\/v2\/posts\/23468","targetHints":{"allow":["GET"]}}],"collection":[{"href":"https:\/\/jornalfatosenoticias.com.br\/index.php\/wp-json\/wp\/v2\/posts"}],"about":[{"href":"https:\/\/jornalfatosenoticias.com.br\/index.php\/wp-json\/wp\/v2\/types\/post"}],"author":[{"embeddable":true,"href":"https:\/\/jornalfatosenoticias.com.br\/index.php\/wp-json\/wp\/v2\/users\/2"}],"replies":[{"embeddable":true,"href":"https:\/\/jornalfatosenoticias.com.br\/index.php\/wp-json\/wp\/v2\/comments?post=23468"}],"version-history":[{"count":0,"href":"https:\/\/jornalfatosenoticias.com.br\/index.php\/wp-json\/wp\/v2\/posts\/23468\/revisions"}],"wp:featuredmedia":[{"embeddable":true,"href":"https:\/\/jornalfatosenoticias.com.br\/index.php\/wp-json\/wp\/v2\/media\/23469"}],"wp:attachment":[{"href":"https:\/\/jornalfatosenoticias.com.br\/index.php\/wp-json\/wp\/v2\/media?parent=23468"}],"wp:term":[{"taxonomy":"category","embeddable":true,"href":"https:\/\/jornalfatosenoticias.com.br\/index.php\/wp-json\/wp\/v2\/categories?post=23468"},{"taxonomy":"post_tag","embeddable":true,"href":"https:\/\/jornalfatosenoticias.com.br\/index.php\/wp-json\/wp\/v2\/tags?post=23468"}],"curies":[{"name":"wp","href":"https:\/\/api.w.org\/{rel}","templated":true}]}}