{"id":23499,"date":"2021-10-01T16:22:05","date_gmt":"2021-10-01T19:22:05","guid":{"rendered":"https:\/\/jornalfatosenoticias.com.br\/?p=23499"},"modified":"2021-10-01T16:22:06","modified_gmt":"2021-10-01T19:22:06","slug":"por-que-os-holandeses-estao-encolhendo","status":"publish","type":"post","link":"https:\/\/jornalfatosenoticias.com.br\/index.php\/2021\/10\/01\/por-que-os-holandeses-estao-encolhendo\/","title":{"rendered":"Por que os holandeses est\u00e3o encolhendo?"},"content":{"rendered":"\n<p>H\u00e1 d\u00e9cadas, a Holanda se orgulha de ter a <a href=\"https:\/\/olhardigital.com.br\/2021\/06\/28\/reviews\/metade-da-populacao-possui-smartphone-revela-relatorio\/\" target=\"_blank\" rel=\"noreferrer noopener\">popula\u00e7\u00e3o\u00a0<\/a>considerada a mais alta do mundo. De acordo com o Escrit\u00f3rio Central de Estat\u00edsticas dos Pa\u00edses Baixos (CBS), os holandeses t\u00eam estatura maior do que\u00a0<a href=\"https:\/\/olhardigital.com.br\/2021\/06\/14\/seguranca\/algumas-marcas-querem-colocar-anuncios-nos-sonhos-das-pessoas-denunciam-cientistas\/\" target=\"_blank\" rel=\"noreferrer noopener\">pessoas<\/a> de outras na\u00e7\u00f5es desde 1958.<br>No entanto, um estudo recente aponta que a \u00faltima gera\u00e7\u00e3o diminuiu de tamanho em compara\u00e7\u00e3o \u00e0 anterior. Em m\u00e9dia, os homens est\u00e3o 1cm mais baixos, e as mulheres perderam 1,4cm.<br>Embora existam muitas linhas de pesquisa tentando encontrar um motivo para isso, especialistas garantem que nada ainda \u00e9 100% conclusivo.<\/p>\n\n\n\n<p><strong><span class=\"has-inline-color has-black-color\">Holandeses s\u00e3o o povo mais alto desde o s\u00e9culo passado<br><\/span><\/strong>Em seu site, o CBS informa que a tend\u00eancia para uma estatura mais alta na Holanda come\u00e7ou h\u00e1 aproximadamente um s\u00e9culo. O escrit\u00f3rio promove censos de sa\u00fade a cada quatro anos, que incluem a medi\u00e7\u00e3o da estatura.<br>De acordo com o \u00faltimo levantamento, em 2020, os homens holandeses de 19 anos alcan\u00e7aram uma altura m\u00e9dia de 1,829 metros, enquanto a altura das mulheres foi de 1,693m.<br>Gera\u00e7\u00e3o a gera\u00e7\u00e3o, o crescimento dos holandeses tem uma progress\u00e3o cont\u00ednua e r\u00e1pida, com uma m\u00e9dia de 8,3cm adicionados \u00e0 altura dos homens nascidos em 1980 em compara\u00e7\u00e3o com os nascidos em 1930. Em rela\u00e7\u00e3o \u00e0s mulheres, no mesmo intervalo de tempo, elas cresceram 5,3cm.<br>\u201cBebemos muito leite neste pa\u00eds\u201d, declarou Ruben van Gaalen, pesquisador estat\u00edstico do CBS e professor de Sociologia da Universidade de Amsterdam, \u00e0 BBC News, dando uma das explica\u00e7\u00f5es poss\u00edveis para a altura de seu povo.<br>Brincadeiras \u00e0 parte, ele elencou outros fatores.<\/p>\n\n\n\n<blockquote class=\"wp-block-quote is-layout-flow wp-block-quote-is-layout-flow\"><p><span class=\"has-inline-color has-luminous-vivid-orange-color\">\u201cPode ser o padr\u00e3o de vida. Se olharmos o \u00edndice de desenvolvimento humano de todos os pa\u00edses, a Holanda est\u00e1 entre os primeiros. Outros, como a Dinamarca, t\u00eam um \u00edndice semelhante e tamb\u00e9m t\u00eam popula\u00e7\u00f5es altas\u201d.<\/span><\/p><\/blockquote>\n\n\n\n<p>Outra raz\u00e3o apontada por van Gaalen \u00e9 um fen\u00f4meno de sele\u00e7\u00e3o natural. \u201cTer uma altura maior permite \u00e0s pessoas enxergar mais longe\u201d.<br>Ele tamb\u00e9m afirmou que existem estudos sobre a rela\u00e7\u00e3o entre altura e renda. \u201cQuanto mais alto, mais dinheiro voc\u00ea ganha. Se voc\u00ea for alto, d\u00e1 a impress\u00e3o de ter maior autoridade e talvez as pessoas o escutem mais, voc\u00ea adquire mais prest\u00edgio social\u201d, explicou, acrescentando que, de maneira geral, as mulheres se sentem atra\u00eddas pelos homens que s\u00e3o mais altos do que elas.<br>Essa \u00e9 a raz\u00e3o, segundo o pesquisador, pela qual os homens mais altos tendem a ter mais op\u00e7\u00f5es ao selecionar suas parceiras.<\/p>\n\n\n\n<figure class=\"wp-block-image size-large is-style-default\"><img loading=\"lazy\" decoding=\"async\" width=\"1000\" height=\"666\" src=\"https:\/\/jornalfatosenoticias.com.br\/wp-content\/uploads\/2021\/10\/homem-alto-e-mulher_holandeses-encolhendo2.jpg\" alt=\"\" class=\"wp-image-23500\" srcset=\"https:\/\/jornalfatosenoticias.com.br\/wp-content\/uploads\/2021\/10\/homem-alto-e-mulher_holandeses-encolhendo2.jpg 1000w, https:\/\/jornalfatosenoticias.com.br\/wp-content\/uploads\/2021\/10\/homem-alto-e-mulher_holandeses-encolhendo2-300x200.jpg 300w, https:\/\/jornalfatosenoticias.com.br\/wp-content\/uploads\/2021\/10\/homem-alto-e-mulher_holandeses-encolhendo2-768x511.jpg 768w\" sizes=\"auto, (max-width: 1000px) 100vw, 1000px\" \/><figcaption><em><span class=\"has-inline-color has-black-color\">Homens e mulheres nascidos na Holanda nos anos 2000 perderam estatura em rela\u00e7\u00e3o aos nascidos na d\u00e9cada de 1980 (Foto: Andrei Korzhyts\/Shutterstock)<\/span><\/em><\/figcaption><\/figure>\n\n\n\n<p><strong><span class=\"has-inline-color has-black-color\">Imigra\u00e7\u00e3o e mudan\u00e7a na dieta do holand\u00eas podem explicar altera\u00e7\u00e3o de perfil<br><\/span><\/strong>Acontece que, de acordo com o novo estudo do CBS, esse quadro vem mudando. A pesquisa obteve medi\u00e7\u00f5es fornecidas pessoalmente por 719 mil entrevistados, com idades entre 19 e 60 anos.<br>Segundo os especialistas, entre as raz\u00f5es para esse fen\u00f4meno podem estar o aumento da imigra\u00e7\u00e3o e as mudan\u00e7as na dieta alimentar, bem como efeitos das crises econ\u00f4micas.<br>\u201cA migra\u00e7\u00e3o \u00e9 um fator\u201d, disse van Gaalen. \u201cSe somos as pessoas mais altas do mundo, por defini\u00e7\u00e3o os migrantes s\u00e3o mais baixos, sua composi\u00e7\u00e3o gen\u00e9tica \u00e9 a de pessoas mais baixas\u201d.<br>No entanto, a estagna\u00e7\u00e3o de estatura tamb\u00e9m foi observada nas gera\u00e7\u00f5es com pai e m\u00e3e nativos da Holanda, e o mesmo aconteceu com as gera\u00e7\u00f5es cujos quatro av\u00f3s nasceram naquele pa\u00eds.<br>De acordo com o estudo, tanto os homens sem hist\u00f3rico de imigra\u00e7\u00e3o n\u00e3o ficaram mais altos quanto as mulheres na mesma condi\u00e7\u00e3o mostraram uma tend\u00eancia de queda na estatura.<br>Outra poss\u00edvel teoria citada por Ruben van Gaalen \u00e9 que a diminui\u00e7\u00e3o da altura m\u00e9dia pode ser devido a um limite biol\u00f3gico, j\u00e1 que o indiv\u00edduo n\u00e3o conseguiria crescer para al\u00e9m de um determinado limite.<br>De qualquer forma, o que mais preocupa os pesquisadores \u00e9 que isso se deva a uma mudan\u00e7a no estilo de vida e ao aumento do consumo cal\u00f3rico durante a fase de crescimento dos jovens.<br>\u201cO \u00edndice de massa corporal (IMC) em crian\u00e7as tem aumentado ao longo do tempo, em todas as classes sociais, e isso pode fazer com que as pessoas n\u00e3o cres\u00e7am tanto quanto antes\u201d, explicou van Gaalen.<br>Ele alerta que, se esse efeito tem rela\u00e7\u00e3o com um estilo de vida menos saud\u00e1vel, isso deve ser investigado, pois est\u00e1 relacionado \u00e0 expectativa de vida. \u201cDeixamos de <a href=\"https:\/\/olhardigital.com.br\/2021\/06\/01\/medicina-e-saude\/fumar-durante-a-puberdade-pode-causar-problemas-nos-futuros-filhos-aponta-estudo\/\" target=\"_blank\" rel=\"noreferrer noopener\">fumar\u00a0<\/a>tanto quanto antes, mas temos uma\u00a0<a href=\"https:\/\/olhardigital.com.br\/2021\/04\/14\/coronavirus\/sedentarismo-pode-causar-maior-risco-de-morte-por-covid-19-diz-pesquisa\/\" target=\"_blank\" rel=\"noreferrer noopener\">vida mais sedent\u00e1ria<\/a> e consumimos mais calorias e ganhamos peso. Por isso, o efeito indireto de n\u00e3o ser t\u00e3o alto como antes \u00e9 mais preocupante do que o fato de n\u00e3o ser t\u00e3o alto\u201d, concluiu.<\/p>\n\n\n\n<p><strong><em>Fonte: <a href=\"https:\/\/olhardigital.com.br\/2021\/09\/30\/ciencia-e-espaco\/por-que-os-holandeses-estao-encolhendo\/\">Olhar Digital<\/a><\/em><\/strong><\/p>\n","protected":false},"excerpt":{"rendered":"<p>H\u00e1 d\u00e9cadas, a Holanda se orgulha de ter a popula\u00e7\u00e3o\u00a0considerada a mais alta do mundo. De acordo com o Escrit\u00f3rio Central de Estat\u00edsticas dos Pa\u00edses Baixos (CBS), os holandeses t\u00eam estatura maior do que\u00a0pessoas de outras na\u00e7\u00f5es desde 1958.No entanto, um estudo recente aponta que a \u00faltima gera\u00e7\u00e3o diminuiu de tamanho em compara\u00e7\u00e3o \u00e0 anterior. [&hellip;]<\/p>\n","protected":false},"author":2,"featured_media":23501,"comment_status":"open","ping_status":"open","sticky":false,"template":"","format":"standard","meta":{"footnotes":""},"categories":[41],"tags":[6351,5797,2346,11404,8057],"class_list":["post-23499","post","type-post","status-publish","format-standard","has-post-thumbnail","hentry","category-internacional","tag-altura","tag-estatura","tag-holanda","tag-imigracao","tag-pesquisa-cientifica"],"yoast_head":"<!-- This site is optimized with the Yoast SEO plugin v26.5 - https:\/\/yoast.com\/wordpress\/plugins\/seo\/ -->\n<title>Por que os holandeses est\u00e3o encolhendo? - Jornal Fatos e Not\u00edcias<\/title>\n<meta name=\"robots\" content=\"index, follow, max-snippet:-1, max-image-preview:large, max-video-preview:-1\" \/>\n<link rel=\"canonical\" href=\"https:\/\/jornalfatosenoticias.com.br\/index.php\/2021\/10\/01\/por-que-os-holandeses-estao-encolhendo\/\" \/>\n<meta property=\"og:locale\" content=\"pt_BR\" \/>\n<meta property=\"og:type\" content=\"article\" \/>\n<meta property=\"og:title\" content=\"Por que os holandeses est\u00e3o encolhendo? - Jornal Fatos e Not\u00edcias\" \/>\n<meta property=\"og:description\" content=\"H\u00e1 d\u00e9cadas, a Holanda se orgulha de ter a popula\u00e7\u00e3o\u00a0considerada a mais alta do mundo. De acordo com o Escrit\u00f3rio Central de Estat\u00edsticas dos Pa\u00edses Baixos (CBS), os holandeses t\u00eam estatura maior do que\u00a0pessoas de outras na\u00e7\u00f5es desde 1958.No entanto, um estudo recente aponta que a \u00faltima gera\u00e7\u00e3o diminuiu de tamanho em compara\u00e7\u00e3o \u00e0 anterior. [&hellip;]\" \/>\n<meta property=\"og:url\" content=\"https:\/\/jornalfatosenoticias.com.br\/index.php\/2021\/10\/01\/por-que-os-holandeses-estao-encolhendo\/\" \/>\n<meta property=\"og:site_name\" content=\"Jornal Fatos e Not\u00edcias\" \/>\n<meta property=\"article:published_time\" content=\"2021-10-01T19:22:05+00:00\" \/>\n<meta property=\"article:modified_time\" content=\"2021-10-01T19:22:06+00:00\" \/>\n<meta property=\"og:image\" content=\"https:\/\/jornalfatosenoticias.com.br\/wp-content\/uploads\/2021\/10\/holandes-1.jpg\" \/>\n\t<meta property=\"og:image:width\" content=\"1000\" \/>\n\t<meta property=\"og:image:height\" content=\"450\" \/>\n\t<meta property=\"og:image:type\" content=\"image\/jpeg\" \/>\n<meta name=\"author\" content=\"Luzimara Fernandes\" \/>\n<meta name=\"twitter:card\" content=\"summary_large_image\" \/>\n<meta name=\"twitter:label1\" content=\"Escrito por\" \/>\n\t<meta name=\"twitter:data1\" content=\"Luzimara Fernandes\" \/>\n\t<meta name=\"twitter:label2\" content=\"Est. tempo de leitura\" \/>\n\t<meta name=\"twitter:data2\" content=\"4 minutos\" \/>\n<script type=\"application\/ld+json\" class=\"yoast-schema-graph\">{\"@context\":\"https:\/\/schema.org\",\"@graph\":[{\"@type\":\"Article\",\"@id\":\"https:\/\/jornalfatosenoticias.com.br\/index.php\/2021\/10\/01\/por-que-os-holandeses-estao-encolhendo\/#article\",\"isPartOf\":{\"@id\":\"https:\/\/jornalfatosenoticias.com.br\/index.php\/2021\/10\/01\/por-que-os-holandeses-estao-encolhendo\/\"},\"author\":{\"name\":\"Luzimara Fernandes\",\"@id\":\"https:\/\/jornalfatosenoticias.com.br\/#\/schema\/person\/d63837fa13ac8666eb9e74e0985d6f81\"},\"headline\":\"Por que os holandeses est\u00e3o encolhendo?\",\"datePublished\":\"2021-10-01T19:22:05+00:00\",\"dateModified\":\"2021-10-01T19:22:06+00:00\",\"mainEntityOfPage\":{\"@id\":\"https:\/\/jornalfatosenoticias.com.br\/index.php\/2021\/10\/01\/por-que-os-holandeses-estao-encolhendo\/\"},\"wordCount\":839,\"commentCount\":0,\"publisher\":{\"@id\":\"https:\/\/jornalfatosenoticias.com.br\/#organization\"},\"image\":{\"@id\":\"https:\/\/jornalfatosenoticias.com.br\/index.php\/2021\/10\/01\/por-que-os-holandeses-estao-encolhendo\/#primaryimage\"},\"thumbnailUrl\":\"https:\/\/jornalfatosenoticias.com.br\/wp-content\/uploads\/2021\/10\/holandes-1.jpg\",\"keywords\":[\"altura\",\"estatura\",\"Holanda\",\"imigra\u00e7\u00e3o\",\"pesquisa cient\u00edfica\"],\"articleSection\":[\"Internacional\"],\"inLanguage\":\"pt-BR\",\"potentialAction\":[{\"@type\":\"CommentAction\",\"name\":\"Comment\",\"target\":[\"https:\/\/jornalfatosenoticias.com.br\/index.php\/2021\/10\/01\/por-que-os-holandeses-estao-encolhendo\/#respond\"]}]},{\"@type\":\"WebPage\",\"@id\":\"https:\/\/jornalfatosenoticias.com.br\/index.php\/2021\/10\/01\/por-que-os-holandeses-estao-encolhendo\/\",\"url\":\"https:\/\/jornalfatosenoticias.com.br\/index.php\/2021\/10\/01\/por-que-os-holandeses-estao-encolhendo\/\",\"name\":\"Por que os holandeses est\u00e3o encolhendo? - Jornal Fatos e Not\u00edcias\",\"isPartOf\":{\"@id\":\"https:\/\/jornalfatosenoticias.com.br\/#website\"},\"primaryImageOfPage\":{\"@id\":\"https:\/\/jornalfatosenoticias.com.br\/index.php\/2021\/10\/01\/por-que-os-holandeses-estao-encolhendo\/#primaryimage\"},\"image\":{\"@id\":\"https:\/\/jornalfatosenoticias.com.br\/index.php\/2021\/10\/01\/por-que-os-holandeses-estao-encolhendo\/#primaryimage\"},\"thumbnailUrl\":\"https:\/\/jornalfatosenoticias.com.br\/wp-content\/uploads\/2021\/10\/holandes-1.jpg\",\"datePublished\":\"2021-10-01T19:22:05+00:00\",\"dateModified\":\"2021-10-01T19:22:06+00:00\",\"breadcrumb\":{\"@id\":\"https:\/\/jornalfatosenoticias.com.br\/index.php\/2021\/10\/01\/por-que-os-holandeses-estao-encolhendo\/#breadcrumb\"},\"inLanguage\":\"pt-BR\",\"potentialAction\":[{\"@type\":\"ReadAction\",\"target\":[\"https:\/\/jornalfatosenoticias.com.br\/index.php\/2021\/10\/01\/por-que-os-holandeses-estao-encolhendo\/\"]}]},{\"@type\":\"ImageObject\",\"inLanguage\":\"pt-BR\",\"@id\":\"https:\/\/jornalfatosenoticias.com.br\/index.php\/2021\/10\/01\/por-que-os-holandeses-estao-encolhendo\/#primaryimage\",\"url\":\"https:\/\/jornalfatosenoticias.com.br\/wp-content\/uploads\/2021\/10\/holandes-1.jpg\",\"contentUrl\":\"https:\/\/jornalfatosenoticias.com.br\/wp-content\/uploads\/2021\/10\/holandes-1.jpg\",\"width\":1000,\"height\":450},{\"@type\":\"BreadcrumbList\",\"@id\":\"https:\/\/jornalfatosenoticias.com.br\/index.php\/2021\/10\/01\/por-que-os-holandeses-estao-encolhendo\/#breadcrumb\",\"itemListElement\":[{\"@type\":\"ListItem\",\"position\":1,\"name\":\"In\u00edcio\",\"item\":\"https:\/\/jornalfatosenoticias.com.br\/\"},{\"@type\":\"ListItem\",\"position\":2,\"name\":\"Por que os holandeses est\u00e3o encolhendo?\"}]},{\"@type\":\"WebSite\",\"@id\":\"https:\/\/jornalfatosenoticias.com.br\/#website\",\"url\":\"https:\/\/jornalfatosenoticias.com.br\/\",\"name\":\"Jornal Fatos e Not\u00edcias\",\"description\":\"Not\u00edcias em geral\",\"publisher\":{\"@id\":\"https:\/\/jornalfatosenoticias.com.br\/#organization\"},\"potentialAction\":[{\"@type\":\"SearchAction\",\"target\":{\"@type\":\"EntryPoint\",\"urlTemplate\":\"https:\/\/jornalfatosenoticias.com.br\/?s={search_term_string}\"},\"query-input\":{\"@type\":\"PropertyValueSpecification\",\"valueRequired\":true,\"valueName\":\"search_term_string\"}}],\"inLanguage\":\"pt-BR\"},{\"@type\":\"Organization\",\"@id\":\"https:\/\/jornalfatosenoticias.com.br\/#organization\",\"name\":\"Jornal Fatos e Not\u00edcias\",\"url\":\"https:\/\/jornalfatosenoticias.com.br\/\",\"logo\":{\"@type\":\"ImageObject\",\"inLanguage\":\"pt-BR\",\"@id\":\"https:\/\/jornalfatosenoticias.com.br\/#\/schema\/logo\/image\/\",\"url\":\"https:\/\/jornalfatosenoticias.com.br\/wp-content\/uploads\/2020\/02\/logo120.png\",\"contentUrl\":\"https:\/\/jornalfatosenoticias.com.br\/wp-content\/uploads\/2020\/02\/logo120.png\",\"width\":1227,\"height\":120,\"caption\":\"Jornal Fatos e Not\u00edcias\"},\"image\":{\"@id\":\"https:\/\/jornalfatosenoticias.com.br\/#\/schema\/logo\/image\/\"}},{\"@type\":\"Person\",\"@id\":\"https:\/\/jornalfatosenoticias.com.br\/#\/schema\/person\/d63837fa13ac8666eb9e74e0985d6f81\",\"name\":\"Luzimara Fernandes\",\"image\":{\"@type\":\"ImageObject\",\"inLanguage\":\"pt-BR\",\"@id\":\"https:\/\/jornalfatosenoticias.com.br\/#\/schema\/person\/image\/\",\"url\":\"https:\/\/jornalfatosenoticias.com.br\/wp-content\/uploads\/2025\/05\/EU_portal.jpg\",\"contentUrl\":\"https:\/\/jornalfatosenoticias.com.br\/wp-content\/uploads\/2025\/05\/EU_portal.jpg\",\"caption\":\"Luzimara Fernandes\"},\"description\":\"Jornalista MTB 2358-ES\",\"sameAs\":[\"https:\/\/jornalfatosenoticias.com.br\"],\"url\":\"https:\/\/jornalfatosenoticias.com.br\/index.php\/author\/luzimara\/\"}]}<\/script>\n<!-- \/ Yoast SEO plugin. -->","yoast_head_json":{"title":"Por que os holandeses est\u00e3o encolhendo? - Jornal Fatos e Not\u00edcias","robots":{"index":"index","follow":"follow","max-snippet":"max-snippet:-1","max-image-preview":"max-image-preview:large","max-video-preview":"max-video-preview:-1"},"canonical":"https:\/\/jornalfatosenoticias.com.br\/index.php\/2021\/10\/01\/por-que-os-holandeses-estao-encolhendo\/","og_locale":"pt_BR","og_type":"article","og_title":"Por que os holandeses est\u00e3o encolhendo? - Jornal Fatos e Not\u00edcias","og_description":"H\u00e1 d\u00e9cadas, a Holanda se orgulha de ter a popula\u00e7\u00e3o\u00a0considerada a mais alta do mundo. De acordo com o Escrit\u00f3rio Central de Estat\u00edsticas dos Pa\u00edses Baixos (CBS), os holandeses t\u00eam estatura maior do que\u00a0pessoas de outras na\u00e7\u00f5es desde 1958.No entanto, um estudo recente aponta que a \u00faltima gera\u00e7\u00e3o diminuiu de tamanho em compara\u00e7\u00e3o \u00e0 anterior. [&hellip;]","og_url":"https:\/\/jornalfatosenoticias.com.br\/index.php\/2021\/10\/01\/por-que-os-holandeses-estao-encolhendo\/","og_site_name":"Jornal Fatos e Not\u00edcias","article_published_time":"2021-10-01T19:22:05+00:00","article_modified_time":"2021-10-01T19:22:06+00:00","og_image":[{"width":1000,"height":450,"url":"https:\/\/jornalfatosenoticias.com.br\/wp-content\/uploads\/2021\/10\/holandes-1.jpg","type":"image\/jpeg"}],"author":"Luzimara Fernandes","twitter_card":"summary_large_image","twitter_misc":{"Escrito por":"Luzimara Fernandes","Est. tempo de leitura":"4 minutos"},"schema":{"@context":"https:\/\/schema.org","@graph":[{"@type":"Article","@id":"https:\/\/jornalfatosenoticias.com.br\/index.php\/2021\/10\/01\/por-que-os-holandeses-estao-encolhendo\/#article","isPartOf":{"@id":"https:\/\/jornalfatosenoticias.com.br\/index.php\/2021\/10\/01\/por-que-os-holandeses-estao-encolhendo\/"},"author":{"name":"Luzimara Fernandes","@id":"https:\/\/jornalfatosenoticias.com.br\/#\/schema\/person\/d63837fa13ac8666eb9e74e0985d6f81"},"headline":"Por que os holandeses est\u00e3o encolhendo?","datePublished":"2021-10-01T19:22:05+00:00","dateModified":"2021-10-01T19:22:06+00:00","mainEntityOfPage":{"@id":"https:\/\/jornalfatosenoticias.com.br\/index.php\/2021\/10\/01\/por-que-os-holandeses-estao-encolhendo\/"},"wordCount":839,"commentCount":0,"publisher":{"@id":"https:\/\/jornalfatosenoticias.com.br\/#organization"},"image":{"@id":"https:\/\/jornalfatosenoticias.com.br\/index.php\/2021\/10\/01\/por-que-os-holandeses-estao-encolhendo\/#primaryimage"},"thumbnailUrl":"https:\/\/jornalfatosenoticias.com.br\/wp-content\/uploads\/2021\/10\/holandes-1.jpg","keywords":["altura","estatura","Holanda","imigra\u00e7\u00e3o","pesquisa cient\u00edfica"],"articleSection":["Internacional"],"inLanguage":"pt-BR","potentialAction":[{"@type":"CommentAction","name":"Comment","target":["https:\/\/jornalfatosenoticias.com.br\/index.php\/2021\/10\/01\/por-que-os-holandeses-estao-encolhendo\/#respond"]}]},{"@type":"WebPage","@id":"https:\/\/jornalfatosenoticias.com.br\/index.php\/2021\/10\/01\/por-que-os-holandeses-estao-encolhendo\/","url":"https:\/\/jornalfatosenoticias.com.br\/index.php\/2021\/10\/01\/por-que-os-holandeses-estao-encolhendo\/","name":"Por que os holandeses est\u00e3o encolhendo? - Jornal Fatos e Not\u00edcias","isPartOf":{"@id":"https:\/\/jornalfatosenoticias.com.br\/#website"},"primaryImageOfPage":{"@id":"https:\/\/jornalfatosenoticias.com.br\/index.php\/2021\/10\/01\/por-que-os-holandeses-estao-encolhendo\/#primaryimage"},"image":{"@id":"https:\/\/jornalfatosenoticias.com.br\/index.php\/2021\/10\/01\/por-que-os-holandeses-estao-encolhendo\/#primaryimage"},"thumbnailUrl":"https:\/\/jornalfatosenoticias.com.br\/wp-content\/uploads\/2021\/10\/holandes-1.jpg","datePublished":"2021-10-01T19:22:05+00:00","dateModified":"2021-10-01T19:22:06+00:00","breadcrumb":{"@id":"https:\/\/jornalfatosenoticias.com.br\/index.php\/2021\/10\/01\/por-que-os-holandeses-estao-encolhendo\/#breadcrumb"},"inLanguage":"pt-BR","potentialAction":[{"@type":"ReadAction","target":["https:\/\/jornalfatosenoticias.com.br\/index.php\/2021\/10\/01\/por-que-os-holandeses-estao-encolhendo\/"]}]},{"@type":"ImageObject","inLanguage":"pt-BR","@id":"https:\/\/jornalfatosenoticias.com.br\/index.php\/2021\/10\/01\/por-que-os-holandeses-estao-encolhendo\/#primaryimage","url":"https:\/\/jornalfatosenoticias.com.br\/wp-content\/uploads\/2021\/10\/holandes-1.jpg","contentUrl":"https:\/\/jornalfatosenoticias.com.br\/wp-content\/uploads\/2021\/10\/holandes-1.jpg","width":1000,"height":450},{"@type":"BreadcrumbList","@id":"https:\/\/jornalfatosenoticias.com.br\/index.php\/2021\/10\/01\/por-que-os-holandeses-estao-encolhendo\/#breadcrumb","itemListElement":[{"@type":"ListItem","position":1,"name":"In\u00edcio","item":"https:\/\/jornalfatosenoticias.com.br\/"},{"@type":"ListItem","position":2,"name":"Por que os holandeses est\u00e3o encolhendo?"}]},{"@type":"WebSite","@id":"https:\/\/jornalfatosenoticias.com.br\/#website","url":"https:\/\/jornalfatosenoticias.com.br\/","name":"Jornal Fatos e Not\u00edcias","description":"Not\u00edcias em geral","publisher":{"@id":"https:\/\/jornalfatosenoticias.com.br\/#organization"},"potentialAction":[{"@type":"SearchAction","target":{"@type":"EntryPoint","urlTemplate":"https:\/\/jornalfatosenoticias.com.br\/?s={search_term_string}"},"query-input":{"@type":"PropertyValueSpecification","valueRequired":true,"valueName":"search_term_string"}}],"inLanguage":"pt-BR"},{"@type":"Organization","@id":"https:\/\/jornalfatosenoticias.com.br\/#organization","name":"Jornal Fatos e Not\u00edcias","url":"https:\/\/jornalfatosenoticias.com.br\/","logo":{"@type":"ImageObject","inLanguage":"pt-BR","@id":"https:\/\/jornalfatosenoticias.com.br\/#\/schema\/logo\/image\/","url":"https:\/\/jornalfatosenoticias.com.br\/wp-content\/uploads\/2020\/02\/logo120.png","contentUrl":"https:\/\/jornalfatosenoticias.com.br\/wp-content\/uploads\/2020\/02\/logo120.png","width":1227,"height":120,"caption":"Jornal Fatos e Not\u00edcias"},"image":{"@id":"https:\/\/jornalfatosenoticias.com.br\/#\/schema\/logo\/image\/"}},{"@type":"Person","@id":"https:\/\/jornalfatosenoticias.com.br\/#\/schema\/person\/d63837fa13ac8666eb9e74e0985d6f81","name":"Luzimara Fernandes","image":{"@type":"ImageObject","inLanguage":"pt-BR","@id":"https:\/\/jornalfatosenoticias.com.br\/#\/schema\/person\/image\/","url":"https:\/\/jornalfatosenoticias.com.br\/wp-content\/uploads\/2025\/05\/EU_portal.jpg","contentUrl":"https:\/\/jornalfatosenoticias.com.br\/wp-content\/uploads\/2025\/05\/EU_portal.jpg","caption":"Luzimara Fernandes"},"description":"Jornalista MTB 2358-ES","sameAs":["https:\/\/jornalfatosenoticias.com.br"],"url":"https:\/\/jornalfatosenoticias.com.br\/index.php\/author\/luzimara\/"}]}},"cc_featured_image_caption":{"caption_text":"(Foto: Shutterstock) ","source_text":"","source_url":""},"jetpack_featured_media_url":"https:\/\/jornalfatosenoticias.com.br\/wp-content\/uploads\/2021\/10\/holandes-1.jpg","_links":{"self":[{"href":"https:\/\/jornalfatosenoticias.com.br\/index.php\/wp-json\/wp\/v2\/posts\/23499","targetHints":{"allow":["GET"]}}],"collection":[{"href":"https:\/\/jornalfatosenoticias.com.br\/index.php\/wp-json\/wp\/v2\/posts"}],"about":[{"href":"https:\/\/jornalfatosenoticias.com.br\/index.php\/wp-json\/wp\/v2\/types\/post"}],"author":[{"embeddable":true,"href":"https:\/\/jornalfatosenoticias.com.br\/index.php\/wp-json\/wp\/v2\/users\/2"}],"replies":[{"embeddable":true,"href":"https:\/\/jornalfatosenoticias.com.br\/index.php\/wp-json\/wp\/v2\/comments?post=23499"}],"version-history":[{"count":0,"href":"https:\/\/jornalfatosenoticias.com.br\/index.php\/wp-json\/wp\/v2\/posts\/23499\/revisions"}],"wp:featuredmedia":[{"embeddable":true,"href":"https:\/\/jornalfatosenoticias.com.br\/index.php\/wp-json\/wp\/v2\/media\/23501"}],"wp:attachment":[{"href":"https:\/\/jornalfatosenoticias.com.br\/index.php\/wp-json\/wp\/v2\/media?parent=23499"}],"wp:term":[{"taxonomy":"category","embeddable":true,"href":"https:\/\/jornalfatosenoticias.com.br\/index.php\/wp-json\/wp\/v2\/categories?post=23499"},{"taxonomy":"post_tag","embeddable":true,"href":"https:\/\/jornalfatosenoticias.com.br\/index.php\/wp-json\/wp\/v2\/tags?post=23499"}],"curies":[{"name":"wp","href":"https:\/\/api.w.org\/{rel}","templated":true}]}}