{"id":2361,"date":"2020-03-24T09:13:32","date_gmt":"2020-03-24T12:13:32","guid":{"rendered":"https:\/\/jornalfatosenoticias.com.br\/?p=2361"},"modified":"2020-03-24T09:13:38","modified_gmt":"2020-03-24T12:13:38","slug":"facebook-reduz-qualidade-de-video-na-america-latina","status":"publish","type":"post","link":"https:\/\/jornalfatosenoticias.com.br\/index.php\/2020\/03\/24\/facebook-reduz-qualidade-de-video-na-america-latina\/","title":{"rendered":"Facebook reduz qualidade de v\u00eddeo na Am\u00e9rica Latina"},"content":{"rendered":"\n<h6 class=\"wp-block-heading\"><em>Medida visa reduzir congestionamento de redes<\/em><\/h6>\n\n\n\n<p>O Facebook vai reduzir a qualidade de streaming de v\u00eddeo em sua plataforma e no Instagram na Am\u00e9rica Latina, replicando medidas adotadas para as atividades da empresa na Europa. A medida vem para reduzir congestionamento de dados em uma regi\u00e3o que est\u00e1 come\u00e7ando a sentir os efeitos da pandemia de covid-19.<br>\nNo domingo, o Facebook acompanhou medidas tomadas por Netflix, YouTube, Amazon e Walt Disney no sentido de reduzir congestionamento de dados da internet na Europa uma vez que milh\u00f5es de pessoas est\u00e3o com recomenda\u00e7\u00e3o para n\u00e3o sa\u00edrem de casa ou em regime de trabalho remoto.<br>\n&#8220;Para ajudar a aliviar as redes neste per\u00edodo de alta demanda devido \u00e0 pandemia de covid-19, vamos reduzir temporariamente a resolu\u00e7\u00e3o em bits dos v\u00eddeos no Facebook e Instagram na Am\u00e9rica Latina&#8221;, afirmou o Facebook em comunicado.<br>\n&#8220;Queremos garantir que as pessoas possam permanecer conectadas\u2026e continuaremos trabalhando com nossos parceiros para administrar qualquer limita\u00e7\u00e3o de transmiss\u00e3o de dados&#8221;, acrescentou a empresa.<br>\nA plataforma de streaming GloboPlay anunciou que a transmiss\u00e3o de v\u00eddeos em 4K e em alta defini\u00e7\u00e3o est\u00e1 temporariamente suspensa a partir desta segunda-feira (23).<br>\nQuestionada a respeito de planos sobre redu\u00e7\u00e3o da qualidade do streaming no Brasil, como adotado na Europa, a Netflix afirmou que &#8220;vai continuar a trabalhar com os provedores de internet e governos de todo mundo e que vai aplicar estas mudan\u00e7as em outras regi\u00f5es, se necess\u00e1rio&#8221;.<\/p>\n\n\n\n<p><strong><em>Fonte: <a href=\"https:\/\/agenciabrasil.ebc.com.br\/geral\/noticia\/2020-03\/facebook-reduz-qualidade-de-video-na-america-latina\">Ag\u00eancia Brasil<\/a><\/em><\/strong><\/p>\n","protected":false},"excerpt":{"rendered":"<p>Medida visa reduzir congestionamento de redes O Facebook vai reduzir a qualidade de streaming de v\u00eddeo em sua plataforma e no Instagram na Am\u00e9rica Latina, replicando medidas adotadas para as atividades da empresa na Europa. A medida vem para reduzir congestionamento de dados em uma regi\u00e3o que est\u00e1 come\u00e7ando a sentir os efeitos da pandemia [&hellip;]<\/p>\n","protected":false},"author":2,"featured_media":2362,"comment_status":"open","ping_status":"open","sticky":false,"template":"","format":"standard","meta":{"footnotes":""},"categories":[5],"tags":[927,929,73,273,928,922,925,923,924,330,930,926],"class_list":["post-2361","post","type-post","status-publish","format-standard","has-post-thumbnail","hentry","category-geral","tag-amazon","tag-congestionamento-de-redes","tag-coronavirus","tag-covid-19","tag-disney","tag-facebook","tag-globoplay","tag-instagram","tag-netflix","tag-pandemia","tag-plataformas-de-streaming","tag-youtube"],"yoast_head":"<!-- This site is optimized with the Yoast SEO plugin v26.5 - https:\/\/yoast.com\/wordpress\/plugins\/seo\/ -->\n<title>Facebook reduz qualidade de v\u00eddeo na Am\u00e9rica Latina - Jornal Fatos e Not\u00edcias<\/title>\n<meta name=\"robots\" content=\"index, follow, max-snippet:-1, max-image-preview:large, max-video-preview:-1\" \/>\n<link rel=\"canonical\" href=\"https:\/\/jornalfatosenoticias.com.br\/index.php\/2020\/03\/24\/facebook-reduz-qualidade-de-video-na-america-latina\/\" \/>\n<meta property=\"og:locale\" content=\"pt_BR\" \/>\n<meta property=\"og:type\" content=\"article\" \/>\n<meta property=\"og:title\" content=\"Facebook reduz qualidade de v\u00eddeo na Am\u00e9rica Latina - Jornal Fatos e Not\u00edcias\" \/>\n<meta property=\"og:description\" content=\"Medida visa reduzir congestionamento de redes O Facebook vai reduzir a qualidade de streaming de v\u00eddeo em sua plataforma e no Instagram na Am\u00e9rica Latina, replicando medidas adotadas para as atividades da empresa na Europa. A medida vem para reduzir congestionamento de dados em uma regi\u00e3o que est\u00e1 come\u00e7ando a sentir os efeitos da pandemia [&hellip;]\" \/>\n<meta property=\"og:url\" content=\"https:\/\/jornalfatosenoticias.com.br\/index.php\/2020\/03\/24\/facebook-reduz-qualidade-de-video-na-america-latina\/\" \/>\n<meta property=\"og:site_name\" content=\"Jornal Fatos e Not\u00edcias\" \/>\n<meta property=\"article:published_time\" content=\"2020-03-24T12:13:32+00:00\" \/>\n<meta property=\"article:modified_time\" content=\"2020-03-24T12:13:38+00:00\" \/>\n<meta property=\"og:image\" content=\"https:\/\/jornalfatosenoticias.com.br\/wp-content\/uploads\/2020\/03\/facebook.jpg\" \/>\n\t<meta property=\"og:image:width\" content=\"1170\" \/>\n\t<meta property=\"og:image:height\" content=\"700\" \/>\n\t<meta property=\"og:image:type\" content=\"image\/jpeg\" \/>\n<meta name=\"author\" content=\"Luzimara Fernandes\" \/>\n<meta name=\"twitter:card\" content=\"summary_large_image\" \/>\n<meta name=\"twitter:label1\" content=\"Escrito por\" \/>\n\t<meta name=\"twitter:data1\" content=\"Luzimara Fernandes\" \/>\n\t<meta name=\"twitter:label2\" content=\"Est. tempo de leitura\" \/>\n\t<meta name=\"twitter:data2\" content=\"1 minuto\" \/>\n<script type=\"application\/ld+json\" class=\"yoast-schema-graph\">{\"@context\":\"https:\/\/schema.org\",\"@graph\":[{\"@type\":\"Article\",\"@id\":\"https:\/\/jornalfatosenoticias.com.br\/index.php\/2020\/03\/24\/facebook-reduz-qualidade-de-video-na-america-latina\/#article\",\"isPartOf\":{\"@id\":\"https:\/\/jornalfatosenoticias.com.br\/index.php\/2020\/03\/24\/facebook-reduz-qualidade-de-video-na-america-latina\/\"},\"author\":{\"name\":\"Luzimara Fernandes\",\"@id\":\"https:\/\/jornalfatosenoticias.com.br\/#\/schema\/person\/d63837fa13ac8666eb9e74e0985d6f81\"},\"headline\":\"Facebook reduz qualidade de v\u00eddeo na Am\u00e9rica Latina\",\"datePublished\":\"2020-03-24T12:13:32+00:00\",\"dateModified\":\"2020-03-24T12:13:38+00:00\",\"mainEntityOfPage\":{\"@id\":\"https:\/\/jornalfatosenoticias.com.br\/index.php\/2020\/03\/24\/facebook-reduz-qualidade-de-video-na-america-latina\/\"},\"wordCount\":269,\"commentCount\":0,\"publisher\":{\"@id\":\"https:\/\/jornalfatosenoticias.com.br\/#organization\"},\"image\":{\"@id\":\"https:\/\/jornalfatosenoticias.com.br\/index.php\/2020\/03\/24\/facebook-reduz-qualidade-de-video-na-america-latina\/#primaryimage\"},\"thumbnailUrl\":\"https:\/\/jornalfatosenoticias.com.br\/wp-content\/uploads\/2020\/03\/facebook.jpg\",\"keywords\":[\"Amazon\",\"congestionamento de redes\",\"coronav\u00edrus\",\"covid-19\",\"Disney\",\"Facebook\",\"GloboPlay\",\"Instagram\",\"Netflix\",\"pandemia\",\"plataformas de streaming\",\"YouTube\"],\"articleSection\":[\"Geral\"],\"inLanguage\":\"pt-BR\",\"potentialAction\":[{\"@type\":\"CommentAction\",\"name\":\"Comment\",\"target\":[\"https:\/\/jornalfatosenoticias.com.br\/index.php\/2020\/03\/24\/facebook-reduz-qualidade-de-video-na-america-latina\/#respond\"]}]},{\"@type\":\"WebPage\",\"@id\":\"https:\/\/jornalfatosenoticias.com.br\/index.php\/2020\/03\/24\/facebook-reduz-qualidade-de-video-na-america-latina\/\",\"url\":\"https:\/\/jornalfatosenoticias.com.br\/index.php\/2020\/03\/24\/facebook-reduz-qualidade-de-video-na-america-latina\/\",\"name\":\"Facebook reduz qualidade de v\u00eddeo na Am\u00e9rica Latina - Jornal Fatos e Not\u00edcias\",\"isPartOf\":{\"@id\":\"https:\/\/jornalfatosenoticias.com.br\/#website\"},\"primaryImageOfPage\":{\"@id\":\"https:\/\/jornalfatosenoticias.com.br\/index.php\/2020\/03\/24\/facebook-reduz-qualidade-de-video-na-america-latina\/#primaryimage\"},\"image\":{\"@id\":\"https:\/\/jornalfatosenoticias.com.br\/index.php\/2020\/03\/24\/facebook-reduz-qualidade-de-video-na-america-latina\/#primaryimage\"},\"thumbnailUrl\":\"https:\/\/jornalfatosenoticias.com.br\/wp-content\/uploads\/2020\/03\/facebook.jpg\",\"datePublished\":\"2020-03-24T12:13:32+00:00\",\"dateModified\":\"2020-03-24T12:13:38+00:00\",\"breadcrumb\":{\"@id\":\"https:\/\/jornalfatosenoticias.com.br\/index.php\/2020\/03\/24\/facebook-reduz-qualidade-de-video-na-america-latina\/#breadcrumb\"},\"inLanguage\":\"pt-BR\",\"potentialAction\":[{\"@type\":\"ReadAction\",\"target\":[\"https:\/\/jornalfatosenoticias.com.br\/index.php\/2020\/03\/24\/facebook-reduz-qualidade-de-video-na-america-latina\/\"]}]},{\"@type\":\"ImageObject\",\"inLanguage\":\"pt-BR\",\"@id\":\"https:\/\/jornalfatosenoticias.com.br\/index.php\/2020\/03\/24\/facebook-reduz-qualidade-de-video-na-america-latina\/#primaryimage\",\"url\":\"https:\/\/jornalfatosenoticias.com.br\/wp-content\/uploads\/2020\/03\/facebook.jpg\",\"contentUrl\":\"https:\/\/jornalfatosenoticias.com.br\/wp-content\/uploads\/2020\/03\/facebook.jpg\",\"width\":1170,\"height\":700,\"caption\":\"Facebook\"},{\"@type\":\"BreadcrumbList\",\"@id\":\"https:\/\/jornalfatosenoticias.com.br\/index.php\/2020\/03\/24\/facebook-reduz-qualidade-de-video-na-america-latina\/#breadcrumb\",\"itemListElement\":[{\"@type\":\"ListItem\",\"position\":1,\"name\":\"In\u00edcio\",\"item\":\"https:\/\/jornalfatosenoticias.com.br\/\"},{\"@type\":\"ListItem\",\"position\":2,\"name\":\"Facebook reduz qualidade de v\u00eddeo na Am\u00e9rica Latina\"}]},{\"@type\":\"WebSite\",\"@id\":\"https:\/\/jornalfatosenoticias.com.br\/#website\",\"url\":\"https:\/\/jornalfatosenoticias.com.br\/\",\"name\":\"Jornal Fatos e Not\u00edcias\",\"description\":\"Not\u00edcias em geral\",\"publisher\":{\"@id\":\"https:\/\/jornalfatosenoticias.com.br\/#organization\"},\"potentialAction\":[{\"@type\":\"SearchAction\",\"target\":{\"@type\":\"EntryPoint\",\"urlTemplate\":\"https:\/\/jornalfatosenoticias.com.br\/?s={search_term_string}\"},\"query-input\":{\"@type\":\"PropertyValueSpecification\",\"valueRequired\":true,\"valueName\":\"search_term_string\"}}],\"inLanguage\":\"pt-BR\"},{\"@type\":\"Organization\",\"@id\":\"https:\/\/jornalfatosenoticias.com.br\/#organization\",\"name\":\"Jornal Fatos e Not\u00edcias\",\"url\":\"https:\/\/jornalfatosenoticias.com.br\/\",\"logo\":{\"@type\":\"ImageObject\",\"inLanguage\":\"pt-BR\",\"@id\":\"https:\/\/jornalfatosenoticias.com.br\/#\/schema\/logo\/image\/\",\"url\":\"https:\/\/jornalfatosenoticias.com.br\/wp-content\/uploads\/2020\/02\/logo120.png\",\"contentUrl\":\"https:\/\/jornalfatosenoticias.com.br\/wp-content\/uploads\/2020\/02\/logo120.png\",\"width\":1227,\"height\":120,\"caption\":\"Jornal Fatos e Not\u00edcias\"},\"image\":{\"@id\":\"https:\/\/jornalfatosenoticias.com.br\/#\/schema\/logo\/image\/\"}},{\"@type\":\"Person\",\"@id\":\"https:\/\/jornalfatosenoticias.com.br\/#\/schema\/person\/d63837fa13ac8666eb9e74e0985d6f81\",\"name\":\"Luzimara Fernandes\",\"image\":{\"@type\":\"ImageObject\",\"inLanguage\":\"pt-BR\",\"@id\":\"https:\/\/jornalfatosenoticias.com.br\/#\/schema\/person\/image\/\",\"url\":\"https:\/\/jornalfatosenoticias.com.br\/wp-content\/uploads\/2025\/05\/EU_portal.jpg\",\"contentUrl\":\"https:\/\/jornalfatosenoticias.com.br\/wp-content\/uploads\/2025\/05\/EU_portal.jpg\",\"caption\":\"Luzimara Fernandes\"},\"description\":\"Jornalista MTB 2358-ES\",\"sameAs\":[\"https:\/\/jornalfatosenoticias.com.br\"],\"url\":\"https:\/\/jornalfatosenoticias.com.br\/index.php\/author\/luzimara\/\"}]}<\/script>\n<!-- \/ Yoast SEO plugin. -->","yoast_head_json":{"title":"Facebook reduz qualidade de v\u00eddeo na Am\u00e9rica Latina - Jornal Fatos e Not\u00edcias","robots":{"index":"index","follow":"follow","max-snippet":"max-snippet:-1","max-image-preview":"max-image-preview:large","max-video-preview":"max-video-preview:-1"},"canonical":"https:\/\/jornalfatosenoticias.com.br\/index.php\/2020\/03\/24\/facebook-reduz-qualidade-de-video-na-america-latina\/","og_locale":"pt_BR","og_type":"article","og_title":"Facebook reduz qualidade de v\u00eddeo na Am\u00e9rica Latina - Jornal Fatos e Not\u00edcias","og_description":"Medida visa reduzir congestionamento de redes O Facebook vai reduzir a qualidade de streaming de v\u00eddeo em sua plataforma e no Instagram na Am\u00e9rica Latina, replicando medidas adotadas para as atividades da empresa na Europa. A medida vem para reduzir congestionamento de dados em uma regi\u00e3o que est\u00e1 come\u00e7ando a sentir os efeitos da pandemia [&hellip;]","og_url":"https:\/\/jornalfatosenoticias.com.br\/index.php\/2020\/03\/24\/facebook-reduz-qualidade-de-video-na-america-latina\/","og_site_name":"Jornal Fatos e Not\u00edcias","article_published_time":"2020-03-24T12:13:32+00:00","article_modified_time":"2020-03-24T12:13:38+00:00","og_image":[{"width":1170,"height":700,"url":"https:\/\/jornalfatosenoticias.com.br\/wp-content\/uploads\/2020\/03\/facebook.jpg","type":"image\/jpeg"}],"author":"Luzimara Fernandes","twitter_card":"summary_large_image","twitter_misc":{"Escrito por":"Luzimara Fernandes","Est. tempo de leitura":"1 minuto"},"schema":{"@context":"https:\/\/schema.org","@graph":[{"@type":"Article","@id":"https:\/\/jornalfatosenoticias.com.br\/index.php\/2020\/03\/24\/facebook-reduz-qualidade-de-video-na-america-latina\/#article","isPartOf":{"@id":"https:\/\/jornalfatosenoticias.com.br\/index.php\/2020\/03\/24\/facebook-reduz-qualidade-de-video-na-america-latina\/"},"author":{"name":"Luzimara Fernandes","@id":"https:\/\/jornalfatosenoticias.com.br\/#\/schema\/person\/d63837fa13ac8666eb9e74e0985d6f81"},"headline":"Facebook reduz qualidade de v\u00eddeo na Am\u00e9rica Latina","datePublished":"2020-03-24T12:13:32+00:00","dateModified":"2020-03-24T12:13:38+00:00","mainEntityOfPage":{"@id":"https:\/\/jornalfatosenoticias.com.br\/index.php\/2020\/03\/24\/facebook-reduz-qualidade-de-video-na-america-latina\/"},"wordCount":269,"commentCount":0,"publisher":{"@id":"https:\/\/jornalfatosenoticias.com.br\/#organization"},"image":{"@id":"https:\/\/jornalfatosenoticias.com.br\/index.php\/2020\/03\/24\/facebook-reduz-qualidade-de-video-na-america-latina\/#primaryimage"},"thumbnailUrl":"https:\/\/jornalfatosenoticias.com.br\/wp-content\/uploads\/2020\/03\/facebook.jpg","keywords":["Amazon","congestionamento de redes","coronav\u00edrus","covid-19","Disney","Facebook","GloboPlay","Instagram","Netflix","pandemia","plataformas de streaming","YouTube"],"articleSection":["Geral"],"inLanguage":"pt-BR","potentialAction":[{"@type":"CommentAction","name":"Comment","target":["https:\/\/jornalfatosenoticias.com.br\/index.php\/2020\/03\/24\/facebook-reduz-qualidade-de-video-na-america-latina\/#respond"]}]},{"@type":"WebPage","@id":"https:\/\/jornalfatosenoticias.com.br\/index.php\/2020\/03\/24\/facebook-reduz-qualidade-de-video-na-america-latina\/","url":"https:\/\/jornalfatosenoticias.com.br\/index.php\/2020\/03\/24\/facebook-reduz-qualidade-de-video-na-america-latina\/","name":"Facebook reduz qualidade de v\u00eddeo na Am\u00e9rica Latina - Jornal Fatos e Not\u00edcias","isPartOf":{"@id":"https:\/\/jornalfatosenoticias.com.br\/#website"},"primaryImageOfPage":{"@id":"https:\/\/jornalfatosenoticias.com.br\/index.php\/2020\/03\/24\/facebook-reduz-qualidade-de-video-na-america-latina\/#primaryimage"},"image":{"@id":"https:\/\/jornalfatosenoticias.com.br\/index.php\/2020\/03\/24\/facebook-reduz-qualidade-de-video-na-america-latina\/#primaryimage"},"thumbnailUrl":"https:\/\/jornalfatosenoticias.com.br\/wp-content\/uploads\/2020\/03\/facebook.jpg","datePublished":"2020-03-24T12:13:32+00:00","dateModified":"2020-03-24T12:13:38+00:00","breadcrumb":{"@id":"https:\/\/jornalfatosenoticias.com.br\/index.php\/2020\/03\/24\/facebook-reduz-qualidade-de-video-na-america-latina\/#breadcrumb"},"inLanguage":"pt-BR","potentialAction":[{"@type":"ReadAction","target":["https:\/\/jornalfatosenoticias.com.br\/index.php\/2020\/03\/24\/facebook-reduz-qualidade-de-video-na-america-latina\/"]}]},{"@type":"ImageObject","inLanguage":"pt-BR","@id":"https:\/\/jornalfatosenoticias.com.br\/index.php\/2020\/03\/24\/facebook-reduz-qualidade-de-video-na-america-latina\/#primaryimage","url":"https:\/\/jornalfatosenoticias.com.br\/wp-content\/uploads\/2020\/03\/facebook.jpg","contentUrl":"https:\/\/jornalfatosenoticias.com.br\/wp-content\/uploads\/2020\/03\/facebook.jpg","width":1170,"height":700,"caption":"Facebook"},{"@type":"BreadcrumbList","@id":"https:\/\/jornalfatosenoticias.com.br\/index.php\/2020\/03\/24\/facebook-reduz-qualidade-de-video-na-america-latina\/#breadcrumb","itemListElement":[{"@type":"ListItem","position":1,"name":"In\u00edcio","item":"https:\/\/jornalfatosenoticias.com.br\/"},{"@type":"ListItem","position":2,"name":"Facebook reduz qualidade de v\u00eddeo na Am\u00e9rica Latina"}]},{"@type":"WebSite","@id":"https:\/\/jornalfatosenoticias.com.br\/#website","url":"https:\/\/jornalfatosenoticias.com.br\/","name":"Jornal Fatos e Not\u00edcias","description":"Not\u00edcias em geral","publisher":{"@id":"https:\/\/jornalfatosenoticias.com.br\/#organization"},"potentialAction":[{"@type":"SearchAction","target":{"@type":"EntryPoint","urlTemplate":"https:\/\/jornalfatosenoticias.com.br\/?s={search_term_string}"},"query-input":{"@type":"PropertyValueSpecification","valueRequired":true,"valueName":"search_term_string"}}],"inLanguage":"pt-BR"},{"@type":"Organization","@id":"https:\/\/jornalfatosenoticias.com.br\/#organization","name":"Jornal Fatos e Not\u00edcias","url":"https:\/\/jornalfatosenoticias.com.br\/","logo":{"@type":"ImageObject","inLanguage":"pt-BR","@id":"https:\/\/jornalfatosenoticias.com.br\/#\/schema\/logo\/image\/","url":"https:\/\/jornalfatosenoticias.com.br\/wp-content\/uploads\/2020\/02\/logo120.png","contentUrl":"https:\/\/jornalfatosenoticias.com.br\/wp-content\/uploads\/2020\/02\/logo120.png","width":1227,"height":120,"caption":"Jornal Fatos e Not\u00edcias"},"image":{"@id":"https:\/\/jornalfatosenoticias.com.br\/#\/schema\/logo\/image\/"}},{"@type":"Person","@id":"https:\/\/jornalfatosenoticias.com.br\/#\/schema\/person\/d63837fa13ac8666eb9e74e0985d6f81","name":"Luzimara Fernandes","image":{"@type":"ImageObject","inLanguage":"pt-BR","@id":"https:\/\/jornalfatosenoticias.com.br\/#\/schema\/person\/image\/","url":"https:\/\/jornalfatosenoticias.com.br\/wp-content\/uploads\/2025\/05\/EU_portal.jpg","contentUrl":"https:\/\/jornalfatosenoticias.com.br\/wp-content\/uploads\/2025\/05\/EU_portal.jpg","caption":"Luzimara Fernandes"},"description":"Jornalista MTB 2358-ES","sameAs":["https:\/\/jornalfatosenoticias.com.br"],"url":"https:\/\/jornalfatosenoticias.com.br\/index.php\/author\/luzimara\/"}]}},"cc_featured_image_caption":{"caption_text":"(Foto: Marcello Casal Jr\/Ag\u00eancia Brasil)\r\n","source_text":"","source_url":""},"jetpack_featured_media_url":"https:\/\/jornalfatosenoticias.com.br\/wp-content\/uploads\/2020\/03\/facebook.jpg","_links":{"self":[{"href":"https:\/\/jornalfatosenoticias.com.br\/index.php\/wp-json\/wp\/v2\/posts\/2361","targetHints":{"allow":["GET"]}}],"collection":[{"href":"https:\/\/jornalfatosenoticias.com.br\/index.php\/wp-json\/wp\/v2\/posts"}],"about":[{"href":"https:\/\/jornalfatosenoticias.com.br\/index.php\/wp-json\/wp\/v2\/types\/post"}],"author":[{"embeddable":true,"href":"https:\/\/jornalfatosenoticias.com.br\/index.php\/wp-json\/wp\/v2\/users\/2"}],"replies":[{"embeddable":true,"href":"https:\/\/jornalfatosenoticias.com.br\/index.php\/wp-json\/wp\/v2\/comments?post=2361"}],"version-history":[{"count":0,"href":"https:\/\/jornalfatosenoticias.com.br\/index.php\/wp-json\/wp\/v2\/posts\/2361\/revisions"}],"wp:featuredmedia":[{"embeddable":true,"href":"https:\/\/jornalfatosenoticias.com.br\/index.php\/wp-json\/wp\/v2\/media\/2362"}],"wp:attachment":[{"href":"https:\/\/jornalfatosenoticias.com.br\/index.php\/wp-json\/wp\/v2\/media?parent=2361"}],"wp:term":[{"taxonomy":"category","embeddable":true,"href":"https:\/\/jornalfatosenoticias.com.br\/index.php\/wp-json\/wp\/v2\/categories?post=2361"},{"taxonomy":"post_tag","embeddable":true,"href":"https:\/\/jornalfatosenoticias.com.br\/index.php\/wp-json\/wp\/v2\/tags?post=2361"}],"curies":[{"name":"wp","href":"https:\/\/api.w.org\/{rel}","templated":true}]}}