{"id":23668,"date":"2021-10-07T16:00:29","date_gmt":"2021-10-07T19:00:29","guid":{"rendered":"https:\/\/jornalfatosenoticias.com.br\/?p=23668"},"modified":"2021-10-07T16:00:34","modified_gmt":"2021-10-07T19:00:34","slug":"injustica-e-ecolalia-jeferson-lucia-regina-pra-nao-dizer-que-nao-falei-de-flores-parte-iii","status":"publish","type":"post","link":"https:\/\/jornalfatosenoticias.com.br\/index.php\/2021\/10\/07\/injustica-e-ecolalia-jeferson-lucia-regina-pra-nao-dizer-que-nao-falei-de-flores-parte-iii\/","title":{"rendered":"Injusti\u00e7a e Ecolalia: Jeferson, L\u00facia, Regina&#8230; Pra n\u00e3o dizer que n\u00e3o falei de flores \u2014 Parte III"},"content":{"rendered":"\n<p><em><span class=\"has-inline-color has-black-color\">A Ecolalia repetida por profissionais que, por ignor\u00e2ncia ou intencionalidade, violam os Direitos mais Naturais, que deveriam garantir. Mas sonegam. Usurpam. A ret\u00f3rica de maquiagem pseudocient\u00edfica, engana bem<\/span><\/em><\/p>\n\n\n\n<p>H\u00e1 justos na justi\u00e7a. Conhe\u00e7o alguns, em quem confio inteiramente. Mas, infelizmente, s\u00e3o alguns. Quando penso em Jeferson, \u201creconhecido\u201d por uma foto 3&#215;4 quando tinha 14 anos, com rostinho de crian\u00e7a ainda, preso como assaltante. Como Jeferson, existem Raoni, Jo\u00e3o Carlos, Jos\u00e9, Paulo, etc. Jeferson ficou seis dias numa cadeia. T\u00eam alguns que ficaram meses, ou at\u00e9 370 dias. Esses s\u00e3o os casos midi\u00e1ticos que pertencem a algum grupo mais estruturado que ligou o megafone. Quantos ser\u00e3o? Nunca saberemos. N\u00e3o h\u00e1 nenhum controle disso.<br>Quando penso em L\u00facia, que n\u00e3o v\u00ea nem fala com seu filho h\u00e1 quase seis anos, ele lhe foi arrancado do bra\u00e7o, tinha quatro anos, saiu no colo de um PM de arma em punho. Como faz a Pol\u00edcia, a porta foi arrombada a pontap\u00e9s \u00e0s seis horas da manh\u00e3. L\u00facia perdeu tudo. O filho, a profiss\u00e3o, a moradia pr\u00f3pria, a credibilidade, o futuro. Responde a v\u00e1rios processos, e foi condenada por denuncia\u00e7\u00e3o caluniosa porque denunciou os abusos sexuais sofridos pela Crian\u00e7a. E, nesta condena\u00e7\u00e3o, foi \u201cbeneficiada\u201d pela ju\u00edza que, lhe retirando toda a possibilidade de comunica\u00e7\u00e3o, tamb\u00e9m lhe cerceou o Direito de Ir e Vir, como se estivesse num regime de condicional por um homic\u00eddio. \u00c9 obrigada a fazer uma fila, com criminosos, esses sim, na condicional, para assinar um livro, a cada 15 dias. \u00c9 proibida de sair da cidade. Vai pagar essa deten\u00e7\u00e3o transparente por dois anos. Seu crime foi ter feito uma den\u00fancia, como obriga o Art. 13 do ECA, obriga\u00e7\u00e3o de todos, ali\u00e1s. Ela s\u00f3 queria proteger seu menino. Como L\u00facia, conhe\u00e7o \u2014 pelo nome, sei a hist\u00f3ria \u2014 mais de 100 m\u00e3es. N\u00e3o \u00e9 t\u00e3o dif\u00edcil guardar as hist\u00f3rias das L\u00facias. S\u00e3o todas quase iguais em seu come\u00e7o e no desvio de prop\u00f3sito tomado pelos processos. E, \u00e9 o mesmo modus operandi do genitor. E da justi\u00e7a.<\/p>\n\n\n\n<figure class=\"wp-block-image size-large is-style-default\"><img loading=\"lazy\" decoding=\"async\" width=\"1000\" height=\"523\" src=\"https:\/\/jornalfatosenoticias.com.br\/wp-content\/uploads\/2021\/10\/homem-levando-uma-crianca.jpg\" alt=\"\" class=\"wp-image-23670\" srcset=\"https:\/\/jornalfatosenoticias.com.br\/wp-content\/uploads\/2021\/10\/homem-levando-uma-crianca.jpg 1000w, https:\/\/jornalfatosenoticias.com.br\/wp-content\/uploads\/2021\/10\/homem-levando-uma-crianca-300x157.jpg 300w, https:\/\/jornalfatosenoticias.com.br\/wp-content\/uploads\/2021\/10\/homem-levando-uma-crianca-768x402.jpg 768w\" sizes=\"auto, (max-width: 1000px) 100vw, 1000px\" \/><figcaption><em><span class=\"has-inline-color has-black-color\">(Foto: Getty Images\/iStock)<\/span><\/em><\/figcaption><\/figure>\n\n\n\n<p>E, quando penso em Regina, sinto uma dor diferente. \u00c9 indigno uma av\u00f3 ser condenada \u00e0 multa e \u00e0 presta\u00e7\u00e3o de Servi\u00e7o Comunit\u00e1rio pela acusa\u00e7\u00e3o de ter induzido (sic) a filha a \u201csequestrar\u201d o neto, quase adolescente que implorava para que algu\u00e9m o protegesse do pai, seu abusador contumaz. Como n\u00e3o atender, minimamente, um menino de 11 anos que, com toda a clareza e coer\u00eancia exp\u00f5e sua agonia e extrema revolta, frente \u00e0 amea\u00e7a de ser entregue, judicialmente, ao seu abusador. Nenhuma escuta, nenhum cr\u00e9dito ao que relatava. Por seis anos foi abusado sem ter consci\u00eancia do que era. Havia dois anos que tinha descoberto que o que o pai fazia nele e exigia que fizesse no pai eram abusos sexuais. E, agora, teria que ir morar com esse pai, que tamb\u00e9m era muito violento e cruel com ele. O desespero invadiu sua mente, a idea\u00e7\u00e3o de suic\u00eddio se instalou com for\u00e7a. Ansiedade e ang\u00fastia em quantidades que preencheriam a necessidade de v\u00e1rias pessoas, e era apenas um menino. Cansado de repetir para in\u00fameras peritas que distorciam, perversamente, suas palavras, o menino n\u00e3o via sa\u00edda. A m\u00e3e o levou para casa de parentes para evitar aquela cena grotesca da pol\u00edcia invadindo sua casa de dedos nos gatilhos, para entreg\u00e1-lo ao seu abusador. Esse foi o crime de <em>sequestro<\/em> pelo qual ela e a av\u00f3 foram condenadas. Ficou fora apenas o tempo de sustar a invers\u00e3o de guarda concedida pelo juiz de fam\u00edlia, porque o juiz criminal acatou a sugest\u00e3o de indiciamento feita pela Delegacia Especializada em Viol\u00eancia Contra a Crian\u00e7a, quando o pai, sentindo o perigo de uma poss\u00edvel justi\u00e7a, fugiu. Essa m\u00e3e, n\u00e3o conseguiu mais voltar a ter seu funcionamento normal. E, a av\u00f3, com v\u00e1rios problemas de sa\u00fade, desrespeitados pelo Estado que fere o Estatuto do Idoso, agora condenada por ter protegido o neto.<br>Quantas Reginas eu conhe\u00e7o! E quanto tempo elas v\u00e3o aguentar? A Ecolalia repetida por profissionais que, por ignor\u00e2ncia ou intencionalidade, violam os <strong>Direitos mais Naturais<\/strong>, que deveriam garantir. Mas sonegam. Usurpam. A ret\u00f3rica de maquiagem pseudocient\u00edfica, engana bem. Afinal, os termos t\u00e9cnicos, que foram forjados em anos de trabalho cient\u00edfico, em pesquisas seguindo os rigores das leis da Ci\u00eancia, s\u00e3o encaixados em m\u00e9todo de copiar\/colar inescrupuloso.<\/p>\n\n\n\n<figure class=\"wp-block-image size-large is-style-default\"><img loading=\"lazy\" decoding=\"async\" width=\"1000\" height=\"666\" src=\"https:\/\/jornalfatosenoticias.com.br\/wp-content\/uploads\/2021\/10\/mae-e-justica.jpg\" alt=\"\" class=\"wp-image-23669\" srcset=\"https:\/\/jornalfatosenoticias.com.br\/wp-content\/uploads\/2021\/10\/mae-e-justica.jpg 1000w, https:\/\/jornalfatosenoticias.com.br\/wp-content\/uploads\/2021\/10\/mae-e-justica-300x200.jpg 300w, https:\/\/jornalfatosenoticias.com.br\/wp-content\/uploads\/2021\/10\/mae-e-justica-768x511.jpg 768w\" sizes=\"auto, (max-width: 1000px) 100vw, 1000px\" \/><figcaption><em><span class=\"has-inline-color has-black-color\">A justi\u00e7a falha terrivelmente com m\u00e3es e filhos (Foto: Tolicova Ecaterina\/TolikoffPhotography)<\/span><\/em><\/figcaption><\/figure>\n\n\n\n<p>O romance de Franz Kafka, <strong><em>O Processo<\/em><\/strong>, ilustra bem o tema aqui tratado. A personagem do livro, Josef K., \u00e9 surpreendido por dois guardas pela manh\u00e3 cedo, no dia em que estava completando 30 anos. Os guardas entram em seu quarto, tomam o caf\u00e9 que ele havia preparado para si, e sugerem que teriam sido subornados, levando Josef K. preso. E sem saber o motivo daquela deten\u00e7\u00e3o, sem ter cometido nenhum ato que justificasse, come\u00e7a sua trajet\u00f3ria de ilus\u00e3o, acredita que vai explicar, esclarecer, e a verdade se impor\u00e1. A sequ\u00eancia vai se desenrolando, e sempre confiando na justi\u00e7a e na verdade, aquele homem correto, bem-sucedido no trabalho, competente para v\u00e1rias coisas da vida, n\u00e3o consegue voltar para sua vida. Nem Inspetor, nem seu advogado, nem tribunal do j\u00fari, sem saber qual teria sido seu crime, \u00e9 condenado. Desiste, como chegou e nunca saiu de perto o neto da Regina. <em>\u201cO Processo\u201d <\/em>de Kafka, \u00e9 real e atual.<br>Na pr\u00f3xima semana, pretendo continuar a pensar o contexto de Regimes Autorit\u00e1rios que propiciam o aparecimento desse tipo de situa\u00e7\u00e3o. O momento \u00e9 muito grave. Josef K., todos conhecemos muitos porque existe o Regime Autorit\u00e1rio Transparente, exercido por pequenos grupos, de r\u00f3tulo <em>intelectual<\/em>, que se valem da <strong>Deturpa\u00e7\u00e3o, da Sem\u00e2ntica \u00e0 Ideol\u00f3gica<\/strong> para experimentar o prazer do Pequeno Poder sobre o outro.<\/p>\n","protected":false},"excerpt":{"rendered":"<p>A Ecolalia repetida por profissionais que, por ignor\u00e2ncia ou intencionalidade, violam os Direitos mais Naturais, que deveriam garantir. Mas sonegam. Usurpam. A ret\u00f3rica de maquiagem pseudocient\u00edfica, engana bem H\u00e1 justos na justi\u00e7a. Conhe\u00e7o alguns, em quem confio inteiramente. Mas, infelizmente, s\u00e3o alguns. Quando penso em Jeferson, \u201creconhecido\u201d por uma foto 3&#215;4 quando tinha 14 anos, [&hellip;]<\/p>\n","protected":false},"author":8,"featured_media":23671,"comment_status":"open","ping_status":"open","sticky":false,"template":"","format":"standard","meta":{"footnotes":""},"categories":[2522],"tags":[11484,11483,11358,11482],"class_list":["post-23668","post","type-post","status-publish","format-standard","has-post-thumbnail","hentry","category-comportamento","tag-denunciacao-caluniosa","tag-direitos-das-maes","tag-ecolalia","tag-guarda-do-filho"],"yoast_head":"<!-- This site is optimized with the Yoast SEO plugin v26.5 - https:\/\/yoast.com\/wordpress\/plugins\/seo\/ -->\n<title>Injusti\u00e7a e Ecolalia: Jeferson, L\u00facia, Regina... Pra n\u00e3o dizer que n\u00e3o falei de flores \u2014 Parte III - Jornal Fatos e Not\u00edcias<\/title>\n<meta name=\"robots\" content=\"index, follow, max-snippet:-1, max-image-preview:large, max-video-preview:-1\" \/>\n<link rel=\"canonical\" href=\"https:\/\/jornalfatosenoticias.com.br\/index.php\/2021\/10\/07\/injustica-e-ecolalia-jeferson-lucia-regina-pra-nao-dizer-que-nao-falei-de-flores-parte-iii\/\" \/>\n<meta property=\"og:locale\" content=\"pt_BR\" \/>\n<meta property=\"og:type\" content=\"article\" \/>\n<meta property=\"og:title\" content=\"Injusti\u00e7a e Ecolalia: Jeferson, L\u00facia, Regina... Pra n\u00e3o dizer que n\u00e3o falei de flores \u2014 Parte III - Jornal Fatos e Not\u00edcias\" \/>\n<meta property=\"og:description\" content=\"A Ecolalia repetida por profissionais que, por ignor\u00e2ncia ou intencionalidade, violam os Direitos mais Naturais, que deveriam garantir. Mas sonegam. Usurpam. A ret\u00f3rica de maquiagem pseudocient\u00edfica, engana bem H\u00e1 justos na justi\u00e7a. Conhe\u00e7o alguns, em quem confio inteiramente. Mas, infelizmente, s\u00e3o alguns. Quando penso em Jeferson, \u201creconhecido\u201d por uma foto 3&#215;4 quando tinha 14 anos, [&hellip;]\" \/>\n<meta property=\"og:url\" content=\"https:\/\/jornalfatosenoticias.com.br\/index.php\/2021\/10\/07\/injustica-e-ecolalia-jeferson-lucia-regina-pra-nao-dizer-que-nao-falei-de-flores-parte-iii\/\" \/>\n<meta property=\"og:site_name\" content=\"Jornal Fatos e Not\u00edcias\" \/>\n<meta property=\"article:published_time\" content=\"2021-10-07T19:00:29+00:00\" \/>\n<meta property=\"article:modified_time\" content=\"2021-10-07T19:00:34+00:00\" \/>\n<meta property=\"og:image\" content=\"https:\/\/jornalfatosenoticias.com.br\/wp-content\/uploads\/2021\/10\/Mae-perde-guarda-de-filho.png\" \/>\n\t<meta property=\"og:image:width\" content=\"1000\" \/>\n\t<meta property=\"og:image:height\" content=\"500\" \/>\n\t<meta property=\"og:image:type\" content=\"image\/png\" \/>\n<meta name=\"author\" content=\"Ana Maria Iencarelli\" \/>\n<meta name=\"twitter:card\" content=\"summary_large_image\" \/>\n<meta name=\"twitter:label1\" content=\"Escrito por\" \/>\n\t<meta name=\"twitter:data1\" content=\"Ana Maria Iencarelli\" \/>\n\t<meta name=\"twitter:label2\" content=\"Est. tempo de leitura\" \/>\n\t<meta name=\"twitter:data2\" content=\"5 minutos\" \/>\n<script type=\"application\/ld+json\" class=\"yoast-schema-graph\">{\"@context\":\"https:\/\/schema.org\",\"@graph\":[{\"@type\":\"Article\",\"@id\":\"https:\/\/jornalfatosenoticias.com.br\/index.php\/2021\/10\/07\/injustica-e-ecolalia-jeferson-lucia-regina-pra-nao-dizer-que-nao-falei-de-flores-parte-iii\/#article\",\"isPartOf\":{\"@id\":\"https:\/\/jornalfatosenoticias.com.br\/index.php\/2021\/10\/07\/injustica-e-ecolalia-jeferson-lucia-regina-pra-nao-dizer-que-nao-falei-de-flores-parte-iii\/\"},\"author\":{\"name\":\"Ana Maria Iencarelli\",\"@id\":\"https:\/\/jornalfatosenoticias.com.br\/#\/schema\/person\/c33fcf5fb02d729d3fec92c6737a22d1\"},\"headline\":\"Injusti\u00e7a e Ecolalia: Jeferson, L\u00facia, Regina&#8230; Pra n\u00e3o dizer que n\u00e3o falei de flores \u2014 Parte III\",\"datePublished\":\"2021-10-07T19:00:29+00:00\",\"dateModified\":\"2021-10-07T19:00:34+00:00\",\"mainEntityOfPage\":{\"@id\":\"https:\/\/jornalfatosenoticias.com.br\/index.php\/2021\/10\/07\/injustica-e-ecolalia-jeferson-lucia-regina-pra-nao-dizer-que-nao-falei-de-flores-parte-iii\/\"},\"wordCount\":1051,\"commentCount\":0,\"publisher\":{\"@id\":\"https:\/\/jornalfatosenoticias.com.br\/#organization\"},\"image\":{\"@id\":\"https:\/\/jornalfatosenoticias.com.br\/index.php\/2021\/10\/07\/injustica-e-ecolalia-jeferson-lucia-regina-pra-nao-dizer-que-nao-falei-de-flores-parte-iii\/#primaryimage\"},\"thumbnailUrl\":\"https:\/\/jornalfatosenoticias.com.br\/wp-content\/uploads\/2021\/10\/Mae-perde-guarda-de-filho.png\",\"keywords\":[\"denuncia\u00e7\u00e3o caluniosa\",\"direitos das m\u00e3es\",\"ecolalia\",\"guarda do filho\"],\"articleSection\":[\"Comportamento &amp; Equil\u00edbrio\"],\"inLanguage\":\"pt-BR\",\"potentialAction\":[{\"@type\":\"CommentAction\",\"name\":\"Comment\",\"target\":[\"https:\/\/jornalfatosenoticias.com.br\/index.php\/2021\/10\/07\/injustica-e-ecolalia-jeferson-lucia-regina-pra-nao-dizer-que-nao-falei-de-flores-parte-iii\/#respond\"]}]},{\"@type\":\"WebPage\",\"@id\":\"https:\/\/jornalfatosenoticias.com.br\/index.php\/2021\/10\/07\/injustica-e-ecolalia-jeferson-lucia-regina-pra-nao-dizer-que-nao-falei-de-flores-parte-iii\/\",\"url\":\"https:\/\/jornalfatosenoticias.com.br\/index.php\/2021\/10\/07\/injustica-e-ecolalia-jeferson-lucia-regina-pra-nao-dizer-que-nao-falei-de-flores-parte-iii\/\",\"name\":\"Injusti\u00e7a e Ecolalia: Jeferson, L\u00facia, Regina... Pra n\u00e3o dizer que n\u00e3o falei de flores \u2014 Parte III - Jornal Fatos e Not\u00edcias\",\"isPartOf\":{\"@id\":\"https:\/\/jornalfatosenoticias.com.br\/#website\"},\"primaryImageOfPage\":{\"@id\":\"https:\/\/jornalfatosenoticias.com.br\/index.php\/2021\/10\/07\/injustica-e-ecolalia-jeferson-lucia-regina-pra-nao-dizer-que-nao-falei-de-flores-parte-iii\/#primaryimage\"},\"image\":{\"@id\":\"https:\/\/jornalfatosenoticias.com.br\/index.php\/2021\/10\/07\/injustica-e-ecolalia-jeferson-lucia-regina-pra-nao-dizer-que-nao-falei-de-flores-parte-iii\/#primaryimage\"},\"thumbnailUrl\":\"https:\/\/jornalfatosenoticias.com.br\/wp-content\/uploads\/2021\/10\/Mae-perde-guarda-de-filho.png\",\"datePublished\":\"2021-10-07T19:00:29+00:00\",\"dateModified\":\"2021-10-07T19:00:34+00:00\",\"breadcrumb\":{\"@id\":\"https:\/\/jornalfatosenoticias.com.br\/index.php\/2021\/10\/07\/injustica-e-ecolalia-jeferson-lucia-regina-pra-nao-dizer-que-nao-falei-de-flores-parte-iii\/#breadcrumb\"},\"inLanguage\":\"pt-BR\",\"potentialAction\":[{\"@type\":\"ReadAction\",\"target\":[\"https:\/\/jornalfatosenoticias.com.br\/index.php\/2021\/10\/07\/injustica-e-ecolalia-jeferson-lucia-regina-pra-nao-dizer-que-nao-falei-de-flores-parte-iii\/\"]}]},{\"@type\":\"ImageObject\",\"inLanguage\":\"pt-BR\",\"@id\":\"https:\/\/jornalfatosenoticias.com.br\/index.php\/2021\/10\/07\/injustica-e-ecolalia-jeferson-lucia-regina-pra-nao-dizer-que-nao-falei-de-flores-parte-iii\/#primaryimage\",\"url\":\"https:\/\/jornalfatosenoticias.com.br\/wp-content\/uploads\/2021\/10\/Mae-perde-guarda-de-filho.png\",\"contentUrl\":\"https:\/\/jornalfatosenoticias.com.br\/wp-content\/uploads\/2021\/10\/Mae-perde-guarda-de-filho.png\",\"width\":1000,\"height\":500},{\"@type\":\"BreadcrumbList\",\"@id\":\"https:\/\/jornalfatosenoticias.com.br\/index.php\/2021\/10\/07\/injustica-e-ecolalia-jeferson-lucia-regina-pra-nao-dizer-que-nao-falei-de-flores-parte-iii\/#breadcrumb\",\"itemListElement\":[{\"@type\":\"ListItem\",\"position\":1,\"name\":\"In\u00edcio\",\"item\":\"https:\/\/jornalfatosenoticias.com.br\/\"},{\"@type\":\"ListItem\",\"position\":2,\"name\":\"Injusti\u00e7a e Ecolalia: Jeferson, L\u00facia, Regina&#8230; Pra n\u00e3o dizer que n\u00e3o falei de flores \u2014 Parte III\"}]},{\"@type\":\"WebSite\",\"@id\":\"https:\/\/jornalfatosenoticias.com.br\/#website\",\"url\":\"https:\/\/jornalfatosenoticias.com.br\/\",\"name\":\"Jornal Fatos e Not\u00edcias\",\"description\":\"Not\u00edcias em geral\",\"publisher\":{\"@id\":\"https:\/\/jornalfatosenoticias.com.br\/#organization\"},\"potentialAction\":[{\"@type\":\"SearchAction\",\"target\":{\"@type\":\"EntryPoint\",\"urlTemplate\":\"https:\/\/jornalfatosenoticias.com.br\/?s={search_term_string}\"},\"query-input\":{\"@type\":\"PropertyValueSpecification\",\"valueRequired\":true,\"valueName\":\"search_term_string\"}}],\"inLanguage\":\"pt-BR\"},{\"@type\":\"Organization\",\"@id\":\"https:\/\/jornalfatosenoticias.com.br\/#organization\",\"name\":\"Jornal Fatos e Not\u00edcias\",\"url\":\"https:\/\/jornalfatosenoticias.com.br\/\",\"logo\":{\"@type\":\"ImageObject\",\"inLanguage\":\"pt-BR\",\"@id\":\"https:\/\/jornalfatosenoticias.com.br\/#\/schema\/logo\/image\/\",\"url\":\"https:\/\/jornalfatosenoticias.com.br\/wp-content\/uploads\/2020\/02\/logo120.png\",\"contentUrl\":\"https:\/\/jornalfatosenoticias.com.br\/wp-content\/uploads\/2020\/02\/logo120.png\",\"width\":1227,\"height\":120,\"caption\":\"Jornal Fatos e Not\u00edcias\"},\"image\":{\"@id\":\"https:\/\/jornalfatosenoticias.com.br\/#\/schema\/logo\/image\/\"}},{\"@type\":\"Person\",\"@id\":\"https:\/\/jornalfatosenoticias.com.br\/#\/schema\/person\/c33fcf5fb02d729d3fec92c6737a22d1\",\"name\":\"Ana Maria Iencarelli\",\"image\":{\"@type\":\"ImageObject\",\"inLanguage\":\"pt-BR\",\"@id\":\"https:\/\/jornalfatosenoticias.com.br\/#\/schema\/person\/image\/\",\"url\":\"https:\/\/jornalfatosenoticias.com.br\/wp-content\/uploads\/2020\/02\/Ana-Maria-Iencarelli-1-150x150.jpg\",\"contentUrl\":\"https:\/\/jornalfatosenoticias.com.br\/wp-content\/uploads\/2020\/02\/Ana-Maria-Iencarelli-1-150x150.jpg\",\"caption\":\"Ana Maria Iencarelli\"},\"description\":\"Psicanalista Cl\u00ednica, especializada no atendimento a Crian\u00e7as e Adolescentes. Presidente da ONG Vozes de Anjos.\",\"url\":\"https:\/\/jornalfatosenoticias.com.br\/index.php\/author\/anamaria\/\"}]}<\/script>\n<!-- \/ Yoast SEO plugin. -->","yoast_head_json":{"title":"Injusti\u00e7a e Ecolalia: Jeferson, L\u00facia, Regina... Pra n\u00e3o dizer que n\u00e3o falei de flores \u2014 Parte III - Jornal Fatos e Not\u00edcias","robots":{"index":"index","follow":"follow","max-snippet":"max-snippet:-1","max-image-preview":"max-image-preview:large","max-video-preview":"max-video-preview:-1"},"canonical":"https:\/\/jornalfatosenoticias.com.br\/index.php\/2021\/10\/07\/injustica-e-ecolalia-jeferson-lucia-regina-pra-nao-dizer-que-nao-falei-de-flores-parte-iii\/","og_locale":"pt_BR","og_type":"article","og_title":"Injusti\u00e7a e Ecolalia: Jeferson, L\u00facia, Regina... Pra n\u00e3o dizer que n\u00e3o falei de flores \u2014 Parte III - Jornal Fatos e Not\u00edcias","og_description":"A Ecolalia repetida por profissionais que, por ignor\u00e2ncia ou intencionalidade, violam os Direitos mais Naturais, que deveriam garantir. Mas sonegam. Usurpam. A ret\u00f3rica de maquiagem pseudocient\u00edfica, engana bem H\u00e1 justos na justi\u00e7a. Conhe\u00e7o alguns, em quem confio inteiramente. Mas, infelizmente, s\u00e3o alguns. Quando penso em Jeferson, \u201creconhecido\u201d por uma foto 3&#215;4 quando tinha 14 anos, [&hellip;]","og_url":"https:\/\/jornalfatosenoticias.com.br\/index.php\/2021\/10\/07\/injustica-e-ecolalia-jeferson-lucia-regina-pra-nao-dizer-que-nao-falei-de-flores-parte-iii\/","og_site_name":"Jornal Fatos e Not\u00edcias","article_published_time":"2021-10-07T19:00:29+00:00","article_modified_time":"2021-10-07T19:00:34+00:00","og_image":[{"width":1000,"height":500,"url":"https:\/\/jornalfatosenoticias.com.br\/wp-content\/uploads\/2021\/10\/Mae-perde-guarda-de-filho.png","type":"image\/png"}],"author":"Ana Maria Iencarelli","twitter_card":"summary_large_image","twitter_misc":{"Escrito por":"Ana Maria Iencarelli","Est. tempo de leitura":"5 minutos"},"schema":{"@context":"https:\/\/schema.org","@graph":[{"@type":"Article","@id":"https:\/\/jornalfatosenoticias.com.br\/index.php\/2021\/10\/07\/injustica-e-ecolalia-jeferson-lucia-regina-pra-nao-dizer-que-nao-falei-de-flores-parte-iii\/#article","isPartOf":{"@id":"https:\/\/jornalfatosenoticias.com.br\/index.php\/2021\/10\/07\/injustica-e-ecolalia-jeferson-lucia-regina-pra-nao-dizer-que-nao-falei-de-flores-parte-iii\/"},"author":{"name":"Ana Maria Iencarelli","@id":"https:\/\/jornalfatosenoticias.com.br\/#\/schema\/person\/c33fcf5fb02d729d3fec92c6737a22d1"},"headline":"Injusti\u00e7a e Ecolalia: Jeferson, L\u00facia, Regina&#8230; Pra n\u00e3o dizer que n\u00e3o falei de flores \u2014 Parte III","datePublished":"2021-10-07T19:00:29+00:00","dateModified":"2021-10-07T19:00:34+00:00","mainEntityOfPage":{"@id":"https:\/\/jornalfatosenoticias.com.br\/index.php\/2021\/10\/07\/injustica-e-ecolalia-jeferson-lucia-regina-pra-nao-dizer-que-nao-falei-de-flores-parte-iii\/"},"wordCount":1051,"commentCount":0,"publisher":{"@id":"https:\/\/jornalfatosenoticias.com.br\/#organization"},"image":{"@id":"https:\/\/jornalfatosenoticias.com.br\/index.php\/2021\/10\/07\/injustica-e-ecolalia-jeferson-lucia-regina-pra-nao-dizer-que-nao-falei-de-flores-parte-iii\/#primaryimage"},"thumbnailUrl":"https:\/\/jornalfatosenoticias.com.br\/wp-content\/uploads\/2021\/10\/Mae-perde-guarda-de-filho.png","keywords":["denuncia\u00e7\u00e3o caluniosa","direitos das m\u00e3es","ecolalia","guarda do filho"],"articleSection":["Comportamento &amp; Equil\u00edbrio"],"inLanguage":"pt-BR","potentialAction":[{"@type":"CommentAction","name":"Comment","target":["https:\/\/jornalfatosenoticias.com.br\/index.php\/2021\/10\/07\/injustica-e-ecolalia-jeferson-lucia-regina-pra-nao-dizer-que-nao-falei-de-flores-parte-iii\/#respond"]}]},{"@type":"WebPage","@id":"https:\/\/jornalfatosenoticias.com.br\/index.php\/2021\/10\/07\/injustica-e-ecolalia-jeferson-lucia-regina-pra-nao-dizer-que-nao-falei-de-flores-parte-iii\/","url":"https:\/\/jornalfatosenoticias.com.br\/index.php\/2021\/10\/07\/injustica-e-ecolalia-jeferson-lucia-regina-pra-nao-dizer-que-nao-falei-de-flores-parte-iii\/","name":"Injusti\u00e7a e Ecolalia: Jeferson, L\u00facia, Regina... Pra n\u00e3o dizer que n\u00e3o falei de flores \u2014 Parte III - Jornal Fatos e Not\u00edcias","isPartOf":{"@id":"https:\/\/jornalfatosenoticias.com.br\/#website"},"primaryImageOfPage":{"@id":"https:\/\/jornalfatosenoticias.com.br\/index.php\/2021\/10\/07\/injustica-e-ecolalia-jeferson-lucia-regina-pra-nao-dizer-que-nao-falei-de-flores-parte-iii\/#primaryimage"},"image":{"@id":"https:\/\/jornalfatosenoticias.com.br\/index.php\/2021\/10\/07\/injustica-e-ecolalia-jeferson-lucia-regina-pra-nao-dizer-que-nao-falei-de-flores-parte-iii\/#primaryimage"},"thumbnailUrl":"https:\/\/jornalfatosenoticias.com.br\/wp-content\/uploads\/2021\/10\/Mae-perde-guarda-de-filho.png","datePublished":"2021-10-07T19:00:29+00:00","dateModified":"2021-10-07T19:00:34+00:00","breadcrumb":{"@id":"https:\/\/jornalfatosenoticias.com.br\/index.php\/2021\/10\/07\/injustica-e-ecolalia-jeferson-lucia-regina-pra-nao-dizer-que-nao-falei-de-flores-parte-iii\/#breadcrumb"},"inLanguage":"pt-BR","potentialAction":[{"@type":"ReadAction","target":["https:\/\/jornalfatosenoticias.com.br\/index.php\/2021\/10\/07\/injustica-e-ecolalia-jeferson-lucia-regina-pra-nao-dizer-que-nao-falei-de-flores-parte-iii\/"]}]},{"@type":"ImageObject","inLanguage":"pt-BR","@id":"https:\/\/jornalfatosenoticias.com.br\/index.php\/2021\/10\/07\/injustica-e-ecolalia-jeferson-lucia-regina-pra-nao-dizer-que-nao-falei-de-flores-parte-iii\/#primaryimage","url":"https:\/\/jornalfatosenoticias.com.br\/wp-content\/uploads\/2021\/10\/Mae-perde-guarda-de-filho.png","contentUrl":"https:\/\/jornalfatosenoticias.com.br\/wp-content\/uploads\/2021\/10\/Mae-perde-guarda-de-filho.png","width":1000,"height":500},{"@type":"BreadcrumbList","@id":"https:\/\/jornalfatosenoticias.com.br\/index.php\/2021\/10\/07\/injustica-e-ecolalia-jeferson-lucia-regina-pra-nao-dizer-que-nao-falei-de-flores-parte-iii\/#breadcrumb","itemListElement":[{"@type":"ListItem","position":1,"name":"In\u00edcio","item":"https:\/\/jornalfatosenoticias.com.br\/"},{"@type":"ListItem","position":2,"name":"Injusti\u00e7a e Ecolalia: Jeferson, L\u00facia, Regina&#8230; Pra n\u00e3o dizer que n\u00e3o falei de flores \u2014 Parte III"}]},{"@type":"WebSite","@id":"https:\/\/jornalfatosenoticias.com.br\/#website","url":"https:\/\/jornalfatosenoticias.com.br\/","name":"Jornal Fatos e Not\u00edcias","description":"Not\u00edcias em geral","publisher":{"@id":"https:\/\/jornalfatosenoticias.com.br\/#organization"},"potentialAction":[{"@type":"SearchAction","target":{"@type":"EntryPoint","urlTemplate":"https:\/\/jornalfatosenoticias.com.br\/?s={search_term_string}"},"query-input":{"@type":"PropertyValueSpecification","valueRequired":true,"valueName":"search_term_string"}}],"inLanguage":"pt-BR"},{"@type":"Organization","@id":"https:\/\/jornalfatosenoticias.com.br\/#organization","name":"Jornal Fatos e Not\u00edcias","url":"https:\/\/jornalfatosenoticias.com.br\/","logo":{"@type":"ImageObject","inLanguage":"pt-BR","@id":"https:\/\/jornalfatosenoticias.com.br\/#\/schema\/logo\/image\/","url":"https:\/\/jornalfatosenoticias.com.br\/wp-content\/uploads\/2020\/02\/logo120.png","contentUrl":"https:\/\/jornalfatosenoticias.com.br\/wp-content\/uploads\/2020\/02\/logo120.png","width":1227,"height":120,"caption":"Jornal Fatos e Not\u00edcias"},"image":{"@id":"https:\/\/jornalfatosenoticias.com.br\/#\/schema\/logo\/image\/"}},{"@type":"Person","@id":"https:\/\/jornalfatosenoticias.com.br\/#\/schema\/person\/c33fcf5fb02d729d3fec92c6737a22d1","name":"Ana Maria Iencarelli","image":{"@type":"ImageObject","inLanguage":"pt-BR","@id":"https:\/\/jornalfatosenoticias.com.br\/#\/schema\/person\/image\/","url":"https:\/\/jornalfatosenoticias.com.br\/wp-content\/uploads\/2020\/02\/Ana-Maria-Iencarelli-1-150x150.jpg","contentUrl":"https:\/\/jornalfatosenoticias.com.br\/wp-content\/uploads\/2020\/02\/Ana-Maria-Iencarelli-1-150x150.jpg","caption":"Ana Maria Iencarelli"},"description":"Psicanalista Cl\u00ednica, especializada no atendimento a Crian\u00e7as e Adolescentes. Presidente da ONG Vozes de Anjos.","url":"https:\/\/jornalfatosenoticias.com.br\/index.php\/author\/anamaria\/"}]}},"cc_featured_image_caption":{"caption_text":"(Foto: Ara\u00fajo & Augusto\/Advogados e Associados)","source_text":"","source_url":""},"jetpack_featured_media_url":"https:\/\/jornalfatosenoticias.com.br\/wp-content\/uploads\/2021\/10\/Mae-perde-guarda-de-filho.png","_links":{"self":[{"href":"https:\/\/jornalfatosenoticias.com.br\/index.php\/wp-json\/wp\/v2\/posts\/23668","targetHints":{"allow":["GET"]}}],"collection":[{"href":"https:\/\/jornalfatosenoticias.com.br\/index.php\/wp-json\/wp\/v2\/posts"}],"about":[{"href":"https:\/\/jornalfatosenoticias.com.br\/index.php\/wp-json\/wp\/v2\/types\/post"}],"author":[{"embeddable":true,"href":"https:\/\/jornalfatosenoticias.com.br\/index.php\/wp-json\/wp\/v2\/users\/8"}],"replies":[{"embeddable":true,"href":"https:\/\/jornalfatosenoticias.com.br\/index.php\/wp-json\/wp\/v2\/comments?post=23668"}],"version-history":[{"count":0,"href":"https:\/\/jornalfatosenoticias.com.br\/index.php\/wp-json\/wp\/v2\/posts\/23668\/revisions"}],"wp:featuredmedia":[{"embeddable":true,"href":"https:\/\/jornalfatosenoticias.com.br\/index.php\/wp-json\/wp\/v2\/media\/23671"}],"wp:attachment":[{"href":"https:\/\/jornalfatosenoticias.com.br\/index.php\/wp-json\/wp\/v2\/media?parent=23668"}],"wp:term":[{"taxonomy":"category","embeddable":true,"href":"https:\/\/jornalfatosenoticias.com.br\/index.php\/wp-json\/wp\/v2\/categories?post=23668"},{"taxonomy":"post_tag","embeddable":true,"href":"https:\/\/jornalfatosenoticias.com.br\/index.php\/wp-json\/wp\/v2\/tags?post=23668"}],"curies":[{"name":"wp","href":"https:\/\/api.w.org\/{rel}","templated":true}]}}