{"id":2368,"date":"2020-03-24T09:35:47","date_gmt":"2020-03-24T12:35:47","guid":{"rendered":"https:\/\/jornalfatosenoticias.com.br\/?p=2368"},"modified":"2020-03-24T09:35:53","modified_gmt":"2020-03-24T12:35:53","slug":"infraestrutura-vai-atuar-com-estados-para-evitar-bloqueio-de-rodovias","status":"publish","type":"post","link":"https:\/\/jornalfatosenoticias.com.br\/index.php\/2020\/03\/24\/infraestrutura-vai-atuar-com-estados-para-evitar-bloqueio-de-rodovias\/","title":{"rendered":"Infraestrutura vai atuar com estados para evitar bloqueio de rodovias"},"content":{"rendered":"\n<h6 class=\"wp-block-heading\"><em>Ministro ressalta que esfor\u00e7o \u00e9 feito para manter atividades de portos<\/em><\/h6>\n\n\n\n<p>O Minist\u00e9rio da Infraestrutura divulgou nesta segunda-feira (23) que a pasta vai atuar em conjunto com os governadores dos estados do Sul e do Sudeste para evitar decis\u00f5es locais que determinem o bloqueio de rodovias como medida de conten\u00e7\u00e3o da dissemina\u00e7\u00e3o do novo coronav\u00edrus. O assunto foi tratado em videoconfer\u00eancia entre o ministro Tarc\u00edsio Gomes de Freitas e os governadores do Cons\u00f3rcio de Integra\u00e7\u00e3o Sul e Sudeste (Cosud). <br>\nDe acordo com o minist\u00e9rio, houve consenso de que decretos estaduais devem garantir a livre circula\u00e7\u00e3o do transporte de cargas e o funcionamento de servi\u00e7os prestados por borracharias, oficinas mec\u00e2nicas, restaurantes e lanchonetes ao longo das rodovias. <br>\nSegundo o ministro Tarc\u00edsio, o mesmo apelo pela manuten\u00e7\u00e3o das atividades nas rodovias ser\u00e1 feito aos prefeitos de cidades localizadas nas regi\u00f5es do Cosud. Na mesma reuni\u00e3o, o ministro disse que o governo federal vem tomando medidas para manter as atividades dos portos e dos aeroportos. <\/p>\n\n\n\n<blockquote class=\"wp-block-quote is-layout-flow wp-block-quote-is-layout-flow\"><p>No atual momento de pandemia do novo coronav\u00edrus, o transporte ferrovi\u00e1rio de carga tem papel vital para a garantia do abastecimento do Pa\u00eds<\/p><\/blockquote>\n\n\n\n<h4 class=\"wp-block-heading\">Transporte ferrovi\u00e1rio de carga <\/h4>\n\n\n\n<p>Nesta segunda-feira, o Minist\u00e9rio da Infraestrutura divulgou ainda que, no atual momento de pandemia do novo coronav\u00edrus, o transporte ferrovi\u00e1rio de carga tem papel vital para a garantia do abastecimento do Pa\u00eds. &#8220;\u00c9 essencial que todos os servi\u00e7os oferecidos pelas concession\u00e1rias de ferrovias sejam mantidos. Assim sendo, qualquer tentativa de prefeitos ou governadores de ordenarem o fechamento das linhas f\u00e9rreas, pode prejudicar de forma irrespons\u00e1vel o suprimento de toda a sociedade&#8221;, informou em nota a pasta.<br>\nA nota destacou que o fechamento de linhas f\u00e9rreas \u00e9 uma decis\u00e3o restrita \u00e0 Uni\u00e3o, j\u00e1 que, segundo a Constitui\u00e7\u00e3o Federal, compete \u00e0 Uni\u00e3o explorar, diretamente ou mediante autoriza\u00e7\u00e3o, concess\u00e3o ou permiss\u00e3o, os servi\u00e7os de transporte ferrovi\u00e1rio.<\/p>\n\n\n\n<p><strong><em>Fonte: <a href=\"https:\/\/agenciabrasil.ebc.com.br\/geral\/noticia\/2020-03\/infraestrutura-vai-atuar-com-estados-para-evitar-bloqueio-de-rodovias\">Ag\u00eancia Brasil<\/a><\/em><\/strong><\/p>\n","protected":false},"excerpt":{"rendered":"<p>Ministro ressalta que esfor\u00e7o \u00e9 feito para manter atividades de portos O Minist\u00e9rio da Infraestrutura divulgou nesta segunda-feira (23) que a pasta vai atuar em conjunto com os governadores dos estados do Sul e do Sudeste para evitar decis\u00f5es locais que determinem o bloqueio de rodovias como medida de conten\u00e7\u00e3o da dissemina\u00e7\u00e3o do novo coronav\u00edrus. [&hellip;]<\/p>\n","protected":false},"author":2,"featured_media":2369,"comment_status":"open","ping_status":"open","sticky":false,"template":"","format":"standard","meta":{"footnotes":""},"categories":[5],"tags":[934,73,933,273,931,330,936,932,935],"class_list":["post-2368","post","type-post","status-publish","format-standard","has-post-thumbnail","hentry","category-geral","tag-concessionarias","tag-coronavirus","tag-cosud","tag-covid-19","tag-ministerio-da-infraestrutura","tag-pandemia","tag-rodovias","tag-tarcisio-gomes-de-freitas","tag-transporte-ferroviario"],"yoast_head":"<!-- This site is optimized with the Yoast SEO plugin v26.5 - https:\/\/yoast.com\/wordpress\/plugins\/seo\/ -->\n<title>Infraestrutura vai atuar com estados para evitar bloqueio de rodovias - Jornal Fatos e Not\u00edcias<\/title>\n<meta name=\"robots\" content=\"index, follow, max-snippet:-1, max-image-preview:large, max-video-preview:-1\" \/>\n<link rel=\"canonical\" href=\"https:\/\/jornalfatosenoticias.com.br\/index.php\/2020\/03\/24\/infraestrutura-vai-atuar-com-estados-para-evitar-bloqueio-de-rodovias\/\" \/>\n<meta property=\"og:locale\" content=\"pt_BR\" \/>\n<meta property=\"og:type\" content=\"article\" \/>\n<meta property=\"og:title\" content=\"Infraestrutura vai atuar com estados para evitar bloqueio de rodovias - Jornal Fatos e Not\u00edcias\" \/>\n<meta property=\"og:description\" content=\"Ministro ressalta que esfor\u00e7o \u00e9 feito para manter atividades de portos O Minist\u00e9rio da Infraestrutura divulgou nesta segunda-feira (23) que a pasta vai atuar em conjunto com os governadores dos estados do Sul e do Sudeste para evitar decis\u00f5es locais que determinem o bloqueio de rodovias como medida de conten\u00e7\u00e3o da dissemina\u00e7\u00e3o do novo coronav\u00edrus. [&hellip;]\" \/>\n<meta property=\"og:url\" content=\"https:\/\/jornalfatosenoticias.com.br\/index.php\/2020\/03\/24\/infraestrutura-vai-atuar-com-estados-para-evitar-bloqueio-de-rodovias\/\" \/>\n<meta property=\"og:site_name\" content=\"Jornal Fatos e Not\u00edcias\" \/>\n<meta property=\"article:published_time\" content=\"2020-03-24T12:35:47+00:00\" \/>\n<meta property=\"article:modified_time\" content=\"2020-03-24T12:35:53+00:00\" \/>\n<meta property=\"og:image\" content=\"https:\/\/jornalfatosenoticias.com.br\/wp-content\/uploads\/2020\/03\/rodovias-1.jpg\" \/>\n\t<meta property=\"og:image:width\" content=\"1170\" \/>\n\t<meta property=\"og:image:height\" content=\"700\" \/>\n\t<meta property=\"og:image:type\" content=\"image\/jpeg\" \/>\n<meta name=\"author\" content=\"Luzimara Fernandes\" \/>\n<meta name=\"twitter:card\" content=\"summary_large_image\" \/>\n<meta name=\"twitter:label1\" content=\"Escrito por\" \/>\n\t<meta name=\"twitter:data1\" content=\"Luzimara Fernandes\" \/>\n\t<meta name=\"twitter:label2\" content=\"Est. tempo de leitura\" \/>\n\t<meta name=\"twitter:data2\" content=\"2 minutos\" \/>\n<script type=\"application\/ld+json\" class=\"yoast-schema-graph\">{\"@context\":\"https:\/\/schema.org\",\"@graph\":[{\"@type\":\"Article\",\"@id\":\"https:\/\/jornalfatosenoticias.com.br\/index.php\/2020\/03\/24\/infraestrutura-vai-atuar-com-estados-para-evitar-bloqueio-de-rodovias\/#article\",\"isPartOf\":{\"@id\":\"https:\/\/jornalfatosenoticias.com.br\/index.php\/2020\/03\/24\/infraestrutura-vai-atuar-com-estados-para-evitar-bloqueio-de-rodovias\/\"},\"author\":{\"name\":\"Luzimara Fernandes\",\"@id\":\"https:\/\/jornalfatosenoticias.com.br\/#\/schema\/person\/d63837fa13ac8666eb9e74e0985d6f81\"},\"headline\":\"Infraestrutura vai atuar com estados para evitar bloqueio de rodovias\",\"datePublished\":\"2020-03-24T12:35:47+00:00\",\"dateModified\":\"2020-03-24T12:35:53+00:00\",\"mainEntityOfPage\":{\"@id\":\"https:\/\/jornalfatosenoticias.com.br\/index.php\/2020\/03\/24\/infraestrutura-vai-atuar-com-estados-para-evitar-bloqueio-de-rodovias\/\"},\"wordCount\":350,\"commentCount\":0,\"publisher\":{\"@id\":\"https:\/\/jornalfatosenoticias.com.br\/#organization\"},\"image\":{\"@id\":\"https:\/\/jornalfatosenoticias.com.br\/index.php\/2020\/03\/24\/infraestrutura-vai-atuar-com-estados-para-evitar-bloqueio-de-rodovias\/#primaryimage\"},\"thumbnailUrl\":\"https:\/\/jornalfatosenoticias.com.br\/wp-content\/uploads\/2020\/03\/rodovias-1.jpg\",\"keywords\":[\"concession\u00e1rias\",\"coronav\u00edrus\",\"Cosud\",\"covid-19\",\"Minist\u00e9rio da Infraestrutura\",\"pandemia\",\"rodovias\",\"Tarc\u00edsio Gomes de Freitas\",\"transporte ferrovi\u00e1rio\"],\"articleSection\":[\"Geral\"],\"inLanguage\":\"pt-BR\",\"potentialAction\":[{\"@type\":\"CommentAction\",\"name\":\"Comment\",\"target\":[\"https:\/\/jornalfatosenoticias.com.br\/index.php\/2020\/03\/24\/infraestrutura-vai-atuar-com-estados-para-evitar-bloqueio-de-rodovias\/#respond\"]}]},{\"@type\":\"WebPage\",\"@id\":\"https:\/\/jornalfatosenoticias.com.br\/index.php\/2020\/03\/24\/infraestrutura-vai-atuar-com-estados-para-evitar-bloqueio-de-rodovias\/\",\"url\":\"https:\/\/jornalfatosenoticias.com.br\/index.php\/2020\/03\/24\/infraestrutura-vai-atuar-com-estados-para-evitar-bloqueio-de-rodovias\/\",\"name\":\"Infraestrutura vai atuar com estados para evitar bloqueio de rodovias - Jornal Fatos e Not\u00edcias\",\"isPartOf\":{\"@id\":\"https:\/\/jornalfatosenoticias.com.br\/#website\"},\"primaryImageOfPage\":{\"@id\":\"https:\/\/jornalfatosenoticias.com.br\/index.php\/2020\/03\/24\/infraestrutura-vai-atuar-com-estados-para-evitar-bloqueio-de-rodovias\/#primaryimage\"},\"image\":{\"@id\":\"https:\/\/jornalfatosenoticias.com.br\/index.php\/2020\/03\/24\/infraestrutura-vai-atuar-com-estados-para-evitar-bloqueio-de-rodovias\/#primaryimage\"},\"thumbnailUrl\":\"https:\/\/jornalfatosenoticias.com.br\/wp-content\/uploads\/2020\/03\/rodovias-1.jpg\",\"datePublished\":\"2020-03-24T12:35:47+00:00\",\"dateModified\":\"2020-03-24T12:35:53+00:00\",\"breadcrumb\":{\"@id\":\"https:\/\/jornalfatosenoticias.com.br\/index.php\/2020\/03\/24\/infraestrutura-vai-atuar-com-estados-para-evitar-bloqueio-de-rodovias\/#breadcrumb\"},\"inLanguage\":\"pt-BR\",\"potentialAction\":[{\"@type\":\"ReadAction\",\"target\":[\"https:\/\/jornalfatosenoticias.com.br\/index.php\/2020\/03\/24\/infraestrutura-vai-atuar-com-estados-para-evitar-bloqueio-de-rodovias\/\"]}]},{\"@type\":\"ImageObject\",\"inLanguage\":\"pt-BR\",\"@id\":\"https:\/\/jornalfatosenoticias.com.br\/index.php\/2020\/03\/24\/infraestrutura-vai-atuar-com-estados-para-evitar-bloqueio-de-rodovias\/#primaryimage\",\"url\":\"https:\/\/jornalfatosenoticias.com.br\/wp-content\/uploads\/2020\/03\/rodovias-1.jpg\",\"contentUrl\":\"https:\/\/jornalfatosenoticias.com.br\/wp-content\/uploads\/2020\/03\/rodovias-1.jpg\",\"width\":1170,\"height\":700,\"caption\":\"S\u00c3O PAULO, SP, BRASIL, 11-05-2013, 11h30: Movimenta\u00e7\u00e3o na rodovia dos Bandeirantes, em S\u00e3o Paulo. (Foto: Marcelo Camargo\/ABr)\"},{\"@type\":\"BreadcrumbList\",\"@id\":\"https:\/\/jornalfatosenoticias.com.br\/index.php\/2020\/03\/24\/infraestrutura-vai-atuar-com-estados-para-evitar-bloqueio-de-rodovias\/#breadcrumb\",\"itemListElement\":[{\"@type\":\"ListItem\",\"position\":1,\"name\":\"In\u00edcio\",\"item\":\"https:\/\/jornalfatosenoticias.com.br\/\"},{\"@type\":\"ListItem\",\"position\":2,\"name\":\"Infraestrutura vai atuar com estados para evitar bloqueio de rodovias\"}]},{\"@type\":\"WebSite\",\"@id\":\"https:\/\/jornalfatosenoticias.com.br\/#website\",\"url\":\"https:\/\/jornalfatosenoticias.com.br\/\",\"name\":\"Jornal Fatos e Not\u00edcias\",\"description\":\"Not\u00edcias em geral\",\"publisher\":{\"@id\":\"https:\/\/jornalfatosenoticias.com.br\/#organization\"},\"potentialAction\":[{\"@type\":\"SearchAction\",\"target\":{\"@type\":\"EntryPoint\",\"urlTemplate\":\"https:\/\/jornalfatosenoticias.com.br\/?s={search_term_string}\"},\"query-input\":{\"@type\":\"PropertyValueSpecification\",\"valueRequired\":true,\"valueName\":\"search_term_string\"}}],\"inLanguage\":\"pt-BR\"},{\"@type\":\"Organization\",\"@id\":\"https:\/\/jornalfatosenoticias.com.br\/#organization\",\"name\":\"Jornal Fatos e Not\u00edcias\",\"url\":\"https:\/\/jornalfatosenoticias.com.br\/\",\"logo\":{\"@type\":\"ImageObject\",\"inLanguage\":\"pt-BR\",\"@id\":\"https:\/\/jornalfatosenoticias.com.br\/#\/schema\/logo\/image\/\",\"url\":\"https:\/\/jornalfatosenoticias.com.br\/wp-content\/uploads\/2020\/02\/logo120.png\",\"contentUrl\":\"https:\/\/jornalfatosenoticias.com.br\/wp-content\/uploads\/2020\/02\/logo120.png\",\"width\":1227,\"height\":120,\"caption\":\"Jornal Fatos e Not\u00edcias\"},\"image\":{\"@id\":\"https:\/\/jornalfatosenoticias.com.br\/#\/schema\/logo\/image\/\"}},{\"@type\":\"Person\",\"@id\":\"https:\/\/jornalfatosenoticias.com.br\/#\/schema\/person\/d63837fa13ac8666eb9e74e0985d6f81\",\"name\":\"Luzimara Fernandes\",\"image\":{\"@type\":\"ImageObject\",\"inLanguage\":\"pt-BR\",\"@id\":\"https:\/\/jornalfatosenoticias.com.br\/#\/schema\/person\/image\/\",\"url\":\"https:\/\/jornalfatosenoticias.com.br\/wp-content\/uploads\/2025\/05\/EU_portal.jpg\",\"contentUrl\":\"https:\/\/jornalfatosenoticias.com.br\/wp-content\/uploads\/2025\/05\/EU_portal.jpg\",\"caption\":\"Luzimara Fernandes\"},\"description\":\"Jornalista MTB 2358-ES\",\"sameAs\":[\"https:\/\/jornalfatosenoticias.com.br\"],\"url\":\"https:\/\/jornalfatosenoticias.com.br\/index.php\/author\/luzimara\/\"}]}<\/script>\n<!-- \/ Yoast SEO plugin. -->","yoast_head_json":{"title":"Infraestrutura vai atuar com estados para evitar bloqueio de rodovias - Jornal Fatos e Not\u00edcias","robots":{"index":"index","follow":"follow","max-snippet":"max-snippet:-1","max-image-preview":"max-image-preview:large","max-video-preview":"max-video-preview:-1"},"canonical":"https:\/\/jornalfatosenoticias.com.br\/index.php\/2020\/03\/24\/infraestrutura-vai-atuar-com-estados-para-evitar-bloqueio-de-rodovias\/","og_locale":"pt_BR","og_type":"article","og_title":"Infraestrutura vai atuar com estados para evitar bloqueio de rodovias - Jornal Fatos e Not\u00edcias","og_description":"Ministro ressalta que esfor\u00e7o \u00e9 feito para manter atividades de portos O Minist\u00e9rio da Infraestrutura divulgou nesta segunda-feira (23) que a pasta vai atuar em conjunto com os governadores dos estados do Sul e do Sudeste para evitar decis\u00f5es locais que determinem o bloqueio de rodovias como medida de conten\u00e7\u00e3o da dissemina\u00e7\u00e3o do novo coronav\u00edrus. [&hellip;]","og_url":"https:\/\/jornalfatosenoticias.com.br\/index.php\/2020\/03\/24\/infraestrutura-vai-atuar-com-estados-para-evitar-bloqueio-de-rodovias\/","og_site_name":"Jornal Fatos e Not\u00edcias","article_published_time":"2020-03-24T12:35:47+00:00","article_modified_time":"2020-03-24T12:35:53+00:00","og_image":[{"width":1170,"height":700,"url":"https:\/\/jornalfatosenoticias.com.br\/wp-content\/uploads\/2020\/03\/rodovias-1.jpg","type":"image\/jpeg"}],"author":"Luzimara Fernandes","twitter_card":"summary_large_image","twitter_misc":{"Escrito por":"Luzimara Fernandes","Est. tempo de leitura":"2 minutos"},"schema":{"@context":"https:\/\/schema.org","@graph":[{"@type":"Article","@id":"https:\/\/jornalfatosenoticias.com.br\/index.php\/2020\/03\/24\/infraestrutura-vai-atuar-com-estados-para-evitar-bloqueio-de-rodovias\/#article","isPartOf":{"@id":"https:\/\/jornalfatosenoticias.com.br\/index.php\/2020\/03\/24\/infraestrutura-vai-atuar-com-estados-para-evitar-bloqueio-de-rodovias\/"},"author":{"name":"Luzimara Fernandes","@id":"https:\/\/jornalfatosenoticias.com.br\/#\/schema\/person\/d63837fa13ac8666eb9e74e0985d6f81"},"headline":"Infraestrutura vai atuar com estados para evitar bloqueio de rodovias","datePublished":"2020-03-24T12:35:47+00:00","dateModified":"2020-03-24T12:35:53+00:00","mainEntityOfPage":{"@id":"https:\/\/jornalfatosenoticias.com.br\/index.php\/2020\/03\/24\/infraestrutura-vai-atuar-com-estados-para-evitar-bloqueio-de-rodovias\/"},"wordCount":350,"commentCount":0,"publisher":{"@id":"https:\/\/jornalfatosenoticias.com.br\/#organization"},"image":{"@id":"https:\/\/jornalfatosenoticias.com.br\/index.php\/2020\/03\/24\/infraestrutura-vai-atuar-com-estados-para-evitar-bloqueio-de-rodovias\/#primaryimage"},"thumbnailUrl":"https:\/\/jornalfatosenoticias.com.br\/wp-content\/uploads\/2020\/03\/rodovias-1.jpg","keywords":["concession\u00e1rias","coronav\u00edrus","Cosud","covid-19","Minist\u00e9rio da Infraestrutura","pandemia","rodovias","Tarc\u00edsio Gomes de Freitas","transporte ferrovi\u00e1rio"],"articleSection":["Geral"],"inLanguage":"pt-BR","potentialAction":[{"@type":"CommentAction","name":"Comment","target":["https:\/\/jornalfatosenoticias.com.br\/index.php\/2020\/03\/24\/infraestrutura-vai-atuar-com-estados-para-evitar-bloqueio-de-rodovias\/#respond"]}]},{"@type":"WebPage","@id":"https:\/\/jornalfatosenoticias.com.br\/index.php\/2020\/03\/24\/infraestrutura-vai-atuar-com-estados-para-evitar-bloqueio-de-rodovias\/","url":"https:\/\/jornalfatosenoticias.com.br\/index.php\/2020\/03\/24\/infraestrutura-vai-atuar-com-estados-para-evitar-bloqueio-de-rodovias\/","name":"Infraestrutura vai atuar com estados para evitar bloqueio de rodovias - Jornal Fatos e Not\u00edcias","isPartOf":{"@id":"https:\/\/jornalfatosenoticias.com.br\/#website"},"primaryImageOfPage":{"@id":"https:\/\/jornalfatosenoticias.com.br\/index.php\/2020\/03\/24\/infraestrutura-vai-atuar-com-estados-para-evitar-bloqueio-de-rodovias\/#primaryimage"},"image":{"@id":"https:\/\/jornalfatosenoticias.com.br\/index.php\/2020\/03\/24\/infraestrutura-vai-atuar-com-estados-para-evitar-bloqueio-de-rodovias\/#primaryimage"},"thumbnailUrl":"https:\/\/jornalfatosenoticias.com.br\/wp-content\/uploads\/2020\/03\/rodovias-1.jpg","datePublished":"2020-03-24T12:35:47+00:00","dateModified":"2020-03-24T12:35:53+00:00","breadcrumb":{"@id":"https:\/\/jornalfatosenoticias.com.br\/index.php\/2020\/03\/24\/infraestrutura-vai-atuar-com-estados-para-evitar-bloqueio-de-rodovias\/#breadcrumb"},"inLanguage":"pt-BR","potentialAction":[{"@type":"ReadAction","target":["https:\/\/jornalfatosenoticias.com.br\/index.php\/2020\/03\/24\/infraestrutura-vai-atuar-com-estados-para-evitar-bloqueio-de-rodovias\/"]}]},{"@type":"ImageObject","inLanguage":"pt-BR","@id":"https:\/\/jornalfatosenoticias.com.br\/index.php\/2020\/03\/24\/infraestrutura-vai-atuar-com-estados-para-evitar-bloqueio-de-rodovias\/#primaryimage","url":"https:\/\/jornalfatosenoticias.com.br\/wp-content\/uploads\/2020\/03\/rodovias-1.jpg","contentUrl":"https:\/\/jornalfatosenoticias.com.br\/wp-content\/uploads\/2020\/03\/rodovias-1.jpg","width":1170,"height":700,"caption":"S\u00c3O PAULO, SP, BRASIL, 11-05-2013, 11h30: Movimenta\u00e7\u00e3o na rodovia dos Bandeirantes, em S\u00e3o Paulo. (Foto: Marcelo Camargo\/ABr)"},{"@type":"BreadcrumbList","@id":"https:\/\/jornalfatosenoticias.com.br\/index.php\/2020\/03\/24\/infraestrutura-vai-atuar-com-estados-para-evitar-bloqueio-de-rodovias\/#breadcrumb","itemListElement":[{"@type":"ListItem","position":1,"name":"In\u00edcio","item":"https:\/\/jornalfatosenoticias.com.br\/"},{"@type":"ListItem","position":2,"name":"Infraestrutura vai atuar com estados para evitar bloqueio de rodovias"}]},{"@type":"WebSite","@id":"https:\/\/jornalfatosenoticias.com.br\/#website","url":"https:\/\/jornalfatosenoticias.com.br\/","name":"Jornal Fatos e Not\u00edcias","description":"Not\u00edcias em geral","publisher":{"@id":"https:\/\/jornalfatosenoticias.com.br\/#organization"},"potentialAction":[{"@type":"SearchAction","target":{"@type":"EntryPoint","urlTemplate":"https:\/\/jornalfatosenoticias.com.br\/?s={search_term_string}"},"query-input":{"@type":"PropertyValueSpecification","valueRequired":true,"valueName":"search_term_string"}}],"inLanguage":"pt-BR"},{"@type":"Organization","@id":"https:\/\/jornalfatosenoticias.com.br\/#organization","name":"Jornal Fatos e Not\u00edcias","url":"https:\/\/jornalfatosenoticias.com.br\/","logo":{"@type":"ImageObject","inLanguage":"pt-BR","@id":"https:\/\/jornalfatosenoticias.com.br\/#\/schema\/logo\/image\/","url":"https:\/\/jornalfatosenoticias.com.br\/wp-content\/uploads\/2020\/02\/logo120.png","contentUrl":"https:\/\/jornalfatosenoticias.com.br\/wp-content\/uploads\/2020\/02\/logo120.png","width":1227,"height":120,"caption":"Jornal Fatos e Not\u00edcias"},"image":{"@id":"https:\/\/jornalfatosenoticias.com.br\/#\/schema\/logo\/image\/"}},{"@type":"Person","@id":"https:\/\/jornalfatosenoticias.com.br\/#\/schema\/person\/d63837fa13ac8666eb9e74e0985d6f81","name":"Luzimara Fernandes","image":{"@type":"ImageObject","inLanguage":"pt-BR","@id":"https:\/\/jornalfatosenoticias.com.br\/#\/schema\/person\/image\/","url":"https:\/\/jornalfatosenoticias.com.br\/wp-content\/uploads\/2025\/05\/EU_portal.jpg","contentUrl":"https:\/\/jornalfatosenoticias.com.br\/wp-content\/uploads\/2025\/05\/EU_portal.jpg","caption":"Luzimara Fernandes"},"description":"Jornalista MTB 2358-ES","sameAs":["https:\/\/jornalfatosenoticias.com.br"],"url":"https:\/\/jornalfatosenoticias.com.br\/index.php\/author\/luzimara\/"}]}},"cc_featured_image_caption":{"caption_text":"(Foto: Arquivo\/Ag\u00eancia Brasil)","source_text":"","source_url":""},"jetpack_featured_media_url":"https:\/\/jornalfatosenoticias.com.br\/wp-content\/uploads\/2020\/03\/rodovias-1.jpg","_links":{"self":[{"href":"https:\/\/jornalfatosenoticias.com.br\/index.php\/wp-json\/wp\/v2\/posts\/2368","targetHints":{"allow":["GET"]}}],"collection":[{"href":"https:\/\/jornalfatosenoticias.com.br\/index.php\/wp-json\/wp\/v2\/posts"}],"about":[{"href":"https:\/\/jornalfatosenoticias.com.br\/index.php\/wp-json\/wp\/v2\/types\/post"}],"author":[{"embeddable":true,"href":"https:\/\/jornalfatosenoticias.com.br\/index.php\/wp-json\/wp\/v2\/users\/2"}],"replies":[{"embeddable":true,"href":"https:\/\/jornalfatosenoticias.com.br\/index.php\/wp-json\/wp\/v2\/comments?post=2368"}],"version-history":[{"count":0,"href":"https:\/\/jornalfatosenoticias.com.br\/index.php\/wp-json\/wp\/v2\/posts\/2368\/revisions"}],"wp:featuredmedia":[{"embeddable":true,"href":"https:\/\/jornalfatosenoticias.com.br\/index.php\/wp-json\/wp\/v2\/media\/2369"}],"wp:attachment":[{"href":"https:\/\/jornalfatosenoticias.com.br\/index.php\/wp-json\/wp\/v2\/media?parent=2368"}],"wp:term":[{"taxonomy":"category","embeddable":true,"href":"https:\/\/jornalfatosenoticias.com.br\/index.php\/wp-json\/wp\/v2\/categories?post=2368"},{"taxonomy":"post_tag","embeddable":true,"href":"https:\/\/jornalfatosenoticias.com.br\/index.php\/wp-json\/wp\/v2\/tags?post=2368"}],"curies":[{"name":"wp","href":"https:\/\/api.w.org\/{rel}","templated":true}]}}