{"id":23701,"date":"2021-10-07T17:21:35","date_gmt":"2021-10-07T20:21:35","guid":{"rendered":"https:\/\/jornalfatosenoticias.com.br\/?p=23701"},"modified":"2021-10-07T17:21:38","modified_gmt":"2021-10-07T20:21:38","slug":"unico-brasileiro-indicado-ao-nobel-da-educacao-trabalha-a-matematica-como-ferramenta-social","status":"publish","type":"post","link":"https:\/\/jornalfatosenoticias.com.br\/index.php\/2021\/10\/07\/unico-brasileiro-indicado-ao-nobel-da-educacao-trabalha-a-matematica-como-ferramenta-social\/","title":{"rendered":"\u00danico brasileiro indicado ao \u2018Nobel da Educa\u00e7\u00e3o\u2019 trabalha a matem\u00e1tica como ferramenta social"},"content":{"rendered":"\n<p><em><span class=\"has-inline-color has-black-color\">Professor Greiton Toledo \u00e9 o representante do Pa\u00eds no Global Teacher Prize 2021. Suas aulas de matem\u00e1ticas colocam os alunos como agentes transformadores<\/span><\/em><\/p>\n\n\n\n<p>Greiton Toledo de Azevedo \u00e9 oriundo de escola e universidade p\u00fablicas e foi o \u00fanico brasileiro entre os 50 professores finalistas \u2014 de oito mil inscritos de 121 pa\u00edses \u2014 do Global Teacher Prize 2021, considerado o \u2018Nobel da Educa\u00e7\u00e3o\u2019 e cujo vencedor receber\u00e1 nada menos que um milh\u00e3o de d\u00f3lares. Professor h\u00e1 11 anos, Greiton leciona matem\u00e1tica no Instituto Federal Goiano (IF Goiano) em Ipameri, no sudeste de Goi\u00e1s, e faz de suas aulas uma grande experi\u00eancia ao mesclar diferentes \u00e1reas do conhecimento em prol de uma causa social. Ele ensina a matem\u00e1tica n\u00e3o a partir do conte\u00fado, mas do desenvolvimento de habilidades e compet\u00eancias da matem\u00e1tica.<br>No intitulado projeto Mattics, que o fez chegar aos 50 finalistas, o professor une matem\u00e1tica e rob\u00f3tica para a constru\u00e7\u00e3o de jogos de baixo custo que auxiliam nos sintomas de pessoas com Parkinson, estimulando a coordena\u00e7\u00e3o motora, o equil\u00edbrio e a concentra\u00e7\u00e3o. Com isso, os alunos s\u00e3o instigados a se colocarem como cientistas. Al\u00e9m disso, os dispositivos constru\u00eddos s\u00e3o levados pelos pr\u00f3prios estudantes a hospitais parceiros para a intera\u00e7\u00e3o com os pacientes.<\/p>\n\n\n\n<p>Sem um dono do conhecimento<br>A saber, entre as primeiras etapas do projeto est\u00e1 a de ouvir m\u00e9dicos e enfermeiros para os alunos compreenderem o tipo de jogo que precisa ser criado. \u201cTemos mais de 50 profissionais parceiros, dentre engenheiros, fisioterapeutas e fonoaudi\u00f3logos\u201d. Greiton refor\u00e7a que o professor \u00e9 um mediador e faz com que os conte\u00fados conversem entre si, ou seja, \u00e9 compreender que lecionar n\u00e3o \u00e9 ter controle de tudo e ter que saber de tudo. \u201cClaro que o professor tem mais experi\u00eancia e precisa mediar, mas eu aprendo todo dia e, \u00e0s vezes, h\u00e1 inven\u00e7\u00f5es mais incr\u00edveis que a minha que fa\u00e7o doutorado\u201d.<\/p>\n\n\n\n<blockquote class=\"wp-block-quote is-layout-flow wp-block-quote-is-layout-flow\"><p><span class=\"has-inline-color has-luminous-vivid-orange-color\">\u201cComecei a buscar mudar n\u00e3o s\u00f3 o estigma colocado na matem\u00e1tica de incapacidade como manter a relev\u00e2ncia dela para o impacto social. Os alunos, como cientistas da matem\u00e1tica, discutem trigonometria e \u00e1lgebra junto com a linguagem de programa\u00e7\u00e3o e com recursos de baixo custo e at\u00e9 recicl\u00e1veis\u201d, conta Toledo.<\/span><\/p><\/blockquote>\n\n\n\n<p>O professor critica que n\u00e3o d\u00e1 mais para ensinar a matem\u00e1tica do s\u00e9culo 19 pautada, sobretudo, na repeti\u00e7\u00e3o e memoriza\u00e7\u00e3o. \u201cPrecisamos valorizar, encorajar e nutrir o potencial criativo dos alunos e testar v\u00e1rios caminhos\u201d, acredita.<\/p>\n\n\n\n<figure class=\"wp-block-image size-large is-style-default\"><img loading=\"lazy\" decoding=\"async\" width=\"1000\" height=\"562\" src=\"https:\/\/jornalfatosenoticias.com.br\/wp-content\/uploads\/2021\/10\/nobel-educacao-mattics-greiton2.jpg\" alt=\"\" class=\"wp-image-23702\" srcset=\"https:\/\/jornalfatosenoticias.com.br\/wp-content\/uploads\/2021\/10\/nobel-educacao-mattics-greiton2.jpg 1000w, https:\/\/jornalfatosenoticias.com.br\/wp-content\/uploads\/2021\/10\/nobel-educacao-mattics-greiton2-300x169.jpg 300w, https:\/\/jornalfatosenoticias.com.br\/wp-content\/uploads\/2021\/10\/nobel-educacao-mattics-greiton2-768x432.jpg 768w\" sizes=\"auto, (max-width: 1000px) 100vw, 1000px\" \/><figcaption><em><span class=\"has-inline-color has-black-color\">Nas aulas de Greiton os alunos criam dispositivos que tendem a melhorar a vida de pacientes com Parkinson (Foto: Arquivo Pessoal)<\/span><\/em><\/figcaption><\/figure>\n\n\n\n<p><strong><span class=\"has-inline-color has-black-color\">Escola como agente de transforma\u00e7\u00e3o<br><\/span><\/strong>Caso ganhe o pr\u00eamio de um milh\u00e3o de d\u00f3lares, Greiton Toledo conta que quer impactar mais vidas criando centros de sementes Mattis em escolas municipais e estaduais de Goi\u00e1s e outros estados com foco, por exemplo, na compra de materiais e forma\u00e7\u00e3o docente. \u201cE que o projeto possa atender outras demandas sociais como c\u00e2ncer e depress\u00e3o, porque a escola produz saberes, conhecimento, ela pode ser, assim como a universidade, agente de transforma\u00e7\u00e3o social\u201d, defende.<br>Sua pesquisa de doutorado, j\u00e1 qualificada e sob a orienta\u00e7\u00e3o do professor Marcus Vin\u00edcius Maltempi, tem como tema Processo de forma\u00e7\u00e3o matem\u00e1tica: inven\u00e7\u00f5es cient\u00edfico-tecnol\u00f3gica destinadas ao tratamento de sintomas da doen\u00e7a de Parkinson. Os brasileiros Leo Burd, do MIT, e Paulo Blikstein, da Universidade de Stanford, participaram de sua banca.<br>Em resumo, o projeto Mattics ganhou corpo em 2015, na Escola Municipal Irm\u00e3 Catarina Jardim Miranda, localizada em Senador Canedo, GO, \u00e9poca em que Greiton Toledo ali lecionava por contrato \u2014 hoje, al\u00e9m de professor no Instituto Federal de Goi\u00e1s e pesquisador, Greiton \u00e9 professor volunt\u00e1rio na Escola Catarina. O Mattics j\u00e1 lhe trouxe outro reconhecimento: em 2016 foi um dos vencedores do Pr\u00eamio Educador Nota 10.<\/p>\n\n\n\n<p><strong><em>Fonte: <a href=\"https:\/\/revistaeducacao.com.br\/2021\/09\/30\/greiton-toledo-mattics\/#:~:text=Brasileiro%20no%20Nobel%20da%20Educa%C3%A7%C3%A3o%3A%20Greiton%20Toledo%20e%20sua%20matem%C3%A1tica%20social\">Revista Educa\u00e7\u00e3o<\/a><\/em><\/strong><\/p>\n","protected":false},"excerpt":{"rendered":"<p>Professor Greiton Toledo \u00e9 o representante do Pa\u00eds no Global Teacher Prize 2021. Suas aulas de matem\u00e1ticas colocam os alunos como agentes transformadores Greiton Toledo de Azevedo \u00e9 oriundo de escola e universidade p\u00fablicas e foi o \u00fanico brasileiro entre os 50 professores finalistas \u2014 de oito mil inscritos de 121 pa\u00edses \u2014 do Global [&hellip;]<\/p>\n","protected":false},"author":2,"featured_media":23703,"comment_status":"open","ping_status":"open","sticky":false,"template":"","format":"standard","meta":{"footnotes":""},"categories":[7],"tags":[5169,11502,11503,4593,5871,3709],"class_list":["post-23701","post","type-post","status-publish","format-standard","has-post-thumbnail","hentry","category-educacao","tag-destaque","tag-global-teacher-prize","tag-greiton-toledo","tag-matematica","tag-nobel-da-educacao","tag-parkinson"],"yoast_head":"<!-- This site is optimized with the Yoast SEO plugin v26.5 - https:\/\/yoast.com\/wordpress\/plugins\/seo\/ -->\n<title>\u00danico brasileiro indicado ao \u2018Nobel da Educa\u00e7\u00e3o\u2019 trabalha a matem\u00e1tica como ferramenta social - Jornal Fatos e Not\u00edcias<\/title>\n<meta name=\"robots\" content=\"index, follow, max-snippet:-1, max-image-preview:large, max-video-preview:-1\" \/>\n<link rel=\"canonical\" href=\"https:\/\/jornalfatosenoticias.com.br\/index.php\/2021\/10\/07\/unico-brasileiro-indicado-ao-nobel-da-educacao-trabalha-a-matematica-como-ferramenta-social\/\" \/>\n<meta property=\"og:locale\" content=\"pt_BR\" \/>\n<meta property=\"og:type\" content=\"article\" \/>\n<meta property=\"og:title\" content=\"\u00danico brasileiro indicado ao \u2018Nobel da Educa\u00e7\u00e3o\u2019 trabalha a matem\u00e1tica como ferramenta social - Jornal Fatos e Not\u00edcias\" \/>\n<meta property=\"og:description\" content=\"Professor Greiton Toledo \u00e9 o representante do Pa\u00eds no Global Teacher Prize 2021. Suas aulas de matem\u00e1ticas colocam os alunos como agentes transformadores Greiton Toledo de Azevedo \u00e9 oriundo de escola e universidade p\u00fablicas e foi o \u00fanico brasileiro entre os 50 professores finalistas \u2014 de oito mil inscritos de 121 pa\u00edses \u2014 do Global [&hellip;]\" \/>\n<meta property=\"og:url\" content=\"https:\/\/jornalfatosenoticias.com.br\/index.php\/2021\/10\/07\/unico-brasileiro-indicado-ao-nobel-da-educacao-trabalha-a-matematica-como-ferramenta-social\/\" \/>\n<meta property=\"og:site_name\" content=\"Jornal Fatos e Not\u00edcias\" \/>\n<meta property=\"article:published_time\" content=\"2021-10-07T20:21:35+00:00\" \/>\n<meta property=\"article:modified_time\" content=\"2021-10-07T20:21:38+00:00\" \/>\n<meta property=\"og:image\" content=\"https:\/\/jornalfatosenoticias.com.br\/wp-content\/uploads\/2021\/10\/greiton-toledo-nobel-educacao.jpg\" \/>\n\t<meta property=\"og:image:width\" content=\"1000\" \/>\n\t<meta property=\"og:image:height\" content=\"762\" \/>\n\t<meta property=\"og:image:type\" content=\"image\/jpeg\" \/>\n<meta name=\"author\" content=\"Luzimara Fernandes\" \/>\n<meta name=\"twitter:card\" content=\"summary_large_image\" \/>\n<meta name=\"twitter:label1\" content=\"Escrito por\" \/>\n\t<meta name=\"twitter:data1\" content=\"Luzimara Fernandes\" \/>\n\t<meta name=\"twitter:label2\" content=\"Est. tempo de leitura\" \/>\n\t<meta name=\"twitter:data2\" content=\"3 minutos\" \/>\n<script type=\"application\/ld+json\" class=\"yoast-schema-graph\">{\"@context\":\"https:\/\/schema.org\",\"@graph\":[{\"@type\":\"Article\",\"@id\":\"https:\/\/jornalfatosenoticias.com.br\/index.php\/2021\/10\/07\/unico-brasileiro-indicado-ao-nobel-da-educacao-trabalha-a-matematica-como-ferramenta-social\/#article\",\"isPartOf\":{\"@id\":\"https:\/\/jornalfatosenoticias.com.br\/index.php\/2021\/10\/07\/unico-brasileiro-indicado-ao-nobel-da-educacao-trabalha-a-matematica-como-ferramenta-social\/\"},\"author\":{\"name\":\"Luzimara Fernandes\",\"@id\":\"https:\/\/jornalfatosenoticias.com.br\/#\/schema\/person\/d63837fa13ac8666eb9e74e0985d6f81\"},\"headline\":\"\u00danico brasileiro indicado ao \u2018Nobel da Educa\u00e7\u00e3o\u2019 trabalha a matem\u00e1tica como ferramenta social\",\"datePublished\":\"2021-10-07T20:21:35+00:00\",\"dateModified\":\"2021-10-07T20:21:38+00:00\",\"mainEntityOfPage\":{\"@id\":\"https:\/\/jornalfatosenoticias.com.br\/index.php\/2021\/10\/07\/unico-brasileiro-indicado-ao-nobel-da-educacao-trabalha-a-matematica-como-ferramenta-social\/\"},\"wordCount\":677,\"commentCount\":0,\"publisher\":{\"@id\":\"https:\/\/jornalfatosenoticias.com.br\/#organization\"},\"image\":{\"@id\":\"https:\/\/jornalfatosenoticias.com.br\/index.php\/2021\/10\/07\/unico-brasileiro-indicado-ao-nobel-da-educacao-trabalha-a-matematica-como-ferramenta-social\/#primaryimage\"},\"thumbnailUrl\":\"https:\/\/jornalfatosenoticias.com.br\/wp-content\/uploads\/2021\/10\/greiton-toledo-nobel-educacao.jpg\",\"keywords\":[\"destaque\",\"Global Teacher Prize\",\"Greiton Toledo\",\"matem\u00e1tica\",\"Nobel da Educa\u00e7\u00e3o\",\"Parkinson\"],\"articleSection\":[\"Educa\u00e7\u00e3o\"],\"inLanguage\":\"pt-BR\",\"potentialAction\":[{\"@type\":\"CommentAction\",\"name\":\"Comment\",\"target\":[\"https:\/\/jornalfatosenoticias.com.br\/index.php\/2021\/10\/07\/unico-brasileiro-indicado-ao-nobel-da-educacao-trabalha-a-matematica-como-ferramenta-social\/#respond\"]}]},{\"@type\":\"WebPage\",\"@id\":\"https:\/\/jornalfatosenoticias.com.br\/index.php\/2021\/10\/07\/unico-brasileiro-indicado-ao-nobel-da-educacao-trabalha-a-matematica-como-ferramenta-social\/\",\"url\":\"https:\/\/jornalfatosenoticias.com.br\/index.php\/2021\/10\/07\/unico-brasileiro-indicado-ao-nobel-da-educacao-trabalha-a-matematica-como-ferramenta-social\/\",\"name\":\"\u00danico brasileiro indicado ao \u2018Nobel da Educa\u00e7\u00e3o\u2019 trabalha a matem\u00e1tica como ferramenta social - Jornal Fatos e Not\u00edcias\",\"isPartOf\":{\"@id\":\"https:\/\/jornalfatosenoticias.com.br\/#website\"},\"primaryImageOfPage\":{\"@id\":\"https:\/\/jornalfatosenoticias.com.br\/index.php\/2021\/10\/07\/unico-brasileiro-indicado-ao-nobel-da-educacao-trabalha-a-matematica-como-ferramenta-social\/#primaryimage\"},\"image\":{\"@id\":\"https:\/\/jornalfatosenoticias.com.br\/index.php\/2021\/10\/07\/unico-brasileiro-indicado-ao-nobel-da-educacao-trabalha-a-matematica-como-ferramenta-social\/#primaryimage\"},\"thumbnailUrl\":\"https:\/\/jornalfatosenoticias.com.br\/wp-content\/uploads\/2021\/10\/greiton-toledo-nobel-educacao.jpg\",\"datePublished\":\"2021-10-07T20:21:35+00:00\",\"dateModified\":\"2021-10-07T20:21:38+00:00\",\"breadcrumb\":{\"@id\":\"https:\/\/jornalfatosenoticias.com.br\/index.php\/2021\/10\/07\/unico-brasileiro-indicado-ao-nobel-da-educacao-trabalha-a-matematica-como-ferramenta-social\/#breadcrumb\"},\"inLanguage\":\"pt-BR\",\"potentialAction\":[{\"@type\":\"ReadAction\",\"target\":[\"https:\/\/jornalfatosenoticias.com.br\/index.php\/2021\/10\/07\/unico-brasileiro-indicado-ao-nobel-da-educacao-trabalha-a-matematica-como-ferramenta-social\/\"]}]},{\"@type\":\"ImageObject\",\"inLanguage\":\"pt-BR\",\"@id\":\"https:\/\/jornalfatosenoticias.com.br\/index.php\/2021\/10\/07\/unico-brasileiro-indicado-ao-nobel-da-educacao-trabalha-a-matematica-como-ferramenta-social\/#primaryimage\",\"url\":\"https:\/\/jornalfatosenoticias.com.br\/wp-content\/uploads\/2021\/10\/greiton-toledo-nobel-educacao.jpg\",\"contentUrl\":\"https:\/\/jornalfatosenoticias.com.br\/wp-content\/uploads\/2021\/10\/greiton-toledo-nobel-educacao.jpg\",\"width\":1000,\"height\":762},{\"@type\":\"BreadcrumbList\",\"@id\":\"https:\/\/jornalfatosenoticias.com.br\/index.php\/2021\/10\/07\/unico-brasileiro-indicado-ao-nobel-da-educacao-trabalha-a-matematica-como-ferramenta-social\/#breadcrumb\",\"itemListElement\":[{\"@type\":\"ListItem\",\"position\":1,\"name\":\"In\u00edcio\",\"item\":\"https:\/\/jornalfatosenoticias.com.br\/\"},{\"@type\":\"ListItem\",\"position\":2,\"name\":\"\u00danico brasileiro indicado ao \u2018Nobel da Educa\u00e7\u00e3o\u2019 trabalha a matem\u00e1tica como ferramenta social\"}]},{\"@type\":\"WebSite\",\"@id\":\"https:\/\/jornalfatosenoticias.com.br\/#website\",\"url\":\"https:\/\/jornalfatosenoticias.com.br\/\",\"name\":\"Jornal Fatos e Not\u00edcias\",\"description\":\"Not\u00edcias em geral\",\"publisher\":{\"@id\":\"https:\/\/jornalfatosenoticias.com.br\/#organization\"},\"potentialAction\":[{\"@type\":\"SearchAction\",\"target\":{\"@type\":\"EntryPoint\",\"urlTemplate\":\"https:\/\/jornalfatosenoticias.com.br\/?s={search_term_string}\"},\"query-input\":{\"@type\":\"PropertyValueSpecification\",\"valueRequired\":true,\"valueName\":\"search_term_string\"}}],\"inLanguage\":\"pt-BR\"},{\"@type\":\"Organization\",\"@id\":\"https:\/\/jornalfatosenoticias.com.br\/#organization\",\"name\":\"Jornal Fatos e Not\u00edcias\",\"url\":\"https:\/\/jornalfatosenoticias.com.br\/\",\"logo\":{\"@type\":\"ImageObject\",\"inLanguage\":\"pt-BR\",\"@id\":\"https:\/\/jornalfatosenoticias.com.br\/#\/schema\/logo\/image\/\",\"url\":\"https:\/\/jornalfatosenoticias.com.br\/wp-content\/uploads\/2020\/02\/logo120.png\",\"contentUrl\":\"https:\/\/jornalfatosenoticias.com.br\/wp-content\/uploads\/2020\/02\/logo120.png\",\"width\":1227,\"height\":120,\"caption\":\"Jornal Fatos e Not\u00edcias\"},\"image\":{\"@id\":\"https:\/\/jornalfatosenoticias.com.br\/#\/schema\/logo\/image\/\"}},{\"@type\":\"Person\",\"@id\":\"https:\/\/jornalfatosenoticias.com.br\/#\/schema\/person\/d63837fa13ac8666eb9e74e0985d6f81\",\"name\":\"Luzimara Fernandes\",\"image\":{\"@type\":\"ImageObject\",\"inLanguage\":\"pt-BR\",\"@id\":\"https:\/\/jornalfatosenoticias.com.br\/#\/schema\/person\/image\/\",\"url\":\"https:\/\/jornalfatosenoticias.com.br\/wp-content\/uploads\/2025\/05\/EU_portal.jpg\",\"contentUrl\":\"https:\/\/jornalfatosenoticias.com.br\/wp-content\/uploads\/2025\/05\/EU_portal.jpg\",\"caption\":\"Luzimara Fernandes\"},\"description\":\"Jornalista MTB 2358-ES\",\"sameAs\":[\"https:\/\/jornalfatosenoticias.com.br\"],\"url\":\"https:\/\/jornalfatosenoticias.com.br\/index.php\/author\/luzimara\/\"}]}<\/script>\n<!-- \/ Yoast SEO plugin. -->","yoast_head_json":{"title":"\u00danico brasileiro indicado ao \u2018Nobel da Educa\u00e7\u00e3o\u2019 trabalha a matem\u00e1tica como ferramenta social - Jornal Fatos e Not\u00edcias","robots":{"index":"index","follow":"follow","max-snippet":"max-snippet:-1","max-image-preview":"max-image-preview:large","max-video-preview":"max-video-preview:-1"},"canonical":"https:\/\/jornalfatosenoticias.com.br\/index.php\/2021\/10\/07\/unico-brasileiro-indicado-ao-nobel-da-educacao-trabalha-a-matematica-como-ferramenta-social\/","og_locale":"pt_BR","og_type":"article","og_title":"\u00danico brasileiro indicado ao \u2018Nobel da Educa\u00e7\u00e3o\u2019 trabalha a matem\u00e1tica como ferramenta social - Jornal Fatos e Not\u00edcias","og_description":"Professor Greiton Toledo \u00e9 o representante do Pa\u00eds no Global Teacher Prize 2021. Suas aulas de matem\u00e1ticas colocam os alunos como agentes transformadores Greiton Toledo de Azevedo \u00e9 oriundo de escola e universidade p\u00fablicas e foi o \u00fanico brasileiro entre os 50 professores finalistas \u2014 de oito mil inscritos de 121 pa\u00edses \u2014 do Global [&hellip;]","og_url":"https:\/\/jornalfatosenoticias.com.br\/index.php\/2021\/10\/07\/unico-brasileiro-indicado-ao-nobel-da-educacao-trabalha-a-matematica-como-ferramenta-social\/","og_site_name":"Jornal Fatos e Not\u00edcias","article_published_time":"2021-10-07T20:21:35+00:00","article_modified_time":"2021-10-07T20:21:38+00:00","og_image":[{"width":1000,"height":762,"url":"https:\/\/jornalfatosenoticias.com.br\/wp-content\/uploads\/2021\/10\/greiton-toledo-nobel-educacao.jpg","type":"image\/jpeg"}],"author":"Luzimara Fernandes","twitter_card":"summary_large_image","twitter_misc":{"Escrito por":"Luzimara Fernandes","Est. tempo de leitura":"3 minutos"},"schema":{"@context":"https:\/\/schema.org","@graph":[{"@type":"Article","@id":"https:\/\/jornalfatosenoticias.com.br\/index.php\/2021\/10\/07\/unico-brasileiro-indicado-ao-nobel-da-educacao-trabalha-a-matematica-como-ferramenta-social\/#article","isPartOf":{"@id":"https:\/\/jornalfatosenoticias.com.br\/index.php\/2021\/10\/07\/unico-brasileiro-indicado-ao-nobel-da-educacao-trabalha-a-matematica-como-ferramenta-social\/"},"author":{"name":"Luzimara Fernandes","@id":"https:\/\/jornalfatosenoticias.com.br\/#\/schema\/person\/d63837fa13ac8666eb9e74e0985d6f81"},"headline":"\u00danico brasileiro indicado ao \u2018Nobel da Educa\u00e7\u00e3o\u2019 trabalha a matem\u00e1tica como ferramenta social","datePublished":"2021-10-07T20:21:35+00:00","dateModified":"2021-10-07T20:21:38+00:00","mainEntityOfPage":{"@id":"https:\/\/jornalfatosenoticias.com.br\/index.php\/2021\/10\/07\/unico-brasileiro-indicado-ao-nobel-da-educacao-trabalha-a-matematica-como-ferramenta-social\/"},"wordCount":677,"commentCount":0,"publisher":{"@id":"https:\/\/jornalfatosenoticias.com.br\/#organization"},"image":{"@id":"https:\/\/jornalfatosenoticias.com.br\/index.php\/2021\/10\/07\/unico-brasileiro-indicado-ao-nobel-da-educacao-trabalha-a-matematica-como-ferramenta-social\/#primaryimage"},"thumbnailUrl":"https:\/\/jornalfatosenoticias.com.br\/wp-content\/uploads\/2021\/10\/greiton-toledo-nobel-educacao.jpg","keywords":["destaque","Global Teacher Prize","Greiton Toledo","matem\u00e1tica","Nobel da Educa\u00e7\u00e3o","Parkinson"],"articleSection":["Educa\u00e7\u00e3o"],"inLanguage":"pt-BR","potentialAction":[{"@type":"CommentAction","name":"Comment","target":["https:\/\/jornalfatosenoticias.com.br\/index.php\/2021\/10\/07\/unico-brasileiro-indicado-ao-nobel-da-educacao-trabalha-a-matematica-como-ferramenta-social\/#respond"]}]},{"@type":"WebPage","@id":"https:\/\/jornalfatosenoticias.com.br\/index.php\/2021\/10\/07\/unico-brasileiro-indicado-ao-nobel-da-educacao-trabalha-a-matematica-como-ferramenta-social\/","url":"https:\/\/jornalfatosenoticias.com.br\/index.php\/2021\/10\/07\/unico-brasileiro-indicado-ao-nobel-da-educacao-trabalha-a-matematica-como-ferramenta-social\/","name":"\u00danico brasileiro indicado ao \u2018Nobel da Educa\u00e7\u00e3o\u2019 trabalha a matem\u00e1tica como ferramenta social - Jornal Fatos e Not\u00edcias","isPartOf":{"@id":"https:\/\/jornalfatosenoticias.com.br\/#website"},"primaryImageOfPage":{"@id":"https:\/\/jornalfatosenoticias.com.br\/index.php\/2021\/10\/07\/unico-brasileiro-indicado-ao-nobel-da-educacao-trabalha-a-matematica-como-ferramenta-social\/#primaryimage"},"image":{"@id":"https:\/\/jornalfatosenoticias.com.br\/index.php\/2021\/10\/07\/unico-brasileiro-indicado-ao-nobel-da-educacao-trabalha-a-matematica-como-ferramenta-social\/#primaryimage"},"thumbnailUrl":"https:\/\/jornalfatosenoticias.com.br\/wp-content\/uploads\/2021\/10\/greiton-toledo-nobel-educacao.jpg","datePublished":"2021-10-07T20:21:35+00:00","dateModified":"2021-10-07T20:21:38+00:00","breadcrumb":{"@id":"https:\/\/jornalfatosenoticias.com.br\/index.php\/2021\/10\/07\/unico-brasileiro-indicado-ao-nobel-da-educacao-trabalha-a-matematica-como-ferramenta-social\/#breadcrumb"},"inLanguage":"pt-BR","potentialAction":[{"@type":"ReadAction","target":["https:\/\/jornalfatosenoticias.com.br\/index.php\/2021\/10\/07\/unico-brasileiro-indicado-ao-nobel-da-educacao-trabalha-a-matematica-como-ferramenta-social\/"]}]},{"@type":"ImageObject","inLanguage":"pt-BR","@id":"https:\/\/jornalfatosenoticias.com.br\/index.php\/2021\/10\/07\/unico-brasileiro-indicado-ao-nobel-da-educacao-trabalha-a-matematica-como-ferramenta-social\/#primaryimage","url":"https:\/\/jornalfatosenoticias.com.br\/wp-content\/uploads\/2021\/10\/greiton-toledo-nobel-educacao.jpg","contentUrl":"https:\/\/jornalfatosenoticias.com.br\/wp-content\/uploads\/2021\/10\/greiton-toledo-nobel-educacao.jpg","width":1000,"height":762},{"@type":"BreadcrumbList","@id":"https:\/\/jornalfatosenoticias.com.br\/index.php\/2021\/10\/07\/unico-brasileiro-indicado-ao-nobel-da-educacao-trabalha-a-matematica-como-ferramenta-social\/#breadcrumb","itemListElement":[{"@type":"ListItem","position":1,"name":"In\u00edcio","item":"https:\/\/jornalfatosenoticias.com.br\/"},{"@type":"ListItem","position":2,"name":"\u00danico brasileiro indicado ao \u2018Nobel da Educa\u00e7\u00e3o\u2019 trabalha a matem\u00e1tica como ferramenta social"}]},{"@type":"WebSite","@id":"https:\/\/jornalfatosenoticias.com.br\/#website","url":"https:\/\/jornalfatosenoticias.com.br\/","name":"Jornal Fatos e Not\u00edcias","description":"Not\u00edcias em geral","publisher":{"@id":"https:\/\/jornalfatosenoticias.com.br\/#organization"},"potentialAction":[{"@type":"SearchAction","target":{"@type":"EntryPoint","urlTemplate":"https:\/\/jornalfatosenoticias.com.br\/?s={search_term_string}"},"query-input":{"@type":"PropertyValueSpecification","valueRequired":true,"valueName":"search_term_string"}}],"inLanguage":"pt-BR"},{"@type":"Organization","@id":"https:\/\/jornalfatosenoticias.com.br\/#organization","name":"Jornal Fatos e Not\u00edcias","url":"https:\/\/jornalfatosenoticias.com.br\/","logo":{"@type":"ImageObject","inLanguage":"pt-BR","@id":"https:\/\/jornalfatosenoticias.com.br\/#\/schema\/logo\/image\/","url":"https:\/\/jornalfatosenoticias.com.br\/wp-content\/uploads\/2020\/02\/logo120.png","contentUrl":"https:\/\/jornalfatosenoticias.com.br\/wp-content\/uploads\/2020\/02\/logo120.png","width":1227,"height":120,"caption":"Jornal Fatos e Not\u00edcias"},"image":{"@id":"https:\/\/jornalfatosenoticias.com.br\/#\/schema\/logo\/image\/"}},{"@type":"Person","@id":"https:\/\/jornalfatosenoticias.com.br\/#\/schema\/person\/d63837fa13ac8666eb9e74e0985d6f81","name":"Luzimara Fernandes","image":{"@type":"ImageObject","inLanguage":"pt-BR","@id":"https:\/\/jornalfatosenoticias.com.br\/#\/schema\/person\/image\/","url":"https:\/\/jornalfatosenoticias.com.br\/wp-content\/uploads\/2025\/05\/EU_portal.jpg","contentUrl":"https:\/\/jornalfatosenoticias.com.br\/wp-content\/uploads\/2025\/05\/EU_portal.jpg","caption":"Luzimara Fernandes"},"description":"Jornalista MTB 2358-ES","sameAs":["https:\/\/jornalfatosenoticias.com.br"],"url":"https:\/\/jornalfatosenoticias.com.br\/index.php\/author\/luzimara\/"}]}},"cc_featured_image_caption":{"caption_text":"Greiton (Foto: Arquivo Pessoal) ","source_text":"","source_url":""},"jetpack_featured_media_url":"https:\/\/jornalfatosenoticias.com.br\/wp-content\/uploads\/2021\/10\/greiton-toledo-nobel-educacao.jpg","_links":{"self":[{"href":"https:\/\/jornalfatosenoticias.com.br\/index.php\/wp-json\/wp\/v2\/posts\/23701","targetHints":{"allow":["GET"]}}],"collection":[{"href":"https:\/\/jornalfatosenoticias.com.br\/index.php\/wp-json\/wp\/v2\/posts"}],"about":[{"href":"https:\/\/jornalfatosenoticias.com.br\/index.php\/wp-json\/wp\/v2\/types\/post"}],"author":[{"embeddable":true,"href":"https:\/\/jornalfatosenoticias.com.br\/index.php\/wp-json\/wp\/v2\/users\/2"}],"replies":[{"embeddable":true,"href":"https:\/\/jornalfatosenoticias.com.br\/index.php\/wp-json\/wp\/v2\/comments?post=23701"}],"version-history":[{"count":0,"href":"https:\/\/jornalfatosenoticias.com.br\/index.php\/wp-json\/wp\/v2\/posts\/23701\/revisions"}],"wp:featuredmedia":[{"embeddable":true,"href":"https:\/\/jornalfatosenoticias.com.br\/index.php\/wp-json\/wp\/v2\/media\/23703"}],"wp:attachment":[{"href":"https:\/\/jornalfatosenoticias.com.br\/index.php\/wp-json\/wp\/v2\/media?parent=23701"}],"wp:term":[{"taxonomy":"category","embeddable":true,"href":"https:\/\/jornalfatosenoticias.com.br\/index.php\/wp-json\/wp\/v2\/categories?post=23701"},{"taxonomy":"post_tag","embeddable":true,"href":"https:\/\/jornalfatosenoticias.com.br\/index.php\/wp-json\/wp\/v2\/tags?post=23701"}],"curies":[{"name":"wp","href":"https:\/\/api.w.org\/{rel}","templated":true}]}}