{"id":23717,"date":"2021-10-07T17:57:10","date_gmt":"2021-10-07T20:57:10","guid":{"rendered":"https:\/\/jornalfatosenoticias.com.br\/?p=23717"},"modified":"2021-10-07T18:17:59","modified_gmt":"2021-10-07T21:17:59","slug":"iema-x-seama-e-o-licenciamento-de-atividades-de-impacto-local","status":"publish","type":"post","link":"https:\/\/jornalfatosenoticias.com.br\/index.php\/2021\/10\/07\/iema-x-seama-e-o-licenciamento-de-atividades-de-impacto-local\/","title":{"rendered":"Iema x Seama e o Licenciamento de Atividades de Impacto Local"},"content":{"rendered":"\n<p>A Juntos SOS ES chama aten\u00e7\u00e3o da popula\u00e7\u00e3o capixaba para os caminhos ambientais trilhados pelo atual governo. Para o presidente da ONG, Eraylton Moreschi, h\u00e1 um impasse no governo entre o Instituto Estadual de Meio Ambiente e Recursos H\u00eddricos (Iema) e a Secretaria de Estado do Meio Ambiente e Recursos H\u00eddricos (Seama). \u201cNo \u00faltimo dia 23, em reuni\u00e3o da C\u00e2mara T\u00e9cnica de Pol\u00edticas do Conselho Estadual de Meio Ambiente (Consema) \u2014 revis\u00e3o da Resolu\u00e7\u00e3o 02\/2016, as recomenda\u00e7\u00f5es de preven\u00e7\u00e3o do diretor presidente do Iema, Alaimar Fiuza, foram ignoradas, na sua totalidade, por Fabr\u00edcio H\u00e9rick Machado, secret\u00e1rio da Seama, \u00f3rg\u00e3o da administra\u00e7\u00e3o direta do governo do Estado\u201d, diz.<br>A JUNTOS SOS ES afirma que h\u00e1 uma ruptura dos dois \u00f3rg\u00e3os nos prop\u00f3sitos. \u201cCom esse racha oficial, os mais prejudicados s\u00e3o o meio ambiente e a popula\u00e7\u00e3o capixaba. \u00c9 lastim\u00e1vel a postura omissa do governador Renato Casagrande nesse momento crucial de tomada de decis\u00f5es. Mais uma vez, entendo que, o que o secret\u00e1rio Fabr\u00edcio H\u00e9rick, esteja querendo, \u00e9 n\u00e3o seguir o princ\u00edpio da preven\u00e7\u00e3o e muito menos que a garantia do impacto seja local. Vejo que a preocupa\u00e7\u00e3o dele \u00e9 maior em atender outros interesses dos munic\u00edpios e n\u00e3o interesses do meio ambiente\u201d, disse.<\/p>\n\n\n\n<figure class=\"wp-block-image size-large is-style-default\"><img loading=\"lazy\" decoding=\"async\" width=\"1000\" height=\"557\" src=\"https:\/\/jornalfatosenoticias.com.br\/wp-content\/uploads\/2021\/10\/Agua-443-D.jpg\" alt=\"\" class=\"wp-image-23718\" srcset=\"https:\/\/jornalfatosenoticias.com.br\/wp-content\/uploads\/2021\/10\/Agua-443-D.jpg 1000w, https:\/\/jornalfatosenoticias.com.br\/wp-content\/uploads\/2021\/10\/Agua-443-D-300x167.jpg 300w, https:\/\/jornalfatosenoticias.com.br\/wp-content\/uploads\/2021\/10\/Agua-443-D-768x428.jpg 768w\" sizes=\"auto, (max-width: 1000px) 100vw, 1000px\" \/><figcaption><em><span class=\"has-inline-color has-black-color\">\u00c1gua de beber, \u00e1gua de molhar, \u00e1gua de brincar (Foto: Conex\u00e3o Planeta)<\/span><\/em><\/figcaption><\/figure>\n\n\n\n<p>Moreschi citou a Associa\u00e7\u00e3o Nacional de Munic\u00edpios e Meio Ambiente (Anamma), a Secretaria de Estado do Meio Ambiente e Recursos H\u00eddricos (Seama), a Federa\u00e7\u00e3o da Agricultura do Estado do Esp\u00edrito Santo (Faes), a Federa\u00e7\u00e3o das Empresas de Transportes do Estado do Esp\u00edrito Santo (Fetransportes), a Federa\u00e7\u00e3o das Ind\u00fastrias do Esp\u00edrito Santo (Findes) e a Associa\u00e7\u00e3o dos Pescadores e Extrativistas e Remanescentes de Quilombo do Degredo (ASPERQD), como organiza\u00e7\u00f5es que se posicionam contra os pareceres t\u00e9cnicos do Iema e sinalizam tend\u00eancias a favorecer a inclus\u00e3o de atividades de grande porte, que podem resultar em impactos que ultrapassem os limites municipais. O que podemos pensar? Quais seriam os verdadeiros interesses por traz desse prop\u00f3sito? N\u00e3o vejo outra explica\u00e7\u00e3o\u201d, pontuou.<\/p>\n\n\n\n<figure class=\"wp-block-image size-large is-style-default\"><img loading=\"lazy\" decoding=\"async\" width=\"1000\" height=\"626\" src=\"https:\/\/jornalfatosenoticias.com.br\/wp-content\/uploads\/2021\/10\/Agua-443-C.jpg\" alt=\"\" class=\"wp-image-23719\" srcset=\"https:\/\/jornalfatosenoticias.com.br\/wp-content\/uploads\/2021\/10\/Agua-443-C.jpg 1000w, https:\/\/jornalfatosenoticias.com.br\/wp-content\/uploads\/2021\/10\/Agua-443-C-300x188.jpg 300w, https:\/\/jornalfatosenoticias.com.br\/wp-content\/uploads\/2021\/10\/Agua-443-C-768x481.jpg 768w, https:\/\/jornalfatosenoticias.com.br\/wp-content\/uploads\/2021\/10\/Agua-443-C-350x220.jpg 350w\" sizes=\"auto, (max-width: 1000px) 100vw, 1000px\" \/><figcaption><em><span class=\"has-inline-color has-black-color\">\u201cOpera\u00e7\u00e3o Mata Atl\u00e2ntica em P\u00e9\u201d, para combater desmatamento no ES (Foto: ES Brasil)<\/span><\/em><\/figcaption><\/figure>\n\n\n\n<p>Ele ainda faz quest\u00e3o de lembrar ao gestor da Seama algumas das atribui\u00e7\u00f5es institucionais do \u00f3rg\u00e3o que \u00e9: gerenciar as ferramentas que propiciam a melhora nas condi\u00e7\u00f5es ambientais e o desenvolvimento sustent\u00e1vel do Esp\u00edrito Santo; assegurar o uso adequado dos recursos naturais, a conserva\u00e7\u00e3o e a recupera\u00e7\u00e3o dos ecossistemas, contribuindo para a sustentabilidade do desenvolvimento, mediante a formula\u00e7\u00e3o e a gest\u00e3o das pol\u00edticas p\u00fablicas de meio ambiente e de recursos h\u00eddricos e ser refer\u00eancia na gest\u00e3o das pol\u00edticas p\u00fablicas de meio ambiente e de recursos h\u00eddricos, respeitando a vida com \u00e9tica, transpar\u00eancia e comprometimento ambiental e social\u201d, concluiu.<br>O presidente do Iema, Alaimar Fiuza, em seu pronunciamento na reuni\u00e3o, lamentou a interfer\u00eancia de pol\u00edtica partid\u00e1ria nas decis\u00f5es da C\u00e2mara T\u00e9cnica do Conselho Estadual de Meio Ambiente\u2026<\/p>\n\n\n\n<h4 class=\"wp-block-heading\"><span class=\"has-inline-color has-vivid-red-color\">Ou\u00e7a o \u00e1udio<\/span><\/h4>\n\n\n\n<figure class=\"wp-block-audio\"><audio controls src=\"https:\/\/jornalfatosenoticias.com.br\/wp-content\/uploads\/2021\/10\/Moreschi-audio.mp3\"><\/audio><\/figure>\n\n\n\n<p><\/p>\n","protected":false},"excerpt":{"rendered":"<p>A Juntos SOS ES chama aten\u00e7\u00e3o da popula\u00e7\u00e3o capixaba para os caminhos ambientais trilhados pelo atual governo. Para o presidente da ONG, Eraylton Moreschi, h\u00e1 um impasse no governo entre o Instituto Estadual de Meio Ambiente e Recursos H\u00eddricos (Iema) e a Secretaria de Estado do Meio Ambiente e Recursos H\u00eddricos (Seama). \u201cNo \u00faltimo dia [&hellip;]<\/p>\n","protected":false},"author":3,"featured_media":23720,"comment_status":"open","ping_status":"open","sticky":false,"template":"","format":"standard","meta":{"footnotes":""},"categories":[8],"tags":[451,11518,9768,11517,7049,8903],"class_list":["post-23717","post","type-post","status-publish","format-standard","has-post-thumbnail","hentry","category-meio-ambiente","tag-agua","tag-atividades-de-impacto-ambiental","tag-iema","tag-licenciamento-ambiental","tag-recursos-hidricos","tag-seama"],"yoast_head":"<!-- This site is optimized with the Yoast SEO plugin v26.5 - https:\/\/yoast.com\/wordpress\/plugins\/seo\/ -->\n<title>Iema x Seama e o Licenciamento de Atividades de Impacto Local - Jornal Fatos e Not\u00edcias<\/title>\n<meta name=\"robots\" content=\"index, follow, max-snippet:-1, max-image-preview:large, max-video-preview:-1\" \/>\n<link rel=\"canonical\" href=\"https:\/\/jornalfatosenoticias.com.br\/index.php\/2021\/10\/07\/iema-x-seama-e-o-licenciamento-de-atividades-de-impacto-local\/\" \/>\n<meta property=\"og:locale\" content=\"pt_BR\" \/>\n<meta property=\"og:type\" content=\"article\" \/>\n<meta property=\"og:title\" content=\"Iema x Seama e o Licenciamento de Atividades de Impacto Local - Jornal Fatos e Not\u00edcias\" \/>\n<meta property=\"og:description\" content=\"A Juntos SOS ES chama aten\u00e7\u00e3o da popula\u00e7\u00e3o capixaba para os caminhos ambientais trilhados pelo atual governo. Para o presidente da ONG, Eraylton Moreschi, h\u00e1 um impasse no governo entre o Instituto Estadual de Meio Ambiente e Recursos H\u00eddricos (Iema) e a Secretaria de Estado do Meio Ambiente e Recursos H\u00eddricos (Seama). \u201cNo \u00faltimo dia [&hellip;]\" \/>\n<meta property=\"og:url\" content=\"https:\/\/jornalfatosenoticias.com.br\/index.php\/2021\/10\/07\/iema-x-seama-e-o-licenciamento-de-atividades-de-impacto-local\/\" \/>\n<meta property=\"og:site_name\" content=\"Jornal Fatos e Not\u00edcias\" \/>\n<meta property=\"article:published_time\" content=\"2021-10-07T20:57:10+00:00\" \/>\n<meta property=\"article:modified_time\" content=\"2021-10-07T21:17:59+00:00\" \/>\n<meta property=\"og:image\" content=\"https:\/\/jornalfatosenoticias.com.br\/wp-content\/uploads\/2021\/10\/Agua-443-B.jpg\" \/>\n\t<meta property=\"og:image:width\" content=\"1000\" \/>\n\t<meta property=\"og:image:height\" content=\"666\" \/>\n\t<meta property=\"og:image:type\" content=\"image\/jpeg\" \/>\n<meta name=\"author\" content=\"Haroldo Filho\" \/>\n<meta name=\"twitter:card\" content=\"summary_large_image\" \/>\n<meta name=\"twitter:label1\" content=\"Escrito por\" \/>\n\t<meta name=\"twitter:data1\" content=\"Haroldo Filho\" \/>\n\t<meta name=\"twitter:label2\" content=\"Est. tempo de leitura\" \/>\n\t<meta name=\"twitter:data2\" content=\"3 minutos\" \/>\n<script type=\"application\/ld+json\" class=\"yoast-schema-graph\">{\"@context\":\"https:\/\/schema.org\",\"@graph\":[{\"@type\":\"Article\",\"@id\":\"https:\/\/jornalfatosenoticias.com.br\/index.php\/2021\/10\/07\/iema-x-seama-e-o-licenciamento-de-atividades-de-impacto-local\/#article\",\"isPartOf\":{\"@id\":\"https:\/\/jornalfatosenoticias.com.br\/index.php\/2021\/10\/07\/iema-x-seama-e-o-licenciamento-de-atividades-de-impacto-local\/\"},\"author\":{\"name\":\"Haroldo Filho\",\"@id\":\"https:\/\/jornalfatosenoticias.com.br\/#\/schema\/person\/05c46cc25b42a5c27e004fb0fa6b4965\"},\"headline\":\"Iema x Seama e o Licenciamento de Atividades de Impacto Local\",\"datePublished\":\"2021-10-07T20:57:10+00:00\",\"dateModified\":\"2021-10-07T21:17:59+00:00\",\"mainEntityOfPage\":{\"@id\":\"https:\/\/jornalfatosenoticias.com.br\/index.php\/2021\/10\/07\/iema-x-seama-e-o-licenciamento-de-atividades-de-impacto-local\/\"},\"wordCount\":557,\"commentCount\":0,\"publisher\":{\"@id\":\"https:\/\/jornalfatosenoticias.com.br\/#organization\"},\"image\":{\"@id\":\"https:\/\/jornalfatosenoticias.com.br\/index.php\/2021\/10\/07\/iema-x-seama-e-o-licenciamento-de-atividades-de-impacto-local\/#primaryimage\"},\"thumbnailUrl\":\"https:\/\/jornalfatosenoticias.com.br\/wp-content\/uploads\/2021\/10\/Agua-443-B.jpg\",\"keywords\":[\"\u00e1gua\",\"atividades de impacto ambiental\",\"Iema\",\"licenciamento ambiental\",\"recursos h\u00eddricos\",\"Seama\"],\"articleSection\":[\"Meio ambiente\"],\"inLanguage\":\"pt-BR\",\"potentialAction\":[{\"@type\":\"CommentAction\",\"name\":\"Comment\",\"target\":[\"https:\/\/jornalfatosenoticias.com.br\/index.php\/2021\/10\/07\/iema-x-seama-e-o-licenciamento-de-atividades-de-impacto-local\/#respond\"]}]},{\"@type\":\"WebPage\",\"@id\":\"https:\/\/jornalfatosenoticias.com.br\/index.php\/2021\/10\/07\/iema-x-seama-e-o-licenciamento-de-atividades-de-impacto-local\/\",\"url\":\"https:\/\/jornalfatosenoticias.com.br\/index.php\/2021\/10\/07\/iema-x-seama-e-o-licenciamento-de-atividades-de-impacto-local\/\",\"name\":\"Iema x Seama e o Licenciamento de Atividades de Impacto Local - Jornal Fatos e Not\u00edcias\",\"isPartOf\":{\"@id\":\"https:\/\/jornalfatosenoticias.com.br\/#website\"},\"primaryImageOfPage\":{\"@id\":\"https:\/\/jornalfatosenoticias.com.br\/index.php\/2021\/10\/07\/iema-x-seama-e-o-licenciamento-de-atividades-de-impacto-local\/#primaryimage\"},\"image\":{\"@id\":\"https:\/\/jornalfatosenoticias.com.br\/index.php\/2021\/10\/07\/iema-x-seama-e-o-licenciamento-de-atividades-de-impacto-local\/#primaryimage\"},\"thumbnailUrl\":\"https:\/\/jornalfatosenoticias.com.br\/wp-content\/uploads\/2021\/10\/Agua-443-B.jpg\",\"datePublished\":\"2021-10-07T20:57:10+00:00\",\"dateModified\":\"2021-10-07T21:17:59+00:00\",\"breadcrumb\":{\"@id\":\"https:\/\/jornalfatosenoticias.com.br\/index.php\/2021\/10\/07\/iema-x-seama-e-o-licenciamento-de-atividades-de-impacto-local\/#breadcrumb\"},\"inLanguage\":\"pt-BR\",\"potentialAction\":[{\"@type\":\"ReadAction\",\"target\":[\"https:\/\/jornalfatosenoticias.com.br\/index.php\/2021\/10\/07\/iema-x-seama-e-o-licenciamento-de-atividades-de-impacto-local\/\"]}]},{\"@type\":\"ImageObject\",\"inLanguage\":\"pt-BR\",\"@id\":\"https:\/\/jornalfatosenoticias.com.br\/index.php\/2021\/10\/07\/iema-x-seama-e-o-licenciamento-de-atividades-de-impacto-local\/#primaryimage\",\"url\":\"https:\/\/jornalfatosenoticias.com.br\/wp-content\/uploads\/2021\/10\/Agua-443-B.jpg\",\"contentUrl\":\"https:\/\/jornalfatosenoticias.com.br\/wp-content\/uploads\/2021\/10\/Agua-443-B.jpg\",\"width\":1000,\"height\":666,\"caption\":\"spring water sources in nature\"},{\"@type\":\"BreadcrumbList\",\"@id\":\"https:\/\/jornalfatosenoticias.com.br\/index.php\/2021\/10\/07\/iema-x-seama-e-o-licenciamento-de-atividades-de-impacto-local\/#breadcrumb\",\"itemListElement\":[{\"@type\":\"ListItem\",\"position\":1,\"name\":\"In\u00edcio\",\"item\":\"https:\/\/jornalfatosenoticias.com.br\/\"},{\"@type\":\"ListItem\",\"position\":2,\"name\":\"Iema x Seama e o Licenciamento de Atividades de Impacto Local\"}]},{\"@type\":\"WebSite\",\"@id\":\"https:\/\/jornalfatosenoticias.com.br\/#website\",\"url\":\"https:\/\/jornalfatosenoticias.com.br\/\",\"name\":\"Jornal Fatos e Not\u00edcias\",\"description\":\"Not\u00edcias em geral\",\"publisher\":{\"@id\":\"https:\/\/jornalfatosenoticias.com.br\/#organization\"},\"potentialAction\":[{\"@type\":\"SearchAction\",\"target\":{\"@type\":\"EntryPoint\",\"urlTemplate\":\"https:\/\/jornalfatosenoticias.com.br\/?s={search_term_string}\"},\"query-input\":{\"@type\":\"PropertyValueSpecification\",\"valueRequired\":true,\"valueName\":\"search_term_string\"}}],\"inLanguage\":\"pt-BR\"},{\"@type\":\"Organization\",\"@id\":\"https:\/\/jornalfatosenoticias.com.br\/#organization\",\"name\":\"Jornal Fatos e Not\u00edcias\",\"url\":\"https:\/\/jornalfatosenoticias.com.br\/\",\"logo\":{\"@type\":\"ImageObject\",\"inLanguage\":\"pt-BR\",\"@id\":\"https:\/\/jornalfatosenoticias.com.br\/#\/schema\/logo\/image\/\",\"url\":\"https:\/\/jornalfatosenoticias.com.br\/wp-content\/uploads\/2020\/02\/logo120.png\",\"contentUrl\":\"https:\/\/jornalfatosenoticias.com.br\/wp-content\/uploads\/2020\/02\/logo120.png\",\"width\":1227,\"height\":120,\"caption\":\"Jornal Fatos e Not\u00edcias\"},\"image\":{\"@id\":\"https:\/\/jornalfatosenoticias.com.br\/#\/schema\/logo\/image\/\"}},{\"@type\":\"Person\",\"@id\":\"https:\/\/jornalfatosenoticias.com.br\/#\/schema\/person\/05c46cc25b42a5c27e004fb0fa6b4965\",\"name\":\"Haroldo Filho\",\"image\":{\"@type\":\"ImageObject\",\"inLanguage\":\"pt-BR\",\"@id\":\"https:\/\/jornalfatosenoticias.com.br\/#\/schema\/person\/image\/\",\"url\":\"https:\/\/jornalfatosenoticias.com.br\/wp-content\/uploads\/2025\/08\/WhatsApp-Image-2025-08-18-at-15.30.28-150x150.jpeg\",\"contentUrl\":\"https:\/\/jornalfatosenoticias.com.br\/wp-content\/uploads\/2025\/08\/WhatsApp-Image-2025-08-18-at-15.30.28-150x150.jpeg\",\"caption\":\"Haroldo Filho\"},\"description\":\"Jornalista \u2013 DRT: 0003818\/ES Coordenador-geral da ONG Educar para Crescer\",\"url\":\"https:\/\/jornalfatosenoticias.com.br\/index.php\/author\/haroldo\/\"}]}<\/script>\n<!-- \/ Yoast SEO plugin. -->","yoast_head_json":{"title":"Iema x Seama e o Licenciamento de Atividades de Impacto Local - Jornal Fatos e Not\u00edcias","robots":{"index":"index","follow":"follow","max-snippet":"max-snippet:-1","max-image-preview":"max-image-preview:large","max-video-preview":"max-video-preview:-1"},"canonical":"https:\/\/jornalfatosenoticias.com.br\/index.php\/2021\/10\/07\/iema-x-seama-e-o-licenciamento-de-atividades-de-impacto-local\/","og_locale":"pt_BR","og_type":"article","og_title":"Iema x Seama e o Licenciamento de Atividades de Impacto Local - Jornal Fatos e Not\u00edcias","og_description":"A Juntos SOS ES chama aten\u00e7\u00e3o da popula\u00e7\u00e3o capixaba para os caminhos ambientais trilhados pelo atual governo. Para o presidente da ONG, Eraylton Moreschi, h\u00e1 um impasse no governo entre o Instituto Estadual de Meio Ambiente e Recursos H\u00eddricos (Iema) e a Secretaria de Estado do Meio Ambiente e Recursos H\u00eddricos (Seama). \u201cNo \u00faltimo dia [&hellip;]","og_url":"https:\/\/jornalfatosenoticias.com.br\/index.php\/2021\/10\/07\/iema-x-seama-e-o-licenciamento-de-atividades-de-impacto-local\/","og_site_name":"Jornal Fatos e Not\u00edcias","article_published_time":"2021-10-07T20:57:10+00:00","article_modified_time":"2021-10-07T21:17:59+00:00","og_image":[{"width":1000,"height":666,"url":"https:\/\/jornalfatosenoticias.com.br\/wp-content\/uploads\/2021\/10\/Agua-443-B.jpg","type":"image\/jpeg"}],"author":"Haroldo Filho","twitter_card":"summary_large_image","twitter_misc":{"Escrito por":"Haroldo Filho","Est. tempo de leitura":"3 minutos"},"schema":{"@context":"https:\/\/schema.org","@graph":[{"@type":"Article","@id":"https:\/\/jornalfatosenoticias.com.br\/index.php\/2021\/10\/07\/iema-x-seama-e-o-licenciamento-de-atividades-de-impacto-local\/#article","isPartOf":{"@id":"https:\/\/jornalfatosenoticias.com.br\/index.php\/2021\/10\/07\/iema-x-seama-e-o-licenciamento-de-atividades-de-impacto-local\/"},"author":{"name":"Haroldo Filho","@id":"https:\/\/jornalfatosenoticias.com.br\/#\/schema\/person\/05c46cc25b42a5c27e004fb0fa6b4965"},"headline":"Iema x Seama e o Licenciamento de Atividades de Impacto Local","datePublished":"2021-10-07T20:57:10+00:00","dateModified":"2021-10-07T21:17:59+00:00","mainEntityOfPage":{"@id":"https:\/\/jornalfatosenoticias.com.br\/index.php\/2021\/10\/07\/iema-x-seama-e-o-licenciamento-de-atividades-de-impacto-local\/"},"wordCount":557,"commentCount":0,"publisher":{"@id":"https:\/\/jornalfatosenoticias.com.br\/#organization"},"image":{"@id":"https:\/\/jornalfatosenoticias.com.br\/index.php\/2021\/10\/07\/iema-x-seama-e-o-licenciamento-de-atividades-de-impacto-local\/#primaryimage"},"thumbnailUrl":"https:\/\/jornalfatosenoticias.com.br\/wp-content\/uploads\/2021\/10\/Agua-443-B.jpg","keywords":["\u00e1gua","atividades de impacto ambiental","Iema","licenciamento ambiental","recursos h\u00eddricos","Seama"],"articleSection":["Meio ambiente"],"inLanguage":"pt-BR","potentialAction":[{"@type":"CommentAction","name":"Comment","target":["https:\/\/jornalfatosenoticias.com.br\/index.php\/2021\/10\/07\/iema-x-seama-e-o-licenciamento-de-atividades-de-impacto-local\/#respond"]}]},{"@type":"WebPage","@id":"https:\/\/jornalfatosenoticias.com.br\/index.php\/2021\/10\/07\/iema-x-seama-e-o-licenciamento-de-atividades-de-impacto-local\/","url":"https:\/\/jornalfatosenoticias.com.br\/index.php\/2021\/10\/07\/iema-x-seama-e-o-licenciamento-de-atividades-de-impacto-local\/","name":"Iema x Seama e o Licenciamento de Atividades de Impacto Local - Jornal Fatos e Not\u00edcias","isPartOf":{"@id":"https:\/\/jornalfatosenoticias.com.br\/#website"},"primaryImageOfPage":{"@id":"https:\/\/jornalfatosenoticias.com.br\/index.php\/2021\/10\/07\/iema-x-seama-e-o-licenciamento-de-atividades-de-impacto-local\/#primaryimage"},"image":{"@id":"https:\/\/jornalfatosenoticias.com.br\/index.php\/2021\/10\/07\/iema-x-seama-e-o-licenciamento-de-atividades-de-impacto-local\/#primaryimage"},"thumbnailUrl":"https:\/\/jornalfatosenoticias.com.br\/wp-content\/uploads\/2021\/10\/Agua-443-B.jpg","datePublished":"2021-10-07T20:57:10+00:00","dateModified":"2021-10-07T21:17:59+00:00","breadcrumb":{"@id":"https:\/\/jornalfatosenoticias.com.br\/index.php\/2021\/10\/07\/iema-x-seama-e-o-licenciamento-de-atividades-de-impacto-local\/#breadcrumb"},"inLanguage":"pt-BR","potentialAction":[{"@type":"ReadAction","target":["https:\/\/jornalfatosenoticias.com.br\/index.php\/2021\/10\/07\/iema-x-seama-e-o-licenciamento-de-atividades-de-impacto-local\/"]}]},{"@type":"ImageObject","inLanguage":"pt-BR","@id":"https:\/\/jornalfatosenoticias.com.br\/index.php\/2021\/10\/07\/iema-x-seama-e-o-licenciamento-de-atividades-de-impacto-local\/#primaryimage","url":"https:\/\/jornalfatosenoticias.com.br\/wp-content\/uploads\/2021\/10\/Agua-443-B.jpg","contentUrl":"https:\/\/jornalfatosenoticias.com.br\/wp-content\/uploads\/2021\/10\/Agua-443-B.jpg","width":1000,"height":666,"caption":"spring water sources in nature"},{"@type":"BreadcrumbList","@id":"https:\/\/jornalfatosenoticias.com.br\/index.php\/2021\/10\/07\/iema-x-seama-e-o-licenciamento-de-atividades-de-impacto-local\/#breadcrumb","itemListElement":[{"@type":"ListItem","position":1,"name":"In\u00edcio","item":"https:\/\/jornalfatosenoticias.com.br\/"},{"@type":"ListItem","position":2,"name":"Iema x Seama e o Licenciamento de Atividades de Impacto Local"}]},{"@type":"WebSite","@id":"https:\/\/jornalfatosenoticias.com.br\/#website","url":"https:\/\/jornalfatosenoticias.com.br\/","name":"Jornal Fatos e Not\u00edcias","description":"Not\u00edcias em geral","publisher":{"@id":"https:\/\/jornalfatosenoticias.com.br\/#organization"},"potentialAction":[{"@type":"SearchAction","target":{"@type":"EntryPoint","urlTemplate":"https:\/\/jornalfatosenoticias.com.br\/?s={search_term_string}"},"query-input":{"@type":"PropertyValueSpecification","valueRequired":true,"valueName":"search_term_string"}}],"inLanguage":"pt-BR"},{"@type":"Organization","@id":"https:\/\/jornalfatosenoticias.com.br\/#organization","name":"Jornal Fatos e Not\u00edcias","url":"https:\/\/jornalfatosenoticias.com.br\/","logo":{"@type":"ImageObject","inLanguage":"pt-BR","@id":"https:\/\/jornalfatosenoticias.com.br\/#\/schema\/logo\/image\/","url":"https:\/\/jornalfatosenoticias.com.br\/wp-content\/uploads\/2020\/02\/logo120.png","contentUrl":"https:\/\/jornalfatosenoticias.com.br\/wp-content\/uploads\/2020\/02\/logo120.png","width":1227,"height":120,"caption":"Jornal Fatos e Not\u00edcias"},"image":{"@id":"https:\/\/jornalfatosenoticias.com.br\/#\/schema\/logo\/image\/"}},{"@type":"Person","@id":"https:\/\/jornalfatosenoticias.com.br\/#\/schema\/person\/05c46cc25b42a5c27e004fb0fa6b4965","name":"Haroldo Filho","image":{"@type":"ImageObject","inLanguage":"pt-BR","@id":"https:\/\/jornalfatosenoticias.com.br\/#\/schema\/person\/image\/","url":"https:\/\/jornalfatosenoticias.com.br\/wp-content\/uploads\/2025\/08\/WhatsApp-Image-2025-08-18-at-15.30.28-150x150.jpeg","contentUrl":"https:\/\/jornalfatosenoticias.com.br\/wp-content\/uploads\/2025\/08\/WhatsApp-Image-2025-08-18-at-15.30.28-150x150.jpeg","caption":"Haroldo Filho"},"description":"Jornalista \u2013 DRT: 0003818\/ES Coordenador-geral da ONG Educar para Crescer","url":"https:\/\/jornalfatosenoticias.com.br\/index.php\/author\/haroldo\/"}]}},"cc_featured_image_caption":{"caption_text":"(Foto: iStock)","source_text":"","source_url":""},"jetpack_featured_media_url":"https:\/\/jornalfatosenoticias.com.br\/wp-content\/uploads\/2021\/10\/Agua-443-B.jpg","_links":{"self":[{"href":"https:\/\/jornalfatosenoticias.com.br\/index.php\/wp-json\/wp\/v2\/posts\/23717","targetHints":{"allow":["GET"]}}],"collection":[{"href":"https:\/\/jornalfatosenoticias.com.br\/index.php\/wp-json\/wp\/v2\/posts"}],"about":[{"href":"https:\/\/jornalfatosenoticias.com.br\/index.php\/wp-json\/wp\/v2\/types\/post"}],"author":[{"embeddable":true,"href":"https:\/\/jornalfatosenoticias.com.br\/index.php\/wp-json\/wp\/v2\/users\/3"}],"replies":[{"embeddable":true,"href":"https:\/\/jornalfatosenoticias.com.br\/index.php\/wp-json\/wp\/v2\/comments?post=23717"}],"version-history":[{"count":0,"href":"https:\/\/jornalfatosenoticias.com.br\/index.php\/wp-json\/wp\/v2\/posts\/23717\/revisions"}],"wp:featuredmedia":[{"embeddable":true,"href":"https:\/\/jornalfatosenoticias.com.br\/index.php\/wp-json\/wp\/v2\/media\/23720"}],"wp:attachment":[{"href":"https:\/\/jornalfatosenoticias.com.br\/index.php\/wp-json\/wp\/v2\/media?parent=23717"}],"wp:term":[{"taxonomy":"category","embeddable":true,"href":"https:\/\/jornalfatosenoticias.com.br\/index.php\/wp-json\/wp\/v2\/categories?post=23717"},{"taxonomy":"post_tag","embeddable":true,"href":"https:\/\/jornalfatosenoticias.com.br\/index.php\/wp-json\/wp\/v2\/tags?post=23717"}],"curies":[{"name":"wp","href":"https:\/\/api.w.org\/{rel}","templated":true}]}}