{"id":23741,"date":"2021-10-08T10:59:05","date_gmt":"2021-10-08T13:59:05","guid":{"rendered":"https:\/\/jornalfatosenoticias.com.br\/?p=23741"},"modified":"2021-10-08T10:59:09","modified_gmt":"2021-10-08T13:59:09","slug":"festival-vila-musical-traz-diversas-atracoes-musicais-para-celebrar-o-dia-das-criancas","status":"publish","type":"post","link":"https:\/\/jornalfatosenoticias.com.br\/index.php\/2021\/10\/08\/festival-vila-musical-traz-diversas-atracoes-musicais-para-celebrar-o-dia-das-criancas\/","title":{"rendered":"Festival Vila Musical traz diversas atra\u00e7\u00f5es musicais para celebrar o Dia das Crian\u00e7as"},"content":{"rendered":"\n<p><em><span class=\"has-inline-color has-black-color\">Ser\u00e3o dois dias de evento com ritmos diversos e muitas hist\u00f3rias transmitidas na TVE e no YouTube<\/span><\/em><\/p>\n\n\n\n<p>Nas pr\u00f3ximas segunda-feira (11) e ter\u00e7a-feira (12), acontece o 1\u00ba Festival Vila Musical, uma grande vila brincante onde tudo vira m\u00fasica. Em comemora\u00e7\u00e3o ao Dia das Crian\u00e7as, o festival ter\u00e1 muito som e divers\u00e3o, com bandas e grupos de manifesta\u00e7\u00f5es culturais capixabas. O evento ser\u00e1 transmitido simultaneamente no canal do festival no YouTube e na TV Educativa do Esp\u00edrito Santo (TVE) (Canal 2), a partir das 17 horas.<br>A programa\u00e7\u00e3o do festival traz m\u00fasicos do norte ao sul do Esp\u00edrito Santo. Um dos produtores executivos do evento, Victorhugo Amorim, enfatiza a import\u00e2ncia da representatividade local na forma\u00e7\u00e3o de crian\u00e7as e adolescentes. \u201cAbrir espa\u00e7o para a cultura popular e bandas capixabas no Dia da Crian\u00e7a \u00e9 uma forma de trazer a sonoridade local para as v\u00e1rias inf\u00e2ncias do nosso Estado\u201d, destacou.<br>Nos dois dias de festival, tr\u00eas personagens brincantes v\u00e3o conduzir as apresenta\u00e7\u00f5es. Eles v\u00e3o contar hist\u00f3rias tradicionais capixabas, receber os convidados e fazer todos se divertirem na vila do festival. Na segunda-feira (11), se apresentam o Trio Brincariar, a Folia de Reis Estrela do Mar e a dupla Og\u00f3. J\u00e1 na ter\u00e7a-feira (12), segundo dia do festival, teremos as apresenta\u00e7\u00f5es do grupo de congo mirim Tambor Jacaranema, o grupo de jongo S\u00e3o Cosme e S\u00e3o Dami\u00e3o, o duo Sementinha e o coral Serenata.<br>O Festival Vila Musical \u00e9 um encontro de artistas de diversas linguagens que trazem nos repert\u00f3rios can\u00e7\u00f5es originais, cantigas populares e m\u00fasicas tradicionais capixabas. O projeto \u00e9 uma realiza\u00e7\u00e3o da Expurga\u00e7\u00e3o, EXP Filmes e Tangerinas e foi aprovado no edital setorial de M\u00fasica 033\/2019, da Secretaria da Cultura (Secult), com recursos do Fundo de Cultura do Estado do Esp\u00edrito Santo (Funcultura).<\/p>\n\n\n\n<p><strong><span class=\"has-inline-color has-black-color\">Servi\u00e7o:<br><\/span><span class=\"has-inline-color has-vivid-red-color\">1\u00ba Festival Vila Musical<\/span><\/strong><br><strong><span class=\"has-inline-color has-black-color\">11 de outubro (segunda-feira)<\/span><\/strong><\/p>\n\n\n\n<ul class=\"wp-block-list\"><li>Trio Brincariar<\/li><li>Folia de Reis Estrela do Mar<\/li><li>Og\u00f3<\/li><\/ul>\n\n\n\n<p><strong><span class=\"has-inline-color has-black-color\">12 de outubro (ter\u00e7a-feira)<\/span><\/strong><\/p>\n\n\n\n<ul class=\"wp-block-list\"><li>Grupo de congo mirim Tambor Jacaranema<\/li><li>Grupo de jongo S\u00e3o Cosme e S\u00e3o Dami\u00e3o<\/li><li>Sementinha<\/li><li>Coral Serenata<\/li><\/ul>\n\n\n\n<p><strong>Hor\u00e1rio:<\/strong> A partir das 17 horas<br><strong>Transmiss\u00e3o: <\/strong>Canal do Festival no YouTube e TV Educativa do Esp\u00edrito Santo (TVE) (Canal 2).<br><strong>Saiba mais em:<\/strong> <a href=\"https:\/\/linktr.ee\/festivalvilamusical\">https:\/\/linktr.ee\/festivalvilamusical<\/a><\/p>\n\n\n\n<p><strong><em>Fonte: <a href=\"https:\/\/secult.es.gov.br\/Not%C3%ADcia\/festival-vila-musical-traz-diversas-atracoes-musicais-para-celebrar-o-dia-das-criancas\">Secult<\/a><\/em><\/strong><\/p>\n","protected":false},"excerpt":{"rendered":"<p>Ser\u00e3o dois dias de evento com ritmos diversos e muitas hist\u00f3rias transmitidas na TVE e no YouTube Nas pr\u00f3ximas segunda-feira (11) e ter\u00e7a-feira (12), acontece o 1\u00ba Festival Vila Musical, uma grande vila brincante onde tudo vira m\u00fasica. Em comemora\u00e7\u00e3o ao Dia das Crian\u00e7as, o festival ter\u00e1 muito som e divers\u00e3o, com bandas e grupos [&hellip;]<\/p>\n","protected":false},"author":2,"featured_media":23742,"comment_status":"open","ping_status":"open","sticky":false,"template":"","format":"standard","meta":{"footnotes":""},"categories":[4],"tags":[11402,1054,5121,103,2558],"class_list":["post-23741","post","type-post","status-publish","format-standard","has-post-thumbnail","hentry","category-cultura","tag-1o-festival-vila-musical","tag-brincadeiras","tag-dia-das-criancas","tag-musica","tag-tve-es"],"yoast_head":"<!-- This site is optimized with the Yoast SEO plugin v26.5 - https:\/\/yoast.com\/wordpress\/plugins\/seo\/ -->\n<title>Festival Vila Musical traz diversas atra\u00e7\u00f5es musicais para celebrar o Dia das Crian\u00e7as - Jornal Fatos e Not\u00edcias<\/title>\n<meta name=\"robots\" content=\"index, follow, max-snippet:-1, max-image-preview:large, max-video-preview:-1\" \/>\n<link rel=\"canonical\" href=\"https:\/\/jornalfatosenoticias.com.br\/index.php\/2021\/10\/08\/festival-vila-musical-traz-diversas-atracoes-musicais-para-celebrar-o-dia-das-criancas\/\" \/>\n<meta property=\"og:locale\" content=\"pt_BR\" \/>\n<meta property=\"og:type\" content=\"article\" \/>\n<meta property=\"og:title\" content=\"Festival Vila Musical traz diversas atra\u00e7\u00f5es musicais para celebrar o Dia das Crian\u00e7as - Jornal Fatos e Not\u00edcias\" \/>\n<meta property=\"og:description\" content=\"Ser\u00e3o dois dias de evento com ritmos diversos e muitas hist\u00f3rias transmitidas na TVE e no YouTube Nas pr\u00f3ximas segunda-feira (11) e ter\u00e7a-feira (12), acontece o 1\u00ba Festival Vila Musical, uma grande vila brincante onde tudo vira m\u00fasica. Em comemora\u00e7\u00e3o ao Dia das Crian\u00e7as, o festival ter\u00e1 muito som e divers\u00e3o, com bandas e grupos [&hellip;]\" \/>\n<meta property=\"og:url\" content=\"https:\/\/jornalfatosenoticias.com.br\/index.php\/2021\/10\/08\/festival-vila-musical-traz-diversas-atracoes-musicais-para-celebrar-o-dia-das-criancas\/\" \/>\n<meta property=\"og:site_name\" content=\"Jornal Fatos e Not\u00edcias\" \/>\n<meta property=\"article:published_time\" content=\"2021-10-08T13:59:05+00:00\" \/>\n<meta property=\"article:modified_time\" content=\"2021-10-08T13:59:09+00:00\" \/>\n<meta property=\"og:image\" content=\"https:\/\/jornalfatosenoticias.com.br\/wp-content\/uploads\/2021\/10\/Trio-Brincariar-Victoria-Dessaune_Vila-Musical.jpg\" \/>\n\t<meta property=\"og:image:width\" content=\"1000\" \/>\n\t<meta property=\"og:image:height\" content=\"666\" \/>\n\t<meta property=\"og:image:type\" content=\"image\/jpeg\" \/>\n<meta name=\"author\" content=\"Luzimara Fernandes\" \/>\n<meta name=\"twitter:card\" content=\"summary_large_image\" \/>\n<meta name=\"twitter:label1\" content=\"Escrito por\" \/>\n\t<meta name=\"twitter:data1\" content=\"Luzimara Fernandes\" \/>\n\t<meta name=\"twitter:label2\" content=\"Est. tempo de leitura\" \/>\n\t<meta name=\"twitter:data2\" content=\"2 minutos\" \/>\n<script type=\"application\/ld+json\" class=\"yoast-schema-graph\">{\"@context\":\"https:\/\/schema.org\",\"@graph\":[{\"@type\":\"Article\",\"@id\":\"https:\/\/jornalfatosenoticias.com.br\/index.php\/2021\/10\/08\/festival-vila-musical-traz-diversas-atracoes-musicais-para-celebrar-o-dia-das-criancas\/#article\",\"isPartOf\":{\"@id\":\"https:\/\/jornalfatosenoticias.com.br\/index.php\/2021\/10\/08\/festival-vila-musical-traz-diversas-atracoes-musicais-para-celebrar-o-dia-das-criancas\/\"},\"author\":{\"name\":\"Luzimara Fernandes\",\"@id\":\"https:\/\/jornalfatosenoticias.com.br\/#\/schema\/person\/d63837fa13ac8666eb9e74e0985d6f81\"},\"headline\":\"Festival Vila Musical traz diversas atra\u00e7\u00f5es musicais para celebrar o Dia das Crian\u00e7as\",\"datePublished\":\"2021-10-08T13:59:05+00:00\",\"dateModified\":\"2021-10-08T13:59:09+00:00\",\"mainEntityOfPage\":{\"@id\":\"https:\/\/jornalfatosenoticias.com.br\/index.php\/2021\/10\/08\/festival-vila-musical-traz-diversas-atracoes-musicais-para-celebrar-o-dia-das-criancas\/\"},\"wordCount\":404,\"commentCount\":0,\"publisher\":{\"@id\":\"https:\/\/jornalfatosenoticias.com.br\/#organization\"},\"image\":{\"@id\":\"https:\/\/jornalfatosenoticias.com.br\/index.php\/2021\/10\/08\/festival-vila-musical-traz-diversas-atracoes-musicais-para-celebrar-o-dia-das-criancas\/#primaryimage\"},\"thumbnailUrl\":\"https:\/\/jornalfatosenoticias.com.br\/wp-content\/uploads\/2021\/10\/Trio-Brincariar-Victoria-Dessaune_Vila-Musical.jpg\",\"keywords\":[\"1\u00ba Festival Vila Musical\",\"brincadeiras\",\"Dia das Crian\u00e7as\",\"m\u00fasica\",\"TVE-ES\"],\"articleSection\":[\"Cultura\"],\"inLanguage\":\"pt-BR\",\"potentialAction\":[{\"@type\":\"CommentAction\",\"name\":\"Comment\",\"target\":[\"https:\/\/jornalfatosenoticias.com.br\/index.php\/2021\/10\/08\/festival-vila-musical-traz-diversas-atracoes-musicais-para-celebrar-o-dia-das-criancas\/#respond\"]}]},{\"@type\":\"WebPage\",\"@id\":\"https:\/\/jornalfatosenoticias.com.br\/index.php\/2021\/10\/08\/festival-vila-musical-traz-diversas-atracoes-musicais-para-celebrar-o-dia-das-criancas\/\",\"url\":\"https:\/\/jornalfatosenoticias.com.br\/index.php\/2021\/10\/08\/festival-vila-musical-traz-diversas-atracoes-musicais-para-celebrar-o-dia-das-criancas\/\",\"name\":\"Festival Vila Musical traz diversas atra\u00e7\u00f5es musicais para celebrar o Dia das Crian\u00e7as - Jornal Fatos e Not\u00edcias\",\"isPartOf\":{\"@id\":\"https:\/\/jornalfatosenoticias.com.br\/#website\"},\"primaryImageOfPage\":{\"@id\":\"https:\/\/jornalfatosenoticias.com.br\/index.php\/2021\/10\/08\/festival-vila-musical-traz-diversas-atracoes-musicais-para-celebrar-o-dia-das-criancas\/#primaryimage\"},\"image\":{\"@id\":\"https:\/\/jornalfatosenoticias.com.br\/index.php\/2021\/10\/08\/festival-vila-musical-traz-diversas-atracoes-musicais-para-celebrar-o-dia-das-criancas\/#primaryimage\"},\"thumbnailUrl\":\"https:\/\/jornalfatosenoticias.com.br\/wp-content\/uploads\/2021\/10\/Trio-Brincariar-Victoria-Dessaune_Vila-Musical.jpg\",\"datePublished\":\"2021-10-08T13:59:05+00:00\",\"dateModified\":\"2021-10-08T13:59:09+00:00\",\"breadcrumb\":{\"@id\":\"https:\/\/jornalfatosenoticias.com.br\/index.php\/2021\/10\/08\/festival-vila-musical-traz-diversas-atracoes-musicais-para-celebrar-o-dia-das-criancas\/#breadcrumb\"},\"inLanguage\":\"pt-BR\",\"potentialAction\":[{\"@type\":\"ReadAction\",\"target\":[\"https:\/\/jornalfatosenoticias.com.br\/index.php\/2021\/10\/08\/festival-vila-musical-traz-diversas-atracoes-musicais-para-celebrar-o-dia-das-criancas\/\"]}]},{\"@type\":\"ImageObject\",\"inLanguage\":\"pt-BR\",\"@id\":\"https:\/\/jornalfatosenoticias.com.br\/index.php\/2021\/10\/08\/festival-vila-musical-traz-diversas-atracoes-musicais-para-celebrar-o-dia-das-criancas\/#primaryimage\",\"url\":\"https:\/\/jornalfatosenoticias.com.br\/wp-content\/uploads\/2021\/10\/Trio-Brincariar-Victoria-Dessaune_Vila-Musical.jpg\",\"contentUrl\":\"https:\/\/jornalfatosenoticias.com.br\/wp-content\/uploads\/2021\/10\/Trio-Brincariar-Victoria-Dessaune_Vila-Musical.jpg\",\"width\":1000,\"height\":666},{\"@type\":\"BreadcrumbList\",\"@id\":\"https:\/\/jornalfatosenoticias.com.br\/index.php\/2021\/10\/08\/festival-vila-musical-traz-diversas-atracoes-musicais-para-celebrar-o-dia-das-criancas\/#breadcrumb\",\"itemListElement\":[{\"@type\":\"ListItem\",\"position\":1,\"name\":\"In\u00edcio\",\"item\":\"https:\/\/jornalfatosenoticias.com.br\/\"},{\"@type\":\"ListItem\",\"position\":2,\"name\":\"Festival Vila Musical traz diversas atra\u00e7\u00f5es musicais para celebrar o Dia das Crian\u00e7as\"}]},{\"@type\":\"WebSite\",\"@id\":\"https:\/\/jornalfatosenoticias.com.br\/#website\",\"url\":\"https:\/\/jornalfatosenoticias.com.br\/\",\"name\":\"Jornal Fatos e Not\u00edcias\",\"description\":\"Not\u00edcias em geral\",\"publisher\":{\"@id\":\"https:\/\/jornalfatosenoticias.com.br\/#organization\"},\"potentialAction\":[{\"@type\":\"SearchAction\",\"target\":{\"@type\":\"EntryPoint\",\"urlTemplate\":\"https:\/\/jornalfatosenoticias.com.br\/?s={search_term_string}\"},\"query-input\":{\"@type\":\"PropertyValueSpecification\",\"valueRequired\":true,\"valueName\":\"search_term_string\"}}],\"inLanguage\":\"pt-BR\"},{\"@type\":\"Organization\",\"@id\":\"https:\/\/jornalfatosenoticias.com.br\/#organization\",\"name\":\"Jornal Fatos e Not\u00edcias\",\"url\":\"https:\/\/jornalfatosenoticias.com.br\/\",\"logo\":{\"@type\":\"ImageObject\",\"inLanguage\":\"pt-BR\",\"@id\":\"https:\/\/jornalfatosenoticias.com.br\/#\/schema\/logo\/image\/\",\"url\":\"https:\/\/jornalfatosenoticias.com.br\/wp-content\/uploads\/2020\/02\/logo120.png\",\"contentUrl\":\"https:\/\/jornalfatosenoticias.com.br\/wp-content\/uploads\/2020\/02\/logo120.png\",\"width\":1227,\"height\":120,\"caption\":\"Jornal Fatos e Not\u00edcias\"},\"image\":{\"@id\":\"https:\/\/jornalfatosenoticias.com.br\/#\/schema\/logo\/image\/\"}},{\"@type\":\"Person\",\"@id\":\"https:\/\/jornalfatosenoticias.com.br\/#\/schema\/person\/d63837fa13ac8666eb9e74e0985d6f81\",\"name\":\"Luzimara Fernandes\",\"image\":{\"@type\":\"ImageObject\",\"inLanguage\":\"pt-BR\",\"@id\":\"https:\/\/jornalfatosenoticias.com.br\/#\/schema\/person\/image\/\",\"url\":\"https:\/\/jornalfatosenoticias.com.br\/wp-content\/uploads\/2025\/05\/EU_portal.jpg\",\"contentUrl\":\"https:\/\/jornalfatosenoticias.com.br\/wp-content\/uploads\/2025\/05\/EU_portal.jpg\",\"caption\":\"Luzimara Fernandes\"},\"description\":\"Jornalista MTB 2358-ES\",\"sameAs\":[\"https:\/\/jornalfatosenoticias.com.br\"],\"url\":\"https:\/\/jornalfatosenoticias.com.br\/index.php\/author\/luzimara\/\"}]}<\/script>\n<!-- \/ Yoast SEO plugin. -->","yoast_head_json":{"title":"Festival Vila Musical traz diversas atra\u00e7\u00f5es musicais para celebrar o Dia das Crian\u00e7as - Jornal Fatos e Not\u00edcias","robots":{"index":"index","follow":"follow","max-snippet":"max-snippet:-1","max-image-preview":"max-image-preview:large","max-video-preview":"max-video-preview:-1"},"canonical":"https:\/\/jornalfatosenoticias.com.br\/index.php\/2021\/10\/08\/festival-vila-musical-traz-diversas-atracoes-musicais-para-celebrar-o-dia-das-criancas\/","og_locale":"pt_BR","og_type":"article","og_title":"Festival Vila Musical traz diversas atra\u00e7\u00f5es musicais para celebrar o Dia das Crian\u00e7as - Jornal Fatos e Not\u00edcias","og_description":"Ser\u00e3o dois dias de evento com ritmos diversos e muitas hist\u00f3rias transmitidas na TVE e no YouTube Nas pr\u00f3ximas segunda-feira (11) e ter\u00e7a-feira (12), acontece o 1\u00ba Festival Vila Musical, uma grande vila brincante onde tudo vira m\u00fasica. Em comemora\u00e7\u00e3o ao Dia das Crian\u00e7as, o festival ter\u00e1 muito som e divers\u00e3o, com bandas e grupos [&hellip;]","og_url":"https:\/\/jornalfatosenoticias.com.br\/index.php\/2021\/10\/08\/festival-vila-musical-traz-diversas-atracoes-musicais-para-celebrar-o-dia-das-criancas\/","og_site_name":"Jornal Fatos e Not\u00edcias","article_published_time":"2021-10-08T13:59:05+00:00","article_modified_time":"2021-10-08T13:59:09+00:00","og_image":[{"width":1000,"height":666,"url":"https:\/\/jornalfatosenoticias.com.br\/wp-content\/uploads\/2021\/10\/Trio-Brincariar-Victoria-Dessaune_Vila-Musical.jpg","type":"image\/jpeg"}],"author":"Luzimara Fernandes","twitter_card":"summary_large_image","twitter_misc":{"Escrito por":"Luzimara Fernandes","Est. tempo de leitura":"2 minutos"},"schema":{"@context":"https:\/\/schema.org","@graph":[{"@type":"Article","@id":"https:\/\/jornalfatosenoticias.com.br\/index.php\/2021\/10\/08\/festival-vila-musical-traz-diversas-atracoes-musicais-para-celebrar-o-dia-das-criancas\/#article","isPartOf":{"@id":"https:\/\/jornalfatosenoticias.com.br\/index.php\/2021\/10\/08\/festival-vila-musical-traz-diversas-atracoes-musicais-para-celebrar-o-dia-das-criancas\/"},"author":{"name":"Luzimara Fernandes","@id":"https:\/\/jornalfatosenoticias.com.br\/#\/schema\/person\/d63837fa13ac8666eb9e74e0985d6f81"},"headline":"Festival Vila Musical traz diversas atra\u00e7\u00f5es musicais para celebrar o Dia das Crian\u00e7as","datePublished":"2021-10-08T13:59:05+00:00","dateModified":"2021-10-08T13:59:09+00:00","mainEntityOfPage":{"@id":"https:\/\/jornalfatosenoticias.com.br\/index.php\/2021\/10\/08\/festival-vila-musical-traz-diversas-atracoes-musicais-para-celebrar-o-dia-das-criancas\/"},"wordCount":404,"commentCount":0,"publisher":{"@id":"https:\/\/jornalfatosenoticias.com.br\/#organization"},"image":{"@id":"https:\/\/jornalfatosenoticias.com.br\/index.php\/2021\/10\/08\/festival-vila-musical-traz-diversas-atracoes-musicais-para-celebrar-o-dia-das-criancas\/#primaryimage"},"thumbnailUrl":"https:\/\/jornalfatosenoticias.com.br\/wp-content\/uploads\/2021\/10\/Trio-Brincariar-Victoria-Dessaune_Vila-Musical.jpg","keywords":["1\u00ba Festival Vila Musical","brincadeiras","Dia das Crian\u00e7as","m\u00fasica","TVE-ES"],"articleSection":["Cultura"],"inLanguage":"pt-BR","potentialAction":[{"@type":"CommentAction","name":"Comment","target":["https:\/\/jornalfatosenoticias.com.br\/index.php\/2021\/10\/08\/festival-vila-musical-traz-diversas-atracoes-musicais-para-celebrar-o-dia-das-criancas\/#respond"]}]},{"@type":"WebPage","@id":"https:\/\/jornalfatosenoticias.com.br\/index.php\/2021\/10\/08\/festival-vila-musical-traz-diversas-atracoes-musicais-para-celebrar-o-dia-das-criancas\/","url":"https:\/\/jornalfatosenoticias.com.br\/index.php\/2021\/10\/08\/festival-vila-musical-traz-diversas-atracoes-musicais-para-celebrar-o-dia-das-criancas\/","name":"Festival Vila Musical traz diversas atra\u00e7\u00f5es musicais para celebrar o Dia das Crian\u00e7as - Jornal Fatos e Not\u00edcias","isPartOf":{"@id":"https:\/\/jornalfatosenoticias.com.br\/#website"},"primaryImageOfPage":{"@id":"https:\/\/jornalfatosenoticias.com.br\/index.php\/2021\/10\/08\/festival-vila-musical-traz-diversas-atracoes-musicais-para-celebrar-o-dia-das-criancas\/#primaryimage"},"image":{"@id":"https:\/\/jornalfatosenoticias.com.br\/index.php\/2021\/10\/08\/festival-vila-musical-traz-diversas-atracoes-musicais-para-celebrar-o-dia-das-criancas\/#primaryimage"},"thumbnailUrl":"https:\/\/jornalfatosenoticias.com.br\/wp-content\/uploads\/2021\/10\/Trio-Brincariar-Victoria-Dessaune_Vila-Musical.jpg","datePublished":"2021-10-08T13:59:05+00:00","dateModified":"2021-10-08T13:59:09+00:00","breadcrumb":{"@id":"https:\/\/jornalfatosenoticias.com.br\/index.php\/2021\/10\/08\/festival-vila-musical-traz-diversas-atracoes-musicais-para-celebrar-o-dia-das-criancas\/#breadcrumb"},"inLanguage":"pt-BR","potentialAction":[{"@type":"ReadAction","target":["https:\/\/jornalfatosenoticias.com.br\/index.php\/2021\/10\/08\/festival-vila-musical-traz-diversas-atracoes-musicais-para-celebrar-o-dia-das-criancas\/"]}]},{"@type":"ImageObject","inLanguage":"pt-BR","@id":"https:\/\/jornalfatosenoticias.com.br\/index.php\/2021\/10\/08\/festival-vila-musical-traz-diversas-atracoes-musicais-para-celebrar-o-dia-das-criancas\/#primaryimage","url":"https:\/\/jornalfatosenoticias.com.br\/wp-content\/uploads\/2021\/10\/Trio-Brincariar-Victoria-Dessaune_Vila-Musical.jpg","contentUrl":"https:\/\/jornalfatosenoticias.com.br\/wp-content\/uploads\/2021\/10\/Trio-Brincariar-Victoria-Dessaune_Vila-Musical.jpg","width":1000,"height":666},{"@type":"BreadcrumbList","@id":"https:\/\/jornalfatosenoticias.com.br\/index.php\/2021\/10\/08\/festival-vila-musical-traz-diversas-atracoes-musicais-para-celebrar-o-dia-das-criancas\/#breadcrumb","itemListElement":[{"@type":"ListItem","position":1,"name":"In\u00edcio","item":"https:\/\/jornalfatosenoticias.com.br\/"},{"@type":"ListItem","position":2,"name":"Festival Vila Musical traz diversas atra\u00e7\u00f5es musicais para celebrar o Dia das Crian\u00e7as"}]},{"@type":"WebSite","@id":"https:\/\/jornalfatosenoticias.com.br\/#website","url":"https:\/\/jornalfatosenoticias.com.br\/","name":"Jornal Fatos e Not\u00edcias","description":"Not\u00edcias em geral","publisher":{"@id":"https:\/\/jornalfatosenoticias.com.br\/#organization"},"potentialAction":[{"@type":"SearchAction","target":{"@type":"EntryPoint","urlTemplate":"https:\/\/jornalfatosenoticias.com.br\/?s={search_term_string}"},"query-input":{"@type":"PropertyValueSpecification","valueRequired":true,"valueName":"search_term_string"}}],"inLanguage":"pt-BR"},{"@type":"Organization","@id":"https:\/\/jornalfatosenoticias.com.br\/#organization","name":"Jornal Fatos e Not\u00edcias","url":"https:\/\/jornalfatosenoticias.com.br\/","logo":{"@type":"ImageObject","inLanguage":"pt-BR","@id":"https:\/\/jornalfatosenoticias.com.br\/#\/schema\/logo\/image\/","url":"https:\/\/jornalfatosenoticias.com.br\/wp-content\/uploads\/2020\/02\/logo120.png","contentUrl":"https:\/\/jornalfatosenoticias.com.br\/wp-content\/uploads\/2020\/02\/logo120.png","width":1227,"height":120,"caption":"Jornal Fatos e Not\u00edcias"},"image":{"@id":"https:\/\/jornalfatosenoticias.com.br\/#\/schema\/logo\/image\/"}},{"@type":"Person","@id":"https:\/\/jornalfatosenoticias.com.br\/#\/schema\/person\/d63837fa13ac8666eb9e74e0985d6f81","name":"Luzimara Fernandes","image":{"@type":"ImageObject","inLanguage":"pt-BR","@id":"https:\/\/jornalfatosenoticias.com.br\/#\/schema\/person\/image\/","url":"https:\/\/jornalfatosenoticias.com.br\/wp-content\/uploads\/2025\/05\/EU_portal.jpg","contentUrl":"https:\/\/jornalfatosenoticias.com.br\/wp-content\/uploads\/2025\/05\/EU_portal.jpg","caption":"Luzimara Fernandes"},"description":"Jornalista MTB 2358-ES","sameAs":["https:\/\/jornalfatosenoticias.com.br"],"url":"https:\/\/jornalfatosenoticias.com.br\/index.php\/author\/luzimara\/"}]}},"cc_featured_image_caption":{"caption_text":"Trio Brincariar (Foto: Victoria Dessaune)","source_text":"","source_url":""},"jetpack_featured_media_url":"https:\/\/jornalfatosenoticias.com.br\/wp-content\/uploads\/2021\/10\/Trio-Brincariar-Victoria-Dessaune_Vila-Musical.jpg","_links":{"self":[{"href":"https:\/\/jornalfatosenoticias.com.br\/index.php\/wp-json\/wp\/v2\/posts\/23741","targetHints":{"allow":["GET"]}}],"collection":[{"href":"https:\/\/jornalfatosenoticias.com.br\/index.php\/wp-json\/wp\/v2\/posts"}],"about":[{"href":"https:\/\/jornalfatosenoticias.com.br\/index.php\/wp-json\/wp\/v2\/types\/post"}],"author":[{"embeddable":true,"href":"https:\/\/jornalfatosenoticias.com.br\/index.php\/wp-json\/wp\/v2\/users\/2"}],"replies":[{"embeddable":true,"href":"https:\/\/jornalfatosenoticias.com.br\/index.php\/wp-json\/wp\/v2\/comments?post=23741"}],"version-history":[{"count":0,"href":"https:\/\/jornalfatosenoticias.com.br\/index.php\/wp-json\/wp\/v2\/posts\/23741\/revisions"}],"wp:featuredmedia":[{"embeddable":true,"href":"https:\/\/jornalfatosenoticias.com.br\/index.php\/wp-json\/wp\/v2\/media\/23742"}],"wp:attachment":[{"href":"https:\/\/jornalfatosenoticias.com.br\/index.php\/wp-json\/wp\/v2\/media?parent=23741"}],"wp:term":[{"taxonomy":"category","embeddable":true,"href":"https:\/\/jornalfatosenoticias.com.br\/index.php\/wp-json\/wp\/v2\/categories?post=23741"},{"taxonomy":"post_tag","embeddable":true,"href":"https:\/\/jornalfatosenoticias.com.br\/index.php\/wp-json\/wp\/v2\/tags?post=23741"}],"curies":[{"name":"wp","href":"https:\/\/api.w.org\/{rel}","templated":true}]}}