{"id":23806,"date":"2021-10-08T18:11:42","date_gmt":"2021-10-08T21:11:42","guid":{"rendered":"https:\/\/jornalfatosenoticias.com.br\/?p=23806"},"modified":"2021-10-08T18:11:47","modified_gmt":"2021-10-08T21:11:47","slug":"guarana-e-acai-podem-desacelerar-o-envelhecimento-da-pele","status":"publish","type":"post","link":"https:\/\/jornalfatosenoticias.com.br\/index.php\/2021\/10\/08\/guarana-e-acai-podem-desacelerar-o-envelhecimento-da-pele\/","title":{"rendered":"Guaran\u00e1 e a\u00e7a\u00ed podem desacelerar o envelhecimento da pele"},"content":{"rendered":"\n<p><em><span class=\"has-inline-color has-black-color\">Cientista brasileira constatou que os frutos amaz\u00f4nicos tamb\u00e9m favorecem o processo de cicatriza\u00e7\u00e3o cut\u00e2nea<\/span><\/em><\/p>\n\n\n\n<p>Mais do que compor o card\u00e1pio de quem busca por energia e disposi\u00e7\u00e3o, o <strong>guaran\u00e1<\/strong> e o <strong>a\u00e7a\u00ed<\/strong> tamb\u00e9m podem ser grandes aliados da beleza. Isso porque uma pesquisa in\u00e9dita realizada no Amazonas, pela doutora Ednea Ribeiro, descobriu que um extrato combinado dos dois frutos favorece a <strong>desacelera\u00e7\u00e3o do envelhecimento da pele<\/strong> e ainda oferece benef\u00edcios diretos para feridas de dif\u00edcil cicatriza\u00e7\u00e3o.<br>Para chegar \u00e0 descoberta, o trabalho cient\u00edfico utilizou res\u00edduos do p\u00f3 do a\u00e7a\u00ed e da semente do guaran\u00e1, frutos nativos da floresta amaz\u00f4nica. &#8220;O conjunto dos resultados apontou que o extrato combinado desses frutos possui grande efeito cicatrizante, com potencial aplica\u00e7\u00e3o no tratamento de feridas cr\u00f4nicas e tamb\u00e9m da fibrose e cicatrizes patol\u00f3gicas (hipertr\u00f3ficas)&#8221;, afirmou Ednea.<br>Segundo a cientista, muitos frutos amaz\u00f4nicos podem auxiliar na sa\u00fade e na longevidade humana, e representam um enorme <strong>potencial econ\u00f4mico.<\/strong> Em sua pesquisa, ela tamb\u00e9m conduziu an\u00e1lises complementares onde combinava \u00f3leos de <strong>copa\u00edba<\/strong> e <strong>andiroba<\/strong>, ingredientes que j\u00e1 s\u00e3o amplamente utilizados na ind\u00fastria de dermocosm\u00e9ticos.<\/p>\n\n\n\n<p><strong><span class=\"has-inline-color has-black-color\">Benef\u00edcios do guaran\u00e1 e do a\u00e7a\u00ed<br><\/span><\/strong>A dificuldade em regenerar feridas \u00e9 um drama comum vivido especialmente por pacientes idosos. Isso acontece porque o processo de envelhecimento diminui a capacidade regenerativa das c\u00e9lulas e, consequentemente, dificulta a cicatriza\u00e7\u00e3o de feridas, como explica Ednea Ribeiro.<br>&#8220;O envelhecimento biol\u00f3gico tem um profundo impacto na pele, que \u00e9 o maior \u00f3rg\u00e3o do nosso corpo. Ele leva a uma desestrutura\u00e7\u00e3o da pele e, com isto, idosos acabam desenvolvendo uma s\u00e9rie de disfun\u00e7\u00f5es, incluindo maior dificuldade de cicatriza\u00e7\u00e3o e regenera\u00e7\u00e3o&#8221;, aponta a especialista.<br>De acordo com a pesquisadora, muito al\u00e9m da quest\u00e3o est\u00e9tica, a pele tamb\u00e9m desempenha fun\u00e7\u00f5es essenciais para a preserva\u00e7\u00e3o da sa\u00fade, protegendo contra os raios ultravioletas (UV), evitando infec\u00e7\u00f5es por microrganismos e regulando a nossa temperatura corporal.<\/p>\n\n\n\n<figure class=\"wp-block-image size-large is-style-default\"><img loading=\"lazy\" decoding=\"async\" width=\"1000\" height=\"750\" src=\"https:\/\/jornalfatosenoticias.com.br\/wp-content\/uploads\/2021\/10\/envelhecimento_pesquisa-acai-e-guarana2_foto-assessoria-funati.jpeg\" alt=\"\" class=\"wp-image-23808\" srcset=\"https:\/\/jornalfatosenoticias.com.br\/wp-content\/uploads\/2021\/10\/envelhecimento_pesquisa-acai-e-guarana2_foto-assessoria-funati.jpeg 1000w, https:\/\/jornalfatosenoticias.com.br\/wp-content\/uploads\/2021\/10\/envelhecimento_pesquisa-acai-e-guarana2_foto-assessoria-funati-300x225.jpeg 300w, https:\/\/jornalfatosenoticias.com.br\/wp-content\/uploads\/2021\/10\/envelhecimento_pesquisa-acai-e-guarana2_foto-assessoria-funati-768x576.jpeg 768w\" sizes=\"auto, (max-width: 1000px) 100vw, 1000px\" \/><figcaption><em><span class=\"has-inline-color has-black-color\">Pesquisa realizada no Amazonas constata que guaran\u00e1 e a\u00e7a\u00ed atuam na revers\u00e3o do envelhecimento da pele (Foto: Divulga\u00e7\u00e3o\/FUnATI)<\/span><\/em><\/figcaption><\/figure>\n\n\n\n<p>A exposi\u00e7\u00e3o provocada por ferimentos n\u00e3o cicatrizados torna o corpo mais vulner\u00e1vel a micro-organismos mal\u00e9ficos, representando um grande risco em casos de les\u00f5es severas. Portanto, o composto de a\u00e7a\u00ed e guaran\u00e1 pode ser uma nova aposta importante para ajudar na cicatriza\u00e7\u00e3o cut\u00e2nea de forma mais efetiva.<br>Embora possa beneficiar pessoas que sofrem com feridas cr\u00f4nicas, outro grande benef\u00edcio do extrato combinado de a\u00e7a\u00ed e guaran\u00e1 est\u00e1 na sua a\u00e7\u00e3o contra o <a href=\"https:\/\/www.minhavida.com.br\/temas\/envelhecimento-da-pele\">envelhecimento da pele<\/a>. Dessa forma, o composto pode ser utilizado em uma s\u00e9rie de produtos cosm\u00e9ticos, mais voltados para o segmento de beleza e cuidados di\u00e1rios.<\/p>\n\n\n\n<p><strong><span class=\"has-inline-color has-black-color\">Inova\u00e7\u00e3o e sustentabilidade<br><\/span><\/strong>Al\u00e9m do potencial econ\u00f4mico, a cientista ressalta que a pesquisa tamb\u00e9m promove aten\u00e7\u00e3o sobre produtos que s\u00e3o descartados incorretamente pela ind\u00fastria. &#8220;Esses resultados s\u00e3o inovadores e abrem a possibilidade para o uso deste material, que hoje n\u00e3o tem valor econ\u00f4mico agregado, e \u00e9 um problema ambiental no seu descarte pela ind\u00fastria de cosm\u00e9ticos e dermatol\u00f3gicos&#8221;, diz.<br>As descobertas da pesquisa foram publicadas em um cap\u00edtulo de um livro internacional intitulado <em>&#8220;Analysis of the Effect of an Andiroba, Copa\u00edba and Guaran\u00e1 Combination on in Vitro and in Vivo Scar Models. A Closer Look at Fibroblasts&#8221;<\/em>. A obra foi publicada em 2020, pela Nova Science Publishers, de Nova York.<\/p>\n\n\n\n<p><em><span class=\"has-inline-color has-black-color\"><strong>*FUnATI <\/strong>\u2014 Funda\u00e7\u00e3o Universidade Aberta da Terceira Idade<\/span><\/em><\/p>\n\n\n\n<p><strong><em>Fonte: <a href=\"https:\/\/www.minhavida.com.br\/beleza\/materias\/38029-guarana-e-acai-podem-desacelerar-o-envelhecimento-da-pele\">Minha Vida<\/a><\/em><\/strong><\/p>\n","protected":false},"excerpt":{"rendered":"<p>Cientista brasileira constatou que os frutos amaz\u00f4nicos tamb\u00e9m favorecem o processo de cicatriza\u00e7\u00e3o cut\u00e2nea Mais do que compor o card\u00e1pio de quem busca por energia e disposi\u00e7\u00e3o, o guaran\u00e1 e o a\u00e7a\u00ed tamb\u00e9m podem ser grandes aliados da beleza. Isso porque uma pesquisa in\u00e9dita realizada no Amazonas, pela doutora Ednea Ribeiro, descobriu que um extrato [&hellip;]<\/p>\n","protected":false},"author":2,"featured_media":23807,"comment_status":"open","ping_status":"open","sticky":false,"template":"","format":"standard","meta":{"footnotes":""},"categories":[42],"tags":[4390,11536,11537,11538,4306,115],"class_list":["post-23806","post","type-post","status-publish","format-standard","has-post-thumbnail","hentry","category-bem-estar","tag-acai","tag-cicatrizacao-cutanea","tag-envelhecimento-da-pele","tag-frutos-amazonicos","tag-guarana","tag-pesquisa"],"yoast_head":"<!-- This site is optimized with the Yoast SEO plugin v26.5 - https:\/\/yoast.com\/wordpress\/plugins\/seo\/ -->\n<title>Guaran\u00e1 e a\u00e7a\u00ed podem desacelerar o envelhecimento da pele - Jornal Fatos e Not\u00edcias<\/title>\n<meta name=\"robots\" content=\"index, follow, max-snippet:-1, max-image-preview:large, max-video-preview:-1\" \/>\n<link rel=\"canonical\" href=\"https:\/\/jornalfatosenoticias.com.br\/index.php\/2021\/10\/08\/guarana-e-acai-podem-desacelerar-o-envelhecimento-da-pele\/\" \/>\n<meta property=\"og:locale\" content=\"pt_BR\" \/>\n<meta property=\"og:type\" content=\"article\" \/>\n<meta property=\"og:title\" content=\"Guaran\u00e1 e a\u00e7a\u00ed podem desacelerar o envelhecimento da pele - Jornal Fatos e Not\u00edcias\" \/>\n<meta property=\"og:description\" content=\"Cientista brasileira constatou que os frutos amaz\u00f4nicos tamb\u00e9m favorecem o processo de cicatriza\u00e7\u00e3o cut\u00e2nea Mais do que compor o card\u00e1pio de quem busca por energia e disposi\u00e7\u00e3o, o guaran\u00e1 e o a\u00e7a\u00ed tamb\u00e9m podem ser grandes aliados da beleza. Isso porque uma pesquisa in\u00e9dita realizada no Amazonas, pela doutora Ednea Ribeiro, descobriu que um extrato [&hellip;]\" \/>\n<meta property=\"og:url\" content=\"https:\/\/jornalfatosenoticias.com.br\/index.php\/2021\/10\/08\/guarana-e-acai-podem-desacelerar-o-envelhecimento-da-pele\/\" \/>\n<meta property=\"og:site_name\" content=\"Jornal Fatos e Not\u00edcias\" \/>\n<meta property=\"article:published_time\" content=\"2021-10-08T21:11:42+00:00\" \/>\n<meta property=\"article:modified_time\" content=\"2021-10-08T21:11:47+00:00\" \/>\n<meta property=\"og:image\" content=\"https:\/\/jornalfatosenoticias.com.br\/wp-content\/uploads\/2021\/10\/guarana_foto-arquivo-fapeam.jpg\" \/>\n\t<meta property=\"og:image:width\" content=\"1000\" \/>\n\t<meta property=\"og:image:height\" content=\"666\" \/>\n\t<meta property=\"og:image:type\" content=\"image\/jpeg\" \/>\n<meta name=\"author\" content=\"Luzimara Fernandes\" \/>\n<meta name=\"twitter:card\" content=\"summary_large_image\" \/>\n<meta name=\"twitter:label1\" content=\"Escrito por\" \/>\n\t<meta name=\"twitter:data1\" content=\"Luzimara Fernandes\" \/>\n\t<meta name=\"twitter:label2\" content=\"Est. tempo de leitura\" \/>\n\t<meta name=\"twitter:data2\" content=\"3 minutos\" \/>\n<script type=\"application\/ld+json\" class=\"yoast-schema-graph\">{\"@context\":\"https:\/\/schema.org\",\"@graph\":[{\"@type\":\"Article\",\"@id\":\"https:\/\/jornalfatosenoticias.com.br\/index.php\/2021\/10\/08\/guarana-e-acai-podem-desacelerar-o-envelhecimento-da-pele\/#article\",\"isPartOf\":{\"@id\":\"https:\/\/jornalfatosenoticias.com.br\/index.php\/2021\/10\/08\/guarana-e-acai-podem-desacelerar-o-envelhecimento-da-pele\/\"},\"author\":{\"name\":\"Luzimara Fernandes\",\"@id\":\"https:\/\/jornalfatosenoticias.com.br\/#\/schema\/person\/d63837fa13ac8666eb9e74e0985d6f81\"},\"headline\":\"Guaran\u00e1 e a\u00e7a\u00ed podem desacelerar o envelhecimento da pele\",\"datePublished\":\"2021-10-08T21:11:42+00:00\",\"dateModified\":\"2021-10-08T21:11:47+00:00\",\"mainEntityOfPage\":{\"@id\":\"https:\/\/jornalfatosenoticias.com.br\/index.php\/2021\/10\/08\/guarana-e-acai-podem-desacelerar-o-envelhecimento-da-pele\/\"},\"wordCount\":627,\"commentCount\":0,\"publisher\":{\"@id\":\"https:\/\/jornalfatosenoticias.com.br\/#organization\"},\"image\":{\"@id\":\"https:\/\/jornalfatosenoticias.com.br\/index.php\/2021\/10\/08\/guarana-e-acai-podem-desacelerar-o-envelhecimento-da-pele\/#primaryimage\"},\"thumbnailUrl\":\"https:\/\/jornalfatosenoticias.com.br\/wp-content\/uploads\/2021\/10\/guarana_foto-arquivo-fapeam.jpg\",\"keywords\":[\"a\u00e7a\u00ed\",\"cicatriza\u00e7\u00e3o cut\u00e2nea\",\"envelhecimento da pele\",\"frutos amaz\u00f4nicos\",\"guaran\u00e1\",\"pesquisa\"],\"articleSection\":[\"Bem-estar\"],\"inLanguage\":\"pt-BR\",\"potentialAction\":[{\"@type\":\"CommentAction\",\"name\":\"Comment\",\"target\":[\"https:\/\/jornalfatosenoticias.com.br\/index.php\/2021\/10\/08\/guarana-e-acai-podem-desacelerar-o-envelhecimento-da-pele\/#respond\"]}]},{\"@type\":\"WebPage\",\"@id\":\"https:\/\/jornalfatosenoticias.com.br\/index.php\/2021\/10\/08\/guarana-e-acai-podem-desacelerar-o-envelhecimento-da-pele\/\",\"url\":\"https:\/\/jornalfatosenoticias.com.br\/index.php\/2021\/10\/08\/guarana-e-acai-podem-desacelerar-o-envelhecimento-da-pele\/\",\"name\":\"Guaran\u00e1 e a\u00e7a\u00ed podem desacelerar o envelhecimento da pele - Jornal Fatos e Not\u00edcias\",\"isPartOf\":{\"@id\":\"https:\/\/jornalfatosenoticias.com.br\/#website\"},\"primaryImageOfPage\":{\"@id\":\"https:\/\/jornalfatosenoticias.com.br\/index.php\/2021\/10\/08\/guarana-e-acai-podem-desacelerar-o-envelhecimento-da-pele\/#primaryimage\"},\"image\":{\"@id\":\"https:\/\/jornalfatosenoticias.com.br\/index.php\/2021\/10\/08\/guarana-e-acai-podem-desacelerar-o-envelhecimento-da-pele\/#primaryimage\"},\"thumbnailUrl\":\"https:\/\/jornalfatosenoticias.com.br\/wp-content\/uploads\/2021\/10\/guarana_foto-arquivo-fapeam.jpg\",\"datePublished\":\"2021-10-08T21:11:42+00:00\",\"dateModified\":\"2021-10-08T21:11:47+00:00\",\"breadcrumb\":{\"@id\":\"https:\/\/jornalfatosenoticias.com.br\/index.php\/2021\/10\/08\/guarana-e-acai-podem-desacelerar-o-envelhecimento-da-pele\/#breadcrumb\"},\"inLanguage\":\"pt-BR\",\"potentialAction\":[{\"@type\":\"ReadAction\",\"target\":[\"https:\/\/jornalfatosenoticias.com.br\/index.php\/2021\/10\/08\/guarana-e-acai-podem-desacelerar-o-envelhecimento-da-pele\/\"]}]},{\"@type\":\"ImageObject\",\"inLanguage\":\"pt-BR\",\"@id\":\"https:\/\/jornalfatosenoticias.com.br\/index.php\/2021\/10\/08\/guarana-e-acai-podem-desacelerar-o-envelhecimento-da-pele\/#primaryimage\",\"url\":\"https:\/\/jornalfatosenoticias.com.br\/wp-content\/uploads\/2021\/10\/guarana_foto-arquivo-fapeam.jpg\",\"contentUrl\":\"https:\/\/jornalfatosenoticias.com.br\/wp-content\/uploads\/2021\/10\/guarana_foto-arquivo-fapeam.jpg\",\"width\":1000,\"height\":666},{\"@type\":\"BreadcrumbList\",\"@id\":\"https:\/\/jornalfatosenoticias.com.br\/index.php\/2021\/10\/08\/guarana-e-acai-podem-desacelerar-o-envelhecimento-da-pele\/#breadcrumb\",\"itemListElement\":[{\"@type\":\"ListItem\",\"position\":1,\"name\":\"In\u00edcio\",\"item\":\"https:\/\/jornalfatosenoticias.com.br\/\"},{\"@type\":\"ListItem\",\"position\":2,\"name\":\"Guaran\u00e1 e a\u00e7a\u00ed podem desacelerar o envelhecimento da pele\"}]},{\"@type\":\"WebSite\",\"@id\":\"https:\/\/jornalfatosenoticias.com.br\/#website\",\"url\":\"https:\/\/jornalfatosenoticias.com.br\/\",\"name\":\"Jornal Fatos e Not\u00edcias\",\"description\":\"Not\u00edcias em geral\",\"publisher\":{\"@id\":\"https:\/\/jornalfatosenoticias.com.br\/#organization\"},\"potentialAction\":[{\"@type\":\"SearchAction\",\"target\":{\"@type\":\"EntryPoint\",\"urlTemplate\":\"https:\/\/jornalfatosenoticias.com.br\/?s={search_term_string}\"},\"query-input\":{\"@type\":\"PropertyValueSpecification\",\"valueRequired\":true,\"valueName\":\"search_term_string\"}}],\"inLanguage\":\"pt-BR\"},{\"@type\":\"Organization\",\"@id\":\"https:\/\/jornalfatosenoticias.com.br\/#organization\",\"name\":\"Jornal Fatos e Not\u00edcias\",\"url\":\"https:\/\/jornalfatosenoticias.com.br\/\",\"logo\":{\"@type\":\"ImageObject\",\"inLanguage\":\"pt-BR\",\"@id\":\"https:\/\/jornalfatosenoticias.com.br\/#\/schema\/logo\/image\/\",\"url\":\"https:\/\/jornalfatosenoticias.com.br\/wp-content\/uploads\/2020\/02\/logo120.png\",\"contentUrl\":\"https:\/\/jornalfatosenoticias.com.br\/wp-content\/uploads\/2020\/02\/logo120.png\",\"width\":1227,\"height\":120,\"caption\":\"Jornal Fatos e Not\u00edcias\"},\"image\":{\"@id\":\"https:\/\/jornalfatosenoticias.com.br\/#\/schema\/logo\/image\/\"}},{\"@type\":\"Person\",\"@id\":\"https:\/\/jornalfatosenoticias.com.br\/#\/schema\/person\/d63837fa13ac8666eb9e74e0985d6f81\",\"name\":\"Luzimara Fernandes\",\"image\":{\"@type\":\"ImageObject\",\"inLanguage\":\"pt-BR\",\"@id\":\"https:\/\/jornalfatosenoticias.com.br\/#\/schema\/person\/image\/\",\"url\":\"https:\/\/jornalfatosenoticias.com.br\/wp-content\/uploads\/2025\/05\/EU_portal.jpg\",\"contentUrl\":\"https:\/\/jornalfatosenoticias.com.br\/wp-content\/uploads\/2025\/05\/EU_portal.jpg\",\"caption\":\"Luzimara Fernandes\"},\"description\":\"Jornalista MTB 2358-ES\",\"sameAs\":[\"https:\/\/jornalfatosenoticias.com.br\"],\"url\":\"https:\/\/jornalfatosenoticias.com.br\/index.php\/author\/luzimara\/\"}]}<\/script>\n<!-- \/ Yoast SEO plugin. -->","yoast_head_json":{"title":"Guaran\u00e1 e a\u00e7a\u00ed podem desacelerar o envelhecimento da pele - Jornal Fatos e Not\u00edcias","robots":{"index":"index","follow":"follow","max-snippet":"max-snippet:-1","max-image-preview":"max-image-preview:large","max-video-preview":"max-video-preview:-1"},"canonical":"https:\/\/jornalfatosenoticias.com.br\/index.php\/2021\/10\/08\/guarana-e-acai-podem-desacelerar-o-envelhecimento-da-pele\/","og_locale":"pt_BR","og_type":"article","og_title":"Guaran\u00e1 e a\u00e7a\u00ed podem desacelerar o envelhecimento da pele - Jornal Fatos e Not\u00edcias","og_description":"Cientista brasileira constatou que os frutos amaz\u00f4nicos tamb\u00e9m favorecem o processo de cicatriza\u00e7\u00e3o cut\u00e2nea Mais do que compor o card\u00e1pio de quem busca por energia e disposi\u00e7\u00e3o, o guaran\u00e1 e o a\u00e7a\u00ed tamb\u00e9m podem ser grandes aliados da beleza. Isso porque uma pesquisa in\u00e9dita realizada no Amazonas, pela doutora Ednea Ribeiro, descobriu que um extrato [&hellip;]","og_url":"https:\/\/jornalfatosenoticias.com.br\/index.php\/2021\/10\/08\/guarana-e-acai-podem-desacelerar-o-envelhecimento-da-pele\/","og_site_name":"Jornal Fatos e Not\u00edcias","article_published_time":"2021-10-08T21:11:42+00:00","article_modified_time":"2021-10-08T21:11:47+00:00","og_image":[{"width":1000,"height":666,"url":"https:\/\/jornalfatosenoticias.com.br\/wp-content\/uploads\/2021\/10\/guarana_foto-arquivo-fapeam.jpg","type":"image\/jpeg"}],"author":"Luzimara Fernandes","twitter_card":"summary_large_image","twitter_misc":{"Escrito por":"Luzimara Fernandes","Est. tempo de leitura":"3 minutos"},"schema":{"@context":"https:\/\/schema.org","@graph":[{"@type":"Article","@id":"https:\/\/jornalfatosenoticias.com.br\/index.php\/2021\/10\/08\/guarana-e-acai-podem-desacelerar-o-envelhecimento-da-pele\/#article","isPartOf":{"@id":"https:\/\/jornalfatosenoticias.com.br\/index.php\/2021\/10\/08\/guarana-e-acai-podem-desacelerar-o-envelhecimento-da-pele\/"},"author":{"name":"Luzimara Fernandes","@id":"https:\/\/jornalfatosenoticias.com.br\/#\/schema\/person\/d63837fa13ac8666eb9e74e0985d6f81"},"headline":"Guaran\u00e1 e a\u00e7a\u00ed podem desacelerar o envelhecimento da pele","datePublished":"2021-10-08T21:11:42+00:00","dateModified":"2021-10-08T21:11:47+00:00","mainEntityOfPage":{"@id":"https:\/\/jornalfatosenoticias.com.br\/index.php\/2021\/10\/08\/guarana-e-acai-podem-desacelerar-o-envelhecimento-da-pele\/"},"wordCount":627,"commentCount":0,"publisher":{"@id":"https:\/\/jornalfatosenoticias.com.br\/#organization"},"image":{"@id":"https:\/\/jornalfatosenoticias.com.br\/index.php\/2021\/10\/08\/guarana-e-acai-podem-desacelerar-o-envelhecimento-da-pele\/#primaryimage"},"thumbnailUrl":"https:\/\/jornalfatosenoticias.com.br\/wp-content\/uploads\/2021\/10\/guarana_foto-arquivo-fapeam.jpg","keywords":["a\u00e7a\u00ed","cicatriza\u00e7\u00e3o cut\u00e2nea","envelhecimento da pele","frutos amaz\u00f4nicos","guaran\u00e1","pesquisa"],"articleSection":["Bem-estar"],"inLanguage":"pt-BR","potentialAction":[{"@type":"CommentAction","name":"Comment","target":["https:\/\/jornalfatosenoticias.com.br\/index.php\/2021\/10\/08\/guarana-e-acai-podem-desacelerar-o-envelhecimento-da-pele\/#respond"]}]},{"@type":"WebPage","@id":"https:\/\/jornalfatosenoticias.com.br\/index.php\/2021\/10\/08\/guarana-e-acai-podem-desacelerar-o-envelhecimento-da-pele\/","url":"https:\/\/jornalfatosenoticias.com.br\/index.php\/2021\/10\/08\/guarana-e-acai-podem-desacelerar-o-envelhecimento-da-pele\/","name":"Guaran\u00e1 e a\u00e7a\u00ed podem desacelerar o envelhecimento da pele - Jornal Fatos e Not\u00edcias","isPartOf":{"@id":"https:\/\/jornalfatosenoticias.com.br\/#website"},"primaryImageOfPage":{"@id":"https:\/\/jornalfatosenoticias.com.br\/index.php\/2021\/10\/08\/guarana-e-acai-podem-desacelerar-o-envelhecimento-da-pele\/#primaryimage"},"image":{"@id":"https:\/\/jornalfatosenoticias.com.br\/index.php\/2021\/10\/08\/guarana-e-acai-podem-desacelerar-o-envelhecimento-da-pele\/#primaryimage"},"thumbnailUrl":"https:\/\/jornalfatosenoticias.com.br\/wp-content\/uploads\/2021\/10\/guarana_foto-arquivo-fapeam.jpg","datePublished":"2021-10-08T21:11:42+00:00","dateModified":"2021-10-08T21:11:47+00:00","breadcrumb":{"@id":"https:\/\/jornalfatosenoticias.com.br\/index.php\/2021\/10\/08\/guarana-e-acai-podem-desacelerar-o-envelhecimento-da-pele\/#breadcrumb"},"inLanguage":"pt-BR","potentialAction":[{"@type":"ReadAction","target":["https:\/\/jornalfatosenoticias.com.br\/index.php\/2021\/10\/08\/guarana-e-acai-podem-desacelerar-o-envelhecimento-da-pele\/"]}]},{"@type":"ImageObject","inLanguage":"pt-BR","@id":"https:\/\/jornalfatosenoticias.com.br\/index.php\/2021\/10\/08\/guarana-e-acai-podem-desacelerar-o-envelhecimento-da-pele\/#primaryimage","url":"https:\/\/jornalfatosenoticias.com.br\/wp-content\/uploads\/2021\/10\/guarana_foto-arquivo-fapeam.jpg","contentUrl":"https:\/\/jornalfatosenoticias.com.br\/wp-content\/uploads\/2021\/10\/guarana_foto-arquivo-fapeam.jpg","width":1000,"height":666},{"@type":"BreadcrumbList","@id":"https:\/\/jornalfatosenoticias.com.br\/index.php\/2021\/10\/08\/guarana-e-acai-podem-desacelerar-o-envelhecimento-da-pele\/#breadcrumb","itemListElement":[{"@type":"ListItem","position":1,"name":"In\u00edcio","item":"https:\/\/jornalfatosenoticias.com.br\/"},{"@type":"ListItem","position":2,"name":"Guaran\u00e1 e a\u00e7a\u00ed podem desacelerar o envelhecimento da pele"}]},{"@type":"WebSite","@id":"https:\/\/jornalfatosenoticias.com.br\/#website","url":"https:\/\/jornalfatosenoticias.com.br\/","name":"Jornal Fatos e Not\u00edcias","description":"Not\u00edcias em geral","publisher":{"@id":"https:\/\/jornalfatosenoticias.com.br\/#organization"},"potentialAction":[{"@type":"SearchAction","target":{"@type":"EntryPoint","urlTemplate":"https:\/\/jornalfatosenoticias.com.br\/?s={search_term_string}"},"query-input":{"@type":"PropertyValueSpecification","valueRequired":true,"valueName":"search_term_string"}}],"inLanguage":"pt-BR"},{"@type":"Organization","@id":"https:\/\/jornalfatosenoticias.com.br\/#organization","name":"Jornal Fatos e Not\u00edcias","url":"https:\/\/jornalfatosenoticias.com.br\/","logo":{"@type":"ImageObject","inLanguage":"pt-BR","@id":"https:\/\/jornalfatosenoticias.com.br\/#\/schema\/logo\/image\/","url":"https:\/\/jornalfatosenoticias.com.br\/wp-content\/uploads\/2020\/02\/logo120.png","contentUrl":"https:\/\/jornalfatosenoticias.com.br\/wp-content\/uploads\/2020\/02\/logo120.png","width":1227,"height":120,"caption":"Jornal Fatos e Not\u00edcias"},"image":{"@id":"https:\/\/jornalfatosenoticias.com.br\/#\/schema\/logo\/image\/"}},{"@type":"Person","@id":"https:\/\/jornalfatosenoticias.com.br\/#\/schema\/person\/d63837fa13ac8666eb9e74e0985d6f81","name":"Luzimara Fernandes","image":{"@type":"ImageObject","inLanguage":"pt-BR","@id":"https:\/\/jornalfatosenoticias.com.br\/#\/schema\/person\/image\/","url":"https:\/\/jornalfatosenoticias.com.br\/wp-content\/uploads\/2025\/05\/EU_portal.jpg","contentUrl":"https:\/\/jornalfatosenoticias.com.br\/wp-content\/uploads\/2025\/05\/EU_portal.jpg","caption":"Luzimara Fernandes"},"description":"Jornalista MTB 2358-ES","sameAs":["https:\/\/jornalfatosenoticias.com.br"],"url":"https:\/\/jornalfatosenoticias.com.br\/index.php\/author\/luzimara\/"}]}},"cc_featured_image_caption":{"caption_text":"Guaran\u00e1 (Foto: Arquivo\/Fapeam)","source_text":"","source_url":""},"jetpack_featured_media_url":"https:\/\/jornalfatosenoticias.com.br\/wp-content\/uploads\/2021\/10\/guarana_foto-arquivo-fapeam.jpg","_links":{"self":[{"href":"https:\/\/jornalfatosenoticias.com.br\/index.php\/wp-json\/wp\/v2\/posts\/23806","targetHints":{"allow":["GET"]}}],"collection":[{"href":"https:\/\/jornalfatosenoticias.com.br\/index.php\/wp-json\/wp\/v2\/posts"}],"about":[{"href":"https:\/\/jornalfatosenoticias.com.br\/index.php\/wp-json\/wp\/v2\/types\/post"}],"author":[{"embeddable":true,"href":"https:\/\/jornalfatosenoticias.com.br\/index.php\/wp-json\/wp\/v2\/users\/2"}],"replies":[{"embeddable":true,"href":"https:\/\/jornalfatosenoticias.com.br\/index.php\/wp-json\/wp\/v2\/comments?post=23806"}],"version-history":[{"count":0,"href":"https:\/\/jornalfatosenoticias.com.br\/index.php\/wp-json\/wp\/v2\/posts\/23806\/revisions"}],"wp:featuredmedia":[{"embeddable":true,"href":"https:\/\/jornalfatosenoticias.com.br\/index.php\/wp-json\/wp\/v2\/media\/23807"}],"wp:attachment":[{"href":"https:\/\/jornalfatosenoticias.com.br\/index.php\/wp-json\/wp\/v2\/media?parent=23806"}],"wp:term":[{"taxonomy":"category","embeddable":true,"href":"https:\/\/jornalfatosenoticias.com.br\/index.php\/wp-json\/wp\/v2\/categories?post=23806"},{"taxonomy":"post_tag","embeddable":true,"href":"https:\/\/jornalfatosenoticias.com.br\/index.php\/wp-json\/wp\/v2\/tags?post=23806"}],"curies":[{"name":"wp","href":"https:\/\/api.w.org\/{rel}","templated":true}]}}