{"id":23849,"date":"2021-10-13T11:08:32","date_gmt":"2021-10-13T14:08:32","guid":{"rendered":"https:\/\/jornalfatosenoticias.com.br\/?p=23849"},"modified":"2021-10-13T11:08:33","modified_gmt":"2021-10-13T14:08:33","slug":"sapos-arlequins-as-joias-da-floresta-ameacadas-por-uma-doenca-mortal","status":"publish","type":"post","link":"https:\/\/jornalfatosenoticias.com.br\/index.php\/2021\/10\/13\/sapos-arlequins-as-joias-da-floresta-ameacadas-por-uma-doenca-mortal\/","title":{"rendered":"Sapos-arlequins: as joias da floresta amea\u00e7adas por uma doen\u00e7a mortal"},"content":{"rendered":"\n<p><em><span class=\"has-inline-color has-black-color\">Esp\u00e9cie chama aten\u00e7\u00e3o com suas cores vibrantes e impressionantes que v\u00e3o do laranja, dourado, azul, azul e at\u00e9 rosa<\/span><\/em><\/p>\n\n\n\n<p>Considerados as joias das florestas e riachos da Amaz\u00f4nia, os sapos-arlequins, que comp\u00f5em o g\u00eanero <em>Atelopus<\/em>, chamam aten\u00e7\u00e3o com suas cores vibrantes e impressionantes, que v\u00e3o do laranja, verde, dourado, azul, preto, marrom, roxo e at\u00e9 rosa.<br>No Brasil s\u00e3o registradas tr\u00eas esp\u00e9cies desse g\u00eanero: <em>Atelopus manauensis<\/em>, esp\u00e9cie rec\u00e9m-descrita no ano de 2020, que est\u00e1 restrita a uma pequena regi\u00e3o de plan\u00edcies no entorno de Manaus;<em> Atelopus hoogmoedi<\/em>, que ocorre nos estados do Par\u00e1, Amazonas, Amap\u00e1 e Roraima; e <em>Atelopus franciscus<\/em>, que ocorre no Oiapoque, no Amap\u00e1.<br>Os arlequins s\u00e3o considerados amea\u00e7ados pelo fungo <em>Batrachochytrium dendrobatidis (Bd)<\/em>, causador da quitridiomicose, doen\u00e7a letal respons\u00e1vel pelo decl\u00ednio de anf\u00edbios em todo o mundo. Embora o Bd seja, provavelmente, o principal catalisador desses decl\u00ednios, uma s\u00e9rie de outras amea\u00e7as est\u00e1 contribuindo com as quedas no n\u00famero de sapos-arlequins.<br>Entre as amea\u00e7as est\u00e3o a destrui\u00e7\u00e3o e a degrada\u00e7\u00e3o do h\u00e1bitat, como resultado da agricultura, pecu\u00e1ria, explora\u00e7\u00e3o madeireira, minera\u00e7\u00e3o e desenvolvimento de infraestrutura; a introdu\u00e7\u00e3o de esp\u00e9cies invasoras; polui\u00e7\u00e3o; coleta ilegal para o com\u00e9rcio de animais; e os efeitos das mudan\u00e7as clim\u00e1ticas.<br>&#8220;Com suas belas can\u00e7\u00f5es e estilos de vida \u00fanicos, anf\u00edbios est\u00e3o entre os animais mais extraordin\u00e1rios da Terra, e, entre eles, os sapos-arlequins se destacam por suas incr\u00edveis cores&#8221;, disse Lu\u00eds Fernando Marin da Fonte, coordenador da Iniciativa de Sobreviv\u00eancia Atelopus (ASI).<br>Segundo ele, os sapos-arlequins devem ser protegidos n\u00e3o apenas por sua beleza e singularidade, mas tamb\u00e9m por seu valor intr\u00ednseco e sua import\u00e2ncia biol\u00f3gica, ecol\u00f3gica e at\u00e9 cultural.<\/p>\n\n\n\n<blockquote class=\"wp-block-quote is-layout-flow wp-block-quote-is-layout-flow\"><p><span class=\"has-inline-color has-luminous-vivid-orange-color\">&#8220;Nas \u00faltimas d\u00e9cadas, muitas esp\u00e9cies de sapos-arlequins sofreram graves decl\u00ednios populacionais e extin\u00e7\u00f5es em toda a sua distribui\u00e7\u00e3o. Hoje, das 94 esp\u00e9cies de sapos-arlequins avaliadas pela IUCN, 83% est\u00e3o amea\u00e7adas de extin\u00e7\u00e3o, e cerca de 40% das esp\u00e9cies de Atelopus desapareceram de seus habitats conhecidos e n\u00e3o s\u00e3o vistas desde o in\u00edcio dos anos 2000, apesar de esfor\u00e7os espec\u00edficos para encontr\u00e1-las.<\/span><\/p><\/blockquote>\n\n\n\n<div class=\"wp-block-image is-style-default\"><figure class=\"aligncenter size-large\"><img loading=\"lazy\" decoding=\"async\" width=\"262\" height=\"1024\" src=\"https:\/\/jornalfatosenoticias.com.br\/wp-content\/uploads\/2021\/10\/SAPOS-ARLEQUINS_FOLDER-262x1024.png\" alt=\"\" class=\"wp-image-23850\" srcset=\"https:\/\/jornalfatosenoticias.com.br\/wp-content\/uploads\/2021\/10\/SAPOS-ARLEQUINS_FOLDER-262x1024.png 262w, https:\/\/jornalfatosenoticias.com.br\/wp-content\/uploads\/2021\/10\/SAPOS-ARLEQUINS_FOLDER-77x300.png 77w\" sizes=\"auto, (max-width: 262px) 100vw, 262px\" \/><\/figure><\/div>\n\n\n\n<p><strong><em>Fonte: <a href=\"https:\/\/portalamazonia.com\/amazonia\/sapos-alerquins-as-joias-da-floresta-ameacadas-por-uma-doenca-mortal\">Portal Amaz\u00f4nia<\/a><\/em><\/strong><\/p>\n","protected":false},"excerpt":{"rendered":"<p>Esp\u00e9cie chama aten\u00e7\u00e3o com suas cores vibrantes e impressionantes que v\u00e3o do laranja, dourado, azul, azul e at\u00e9 rosa Considerados as joias das florestas e riachos da Amaz\u00f4nia, os sapos-arlequins, que comp\u00f5em o g\u00eanero Atelopus, chamam aten\u00e7\u00e3o com suas cores vibrantes e impressionantes, que v\u00e3o do laranja, verde, dourado, azul, preto, marrom, roxo e at\u00e9 [&hellip;]<\/p>\n","protected":false},"author":2,"featured_media":23851,"comment_status":"open","ping_status":"open","sticky":false,"template":"","format":"standard","meta":{"footnotes":""},"categories":[2,8],"tags":[123,11555,11554,734],"class_list":["post-23849","post","type-post","status-publish","format-standard","has-post-thumbnail","hentry","category-ciencia","category-meio-ambiente","tag-amazonia","tag-especie-ameacada","tag-sapos-arlequins","tag-sustentabilidade"],"yoast_head":"<!-- This site is optimized with the Yoast SEO plugin v26.5 - https:\/\/yoast.com\/wordpress\/plugins\/seo\/ -->\n<title>Sapos-arlequins: as joias da floresta amea\u00e7adas por uma doen\u00e7a mortal - Jornal Fatos e Not\u00edcias<\/title>\n<meta name=\"robots\" content=\"index, follow, max-snippet:-1, max-image-preview:large, max-video-preview:-1\" \/>\n<link rel=\"canonical\" href=\"https:\/\/jornalfatosenoticias.com.br\/index.php\/2021\/10\/13\/sapos-arlequins-as-joias-da-floresta-ameacadas-por-uma-doenca-mortal\/\" \/>\n<meta property=\"og:locale\" content=\"pt_BR\" \/>\n<meta property=\"og:type\" content=\"article\" \/>\n<meta property=\"og:title\" content=\"Sapos-arlequins: as joias da floresta amea\u00e7adas por uma doen\u00e7a mortal - Jornal Fatos e Not\u00edcias\" \/>\n<meta property=\"og:description\" content=\"Esp\u00e9cie chama aten\u00e7\u00e3o com suas cores vibrantes e impressionantes que v\u00e3o do laranja, dourado, azul, azul e at\u00e9 rosa Considerados as joias das florestas e riachos da Amaz\u00f4nia, os sapos-arlequins, que comp\u00f5em o g\u00eanero Atelopus, chamam aten\u00e7\u00e3o com suas cores vibrantes e impressionantes, que v\u00e3o do laranja, verde, dourado, azul, preto, marrom, roxo e at\u00e9 [&hellip;]\" \/>\n<meta property=\"og:url\" content=\"https:\/\/jornalfatosenoticias.com.br\/index.php\/2021\/10\/13\/sapos-arlequins-as-joias-da-floresta-ameacadas-por-uma-doenca-mortal\/\" \/>\n<meta property=\"og:site_name\" content=\"Jornal Fatos e Not\u00edcias\" \/>\n<meta property=\"article:published_time\" content=\"2021-10-13T14:08:32+00:00\" \/>\n<meta property=\"article:modified_time\" content=\"2021-10-13T14:08:33+00:00\" \/>\n<meta property=\"og:image\" content=\"https:\/\/jornalfatosenoticias.com.br\/wp-content\/uploads\/2021\/10\/SAPO-ARLEQUIM.jpeg\" \/>\n\t<meta property=\"og:image:width\" content=\"1000\" \/>\n\t<meta property=\"og:image:height\" content=\"631\" \/>\n\t<meta property=\"og:image:type\" content=\"image\/jpeg\" \/>\n<meta name=\"author\" content=\"Luzimara Fernandes\" \/>\n<meta name=\"twitter:card\" content=\"summary_large_image\" \/>\n<meta name=\"twitter:label1\" content=\"Escrito por\" \/>\n\t<meta name=\"twitter:data1\" content=\"Luzimara Fernandes\" \/>\n\t<meta name=\"twitter:label2\" content=\"Est. tempo de leitura\" \/>\n\t<meta name=\"twitter:data2\" content=\"2 minutos\" \/>\n<script type=\"application\/ld+json\" class=\"yoast-schema-graph\">{\"@context\":\"https:\/\/schema.org\",\"@graph\":[{\"@type\":\"Article\",\"@id\":\"https:\/\/jornalfatosenoticias.com.br\/index.php\/2021\/10\/13\/sapos-arlequins-as-joias-da-floresta-ameacadas-por-uma-doenca-mortal\/#article\",\"isPartOf\":{\"@id\":\"https:\/\/jornalfatosenoticias.com.br\/index.php\/2021\/10\/13\/sapos-arlequins-as-joias-da-floresta-ameacadas-por-uma-doenca-mortal\/\"},\"author\":{\"name\":\"Luzimara Fernandes\",\"@id\":\"https:\/\/jornalfatosenoticias.com.br\/#\/schema\/person\/d63837fa13ac8666eb9e74e0985d6f81\"},\"headline\":\"Sapos-arlequins: as joias da floresta amea\u00e7adas por uma doen\u00e7a mortal\",\"datePublished\":\"2021-10-13T14:08:32+00:00\",\"dateModified\":\"2021-10-13T14:08:33+00:00\",\"mainEntityOfPage\":{\"@id\":\"https:\/\/jornalfatosenoticias.com.br\/index.php\/2021\/10\/13\/sapos-arlequins-as-joias-da-floresta-ameacadas-por-uma-doenca-mortal\/\"},\"wordCount\":407,\"commentCount\":0,\"publisher\":{\"@id\":\"https:\/\/jornalfatosenoticias.com.br\/#organization\"},\"image\":{\"@id\":\"https:\/\/jornalfatosenoticias.com.br\/index.php\/2021\/10\/13\/sapos-arlequins-as-joias-da-floresta-ameacadas-por-uma-doenca-mortal\/#primaryimage\"},\"thumbnailUrl\":\"https:\/\/jornalfatosenoticias.com.br\/wp-content\/uploads\/2021\/10\/SAPO-ARLEQUIM.jpeg\",\"keywords\":[\"amaz\u00f4nia\",\"esp\u00e9cie amea\u00e7ada\",\"sapos-arlequins\",\"sustentabilidade\"],\"articleSection\":[\"Ci\u00eancia\",\"Meio ambiente\"],\"inLanguage\":\"pt-BR\",\"potentialAction\":[{\"@type\":\"CommentAction\",\"name\":\"Comment\",\"target\":[\"https:\/\/jornalfatosenoticias.com.br\/index.php\/2021\/10\/13\/sapos-arlequins-as-joias-da-floresta-ameacadas-por-uma-doenca-mortal\/#respond\"]}]},{\"@type\":\"WebPage\",\"@id\":\"https:\/\/jornalfatosenoticias.com.br\/index.php\/2021\/10\/13\/sapos-arlequins-as-joias-da-floresta-ameacadas-por-uma-doenca-mortal\/\",\"url\":\"https:\/\/jornalfatosenoticias.com.br\/index.php\/2021\/10\/13\/sapos-arlequins-as-joias-da-floresta-ameacadas-por-uma-doenca-mortal\/\",\"name\":\"Sapos-arlequins: as joias da floresta amea\u00e7adas por uma doen\u00e7a mortal - Jornal Fatos e Not\u00edcias\",\"isPartOf\":{\"@id\":\"https:\/\/jornalfatosenoticias.com.br\/#website\"},\"primaryImageOfPage\":{\"@id\":\"https:\/\/jornalfatosenoticias.com.br\/index.php\/2021\/10\/13\/sapos-arlequins-as-joias-da-floresta-ameacadas-por-uma-doenca-mortal\/#primaryimage\"},\"image\":{\"@id\":\"https:\/\/jornalfatosenoticias.com.br\/index.php\/2021\/10\/13\/sapos-arlequins-as-joias-da-floresta-ameacadas-por-uma-doenca-mortal\/#primaryimage\"},\"thumbnailUrl\":\"https:\/\/jornalfatosenoticias.com.br\/wp-content\/uploads\/2021\/10\/SAPO-ARLEQUIM.jpeg\",\"datePublished\":\"2021-10-13T14:08:32+00:00\",\"dateModified\":\"2021-10-13T14:08:33+00:00\",\"breadcrumb\":{\"@id\":\"https:\/\/jornalfatosenoticias.com.br\/index.php\/2021\/10\/13\/sapos-arlequins-as-joias-da-floresta-ameacadas-por-uma-doenca-mortal\/#breadcrumb\"},\"inLanguage\":\"pt-BR\",\"potentialAction\":[{\"@type\":\"ReadAction\",\"target\":[\"https:\/\/jornalfatosenoticias.com.br\/index.php\/2021\/10\/13\/sapos-arlequins-as-joias-da-floresta-ameacadas-por-uma-doenca-mortal\/\"]}]},{\"@type\":\"ImageObject\",\"inLanguage\":\"pt-BR\",\"@id\":\"https:\/\/jornalfatosenoticias.com.br\/index.php\/2021\/10\/13\/sapos-arlequins-as-joias-da-floresta-ameacadas-por-uma-doenca-mortal\/#primaryimage\",\"url\":\"https:\/\/jornalfatosenoticias.com.br\/wp-content\/uploads\/2021\/10\/SAPO-ARLEQUIM.jpeg\",\"contentUrl\":\"https:\/\/jornalfatosenoticias.com.br\/wp-content\/uploads\/2021\/10\/SAPO-ARLEQUIM.jpeg\",\"width\":1000,\"height\":631},{\"@type\":\"BreadcrumbList\",\"@id\":\"https:\/\/jornalfatosenoticias.com.br\/index.php\/2021\/10\/13\/sapos-arlequins-as-joias-da-floresta-ameacadas-por-uma-doenca-mortal\/#breadcrumb\",\"itemListElement\":[{\"@type\":\"ListItem\",\"position\":1,\"name\":\"In\u00edcio\",\"item\":\"https:\/\/jornalfatosenoticias.com.br\/\"},{\"@type\":\"ListItem\",\"position\":2,\"name\":\"Sapos-arlequins: as joias da floresta amea\u00e7adas por uma doen\u00e7a mortal\"}]},{\"@type\":\"WebSite\",\"@id\":\"https:\/\/jornalfatosenoticias.com.br\/#website\",\"url\":\"https:\/\/jornalfatosenoticias.com.br\/\",\"name\":\"Jornal Fatos e Not\u00edcias\",\"description\":\"Not\u00edcias em geral\",\"publisher\":{\"@id\":\"https:\/\/jornalfatosenoticias.com.br\/#organization\"},\"potentialAction\":[{\"@type\":\"SearchAction\",\"target\":{\"@type\":\"EntryPoint\",\"urlTemplate\":\"https:\/\/jornalfatosenoticias.com.br\/?s={search_term_string}\"},\"query-input\":{\"@type\":\"PropertyValueSpecification\",\"valueRequired\":true,\"valueName\":\"search_term_string\"}}],\"inLanguage\":\"pt-BR\"},{\"@type\":\"Organization\",\"@id\":\"https:\/\/jornalfatosenoticias.com.br\/#organization\",\"name\":\"Jornal Fatos e Not\u00edcias\",\"url\":\"https:\/\/jornalfatosenoticias.com.br\/\",\"logo\":{\"@type\":\"ImageObject\",\"inLanguage\":\"pt-BR\",\"@id\":\"https:\/\/jornalfatosenoticias.com.br\/#\/schema\/logo\/image\/\",\"url\":\"https:\/\/jornalfatosenoticias.com.br\/wp-content\/uploads\/2020\/02\/logo120.png\",\"contentUrl\":\"https:\/\/jornalfatosenoticias.com.br\/wp-content\/uploads\/2020\/02\/logo120.png\",\"width\":1227,\"height\":120,\"caption\":\"Jornal Fatos e Not\u00edcias\"},\"image\":{\"@id\":\"https:\/\/jornalfatosenoticias.com.br\/#\/schema\/logo\/image\/\"}},{\"@type\":\"Person\",\"@id\":\"https:\/\/jornalfatosenoticias.com.br\/#\/schema\/person\/d63837fa13ac8666eb9e74e0985d6f81\",\"name\":\"Luzimara Fernandes\",\"image\":{\"@type\":\"ImageObject\",\"inLanguage\":\"pt-BR\",\"@id\":\"https:\/\/jornalfatosenoticias.com.br\/#\/schema\/person\/image\/\",\"url\":\"https:\/\/jornalfatosenoticias.com.br\/wp-content\/uploads\/2025\/05\/EU_portal.jpg\",\"contentUrl\":\"https:\/\/jornalfatosenoticias.com.br\/wp-content\/uploads\/2025\/05\/EU_portal.jpg\",\"caption\":\"Luzimara Fernandes\"},\"description\":\"Jornalista MTB 2358-ES\",\"sameAs\":[\"https:\/\/jornalfatosenoticias.com.br\"],\"url\":\"https:\/\/jornalfatosenoticias.com.br\/index.php\/author\/luzimara\/\"}]}<\/script>\n<!-- \/ Yoast SEO plugin. -->","yoast_head_json":{"title":"Sapos-arlequins: as joias da floresta amea\u00e7adas por uma doen\u00e7a mortal - Jornal Fatos e Not\u00edcias","robots":{"index":"index","follow":"follow","max-snippet":"max-snippet:-1","max-image-preview":"max-image-preview:large","max-video-preview":"max-video-preview:-1"},"canonical":"https:\/\/jornalfatosenoticias.com.br\/index.php\/2021\/10\/13\/sapos-arlequins-as-joias-da-floresta-ameacadas-por-uma-doenca-mortal\/","og_locale":"pt_BR","og_type":"article","og_title":"Sapos-arlequins: as joias da floresta amea\u00e7adas por uma doen\u00e7a mortal - Jornal Fatos e Not\u00edcias","og_description":"Esp\u00e9cie chama aten\u00e7\u00e3o com suas cores vibrantes e impressionantes que v\u00e3o do laranja, dourado, azul, azul e at\u00e9 rosa Considerados as joias das florestas e riachos da Amaz\u00f4nia, os sapos-arlequins, que comp\u00f5em o g\u00eanero Atelopus, chamam aten\u00e7\u00e3o com suas cores vibrantes e impressionantes, que v\u00e3o do laranja, verde, dourado, azul, preto, marrom, roxo e at\u00e9 [&hellip;]","og_url":"https:\/\/jornalfatosenoticias.com.br\/index.php\/2021\/10\/13\/sapos-arlequins-as-joias-da-floresta-ameacadas-por-uma-doenca-mortal\/","og_site_name":"Jornal Fatos e Not\u00edcias","article_published_time":"2021-10-13T14:08:32+00:00","article_modified_time":"2021-10-13T14:08:33+00:00","og_image":[{"width":1000,"height":631,"url":"https:\/\/jornalfatosenoticias.com.br\/wp-content\/uploads\/2021\/10\/SAPO-ARLEQUIM.jpeg","type":"image\/jpeg"}],"author":"Luzimara Fernandes","twitter_card":"summary_large_image","twitter_misc":{"Escrito por":"Luzimara Fernandes","Est. tempo de leitura":"2 minutos"},"schema":{"@context":"https:\/\/schema.org","@graph":[{"@type":"Article","@id":"https:\/\/jornalfatosenoticias.com.br\/index.php\/2021\/10\/13\/sapos-arlequins-as-joias-da-floresta-ameacadas-por-uma-doenca-mortal\/#article","isPartOf":{"@id":"https:\/\/jornalfatosenoticias.com.br\/index.php\/2021\/10\/13\/sapos-arlequins-as-joias-da-floresta-ameacadas-por-uma-doenca-mortal\/"},"author":{"name":"Luzimara Fernandes","@id":"https:\/\/jornalfatosenoticias.com.br\/#\/schema\/person\/d63837fa13ac8666eb9e74e0985d6f81"},"headline":"Sapos-arlequins: as joias da floresta amea\u00e7adas por uma doen\u00e7a mortal","datePublished":"2021-10-13T14:08:32+00:00","dateModified":"2021-10-13T14:08:33+00:00","mainEntityOfPage":{"@id":"https:\/\/jornalfatosenoticias.com.br\/index.php\/2021\/10\/13\/sapos-arlequins-as-joias-da-floresta-ameacadas-por-uma-doenca-mortal\/"},"wordCount":407,"commentCount":0,"publisher":{"@id":"https:\/\/jornalfatosenoticias.com.br\/#organization"},"image":{"@id":"https:\/\/jornalfatosenoticias.com.br\/index.php\/2021\/10\/13\/sapos-arlequins-as-joias-da-floresta-ameacadas-por-uma-doenca-mortal\/#primaryimage"},"thumbnailUrl":"https:\/\/jornalfatosenoticias.com.br\/wp-content\/uploads\/2021\/10\/SAPO-ARLEQUIM.jpeg","keywords":["amaz\u00f4nia","esp\u00e9cie amea\u00e7ada","sapos-arlequins","sustentabilidade"],"articleSection":["Ci\u00eancia","Meio ambiente"],"inLanguage":"pt-BR","potentialAction":[{"@type":"CommentAction","name":"Comment","target":["https:\/\/jornalfatosenoticias.com.br\/index.php\/2021\/10\/13\/sapos-arlequins-as-joias-da-floresta-ameacadas-por-uma-doenca-mortal\/#respond"]}]},{"@type":"WebPage","@id":"https:\/\/jornalfatosenoticias.com.br\/index.php\/2021\/10\/13\/sapos-arlequins-as-joias-da-floresta-ameacadas-por-uma-doenca-mortal\/","url":"https:\/\/jornalfatosenoticias.com.br\/index.php\/2021\/10\/13\/sapos-arlequins-as-joias-da-floresta-ameacadas-por-uma-doenca-mortal\/","name":"Sapos-arlequins: as joias da floresta amea\u00e7adas por uma doen\u00e7a mortal - Jornal Fatos e Not\u00edcias","isPartOf":{"@id":"https:\/\/jornalfatosenoticias.com.br\/#website"},"primaryImageOfPage":{"@id":"https:\/\/jornalfatosenoticias.com.br\/index.php\/2021\/10\/13\/sapos-arlequins-as-joias-da-floresta-ameacadas-por-uma-doenca-mortal\/#primaryimage"},"image":{"@id":"https:\/\/jornalfatosenoticias.com.br\/index.php\/2021\/10\/13\/sapos-arlequins-as-joias-da-floresta-ameacadas-por-uma-doenca-mortal\/#primaryimage"},"thumbnailUrl":"https:\/\/jornalfatosenoticias.com.br\/wp-content\/uploads\/2021\/10\/SAPO-ARLEQUIM.jpeg","datePublished":"2021-10-13T14:08:32+00:00","dateModified":"2021-10-13T14:08:33+00:00","breadcrumb":{"@id":"https:\/\/jornalfatosenoticias.com.br\/index.php\/2021\/10\/13\/sapos-arlequins-as-joias-da-floresta-ameacadas-por-uma-doenca-mortal\/#breadcrumb"},"inLanguage":"pt-BR","potentialAction":[{"@type":"ReadAction","target":["https:\/\/jornalfatosenoticias.com.br\/index.php\/2021\/10\/13\/sapos-arlequins-as-joias-da-floresta-ameacadas-por-uma-doenca-mortal\/"]}]},{"@type":"ImageObject","inLanguage":"pt-BR","@id":"https:\/\/jornalfatosenoticias.com.br\/index.php\/2021\/10\/13\/sapos-arlequins-as-joias-da-floresta-ameacadas-por-uma-doenca-mortal\/#primaryimage","url":"https:\/\/jornalfatosenoticias.com.br\/wp-content\/uploads\/2021\/10\/SAPO-ARLEQUIM.jpeg","contentUrl":"https:\/\/jornalfatosenoticias.com.br\/wp-content\/uploads\/2021\/10\/SAPO-ARLEQUIM.jpeg","width":1000,"height":631},{"@type":"BreadcrumbList","@id":"https:\/\/jornalfatosenoticias.com.br\/index.php\/2021\/10\/13\/sapos-arlequins-as-joias-da-floresta-ameacadas-por-uma-doenca-mortal\/#breadcrumb","itemListElement":[{"@type":"ListItem","position":1,"name":"In\u00edcio","item":"https:\/\/jornalfatosenoticias.com.br\/"},{"@type":"ListItem","position":2,"name":"Sapos-arlequins: as joias da floresta amea\u00e7adas por uma doen\u00e7a mortal"}]},{"@type":"WebSite","@id":"https:\/\/jornalfatosenoticias.com.br\/#website","url":"https:\/\/jornalfatosenoticias.com.br\/","name":"Jornal Fatos e Not\u00edcias","description":"Not\u00edcias em geral","publisher":{"@id":"https:\/\/jornalfatosenoticias.com.br\/#organization"},"potentialAction":[{"@type":"SearchAction","target":{"@type":"EntryPoint","urlTemplate":"https:\/\/jornalfatosenoticias.com.br\/?s={search_term_string}"},"query-input":{"@type":"PropertyValueSpecification","valueRequired":true,"valueName":"search_term_string"}}],"inLanguage":"pt-BR"},{"@type":"Organization","@id":"https:\/\/jornalfatosenoticias.com.br\/#organization","name":"Jornal Fatos e Not\u00edcias","url":"https:\/\/jornalfatosenoticias.com.br\/","logo":{"@type":"ImageObject","inLanguage":"pt-BR","@id":"https:\/\/jornalfatosenoticias.com.br\/#\/schema\/logo\/image\/","url":"https:\/\/jornalfatosenoticias.com.br\/wp-content\/uploads\/2020\/02\/logo120.png","contentUrl":"https:\/\/jornalfatosenoticias.com.br\/wp-content\/uploads\/2020\/02\/logo120.png","width":1227,"height":120,"caption":"Jornal Fatos e Not\u00edcias"},"image":{"@id":"https:\/\/jornalfatosenoticias.com.br\/#\/schema\/logo\/image\/"}},{"@type":"Person","@id":"https:\/\/jornalfatosenoticias.com.br\/#\/schema\/person\/d63837fa13ac8666eb9e74e0985d6f81","name":"Luzimara Fernandes","image":{"@type":"ImageObject","inLanguage":"pt-BR","@id":"https:\/\/jornalfatosenoticias.com.br\/#\/schema\/person\/image\/","url":"https:\/\/jornalfatosenoticias.com.br\/wp-content\/uploads\/2025\/05\/EU_portal.jpg","contentUrl":"https:\/\/jornalfatosenoticias.com.br\/wp-content\/uploads\/2025\/05\/EU_portal.jpg","caption":"Luzimara Fernandes"},"description":"Jornalista MTB 2358-ES","sameAs":["https:\/\/jornalfatosenoticias.com.br"],"url":"https:\/\/jornalfatosenoticias.com.br\/index.php\/author\/luzimara\/"}]}},"cc_featured_image_caption":{"caption_text":"(Foto: Brian Gratwicke\/Divulga\u00e7\u00e3o)","source_text":"","source_url":""},"jetpack_featured_media_url":"https:\/\/jornalfatosenoticias.com.br\/wp-content\/uploads\/2021\/10\/SAPO-ARLEQUIM.jpeg","_links":{"self":[{"href":"https:\/\/jornalfatosenoticias.com.br\/index.php\/wp-json\/wp\/v2\/posts\/23849","targetHints":{"allow":["GET"]}}],"collection":[{"href":"https:\/\/jornalfatosenoticias.com.br\/index.php\/wp-json\/wp\/v2\/posts"}],"about":[{"href":"https:\/\/jornalfatosenoticias.com.br\/index.php\/wp-json\/wp\/v2\/types\/post"}],"author":[{"embeddable":true,"href":"https:\/\/jornalfatosenoticias.com.br\/index.php\/wp-json\/wp\/v2\/users\/2"}],"replies":[{"embeddable":true,"href":"https:\/\/jornalfatosenoticias.com.br\/index.php\/wp-json\/wp\/v2\/comments?post=23849"}],"version-history":[{"count":0,"href":"https:\/\/jornalfatosenoticias.com.br\/index.php\/wp-json\/wp\/v2\/posts\/23849\/revisions"}],"wp:featuredmedia":[{"embeddable":true,"href":"https:\/\/jornalfatosenoticias.com.br\/index.php\/wp-json\/wp\/v2\/media\/23851"}],"wp:attachment":[{"href":"https:\/\/jornalfatosenoticias.com.br\/index.php\/wp-json\/wp\/v2\/media?parent=23849"}],"wp:term":[{"taxonomy":"category","embeddable":true,"href":"https:\/\/jornalfatosenoticias.com.br\/index.php\/wp-json\/wp\/v2\/categories?post=23849"},{"taxonomy":"post_tag","embeddable":true,"href":"https:\/\/jornalfatosenoticias.com.br\/index.php\/wp-json\/wp\/v2\/tags?post=23849"}],"curies":[{"name":"wp","href":"https:\/\/api.w.org\/{rel}","templated":true}]}}