{"id":23870,"date":"2021-10-14T19:04:19","date_gmt":"2021-10-14T22:04:19","guid":{"rendered":"https:\/\/jornalfatosenoticias.com.br\/?p=23870"},"modified":"2021-10-14T19:04:24","modified_gmt":"2021-10-14T22:04:24","slug":"dia-das-criancas-e-os-130-mil","status":"publish","type":"post","link":"https:\/\/jornalfatosenoticias.com.br\/index.php\/2021\/10\/14\/dia-das-criancas-e-os-130-mil\/","title":{"rendered":"Dia das Crian\u00e7as! E os 130 mil&#8230;"},"content":{"rendered":"\n<p><em><span class=\"has-inline-color has-black-color\">Quem conhece uma Crian\u00e7a que perde o pai ou a m\u00e3e para a morte, sabe do que est\u00e1 sendo tratado aqui. Ter a vida do pai interrompida quando ainda se \u00e9 Crian\u00e7a \u00e9 muito doloroso<\/span><\/em><\/p>\n\n\n\n<p>Mas, e as mais de 130 mil crian\u00e7as \u00f3rf\u00e3s da covid-19? Precoce orfandade. Ser\u00e1 que s\u00e3o mesmo 130 mil? Mais? Menos? Onde est\u00e3o? Quem s\u00e3o? Como passaram o Primeiro Dia das Crian\u00e7as sem seus pais, sem suas m\u00e3es? Mas, e as Crian\u00e7as que est\u00e3o sob o Regime de Priva\u00e7\u00e3o Materna Judicial pela lei de aliena\u00e7\u00e3o parental? Parece que s\u00e3o mais de cinco mil. Ningu\u00e9m sabe tamb\u00e9m. Foram entregues a seus agressores como puni\u00e7\u00e3o \u00e0 M\u00e3e que denunciou abuso sexual intrafamiliar ou viol\u00eancia dom\u00e9stica.<br>Mas, e as Crian\u00e7as que est\u00e3o em situa\u00e7\u00e3o de \u201cinseguran\u00e7a alimentar\u201d? Nome bonito para dizer da fome. Uma comida para o Dia da Crian\u00e7a. Um brinquedo? O imagin\u00e1rio est\u00e1 com fome. \u00c9 melhor n\u00e3o gastar energia com sonho.<br>Ser Crian\u00e7a \u00e9 uma beleza! N\u00e3o \u00e9 t\u00e3o f\u00e1cil quanto parece, vida de Crian\u00e7a, para a Crian\u00e7a, \u00e9 muito dura. E falamos de condi\u00e7\u00f5es normais. Ter que crescer e perder os privil\u00e9gios dos pequenininhos. Todos os dias buscar novas respostas sobre o mundo, todos os dias ter que cumprir o que adultos dizem que \u00e9 para o bem dela, sem que consiga alcan\u00e7ar esse \u201cbem\u201d. Por que estudar? Por que tomar banho? Por que comer cenoura e espinafre? Por que ir dormir quando ainda quer brincar mais? Por que cumprimentar outros adultos que mal conhece? Tudo isso, e muito mais, lhe \u00e9 repetido diariamente. Mas, somos obrigados a ouvir que m\u00e3es programam a cabe\u00e7a de seus filhos para que eles rejeitem o pai, s\u00f3 por vingancinha. Como ser\u00e1 que essas m\u00e3es conseguem implantar esse chip, se nem o que \u00e9 repetido diuturnamente \u00e9 decorado? Qual seria essa m\u00e1gica? \u00c9 a tal da \u201cimplanta\u00e7\u00e3o de falsas mem\u00f3rias\u201d, propagada como tendo pesquisas \u201ccomprobat\u00f3rias\u201d, o que n\u00e3o consta, cientificamente. Nesse ponto ca\u00edmos naquela equa\u00e7\u00e3o: pseudoci\u00eancia\/Ci\u00eancia, mentira\/verdade.<\/p>\n\n\n\n<figure class=\"wp-block-image size-large is-style-default\"><img loading=\"lazy\" decoding=\"async\" width=\"1000\" height=\"560\" src=\"https:\/\/jornalfatosenoticias.com.br\/wp-content\/uploads\/2021\/10\/ORFAOS-DA-PANDEMIA_IENCARELLI.jpg\" alt=\"\" class=\"wp-image-23871\" srcset=\"https:\/\/jornalfatosenoticias.com.br\/wp-content\/uploads\/2021\/10\/ORFAOS-DA-PANDEMIA_IENCARELLI.jpg 1000w, https:\/\/jornalfatosenoticias.com.br\/wp-content\/uploads\/2021\/10\/ORFAOS-DA-PANDEMIA_IENCARELLI-300x168.jpg 300w, https:\/\/jornalfatosenoticias.com.br\/wp-content\/uploads\/2021\/10\/ORFAOS-DA-PANDEMIA_IENCARELLI-768x430.jpg 768w\" sizes=\"auto, (max-width: 1000px) 100vw, 1000px\" \/><figcaption><em><span class=\"has-inline-color has-black-color\">(Ilustra\u00e7\u00e3o: Brunna Mancuso\/CNN Brasil)<\/span><\/em><\/figcaption><\/figure>\n\n\n\n<p>O Estatuto da Crian\u00e7a e do Adolescente, ECA, reza em seus Artigos 3\u00ba, 4\u00ba, 5\u00ba, e 7\u00ba, todos entre muitos outros, pelos Direitos Fundamentais, pela Prote\u00e7\u00e3o Integral da Crian\u00e7a. E, enquanto indiv\u00edduo em forma\u00e7\u00e3o, portanto, vulner\u00e1vel, \u00e9 <strong>dever de TODOS<\/strong> proporcionar as condi\u00e7\u00f5es que proporcionem seu pleno desenvolvimento.<br>E, a nossa Carta Magna nos determina: \u201cArt. 227. \u00c9 dever da fam\u00edlia, da sociedade e do Estado assegurar \u00e0 Crian\u00e7a e ao Adolescente, com absoluta prioridade, o direito \u00e0 vida, \u00e0 sa\u00fade, \u00e0 alimenta\u00e7\u00e3o, \u00e0 educa\u00e7\u00e3o, ao lazer, \u00e0 profissionaliza\u00e7\u00e3o, \u00e0 cultura, \u00e0 dignidade, ao respeito, \u00e0 liberdade e ao conv\u00edvio familiar e comunit\u00e1ria, al\u00e9m de coloc\u00e1-la a salvo de toda forma de neglig\u00eancia, discrimina\u00e7\u00e3o, explora\u00e7\u00e3o, viol\u00eancia, crueldade e opress\u00e3o\u201d. Mas, os 130 mil \u00f3rf\u00e3os da covid-19 me maltratam. Quem vai garantir os Direitos Fundamentais dessas Crian\u00e7as e Adolescentes? Vale ressaltar que os pais s\u00e3o os mantenedores de seus filhos. Na aus\u00eancia deles, h\u00e1 que se garantir, minimamente, a sobreviv\u00eancia b\u00e1sica. N\u00e3o vi nenhum pequeno tra\u00e7o de <strong>RESPONSABILIDADE DEVIDA<\/strong> para com esses \u00f3rf\u00e3os. Nada. Diria mesmo que essa \u00e9 mais uma forma de viol\u00eancia transparente, avassaladora em suas sequelas irrevers\u00edveis.<\/p>\n\n\n\n<figure class=\"wp-block-image size-large is-style-default\"><img loading=\"lazy\" decoding=\"async\" width=\"1000\" height=\"562\" src=\"https:\/\/jornalfatosenoticias.com.br\/wp-content\/uploads\/2021\/10\/ORFAOS-DA-PANDEMIA3_IENCARELLI.jpg\" alt=\"\" class=\"wp-image-23872\" srcset=\"https:\/\/jornalfatosenoticias.com.br\/wp-content\/uploads\/2021\/10\/ORFAOS-DA-PANDEMIA3_IENCARELLI.jpg 1000w, https:\/\/jornalfatosenoticias.com.br\/wp-content\/uploads\/2021\/10\/ORFAOS-DA-PANDEMIA3_IENCARELLI-300x169.jpg 300w, https:\/\/jornalfatosenoticias.com.br\/wp-content\/uploads\/2021\/10\/ORFAOS-DA-PANDEMIA3_IENCARELLI-768x432.jpg 768w\" sizes=\"auto, (max-width: 1000px) 100vw, 1000px\" \/><figcaption><em><span class=\"has-inline-color has-black-color\">(Ilustra\u00e7\u00e3o: Brunna Mancuso\/CNN Brasil)<\/span><\/em><\/figcaption><\/figure>\n\n\n\n<p>Quem conhece uma Crian\u00e7a que perde o pai ou a m\u00e3e para a morte, sabe do que est\u00e1 sendo tratado aqui. Ter a vida do pai interrompida quando ainda se \u00e9 Crian\u00e7a \u00e9 muito doloroso. Ter a m\u00e3e subtra\u00edda quando se tem poucos anos, \u00e9 o desamparo absoluto. Muitas entre essas Crian\u00e7as tiveram pai e m\u00e3e retirados abruptamente por um v\u00edrus invis\u00edvel. Para a Crian\u00e7a, que ainda nem acedeu \u00e0 no\u00e7\u00e3o de morte de maneira completa, esta \u00e9 a viv\u00eancia da amputa\u00e7\u00e3o de um ou mais membros. Uma mutila\u00e7\u00e3o irrepar\u00e1vel que marca com uma sombra sempre \u00e0 espreita.<br>Onde est\u00e1 o Estado? Onde est\u00e1 a nossa reponsabilidade? O que podemos fazer? S\u00e3o mais de 130 mil Crian\u00e7as e Adolescentes.<br>Na pr\u00f3xima semana daremos continuidade \u00e0s reflex\u00f5es sobre a Injusti\u00e7a e a Ecolalia. Mais um jovem est\u00e1 preso h\u00e1 11 dias sob acusa\u00e7\u00e3o de ser filho de um traficante que j\u00e1 est\u00e1 preso. O \u201cponto\u201d \u00e9 que o pai do jovem, m\u00fasico de uma Igreja e funcion\u00e1rio com trabalho regular, tem o mesmo nome do traficante que \u00e9 pai de outro jovem. N\u00e3o foi olhado o n\u00ba de CPF, nem a filia\u00e7\u00e3o do pai, os av\u00f3s do garoto que tem 21 anos, que est\u00e1 esperando o final do feriad\u00e3o para que seja apreciado seu pedido de Habeas Corpus.<br>Estamos mesmo cumprindo nossas leis? E que leis s\u00e3o feitas para serem obedecidas? Como explicar para as Crian\u00e7as e Adolescentes que a Justi\u00e7a \u00e9 para todos?<br>Mesmo assim, h\u00e1 justos na Justi\u00e7a.<\/p>\n\n\n\n<figure class=\"wp-block-image size-large is-style-default\"><img loading=\"lazy\" decoding=\"async\" width=\"1000\" height=\"562\" src=\"https:\/\/jornalfatosenoticias.com.br\/wp-content\/uploads\/2021\/10\/ORFAOS-DA-PANDEMIA4_IENCARELLI.jpg\" alt=\"\" class=\"wp-image-23873\" srcset=\"https:\/\/jornalfatosenoticias.com.br\/wp-content\/uploads\/2021\/10\/ORFAOS-DA-PANDEMIA4_IENCARELLI.jpg 1000w, https:\/\/jornalfatosenoticias.com.br\/wp-content\/uploads\/2021\/10\/ORFAOS-DA-PANDEMIA4_IENCARELLI-300x169.jpg 300w, https:\/\/jornalfatosenoticias.com.br\/wp-content\/uploads\/2021\/10\/ORFAOS-DA-PANDEMIA4_IENCARELLI-768x432.jpg 768w\" sizes=\"auto, (max-width: 1000px) 100vw, 1000px\" \/><figcaption><em><span class=\"has-inline-color has-black-color\">(Ilustra\u00e7\u00e3o: Brunna Mancuso\/CNN Brasil)<\/span><\/em><\/figcaption><\/figure>\n","protected":false},"excerpt":{"rendered":"<p>Quem conhece uma Crian\u00e7a que perde o pai ou a m\u00e3e para a morte, sabe do que est\u00e1 sendo tratado aqui. Ter a vida do pai interrompida quando ainda se \u00e9 Crian\u00e7a \u00e9 muito doloroso Mas, e as mais de 130 mil crian\u00e7as \u00f3rf\u00e3s da covid-19? Precoce orfandade. Ser\u00e1 que s\u00e3o mesmo 130 mil? Mais? [&hellip;]<\/p>\n","protected":false},"author":8,"featured_media":23874,"comment_status":"open","ping_status":"open","sticky":false,"template":"","format":"standard","meta":{"footnotes":""},"categories":[2522],"tags":[2811,273,670,1345,11561,330],"class_list":["post-23870","post","type-post","status-publish","format-standard","has-post-thumbnail","hentry","category-comportamento","tag-adolescentes","tag-covid-19","tag-criancas","tag-justica","tag-orfaos","tag-pandemia"],"yoast_head":"<!-- This site is optimized with the Yoast SEO plugin v26.5 - https:\/\/yoast.com\/wordpress\/plugins\/seo\/ -->\n<title>Dia das Crian\u00e7as! E os 130 mil... - Jornal Fatos e Not\u00edcias<\/title>\n<meta name=\"robots\" content=\"index, follow, max-snippet:-1, max-image-preview:large, max-video-preview:-1\" \/>\n<link rel=\"canonical\" href=\"https:\/\/jornalfatosenoticias.com.br\/index.php\/2021\/10\/14\/dia-das-criancas-e-os-130-mil\/\" \/>\n<meta property=\"og:locale\" content=\"pt_BR\" \/>\n<meta property=\"og:type\" content=\"article\" \/>\n<meta property=\"og:title\" content=\"Dia das Crian\u00e7as! E os 130 mil... - Jornal Fatos e Not\u00edcias\" \/>\n<meta property=\"og:description\" content=\"Quem conhece uma Crian\u00e7a que perde o pai ou a m\u00e3e para a morte, sabe do que est\u00e1 sendo tratado aqui. Ter a vida do pai interrompida quando ainda se \u00e9 Crian\u00e7a \u00e9 muito doloroso Mas, e as mais de 130 mil crian\u00e7as \u00f3rf\u00e3s da covid-19? Precoce orfandade. Ser\u00e1 que s\u00e3o mesmo 130 mil? Mais? [&hellip;]\" \/>\n<meta property=\"og:url\" content=\"https:\/\/jornalfatosenoticias.com.br\/index.php\/2021\/10\/14\/dia-das-criancas-e-os-130-mil\/\" \/>\n<meta property=\"og:site_name\" content=\"Jornal Fatos e Not\u00edcias\" \/>\n<meta property=\"article:published_time\" content=\"2021-10-14T22:04:19+00:00\" \/>\n<meta property=\"article:modified_time\" content=\"2021-10-14T22:04:24+00:00\" \/>\n<meta property=\"og:image\" content=\"https:\/\/jornalfatosenoticias.com.br\/wp-content\/uploads\/2021\/10\/ORFAOS-DA-PANDEMIA2_IENCARELLI.jpg\" \/>\n\t<meta property=\"og:image:width\" content=\"1000\" \/>\n\t<meta property=\"og:image:height\" content=\"562\" \/>\n\t<meta property=\"og:image:type\" content=\"image\/jpeg\" \/>\n<meta name=\"author\" content=\"Ana Maria Iencarelli\" \/>\n<meta name=\"twitter:card\" content=\"summary_large_image\" \/>\n<meta name=\"twitter:label1\" content=\"Escrito por\" \/>\n\t<meta name=\"twitter:data1\" content=\"Ana Maria Iencarelli\" \/>\n\t<meta name=\"twitter:label2\" content=\"Est. tempo de leitura\" \/>\n\t<meta name=\"twitter:data2\" content=\"4 minutos\" \/>\n<script type=\"application\/ld+json\" class=\"yoast-schema-graph\">{\"@context\":\"https:\/\/schema.org\",\"@graph\":[{\"@type\":\"Article\",\"@id\":\"https:\/\/jornalfatosenoticias.com.br\/index.php\/2021\/10\/14\/dia-das-criancas-e-os-130-mil\/#article\",\"isPartOf\":{\"@id\":\"https:\/\/jornalfatosenoticias.com.br\/index.php\/2021\/10\/14\/dia-das-criancas-e-os-130-mil\/\"},\"author\":{\"name\":\"Ana Maria Iencarelli\",\"@id\":\"https:\/\/jornalfatosenoticias.com.br\/#\/schema\/person\/c33fcf5fb02d729d3fec92c6737a22d1\"},\"headline\":\"Dia das Crian\u00e7as! E os 130 mil&#8230;\",\"datePublished\":\"2021-10-14T22:04:19+00:00\",\"dateModified\":\"2021-10-14T22:04:24+00:00\",\"mainEntityOfPage\":{\"@id\":\"https:\/\/jornalfatosenoticias.com.br\/index.php\/2021\/10\/14\/dia-das-criancas-e-os-130-mil\/\"},\"wordCount\":863,\"commentCount\":0,\"publisher\":{\"@id\":\"https:\/\/jornalfatosenoticias.com.br\/#organization\"},\"image\":{\"@id\":\"https:\/\/jornalfatosenoticias.com.br\/index.php\/2021\/10\/14\/dia-das-criancas-e-os-130-mil\/#primaryimage\"},\"thumbnailUrl\":\"https:\/\/jornalfatosenoticias.com.br\/wp-content\/uploads\/2021\/10\/ORFAOS-DA-PANDEMIA2_IENCARELLI.jpg\",\"keywords\":[\"adolescentes\",\"covid-19\",\"crian\u00e7as\",\"justi\u00e7a\",\"\u00f3rf\u00e3os\",\"pandemia\"],\"articleSection\":[\"Comportamento &amp; Equil\u00edbrio\"],\"inLanguage\":\"pt-BR\",\"potentialAction\":[{\"@type\":\"CommentAction\",\"name\":\"Comment\",\"target\":[\"https:\/\/jornalfatosenoticias.com.br\/index.php\/2021\/10\/14\/dia-das-criancas-e-os-130-mil\/#respond\"]}]},{\"@type\":\"WebPage\",\"@id\":\"https:\/\/jornalfatosenoticias.com.br\/index.php\/2021\/10\/14\/dia-das-criancas-e-os-130-mil\/\",\"url\":\"https:\/\/jornalfatosenoticias.com.br\/index.php\/2021\/10\/14\/dia-das-criancas-e-os-130-mil\/\",\"name\":\"Dia das Crian\u00e7as! E os 130 mil... - Jornal Fatos e Not\u00edcias\",\"isPartOf\":{\"@id\":\"https:\/\/jornalfatosenoticias.com.br\/#website\"},\"primaryImageOfPage\":{\"@id\":\"https:\/\/jornalfatosenoticias.com.br\/index.php\/2021\/10\/14\/dia-das-criancas-e-os-130-mil\/#primaryimage\"},\"image\":{\"@id\":\"https:\/\/jornalfatosenoticias.com.br\/index.php\/2021\/10\/14\/dia-das-criancas-e-os-130-mil\/#primaryimage\"},\"thumbnailUrl\":\"https:\/\/jornalfatosenoticias.com.br\/wp-content\/uploads\/2021\/10\/ORFAOS-DA-PANDEMIA2_IENCARELLI.jpg\",\"datePublished\":\"2021-10-14T22:04:19+00:00\",\"dateModified\":\"2021-10-14T22:04:24+00:00\",\"breadcrumb\":{\"@id\":\"https:\/\/jornalfatosenoticias.com.br\/index.php\/2021\/10\/14\/dia-das-criancas-e-os-130-mil\/#breadcrumb\"},\"inLanguage\":\"pt-BR\",\"potentialAction\":[{\"@type\":\"ReadAction\",\"target\":[\"https:\/\/jornalfatosenoticias.com.br\/index.php\/2021\/10\/14\/dia-das-criancas-e-os-130-mil\/\"]}]},{\"@type\":\"ImageObject\",\"inLanguage\":\"pt-BR\",\"@id\":\"https:\/\/jornalfatosenoticias.com.br\/index.php\/2021\/10\/14\/dia-das-criancas-e-os-130-mil\/#primaryimage\",\"url\":\"https:\/\/jornalfatosenoticias.com.br\/wp-content\/uploads\/2021\/10\/ORFAOS-DA-PANDEMIA2_IENCARELLI.jpg\",\"contentUrl\":\"https:\/\/jornalfatosenoticias.com.br\/wp-content\/uploads\/2021\/10\/ORFAOS-DA-PANDEMIA2_IENCARELLI.jpg\",\"width\":1000,\"height\":562},{\"@type\":\"BreadcrumbList\",\"@id\":\"https:\/\/jornalfatosenoticias.com.br\/index.php\/2021\/10\/14\/dia-das-criancas-e-os-130-mil\/#breadcrumb\",\"itemListElement\":[{\"@type\":\"ListItem\",\"position\":1,\"name\":\"In\u00edcio\",\"item\":\"https:\/\/jornalfatosenoticias.com.br\/\"},{\"@type\":\"ListItem\",\"position\":2,\"name\":\"Dia das Crian\u00e7as! E os 130 mil&#8230;\"}]},{\"@type\":\"WebSite\",\"@id\":\"https:\/\/jornalfatosenoticias.com.br\/#website\",\"url\":\"https:\/\/jornalfatosenoticias.com.br\/\",\"name\":\"Jornal Fatos e Not\u00edcias\",\"description\":\"Not\u00edcias em geral\",\"publisher\":{\"@id\":\"https:\/\/jornalfatosenoticias.com.br\/#organization\"},\"potentialAction\":[{\"@type\":\"SearchAction\",\"target\":{\"@type\":\"EntryPoint\",\"urlTemplate\":\"https:\/\/jornalfatosenoticias.com.br\/?s={search_term_string}\"},\"query-input\":{\"@type\":\"PropertyValueSpecification\",\"valueRequired\":true,\"valueName\":\"search_term_string\"}}],\"inLanguage\":\"pt-BR\"},{\"@type\":\"Organization\",\"@id\":\"https:\/\/jornalfatosenoticias.com.br\/#organization\",\"name\":\"Jornal Fatos e Not\u00edcias\",\"url\":\"https:\/\/jornalfatosenoticias.com.br\/\",\"logo\":{\"@type\":\"ImageObject\",\"inLanguage\":\"pt-BR\",\"@id\":\"https:\/\/jornalfatosenoticias.com.br\/#\/schema\/logo\/image\/\",\"url\":\"https:\/\/jornalfatosenoticias.com.br\/wp-content\/uploads\/2020\/02\/logo120.png\",\"contentUrl\":\"https:\/\/jornalfatosenoticias.com.br\/wp-content\/uploads\/2020\/02\/logo120.png\",\"width\":1227,\"height\":120,\"caption\":\"Jornal Fatos e Not\u00edcias\"},\"image\":{\"@id\":\"https:\/\/jornalfatosenoticias.com.br\/#\/schema\/logo\/image\/\"}},{\"@type\":\"Person\",\"@id\":\"https:\/\/jornalfatosenoticias.com.br\/#\/schema\/person\/c33fcf5fb02d729d3fec92c6737a22d1\",\"name\":\"Ana Maria Iencarelli\",\"image\":{\"@type\":\"ImageObject\",\"inLanguage\":\"pt-BR\",\"@id\":\"https:\/\/jornalfatosenoticias.com.br\/#\/schema\/person\/image\/\",\"url\":\"https:\/\/jornalfatosenoticias.com.br\/wp-content\/uploads\/2020\/02\/Ana-Maria-Iencarelli-1-150x150.jpg\",\"contentUrl\":\"https:\/\/jornalfatosenoticias.com.br\/wp-content\/uploads\/2020\/02\/Ana-Maria-Iencarelli-1-150x150.jpg\",\"caption\":\"Ana Maria Iencarelli\"},\"description\":\"Psicanalista Cl\u00ednica, especializada no atendimento a Crian\u00e7as e Adolescentes. Presidente da ONG Vozes de Anjos.\",\"url\":\"https:\/\/jornalfatosenoticias.com.br\/index.php\/author\/anamaria\/\"}]}<\/script>\n<!-- \/ Yoast SEO plugin. -->","yoast_head_json":{"title":"Dia das Crian\u00e7as! E os 130 mil... - Jornal Fatos e Not\u00edcias","robots":{"index":"index","follow":"follow","max-snippet":"max-snippet:-1","max-image-preview":"max-image-preview:large","max-video-preview":"max-video-preview:-1"},"canonical":"https:\/\/jornalfatosenoticias.com.br\/index.php\/2021\/10\/14\/dia-das-criancas-e-os-130-mil\/","og_locale":"pt_BR","og_type":"article","og_title":"Dia das Crian\u00e7as! E os 130 mil... - Jornal Fatos e Not\u00edcias","og_description":"Quem conhece uma Crian\u00e7a que perde o pai ou a m\u00e3e para a morte, sabe do que est\u00e1 sendo tratado aqui. Ter a vida do pai interrompida quando ainda se \u00e9 Crian\u00e7a \u00e9 muito doloroso Mas, e as mais de 130 mil crian\u00e7as \u00f3rf\u00e3s da covid-19? Precoce orfandade. Ser\u00e1 que s\u00e3o mesmo 130 mil? Mais? [&hellip;]","og_url":"https:\/\/jornalfatosenoticias.com.br\/index.php\/2021\/10\/14\/dia-das-criancas-e-os-130-mil\/","og_site_name":"Jornal Fatos e Not\u00edcias","article_published_time":"2021-10-14T22:04:19+00:00","article_modified_time":"2021-10-14T22:04:24+00:00","og_image":[{"width":1000,"height":562,"url":"https:\/\/jornalfatosenoticias.com.br\/wp-content\/uploads\/2021\/10\/ORFAOS-DA-PANDEMIA2_IENCARELLI.jpg","type":"image\/jpeg"}],"author":"Ana Maria Iencarelli","twitter_card":"summary_large_image","twitter_misc":{"Escrito por":"Ana Maria Iencarelli","Est. tempo de leitura":"4 minutos"},"schema":{"@context":"https:\/\/schema.org","@graph":[{"@type":"Article","@id":"https:\/\/jornalfatosenoticias.com.br\/index.php\/2021\/10\/14\/dia-das-criancas-e-os-130-mil\/#article","isPartOf":{"@id":"https:\/\/jornalfatosenoticias.com.br\/index.php\/2021\/10\/14\/dia-das-criancas-e-os-130-mil\/"},"author":{"name":"Ana Maria Iencarelli","@id":"https:\/\/jornalfatosenoticias.com.br\/#\/schema\/person\/c33fcf5fb02d729d3fec92c6737a22d1"},"headline":"Dia das Crian\u00e7as! E os 130 mil&#8230;","datePublished":"2021-10-14T22:04:19+00:00","dateModified":"2021-10-14T22:04:24+00:00","mainEntityOfPage":{"@id":"https:\/\/jornalfatosenoticias.com.br\/index.php\/2021\/10\/14\/dia-das-criancas-e-os-130-mil\/"},"wordCount":863,"commentCount":0,"publisher":{"@id":"https:\/\/jornalfatosenoticias.com.br\/#organization"},"image":{"@id":"https:\/\/jornalfatosenoticias.com.br\/index.php\/2021\/10\/14\/dia-das-criancas-e-os-130-mil\/#primaryimage"},"thumbnailUrl":"https:\/\/jornalfatosenoticias.com.br\/wp-content\/uploads\/2021\/10\/ORFAOS-DA-PANDEMIA2_IENCARELLI.jpg","keywords":["adolescentes","covid-19","crian\u00e7as","justi\u00e7a","\u00f3rf\u00e3os","pandemia"],"articleSection":["Comportamento &amp; Equil\u00edbrio"],"inLanguage":"pt-BR","potentialAction":[{"@type":"CommentAction","name":"Comment","target":["https:\/\/jornalfatosenoticias.com.br\/index.php\/2021\/10\/14\/dia-das-criancas-e-os-130-mil\/#respond"]}]},{"@type":"WebPage","@id":"https:\/\/jornalfatosenoticias.com.br\/index.php\/2021\/10\/14\/dia-das-criancas-e-os-130-mil\/","url":"https:\/\/jornalfatosenoticias.com.br\/index.php\/2021\/10\/14\/dia-das-criancas-e-os-130-mil\/","name":"Dia das Crian\u00e7as! E os 130 mil... - Jornal Fatos e Not\u00edcias","isPartOf":{"@id":"https:\/\/jornalfatosenoticias.com.br\/#website"},"primaryImageOfPage":{"@id":"https:\/\/jornalfatosenoticias.com.br\/index.php\/2021\/10\/14\/dia-das-criancas-e-os-130-mil\/#primaryimage"},"image":{"@id":"https:\/\/jornalfatosenoticias.com.br\/index.php\/2021\/10\/14\/dia-das-criancas-e-os-130-mil\/#primaryimage"},"thumbnailUrl":"https:\/\/jornalfatosenoticias.com.br\/wp-content\/uploads\/2021\/10\/ORFAOS-DA-PANDEMIA2_IENCARELLI.jpg","datePublished":"2021-10-14T22:04:19+00:00","dateModified":"2021-10-14T22:04:24+00:00","breadcrumb":{"@id":"https:\/\/jornalfatosenoticias.com.br\/index.php\/2021\/10\/14\/dia-das-criancas-e-os-130-mil\/#breadcrumb"},"inLanguage":"pt-BR","potentialAction":[{"@type":"ReadAction","target":["https:\/\/jornalfatosenoticias.com.br\/index.php\/2021\/10\/14\/dia-das-criancas-e-os-130-mil\/"]}]},{"@type":"ImageObject","inLanguage":"pt-BR","@id":"https:\/\/jornalfatosenoticias.com.br\/index.php\/2021\/10\/14\/dia-das-criancas-e-os-130-mil\/#primaryimage","url":"https:\/\/jornalfatosenoticias.com.br\/wp-content\/uploads\/2021\/10\/ORFAOS-DA-PANDEMIA2_IENCARELLI.jpg","contentUrl":"https:\/\/jornalfatosenoticias.com.br\/wp-content\/uploads\/2021\/10\/ORFAOS-DA-PANDEMIA2_IENCARELLI.jpg","width":1000,"height":562},{"@type":"BreadcrumbList","@id":"https:\/\/jornalfatosenoticias.com.br\/index.php\/2021\/10\/14\/dia-das-criancas-e-os-130-mil\/#breadcrumb","itemListElement":[{"@type":"ListItem","position":1,"name":"In\u00edcio","item":"https:\/\/jornalfatosenoticias.com.br\/"},{"@type":"ListItem","position":2,"name":"Dia das Crian\u00e7as! E os 130 mil&#8230;"}]},{"@type":"WebSite","@id":"https:\/\/jornalfatosenoticias.com.br\/#website","url":"https:\/\/jornalfatosenoticias.com.br\/","name":"Jornal Fatos e Not\u00edcias","description":"Not\u00edcias em geral","publisher":{"@id":"https:\/\/jornalfatosenoticias.com.br\/#organization"},"potentialAction":[{"@type":"SearchAction","target":{"@type":"EntryPoint","urlTemplate":"https:\/\/jornalfatosenoticias.com.br\/?s={search_term_string}"},"query-input":{"@type":"PropertyValueSpecification","valueRequired":true,"valueName":"search_term_string"}}],"inLanguage":"pt-BR"},{"@type":"Organization","@id":"https:\/\/jornalfatosenoticias.com.br\/#organization","name":"Jornal Fatos e Not\u00edcias","url":"https:\/\/jornalfatosenoticias.com.br\/","logo":{"@type":"ImageObject","inLanguage":"pt-BR","@id":"https:\/\/jornalfatosenoticias.com.br\/#\/schema\/logo\/image\/","url":"https:\/\/jornalfatosenoticias.com.br\/wp-content\/uploads\/2020\/02\/logo120.png","contentUrl":"https:\/\/jornalfatosenoticias.com.br\/wp-content\/uploads\/2020\/02\/logo120.png","width":1227,"height":120,"caption":"Jornal Fatos e Not\u00edcias"},"image":{"@id":"https:\/\/jornalfatosenoticias.com.br\/#\/schema\/logo\/image\/"}},{"@type":"Person","@id":"https:\/\/jornalfatosenoticias.com.br\/#\/schema\/person\/c33fcf5fb02d729d3fec92c6737a22d1","name":"Ana Maria Iencarelli","image":{"@type":"ImageObject","inLanguage":"pt-BR","@id":"https:\/\/jornalfatosenoticias.com.br\/#\/schema\/person\/image\/","url":"https:\/\/jornalfatosenoticias.com.br\/wp-content\/uploads\/2020\/02\/Ana-Maria-Iencarelli-1-150x150.jpg","contentUrl":"https:\/\/jornalfatosenoticias.com.br\/wp-content\/uploads\/2020\/02\/Ana-Maria-Iencarelli-1-150x150.jpg","caption":"Ana Maria Iencarelli"},"description":"Psicanalista Cl\u00ednica, especializada no atendimento a Crian\u00e7as e Adolescentes. Presidente da ONG Vozes de Anjos.","url":"https:\/\/jornalfatosenoticias.com.br\/index.php\/author\/anamaria\/"}]}},"cc_featured_image_caption":{"caption_text":"(Ilustra\u00e7\u00e3o: Brunna Mancuso\/CNN Brasil)","source_text":"","source_url":""},"jetpack_featured_media_url":"https:\/\/jornalfatosenoticias.com.br\/wp-content\/uploads\/2021\/10\/ORFAOS-DA-PANDEMIA2_IENCARELLI.jpg","_links":{"self":[{"href":"https:\/\/jornalfatosenoticias.com.br\/index.php\/wp-json\/wp\/v2\/posts\/23870","targetHints":{"allow":["GET"]}}],"collection":[{"href":"https:\/\/jornalfatosenoticias.com.br\/index.php\/wp-json\/wp\/v2\/posts"}],"about":[{"href":"https:\/\/jornalfatosenoticias.com.br\/index.php\/wp-json\/wp\/v2\/types\/post"}],"author":[{"embeddable":true,"href":"https:\/\/jornalfatosenoticias.com.br\/index.php\/wp-json\/wp\/v2\/users\/8"}],"replies":[{"embeddable":true,"href":"https:\/\/jornalfatosenoticias.com.br\/index.php\/wp-json\/wp\/v2\/comments?post=23870"}],"version-history":[{"count":0,"href":"https:\/\/jornalfatosenoticias.com.br\/index.php\/wp-json\/wp\/v2\/posts\/23870\/revisions"}],"wp:featuredmedia":[{"embeddable":true,"href":"https:\/\/jornalfatosenoticias.com.br\/index.php\/wp-json\/wp\/v2\/media\/23874"}],"wp:attachment":[{"href":"https:\/\/jornalfatosenoticias.com.br\/index.php\/wp-json\/wp\/v2\/media?parent=23870"}],"wp:term":[{"taxonomy":"category","embeddable":true,"href":"https:\/\/jornalfatosenoticias.com.br\/index.php\/wp-json\/wp\/v2\/categories?post=23870"},{"taxonomy":"post_tag","embeddable":true,"href":"https:\/\/jornalfatosenoticias.com.br\/index.php\/wp-json\/wp\/v2\/tags?post=23870"}],"curies":[{"name":"wp","href":"https:\/\/api.w.org\/{rel}","templated":true}]}}