{"id":23879,"date":"2021-10-14T19:17:04","date_gmt":"2021-10-14T22:17:04","guid":{"rendered":"https:\/\/jornalfatosenoticias.com.br\/?p=23879"},"modified":"2021-10-14T19:17:05","modified_gmt":"2021-10-14T22:17:05","slug":"legado-de-augusto-ruschi-ganha-livro-em-portugues-e-ingles","status":"publish","type":"post","link":"https:\/\/jornalfatosenoticias.com.br\/index.php\/2021\/10\/14\/legado-de-augusto-ruschi-ganha-livro-em-portugues-e-ingles\/","title":{"rendered":"Legado de Augusto Ruschi ganha livro em portugu\u00eas e ingl\u00eas"},"content":{"rendered":"\n<p><em><span class=\"has-inline-color has-black-color\">Livro \u201cRuschi: o guardi\u00e3o da floresta\u201d ser\u00e1 lan\u00e7ado em live, no canal da Secult no YouTube, no pr\u00f3ximo dia 19 de outubro<\/span><\/em><\/p>\n\n\n\n<p>No pr\u00f3ximo dia 19, \u00e0s 18h30, acontece o lan\u00e7amento do livro \u201cRuschi: o guardi\u00e3o da floresta\u201d, ao vivo, no canal da Secult no YouTube. Coordenado pelo editor Ant\u00f4nio de P\u00e1dua Gurgel, a publica\u00e7\u00e3o fala da vida do grande cientista Augusto Ruschi e, sobretudo, resgata a obra do pesquisador, que lhe valeu o t\u00edtulo de \u201cPatrono da ecologia no Brasil\u201d.<br>Professor da Universidade Federal do Rio de Janeiro (UFRJ) e pesquisador do Museu Nacional, Augusto Ruschi ficou mais conhecido como especialista em beija-flores, mas a atua\u00e7\u00e3o dele se estendeu por diversas \u00e1reas. Tamb\u00e9m contribuiu para a cura de in\u00fameras doen\u00e7as, para o combate a diversas pragas agr\u00edcolas e \u00e0 implanta\u00e7\u00e3o de esta\u00e7\u00f5es e reservas ecol\u00f3gicas, assim como parques e museus dedicados \u00e0 natureza.<br>O pesquisador foi um dos primeiros a denunciar o desmatamento na Amaz\u00f4nia e em outras regi\u00f5es do Brasil. Empreendeu 259 excurs\u00f5es cient\u00edficas em todo o mundo, anotando informa\u00e7\u00f5es e registrando tudo em fotografias.<br>Al\u00e9m do cuidado com que fazia o trabalho, Ruschi era movido por uma intensa paix\u00e3o pela defesa do meio ambiente, chegando a se armar com uma espingarda para defender uma \u00e1rea de preserva\u00e7\u00e3o onde se pretendia implantar uma f\u00e1brica de palmito. Devido a tudo isso, foi condecorado pela Rainha Elizabeth II.<br>O livro foi editado em portugu\u00eas e ingl\u00eas, com formato colorido e amplamente ilustrado. Viabilizado por meio da Lei Federal de Incentivo \u00e0 Cultura, o projeto foi apoiado pelo Grupo Autoglass, Biancogres e Secretaria da Cultura (Secult).<br>O jornalista Bartolomeu Boeno de Freitas escreveu o texto inicial do livro, que teve tamb\u00e9m a colabora\u00e7\u00e3o de Gabriel Ruschi, neto do biografado, e de Leonardo Mer\u00e7on, do Instituto \u00daltimos Ref\u00fagios.<\/p>\n\n\n\n<p>Mais informa\u00e7\u00f5es no site<a href=\"http:\/\/www.paduagurgel.com.br\/\">\u00a0www.paduagurgel.com.br<\/a>\u00a0ou diretamente com Ant\u00f4nio Gurgel, pelo e-mail\u00a0<a href=\"mailto:apaduagurgel@terra.com.br\">apaduagurgel@terra.com.br<\/a>.<\/p>\n\n\n\n<p><strong><em>Fonte: <a href=\"https:\/\/secult.es.gov.br\/Not%C3%ADcia\/legado-de-augusto-ruschi-ganha-livro-em-portugues-e-ingles\">Secult<\/a><\/em><\/strong><\/p>\n","protected":false},"excerpt":{"rendered":"<p>Livro \u201cRuschi: o guardi\u00e3o da floresta\u201d ser\u00e1 lan\u00e7ado em live, no canal da Secult no YouTube, no pr\u00f3ximo dia 19 de outubro No pr\u00f3ximo dia 19, \u00e0s 18h30, acontece o lan\u00e7amento do livro \u201cRuschi: o guardi\u00e3o da floresta\u201d, ao vivo, no canal da Secult no YouTube. Coordenado pelo editor Ant\u00f4nio de P\u00e1dua Gurgel, a publica\u00e7\u00e3o [&hellip;]<\/p>\n","protected":false},"author":2,"featured_media":23880,"comment_status":"open","ping_status":"open","sticky":false,"template":"","format":"standard","meta":{"footnotes":""},"categories":[4],"tags":[11565,2761,10858,11566,1217,11567],"class_list":["post-23879","post","type-post","status-publish","format-standard","has-post-thumbnail","hentry","category-cultura","tag-augusto-ruschi","tag-beija-flores","tag-cientista","tag-guardiao-da-floresta","tag-livro","tag-naturalista"],"yoast_head":"<!-- This site is optimized with the Yoast SEO plugin v26.5 - https:\/\/yoast.com\/wordpress\/plugins\/seo\/ -->\n<title>Legado de Augusto Ruschi ganha livro em portugu\u00eas e ingl\u00eas - Jornal Fatos e Not\u00edcias<\/title>\n<meta name=\"robots\" content=\"index, follow, max-snippet:-1, max-image-preview:large, max-video-preview:-1\" \/>\n<link rel=\"canonical\" href=\"https:\/\/jornalfatosenoticias.com.br\/index.php\/2021\/10\/14\/legado-de-augusto-ruschi-ganha-livro-em-portugues-e-ingles\/\" \/>\n<meta property=\"og:locale\" content=\"pt_BR\" \/>\n<meta property=\"og:type\" content=\"article\" \/>\n<meta property=\"og:title\" content=\"Legado de Augusto Ruschi ganha livro em portugu\u00eas e ingl\u00eas - Jornal Fatos e Not\u00edcias\" \/>\n<meta property=\"og:description\" content=\"Livro \u201cRuschi: o guardi\u00e3o da floresta\u201d ser\u00e1 lan\u00e7ado em live, no canal da Secult no YouTube, no pr\u00f3ximo dia 19 de outubro No pr\u00f3ximo dia 19, \u00e0s 18h30, acontece o lan\u00e7amento do livro \u201cRuschi: o guardi\u00e3o da floresta\u201d, ao vivo, no canal da Secult no YouTube. Coordenado pelo editor Ant\u00f4nio de P\u00e1dua Gurgel, a publica\u00e7\u00e3o [&hellip;]\" \/>\n<meta property=\"og:url\" content=\"https:\/\/jornalfatosenoticias.com.br\/index.php\/2021\/10\/14\/legado-de-augusto-ruschi-ganha-livro-em-portugues-e-ingles\/\" \/>\n<meta property=\"og:site_name\" content=\"Jornal Fatos e Not\u00edcias\" \/>\n<meta property=\"article:published_time\" content=\"2021-10-14T22:17:04+00:00\" \/>\n<meta property=\"article:modified_time\" content=\"2021-10-14T22:17:05+00:00\" \/>\n<meta property=\"og:image\" content=\"https:\/\/jornalfatosenoticias.com.br\/wp-content\/uploads\/2021\/10\/livro-Augusto-Ruschi.jpeg\" \/>\n\t<meta property=\"og:image:width\" content=\"960\" \/>\n\t<meta property=\"og:image:height\" content=\"476\" \/>\n\t<meta property=\"og:image:type\" content=\"image\/jpeg\" \/>\n<meta name=\"author\" content=\"Luzimara Fernandes\" \/>\n<meta name=\"twitter:card\" content=\"summary_large_image\" \/>\n<meta name=\"twitter:label1\" content=\"Escrito por\" \/>\n\t<meta name=\"twitter:data1\" content=\"Luzimara Fernandes\" \/>\n\t<meta name=\"twitter:label2\" content=\"Est. tempo de leitura\" \/>\n\t<meta name=\"twitter:data2\" content=\"2 minutos\" \/>\n<script type=\"application\/ld+json\" class=\"yoast-schema-graph\">{\"@context\":\"https:\/\/schema.org\",\"@graph\":[{\"@type\":\"Article\",\"@id\":\"https:\/\/jornalfatosenoticias.com.br\/index.php\/2021\/10\/14\/legado-de-augusto-ruschi-ganha-livro-em-portugues-e-ingles\/#article\",\"isPartOf\":{\"@id\":\"https:\/\/jornalfatosenoticias.com.br\/index.php\/2021\/10\/14\/legado-de-augusto-ruschi-ganha-livro-em-portugues-e-ingles\/\"},\"author\":{\"name\":\"Luzimara Fernandes\",\"@id\":\"https:\/\/jornalfatosenoticias.com.br\/#\/schema\/person\/d63837fa13ac8666eb9e74e0985d6f81\"},\"headline\":\"Legado de Augusto Ruschi ganha livro em portugu\u00eas e ingl\u00eas\",\"datePublished\":\"2021-10-14T22:17:04+00:00\",\"dateModified\":\"2021-10-14T22:17:05+00:00\",\"mainEntityOfPage\":{\"@id\":\"https:\/\/jornalfatosenoticias.com.br\/index.php\/2021\/10\/14\/legado-de-augusto-ruschi-ganha-livro-em-portugues-e-ingles\/\"},\"wordCount\":358,\"commentCount\":0,\"publisher\":{\"@id\":\"https:\/\/jornalfatosenoticias.com.br\/#organization\"},\"image\":{\"@id\":\"https:\/\/jornalfatosenoticias.com.br\/index.php\/2021\/10\/14\/legado-de-augusto-ruschi-ganha-livro-em-portugues-e-ingles\/#primaryimage\"},\"thumbnailUrl\":\"https:\/\/jornalfatosenoticias.com.br\/wp-content\/uploads\/2021\/10\/livro-Augusto-Ruschi.jpeg\",\"keywords\":[\"Augusto Ruschi\",\"Beija-flores\",\"cientista\",\"guardi\u00e3o da floresta\",\"livro\",\"naturalista\"],\"articleSection\":[\"Cultura\"],\"inLanguage\":\"pt-BR\",\"potentialAction\":[{\"@type\":\"CommentAction\",\"name\":\"Comment\",\"target\":[\"https:\/\/jornalfatosenoticias.com.br\/index.php\/2021\/10\/14\/legado-de-augusto-ruschi-ganha-livro-em-portugues-e-ingles\/#respond\"]}]},{\"@type\":\"WebPage\",\"@id\":\"https:\/\/jornalfatosenoticias.com.br\/index.php\/2021\/10\/14\/legado-de-augusto-ruschi-ganha-livro-em-portugues-e-ingles\/\",\"url\":\"https:\/\/jornalfatosenoticias.com.br\/index.php\/2021\/10\/14\/legado-de-augusto-ruschi-ganha-livro-em-portugues-e-ingles\/\",\"name\":\"Legado de Augusto Ruschi ganha livro em portugu\u00eas e ingl\u00eas - Jornal Fatos e Not\u00edcias\",\"isPartOf\":{\"@id\":\"https:\/\/jornalfatosenoticias.com.br\/#website\"},\"primaryImageOfPage\":{\"@id\":\"https:\/\/jornalfatosenoticias.com.br\/index.php\/2021\/10\/14\/legado-de-augusto-ruschi-ganha-livro-em-portugues-e-ingles\/#primaryimage\"},\"image\":{\"@id\":\"https:\/\/jornalfatosenoticias.com.br\/index.php\/2021\/10\/14\/legado-de-augusto-ruschi-ganha-livro-em-portugues-e-ingles\/#primaryimage\"},\"thumbnailUrl\":\"https:\/\/jornalfatosenoticias.com.br\/wp-content\/uploads\/2021\/10\/livro-Augusto-Ruschi.jpeg\",\"datePublished\":\"2021-10-14T22:17:04+00:00\",\"dateModified\":\"2021-10-14T22:17:05+00:00\",\"breadcrumb\":{\"@id\":\"https:\/\/jornalfatosenoticias.com.br\/index.php\/2021\/10\/14\/legado-de-augusto-ruschi-ganha-livro-em-portugues-e-ingles\/#breadcrumb\"},\"inLanguage\":\"pt-BR\",\"potentialAction\":[{\"@type\":\"ReadAction\",\"target\":[\"https:\/\/jornalfatosenoticias.com.br\/index.php\/2021\/10\/14\/legado-de-augusto-ruschi-ganha-livro-em-portugues-e-ingles\/\"]}]},{\"@type\":\"ImageObject\",\"inLanguage\":\"pt-BR\",\"@id\":\"https:\/\/jornalfatosenoticias.com.br\/index.php\/2021\/10\/14\/legado-de-augusto-ruschi-ganha-livro-em-portugues-e-ingles\/#primaryimage\",\"url\":\"https:\/\/jornalfatosenoticias.com.br\/wp-content\/uploads\/2021\/10\/livro-Augusto-Ruschi.jpeg\",\"contentUrl\":\"https:\/\/jornalfatosenoticias.com.br\/wp-content\/uploads\/2021\/10\/livro-Augusto-Ruschi.jpeg\",\"width\":960,\"height\":476},{\"@type\":\"BreadcrumbList\",\"@id\":\"https:\/\/jornalfatosenoticias.com.br\/index.php\/2021\/10\/14\/legado-de-augusto-ruschi-ganha-livro-em-portugues-e-ingles\/#breadcrumb\",\"itemListElement\":[{\"@type\":\"ListItem\",\"position\":1,\"name\":\"In\u00edcio\",\"item\":\"https:\/\/jornalfatosenoticias.com.br\/\"},{\"@type\":\"ListItem\",\"position\":2,\"name\":\"Legado de Augusto Ruschi ganha livro em portugu\u00eas e ingl\u00eas\"}]},{\"@type\":\"WebSite\",\"@id\":\"https:\/\/jornalfatosenoticias.com.br\/#website\",\"url\":\"https:\/\/jornalfatosenoticias.com.br\/\",\"name\":\"Jornal Fatos e Not\u00edcias\",\"description\":\"Not\u00edcias em geral\",\"publisher\":{\"@id\":\"https:\/\/jornalfatosenoticias.com.br\/#organization\"},\"potentialAction\":[{\"@type\":\"SearchAction\",\"target\":{\"@type\":\"EntryPoint\",\"urlTemplate\":\"https:\/\/jornalfatosenoticias.com.br\/?s={search_term_string}\"},\"query-input\":{\"@type\":\"PropertyValueSpecification\",\"valueRequired\":true,\"valueName\":\"search_term_string\"}}],\"inLanguage\":\"pt-BR\"},{\"@type\":\"Organization\",\"@id\":\"https:\/\/jornalfatosenoticias.com.br\/#organization\",\"name\":\"Jornal Fatos e Not\u00edcias\",\"url\":\"https:\/\/jornalfatosenoticias.com.br\/\",\"logo\":{\"@type\":\"ImageObject\",\"inLanguage\":\"pt-BR\",\"@id\":\"https:\/\/jornalfatosenoticias.com.br\/#\/schema\/logo\/image\/\",\"url\":\"https:\/\/jornalfatosenoticias.com.br\/wp-content\/uploads\/2020\/02\/logo120.png\",\"contentUrl\":\"https:\/\/jornalfatosenoticias.com.br\/wp-content\/uploads\/2020\/02\/logo120.png\",\"width\":1227,\"height\":120,\"caption\":\"Jornal Fatos e Not\u00edcias\"},\"image\":{\"@id\":\"https:\/\/jornalfatosenoticias.com.br\/#\/schema\/logo\/image\/\"}},{\"@type\":\"Person\",\"@id\":\"https:\/\/jornalfatosenoticias.com.br\/#\/schema\/person\/d63837fa13ac8666eb9e74e0985d6f81\",\"name\":\"Luzimara Fernandes\",\"image\":{\"@type\":\"ImageObject\",\"inLanguage\":\"pt-BR\",\"@id\":\"https:\/\/jornalfatosenoticias.com.br\/#\/schema\/person\/image\/\",\"url\":\"https:\/\/jornalfatosenoticias.com.br\/wp-content\/uploads\/2025\/05\/EU_portal.jpg\",\"contentUrl\":\"https:\/\/jornalfatosenoticias.com.br\/wp-content\/uploads\/2025\/05\/EU_portal.jpg\",\"caption\":\"Luzimara Fernandes\"},\"description\":\"Jornalista MTB 2358-ES\",\"sameAs\":[\"https:\/\/jornalfatosenoticias.com.br\"],\"url\":\"https:\/\/jornalfatosenoticias.com.br\/index.php\/author\/luzimara\/\"}]}<\/script>\n<!-- \/ Yoast SEO plugin. -->","yoast_head_json":{"title":"Legado de Augusto Ruschi ganha livro em portugu\u00eas e ingl\u00eas - Jornal Fatos e Not\u00edcias","robots":{"index":"index","follow":"follow","max-snippet":"max-snippet:-1","max-image-preview":"max-image-preview:large","max-video-preview":"max-video-preview:-1"},"canonical":"https:\/\/jornalfatosenoticias.com.br\/index.php\/2021\/10\/14\/legado-de-augusto-ruschi-ganha-livro-em-portugues-e-ingles\/","og_locale":"pt_BR","og_type":"article","og_title":"Legado de Augusto Ruschi ganha livro em portugu\u00eas e ingl\u00eas - Jornal Fatos e Not\u00edcias","og_description":"Livro \u201cRuschi: o guardi\u00e3o da floresta\u201d ser\u00e1 lan\u00e7ado em live, no canal da Secult no YouTube, no pr\u00f3ximo dia 19 de outubro No pr\u00f3ximo dia 19, \u00e0s 18h30, acontece o lan\u00e7amento do livro \u201cRuschi: o guardi\u00e3o da floresta\u201d, ao vivo, no canal da Secult no YouTube. Coordenado pelo editor Ant\u00f4nio de P\u00e1dua Gurgel, a publica\u00e7\u00e3o [&hellip;]","og_url":"https:\/\/jornalfatosenoticias.com.br\/index.php\/2021\/10\/14\/legado-de-augusto-ruschi-ganha-livro-em-portugues-e-ingles\/","og_site_name":"Jornal Fatos e Not\u00edcias","article_published_time":"2021-10-14T22:17:04+00:00","article_modified_time":"2021-10-14T22:17:05+00:00","og_image":[{"width":960,"height":476,"url":"https:\/\/jornalfatosenoticias.com.br\/wp-content\/uploads\/2021\/10\/livro-Augusto-Ruschi.jpeg","type":"image\/jpeg"}],"author":"Luzimara Fernandes","twitter_card":"summary_large_image","twitter_misc":{"Escrito por":"Luzimara Fernandes","Est. tempo de leitura":"2 minutos"},"schema":{"@context":"https:\/\/schema.org","@graph":[{"@type":"Article","@id":"https:\/\/jornalfatosenoticias.com.br\/index.php\/2021\/10\/14\/legado-de-augusto-ruschi-ganha-livro-em-portugues-e-ingles\/#article","isPartOf":{"@id":"https:\/\/jornalfatosenoticias.com.br\/index.php\/2021\/10\/14\/legado-de-augusto-ruschi-ganha-livro-em-portugues-e-ingles\/"},"author":{"name":"Luzimara Fernandes","@id":"https:\/\/jornalfatosenoticias.com.br\/#\/schema\/person\/d63837fa13ac8666eb9e74e0985d6f81"},"headline":"Legado de Augusto Ruschi ganha livro em portugu\u00eas e ingl\u00eas","datePublished":"2021-10-14T22:17:04+00:00","dateModified":"2021-10-14T22:17:05+00:00","mainEntityOfPage":{"@id":"https:\/\/jornalfatosenoticias.com.br\/index.php\/2021\/10\/14\/legado-de-augusto-ruschi-ganha-livro-em-portugues-e-ingles\/"},"wordCount":358,"commentCount":0,"publisher":{"@id":"https:\/\/jornalfatosenoticias.com.br\/#organization"},"image":{"@id":"https:\/\/jornalfatosenoticias.com.br\/index.php\/2021\/10\/14\/legado-de-augusto-ruschi-ganha-livro-em-portugues-e-ingles\/#primaryimage"},"thumbnailUrl":"https:\/\/jornalfatosenoticias.com.br\/wp-content\/uploads\/2021\/10\/livro-Augusto-Ruschi.jpeg","keywords":["Augusto Ruschi","Beija-flores","cientista","guardi\u00e3o da floresta","livro","naturalista"],"articleSection":["Cultura"],"inLanguage":"pt-BR","potentialAction":[{"@type":"CommentAction","name":"Comment","target":["https:\/\/jornalfatosenoticias.com.br\/index.php\/2021\/10\/14\/legado-de-augusto-ruschi-ganha-livro-em-portugues-e-ingles\/#respond"]}]},{"@type":"WebPage","@id":"https:\/\/jornalfatosenoticias.com.br\/index.php\/2021\/10\/14\/legado-de-augusto-ruschi-ganha-livro-em-portugues-e-ingles\/","url":"https:\/\/jornalfatosenoticias.com.br\/index.php\/2021\/10\/14\/legado-de-augusto-ruschi-ganha-livro-em-portugues-e-ingles\/","name":"Legado de Augusto Ruschi ganha livro em portugu\u00eas e ingl\u00eas - Jornal Fatos e Not\u00edcias","isPartOf":{"@id":"https:\/\/jornalfatosenoticias.com.br\/#website"},"primaryImageOfPage":{"@id":"https:\/\/jornalfatosenoticias.com.br\/index.php\/2021\/10\/14\/legado-de-augusto-ruschi-ganha-livro-em-portugues-e-ingles\/#primaryimage"},"image":{"@id":"https:\/\/jornalfatosenoticias.com.br\/index.php\/2021\/10\/14\/legado-de-augusto-ruschi-ganha-livro-em-portugues-e-ingles\/#primaryimage"},"thumbnailUrl":"https:\/\/jornalfatosenoticias.com.br\/wp-content\/uploads\/2021\/10\/livro-Augusto-Ruschi.jpeg","datePublished":"2021-10-14T22:17:04+00:00","dateModified":"2021-10-14T22:17:05+00:00","breadcrumb":{"@id":"https:\/\/jornalfatosenoticias.com.br\/index.php\/2021\/10\/14\/legado-de-augusto-ruschi-ganha-livro-em-portugues-e-ingles\/#breadcrumb"},"inLanguage":"pt-BR","potentialAction":[{"@type":"ReadAction","target":["https:\/\/jornalfatosenoticias.com.br\/index.php\/2021\/10\/14\/legado-de-augusto-ruschi-ganha-livro-em-portugues-e-ingles\/"]}]},{"@type":"ImageObject","inLanguage":"pt-BR","@id":"https:\/\/jornalfatosenoticias.com.br\/index.php\/2021\/10\/14\/legado-de-augusto-ruschi-ganha-livro-em-portugues-e-ingles\/#primaryimage","url":"https:\/\/jornalfatosenoticias.com.br\/wp-content\/uploads\/2021\/10\/livro-Augusto-Ruschi.jpeg","contentUrl":"https:\/\/jornalfatosenoticias.com.br\/wp-content\/uploads\/2021\/10\/livro-Augusto-Ruschi.jpeg","width":960,"height":476},{"@type":"BreadcrumbList","@id":"https:\/\/jornalfatosenoticias.com.br\/index.php\/2021\/10\/14\/legado-de-augusto-ruschi-ganha-livro-em-portugues-e-ingles\/#breadcrumb","itemListElement":[{"@type":"ListItem","position":1,"name":"In\u00edcio","item":"https:\/\/jornalfatosenoticias.com.br\/"},{"@type":"ListItem","position":2,"name":"Legado de Augusto Ruschi ganha livro em portugu\u00eas e ingl\u00eas"}]},{"@type":"WebSite","@id":"https:\/\/jornalfatosenoticias.com.br\/#website","url":"https:\/\/jornalfatosenoticias.com.br\/","name":"Jornal Fatos e Not\u00edcias","description":"Not\u00edcias em geral","publisher":{"@id":"https:\/\/jornalfatosenoticias.com.br\/#organization"},"potentialAction":[{"@type":"SearchAction","target":{"@type":"EntryPoint","urlTemplate":"https:\/\/jornalfatosenoticias.com.br\/?s={search_term_string}"},"query-input":{"@type":"PropertyValueSpecification","valueRequired":true,"valueName":"search_term_string"}}],"inLanguage":"pt-BR"},{"@type":"Organization","@id":"https:\/\/jornalfatosenoticias.com.br\/#organization","name":"Jornal Fatos e Not\u00edcias","url":"https:\/\/jornalfatosenoticias.com.br\/","logo":{"@type":"ImageObject","inLanguage":"pt-BR","@id":"https:\/\/jornalfatosenoticias.com.br\/#\/schema\/logo\/image\/","url":"https:\/\/jornalfatosenoticias.com.br\/wp-content\/uploads\/2020\/02\/logo120.png","contentUrl":"https:\/\/jornalfatosenoticias.com.br\/wp-content\/uploads\/2020\/02\/logo120.png","width":1227,"height":120,"caption":"Jornal Fatos e Not\u00edcias"},"image":{"@id":"https:\/\/jornalfatosenoticias.com.br\/#\/schema\/logo\/image\/"}},{"@type":"Person","@id":"https:\/\/jornalfatosenoticias.com.br\/#\/schema\/person\/d63837fa13ac8666eb9e74e0985d6f81","name":"Luzimara Fernandes","image":{"@type":"ImageObject","inLanguage":"pt-BR","@id":"https:\/\/jornalfatosenoticias.com.br\/#\/schema\/person\/image\/","url":"https:\/\/jornalfatosenoticias.com.br\/wp-content\/uploads\/2025\/05\/EU_portal.jpg","contentUrl":"https:\/\/jornalfatosenoticias.com.br\/wp-content\/uploads\/2025\/05\/EU_portal.jpg","caption":"Luzimara Fernandes"},"description":"Jornalista MTB 2358-ES","sameAs":["https:\/\/jornalfatosenoticias.com.br"],"url":"https:\/\/jornalfatosenoticias.com.br\/index.php\/author\/luzimara\/"}]}},"cc_featured_image_caption":{"caption_text":"(Foto: Ascom Secult) ","source_text":"","source_url":""},"jetpack_featured_media_url":"https:\/\/jornalfatosenoticias.com.br\/wp-content\/uploads\/2021\/10\/livro-Augusto-Ruschi.jpeg","_links":{"self":[{"href":"https:\/\/jornalfatosenoticias.com.br\/index.php\/wp-json\/wp\/v2\/posts\/23879","targetHints":{"allow":["GET"]}}],"collection":[{"href":"https:\/\/jornalfatosenoticias.com.br\/index.php\/wp-json\/wp\/v2\/posts"}],"about":[{"href":"https:\/\/jornalfatosenoticias.com.br\/index.php\/wp-json\/wp\/v2\/types\/post"}],"author":[{"embeddable":true,"href":"https:\/\/jornalfatosenoticias.com.br\/index.php\/wp-json\/wp\/v2\/users\/2"}],"replies":[{"embeddable":true,"href":"https:\/\/jornalfatosenoticias.com.br\/index.php\/wp-json\/wp\/v2\/comments?post=23879"}],"version-history":[{"count":0,"href":"https:\/\/jornalfatosenoticias.com.br\/index.php\/wp-json\/wp\/v2\/posts\/23879\/revisions"}],"wp:featuredmedia":[{"embeddable":true,"href":"https:\/\/jornalfatosenoticias.com.br\/index.php\/wp-json\/wp\/v2\/media\/23880"}],"wp:attachment":[{"href":"https:\/\/jornalfatosenoticias.com.br\/index.php\/wp-json\/wp\/v2\/media?parent=23879"}],"wp:term":[{"taxonomy":"category","embeddable":true,"href":"https:\/\/jornalfatosenoticias.com.br\/index.php\/wp-json\/wp\/v2\/categories?post=23879"},{"taxonomy":"post_tag","embeddable":true,"href":"https:\/\/jornalfatosenoticias.com.br\/index.php\/wp-json\/wp\/v2\/tags?post=23879"}],"curies":[{"name":"wp","href":"https:\/\/api.w.org\/{rel}","templated":true}]}}