{"id":23908,"date":"2021-10-14T20:21:13","date_gmt":"2021-10-14T23:21:13","guid":{"rendered":"https:\/\/jornalfatosenoticias.com.br\/?p=23908"},"modified":"2021-10-14T20:21:17","modified_gmt":"2021-10-14T23:21:17","slug":"diagnostico-da-dislexia-nao-pode-ser-confundido-com-falta-de-ensino-diz-especialista","status":"publish","type":"post","link":"https:\/\/jornalfatosenoticias.com.br\/index.php\/2021\/10\/14\/diagnostico-da-dislexia-nao-pode-ser-confundido-com-falta-de-ensino-diz-especialista\/","title":{"rendered":"Diagn\u00f3stico da dislexia n\u00e3o pode ser confundido com falta de ensino, diz especialista"},"content":{"rendered":"\n<p>Na \u00faltima semana, diversas institui\u00e7\u00f5es realizaram eventos para discutir sobre os <strong>Transtornos Espec\u00edficos da Aprendizagem\u00a0<\/strong>(<strong>TEAp<\/strong>). Principalmente da\u00a0<a href=\"https:\/\/tudo-sobre.estadao.com.br\/dislexia\" target=\"_blank\" rel=\"noreferrer noopener\"><strong>dislexia<\/strong><\/a>. Esse tipo de TEAp inquieta educadores, uma vez que, para eles, o diagn\u00f3stico n\u00e3o pode ser confundido com a falta de oportunidade que a crian\u00e7a ou adolescente tem de aprender. Por isso, \u00e9 preciso aten\u00e7\u00e3o, principalmente na\u00a0<a href=\"https:\/\/tudo-sobre.estadao.com.br\/ensino-publico\" target=\"_blank\" rel=\"noreferrer noopener\"><strong>rede p\u00fablica<\/strong><\/a>, em como as desigualdades afetam a aprendizagem de infantis em\u00a0<a href=\"https:\/\/tudo-sobre.estadao.com.br\/desigualdade-social\" target=\"_blank\" rel=\"noreferrer noopener\"><strong>situa\u00e7\u00e3o de vulnerabilidade<\/strong><\/a>.<br>O alerta da educadora Anna Helena Altenfelder, presidente do conselho do Cenpec, recai sobre a complexidade e a delicadeza da dispensa excessiva desses laudos. Al\u00e9m dos problemas do alunado, falta estrutura na <a href=\"https:\/\/tudo-sobre.estadao.com.br\/escola\" target=\"_blank\" rel=\"noreferrer noopener\"><strong>escola<\/strong><\/a>, forma\u00e7\u00e3o de\u00a0<a href=\"https:\/\/tudo-sobre.estadao.com.br\/professor\" target=\"_blank\" rel=\"noreferrer noopener\"><strong>professores<\/strong><\/a> e uma rede de apoio para o trabalho pedag\u00f3gico em sala de aula em muitas cidades e estados para maior efici\u00eancia na identifica\u00e7\u00e3o dessas fragilidades.<br>No \u00faltimo dia 3, uma reportagem de o <strong>Estad\u00e3o\u00a0<\/strong>mostrou que\u00a0<a href=\"https:\/\/educacao.estadao.com.br\/noticias\/geral,transtorno-de-aprendizagem-familias-pagam-caro-e-ate-viajam-em-busca-de-diagnostico,70003857823\" target=\"_blank\" rel=\"noreferrer noopener\"><strong>um ter\u00e7o dos pais e respons\u00e1veis precisam viajar<\/strong><\/a>, at\u00e9 para outros Estados, em busca de um diagn\u00f3stico, seja por falta de profissionais ou redes de sa\u00fade prec\u00e1rias para o acompanhamento especializado onde vivem. A m\u00e9dia de gastos mensal \u00e9 de 800 reais por fam\u00edlia, conforme levantamento do Instituto ABCD em parceria com o Cisco do Brasil e o Instituto IT M\u00eddia.<br>&#8220;H\u00e1 certa dificuldade de trabalhar com crian\u00e7as que v\u00eam de contextos vulner\u00e1veis. Se formos usar par\u00e2metros com crian\u00e7as de n\u00edvel mais elevado, acaba criando uma confus\u00e3o de aprendizado&#8221;, pontua Anna Helena, e faz a analogia: &#8220;o transtorno \u00e9 de aprendizagem ou de ensinagem?&#8221;.<br>A educadora defende que se o aluno n\u00e3o teve a intera\u00e7\u00e3o em quantidade ou qualidade para desenvolver as habilidades e compet\u00eancias, \u00e9 papel da escola trabalhar nessa quest\u00e3o para minimizar os impactos. Para a presidente do Cenpec, \u00e9 diferente o trabalho de alfabetiza\u00e7\u00e3o de crian\u00e7as oriundas de fam\u00edlias com maior poder aquisitivo, com pais j\u00e1 letrados.<br>O distanciamento de milhares de crian\u00e7as por quase um ano e meio da escola, durante a suspens\u00e3o das aulas presenciais por conta da covid, dever\u00e1 ter impactos na alfabetiza\u00e7\u00e3o. Por isso, \u00e9 preciso maior aten\u00e7\u00e3o na defesa simplesmente cl\u00ednica para superar essas dificuldades de letramento. &#8220;O diagn\u00f3stico de dislexia \u00e9 bastante espec\u00edfico e complexo. \u00c9 preciso cuidado at\u00e9 para que n\u00e3o tenhamos por a\u00ed uma &#8216;pandemia de dislexia'&#8221;.<\/p>\n\n\n\n<p><strong><em>Fonte: <a href=\"https:\/\/www.msn.com\/pt-br\/noticias\/educacao\/diagn%c3%b3stico-da-dislexia-n%c3%a3o-pode-ser-confundido-com-falta-de-ensino-diz-especialista\/ar-AAPi4IV\">MSN Not\u00edcias<\/a><\/em><\/strong><\/p>\n","protected":false},"excerpt":{"rendered":"<p>Na \u00faltima semana, diversas institui\u00e7\u00f5es realizaram eventos para discutir sobre os Transtornos Espec\u00edficos da Aprendizagem\u00a0(TEAp). Principalmente da\u00a0dislexia. Esse tipo de TEAp inquieta educadores, uma vez que, para eles, o diagn\u00f3stico n\u00e3o pode ser confundido com a falta de oportunidade que a crian\u00e7a ou adolescente tem de aprender. Por isso, \u00e9 preciso aten\u00e7\u00e3o, principalmente na\u00a0rede p\u00fablica, [&hellip;]<\/p>\n","protected":false},"author":2,"featured_media":23909,"comment_status":"open","ping_status":"open","sticky":false,"template":"","format":"standard","meta":{"footnotes":""},"categories":[7],"tags":[1125,8456,410,357,11579],"class_list":["post-23908","post","type-post","status-publish","format-standard","has-post-thumbnail","hentry","category-educacao","tag-diagnostico","tag-dislexia","tag-escola","tag-professores","tag-transtornos-especificos-da-aprendizagem"],"yoast_head":"<!-- This site is optimized with the Yoast SEO plugin v26.5 - https:\/\/yoast.com\/wordpress\/plugins\/seo\/ -->\n<title>Diagn\u00f3stico da dislexia n\u00e3o pode ser confundido com falta de ensino, diz especialista - Jornal Fatos e Not\u00edcias<\/title>\n<meta name=\"robots\" content=\"index, follow, max-snippet:-1, max-image-preview:large, max-video-preview:-1\" \/>\n<link rel=\"canonical\" href=\"https:\/\/jornalfatosenoticias.com.br\/index.php\/2021\/10\/14\/diagnostico-da-dislexia-nao-pode-ser-confundido-com-falta-de-ensino-diz-especialista\/\" \/>\n<meta property=\"og:locale\" content=\"pt_BR\" \/>\n<meta property=\"og:type\" content=\"article\" \/>\n<meta property=\"og:title\" content=\"Diagn\u00f3stico da dislexia n\u00e3o pode ser confundido com falta de ensino, diz especialista - Jornal Fatos e Not\u00edcias\" \/>\n<meta property=\"og:description\" content=\"Na \u00faltima semana, diversas institui\u00e7\u00f5es realizaram eventos para discutir sobre os Transtornos Espec\u00edficos da Aprendizagem\u00a0(TEAp). Principalmente da\u00a0dislexia. Esse tipo de TEAp inquieta educadores, uma vez que, para eles, o diagn\u00f3stico n\u00e3o pode ser confundido com a falta de oportunidade que a crian\u00e7a ou adolescente tem de aprender. Por isso, \u00e9 preciso aten\u00e7\u00e3o, principalmente na\u00a0rede p\u00fablica, [&hellip;]\" \/>\n<meta property=\"og:url\" content=\"https:\/\/jornalfatosenoticias.com.br\/index.php\/2021\/10\/14\/diagnostico-da-dislexia-nao-pode-ser-confundido-com-falta-de-ensino-diz-especialista\/\" \/>\n<meta property=\"og:site_name\" content=\"Jornal Fatos e Not\u00edcias\" \/>\n<meta property=\"article:published_time\" content=\"2021-10-14T23:21:13+00:00\" \/>\n<meta property=\"article:modified_time\" content=\"2021-10-14T23:21:17+00:00\" \/>\n<meta property=\"og:image\" content=\"https:\/\/jornalfatosenoticias.com.br\/wp-content\/uploads\/2021\/10\/DISLEXIA.jpg\" \/>\n\t<meta property=\"og:image:width\" content=\"1000\" \/>\n\t<meta property=\"og:image:height\" content=\"562\" \/>\n\t<meta property=\"og:image:type\" content=\"image\/jpeg\" \/>\n<meta name=\"author\" content=\"Luzimara Fernandes\" \/>\n<meta name=\"twitter:card\" content=\"summary_large_image\" \/>\n<meta name=\"twitter:label1\" content=\"Escrito por\" \/>\n\t<meta name=\"twitter:data1\" content=\"Luzimara Fernandes\" \/>\n\t<meta name=\"twitter:label2\" content=\"Est. tempo de leitura\" \/>\n\t<meta name=\"twitter:data2\" content=\"2 minutos\" \/>\n<script type=\"application\/ld+json\" class=\"yoast-schema-graph\">{\"@context\":\"https:\/\/schema.org\",\"@graph\":[{\"@type\":\"Article\",\"@id\":\"https:\/\/jornalfatosenoticias.com.br\/index.php\/2021\/10\/14\/diagnostico-da-dislexia-nao-pode-ser-confundido-com-falta-de-ensino-diz-especialista\/#article\",\"isPartOf\":{\"@id\":\"https:\/\/jornalfatosenoticias.com.br\/index.php\/2021\/10\/14\/diagnostico-da-dislexia-nao-pode-ser-confundido-com-falta-de-ensino-diz-especialista\/\"},\"author\":{\"name\":\"Luzimara Fernandes\",\"@id\":\"https:\/\/jornalfatosenoticias.com.br\/#\/schema\/person\/d63837fa13ac8666eb9e74e0985d6f81\"},\"headline\":\"Diagn\u00f3stico da dislexia n\u00e3o pode ser confundido com falta de ensino, diz especialista\",\"datePublished\":\"2021-10-14T23:21:13+00:00\",\"dateModified\":\"2021-10-14T23:21:17+00:00\",\"mainEntityOfPage\":{\"@id\":\"https:\/\/jornalfatosenoticias.com.br\/index.php\/2021\/10\/14\/diagnostico-da-dislexia-nao-pode-ser-confundido-com-falta-de-ensino-diz-especialista\/\"},\"wordCount\":424,\"commentCount\":0,\"publisher\":{\"@id\":\"https:\/\/jornalfatosenoticias.com.br\/#organization\"},\"image\":{\"@id\":\"https:\/\/jornalfatosenoticias.com.br\/index.php\/2021\/10\/14\/diagnostico-da-dislexia-nao-pode-ser-confundido-com-falta-de-ensino-diz-especialista\/#primaryimage\"},\"thumbnailUrl\":\"https:\/\/jornalfatosenoticias.com.br\/wp-content\/uploads\/2021\/10\/DISLEXIA.jpg\",\"keywords\":[\"diagn\u00f3stico\",\"dislexia\",\"escola\",\"professores\",\"Transtornos Espec\u00edficos da Aprendizagem\"],\"articleSection\":[\"Educa\u00e7\u00e3o\"],\"inLanguage\":\"pt-BR\",\"potentialAction\":[{\"@type\":\"CommentAction\",\"name\":\"Comment\",\"target\":[\"https:\/\/jornalfatosenoticias.com.br\/index.php\/2021\/10\/14\/diagnostico-da-dislexia-nao-pode-ser-confundido-com-falta-de-ensino-diz-especialista\/#respond\"]}]},{\"@type\":\"WebPage\",\"@id\":\"https:\/\/jornalfatosenoticias.com.br\/index.php\/2021\/10\/14\/diagnostico-da-dislexia-nao-pode-ser-confundido-com-falta-de-ensino-diz-especialista\/\",\"url\":\"https:\/\/jornalfatosenoticias.com.br\/index.php\/2021\/10\/14\/diagnostico-da-dislexia-nao-pode-ser-confundido-com-falta-de-ensino-diz-especialista\/\",\"name\":\"Diagn\u00f3stico da dislexia n\u00e3o pode ser confundido com falta de ensino, diz especialista - Jornal Fatos e Not\u00edcias\",\"isPartOf\":{\"@id\":\"https:\/\/jornalfatosenoticias.com.br\/#website\"},\"primaryImageOfPage\":{\"@id\":\"https:\/\/jornalfatosenoticias.com.br\/index.php\/2021\/10\/14\/diagnostico-da-dislexia-nao-pode-ser-confundido-com-falta-de-ensino-diz-especialista\/#primaryimage\"},\"image\":{\"@id\":\"https:\/\/jornalfatosenoticias.com.br\/index.php\/2021\/10\/14\/diagnostico-da-dislexia-nao-pode-ser-confundido-com-falta-de-ensino-diz-especialista\/#primaryimage\"},\"thumbnailUrl\":\"https:\/\/jornalfatosenoticias.com.br\/wp-content\/uploads\/2021\/10\/DISLEXIA.jpg\",\"datePublished\":\"2021-10-14T23:21:13+00:00\",\"dateModified\":\"2021-10-14T23:21:17+00:00\",\"breadcrumb\":{\"@id\":\"https:\/\/jornalfatosenoticias.com.br\/index.php\/2021\/10\/14\/diagnostico-da-dislexia-nao-pode-ser-confundido-com-falta-de-ensino-diz-especialista\/#breadcrumb\"},\"inLanguage\":\"pt-BR\",\"potentialAction\":[{\"@type\":\"ReadAction\",\"target\":[\"https:\/\/jornalfatosenoticias.com.br\/index.php\/2021\/10\/14\/diagnostico-da-dislexia-nao-pode-ser-confundido-com-falta-de-ensino-diz-especialista\/\"]}]},{\"@type\":\"ImageObject\",\"inLanguage\":\"pt-BR\",\"@id\":\"https:\/\/jornalfatosenoticias.com.br\/index.php\/2021\/10\/14\/diagnostico-da-dislexia-nao-pode-ser-confundido-com-falta-de-ensino-diz-especialista\/#primaryimage\",\"url\":\"https:\/\/jornalfatosenoticias.com.br\/wp-content\/uploads\/2021\/10\/DISLEXIA.jpg\",\"contentUrl\":\"https:\/\/jornalfatosenoticias.com.br\/wp-content\/uploads\/2021\/10\/DISLEXIA.jpg\",\"width\":1000,\"height\":562},{\"@type\":\"BreadcrumbList\",\"@id\":\"https:\/\/jornalfatosenoticias.com.br\/index.php\/2021\/10\/14\/diagnostico-da-dislexia-nao-pode-ser-confundido-com-falta-de-ensino-diz-especialista\/#breadcrumb\",\"itemListElement\":[{\"@type\":\"ListItem\",\"position\":1,\"name\":\"In\u00edcio\",\"item\":\"https:\/\/jornalfatosenoticias.com.br\/\"},{\"@type\":\"ListItem\",\"position\":2,\"name\":\"Diagn\u00f3stico da dislexia n\u00e3o pode ser confundido com falta de ensino, diz especialista\"}]},{\"@type\":\"WebSite\",\"@id\":\"https:\/\/jornalfatosenoticias.com.br\/#website\",\"url\":\"https:\/\/jornalfatosenoticias.com.br\/\",\"name\":\"Jornal Fatos e Not\u00edcias\",\"description\":\"Not\u00edcias em geral\",\"publisher\":{\"@id\":\"https:\/\/jornalfatosenoticias.com.br\/#organization\"},\"potentialAction\":[{\"@type\":\"SearchAction\",\"target\":{\"@type\":\"EntryPoint\",\"urlTemplate\":\"https:\/\/jornalfatosenoticias.com.br\/?s={search_term_string}\"},\"query-input\":{\"@type\":\"PropertyValueSpecification\",\"valueRequired\":true,\"valueName\":\"search_term_string\"}}],\"inLanguage\":\"pt-BR\"},{\"@type\":\"Organization\",\"@id\":\"https:\/\/jornalfatosenoticias.com.br\/#organization\",\"name\":\"Jornal Fatos e Not\u00edcias\",\"url\":\"https:\/\/jornalfatosenoticias.com.br\/\",\"logo\":{\"@type\":\"ImageObject\",\"inLanguage\":\"pt-BR\",\"@id\":\"https:\/\/jornalfatosenoticias.com.br\/#\/schema\/logo\/image\/\",\"url\":\"https:\/\/jornalfatosenoticias.com.br\/wp-content\/uploads\/2020\/02\/logo120.png\",\"contentUrl\":\"https:\/\/jornalfatosenoticias.com.br\/wp-content\/uploads\/2020\/02\/logo120.png\",\"width\":1227,\"height\":120,\"caption\":\"Jornal Fatos e Not\u00edcias\"},\"image\":{\"@id\":\"https:\/\/jornalfatosenoticias.com.br\/#\/schema\/logo\/image\/\"}},{\"@type\":\"Person\",\"@id\":\"https:\/\/jornalfatosenoticias.com.br\/#\/schema\/person\/d63837fa13ac8666eb9e74e0985d6f81\",\"name\":\"Luzimara Fernandes\",\"image\":{\"@type\":\"ImageObject\",\"inLanguage\":\"pt-BR\",\"@id\":\"https:\/\/jornalfatosenoticias.com.br\/#\/schema\/person\/image\/\",\"url\":\"https:\/\/jornalfatosenoticias.com.br\/wp-content\/uploads\/2025\/05\/EU_portal.jpg\",\"contentUrl\":\"https:\/\/jornalfatosenoticias.com.br\/wp-content\/uploads\/2025\/05\/EU_portal.jpg\",\"caption\":\"Luzimara Fernandes\"},\"description\":\"Jornalista MTB 2358-ES\",\"sameAs\":[\"https:\/\/jornalfatosenoticias.com.br\"],\"url\":\"https:\/\/jornalfatosenoticias.com.br\/index.php\/author\/luzimara\/\"}]}<\/script>\n<!-- \/ Yoast SEO plugin. -->","yoast_head_json":{"title":"Diagn\u00f3stico da dislexia n\u00e3o pode ser confundido com falta de ensino, diz especialista - Jornal Fatos e Not\u00edcias","robots":{"index":"index","follow":"follow","max-snippet":"max-snippet:-1","max-image-preview":"max-image-preview:large","max-video-preview":"max-video-preview:-1"},"canonical":"https:\/\/jornalfatosenoticias.com.br\/index.php\/2021\/10\/14\/diagnostico-da-dislexia-nao-pode-ser-confundido-com-falta-de-ensino-diz-especialista\/","og_locale":"pt_BR","og_type":"article","og_title":"Diagn\u00f3stico da dislexia n\u00e3o pode ser confundido com falta de ensino, diz especialista - Jornal Fatos e Not\u00edcias","og_description":"Na \u00faltima semana, diversas institui\u00e7\u00f5es realizaram eventos para discutir sobre os Transtornos Espec\u00edficos da Aprendizagem\u00a0(TEAp). Principalmente da\u00a0dislexia. Esse tipo de TEAp inquieta educadores, uma vez que, para eles, o diagn\u00f3stico n\u00e3o pode ser confundido com a falta de oportunidade que a crian\u00e7a ou adolescente tem de aprender. Por isso, \u00e9 preciso aten\u00e7\u00e3o, principalmente na\u00a0rede p\u00fablica, [&hellip;]","og_url":"https:\/\/jornalfatosenoticias.com.br\/index.php\/2021\/10\/14\/diagnostico-da-dislexia-nao-pode-ser-confundido-com-falta-de-ensino-diz-especialista\/","og_site_name":"Jornal Fatos e Not\u00edcias","article_published_time":"2021-10-14T23:21:13+00:00","article_modified_time":"2021-10-14T23:21:17+00:00","og_image":[{"width":1000,"height":562,"url":"https:\/\/jornalfatosenoticias.com.br\/wp-content\/uploads\/2021\/10\/DISLEXIA.jpg","type":"image\/jpeg"}],"author":"Luzimara Fernandes","twitter_card":"summary_large_image","twitter_misc":{"Escrito por":"Luzimara Fernandes","Est. tempo de leitura":"2 minutos"},"schema":{"@context":"https:\/\/schema.org","@graph":[{"@type":"Article","@id":"https:\/\/jornalfatosenoticias.com.br\/index.php\/2021\/10\/14\/diagnostico-da-dislexia-nao-pode-ser-confundido-com-falta-de-ensino-diz-especialista\/#article","isPartOf":{"@id":"https:\/\/jornalfatosenoticias.com.br\/index.php\/2021\/10\/14\/diagnostico-da-dislexia-nao-pode-ser-confundido-com-falta-de-ensino-diz-especialista\/"},"author":{"name":"Luzimara Fernandes","@id":"https:\/\/jornalfatosenoticias.com.br\/#\/schema\/person\/d63837fa13ac8666eb9e74e0985d6f81"},"headline":"Diagn\u00f3stico da dislexia n\u00e3o pode ser confundido com falta de ensino, diz especialista","datePublished":"2021-10-14T23:21:13+00:00","dateModified":"2021-10-14T23:21:17+00:00","mainEntityOfPage":{"@id":"https:\/\/jornalfatosenoticias.com.br\/index.php\/2021\/10\/14\/diagnostico-da-dislexia-nao-pode-ser-confundido-com-falta-de-ensino-diz-especialista\/"},"wordCount":424,"commentCount":0,"publisher":{"@id":"https:\/\/jornalfatosenoticias.com.br\/#organization"},"image":{"@id":"https:\/\/jornalfatosenoticias.com.br\/index.php\/2021\/10\/14\/diagnostico-da-dislexia-nao-pode-ser-confundido-com-falta-de-ensino-diz-especialista\/#primaryimage"},"thumbnailUrl":"https:\/\/jornalfatosenoticias.com.br\/wp-content\/uploads\/2021\/10\/DISLEXIA.jpg","keywords":["diagn\u00f3stico","dislexia","escola","professores","Transtornos Espec\u00edficos da Aprendizagem"],"articleSection":["Educa\u00e7\u00e3o"],"inLanguage":"pt-BR","potentialAction":[{"@type":"CommentAction","name":"Comment","target":["https:\/\/jornalfatosenoticias.com.br\/index.php\/2021\/10\/14\/diagnostico-da-dislexia-nao-pode-ser-confundido-com-falta-de-ensino-diz-especialista\/#respond"]}]},{"@type":"WebPage","@id":"https:\/\/jornalfatosenoticias.com.br\/index.php\/2021\/10\/14\/diagnostico-da-dislexia-nao-pode-ser-confundido-com-falta-de-ensino-diz-especialista\/","url":"https:\/\/jornalfatosenoticias.com.br\/index.php\/2021\/10\/14\/diagnostico-da-dislexia-nao-pode-ser-confundido-com-falta-de-ensino-diz-especialista\/","name":"Diagn\u00f3stico da dislexia n\u00e3o pode ser confundido com falta de ensino, diz especialista - Jornal Fatos e Not\u00edcias","isPartOf":{"@id":"https:\/\/jornalfatosenoticias.com.br\/#website"},"primaryImageOfPage":{"@id":"https:\/\/jornalfatosenoticias.com.br\/index.php\/2021\/10\/14\/diagnostico-da-dislexia-nao-pode-ser-confundido-com-falta-de-ensino-diz-especialista\/#primaryimage"},"image":{"@id":"https:\/\/jornalfatosenoticias.com.br\/index.php\/2021\/10\/14\/diagnostico-da-dislexia-nao-pode-ser-confundido-com-falta-de-ensino-diz-especialista\/#primaryimage"},"thumbnailUrl":"https:\/\/jornalfatosenoticias.com.br\/wp-content\/uploads\/2021\/10\/DISLEXIA.jpg","datePublished":"2021-10-14T23:21:13+00:00","dateModified":"2021-10-14T23:21:17+00:00","breadcrumb":{"@id":"https:\/\/jornalfatosenoticias.com.br\/index.php\/2021\/10\/14\/diagnostico-da-dislexia-nao-pode-ser-confundido-com-falta-de-ensino-diz-especialista\/#breadcrumb"},"inLanguage":"pt-BR","potentialAction":[{"@type":"ReadAction","target":["https:\/\/jornalfatosenoticias.com.br\/index.php\/2021\/10\/14\/diagnostico-da-dislexia-nao-pode-ser-confundido-com-falta-de-ensino-diz-especialista\/"]}]},{"@type":"ImageObject","inLanguage":"pt-BR","@id":"https:\/\/jornalfatosenoticias.com.br\/index.php\/2021\/10\/14\/diagnostico-da-dislexia-nao-pode-ser-confundido-com-falta-de-ensino-diz-especialista\/#primaryimage","url":"https:\/\/jornalfatosenoticias.com.br\/wp-content\/uploads\/2021\/10\/DISLEXIA.jpg","contentUrl":"https:\/\/jornalfatosenoticias.com.br\/wp-content\/uploads\/2021\/10\/DISLEXIA.jpg","width":1000,"height":562},{"@type":"BreadcrumbList","@id":"https:\/\/jornalfatosenoticias.com.br\/index.php\/2021\/10\/14\/diagnostico-da-dislexia-nao-pode-ser-confundido-com-falta-de-ensino-diz-especialista\/#breadcrumb","itemListElement":[{"@type":"ListItem","position":1,"name":"In\u00edcio","item":"https:\/\/jornalfatosenoticias.com.br\/"},{"@type":"ListItem","position":2,"name":"Diagn\u00f3stico da dislexia n\u00e3o pode ser confundido com falta de ensino, diz especialista"}]},{"@type":"WebSite","@id":"https:\/\/jornalfatosenoticias.com.br\/#website","url":"https:\/\/jornalfatosenoticias.com.br\/","name":"Jornal Fatos e Not\u00edcias","description":"Not\u00edcias em geral","publisher":{"@id":"https:\/\/jornalfatosenoticias.com.br\/#organization"},"potentialAction":[{"@type":"SearchAction","target":{"@type":"EntryPoint","urlTemplate":"https:\/\/jornalfatosenoticias.com.br\/?s={search_term_string}"},"query-input":{"@type":"PropertyValueSpecification","valueRequired":true,"valueName":"search_term_string"}}],"inLanguage":"pt-BR"},{"@type":"Organization","@id":"https:\/\/jornalfatosenoticias.com.br\/#organization","name":"Jornal Fatos e Not\u00edcias","url":"https:\/\/jornalfatosenoticias.com.br\/","logo":{"@type":"ImageObject","inLanguage":"pt-BR","@id":"https:\/\/jornalfatosenoticias.com.br\/#\/schema\/logo\/image\/","url":"https:\/\/jornalfatosenoticias.com.br\/wp-content\/uploads\/2020\/02\/logo120.png","contentUrl":"https:\/\/jornalfatosenoticias.com.br\/wp-content\/uploads\/2020\/02\/logo120.png","width":1227,"height":120,"caption":"Jornal Fatos e Not\u00edcias"},"image":{"@id":"https:\/\/jornalfatosenoticias.com.br\/#\/schema\/logo\/image\/"}},{"@type":"Person","@id":"https:\/\/jornalfatosenoticias.com.br\/#\/schema\/person\/d63837fa13ac8666eb9e74e0985d6f81","name":"Luzimara Fernandes","image":{"@type":"ImageObject","inLanguage":"pt-BR","@id":"https:\/\/jornalfatosenoticias.com.br\/#\/schema\/person\/image\/","url":"https:\/\/jornalfatosenoticias.com.br\/wp-content\/uploads\/2025\/05\/EU_portal.jpg","contentUrl":"https:\/\/jornalfatosenoticias.com.br\/wp-content\/uploads\/2025\/05\/EU_portal.jpg","caption":"Luzimara Fernandes"},"description":"Jornalista MTB 2358-ES","sameAs":["https:\/\/jornalfatosenoticias.com.br"],"url":"https:\/\/jornalfatosenoticias.com.br\/index.php\/author\/luzimara\/"}]}},"cc_featured_image_caption":{"caption_text":"(Foto: Werther Santana\/Estad\u00e3o) ","source_text":"","source_url":""},"jetpack_featured_media_url":"https:\/\/jornalfatosenoticias.com.br\/wp-content\/uploads\/2021\/10\/DISLEXIA.jpg","_links":{"self":[{"href":"https:\/\/jornalfatosenoticias.com.br\/index.php\/wp-json\/wp\/v2\/posts\/23908","targetHints":{"allow":["GET"]}}],"collection":[{"href":"https:\/\/jornalfatosenoticias.com.br\/index.php\/wp-json\/wp\/v2\/posts"}],"about":[{"href":"https:\/\/jornalfatosenoticias.com.br\/index.php\/wp-json\/wp\/v2\/types\/post"}],"author":[{"embeddable":true,"href":"https:\/\/jornalfatosenoticias.com.br\/index.php\/wp-json\/wp\/v2\/users\/2"}],"replies":[{"embeddable":true,"href":"https:\/\/jornalfatosenoticias.com.br\/index.php\/wp-json\/wp\/v2\/comments?post=23908"}],"version-history":[{"count":0,"href":"https:\/\/jornalfatosenoticias.com.br\/index.php\/wp-json\/wp\/v2\/posts\/23908\/revisions"}],"wp:featuredmedia":[{"embeddable":true,"href":"https:\/\/jornalfatosenoticias.com.br\/index.php\/wp-json\/wp\/v2\/media\/23909"}],"wp:attachment":[{"href":"https:\/\/jornalfatosenoticias.com.br\/index.php\/wp-json\/wp\/v2\/media?parent=23908"}],"wp:term":[{"taxonomy":"category","embeddable":true,"href":"https:\/\/jornalfatosenoticias.com.br\/index.php\/wp-json\/wp\/v2\/categories?post=23908"},{"taxonomy":"post_tag","embeddable":true,"href":"https:\/\/jornalfatosenoticias.com.br\/index.php\/wp-json\/wp\/v2\/tags?post=23908"}],"curies":[{"name":"wp","href":"https:\/\/api.w.org\/{rel}","templated":true}]}}