{"id":23941,"date":"2021-10-15T16:27:26","date_gmt":"2021-10-15T19:27:26","guid":{"rendered":"https:\/\/jornalfatosenoticias.com.br\/?p=23941"},"modified":"2021-10-15T16:27:30","modified_gmt":"2021-10-15T19:27:30","slug":"empresa-desenvolve-telha-feita-100-com-plastico-reciclado","status":"publish","type":"post","link":"https:\/\/jornalfatosenoticias.com.br\/index.php\/2021\/10\/15\/empresa-desenvolve-telha-feita-100-com-plastico-reciclado\/","title":{"rendered":"Empresa desenvolve telha feita 100% com pl\u00e1stico reciclado"},"content":{"rendered":"\n<p><em><span class=\"has-inline-color has-black-color\">Atualmente a empresa retira do meio ambiente cerca de 150 toneladas de pl\u00e1stico por m\u00eas<\/span><\/em><\/p>\n\n\n\n<p>Uma empresa brasileira situada no Rio de Janeiro desenvolveu uma telha 100% produzida a partir de res\u00edduos pl\u00e1sticos reciclados como garrafas e embalagens. A Telite retira cerca de 150 toneladas de pl\u00e1stico por m\u00eas somente para a produ\u00e7\u00e3o de suas telhas coloniais pl\u00e1sticas.<br>A empresa de Leonardo Retto come\u00e7ou em 2013 como um neg\u00f3cio familiar onde produzia telhas de fibra de vidro. O empres\u00e1rio passou a estudar sobre inova\u00e7\u00e3o e sustentabilidade e suas pesquisas o levaram \u00e0 elabora\u00e7\u00e3o de uma telha colonial pl\u00e1stica feita a partir de insumos descart\u00e1veis que entram em um processo de reciclagem.<br>O tipo de pl\u00e1stico utilizado na produ\u00e7\u00e3o \u00e9 o polietileno de alta densidade. As telhas produzidas saem da f\u00e1brica com cerca de 5.5kg. Elas possuem uma variedade de cores e t\u00eam 4mm de espessura. Os res\u00edduos coletados para a reciclagem passam a ser rastreados desde a sa\u00edda do local de retirada at\u00e9 a venda da telha produzida. Ap\u00f3s a coleta, eles s\u00e3o encaminhados \u00e0 f\u00e1brica da Telite e recebem um QR Code que armazena as informa\u00e7\u00f5es na nuvem. O mesmo QR code \u00e9 impresso nas telhas, \u00e9 poss\u00edvel acompanhar todo o processo de reciclagem, saber quantas telhas foram produzidas, quem comprou e onde elas foram instaladas.<\/p>\n\n\n\n<p><strong><span class=\"has-inline-color has-vivid-green-cyan-color\">Aplicativo troca recicl\u00e1veis por dinheiro<br><\/span><\/strong>Apesar de utilizar apenas o pl\u00e1stico para a produ\u00e7\u00e3o das telhas, a Telite tamb\u00e9m passou a investir na cadeia de reciclagem de outros materiais como papel\u00e3o, vidro e metal. Para isso, <a href=\"https:\/\/play.google.com\/store\/apps\/details?id=com.appreciclar\" target=\"_blank\" rel=\"noreferrer noopener\">desenvolveu um aplicativo<\/a> com base na tecnologia blockchain que conecta consumidores, estabelecimentos comerciais, condom\u00ednios e ind\u00fastria.<br>Com o programa de log\u00edstica reversa, o fornecedor se cadastra no aplicativo desenvolvido pela empresa e solicita a retirada dos res\u00edduos destinados \u00e0 coleta. A cada retirada ele acumula pontos que podem ser convertidos em dinheiro. Ao atingir vinte mil pontos, o resgate pode ser solicitado diretamente pelo aplicativo, que converte os pontos em dinheiro e realiza a transfer\u00eancia via Pix.<br>Os materiais recebidos s\u00e3o fotografados e t\u00eam os dados inseridos na plataforma, que gera um QR Code, com ele \u00e9 poss\u00edvel rastrear todo o processo de transforma\u00e7\u00e3o do res\u00edduo. A empresa ainda emite cr\u00e9ditos de log\u00edstica reversa de neutraliza\u00e7\u00e3o de carbono.<\/p>\n\n\n\n<p><strong><span class=\"has-inline-color has-vivid-green-cyan-color\">Gera\u00e7\u00e3o de energia solar<br><\/span><\/strong>A empresa est\u00e1 testando a tecnologia aplicada para <a href=\"https:\/\/ciclovivo.com.br\/planeta\/energia\/telhas-solares-geram-energia-com-grafeno\/?amp=1\" target=\"_blank\" rel=\"noreferrer noopener\">capta\u00e7\u00e3o de luz solar atrav\u00e9s de pastilhas de grafeno<\/a>, acopladas \u00e0s telhas, o que vai permitir que cada placa de telha tenha capacidade para gerar at\u00e9 150Kwh por m\u00eas.<\/p>\n\n\n\n<p><strong><em>Fonte: <a href=\"https:\/\/ciclovivo.com.br\/inovacao\/negocios\/empresa-desenvolve-telha-feita-100-com-plastico-reciclado\/?amp=1\">CicloVivo<\/a><\/em><\/strong><\/p>\n","protected":false},"excerpt":{"rendered":"<p>Atualmente a empresa retira do meio ambiente cerca de 150 toneladas de pl\u00e1stico por m\u00eas Uma empresa brasileira situada no Rio de Janeiro desenvolveu uma telha 100% produzida a partir de res\u00edduos pl\u00e1sticos reciclados como garrafas e embalagens. A Telite retira cerca de 150 toneladas de pl\u00e1stico por m\u00eas somente para a produ\u00e7\u00e3o de suas [&hellip;]<\/p>\n","protected":false},"author":2,"featured_media":23942,"comment_status":"open","ping_status":"open","sticky":false,"template":"","format":"standard","meta":{"footnotes":""},"categories":[9,3],"tags":[6385,11588,6036,9294],"class_list":["post-23941","post","type-post","status-publish","format-standard","has-post-thumbnail","hentry","category-economia","category-tecnologia","tag-plastico-reciclado","tag-telha-de-plastico-reciclavel","tag-telhas","tag-telite"],"yoast_head":"<!-- This site is optimized with the Yoast SEO plugin v26.5 - https:\/\/yoast.com\/wordpress\/plugins\/seo\/ -->\n<title>Empresa desenvolve telha feita 100% com pl\u00e1stico reciclado - Jornal Fatos e Not\u00edcias<\/title>\n<meta name=\"robots\" content=\"index, follow, max-snippet:-1, max-image-preview:large, max-video-preview:-1\" \/>\n<link rel=\"canonical\" href=\"https:\/\/jornalfatosenoticias.com.br\/index.php\/2021\/10\/15\/empresa-desenvolve-telha-feita-100-com-plastico-reciclado\/\" \/>\n<meta property=\"og:locale\" content=\"pt_BR\" \/>\n<meta property=\"og:type\" content=\"article\" \/>\n<meta property=\"og:title\" content=\"Empresa desenvolve telha feita 100% com pl\u00e1stico reciclado - Jornal Fatos e Not\u00edcias\" \/>\n<meta property=\"og:description\" content=\"Atualmente a empresa retira do meio ambiente cerca de 150 toneladas de pl\u00e1stico por m\u00eas Uma empresa brasileira situada no Rio de Janeiro desenvolveu uma telha 100% produzida a partir de res\u00edduos pl\u00e1sticos reciclados como garrafas e embalagens. A Telite retira cerca de 150 toneladas de pl\u00e1stico por m\u00eas somente para a produ\u00e7\u00e3o de suas [&hellip;]\" \/>\n<meta property=\"og:url\" content=\"https:\/\/jornalfatosenoticias.com.br\/index.php\/2021\/10\/15\/empresa-desenvolve-telha-feita-100-com-plastico-reciclado\/\" \/>\n<meta property=\"og:site_name\" content=\"Jornal Fatos e Not\u00edcias\" \/>\n<meta property=\"article:published_time\" content=\"2021-10-15T19:27:26+00:00\" \/>\n<meta property=\"article:modified_time\" content=\"2021-10-15T19:27:30+00:00\" \/>\n<meta property=\"og:image\" content=\"https:\/\/jornalfatosenoticias.com.br\/wp-content\/uploads\/2021\/10\/Empresa-desenvolve-telha-feita-com-plastico-reciclado.jpg\" \/>\n\t<meta property=\"og:image:width\" content=\"1000\" \/>\n\t<meta property=\"og:image:height\" content=\"562\" \/>\n\t<meta property=\"og:image:type\" content=\"image\/jpeg\" \/>\n<meta name=\"author\" content=\"Luzimara Fernandes\" \/>\n<meta name=\"twitter:card\" content=\"summary_large_image\" \/>\n<meta name=\"twitter:label1\" content=\"Escrito por\" \/>\n\t<meta name=\"twitter:data1\" content=\"Luzimara Fernandes\" \/>\n\t<meta name=\"twitter:label2\" content=\"Est. tempo de leitura\" \/>\n\t<meta name=\"twitter:data2\" content=\"2 minutos\" \/>\n<script type=\"application\/ld+json\" class=\"yoast-schema-graph\">{\"@context\":\"https:\/\/schema.org\",\"@graph\":[{\"@type\":\"Article\",\"@id\":\"https:\/\/jornalfatosenoticias.com.br\/index.php\/2021\/10\/15\/empresa-desenvolve-telha-feita-100-com-plastico-reciclado\/#article\",\"isPartOf\":{\"@id\":\"https:\/\/jornalfatosenoticias.com.br\/index.php\/2021\/10\/15\/empresa-desenvolve-telha-feita-100-com-plastico-reciclado\/\"},\"author\":{\"name\":\"Luzimara Fernandes\",\"@id\":\"https:\/\/jornalfatosenoticias.com.br\/#\/schema\/person\/d63837fa13ac8666eb9e74e0985d6f81\"},\"headline\":\"Empresa desenvolve telha feita 100% com pl\u00e1stico reciclado\",\"datePublished\":\"2021-10-15T19:27:26+00:00\",\"dateModified\":\"2021-10-15T19:27:30+00:00\",\"mainEntityOfPage\":{\"@id\":\"https:\/\/jornalfatosenoticias.com.br\/index.php\/2021\/10\/15\/empresa-desenvolve-telha-feita-100-com-plastico-reciclado\/\"},\"wordCount\":459,\"commentCount\":0,\"publisher\":{\"@id\":\"https:\/\/jornalfatosenoticias.com.br\/#organization\"},\"image\":{\"@id\":\"https:\/\/jornalfatosenoticias.com.br\/index.php\/2021\/10\/15\/empresa-desenvolve-telha-feita-100-com-plastico-reciclado\/#primaryimage\"},\"thumbnailUrl\":\"https:\/\/jornalfatosenoticias.com.br\/wp-content\/uploads\/2021\/10\/Empresa-desenvolve-telha-feita-com-plastico-reciclado.jpg\",\"keywords\":[\"pl\u00e1stico reciclado\",\"telha de pl\u00e1stico recicl\u00e1vel\",\"telhas\",\"Telite\"],\"articleSection\":[\"Economia\",\"Tecnologia &amp; Inova\u00e7\u00e3o\"],\"inLanguage\":\"pt-BR\",\"potentialAction\":[{\"@type\":\"CommentAction\",\"name\":\"Comment\",\"target\":[\"https:\/\/jornalfatosenoticias.com.br\/index.php\/2021\/10\/15\/empresa-desenvolve-telha-feita-100-com-plastico-reciclado\/#respond\"]}]},{\"@type\":\"WebPage\",\"@id\":\"https:\/\/jornalfatosenoticias.com.br\/index.php\/2021\/10\/15\/empresa-desenvolve-telha-feita-100-com-plastico-reciclado\/\",\"url\":\"https:\/\/jornalfatosenoticias.com.br\/index.php\/2021\/10\/15\/empresa-desenvolve-telha-feita-100-com-plastico-reciclado\/\",\"name\":\"Empresa desenvolve telha feita 100% com pl\u00e1stico reciclado - Jornal Fatos e Not\u00edcias\",\"isPartOf\":{\"@id\":\"https:\/\/jornalfatosenoticias.com.br\/#website\"},\"primaryImageOfPage\":{\"@id\":\"https:\/\/jornalfatosenoticias.com.br\/index.php\/2021\/10\/15\/empresa-desenvolve-telha-feita-100-com-plastico-reciclado\/#primaryimage\"},\"image\":{\"@id\":\"https:\/\/jornalfatosenoticias.com.br\/index.php\/2021\/10\/15\/empresa-desenvolve-telha-feita-100-com-plastico-reciclado\/#primaryimage\"},\"thumbnailUrl\":\"https:\/\/jornalfatosenoticias.com.br\/wp-content\/uploads\/2021\/10\/Empresa-desenvolve-telha-feita-com-plastico-reciclado.jpg\",\"datePublished\":\"2021-10-15T19:27:26+00:00\",\"dateModified\":\"2021-10-15T19:27:30+00:00\",\"breadcrumb\":{\"@id\":\"https:\/\/jornalfatosenoticias.com.br\/index.php\/2021\/10\/15\/empresa-desenvolve-telha-feita-100-com-plastico-reciclado\/#breadcrumb\"},\"inLanguage\":\"pt-BR\",\"potentialAction\":[{\"@type\":\"ReadAction\",\"target\":[\"https:\/\/jornalfatosenoticias.com.br\/index.php\/2021\/10\/15\/empresa-desenvolve-telha-feita-100-com-plastico-reciclado\/\"]}]},{\"@type\":\"ImageObject\",\"inLanguage\":\"pt-BR\",\"@id\":\"https:\/\/jornalfatosenoticias.com.br\/index.php\/2021\/10\/15\/empresa-desenvolve-telha-feita-100-com-plastico-reciclado\/#primaryimage\",\"url\":\"https:\/\/jornalfatosenoticias.com.br\/wp-content\/uploads\/2021\/10\/Empresa-desenvolve-telha-feita-com-plastico-reciclado.jpg\",\"contentUrl\":\"https:\/\/jornalfatosenoticias.com.br\/wp-content\/uploads\/2021\/10\/Empresa-desenvolve-telha-feita-com-plastico-reciclado.jpg\",\"width\":1000,\"height\":562},{\"@type\":\"BreadcrumbList\",\"@id\":\"https:\/\/jornalfatosenoticias.com.br\/index.php\/2021\/10\/15\/empresa-desenvolve-telha-feita-100-com-plastico-reciclado\/#breadcrumb\",\"itemListElement\":[{\"@type\":\"ListItem\",\"position\":1,\"name\":\"In\u00edcio\",\"item\":\"https:\/\/jornalfatosenoticias.com.br\/\"},{\"@type\":\"ListItem\",\"position\":2,\"name\":\"Empresa desenvolve telha feita 100% com pl\u00e1stico reciclado\"}]},{\"@type\":\"WebSite\",\"@id\":\"https:\/\/jornalfatosenoticias.com.br\/#website\",\"url\":\"https:\/\/jornalfatosenoticias.com.br\/\",\"name\":\"Jornal Fatos e Not\u00edcias\",\"description\":\"Not\u00edcias em geral\",\"publisher\":{\"@id\":\"https:\/\/jornalfatosenoticias.com.br\/#organization\"},\"potentialAction\":[{\"@type\":\"SearchAction\",\"target\":{\"@type\":\"EntryPoint\",\"urlTemplate\":\"https:\/\/jornalfatosenoticias.com.br\/?s={search_term_string}\"},\"query-input\":{\"@type\":\"PropertyValueSpecification\",\"valueRequired\":true,\"valueName\":\"search_term_string\"}}],\"inLanguage\":\"pt-BR\"},{\"@type\":\"Organization\",\"@id\":\"https:\/\/jornalfatosenoticias.com.br\/#organization\",\"name\":\"Jornal Fatos e Not\u00edcias\",\"url\":\"https:\/\/jornalfatosenoticias.com.br\/\",\"logo\":{\"@type\":\"ImageObject\",\"inLanguage\":\"pt-BR\",\"@id\":\"https:\/\/jornalfatosenoticias.com.br\/#\/schema\/logo\/image\/\",\"url\":\"https:\/\/jornalfatosenoticias.com.br\/wp-content\/uploads\/2020\/02\/logo120.png\",\"contentUrl\":\"https:\/\/jornalfatosenoticias.com.br\/wp-content\/uploads\/2020\/02\/logo120.png\",\"width\":1227,\"height\":120,\"caption\":\"Jornal Fatos e Not\u00edcias\"},\"image\":{\"@id\":\"https:\/\/jornalfatosenoticias.com.br\/#\/schema\/logo\/image\/\"}},{\"@type\":\"Person\",\"@id\":\"https:\/\/jornalfatosenoticias.com.br\/#\/schema\/person\/d63837fa13ac8666eb9e74e0985d6f81\",\"name\":\"Luzimara Fernandes\",\"image\":{\"@type\":\"ImageObject\",\"inLanguage\":\"pt-BR\",\"@id\":\"https:\/\/jornalfatosenoticias.com.br\/#\/schema\/person\/image\/\",\"url\":\"https:\/\/jornalfatosenoticias.com.br\/wp-content\/uploads\/2025\/05\/EU_portal.jpg\",\"contentUrl\":\"https:\/\/jornalfatosenoticias.com.br\/wp-content\/uploads\/2025\/05\/EU_portal.jpg\",\"caption\":\"Luzimara Fernandes\"},\"description\":\"Jornalista MTB 2358-ES\",\"sameAs\":[\"https:\/\/jornalfatosenoticias.com.br\"],\"url\":\"https:\/\/jornalfatosenoticias.com.br\/index.php\/author\/luzimara\/\"}]}<\/script>\n<!-- \/ Yoast SEO plugin. -->","yoast_head_json":{"title":"Empresa desenvolve telha feita 100% com pl\u00e1stico reciclado - Jornal Fatos e Not\u00edcias","robots":{"index":"index","follow":"follow","max-snippet":"max-snippet:-1","max-image-preview":"max-image-preview:large","max-video-preview":"max-video-preview:-1"},"canonical":"https:\/\/jornalfatosenoticias.com.br\/index.php\/2021\/10\/15\/empresa-desenvolve-telha-feita-100-com-plastico-reciclado\/","og_locale":"pt_BR","og_type":"article","og_title":"Empresa desenvolve telha feita 100% com pl\u00e1stico reciclado - Jornal Fatos e Not\u00edcias","og_description":"Atualmente a empresa retira do meio ambiente cerca de 150 toneladas de pl\u00e1stico por m\u00eas Uma empresa brasileira situada no Rio de Janeiro desenvolveu uma telha 100% produzida a partir de res\u00edduos pl\u00e1sticos reciclados como garrafas e embalagens. A Telite retira cerca de 150 toneladas de pl\u00e1stico por m\u00eas somente para a produ\u00e7\u00e3o de suas [&hellip;]","og_url":"https:\/\/jornalfatosenoticias.com.br\/index.php\/2021\/10\/15\/empresa-desenvolve-telha-feita-100-com-plastico-reciclado\/","og_site_name":"Jornal Fatos e Not\u00edcias","article_published_time":"2021-10-15T19:27:26+00:00","article_modified_time":"2021-10-15T19:27:30+00:00","og_image":[{"width":1000,"height":562,"url":"https:\/\/jornalfatosenoticias.com.br\/wp-content\/uploads\/2021\/10\/Empresa-desenvolve-telha-feita-com-plastico-reciclado.jpg","type":"image\/jpeg"}],"author":"Luzimara Fernandes","twitter_card":"summary_large_image","twitter_misc":{"Escrito por":"Luzimara Fernandes","Est. tempo de leitura":"2 minutos"},"schema":{"@context":"https:\/\/schema.org","@graph":[{"@type":"Article","@id":"https:\/\/jornalfatosenoticias.com.br\/index.php\/2021\/10\/15\/empresa-desenvolve-telha-feita-100-com-plastico-reciclado\/#article","isPartOf":{"@id":"https:\/\/jornalfatosenoticias.com.br\/index.php\/2021\/10\/15\/empresa-desenvolve-telha-feita-100-com-plastico-reciclado\/"},"author":{"name":"Luzimara Fernandes","@id":"https:\/\/jornalfatosenoticias.com.br\/#\/schema\/person\/d63837fa13ac8666eb9e74e0985d6f81"},"headline":"Empresa desenvolve telha feita 100% com pl\u00e1stico reciclado","datePublished":"2021-10-15T19:27:26+00:00","dateModified":"2021-10-15T19:27:30+00:00","mainEntityOfPage":{"@id":"https:\/\/jornalfatosenoticias.com.br\/index.php\/2021\/10\/15\/empresa-desenvolve-telha-feita-100-com-plastico-reciclado\/"},"wordCount":459,"commentCount":0,"publisher":{"@id":"https:\/\/jornalfatosenoticias.com.br\/#organization"},"image":{"@id":"https:\/\/jornalfatosenoticias.com.br\/index.php\/2021\/10\/15\/empresa-desenvolve-telha-feita-100-com-plastico-reciclado\/#primaryimage"},"thumbnailUrl":"https:\/\/jornalfatosenoticias.com.br\/wp-content\/uploads\/2021\/10\/Empresa-desenvolve-telha-feita-com-plastico-reciclado.jpg","keywords":["pl\u00e1stico reciclado","telha de pl\u00e1stico recicl\u00e1vel","telhas","Telite"],"articleSection":["Economia","Tecnologia &amp; Inova\u00e7\u00e3o"],"inLanguage":"pt-BR","potentialAction":[{"@type":"CommentAction","name":"Comment","target":["https:\/\/jornalfatosenoticias.com.br\/index.php\/2021\/10\/15\/empresa-desenvolve-telha-feita-100-com-plastico-reciclado\/#respond"]}]},{"@type":"WebPage","@id":"https:\/\/jornalfatosenoticias.com.br\/index.php\/2021\/10\/15\/empresa-desenvolve-telha-feita-100-com-plastico-reciclado\/","url":"https:\/\/jornalfatosenoticias.com.br\/index.php\/2021\/10\/15\/empresa-desenvolve-telha-feita-100-com-plastico-reciclado\/","name":"Empresa desenvolve telha feita 100% com pl\u00e1stico reciclado - Jornal Fatos e Not\u00edcias","isPartOf":{"@id":"https:\/\/jornalfatosenoticias.com.br\/#website"},"primaryImageOfPage":{"@id":"https:\/\/jornalfatosenoticias.com.br\/index.php\/2021\/10\/15\/empresa-desenvolve-telha-feita-100-com-plastico-reciclado\/#primaryimage"},"image":{"@id":"https:\/\/jornalfatosenoticias.com.br\/index.php\/2021\/10\/15\/empresa-desenvolve-telha-feita-100-com-plastico-reciclado\/#primaryimage"},"thumbnailUrl":"https:\/\/jornalfatosenoticias.com.br\/wp-content\/uploads\/2021\/10\/Empresa-desenvolve-telha-feita-com-plastico-reciclado.jpg","datePublished":"2021-10-15T19:27:26+00:00","dateModified":"2021-10-15T19:27:30+00:00","breadcrumb":{"@id":"https:\/\/jornalfatosenoticias.com.br\/index.php\/2021\/10\/15\/empresa-desenvolve-telha-feita-100-com-plastico-reciclado\/#breadcrumb"},"inLanguage":"pt-BR","potentialAction":[{"@type":"ReadAction","target":["https:\/\/jornalfatosenoticias.com.br\/index.php\/2021\/10\/15\/empresa-desenvolve-telha-feita-100-com-plastico-reciclado\/"]}]},{"@type":"ImageObject","inLanguage":"pt-BR","@id":"https:\/\/jornalfatosenoticias.com.br\/index.php\/2021\/10\/15\/empresa-desenvolve-telha-feita-100-com-plastico-reciclado\/#primaryimage","url":"https:\/\/jornalfatosenoticias.com.br\/wp-content\/uploads\/2021\/10\/Empresa-desenvolve-telha-feita-com-plastico-reciclado.jpg","contentUrl":"https:\/\/jornalfatosenoticias.com.br\/wp-content\/uploads\/2021\/10\/Empresa-desenvolve-telha-feita-com-plastico-reciclado.jpg","width":1000,"height":562},{"@type":"BreadcrumbList","@id":"https:\/\/jornalfatosenoticias.com.br\/index.php\/2021\/10\/15\/empresa-desenvolve-telha-feita-100-com-plastico-reciclado\/#breadcrumb","itemListElement":[{"@type":"ListItem","position":1,"name":"In\u00edcio","item":"https:\/\/jornalfatosenoticias.com.br\/"},{"@type":"ListItem","position":2,"name":"Empresa desenvolve telha feita 100% com pl\u00e1stico reciclado"}]},{"@type":"WebSite","@id":"https:\/\/jornalfatosenoticias.com.br\/#website","url":"https:\/\/jornalfatosenoticias.com.br\/","name":"Jornal Fatos e Not\u00edcias","description":"Not\u00edcias em geral","publisher":{"@id":"https:\/\/jornalfatosenoticias.com.br\/#organization"},"potentialAction":[{"@type":"SearchAction","target":{"@type":"EntryPoint","urlTemplate":"https:\/\/jornalfatosenoticias.com.br\/?s={search_term_string}"},"query-input":{"@type":"PropertyValueSpecification","valueRequired":true,"valueName":"search_term_string"}}],"inLanguage":"pt-BR"},{"@type":"Organization","@id":"https:\/\/jornalfatosenoticias.com.br\/#organization","name":"Jornal Fatos e Not\u00edcias","url":"https:\/\/jornalfatosenoticias.com.br\/","logo":{"@type":"ImageObject","inLanguage":"pt-BR","@id":"https:\/\/jornalfatosenoticias.com.br\/#\/schema\/logo\/image\/","url":"https:\/\/jornalfatosenoticias.com.br\/wp-content\/uploads\/2020\/02\/logo120.png","contentUrl":"https:\/\/jornalfatosenoticias.com.br\/wp-content\/uploads\/2020\/02\/logo120.png","width":1227,"height":120,"caption":"Jornal Fatos e Not\u00edcias"},"image":{"@id":"https:\/\/jornalfatosenoticias.com.br\/#\/schema\/logo\/image\/"}},{"@type":"Person","@id":"https:\/\/jornalfatosenoticias.com.br\/#\/schema\/person\/d63837fa13ac8666eb9e74e0985d6f81","name":"Luzimara Fernandes","image":{"@type":"ImageObject","inLanguage":"pt-BR","@id":"https:\/\/jornalfatosenoticias.com.br\/#\/schema\/person\/image\/","url":"https:\/\/jornalfatosenoticias.com.br\/wp-content\/uploads\/2025\/05\/EU_portal.jpg","contentUrl":"https:\/\/jornalfatosenoticias.com.br\/wp-content\/uploads\/2025\/05\/EU_portal.jpg","caption":"Luzimara Fernandes"},"description":"Jornalista MTB 2358-ES","sameAs":["https:\/\/jornalfatosenoticias.com.br"],"url":"https:\/\/jornalfatosenoticias.com.br\/index.php\/author\/luzimara\/"}]}},"cc_featured_image_caption":{"caption_text":"(Foto: Divulga\u00e7\u00e3o) ","source_text":"","source_url":""},"jetpack_featured_media_url":"https:\/\/jornalfatosenoticias.com.br\/wp-content\/uploads\/2021\/10\/Empresa-desenvolve-telha-feita-com-plastico-reciclado.jpg","_links":{"self":[{"href":"https:\/\/jornalfatosenoticias.com.br\/index.php\/wp-json\/wp\/v2\/posts\/23941","targetHints":{"allow":["GET"]}}],"collection":[{"href":"https:\/\/jornalfatosenoticias.com.br\/index.php\/wp-json\/wp\/v2\/posts"}],"about":[{"href":"https:\/\/jornalfatosenoticias.com.br\/index.php\/wp-json\/wp\/v2\/types\/post"}],"author":[{"embeddable":true,"href":"https:\/\/jornalfatosenoticias.com.br\/index.php\/wp-json\/wp\/v2\/users\/2"}],"replies":[{"embeddable":true,"href":"https:\/\/jornalfatosenoticias.com.br\/index.php\/wp-json\/wp\/v2\/comments?post=23941"}],"version-history":[{"count":0,"href":"https:\/\/jornalfatosenoticias.com.br\/index.php\/wp-json\/wp\/v2\/posts\/23941\/revisions"}],"wp:featuredmedia":[{"embeddable":true,"href":"https:\/\/jornalfatosenoticias.com.br\/index.php\/wp-json\/wp\/v2\/media\/23942"}],"wp:attachment":[{"href":"https:\/\/jornalfatosenoticias.com.br\/index.php\/wp-json\/wp\/v2\/media?parent=23941"}],"wp:term":[{"taxonomy":"category","embeddable":true,"href":"https:\/\/jornalfatosenoticias.com.br\/index.php\/wp-json\/wp\/v2\/categories?post=23941"},{"taxonomy":"post_tag","embeddable":true,"href":"https:\/\/jornalfatosenoticias.com.br\/index.php\/wp-json\/wp\/v2\/tags?post=23941"}],"curies":[{"name":"wp","href":"https:\/\/api.w.org\/{rel}","templated":true}]}}