{"id":23989,"date":"2021-10-18T10:39:37","date_gmt":"2021-10-18T13:39:37","guid":{"rendered":"https:\/\/jornalfatosenoticias.com.br\/?p=23989"},"modified":"2021-10-18T10:39:42","modified_gmt":"2021-10-18T13:39:42","slug":"poluicao-do-ar-aumenta-risco-de-diabetes-gestacional-diz-pesquisa","status":"publish","type":"post","link":"https:\/\/jornalfatosenoticias.com.br\/index.php\/2021\/10\/18\/poluicao-do-ar-aumenta-risco-de-diabetes-gestacional-diz-pesquisa\/","title":{"rendered":"Polui\u00e7\u00e3o do ar aumenta risco de diabetes gestacional, diz pesquisa"},"content":{"rendered":"\n<p><a href=\"https:\/\/olhardigital.com.br\/2021\/03\/25\/medicina-e-saude\/mulheres-gravidas-e-recem-nascidos-possuem-109-produtos-quimicos-em-seus-corpos-revela-estudo\/\" target=\"_blank\" rel=\"noreferrer noopener\">Mulheres gr\u00e1vidas<\/a>\u00a0expostas \u00e0\u00a0<a href=\"https:\/\/olhardigital.com.br\/2021\/07\/06\/medicina-e-saude\/poluicao-do-ar-pode-potencializar-o-desenvolvimento-de-colicas-menstruais-diz-estudo\/\" target=\"_blank\" rel=\"noreferrer noopener\">polui\u00e7\u00e3o do ar<\/a> t\u00eam mais risco de desenvolver diabetes mellitus gestacional. Isso \u00e9 o que aponta um estudo conduzido pela Universidade da Calif\u00f3rnia, e publicado na edi\u00e7\u00e3o de setembro da revista Environment International.<br>Normalmente, a diabetes gestacional est\u00e1 associada a um maior risco de problemas de sa\u00fade de curto e longo prazo, como diabetes tipo 2 e doen\u00e7as cardiovasculares. Al\u00e9m disso, m\u00e3es que desenvolvem esse quadro podem ter maior risco de parto prematuro, e seus filhos podem ter mais chances de terem <a href=\"https:\/\/olhardigital.com.br\/2021\/04\/02\/medicina-e-saude\/sempre-bom-lembrar-vacinas-nao-causam-autismo\/\" target=\"_blank\" rel=\"noreferrer noopener\">autismo<\/a> infantil e obesidade adulta.<br>Embora a causa do diabetes gestacional n\u00e3o seja clara, pesquisas anteriores apontaram a hist\u00f3ria familiar, a idade e a <a href=\"https:\/\/olhardigital.com.br\/2021\/07\/01\/medicina-e-saude\/metodo-contra-obesidade-insere-ima-na-boca-para-evitar-ingestao-de-alimentos-solidos\/\" target=\"_blank\" rel=\"noreferrer noopener\">obesidade<\/a> como fatores de risco comuns.<br>No entanto, segundo o recente estudo, fatores ambientais tamb\u00e9m podem desempenhar um papel muito maior do que se pensava anteriormente na sa\u00fade da mulher gr\u00e1vida, especialmente em rela\u00e7\u00e3o \u00e0 diabetes gestacional.<br>\u201cH\u00e1 um interesse crescente em compreender o papel potencial dos fatores ambientais no desencadeamento da diabetes gestacional\u201d, declarou Jun Wu, PhD, professor de sa\u00fade ambiental e ocupacional no Programa UCI em Sa\u00fade P\u00fablica e autor correspondente do estudo.<br>Segundo Wu, \u201cdescobertas limitadas t\u00eam associado a exposi\u00e7\u00e3o \u00e0 polui\u00e7\u00e3o do ar com o risco; no entanto, nenhum estudo anterior explorou sistematicamente os efeitos conjuntos de misturas complexas de polui\u00e7\u00e3o do ar sobre a condi\u00e7\u00e3o\u201d.<\/p>\n\n\n\n<h4 class=\"wp-block-heading\"><strong><span class=\"has-inline-color has-black-color\">Mulheres hisp\u00e2nicas e com sobrepeso t\u00eam maior incid\u00eancia de diabetes gestacional<\/span><\/strong><\/h4>\n\n\n\n<figure class=\"wp-block-image size-large is-style-default\"><img loading=\"lazy\" decoding=\"async\" width=\"1000\" height=\"562\" src=\"https:\/\/jornalfatosenoticias.com.br\/wp-content\/uploads\/2021\/10\/gravidez-poluicao-2_shutterstock.jpg\" alt=\"\" class=\"wp-image-23991\" srcset=\"https:\/\/jornalfatosenoticias.com.br\/wp-content\/uploads\/2021\/10\/gravidez-poluicao-2_shutterstock.jpg 1000w, https:\/\/jornalfatosenoticias.com.br\/wp-content\/uploads\/2021\/10\/gravidez-poluicao-2_shutterstock-300x169.jpg 300w, https:\/\/jornalfatosenoticias.com.br\/wp-content\/uploads\/2021\/10\/gravidez-poluicao-2_shutterstock-768x432.jpg 768w\" sizes=\"auto, (max-width: 1000px) 100vw, 1000px\" \/><figcaption><em><span class=\"has-inline-color has-black-color\">Estudo aponta rela\u00e7\u00e3o entre a diabetes gestacional e a exposi\u00e7\u00e3o \u00e0 polui\u00e7\u00e3o do ar (Foto: Aerophoto\/Shutterstock)<\/span><\/em><\/figcaption><\/figure>\n\n\n\n<p>Foram utilizadas informa\u00e7\u00f5es de registros de sa\u00fade eletr\u00f4nicos em n\u00edvel individual de um banco de dados da Kaiser Permanente de quase 396 mil gesta\u00e7\u00f5es de 2008 a 2018 para determinar os efeitos da exposi\u00e7\u00e3o a misturas de poluentes do ar.<br>De posse dos dados, os pesquisadores realizaram uma an\u00e1lise estat\u00edstica das concentra\u00e7\u00f5es m\u00e9dias mensais de part\u00edculas finas e poluentes gasosos do ar. Os resultados mostraram que as exposi\u00e7\u00f5es ao di\u00f3xido de nitrog\u00eanio e part\u00edculas em suspens\u00e3o foram associadas a um risco aumentado de diabetes gestacional.<br>Segundo o MedicalXpress, a equipe tamb\u00e9m descobriu que as m\u00e3es hisp\u00e2nicas e com sobrepeso ou obesas apresentaram um risco desproporcionalmente maior de desenvolver a doen\u00e7a.<br>Para reduzir as chances de diabetes gestacional, especialmente entre grupos demogr\u00e1ficos de risco no sul da Calif\u00f3rnia, onde foi feita a pesquisa, s\u00e3o necess\u00e1rios regulamentos mais r\u00edgidos de qualidade do ar, uso de filtros e purificadores de ar, rastreamento precoce do diabetes gestacional e estilos de vida saud\u00e1veis.<br>\u201cOs resultados do estudo ir\u00e3o preencher lacunas cr\u00edticas na literatura e ajudar a resolver algumas das inconsist\u00eancias nos achados epidemiol\u00f3gicos sobre as causas do diabetes gestacional\u201d, disse Wu. \u201cEstudos futuros s\u00e3o necess\u00e1rios para examinar os efeitos conjuntos de v\u00e1rios estressores, incluindo fatores ambientais e sociais, sobre esse e outros resultados adversos da gravidez, e estudar outras regi\u00f5es onde os n\u00edveis de poluentes atmosf\u00e9ricos e composi\u00e7\u00f5es diferem do estudo atual\u201d.<\/p>\n\n\n\n<p><strong><em>Fonte: <a href=\"https:\/\/olhardigital.com.br\/2021\/10\/05\/medicina-e-saude\/poluicao-do-ar-aumenta-risco-de-diabetes-gestacional-diz-pesquisa\/\">Olhar Digital<\/a><\/em><\/strong><\/p>\n","protected":false},"excerpt":{"rendered":"<p>Mulheres gr\u00e1vidas\u00a0expostas \u00e0\u00a0polui\u00e7\u00e3o do ar t\u00eam mais risco de desenvolver diabetes mellitus gestacional. Isso \u00e9 o que aponta um estudo conduzido pela Universidade da Calif\u00f3rnia, e publicado na edi\u00e7\u00e3o de setembro da revista Environment International.Normalmente, a diabetes gestacional est\u00e1 associada a um maior risco de problemas de sa\u00fade de curto e longo prazo, como diabetes [&hellip;]<\/p>\n","protected":false},"author":2,"featured_media":23990,"comment_status":"open","ping_status":"open","sticky":false,"template":"","format":"standard","meta":{"footnotes":""},"categories":[11],"tags":[58,3013,1705,115,4024],"class_list":["post-23989","post","type-post","status-publish","format-standard","has-post-thumbnail","hentry","category-saude","tag-diabetes","tag-gestantes","tag-gravidez","tag-pesquisa","tag-poluicao-do-ar"],"yoast_head":"<!-- This site is optimized with the Yoast SEO plugin v26.5 - https:\/\/yoast.com\/wordpress\/plugins\/seo\/ -->\n<title>Polui\u00e7\u00e3o do ar aumenta risco de diabetes gestacional, diz pesquisa - Jornal Fatos e Not\u00edcias<\/title>\n<meta name=\"robots\" content=\"index, follow, max-snippet:-1, max-image-preview:large, max-video-preview:-1\" \/>\n<link rel=\"canonical\" href=\"https:\/\/jornalfatosenoticias.com.br\/index.php\/2021\/10\/18\/poluicao-do-ar-aumenta-risco-de-diabetes-gestacional-diz-pesquisa\/\" \/>\n<meta property=\"og:locale\" content=\"pt_BR\" \/>\n<meta property=\"og:type\" content=\"article\" \/>\n<meta property=\"og:title\" content=\"Polui\u00e7\u00e3o do ar aumenta risco de diabetes gestacional, diz pesquisa - Jornal Fatos e Not\u00edcias\" \/>\n<meta property=\"og:description\" content=\"Mulheres gr\u00e1vidas\u00a0expostas \u00e0\u00a0polui\u00e7\u00e3o do ar t\u00eam mais risco de desenvolver diabetes mellitus gestacional. Isso \u00e9 o que aponta um estudo conduzido pela Universidade da Calif\u00f3rnia, e publicado na edi\u00e7\u00e3o de setembro da revista Environment International.Normalmente, a diabetes gestacional est\u00e1 associada a um maior risco de problemas de sa\u00fade de curto e longo prazo, como diabetes [&hellip;]\" \/>\n<meta property=\"og:url\" content=\"https:\/\/jornalfatosenoticias.com.br\/index.php\/2021\/10\/18\/poluicao-do-ar-aumenta-risco-de-diabetes-gestacional-diz-pesquisa\/\" \/>\n<meta property=\"og:site_name\" content=\"Jornal Fatos e Not\u00edcias\" \/>\n<meta property=\"article:published_time\" content=\"2021-10-18T13:39:37+00:00\" \/>\n<meta property=\"article:modified_time\" content=\"2021-10-18T13:39:42+00:00\" \/>\n<meta property=\"og:image\" content=\"https:\/\/jornalfatosenoticias.com.br\/wp-content\/uploads\/2021\/10\/gravidez-poluicao_Shutterstock.jpg\" \/>\n\t<meta property=\"og:image:width\" content=\"1000\" \/>\n\t<meta property=\"og:image:height\" content=\"527\" \/>\n\t<meta property=\"og:image:type\" content=\"image\/jpeg\" \/>\n<meta name=\"author\" content=\"Luzimara Fernandes\" \/>\n<meta name=\"twitter:card\" content=\"summary_large_image\" \/>\n<meta name=\"twitter:label1\" content=\"Escrito por\" \/>\n\t<meta name=\"twitter:data1\" content=\"Luzimara Fernandes\" \/>\n\t<meta name=\"twitter:label2\" content=\"Est. tempo de leitura\" \/>\n\t<meta name=\"twitter:data2\" content=\"3 minutos\" \/>\n<script type=\"application\/ld+json\" class=\"yoast-schema-graph\">{\"@context\":\"https:\/\/schema.org\",\"@graph\":[{\"@type\":\"Article\",\"@id\":\"https:\/\/jornalfatosenoticias.com.br\/index.php\/2021\/10\/18\/poluicao-do-ar-aumenta-risco-de-diabetes-gestacional-diz-pesquisa\/#article\",\"isPartOf\":{\"@id\":\"https:\/\/jornalfatosenoticias.com.br\/index.php\/2021\/10\/18\/poluicao-do-ar-aumenta-risco-de-diabetes-gestacional-diz-pesquisa\/\"},\"author\":{\"name\":\"Luzimara Fernandes\",\"@id\":\"https:\/\/jornalfatosenoticias.com.br\/#\/schema\/person\/d63837fa13ac8666eb9e74e0985d6f81\"},\"headline\":\"Polui\u00e7\u00e3o do ar aumenta risco de diabetes gestacional, diz pesquisa\",\"datePublished\":\"2021-10-18T13:39:37+00:00\",\"dateModified\":\"2021-10-18T13:39:42+00:00\",\"mainEntityOfPage\":{\"@id\":\"https:\/\/jornalfatosenoticias.com.br\/index.php\/2021\/10\/18\/poluicao-do-ar-aumenta-risco-de-diabetes-gestacional-diz-pesquisa\/\"},\"wordCount\":546,\"commentCount\":0,\"publisher\":{\"@id\":\"https:\/\/jornalfatosenoticias.com.br\/#organization\"},\"image\":{\"@id\":\"https:\/\/jornalfatosenoticias.com.br\/index.php\/2021\/10\/18\/poluicao-do-ar-aumenta-risco-de-diabetes-gestacional-diz-pesquisa\/#primaryimage\"},\"thumbnailUrl\":\"https:\/\/jornalfatosenoticias.com.br\/wp-content\/uploads\/2021\/10\/gravidez-poluicao_Shutterstock.jpg\",\"keywords\":[\"diabetes\",\"gestantes\",\"gravidez\",\"pesquisa\",\"polui\u00e7\u00e3o do ar\"],\"articleSection\":[\"Sa\u00fade\"],\"inLanguage\":\"pt-BR\",\"potentialAction\":[{\"@type\":\"CommentAction\",\"name\":\"Comment\",\"target\":[\"https:\/\/jornalfatosenoticias.com.br\/index.php\/2021\/10\/18\/poluicao-do-ar-aumenta-risco-de-diabetes-gestacional-diz-pesquisa\/#respond\"]}]},{\"@type\":\"WebPage\",\"@id\":\"https:\/\/jornalfatosenoticias.com.br\/index.php\/2021\/10\/18\/poluicao-do-ar-aumenta-risco-de-diabetes-gestacional-diz-pesquisa\/\",\"url\":\"https:\/\/jornalfatosenoticias.com.br\/index.php\/2021\/10\/18\/poluicao-do-ar-aumenta-risco-de-diabetes-gestacional-diz-pesquisa\/\",\"name\":\"Polui\u00e7\u00e3o do ar aumenta risco de diabetes gestacional, diz pesquisa - Jornal Fatos e Not\u00edcias\",\"isPartOf\":{\"@id\":\"https:\/\/jornalfatosenoticias.com.br\/#website\"},\"primaryImageOfPage\":{\"@id\":\"https:\/\/jornalfatosenoticias.com.br\/index.php\/2021\/10\/18\/poluicao-do-ar-aumenta-risco-de-diabetes-gestacional-diz-pesquisa\/#primaryimage\"},\"image\":{\"@id\":\"https:\/\/jornalfatosenoticias.com.br\/index.php\/2021\/10\/18\/poluicao-do-ar-aumenta-risco-de-diabetes-gestacional-diz-pesquisa\/#primaryimage\"},\"thumbnailUrl\":\"https:\/\/jornalfatosenoticias.com.br\/wp-content\/uploads\/2021\/10\/gravidez-poluicao_Shutterstock.jpg\",\"datePublished\":\"2021-10-18T13:39:37+00:00\",\"dateModified\":\"2021-10-18T13:39:42+00:00\",\"breadcrumb\":{\"@id\":\"https:\/\/jornalfatosenoticias.com.br\/index.php\/2021\/10\/18\/poluicao-do-ar-aumenta-risco-de-diabetes-gestacional-diz-pesquisa\/#breadcrumb\"},\"inLanguage\":\"pt-BR\",\"potentialAction\":[{\"@type\":\"ReadAction\",\"target\":[\"https:\/\/jornalfatosenoticias.com.br\/index.php\/2021\/10\/18\/poluicao-do-ar-aumenta-risco-de-diabetes-gestacional-diz-pesquisa\/\"]}]},{\"@type\":\"ImageObject\",\"inLanguage\":\"pt-BR\",\"@id\":\"https:\/\/jornalfatosenoticias.com.br\/index.php\/2021\/10\/18\/poluicao-do-ar-aumenta-risco-de-diabetes-gestacional-diz-pesquisa\/#primaryimage\",\"url\":\"https:\/\/jornalfatosenoticias.com.br\/wp-content\/uploads\/2021\/10\/gravidez-poluicao_Shutterstock.jpg\",\"contentUrl\":\"https:\/\/jornalfatosenoticias.com.br\/wp-content\/uploads\/2021\/10\/gravidez-poluicao_Shutterstock.jpg\",\"width\":1000,\"height\":527},{\"@type\":\"BreadcrumbList\",\"@id\":\"https:\/\/jornalfatosenoticias.com.br\/index.php\/2021\/10\/18\/poluicao-do-ar-aumenta-risco-de-diabetes-gestacional-diz-pesquisa\/#breadcrumb\",\"itemListElement\":[{\"@type\":\"ListItem\",\"position\":1,\"name\":\"In\u00edcio\",\"item\":\"https:\/\/jornalfatosenoticias.com.br\/\"},{\"@type\":\"ListItem\",\"position\":2,\"name\":\"Polui\u00e7\u00e3o do ar aumenta risco de diabetes gestacional, diz pesquisa\"}]},{\"@type\":\"WebSite\",\"@id\":\"https:\/\/jornalfatosenoticias.com.br\/#website\",\"url\":\"https:\/\/jornalfatosenoticias.com.br\/\",\"name\":\"Jornal Fatos e Not\u00edcias\",\"description\":\"Not\u00edcias em geral\",\"publisher\":{\"@id\":\"https:\/\/jornalfatosenoticias.com.br\/#organization\"},\"potentialAction\":[{\"@type\":\"SearchAction\",\"target\":{\"@type\":\"EntryPoint\",\"urlTemplate\":\"https:\/\/jornalfatosenoticias.com.br\/?s={search_term_string}\"},\"query-input\":{\"@type\":\"PropertyValueSpecification\",\"valueRequired\":true,\"valueName\":\"search_term_string\"}}],\"inLanguage\":\"pt-BR\"},{\"@type\":\"Organization\",\"@id\":\"https:\/\/jornalfatosenoticias.com.br\/#organization\",\"name\":\"Jornal Fatos e Not\u00edcias\",\"url\":\"https:\/\/jornalfatosenoticias.com.br\/\",\"logo\":{\"@type\":\"ImageObject\",\"inLanguage\":\"pt-BR\",\"@id\":\"https:\/\/jornalfatosenoticias.com.br\/#\/schema\/logo\/image\/\",\"url\":\"https:\/\/jornalfatosenoticias.com.br\/wp-content\/uploads\/2020\/02\/logo120.png\",\"contentUrl\":\"https:\/\/jornalfatosenoticias.com.br\/wp-content\/uploads\/2020\/02\/logo120.png\",\"width\":1227,\"height\":120,\"caption\":\"Jornal Fatos e Not\u00edcias\"},\"image\":{\"@id\":\"https:\/\/jornalfatosenoticias.com.br\/#\/schema\/logo\/image\/\"}},{\"@type\":\"Person\",\"@id\":\"https:\/\/jornalfatosenoticias.com.br\/#\/schema\/person\/d63837fa13ac8666eb9e74e0985d6f81\",\"name\":\"Luzimara Fernandes\",\"image\":{\"@type\":\"ImageObject\",\"inLanguage\":\"pt-BR\",\"@id\":\"https:\/\/jornalfatosenoticias.com.br\/#\/schema\/person\/image\/\",\"url\":\"https:\/\/jornalfatosenoticias.com.br\/wp-content\/uploads\/2025\/05\/EU_portal.jpg\",\"contentUrl\":\"https:\/\/jornalfatosenoticias.com.br\/wp-content\/uploads\/2025\/05\/EU_portal.jpg\",\"caption\":\"Luzimara Fernandes\"},\"description\":\"Jornalista MTB 2358-ES\",\"sameAs\":[\"https:\/\/jornalfatosenoticias.com.br\"],\"url\":\"https:\/\/jornalfatosenoticias.com.br\/index.php\/author\/luzimara\/\"}]}<\/script>\n<!-- \/ Yoast SEO plugin. -->","yoast_head_json":{"title":"Polui\u00e7\u00e3o do ar aumenta risco de diabetes gestacional, diz pesquisa - Jornal Fatos e Not\u00edcias","robots":{"index":"index","follow":"follow","max-snippet":"max-snippet:-1","max-image-preview":"max-image-preview:large","max-video-preview":"max-video-preview:-1"},"canonical":"https:\/\/jornalfatosenoticias.com.br\/index.php\/2021\/10\/18\/poluicao-do-ar-aumenta-risco-de-diabetes-gestacional-diz-pesquisa\/","og_locale":"pt_BR","og_type":"article","og_title":"Polui\u00e7\u00e3o do ar aumenta risco de diabetes gestacional, diz pesquisa - Jornal Fatos e Not\u00edcias","og_description":"Mulheres gr\u00e1vidas\u00a0expostas \u00e0\u00a0polui\u00e7\u00e3o do ar t\u00eam mais risco de desenvolver diabetes mellitus gestacional. Isso \u00e9 o que aponta um estudo conduzido pela Universidade da Calif\u00f3rnia, e publicado na edi\u00e7\u00e3o de setembro da revista Environment International.Normalmente, a diabetes gestacional est\u00e1 associada a um maior risco de problemas de sa\u00fade de curto e longo prazo, como diabetes [&hellip;]","og_url":"https:\/\/jornalfatosenoticias.com.br\/index.php\/2021\/10\/18\/poluicao-do-ar-aumenta-risco-de-diabetes-gestacional-diz-pesquisa\/","og_site_name":"Jornal Fatos e Not\u00edcias","article_published_time":"2021-10-18T13:39:37+00:00","article_modified_time":"2021-10-18T13:39:42+00:00","og_image":[{"width":1000,"height":527,"url":"https:\/\/jornalfatosenoticias.com.br\/wp-content\/uploads\/2021\/10\/gravidez-poluicao_Shutterstock.jpg","type":"image\/jpeg"}],"author":"Luzimara Fernandes","twitter_card":"summary_large_image","twitter_misc":{"Escrito por":"Luzimara Fernandes","Est. tempo de leitura":"3 minutos"},"schema":{"@context":"https:\/\/schema.org","@graph":[{"@type":"Article","@id":"https:\/\/jornalfatosenoticias.com.br\/index.php\/2021\/10\/18\/poluicao-do-ar-aumenta-risco-de-diabetes-gestacional-diz-pesquisa\/#article","isPartOf":{"@id":"https:\/\/jornalfatosenoticias.com.br\/index.php\/2021\/10\/18\/poluicao-do-ar-aumenta-risco-de-diabetes-gestacional-diz-pesquisa\/"},"author":{"name":"Luzimara Fernandes","@id":"https:\/\/jornalfatosenoticias.com.br\/#\/schema\/person\/d63837fa13ac8666eb9e74e0985d6f81"},"headline":"Polui\u00e7\u00e3o do ar aumenta risco de diabetes gestacional, diz pesquisa","datePublished":"2021-10-18T13:39:37+00:00","dateModified":"2021-10-18T13:39:42+00:00","mainEntityOfPage":{"@id":"https:\/\/jornalfatosenoticias.com.br\/index.php\/2021\/10\/18\/poluicao-do-ar-aumenta-risco-de-diabetes-gestacional-diz-pesquisa\/"},"wordCount":546,"commentCount":0,"publisher":{"@id":"https:\/\/jornalfatosenoticias.com.br\/#organization"},"image":{"@id":"https:\/\/jornalfatosenoticias.com.br\/index.php\/2021\/10\/18\/poluicao-do-ar-aumenta-risco-de-diabetes-gestacional-diz-pesquisa\/#primaryimage"},"thumbnailUrl":"https:\/\/jornalfatosenoticias.com.br\/wp-content\/uploads\/2021\/10\/gravidez-poluicao_Shutterstock.jpg","keywords":["diabetes","gestantes","gravidez","pesquisa","polui\u00e7\u00e3o do ar"],"articleSection":["Sa\u00fade"],"inLanguage":"pt-BR","potentialAction":[{"@type":"CommentAction","name":"Comment","target":["https:\/\/jornalfatosenoticias.com.br\/index.php\/2021\/10\/18\/poluicao-do-ar-aumenta-risco-de-diabetes-gestacional-diz-pesquisa\/#respond"]}]},{"@type":"WebPage","@id":"https:\/\/jornalfatosenoticias.com.br\/index.php\/2021\/10\/18\/poluicao-do-ar-aumenta-risco-de-diabetes-gestacional-diz-pesquisa\/","url":"https:\/\/jornalfatosenoticias.com.br\/index.php\/2021\/10\/18\/poluicao-do-ar-aumenta-risco-de-diabetes-gestacional-diz-pesquisa\/","name":"Polui\u00e7\u00e3o do ar aumenta risco de diabetes gestacional, diz pesquisa - Jornal Fatos e Not\u00edcias","isPartOf":{"@id":"https:\/\/jornalfatosenoticias.com.br\/#website"},"primaryImageOfPage":{"@id":"https:\/\/jornalfatosenoticias.com.br\/index.php\/2021\/10\/18\/poluicao-do-ar-aumenta-risco-de-diabetes-gestacional-diz-pesquisa\/#primaryimage"},"image":{"@id":"https:\/\/jornalfatosenoticias.com.br\/index.php\/2021\/10\/18\/poluicao-do-ar-aumenta-risco-de-diabetes-gestacional-diz-pesquisa\/#primaryimage"},"thumbnailUrl":"https:\/\/jornalfatosenoticias.com.br\/wp-content\/uploads\/2021\/10\/gravidez-poluicao_Shutterstock.jpg","datePublished":"2021-10-18T13:39:37+00:00","dateModified":"2021-10-18T13:39:42+00:00","breadcrumb":{"@id":"https:\/\/jornalfatosenoticias.com.br\/index.php\/2021\/10\/18\/poluicao-do-ar-aumenta-risco-de-diabetes-gestacional-diz-pesquisa\/#breadcrumb"},"inLanguage":"pt-BR","potentialAction":[{"@type":"ReadAction","target":["https:\/\/jornalfatosenoticias.com.br\/index.php\/2021\/10\/18\/poluicao-do-ar-aumenta-risco-de-diabetes-gestacional-diz-pesquisa\/"]}]},{"@type":"ImageObject","inLanguage":"pt-BR","@id":"https:\/\/jornalfatosenoticias.com.br\/index.php\/2021\/10\/18\/poluicao-do-ar-aumenta-risco-de-diabetes-gestacional-diz-pesquisa\/#primaryimage","url":"https:\/\/jornalfatosenoticias.com.br\/wp-content\/uploads\/2021\/10\/gravidez-poluicao_Shutterstock.jpg","contentUrl":"https:\/\/jornalfatosenoticias.com.br\/wp-content\/uploads\/2021\/10\/gravidez-poluicao_Shutterstock.jpg","width":1000,"height":527},{"@type":"BreadcrumbList","@id":"https:\/\/jornalfatosenoticias.com.br\/index.php\/2021\/10\/18\/poluicao-do-ar-aumenta-risco-de-diabetes-gestacional-diz-pesquisa\/#breadcrumb","itemListElement":[{"@type":"ListItem","position":1,"name":"In\u00edcio","item":"https:\/\/jornalfatosenoticias.com.br\/"},{"@type":"ListItem","position":2,"name":"Polui\u00e7\u00e3o do ar aumenta risco de diabetes gestacional, diz pesquisa"}]},{"@type":"WebSite","@id":"https:\/\/jornalfatosenoticias.com.br\/#website","url":"https:\/\/jornalfatosenoticias.com.br\/","name":"Jornal Fatos e Not\u00edcias","description":"Not\u00edcias em geral","publisher":{"@id":"https:\/\/jornalfatosenoticias.com.br\/#organization"},"potentialAction":[{"@type":"SearchAction","target":{"@type":"EntryPoint","urlTemplate":"https:\/\/jornalfatosenoticias.com.br\/?s={search_term_string}"},"query-input":{"@type":"PropertyValueSpecification","valueRequired":true,"valueName":"search_term_string"}}],"inLanguage":"pt-BR"},{"@type":"Organization","@id":"https:\/\/jornalfatosenoticias.com.br\/#organization","name":"Jornal Fatos e Not\u00edcias","url":"https:\/\/jornalfatosenoticias.com.br\/","logo":{"@type":"ImageObject","inLanguage":"pt-BR","@id":"https:\/\/jornalfatosenoticias.com.br\/#\/schema\/logo\/image\/","url":"https:\/\/jornalfatosenoticias.com.br\/wp-content\/uploads\/2020\/02\/logo120.png","contentUrl":"https:\/\/jornalfatosenoticias.com.br\/wp-content\/uploads\/2020\/02\/logo120.png","width":1227,"height":120,"caption":"Jornal Fatos e Not\u00edcias"},"image":{"@id":"https:\/\/jornalfatosenoticias.com.br\/#\/schema\/logo\/image\/"}},{"@type":"Person","@id":"https:\/\/jornalfatosenoticias.com.br\/#\/schema\/person\/d63837fa13ac8666eb9e74e0985d6f81","name":"Luzimara Fernandes","image":{"@type":"ImageObject","inLanguage":"pt-BR","@id":"https:\/\/jornalfatosenoticias.com.br\/#\/schema\/person\/image\/","url":"https:\/\/jornalfatosenoticias.com.br\/wp-content\/uploads\/2025\/05\/EU_portal.jpg","contentUrl":"https:\/\/jornalfatosenoticias.com.br\/wp-content\/uploads\/2025\/05\/EU_portal.jpg","caption":"Luzimara Fernandes"},"description":"Jornalista MTB 2358-ES","sameAs":["https:\/\/jornalfatosenoticias.com.br"],"url":"https:\/\/jornalfatosenoticias.com.br\/index.php\/author\/luzimara\/"}]}},"cc_featured_image_caption":{"caption_text":"(Foto: Shutterstock) ","source_text":"","source_url":""},"jetpack_featured_media_url":"https:\/\/jornalfatosenoticias.com.br\/wp-content\/uploads\/2021\/10\/gravidez-poluicao_Shutterstock.jpg","_links":{"self":[{"href":"https:\/\/jornalfatosenoticias.com.br\/index.php\/wp-json\/wp\/v2\/posts\/23989","targetHints":{"allow":["GET"]}}],"collection":[{"href":"https:\/\/jornalfatosenoticias.com.br\/index.php\/wp-json\/wp\/v2\/posts"}],"about":[{"href":"https:\/\/jornalfatosenoticias.com.br\/index.php\/wp-json\/wp\/v2\/types\/post"}],"author":[{"embeddable":true,"href":"https:\/\/jornalfatosenoticias.com.br\/index.php\/wp-json\/wp\/v2\/users\/2"}],"replies":[{"embeddable":true,"href":"https:\/\/jornalfatosenoticias.com.br\/index.php\/wp-json\/wp\/v2\/comments?post=23989"}],"version-history":[{"count":0,"href":"https:\/\/jornalfatosenoticias.com.br\/index.php\/wp-json\/wp\/v2\/posts\/23989\/revisions"}],"wp:featuredmedia":[{"embeddable":true,"href":"https:\/\/jornalfatosenoticias.com.br\/index.php\/wp-json\/wp\/v2\/media\/23990"}],"wp:attachment":[{"href":"https:\/\/jornalfatosenoticias.com.br\/index.php\/wp-json\/wp\/v2\/media?parent=23989"}],"wp:term":[{"taxonomy":"category","embeddable":true,"href":"https:\/\/jornalfatosenoticias.com.br\/index.php\/wp-json\/wp\/v2\/categories?post=23989"},{"taxonomy":"post_tag","embeddable":true,"href":"https:\/\/jornalfatosenoticias.com.br\/index.php\/wp-json\/wp\/v2\/tags?post=23989"}],"curies":[{"name":"wp","href":"https:\/\/api.w.org\/{rel}","templated":true}]}}