{"id":23996,"date":"2021-10-18T11:01:51","date_gmt":"2021-10-18T14:01:51","guid":{"rendered":"https:\/\/jornalfatosenoticias.com.br\/?p=23996"},"modified":"2021-10-18T11:01:55","modified_gmt":"2021-10-18T14:01:55","slug":"levantamento-aponta-alto-consumo-de-alcool-entre-idosos","status":"publish","type":"post","link":"https:\/\/jornalfatosenoticias.com.br\/index.php\/2021\/10\/18\/levantamento-aponta-alto-consumo-de-alcool-entre-idosos\/","title":{"rendered":"Levantamento aponta alto consumo de \u00e1lcool entre idosos"},"content":{"rendered":"\n<p><em><span class=\"has-inline-color has-black-color\">Pesquisa conduzida na Unifesp sugere que 23,7% dos brasileiros com mais de 60 anos costumam ingerir bebidas alco\u00f3licas, sendo que 6,7% podem ser considerados \u201cbebedores de risco\u201d. Grupo prop\u00f4s interven\u00e7\u00e3o breve para combater o problema<\/span><\/em><\/p>\n\n\n\n<p>Estudo conduzido na Universidade Federal de S\u00e3o Paulo (Unifesp) indica que aproximadamente um em cada quatro brasileiros (23,7%) com 60 anos ou mais consome <a href=\"https:\/\/www.ecycle.com.br\/alcoolismo\/\">\u00e1lcool<\/a>. Al\u00e9m disso, 6,7% (aproximadamente dois milh\u00f5es de idosos) relatam ter ingerido no \u00faltimo m\u00eas v\u00e1rias doses em uma ocasi\u00e3o \u2014 padr\u00e3o de consumo abusivo conhecido como\u00a0<em>binge drinking<\/em>. E 3,8% (mais de um milh\u00e3o) costumam beber, em uma semana t\u00edpica, quantidades que podem colocar em risco sua sa\u00fade.<br>Para estimar a preval\u00eancia dos padr\u00f5es de consumo de \u00e1lcool da popula\u00e7\u00e3o geral idosa, o grupo da Escola Paulista de Medicina (EPM-Unifesp) fez uma an\u00e1lise dos dados da linha de base do Estudo Longitudinal da Sa\u00fade dos <a href=\"https:\/\/www.ecycle.com.br\/saude-de-idosos-negros-no-municipio-de-sao-paulo-e-pior-que-a-de-idosos-brancos-aponta-estudo\/\">Idosos<\/a>\u00a0Brasileiros (<a href=\"http:\/\/elsi.cpqrr.fiocruz.br\/\" target=\"_blank\" rel=\"noreferrer noopener\">ELSI-Brasil<\/a>), com uma amostra de 5.432 brasileiros acima de 60 anos. Tamb\u00e9m se buscou avaliar os padr\u00f5es de consumo de \u00e1lcool em idosos da aten\u00e7\u00e3o prim\u00e1ria (primeiros atendimentos m\u00e9dicos). Para isso, foram utilizados dados da triagem inicial do ensaio cl\u00ednico realizado em sete Unidades B\u00e1sicas de Sa\u00fade (UBSs) com 503 participantes.<br>Em ambos os estudos foram identificados fatores sociodemogr\u00e1ficos, comportamentais e de sa\u00fade associados aos diferentes padr\u00f5es de consumo. A ingest\u00e3o de \u00e1lcool foi mais comum na regi\u00e3o Sudeste e na aten\u00e7\u00e3o prim\u00e1ria, quando comparada \u00e0 popula\u00e7\u00e3o idosa geral. Em ambos os grupos estudados (idosos em geral e aten\u00e7\u00e3o prim\u00e1ria), os homens relataram maior consumo de \u00e1lcool (tanto em quantidade quanto em rela\u00e7\u00e3o ao consumo no padr\u00e3o <em>binge<\/em>), bem como os mais jovens e aqueles com maior\u00a0<a href=\"https:\/\/www.ecycle.com.br\/quanto-mais-idoso-e-mais-baixa-a-escolaridade-maior-o-risco-de-demencia-mostra-estudo\/\">escolaridade<\/a>.<br>Financiada pela Fapesp por meio do Projeto Tem\u00e1tico \u201c<a href=\"https:\/\/bv.fapesp.br\/pt\/auxilios\/95187\/\" target=\"_blank\" rel=\"noreferrer noopener\">Interven\u00e7\u00f5es inovadoras frente a problemas relacionados ao consumo do \u00e1lcool no Brasil: busca de novas abordagens para uma antiga quest\u00e3o de sa\u00fade p\u00fablica<\/a>\u201d, a pesquisa e seus desdobramentos foram recentemente publicados nos peri\u00f3dicos cient\u00edficos\u00a0<em><a href=\"https:\/\/www.tandfonline.com\/doi\/abs\/10.1080\/10826084.2019.1592196?journalCode=isum20\" target=\"_blank\" rel=\"noreferrer noopener\">Substance Use &amp; Misuse<\/a><\/em>\u00a0e\u00a0<em><a href=\"https:\/\/europepmc.org\/article\/pmc\/pmc8118080\" target=\"_blank\" rel=\"noreferrer noopener\">BMJ Open<\/a><\/em>.<br>De acordo com Tassiane de Paula, primeira autora dos artigos, \u201c\u00e9 fundamental entender esse problema para propor estrat\u00e9gias para redu\u00e7\u00e3o do consumo de <a href=\"https:\/\/www.ecycle.com.br\/laboratorio-da-usp-produz-e-distribui-sabonete-liquido-e-alcool-em-gel-em-acao-social\/\">\u00e1lcool<\/a> entre os idosos\u201d.<\/p>\n\n\n\n<p><strong><span class=\"has-inline-color has-black-color\">Interven\u00e7\u00e3o de baixo custo<br><\/span><\/strong>O grupo desenvolveu uma proposta de Interven\u00e7\u00e3o Breve para Idosos (IBI) e elaborou um protocolo para testar a efetividade dessa interven\u00e7\u00e3o na aten\u00e7\u00e3o prim\u00e1ria, administrada por agentes comunit\u00e1rios de <a href=\"https:\/\/www.ecycle.com.br\/filmes-de-terror\/\">sa\u00fade<\/a>, com apenas 6% de recusa entre os primeiros 80 participantes recrutados.<\/p>\n\n\n\n<blockquote class=\"wp-block-quote is-layout-flow wp-block-quote-is-layout-flow\"><p><span class=\"has-inline-color has-luminous-vivid-orange-color\">\u201cAs evid\u00eancias sugerem que interven\u00e7\u00f5es breves s\u00e3o eficazes na redu\u00e7\u00e3o do consumo de \u00e1lcool entre adultos mais velhos. No entanto, a efic\u00e1cia dessas interven\u00e7\u00f5es quando realizadas por agentes comunit\u00e1rios de sa\u00fade em um ambiente de aten\u00e7\u00e3o prim\u00e1ria \u00e0 sa\u00fade \u00e9 desconhecida. At\u00e9 onde sabemos, este ser\u00e1 o primeiro ensaio cl\u00ednico randomizado a examinar isso\u201d, escreveram as pesquisadoras no artigo publicado.<\/span><\/p><\/blockquote>\n\n\n\n<p>Duzentos e quarenta e dois indiv\u00edduos considerados bebedores de risco ser\u00e3o recrutados e alocados aleatoriamente para receber o atendimento usual (lista de espera) ou atendimento usual mais uma interven\u00e7\u00e3o breve realizada por agentes comunit\u00e1rios de sa\u00fade treinados em UBS que fazem parte do Sistema \u00danico de Sa\u00fade (<a href=\"https:\/\/www.ecycle.com.br\/lei-13-186-15-politica-de-educacao-para-o-consumo-sustentavel\/\">SUS<\/a>).<\/p>\n\n\n\n<p><strong><em>Fonte: <a href=\"https:\/\/www.ecycle.com.br\/levantamento-aponta-alto-consumo-de-alcool-entre-idosos\/\">eCycle<\/a><\/em><\/strong><\/p>\n","protected":false},"excerpt":{"rendered":"<p>Pesquisa conduzida na Unifesp sugere que 23,7% dos brasileiros com mais de 60 anos costumam ingerir bebidas alco\u00f3licas, sendo que 6,7% podem ser considerados \u201cbebedores de risco\u201d. Grupo prop\u00f4s interven\u00e7\u00e3o breve para combater o problema Estudo conduzido na Universidade Federal de S\u00e3o Paulo (Unifesp) indica que aproximadamente um em cada quatro brasileiros (23,7%) com 60 [&hellip;]<\/p>\n","protected":false},"author":2,"featured_media":23997,"comment_status":"open","ping_status":"open","sticky":false,"template":"","format":"standard","meta":{"footnotes":""},"categories":[2522],"tags":[11092,113,115],"class_list":["post-23996","post","type-post","status-publish","format-standard","has-post-thumbnail","hentry","category-comportamento","tag-consumo-de-alcool-entre-idosos","tag-fapesp","tag-pesquisa"],"yoast_head":"<!-- This site is optimized with the Yoast SEO plugin v26.5 - https:\/\/yoast.com\/wordpress\/plugins\/seo\/ -->\n<title>Levantamento aponta alto consumo de \u00e1lcool entre idosos - Jornal Fatos e Not\u00edcias<\/title>\n<meta name=\"robots\" content=\"index, follow, max-snippet:-1, max-image-preview:large, max-video-preview:-1\" \/>\n<link rel=\"canonical\" href=\"https:\/\/jornalfatosenoticias.com.br\/index.php\/2021\/10\/18\/levantamento-aponta-alto-consumo-de-alcool-entre-idosos\/\" \/>\n<meta property=\"og:locale\" content=\"pt_BR\" \/>\n<meta property=\"og:type\" content=\"article\" \/>\n<meta property=\"og:title\" content=\"Levantamento aponta alto consumo de \u00e1lcool entre idosos - Jornal Fatos e Not\u00edcias\" \/>\n<meta property=\"og:description\" content=\"Pesquisa conduzida na Unifesp sugere que 23,7% dos brasileiros com mais de 60 anos costumam ingerir bebidas alco\u00f3licas, sendo que 6,7% podem ser considerados \u201cbebedores de risco\u201d. Grupo prop\u00f4s interven\u00e7\u00e3o breve para combater o problema Estudo conduzido na Universidade Federal de S\u00e3o Paulo (Unifesp) indica que aproximadamente um em cada quatro brasileiros (23,7%) com 60 [&hellip;]\" \/>\n<meta property=\"og:url\" content=\"https:\/\/jornalfatosenoticias.com.br\/index.php\/2021\/10\/18\/levantamento-aponta-alto-consumo-de-alcool-entre-idosos\/\" \/>\n<meta property=\"og:site_name\" content=\"Jornal Fatos e Not\u00edcias\" \/>\n<meta property=\"article:published_time\" content=\"2021-10-18T14:01:51+00:00\" \/>\n<meta property=\"article:modified_time\" content=\"2021-10-18T14:01:55+00:00\" \/>\n<meta property=\"og:image\" content=\"https:\/\/jornalfatosenoticias.com.br\/wp-content\/uploads\/2021\/10\/consumo-de-alcool_idosos_vinicius-amnx-amano-unsplash.jpg\" \/>\n\t<meta property=\"og:image:width\" content=\"1000\" \/>\n\t<meta property=\"og:image:height\" content=\"634\" \/>\n\t<meta property=\"og:image:type\" content=\"image\/jpeg\" \/>\n<meta name=\"author\" content=\"Luzimara Fernandes\" \/>\n<meta name=\"twitter:card\" content=\"summary_large_image\" \/>\n<meta name=\"twitter:label1\" content=\"Escrito por\" \/>\n\t<meta name=\"twitter:data1\" content=\"Luzimara Fernandes\" \/>\n\t<meta name=\"twitter:label2\" content=\"Est. tempo de leitura\" \/>\n\t<meta name=\"twitter:data2\" content=\"3 minutos\" \/>\n<script type=\"application\/ld+json\" class=\"yoast-schema-graph\">{\"@context\":\"https:\/\/schema.org\",\"@graph\":[{\"@type\":\"Article\",\"@id\":\"https:\/\/jornalfatosenoticias.com.br\/index.php\/2021\/10\/18\/levantamento-aponta-alto-consumo-de-alcool-entre-idosos\/#article\",\"isPartOf\":{\"@id\":\"https:\/\/jornalfatosenoticias.com.br\/index.php\/2021\/10\/18\/levantamento-aponta-alto-consumo-de-alcool-entre-idosos\/\"},\"author\":{\"name\":\"Luzimara Fernandes\",\"@id\":\"https:\/\/jornalfatosenoticias.com.br\/#\/schema\/person\/d63837fa13ac8666eb9e74e0985d6f81\"},\"headline\":\"Levantamento aponta alto consumo de \u00e1lcool entre idosos\",\"datePublished\":\"2021-10-18T14:01:51+00:00\",\"dateModified\":\"2021-10-18T14:01:55+00:00\",\"mainEntityOfPage\":{\"@id\":\"https:\/\/jornalfatosenoticias.com.br\/index.php\/2021\/10\/18\/levantamento-aponta-alto-consumo-de-alcool-entre-idosos\/\"},\"wordCount\":569,\"commentCount\":0,\"publisher\":{\"@id\":\"https:\/\/jornalfatosenoticias.com.br\/#organization\"},\"image\":{\"@id\":\"https:\/\/jornalfatosenoticias.com.br\/index.php\/2021\/10\/18\/levantamento-aponta-alto-consumo-de-alcool-entre-idosos\/#primaryimage\"},\"thumbnailUrl\":\"https:\/\/jornalfatosenoticias.com.br\/wp-content\/uploads\/2021\/10\/consumo-de-alcool_idosos_vinicius-amnx-amano-unsplash.jpg\",\"keywords\":[\"consumo de \u00e1lcool entre idosos\",\"fapesp\",\"pesquisa\"],\"articleSection\":[\"Comportamento &amp; Equil\u00edbrio\"],\"inLanguage\":\"pt-BR\",\"potentialAction\":[{\"@type\":\"CommentAction\",\"name\":\"Comment\",\"target\":[\"https:\/\/jornalfatosenoticias.com.br\/index.php\/2021\/10\/18\/levantamento-aponta-alto-consumo-de-alcool-entre-idosos\/#respond\"]}]},{\"@type\":\"WebPage\",\"@id\":\"https:\/\/jornalfatosenoticias.com.br\/index.php\/2021\/10\/18\/levantamento-aponta-alto-consumo-de-alcool-entre-idosos\/\",\"url\":\"https:\/\/jornalfatosenoticias.com.br\/index.php\/2021\/10\/18\/levantamento-aponta-alto-consumo-de-alcool-entre-idosos\/\",\"name\":\"Levantamento aponta alto consumo de \u00e1lcool entre idosos - Jornal Fatos e Not\u00edcias\",\"isPartOf\":{\"@id\":\"https:\/\/jornalfatosenoticias.com.br\/#website\"},\"primaryImageOfPage\":{\"@id\":\"https:\/\/jornalfatosenoticias.com.br\/index.php\/2021\/10\/18\/levantamento-aponta-alto-consumo-de-alcool-entre-idosos\/#primaryimage\"},\"image\":{\"@id\":\"https:\/\/jornalfatosenoticias.com.br\/index.php\/2021\/10\/18\/levantamento-aponta-alto-consumo-de-alcool-entre-idosos\/#primaryimage\"},\"thumbnailUrl\":\"https:\/\/jornalfatosenoticias.com.br\/wp-content\/uploads\/2021\/10\/consumo-de-alcool_idosos_vinicius-amnx-amano-unsplash.jpg\",\"datePublished\":\"2021-10-18T14:01:51+00:00\",\"dateModified\":\"2021-10-18T14:01:55+00:00\",\"breadcrumb\":{\"@id\":\"https:\/\/jornalfatosenoticias.com.br\/index.php\/2021\/10\/18\/levantamento-aponta-alto-consumo-de-alcool-entre-idosos\/#breadcrumb\"},\"inLanguage\":\"pt-BR\",\"potentialAction\":[{\"@type\":\"ReadAction\",\"target\":[\"https:\/\/jornalfatosenoticias.com.br\/index.php\/2021\/10\/18\/levantamento-aponta-alto-consumo-de-alcool-entre-idosos\/\"]}]},{\"@type\":\"ImageObject\",\"inLanguage\":\"pt-BR\",\"@id\":\"https:\/\/jornalfatosenoticias.com.br\/index.php\/2021\/10\/18\/levantamento-aponta-alto-consumo-de-alcool-entre-idosos\/#primaryimage\",\"url\":\"https:\/\/jornalfatosenoticias.com.br\/wp-content\/uploads\/2021\/10\/consumo-de-alcool_idosos_vinicius-amnx-amano-unsplash.jpg\",\"contentUrl\":\"https:\/\/jornalfatosenoticias.com.br\/wp-content\/uploads\/2021\/10\/consumo-de-alcool_idosos_vinicius-amnx-amano-unsplash.jpg\",\"width\":1000,\"height\":634},{\"@type\":\"BreadcrumbList\",\"@id\":\"https:\/\/jornalfatosenoticias.com.br\/index.php\/2021\/10\/18\/levantamento-aponta-alto-consumo-de-alcool-entre-idosos\/#breadcrumb\",\"itemListElement\":[{\"@type\":\"ListItem\",\"position\":1,\"name\":\"In\u00edcio\",\"item\":\"https:\/\/jornalfatosenoticias.com.br\/\"},{\"@type\":\"ListItem\",\"position\":2,\"name\":\"Levantamento aponta alto consumo de \u00e1lcool entre idosos\"}]},{\"@type\":\"WebSite\",\"@id\":\"https:\/\/jornalfatosenoticias.com.br\/#website\",\"url\":\"https:\/\/jornalfatosenoticias.com.br\/\",\"name\":\"Jornal Fatos e Not\u00edcias\",\"description\":\"Not\u00edcias em geral\",\"publisher\":{\"@id\":\"https:\/\/jornalfatosenoticias.com.br\/#organization\"},\"potentialAction\":[{\"@type\":\"SearchAction\",\"target\":{\"@type\":\"EntryPoint\",\"urlTemplate\":\"https:\/\/jornalfatosenoticias.com.br\/?s={search_term_string}\"},\"query-input\":{\"@type\":\"PropertyValueSpecification\",\"valueRequired\":true,\"valueName\":\"search_term_string\"}}],\"inLanguage\":\"pt-BR\"},{\"@type\":\"Organization\",\"@id\":\"https:\/\/jornalfatosenoticias.com.br\/#organization\",\"name\":\"Jornal Fatos e Not\u00edcias\",\"url\":\"https:\/\/jornalfatosenoticias.com.br\/\",\"logo\":{\"@type\":\"ImageObject\",\"inLanguage\":\"pt-BR\",\"@id\":\"https:\/\/jornalfatosenoticias.com.br\/#\/schema\/logo\/image\/\",\"url\":\"https:\/\/jornalfatosenoticias.com.br\/wp-content\/uploads\/2020\/02\/logo120.png\",\"contentUrl\":\"https:\/\/jornalfatosenoticias.com.br\/wp-content\/uploads\/2020\/02\/logo120.png\",\"width\":1227,\"height\":120,\"caption\":\"Jornal Fatos e Not\u00edcias\"},\"image\":{\"@id\":\"https:\/\/jornalfatosenoticias.com.br\/#\/schema\/logo\/image\/\"}},{\"@type\":\"Person\",\"@id\":\"https:\/\/jornalfatosenoticias.com.br\/#\/schema\/person\/d63837fa13ac8666eb9e74e0985d6f81\",\"name\":\"Luzimara Fernandes\",\"image\":{\"@type\":\"ImageObject\",\"inLanguage\":\"pt-BR\",\"@id\":\"https:\/\/jornalfatosenoticias.com.br\/#\/schema\/person\/image\/\",\"url\":\"https:\/\/jornalfatosenoticias.com.br\/wp-content\/uploads\/2025\/05\/EU_portal.jpg\",\"contentUrl\":\"https:\/\/jornalfatosenoticias.com.br\/wp-content\/uploads\/2025\/05\/EU_portal.jpg\",\"caption\":\"Luzimara Fernandes\"},\"description\":\"Jornalista MTB 2358-ES\",\"sameAs\":[\"https:\/\/jornalfatosenoticias.com.br\"],\"url\":\"https:\/\/jornalfatosenoticias.com.br\/index.php\/author\/luzimara\/\"}]}<\/script>\n<!-- \/ Yoast SEO plugin. -->","yoast_head_json":{"title":"Levantamento aponta alto consumo de \u00e1lcool entre idosos - Jornal Fatos e Not\u00edcias","robots":{"index":"index","follow":"follow","max-snippet":"max-snippet:-1","max-image-preview":"max-image-preview:large","max-video-preview":"max-video-preview:-1"},"canonical":"https:\/\/jornalfatosenoticias.com.br\/index.php\/2021\/10\/18\/levantamento-aponta-alto-consumo-de-alcool-entre-idosos\/","og_locale":"pt_BR","og_type":"article","og_title":"Levantamento aponta alto consumo de \u00e1lcool entre idosos - Jornal Fatos e Not\u00edcias","og_description":"Pesquisa conduzida na Unifesp sugere que 23,7% dos brasileiros com mais de 60 anos costumam ingerir bebidas alco\u00f3licas, sendo que 6,7% podem ser considerados \u201cbebedores de risco\u201d. Grupo prop\u00f4s interven\u00e7\u00e3o breve para combater o problema Estudo conduzido na Universidade Federal de S\u00e3o Paulo (Unifesp) indica que aproximadamente um em cada quatro brasileiros (23,7%) com 60 [&hellip;]","og_url":"https:\/\/jornalfatosenoticias.com.br\/index.php\/2021\/10\/18\/levantamento-aponta-alto-consumo-de-alcool-entre-idosos\/","og_site_name":"Jornal Fatos e Not\u00edcias","article_published_time":"2021-10-18T14:01:51+00:00","article_modified_time":"2021-10-18T14:01:55+00:00","og_image":[{"width":1000,"height":634,"url":"https:\/\/jornalfatosenoticias.com.br\/wp-content\/uploads\/2021\/10\/consumo-de-alcool_idosos_vinicius-amnx-amano-unsplash.jpg","type":"image\/jpeg"}],"author":"Luzimara Fernandes","twitter_card":"summary_large_image","twitter_misc":{"Escrito por":"Luzimara Fernandes","Est. tempo de leitura":"3 minutos"},"schema":{"@context":"https:\/\/schema.org","@graph":[{"@type":"Article","@id":"https:\/\/jornalfatosenoticias.com.br\/index.php\/2021\/10\/18\/levantamento-aponta-alto-consumo-de-alcool-entre-idosos\/#article","isPartOf":{"@id":"https:\/\/jornalfatosenoticias.com.br\/index.php\/2021\/10\/18\/levantamento-aponta-alto-consumo-de-alcool-entre-idosos\/"},"author":{"name":"Luzimara Fernandes","@id":"https:\/\/jornalfatosenoticias.com.br\/#\/schema\/person\/d63837fa13ac8666eb9e74e0985d6f81"},"headline":"Levantamento aponta alto consumo de \u00e1lcool entre idosos","datePublished":"2021-10-18T14:01:51+00:00","dateModified":"2021-10-18T14:01:55+00:00","mainEntityOfPage":{"@id":"https:\/\/jornalfatosenoticias.com.br\/index.php\/2021\/10\/18\/levantamento-aponta-alto-consumo-de-alcool-entre-idosos\/"},"wordCount":569,"commentCount":0,"publisher":{"@id":"https:\/\/jornalfatosenoticias.com.br\/#organization"},"image":{"@id":"https:\/\/jornalfatosenoticias.com.br\/index.php\/2021\/10\/18\/levantamento-aponta-alto-consumo-de-alcool-entre-idosos\/#primaryimage"},"thumbnailUrl":"https:\/\/jornalfatosenoticias.com.br\/wp-content\/uploads\/2021\/10\/consumo-de-alcool_idosos_vinicius-amnx-amano-unsplash.jpg","keywords":["consumo de \u00e1lcool entre idosos","fapesp","pesquisa"],"articleSection":["Comportamento &amp; Equil\u00edbrio"],"inLanguage":"pt-BR","potentialAction":[{"@type":"CommentAction","name":"Comment","target":["https:\/\/jornalfatosenoticias.com.br\/index.php\/2021\/10\/18\/levantamento-aponta-alto-consumo-de-alcool-entre-idosos\/#respond"]}]},{"@type":"WebPage","@id":"https:\/\/jornalfatosenoticias.com.br\/index.php\/2021\/10\/18\/levantamento-aponta-alto-consumo-de-alcool-entre-idosos\/","url":"https:\/\/jornalfatosenoticias.com.br\/index.php\/2021\/10\/18\/levantamento-aponta-alto-consumo-de-alcool-entre-idosos\/","name":"Levantamento aponta alto consumo de \u00e1lcool entre idosos - Jornal Fatos e Not\u00edcias","isPartOf":{"@id":"https:\/\/jornalfatosenoticias.com.br\/#website"},"primaryImageOfPage":{"@id":"https:\/\/jornalfatosenoticias.com.br\/index.php\/2021\/10\/18\/levantamento-aponta-alto-consumo-de-alcool-entre-idosos\/#primaryimage"},"image":{"@id":"https:\/\/jornalfatosenoticias.com.br\/index.php\/2021\/10\/18\/levantamento-aponta-alto-consumo-de-alcool-entre-idosos\/#primaryimage"},"thumbnailUrl":"https:\/\/jornalfatosenoticias.com.br\/wp-content\/uploads\/2021\/10\/consumo-de-alcool_idosos_vinicius-amnx-amano-unsplash.jpg","datePublished":"2021-10-18T14:01:51+00:00","dateModified":"2021-10-18T14:01:55+00:00","breadcrumb":{"@id":"https:\/\/jornalfatosenoticias.com.br\/index.php\/2021\/10\/18\/levantamento-aponta-alto-consumo-de-alcool-entre-idosos\/#breadcrumb"},"inLanguage":"pt-BR","potentialAction":[{"@type":"ReadAction","target":["https:\/\/jornalfatosenoticias.com.br\/index.php\/2021\/10\/18\/levantamento-aponta-alto-consumo-de-alcool-entre-idosos\/"]}]},{"@type":"ImageObject","inLanguage":"pt-BR","@id":"https:\/\/jornalfatosenoticias.com.br\/index.php\/2021\/10\/18\/levantamento-aponta-alto-consumo-de-alcool-entre-idosos\/#primaryimage","url":"https:\/\/jornalfatosenoticias.com.br\/wp-content\/uploads\/2021\/10\/consumo-de-alcool_idosos_vinicius-amnx-amano-unsplash.jpg","contentUrl":"https:\/\/jornalfatosenoticias.com.br\/wp-content\/uploads\/2021\/10\/consumo-de-alcool_idosos_vinicius-amnx-amano-unsplash.jpg","width":1000,"height":634},{"@type":"BreadcrumbList","@id":"https:\/\/jornalfatosenoticias.com.br\/index.php\/2021\/10\/18\/levantamento-aponta-alto-consumo-de-alcool-entre-idosos\/#breadcrumb","itemListElement":[{"@type":"ListItem","position":1,"name":"In\u00edcio","item":"https:\/\/jornalfatosenoticias.com.br\/"},{"@type":"ListItem","position":2,"name":"Levantamento aponta alto consumo de \u00e1lcool entre idosos"}]},{"@type":"WebSite","@id":"https:\/\/jornalfatosenoticias.com.br\/#website","url":"https:\/\/jornalfatosenoticias.com.br\/","name":"Jornal Fatos e Not\u00edcias","description":"Not\u00edcias em geral","publisher":{"@id":"https:\/\/jornalfatosenoticias.com.br\/#organization"},"potentialAction":[{"@type":"SearchAction","target":{"@type":"EntryPoint","urlTemplate":"https:\/\/jornalfatosenoticias.com.br\/?s={search_term_string}"},"query-input":{"@type":"PropertyValueSpecification","valueRequired":true,"valueName":"search_term_string"}}],"inLanguage":"pt-BR"},{"@type":"Organization","@id":"https:\/\/jornalfatosenoticias.com.br\/#organization","name":"Jornal Fatos e Not\u00edcias","url":"https:\/\/jornalfatosenoticias.com.br\/","logo":{"@type":"ImageObject","inLanguage":"pt-BR","@id":"https:\/\/jornalfatosenoticias.com.br\/#\/schema\/logo\/image\/","url":"https:\/\/jornalfatosenoticias.com.br\/wp-content\/uploads\/2020\/02\/logo120.png","contentUrl":"https:\/\/jornalfatosenoticias.com.br\/wp-content\/uploads\/2020\/02\/logo120.png","width":1227,"height":120,"caption":"Jornal Fatos e Not\u00edcias"},"image":{"@id":"https:\/\/jornalfatosenoticias.com.br\/#\/schema\/logo\/image\/"}},{"@type":"Person","@id":"https:\/\/jornalfatosenoticias.com.br\/#\/schema\/person\/d63837fa13ac8666eb9e74e0985d6f81","name":"Luzimara Fernandes","image":{"@type":"ImageObject","inLanguage":"pt-BR","@id":"https:\/\/jornalfatosenoticias.com.br\/#\/schema\/person\/image\/","url":"https:\/\/jornalfatosenoticias.com.br\/wp-content\/uploads\/2025\/05\/EU_portal.jpg","contentUrl":"https:\/\/jornalfatosenoticias.com.br\/wp-content\/uploads\/2025\/05\/EU_portal.jpg","caption":"Luzimara Fernandes"},"description":"Jornalista MTB 2358-ES","sameAs":["https:\/\/jornalfatosenoticias.com.br"],"url":"https:\/\/jornalfatosenoticias.com.br\/index.php\/author\/luzimara\/"}]}},"cc_featured_image_caption":{"caption_text":"(Foto: Vin\u00edcius \u201camnx\u201d Amano\/Unsplash)","source_text":"","source_url":""},"jetpack_featured_media_url":"https:\/\/jornalfatosenoticias.com.br\/wp-content\/uploads\/2021\/10\/consumo-de-alcool_idosos_vinicius-amnx-amano-unsplash.jpg","_links":{"self":[{"href":"https:\/\/jornalfatosenoticias.com.br\/index.php\/wp-json\/wp\/v2\/posts\/23996","targetHints":{"allow":["GET"]}}],"collection":[{"href":"https:\/\/jornalfatosenoticias.com.br\/index.php\/wp-json\/wp\/v2\/posts"}],"about":[{"href":"https:\/\/jornalfatosenoticias.com.br\/index.php\/wp-json\/wp\/v2\/types\/post"}],"author":[{"embeddable":true,"href":"https:\/\/jornalfatosenoticias.com.br\/index.php\/wp-json\/wp\/v2\/users\/2"}],"replies":[{"embeddable":true,"href":"https:\/\/jornalfatosenoticias.com.br\/index.php\/wp-json\/wp\/v2\/comments?post=23996"}],"version-history":[{"count":0,"href":"https:\/\/jornalfatosenoticias.com.br\/index.php\/wp-json\/wp\/v2\/posts\/23996\/revisions"}],"wp:featuredmedia":[{"embeddable":true,"href":"https:\/\/jornalfatosenoticias.com.br\/index.php\/wp-json\/wp\/v2\/media\/23997"}],"wp:attachment":[{"href":"https:\/\/jornalfatosenoticias.com.br\/index.php\/wp-json\/wp\/v2\/media?parent=23996"}],"wp:term":[{"taxonomy":"category","embeddable":true,"href":"https:\/\/jornalfatosenoticias.com.br\/index.php\/wp-json\/wp\/v2\/categories?post=23996"},{"taxonomy":"post_tag","embeddable":true,"href":"https:\/\/jornalfatosenoticias.com.br\/index.php\/wp-json\/wp\/v2\/tags?post=23996"}],"curies":[{"name":"wp","href":"https:\/\/api.w.org\/{rel}","templated":true}]}}