{"id":2400,"date":"2020-03-25T08:37:08","date_gmt":"2020-03-25T11:37:08","guid":{"rendered":"https:\/\/jornalfatosenoticias.com.br\/?p=2400"},"modified":"2020-03-25T08:37:13","modified_gmt":"2020-03-25T11:37:13","slug":"ethel-e-eleita-mas-nao-assume-reitoria-da-ufes","status":"publish","type":"post","link":"https:\/\/jornalfatosenoticias.com.br\/index.php\/2020\/03\/25\/ethel-e-eleita-mas-nao-assume-reitoria-da-ufes\/","title":{"rendered":"Ethel \u00e9 eleita, mas n\u00e3o assume reitoria da Ufes"},"content":{"rendered":"\n<h6 class=\"wp-block-heading\"><em>&#8220;Mesmo n\u00e3o sendo nomeada como gestora m\u00e1xima, estarei todos os dias comprometida com o projeto constru\u00eddo coletivamente para esta institui\u00e7\u00e3o&#8221;<\/em><\/h6>\n\n\n\n<p>Eleita no topo da lista tr\u00edplice, a pesquisadora Ethel Maciel, n\u00e3o foi nomeada como reitora da Universidade Federal do Esp\u00edrito Santo (Ufes).<br>\nEthel foi a primeira mulher eleita \u00e0 reitoria da Ufes e contou com o apoio do governo do Estado, da bancada federal capixaba no Senado e na C\u00e2mara e de prefeitos.<br>\nA reda\u00e7\u00e3o entrou em contato com a pesquisadora e ela preferiu se manifestar atrav\u00e9s de um comunicado divulgado em suas redes sociais.<\/p>\n\n\n\n<h4 class=\"wp-block-heading\">Leia abaixo, a \u00edntegra do manifesto publicado pela pesquisadora Ethel Maciel<\/h4>\n\n\n\n<p>Hoje, dia 24 de mar\u00e7o de 2020, eu estaria informando sobre o Dia Mundial de Combate \u00e0 Tuberculose, al\u00e9m de refor\u00e7ar acerca dos nossos cuidados para o enfrentamento ao COVID-19, condizendo com o meu papel de especialista e mulher na ci\u00eancia. <br>\nMas hoje \u00e9 um dia de nostalgia e um misto de sentimentos. Me recordo do dia 03 de outubro de 2019, quando tomei a decis\u00e3o de me candidatar \u00e0 reitoria da UFES. Esta foi uma jornada intensa, cheia de afetos, apoios, dedica\u00e7\u00e3o, trabalho e muitos desafios. Todavia, muito gratificante pelas escutas, pela constru\u00e7\u00e3o de um projeto coletivo para a Universidade Federal do Esp\u00edrito Santo, resguardando os direitos sociais, os programas de inclus\u00e3o e as pol\u00edticas de acesso e perman\u00eancia, al\u00e9m de organizar um planejamento institucional e um movimento inovador, com um olhar atento aos servidores e estudantes. <br>\nForam aproximadamente dois meses entre a campanha, a consulta informal \u00e0 comunidade e a consulta formal ao col\u00e9gio eleitoral. Uma campanha curta, mas que me orgulho de ter realizado e de ter percorrido o m\u00e1ximo de lugares para conversar com o m\u00e1ximo de pessoas. Neste per\u00edodo estive ao lado do professor Roney Pignaton (candidato \u00e0 vice-reitoria) e de tantos apoiadores, que em poucas linhas seria imposs\u00edvel nomear todas e todos. A estes, quero expressar o meu eterno agradecimento por todas as demonstra\u00e7\u00f5es de apoio e a confian\u00e7a depositada na defesa incessante de uma educa\u00e7\u00e3o p\u00fablica, gratuita e de qualidade. <br>\nMuito obrigada aos estudantes e servidores que foram aos debates e \u00e0s urnas no dia 06 de novembro de 2019, pelo exerc\u00edcio da democracia, e por me legitimarem como a primeira mulher eleita \u00e0 reitoria da UFES. Obrigada tamb\u00e9m aos membros do col\u00e9gio eleitoral por respeitarem a consulta \u00e0 comunidade universit\u00e1ria, posicionando-me no topo da lista tr\u00edplice enviada ao MEC. <br>\nAgrade\u00e7o ao Governo do Estado, aos Deputados Federais, Senadores, Prefeitos e demais for\u00e7as pol\u00edticas do estado do Esp\u00edrito Santo pelas mo\u00e7\u00f5es de apoio junto ao Governo Federal, resguardando o resultado do sufr\u00e1gio como leg\u00edtima express\u00e3o da vontade coletiva da comunidade acad\u00eamica da UFES.<br>\nContinuarei na busca e na defesa de uma educa\u00e7\u00e3o p\u00fablica, gratuita e de qualidade, especialmente em defesa da Universidade Federal do Esp\u00edrito Santo. Mesmo n\u00e3o sendo nomeada como gestora m\u00e1xima, estarei todos os dias comprometida com o projeto constru\u00eddo coletivamente para esta institui\u00e7\u00e3o, visando sua pot\u00eancia para toda a sociedade capixaba.<br>\nNeste momento, de tantas incertezas quanto ao futuro, declaro o meu apoio ao Reitor Paulo Vargas para dar serenidade na continuidade de um projeto coletivo para nossa Universidade.<br>\nE sigamos #juntaspelaUfes #juntospelaUfes, pois temos e teremos sempre #OrgulhodeSerUfes.<\/p>\n","protected":false},"excerpt":{"rendered":"<p>&#8220;Mesmo n\u00e3o sendo nomeada como gestora m\u00e1xima, estarei todos os dias comprometida com o projeto constru\u00eddo coletivamente para esta institui\u00e7\u00e3o&#8221; Eleita no topo da lista tr\u00edplice, a pesquisadora Ethel Maciel, n\u00e3o foi nomeada como reitora da Universidade Federal do Esp\u00edrito Santo (Ufes). Ethel foi a primeira mulher eleita \u00e0 reitoria da Ufes e contou com [&hellip;]<\/p>\n","protected":false},"author":2,"featured_media":2401,"comment_status":"open","ping_status":"open","sticky":false,"template":"","format":"standard","meta":{"footnotes":""},"categories":[7],"tags":[981,977,979,978,980,976,437],"class_list":["post-2400","post","type-post","status-publish","format-standard","has-post-thumbnail","hentry","category-educacao","tag-eleita","tag-ethel-maciel","tag-mulher","tag-nomeacao","tag-pesquisadora","tag-reitora","tag-ufes"],"yoast_head":"<!-- This site is optimized with the Yoast SEO plugin v26.5 - https:\/\/yoast.com\/wordpress\/plugins\/seo\/ -->\n<title>Ethel \u00e9 eleita, mas n\u00e3o assume reitoria da Ufes - Jornal Fatos e Not\u00edcias<\/title>\n<meta name=\"robots\" content=\"index, follow, max-snippet:-1, max-image-preview:large, max-video-preview:-1\" \/>\n<link rel=\"canonical\" href=\"https:\/\/jornalfatosenoticias.com.br\/index.php\/2020\/03\/25\/ethel-e-eleita-mas-nao-assume-reitoria-da-ufes\/\" \/>\n<meta property=\"og:locale\" content=\"pt_BR\" \/>\n<meta property=\"og:type\" content=\"article\" \/>\n<meta property=\"og:title\" content=\"Ethel \u00e9 eleita, mas n\u00e3o assume reitoria da Ufes - Jornal Fatos e Not\u00edcias\" \/>\n<meta property=\"og:description\" content=\"&#8220;Mesmo n\u00e3o sendo nomeada como gestora m\u00e1xima, estarei todos os dias comprometida com o projeto constru\u00eddo coletivamente para esta institui\u00e7\u00e3o&#8221; Eleita no topo da lista tr\u00edplice, a pesquisadora Ethel Maciel, n\u00e3o foi nomeada como reitora da Universidade Federal do Esp\u00edrito Santo (Ufes). Ethel foi a primeira mulher eleita \u00e0 reitoria da Ufes e contou com [&hellip;]\" \/>\n<meta property=\"og:url\" content=\"https:\/\/jornalfatosenoticias.com.br\/index.php\/2020\/03\/25\/ethel-e-eleita-mas-nao-assume-reitoria-da-ufes\/\" \/>\n<meta property=\"og:site_name\" content=\"Jornal Fatos e Not\u00edcias\" \/>\n<meta property=\"article:published_time\" content=\"2020-03-25T11:37:08+00:00\" \/>\n<meta property=\"article:modified_time\" content=\"2020-03-25T11:37:13+00:00\" \/>\n<meta property=\"og:image\" content=\"https:\/\/jornalfatosenoticias.com.br\/wp-content\/uploads\/2020\/03\/ethel-maciel.jpg\" \/>\n\t<meta property=\"og:image:width\" content=\"980\" \/>\n\t<meta property=\"og:image:height\" content=\"535\" \/>\n\t<meta property=\"og:image:type\" content=\"image\/jpeg\" \/>\n<meta name=\"author\" content=\"Luzimara Fernandes\" \/>\n<meta name=\"twitter:card\" content=\"summary_large_image\" \/>\n<meta name=\"twitter:label1\" content=\"Escrito por\" \/>\n\t<meta name=\"twitter:data1\" content=\"Luzimara Fernandes\" \/>\n\t<meta name=\"twitter:label2\" content=\"Est. tempo de leitura\" \/>\n\t<meta name=\"twitter:data2\" content=\"3 minutos\" \/>\n<script type=\"application\/ld+json\" class=\"yoast-schema-graph\">{\"@context\":\"https:\/\/schema.org\",\"@graph\":[{\"@type\":\"Article\",\"@id\":\"https:\/\/jornalfatosenoticias.com.br\/index.php\/2020\/03\/25\/ethel-e-eleita-mas-nao-assume-reitoria-da-ufes\/#article\",\"isPartOf\":{\"@id\":\"https:\/\/jornalfatosenoticias.com.br\/index.php\/2020\/03\/25\/ethel-e-eleita-mas-nao-assume-reitoria-da-ufes\/\"},\"author\":{\"name\":\"Luzimara Fernandes\",\"@id\":\"https:\/\/jornalfatosenoticias.com.br\/#\/schema\/person\/d63837fa13ac8666eb9e74e0985d6f81\"},\"headline\":\"Ethel \u00e9 eleita, mas n\u00e3o assume reitoria da Ufes\",\"datePublished\":\"2020-03-25T11:37:08+00:00\",\"dateModified\":\"2020-03-25T11:37:13+00:00\",\"mainEntityOfPage\":{\"@id\":\"https:\/\/jornalfatosenoticias.com.br\/index.php\/2020\/03\/25\/ethel-e-eleita-mas-nao-assume-reitoria-da-ufes\/\"},\"wordCount\":583,\"commentCount\":0,\"publisher\":{\"@id\":\"https:\/\/jornalfatosenoticias.com.br\/#organization\"},\"image\":{\"@id\":\"https:\/\/jornalfatosenoticias.com.br\/index.php\/2020\/03\/25\/ethel-e-eleita-mas-nao-assume-reitoria-da-ufes\/#primaryimage\"},\"thumbnailUrl\":\"https:\/\/jornalfatosenoticias.com.br\/wp-content\/uploads\/2020\/03\/ethel-maciel.jpg\",\"keywords\":[\"eleita\",\"Ethel Maciel\",\"mulher\",\"nomea\u00e7\u00e3o\",\"pesquisadora\",\"reitora\",\"Ufes\"],\"articleSection\":[\"Educa\u00e7\u00e3o\"],\"inLanguage\":\"pt-BR\",\"potentialAction\":[{\"@type\":\"CommentAction\",\"name\":\"Comment\",\"target\":[\"https:\/\/jornalfatosenoticias.com.br\/index.php\/2020\/03\/25\/ethel-e-eleita-mas-nao-assume-reitoria-da-ufes\/#respond\"]}]},{\"@type\":\"WebPage\",\"@id\":\"https:\/\/jornalfatosenoticias.com.br\/index.php\/2020\/03\/25\/ethel-e-eleita-mas-nao-assume-reitoria-da-ufes\/\",\"url\":\"https:\/\/jornalfatosenoticias.com.br\/index.php\/2020\/03\/25\/ethel-e-eleita-mas-nao-assume-reitoria-da-ufes\/\",\"name\":\"Ethel \u00e9 eleita, mas n\u00e3o assume reitoria da Ufes - Jornal Fatos e Not\u00edcias\",\"isPartOf\":{\"@id\":\"https:\/\/jornalfatosenoticias.com.br\/#website\"},\"primaryImageOfPage\":{\"@id\":\"https:\/\/jornalfatosenoticias.com.br\/index.php\/2020\/03\/25\/ethel-e-eleita-mas-nao-assume-reitoria-da-ufes\/#primaryimage\"},\"image\":{\"@id\":\"https:\/\/jornalfatosenoticias.com.br\/index.php\/2020\/03\/25\/ethel-e-eleita-mas-nao-assume-reitoria-da-ufes\/#primaryimage\"},\"thumbnailUrl\":\"https:\/\/jornalfatosenoticias.com.br\/wp-content\/uploads\/2020\/03\/ethel-maciel.jpg\",\"datePublished\":\"2020-03-25T11:37:08+00:00\",\"dateModified\":\"2020-03-25T11:37:13+00:00\",\"breadcrumb\":{\"@id\":\"https:\/\/jornalfatosenoticias.com.br\/index.php\/2020\/03\/25\/ethel-e-eleita-mas-nao-assume-reitoria-da-ufes\/#breadcrumb\"},\"inLanguage\":\"pt-BR\",\"potentialAction\":[{\"@type\":\"ReadAction\",\"target\":[\"https:\/\/jornalfatosenoticias.com.br\/index.php\/2020\/03\/25\/ethel-e-eleita-mas-nao-assume-reitoria-da-ufes\/\"]}]},{\"@type\":\"ImageObject\",\"inLanguage\":\"pt-BR\",\"@id\":\"https:\/\/jornalfatosenoticias.com.br\/index.php\/2020\/03\/25\/ethel-e-eleita-mas-nao-assume-reitoria-da-ufes\/#primaryimage\",\"url\":\"https:\/\/jornalfatosenoticias.com.br\/wp-content\/uploads\/2020\/03\/ethel-maciel.jpg\",\"contentUrl\":\"https:\/\/jornalfatosenoticias.com.br\/wp-content\/uploads\/2020\/03\/ethel-maciel.jpg\",\"width\":980,\"height\":535},{\"@type\":\"BreadcrumbList\",\"@id\":\"https:\/\/jornalfatosenoticias.com.br\/index.php\/2020\/03\/25\/ethel-e-eleita-mas-nao-assume-reitoria-da-ufes\/#breadcrumb\",\"itemListElement\":[{\"@type\":\"ListItem\",\"position\":1,\"name\":\"In\u00edcio\",\"item\":\"https:\/\/jornalfatosenoticias.com.br\/\"},{\"@type\":\"ListItem\",\"position\":2,\"name\":\"Ethel \u00e9 eleita, mas n\u00e3o assume reitoria da Ufes\"}]},{\"@type\":\"WebSite\",\"@id\":\"https:\/\/jornalfatosenoticias.com.br\/#website\",\"url\":\"https:\/\/jornalfatosenoticias.com.br\/\",\"name\":\"Jornal Fatos e Not\u00edcias\",\"description\":\"Not\u00edcias em geral\",\"publisher\":{\"@id\":\"https:\/\/jornalfatosenoticias.com.br\/#organization\"},\"potentialAction\":[{\"@type\":\"SearchAction\",\"target\":{\"@type\":\"EntryPoint\",\"urlTemplate\":\"https:\/\/jornalfatosenoticias.com.br\/?s={search_term_string}\"},\"query-input\":{\"@type\":\"PropertyValueSpecification\",\"valueRequired\":true,\"valueName\":\"search_term_string\"}}],\"inLanguage\":\"pt-BR\"},{\"@type\":\"Organization\",\"@id\":\"https:\/\/jornalfatosenoticias.com.br\/#organization\",\"name\":\"Jornal Fatos e Not\u00edcias\",\"url\":\"https:\/\/jornalfatosenoticias.com.br\/\",\"logo\":{\"@type\":\"ImageObject\",\"inLanguage\":\"pt-BR\",\"@id\":\"https:\/\/jornalfatosenoticias.com.br\/#\/schema\/logo\/image\/\",\"url\":\"https:\/\/jornalfatosenoticias.com.br\/wp-content\/uploads\/2020\/02\/logo120.png\",\"contentUrl\":\"https:\/\/jornalfatosenoticias.com.br\/wp-content\/uploads\/2020\/02\/logo120.png\",\"width\":1227,\"height\":120,\"caption\":\"Jornal Fatos e Not\u00edcias\"},\"image\":{\"@id\":\"https:\/\/jornalfatosenoticias.com.br\/#\/schema\/logo\/image\/\"}},{\"@type\":\"Person\",\"@id\":\"https:\/\/jornalfatosenoticias.com.br\/#\/schema\/person\/d63837fa13ac8666eb9e74e0985d6f81\",\"name\":\"Luzimara Fernandes\",\"image\":{\"@type\":\"ImageObject\",\"inLanguage\":\"pt-BR\",\"@id\":\"https:\/\/jornalfatosenoticias.com.br\/#\/schema\/person\/image\/\",\"url\":\"https:\/\/jornalfatosenoticias.com.br\/wp-content\/uploads\/2025\/05\/EU_portal.jpg\",\"contentUrl\":\"https:\/\/jornalfatosenoticias.com.br\/wp-content\/uploads\/2025\/05\/EU_portal.jpg\",\"caption\":\"Luzimara Fernandes\"},\"description\":\"Jornalista MTB 2358-ES\",\"sameAs\":[\"https:\/\/jornalfatosenoticias.com.br\"],\"url\":\"https:\/\/jornalfatosenoticias.com.br\/index.php\/author\/luzimara\/\"}]}<\/script>\n<!-- \/ Yoast SEO plugin. -->","yoast_head_json":{"title":"Ethel \u00e9 eleita, mas n\u00e3o assume reitoria da Ufes - Jornal Fatos e Not\u00edcias","robots":{"index":"index","follow":"follow","max-snippet":"max-snippet:-1","max-image-preview":"max-image-preview:large","max-video-preview":"max-video-preview:-1"},"canonical":"https:\/\/jornalfatosenoticias.com.br\/index.php\/2020\/03\/25\/ethel-e-eleita-mas-nao-assume-reitoria-da-ufes\/","og_locale":"pt_BR","og_type":"article","og_title":"Ethel \u00e9 eleita, mas n\u00e3o assume reitoria da Ufes - Jornal Fatos e Not\u00edcias","og_description":"&#8220;Mesmo n\u00e3o sendo nomeada como gestora m\u00e1xima, estarei todos os dias comprometida com o projeto constru\u00eddo coletivamente para esta institui\u00e7\u00e3o&#8221; Eleita no topo da lista tr\u00edplice, a pesquisadora Ethel Maciel, n\u00e3o foi nomeada como reitora da Universidade Federal do Esp\u00edrito Santo (Ufes). Ethel foi a primeira mulher eleita \u00e0 reitoria da Ufes e contou com [&hellip;]","og_url":"https:\/\/jornalfatosenoticias.com.br\/index.php\/2020\/03\/25\/ethel-e-eleita-mas-nao-assume-reitoria-da-ufes\/","og_site_name":"Jornal Fatos e Not\u00edcias","article_published_time":"2020-03-25T11:37:08+00:00","article_modified_time":"2020-03-25T11:37:13+00:00","og_image":[{"width":980,"height":535,"url":"https:\/\/jornalfatosenoticias.com.br\/wp-content\/uploads\/2020\/03\/ethel-maciel.jpg","type":"image\/jpeg"}],"author":"Luzimara Fernandes","twitter_card":"summary_large_image","twitter_misc":{"Escrito por":"Luzimara Fernandes","Est. tempo de leitura":"3 minutos"},"schema":{"@context":"https:\/\/schema.org","@graph":[{"@type":"Article","@id":"https:\/\/jornalfatosenoticias.com.br\/index.php\/2020\/03\/25\/ethel-e-eleita-mas-nao-assume-reitoria-da-ufes\/#article","isPartOf":{"@id":"https:\/\/jornalfatosenoticias.com.br\/index.php\/2020\/03\/25\/ethel-e-eleita-mas-nao-assume-reitoria-da-ufes\/"},"author":{"name":"Luzimara Fernandes","@id":"https:\/\/jornalfatosenoticias.com.br\/#\/schema\/person\/d63837fa13ac8666eb9e74e0985d6f81"},"headline":"Ethel \u00e9 eleita, mas n\u00e3o assume reitoria da Ufes","datePublished":"2020-03-25T11:37:08+00:00","dateModified":"2020-03-25T11:37:13+00:00","mainEntityOfPage":{"@id":"https:\/\/jornalfatosenoticias.com.br\/index.php\/2020\/03\/25\/ethel-e-eleita-mas-nao-assume-reitoria-da-ufes\/"},"wordCount":583,"commentCount":0,"publisher":{"@id":"https:\/\/jornalfatosenoticias.com.br\/#organization"},"image":{"@id":"https:\/\/jornalfatosenoticias.com.br\/index.php\/2020\/03\/25\/ethel-e-eleita-mas-nao-assume-reitoria-da-ufes\/#primaryimage"},"thumbnailUrl":"https:\/\/jornalfatosenoticias.com.br\/wp-content\/uploads\/2020\/03\/ethel-maciel.jpg","keywords":["eleita","Ethel Maciel","mulher","nomea\u00e7\u00e3o","pesquisadora","reitora","Ufes"],"articleSection":["Educa\u00e7\u00e3o"],"inLanguage":"pt-BR","potentialAction":[{"@type":"CommentAction","name":"Comment","target":["https:\/\/jornalfatosenoticias.com.br\/index.php\/2020\/03\/25\/ethel-e-eleita-mas-nao-assume-reitoria-da-ufes\/#respond"]}]},{"@type":"WebPage","@id":"https:\/\/jornalfatosenoticias.com.br\/index.php\/2020\/03\/25\/ethel-e-eleita-mas-nao-assume-reitoria-da-ufes\/","url":"https:\/\/jornalfatosenoticias.com.br\/index.php\/2020\/03\/25\/ethel-e-eleita-mas-nao-assume-reitoria-da-ufes\/","name":"Ethel \u00e9 eleita, mas n\u00e3o assume reitoria da Ufes - Jornal Fatos e Not\u00edcias","isPartOf":{"@id":"https:\/\/jornalfatosenoticias.com.br\/#website"},"primaryImageOfPage":{"@id":"https:\/\/jornalfatosenoticias.com.br\/index.php\/2020\/03\/25\/ethel-e-eleita-mas-nao-assume-reitoria-da-ufes\/#primaryimage"},"image":{"@id":"https:\/\/jornalfatosenoticias.com.br\/index.php\/2020\/03\/25\/ethel-e-eleita-mas-nao-assume-reitoria-da-ufes\/#primaryimage"},"thumbnailUrl":"https:\/\/jornalfatosenoticias.com.br\/wp-content\/uploads\/2020\/03\/ethel-maciel.jpg","datePublished":"2020-03-25T11:37:08+00:00","dateModified":"2020-03-25T11:37:13+00:00","breadcrumb":{"@id":"https:\/\/jornalfatosenoticias.com.br\/index.php\/2020\/03\/25\/ethel-e-eleita-mas-nao-assume-reitoria-da-ufes\/#breadcrumb"},"inLanguage":"pt-BR","potentialAction":[{"@type":"ReadAction","target":["https:\/\/jornalfatosenoticias.com.br\/index.php\/2020\/03\/25\/ethel-e-eleita-mas-nao-assume-reitoria-da-ufes\/"]}]},{"@type":"ImageObject","inLanguage":"pt-BR","@id":"https:\/\/jornalfatosenoticias.com.br\/index.php\/2020\/03\/25\/ethel-e-eleita-mas-nao-assume-reitoria-da-ufes\/#primaryimage","url":"https:\/\/jornalfatosenoticias.com.br\/wp-content\/uploads\/2020\/03\/ethel-maciel.jpg","contentUrl":"https:\/\/jornalfatosenoticias.com.br\/wp-content\/uploads\/2020\/03\/ethel-maciel.jpg","width":980,"height":535},{"@type":"BreadcrumbList","@id":"https:\/\/jornalfatosenoticias.com.br\/index.php\/2020\/03\/25\/ethel-e-eleita-mas-nao-assume-reitoria-da-ufes\/#breadcrumb","itemListElement":[{"@type":"ListItem","position":1,"name":"In\u00edcio","item":"https:\/\/jornalfatosenoticias.com.br\/"},{"@type":"ListItem","position":2,"name":"Ethel \u00e9 eleita, mas n\u00e3o assume reitoria da Ufes"}]},{"@type":"WebSite","@id":"https:\/\/jornalfatosenoticias.com.br\/#website","url":"https:\/\/jornalfatosenoticias.com.br\/","name":"Jornal Fatos e Not\u00edcias","description":"Not\u00edcias em geral","publisher":{"@id":"https:\/\/jornalfatosenoticias.com.br\/#organization"},"potentialAction":[{"@type":"SearchAction","target":{"@type":"EntryPoint","urlTemplate":"https:\/\/jornalfatosenoticias.com.br\/?s={search_term_string}"},"query-input":{"@type":"PropertyValueSpecification","valueRequired":true,"valueName":"search_term_string"}}],"inLanguage":"pt-BR"},{"@type":"Organization","@id":"https:\/\/jornalfatosenoticias.com.br\/#organization","name":"Jornal Fatos e Not\u00edcias","url":"https:\/\/jornalfatosenoticias.com.br\/","logo":{"@type":"ImageObject","inLanguage":"pt-BR","@id":"https:\/\/jornalfatosenoticias.com.br\/#\/schema\/logo\/image\/","url":"https:\/\/jornalfatosenoticias.com.br\/wp-content\/uploads\/2020\/02\/logo120.png","contentUrl":"https:\/\/jornalfatosenoticias.com.br\/wp-content\/uploads\/2020\/02\/logo120.png","width":1227,"height":120,"caption":"Jornal Fatos e Not\u00edcias"},"image":{"@id":"https:\/\/jornalfatosenoticias.com.br\/#\/schema\/logo\/image\/"}},{"@type":"Person","@id":"https:\/\/jornalfatosenoticias.com.br\/#\/schema\/person\/d63837fa13ac8666eb9e74e0985d6f81","name":"Luzimara Fernandes","image":{"@type":"ImageObject","inLanguage":"pt-BR","@id":"https:\/\/jornalfatosenoticias.com.br\/#\/schema\/person\/image\/","url":"https:\/\/jornalfatosenoticias.com.br\/wp-content\/uploads\/2025\/05\/EU_portal.jpg","contentUrl":"https:\/\/jornalfatosenoticias.com.br\/wp-content\/uploads\/2025\/05\/EU_portal.jpg","caption":"Luzimara Fernandes"},"description":"Jornalista MTB 2358-ES","sameAs":["https:\/\/jornalfatosenoticias.com.br"],"url":"https:\/\/jornalfatosenoticias.com.br\/index.php\/author\/luzimara\/"}]}},"cc_featured_image_caption":{"caption_text":"Ethel Maciel (Foto: Reprodu\u00e7\u00e3o Facebook)","source_text":"","source_url":""},"jetpack_featured_media_url":"https:\/\/jornalfatosenoticias.com.br\/wp-content\/uploads\/2020\/03\/ethel-maciel.jpg","_links":{"self":[{"href":"https:\/\/jornalfatosenoticias.com.br\/index.php\/wp-json\/wp\/v2\/posts\/2400","targetHints":{"allow":["GET"]}}],"collection":[{"href":"https:\/\/jornalfatosenoticias.com.br\/index.php\/wp-json\/wp\/v2\/posts"}],"about":[{"href":"https:\/\/jornalfatosenoticias.com.br\/index.php\/wp-json\/wp\/v2\/types\/post"}],"author":[{"embeddable":true,"href":"https:\/\/jornalfatosenoticias.com.br\/index.php\/wp-json\/wp\/v2\/users\/2"}],"replies":[{"embeddable":true,"href":"https:\/\/jornalfatosenoticias.com.br\/index.php\/wp-json\/wp\/v2\/comments?post=2400"}],"version-history":[{"count":0,"href":"https:\/\/jornalfatosenoticias.com.br\/index.php\/wp-json\/wp\/v2\/posts\/2400\/revisions"}],"wp:featuredmedia":[{"embeddable":true,"href":"https:\/\/jornalfatosenoticias.com.br\/index.php\/wp-json\/wp\/v2\/media\/2401"}],"wp:attachment":[{"href":"https:\/\/jornalfatosenoticias.com.br\/index.php\/wp-json\/wp\/v2\/media?parent=2400"}],"wp:term":[{"taxonomy":"category","embeddable":true,"href":"https:\/\/jornalfatosenoticias.com.br\/index.php\/wp-json\/wp\/v2\/categories?post=2400"},{"taxonomy":"post_tag","embeddable":true,"href":"https:\/\/jornalfatosenoticias.com.br\/index.php\/wp-json\/wp\/v2\/tags?post=2400"}],"curies":[{"name":"wp","href":"https:\/\/api.w.org\/{rel}","templated":true}]}}