{"id":24029,"date":"2021-10-19T15:10:04","date_gmt":"2021-10-19T18:10:04","guid":{"rendered":"https:\/\/jornalfatosenoticias.com.br\/?p=24029"},"modified":"2021-10-19T15:10:09","modified_gmt":"2021-10-19T18:10:09","slug":"brasil-registra-menor-media-movel-de-mortes-desde-o-inicio-da-pandemia","status":"publish","type":"post","link":"https:\/\/jornalfatosenoticias.com.br\/index.php\/2021\/10\/19\/brasil-registra-menor-media-movel-de-mortes-desde-o-inicio-da-pandemia\/","title":{"rendered":"Brasil registra menor m\u00e9dia m\u00f3vel de mortes desde o in\u00edcio da pandemia"},"content":{"rendered":"\n<p><em><span class=\"has-inline-color has-black-color\">Seis meses ap\u00f3s o pico da doen\u00e7a, vacina\u00e7\u00e3o mostra resultados<\/span><\/em><\/p>\n\n\n\n<p>Em 19 de abril de 2021 o Brasil registrou a maior m\u00e9dia m\u00f3vel de morte em decorr\u00eancia da covid-19: cerca de tr\u00eas mil \u00f3bitos di\u00e1rios. Hoje (19), exatos seis meses ap\u00f3s o \u00e1pice, o Minist\u00e9rio da Sa\u00fade informa que a vacina\u00e7\u00e3o em massa contra a doen\u00e7a surtiu efeito. Segundo a pasta, a queda no n\u00famero de \u00f3bitos foi de quase 90% \u2014 tend\u00eancia que se acumula desde junho.<br>O boletim divulgado na noite de ontem (18) mostra que a m\u00e9dia m\u00f3vel de mortes est\u00e1 em 379,5, acompanhada pela queda expressiva tamb\u00e9m no n\u00famero de novos casos da doen\u00e7a, que est\u00e1 em 12,3 mil ao dia.<\/p>\n\n\n\n<blockquote class=\"wp-block-quote is-layout-flow wp-block-quote-is-layout-flow\"><p><span class=\"has-inline-color has-luminous-vivid-orange-color\">\u201cN\u00f3s temos um Sistema \u00danico de Sa\u00fade (SUS) forte, com mais de 38 mil salas de vacina\u00e7\u00e3o, capaz de vacinar mais de dois milh\u00f5es de brasileiros e um governo extremamente preocupado com a vida. Por isso, adquiriu mais de 550 milh\u00f5es de doses de vacinas [contra a] covid-19, investiu bilh\u00f5es com habilita\u00e7\u00e3o de leitos de unidades de terapia intensiva (UTIs) e vacinou mais de 90% da popula\u00e7\u00e3o brasileira com a primeira dose. Vacina \u00e9 a sa\u00edda para acabar com o car\u00e1ter pand\u00eamico da doen\u00e7a. S\u00f3 assim vamos retornar para o nosso normal\u201d, afirmou em nota o ministro da Sa\u00fade, Marcelo Queiroga.<\/span><\/p><\/blockquote>\n\n\n\n<h4 class=\"wp-block-heading\"><span class=\"has-inline-color has-black-color\">Assista na TV Brasil<\/span><\/h4>\n\n\n\n<figure class=\"wp-block-embed-youtube wp-block-embed is-type-video is-provider-youtube wp-embed-aspect-16-9 wp-has-aspect-ratio\"><div class=\"wp-block-embed__wrapper\">\n<iframe loading=\"lazy\" title=\"Brasil registra menor m\u00e9dia m\u00f3vel de mortes por covid-19\" width=\"660\" height=\"371\" src=\"https:\/\/www.youtube.com\/embed\/4pSA96fBOpA?feature=oembed\" frameborder=\"0\" allow=\"accelerometer; autoplay; clipboard-write; encrypted-media; gyroscope; picture-in-picture; web-share\" referrerpolicy=\"strict-origin-when-cross-origin\" allowfullscreen><\/iframe>\n<\/div><\/figure>\n\n\n\n<p>Segundo Queiroga, o sucesso da ampla campanha de vacina\u00e7\u00e3o deve se estender para 2022 com a <strong><a href=\"https:\/\/agenciabrasil.ebc.com.br\/saude\/noticia\/2021-10\/covid-19-354-milhoes-de-doses-de-vacinas-estao-garantidas-para\" target=\"_blank\" rel=\"noreferrer noopener\">compra antecipada de 354 milh\u00f5es de doses de vacinas<\/a><\/strong> aprovadas no Pa\u00eds. O plano de vacina\u00e7\u00e3o para 2022 foi apresentado no in\u00edcio do m\u00eas de outubro.<\/p>\n\n\n\n<blockquote class=\"wp-block-quote is-layout-flow wp-block-quote-is-layout-flow\"><p><span class=\"has-inline-color has-luminous-vivid-orange-color\">\u201cN\u00f3s j\u00e1 temos asseguradas mais de 300 milh\u00f5es de doses para vacinar a nossa popula\u00e7\u00e3o. \u00c9 uma vacina\u00e7\u00e3o um pouco diferente do que aconteceu em 2021, porque n\u00e3o \u00e9 uma vacina\u00e7\u00e3o prim\u00e1ria. Mas, o mais importante \u00e9: teremos doses de vacinas para todos\u201d, declarou Queiroga.<\/span><\/p><\/blockquote>\n\n\n\n<p>O painel de vacina\u00e7\u00e3o do Minist\u00e9rio da Sa\u00fade mostra que mais de 108 milh\u00f5es de brasileiros j\u00e1 cumpriram integralmente o esquema vacinal. Essa popula\u00e7\u00e3o corresponde a 68% do p\u00fablico-alvo da campanha do Programa Nacional de Imuniza\u00e7\u00e3o (PNI). A ferramenta informa, ainda, que 3,6 milh\u00f5es de pessoas j\u00e1 tomaram a dose de refor\u00e7o, recomendada para pessoas acima de 60 anos, imunossuprimidos (aqueles cujos mecanismos normais de defesa contra infec\u00e7\u00e3o est\u00e3o comprometidos) e profissionais de sa\u00fade.<\/p>\n\n\n\n<p><strong><em>Fonte: <a href=\"https:\/\/agenciabrasil.ebc.com.br\/saude\/noticia\/2021-10\/brasil-registra-menor-media-movel-de-mortes-desde-o-inicio-da-pandemia\">Ag\u00eancia Brasil<\/a><\/em><\/strong><\/p>\n","protected":false},"excerpt":{"rendered":"<p>Seis meses ap\u00f3s o pico da doen\u00e7a, vacina\u00e7\u00e3o mostra resultados Em 19 de abril de 2021 o Brasil registrou a maior m\u00e9dia m\u00f3vel de morte em decorr\u00eancia da covid-19: cerca de tr\u00eas mil \u00f3bitos di\u00e1rios. Hoje (19), exatos seis meses ap\u00f3s o \u00e1pice, o Minist\u00e9rio da Sa\u00fade informa que a vacina\u00e7\u00e3o em massa contra a [&hellip;]<\/p>\n","protected":false},"author":2,"featured_media":24030,"comment_status":"open","ping_status":"open","sticky":false,"template":"","format":"standard","meta":{"footnotes":""},"categories":[11],"tags":[73,273,330,847],"class_list":["post-24029","post","type-post","status-publish","format-standard","has-post-thumbnail","hentry","category-saude","tag-coronavirus","tag-covid-19","tag-pandemia","tag-vacinacao"],"yoast_head":"<!-- This site is optimized with the Yoast SEO plugin v26.5 - https:\/\/yoast.com\/wordpress\/plugins\/seo\/ -->\n<title>Brasil registra menor m\u00e9dia m\u00f3vel de mortes desde o in\u00edcio da pandemia - Jornal Fatos e Not\u00edcias<\/title>\n<meta name=\"robots\" content=\"index, follow, max-snippet:-1, max-image-preview:large, max-video-preview:-1\" \/>\n<link rel=\"canonical\" href=\"https:\/\/jornalfatosenoticias.com.br\/index.php\/2021\/10\/19\/brasil-registra-menor-media-movel-de-mortes-desde-o-inicio-da-pandemia\/\" \/>\n<meta property=\"og:locale\" content=\"pt_BR\" \/>\n<meta property=\"og:type\" content=\"article\" \/>\n<meta property=\"og:title\" content=\"Brasil registra menor m\u00e9dia m\u00f3vel de mortes desde o in\u00edcio da pandemia - Jornal Fatos e Not\u00edcias\" \/>\n<meta property=\"og:description\" content=\"Seis meses ap\u00f3s o pico da doen\u00e7a, vacina\u00e7\u00e3o mostra resultados Em 19 de abril de 2021 o Brasil registrou a maior m\u00e9dia m\u00f3vel de morte em decorr\u00eancia da covid-19: cerca de tr\u00eas mil \u00f3bitos di\u00e1rios. Hoje (19), exatos seis meses ap\u00f3s o \u00e1pice, o Minist\u00e9rio da Sa\u00fade informa que a vacina\u00e7\u00e3o em massa contra a [&hellip;]\" \/>\n<meta property=\"og:url\" content=\"https:\/\/jornalfatosenoticias.com.br\/index.php\/2021\/10\/19\/brasil-registra-menor-media-movel-de-mortes-desde-o-inicio-da-pandemia\/\" \/>\n<meta property=\"og:site_name\" content=\"Jornal Fatos e Not\u00edcias\" \/>\n<meta property=\"article:published_time\" content=\"2021-10-19T18:10:04+00:00\" \/>\n<meta property=\"article:modified_time\" content=\"2021-10-19T18:10:09+00:00\" \/>\n<meta property=\"og:image\" content=\"https:\/\/jornalfatosenoticias.com.br\/wp-content\/uploads\/2021\/10\/vacinacao-covid_mcamgo_abr.jpg\" \/>\n\t<meta property=\"og:image:width\" content=\"1000\" \/>\n\t<meta property=\"og:image:height\" content=\"598\" \/>\n\t<meta property=\"og:image:type\" content=\"image\/jpeg\" \/>\n<meta name=\"author\" content=\"Luzimara Fernandes\" \/>\n<meta name=\"twitter:card\" content=\"summary_large_image\" \/>\n<meta name=\"twitter:label1\" content=\"Escrito por\" \/>\n\t<meta name=\"twitter:data1\" content=\"Luzimara Fernandes\" \/>\n\t<meta name=\"twitter:label2\" content=\"Est. tempo de leitura\" \/>\n\t<meta name=\"twitter:data2\" content=\"2 minutos\" \/>\n<script type=\"application\/ld+json\" class=\"yoast-schema-graph\">{\"@context\":\"https:\/\/schema.org\",\"@graph\":[{\"@type\":\"Article\",\"@id\":\"https:\/\/jornalfatosenoticias.com.br\/index.php\/2021\/10\/19\/brasil-registra-menor-media-movel-de-mortes-desde-o-inicio-da-pandemia\/#article\",\"isPartOf\":{\"@id\":\"https:\/\/jornalfatosenoticias.com.br\/index.php\/2021\/10\/19\/brasil-registra-menor-media-movel-de-mortes-desde-o-inicio-da-pandemia\/\"},\"author\":{\"name\":\"Luzimara Fernandes\",\"@id\":\"https:\/\/jornalfatosenoticias.com.br\/#\/schema\/person\/d63837fa13ac8666eb9e74e0985d6f81\"},\"headline\":\"Brasil registra menor m\u00e9dia m\u00f3vel de mortes desde o in\u00edcio da pandemia\",\"datePublished\":\"2021-10-19T18:10:04+00:00\",\"dateModified\":\"2021-10-19T18:10:09+00:00\",\"mainEntityOfPage\":{\"@id\":\"https:\/\/jornalfatosenoticias.com.br\/index.php\/2021\/10\/19\/brasil-registra-menor-media-movel-de-mortes-desde-o-inicio-da-pandemia\/\"},\"wordCount\":447,\"commentCount\":0,\"publisher\":{\"@id\":\"https:\/\/jornalfatosenoticias.com.br\/#organization\"},\"image\":{\"@id\":\"https:\/\/jornalfatosenoticias.com.br\/index.php\/2021\/10\/19\/brasil-registra-menor-media-movel-de-mortes-desde-o-inicio-da-pandemia\/#primaryimage\"},\"thumbnailUrl\":\"https:\/\/jornalfatosenoticias.com.br\/wp-content\/uploads\/2021\/10\/vacinacao-covid_mcamgo_abr.jpg\",\"keywords\":[\"coronav\u00edrus\",\"covid-19\",\"pandemia\",\"vacina\u00e7\u00e3o\"],\"articleSection\":[\"Sa\u00fade\"],\"inLanguage\":\"pt-BR\",\"potentialAction\":[{\"@type\":\"CommentAction\",\"name\":\"Comment\",\"target\":[\"https:\/\/jornalfatosenoticias.com.br\/index.php\/2021\/10\/19\/brasil-registra-menor-media-movel-de-mortes-desde-o-inicio-da-pandemia\/#respond\"]}]},{\"@type\":\"WebPage\",\"@id\":\"https:\/\/jornalfatosenoticias.com.br\/index.php\/2021\/10\/19\/brasil-registra-menor-media-movel-de-mortes-desde-o-inicio-da-pandemia\/\",\"url\":\"https:\/\/jornalfatosenoticias.com.br\/index.php\/2021\/10\/19\/brasil-registra-menor-media-movel-de-mortes-desde-o-inicio-da-pandemia\/\",\"name\":\"Brasil registra menor m\u00e9dia m\u00f3vel de mortes desde o in\u00edcio da pandemia - Jornal Fatos e Not\u00edcias\",\"isPartOf\":{\"@id\":\"https:\/\/jornalfatosenoticias.com.br\/#website\"},\"primaryImageOfPage\":{\"@id\":\"https:\/\/jornalfatosenoticias.com.br\/index.php\/2021\/10\/19\/brasil-registra-menor-media-movel-de-mortes-desde-o-inicio-da-pandemia\/#primaryimage\"},\"image\":{\"@id\":\"https:\/\/jornalfatosenoticias.com.br\/index.php\/2021\/10\/19\/brasil-registra-menor-media-movel-de-mortes-desde-o-inicio-da-pandemia\/#primaryimage\"},\"thumbnailUrl\":\"https:\/\/jornalfatosenoticias.com.br\/wp-content\/uploads\/2021\/10\/vacinacao-covid_mcamgo_abr.jpg\",\"datePublished\":\"2021-10-19T18:10:04+00:00\",\"dateModified\":\"2021-10-19T18:10:09+00:00\",\"breadcrumb\":{\"@id\":\"https:\/\/jornalfatosenoticias.com.br\/index.php\/2021\/10\/19\/brasil-registra-menor-media-movel-de-mortes-desde-o-inicio-da-pandemia\/#breadcrumb\"},\"inLanguage\":\"pt-BR\",\"potentialAction\":[{\"@type\":\"ReadAction\",\"target\":[\"https:\/\/jornalfatosenoticias.com.br\/index.php\/2021\/10\/19\/brasil-registra-menor-media-movel-de-mortes-desde-o-inicio-da-pandemia\/\"]}]},{\"@type\":\"ImageObject\",\"inLanguage\":\"pt-BR\",\"@id\":\"https:\/\/jornalfatosenoticias.com.br\/index.php\/2021\/10\/19\/brasil-registra-menor-media-movel-de-mortes-desde-o-inicio-da-pandemia\/#primaryimage\",\"url\":\"https:\/\/jornalfatosenoticias.com.br\/wp-content\/uploads\/2021\/10\/vacinacao-covid_mcamgo_abr.jpg\",\"contentUrl\":\"https:\/\/jornalfatosenoticias.com.br\/wp-content\/uploads\/2021\/10\/vacinacao-covid_mcamgo_abr.jpg\",\"width\":1000,\"height\":598,\"caption\":\"Vacina\u00e7\u00e3o na aldeia ind\u00edgena Umaria\u00e7u, pr\u00f3ximo a Tabatinga, Amazonas.\"},{\"@type\":\"BreadcrumbList\",\"@id\":\"https:\/\/jornalfatosenoticias.com.br\/index.php\/2021\/10\/19\/brasil-registra-menor-media-movel-de-mortes-desde-o-inicio-da-pandemia\/#breadcrumb\",\"itemListElement\":[{\"@type\":\"ListItem\",\"position\":1,\"name\":\"In\u00edcio\",\"item\":\"https:\/\/jornalfatosenoticias.com.br\/\"},{\"@type\":\"ListItem\",\"position\":2,\"name\":\"Brasil registra menor m\u00e9dia m\u00f3vel de mortes desde o in\u00edcio da pandemia\"}]},{\"@type\":\"WebSite\",\"@id\":\"https:\/\/jornalfatosenoticias.com.br\/#website\",\"url\":\"https:\/\/jornalfatosenoticias.com.br\/\",\"name\":\"Jornal Fatos e Not\u00edcias\",\"description\":\"Not\u00edcias em geral\",\"publisher\":{\"@id\":\"https:\/\/jornalfatosenoticias.com.br\/#organization\"},\"potentialAction\":[{\"@type\":\"SearchAction\",\"target\":{\"@type\":\"EntryPoint\",\"urlTemplate\":\"https:\/\/jornalfatosenoticias.com.br\/?s={search_term_string}\"},\"query-input\":{\"@type\":\"PropertyValueSpecification\",\"valueRequired\":true,\"valueName\":\"search_term_string\"}}],\"inLanguage\":\"pt-BR\"},{\"@type\":\"Organization\",\"@id\":\"https:\/\/jornalfatosenoticias.com.br\/#organization\",\"name\":\"Jornal Fatos e Not\u00edcias\",\"url\":\"https:\/\/jornalfatosenoticias.com.br\/\",\"logo\":{\"@type\":\"ImageObject\",\"inLanguage\":\"pt-BR\",\"@id\":\"https:\/\/jornalfatosenoticias.com.br\/#\/schema\/logo\/image\/\",\"url\":\"https:\/\/jornalfatosenoticias.com.br\/wp-content\/uploads\/2020\/02\/logo120.png\",\"contentUrl\":\"https:\/\/jornalfatosenoticias.com.br\/wp-content\/uploads\/2020\/02\/logo120.png\",\"width\":1227,\"height\":120,\"caption\":\"Jornal Fatos e Not\u00edcias\"},\"image\":{\"@id\":\"https:\/\/jornalfatosenoticias.com.br\/#\/schema\/logo\/image\/\"}},{\"@type\":\"Person\",\"@id\":\"https:\/\/jornalfatosenoticias.com.br\/#\/schema\/person\/d63837fa13ac8666eb9e74e0985d6f81\",\"name\":\"Luzimara Fernandes\",\"image\":{\"@type\":\"ImageObject\",\"inLanguage\":\"pt-BR\",\"@id\":\"https:\/\/jornalfatosenoticias.com.br\/#\/schema\/person\/image\/\",\"url\":\"https:\/\/jornalfatosenoticias.com.br\/wp-content\/uploads\/2025\/05\/EU_portal.jpg\",\"contentUrl\":\"https:\/\/jornalfatosenoticias.com.br\/wp-content\/uploads\/2025\/05\/EU_portal.jpg\",\"caption\":\"Luzimara Fernandes\"},\"description\":\"Jornalista MTB 2358-ES\",\"sameAs\":[\"https:\/\/jornalfatosenoticias.com.br\"],\"url\":\"https:\/\/jornalfatosenoticias.com.br\/index.php\/author\/luzimara\/\"}]}<\/script>\n<!-- \/ Yoast SEO plugin. -->","yoast_head_json":{"title":"Brasil registra menor m\u00e9dia m\u00f3vel de mortes desde o in\u00edcio da pandemia - Jornal Fatos e Not\u00edcias","robots":{"index":"index","follow":"follow","max-snippet":"max-snippet:-1","max-image-preview":"max-image-preview:large","max-video-preview":"max-video-preview:-1"},"canonical":"https:\/\/jornalfatosenoticias.com.br\/index.php\/2021\/10\/19\/brasil-registra-menor-media-movel-de-mortes-desde-o-inicio-da-pandemia\/","og_locale":"pt_BR","og_type":"article","og_title":"Brasil registra menor m\u00e9dia m\u00f3vel de mortes desde o in\u00edcio da pandemia - Jornal Fatos e Not\u00edcias","og_description":"Seis meses ap\u00f3s o pico da doen\u00e7a, vacina\u00e7\u00e3o mostra resultados Em 19 de abril de 2021 o Brasil registrou a maior m\u00e9dia m\u00f3vel de morte em decorr\u00eancia da covid-19: cerca de tr\u00eas mil \u00f3bitos di\u00e1rios. Hoje (19), exatos seis meses ap\u00f3s o \u00e1pice, o Minist\u00e9rio da Sa\u00fade informa que a vacina\u00e7\u00e3o em massa contra a [&hellip;]","og_url":"https:\/\/jornalfatosenoticias.com.br\/index.php\/2021\/10\/19\/brasil-registra-menor-media-movel-de-mortes-desde-o-inicio-da-pandemia\/","og_site_name":"Jornal Fatos e Not\u00edcias","article_published_time":"2021-10-19T18:10:04+00:00","article_modified_time":"2021-10-19T18:10:09+00:00","og_image":[{"width":1000,"height":598,"url":"https:\/\/jornalfatosenoticias.com.br\/wp-content\/uploads\/2021\/10\/vacinacao-covid_mcamgo_abr.jpg","type":"image\/jpeg"}],"author":"Luzimara Fernandes","twitter_card":"summary_large_image","twitter_misc":{"Escrito por":"Luzimara Fernandes","Est. tempo de leitura":"2 minutos"},"schema":{"@context":"https:\/\/schema.org","@graph":[{"@type":"Article","@id":"https:\/\/jornalfatosenoticias.com.br\/index.php\/2021\/10\/19\/brasil-registra-menor-media-movel-de-mortes-desde-o-inicio-da-pandemia\/#article","isPartOf":{"@id":"https:\/\/jornalfatosenoticias.com.br\/index.php\/2021\/10\/19\/brasil-registra-menor-media-movel-de-mortes-desde-o-inicio-da-pandemia\/"},"author":{"name":"Luzimara Fernandes","@id":"https:\/\/jornalfatosenoticias.com.br\/#\/schema\/person\/d63837fa13ac8666eb9e74e0985d6f81"},"headline":"Brasil registra menor m\u00e9dia m\u00f3vel de mortes desde o in\u00edcio da pandemia","datePublished":"2021-10-19T18:10:04+00:00","dateModified":"2021-10-19T18:10:09+00:00","mainEntityOfPage":{"@id":"https:\/\/jornalfatosenoticias.com.br\/index.php\/2021\/10\/19\/brasil-registra-menor-media-movel-de-mortes-desde-o-inicio-da-pandemia\/"},"wordCount":447,"commentCount":0,"publisher":{"@id":"https:\/\/jornalfatosenoticias.com.br\/#organization"},"image":{"@id":"https:\/\/jornalfatosenoticias.com.br\/index.php\/2021\/10\/19\/brasil-registra-menor-media-movel-de-mortes-desde-o-inicio-da-pandemia\/#primaryimage"},"thumbnailUrl":"https:\/\/jornalfatosenoticias.com.br\/wp-content\/uploads\/2021\/10\/vacinacao-covid_mcamgo_abr.jpg","keywords":["coronav\u00edrus","covid-19","pandemia","vacina\u00e7\u00e3o"],"articleSection":["Sa\u00fade"],"inLanguage":"pt-BR","potentialAction":[{"@type":"CommentAction","name":"Comment","target":["https:\/\/jornalfatosenoticias.com.br\/index.php\/2021\/10\/19\/brasil-registra-menor-media-movel-de-mortes-desde-o-inicio-da-pandemia\/#respond"]}]},{"@type":"WebPage","@id":"https:\/\/jornalfatosenoticias.com.br\/index.php\/2021\/10\/19\/brasil-registra-menor-media-movel-de-mortes-desde-o-inicio-da-pandemia\/","url":"https:\/\/jornalfatosenoticias.com.br\/index.php\/2021\/10\/19\/brasil-registra-menor-media-movel-de-mortes-desde-o-inicio-da-pandemia\/","name":"Brasil registra menor m\u00e9dia m\u00f3vel de mortes desde o in\u00edcio da pandemia - Jornal Fatos e Not\u00edcias","isPartOf":{"@id":"https:\/\/jornalfatosenoticias.com.br\/#website"},"primaryImageOfPage":{"@id":"https:\/\/jornalfatosenoticias.com.br\/index.php\/2021\/10\/19\/brasil-registra-menor-media-movel-de-mortes-desde-o-inicio-da-pandemia\/#primaryimage"},"image":{"@id":"https:\/\/jornalfatosenoticias.com.br\/index.php\/2021\/10\/19\/brasil-registra-menor-media-movel-de-mortes-desde-o-inicio-da-pandemia\/#primaryimage"},"thumbnailUrl":"https:\/\/jornalfatosenoticias.com.br\/wp-content\/uploads\/2021\/10\/vacinacao-covid_mcamgo_abr.jpg","datePublished":"2021-10-19T18:10:04+00:00","dateModified":"2021-10-19T18:10:09+00:00","breadcrumb":{"@id":"https:\/\/jornalfatosenoticias.com.br\/index.php\/2021\/10\/19\/brasil-registra-menor-media-movel-de-mortes-desde-o-inicio-da-pandemia\/#breadcrumb"},"inLanguage":"pt-BR","potentialAction":[{"@type":"ReadAction","target":["https:\/\/jornalfatosenoticias.com.br\/index.php\/2021\/10\/19\/brasil-registra-menor-media-movel-de-mortes-desde-o-inicio-da-pandemia\/"]}]},{"@type":"ImageObject","inLanguage":"pt-BR","@id":"https:\/\/jornalfatosenoticias.com.br\/index.php\/2021\/10\/19\/brasil-registra-menor-media-movel-de-mortes-desde-o-inicio-da-pandemia\/#primaryimage","url":"https:\/\/jornalfatosenoticias.com.br\/wp-content\/uploads\/2021\/10\/vacinacao-covid_mcamgo_abr.jpg","contentUrl":"https:\/\/jornalfatosenoticias.com.br\/wp-content\/uploads\/2021\/10\/vacinacao-covid_mcamgo_abr.jpg","width":1000,"height":598,"caption":"Vacina\u00e7\u00e3o na aldeia ind\u00edgena Umaria\u00e7u, pr\u00f3ximo a Tabatinga, Amazonas."},{"@type":"BreadcrumbList","@id":"https:\/\/jornalfatosenoticias.com.br\/index.php\/2021\/10\/19\/brasil-registra-menor-media-movel-de-mortes-desde-o-inicio-da-pandemia\/#breadcrumb","itemListElement":[{"@type":"ListItem","position":1,"name":"In\u00edcio","item":"https:\/\/jornalfatosenoticias.com.br\/"},{"@type":"ListItem","position":2,"name":"Brasil registra menor m\u00e9dia m\u00f3vel de mortes desde o in\u00edcio da pandemia"}]},{"@type":"WebSite","@id":"https:\/\/jornalfatosenoticias.com.br\/#website","url":"https:\/\/jornalfatosenoticias.com.br\/","name":"Jornal Fatos e Not\u00edcias","description":"Not\u00edcias em geral","publisher":{"@id":"https:\/\/jornalfatosenoticias.com.br\/#organization"},"potentialAction":[{"@type":"SearchAction","target":{"@type":"EntryPoint","urlTemplate":"https:\/\/jornalfatosenoticias.com.br\/?s={search_term_string}"},"query-input":{"@type":"PropertyValueSpecification","valueRequired":true,"valueName":"search_term_string"}}],"inLanguage":"pt-BR"},{"@type":"Organization","@id":"https:\/\/jornalfatosenoticias.com.br\/#organization","name":"Jornal Fatos e Not\u00edcias","url":"https:\/\/jornalfatosenoticias.com.br\/","logo":{"@type":"ImageObject","inLanguage":"pt-BR","@id":"https:\/\/jornalfatosenoticias.com.br\/#\/schema\/logo\/image\/","url":"https:\/\/jornalfatosenoticias.com.br\/wp-content\/uploads\/2020\/02\/logo120.png","contentUrl":"https:\/\/jornalfatosenoticias.com.br\/wp-content\/uploads\/2020\/02\/logo120.png","width":1227,"height":120,"caption":"Jornal Fatos e Not\u00edcias"},"image":{"@id":"https:\/\/jornalfatosenoticias.com.br\/#\/schema\/logo\/image\/"}},{"@type":"Person","@id":"https:\/\/jornalfatosenoticias.com.br\/#\/schema\/person\/d63837fa13ac8666eb9e74e0985d6f81","name":"Luzimara Fernandes","image":{"@type":"ImageObject","inLanguage":"pt-BR","@id":"https:\/\/jornalfatosenoticias.com.br\/#\/schema\/person\/image\/","url":"https:\/\/jornalfatosenoticias.com.br\/wp-content\/uploads\/2025\/05\/EU_portal.jpg","contentUrl":"https:\/\/jornalfatosenoticias.com.br\/wp-content\/uploads\/2025\/05\/EU_portal.jpg","caption":"Luzimara Fernandes"},"description":"Jornalista MTB 2358-ES","sameAs":["https:\/\/jornalfatosenoticias.com.br"],"url":"https:\/\/jornalfatosenoticias.com.br\/index.php\/author\/luzimara\/"}]}},"cc_featured_image_caption":{"caption_text":"(Foto: Marcelo Camargo\/Ag\u00eancia Brasil)","source_text":"","source_url":""},"jetpack_featured_media_url":"https:\/\/jornalfatosenoticias.com.br\/wp-content\/uploads\/2021\/10\/vacinacao-covid_mcamgo_abr.jpg","_links":{"self":[{"href":"https:\/\/jornalfatosenoticias.com.br\/index.php\/wp-json\/wp\/v2\/posts\/24029","targetHints":{"allow":["GET"]}}],"collection":[{"href":"https:\/\/jornalfatosenoticias.com.br\/index.php\/wp-json\/wp\/v2\/posts"}],"about":[{"href":"https:\/\/jornalfatosenoticias.com.br\/index.php\/wp-json\/wp\/v2\/types\/post"}],"author":[{"embeddable":true,"href":"https:\/\/jornalfatosenoticias.com.br\/index.php\/wp-json\/wp\/v2\/users\/2"}],"replies":[{"embeddable":true,"href":"https:\/\/jornalfatosenoticias.com.br\/index.php\/wp-json\/wp\/v2\/comments?post=24029"}],"version-history":[{"count":0,"href":"https:\/\/jornalfatosenoticias.com.br\/index.php\/wp-json\/wp\/v2\/posts\/24029\/revisions"}],"wp:featuredmedia":[{"embeddable":true,"href":"https:\/\/jornalfatosenoticias.com.br\/index.php\/wp-json\/wp\/v2\/media\/24030"}],"wp:attachment":[{"href":"https:\/\/jornalfatosenoticias.com.br\/index.php\/wp-json\/wp\/v2\/media?parent=24029"}],"wp:term":[{"taxonomy":"category","embeddable":true,"href":"https:\/\/jornalfatosenoticias.com.br\/index.php\/wp-json\/wp\/v2\/categories?post=24029"},{"taxonomy":"post_tag","embeddable":true,"href":"https:\/\/jornalfatosenoticias.com.br\/index.php\/wp-json\/wp\/v2\/tags?post=24029"}],"curies":[{"name":"wp","href":"https:\/\/api.w.org\/{rel}","templated":true}]}}