{"id":24041,"date":"2021-10-19T15:54:06","date_gmt":"2021-10-19T18:54:06","guid":{"rendered":"https:\/\/jornalfatosenoticias.com.br\/?p=24041"},"modified":"2021-10-19T15:54:08","modified_gmt":"2021-10-19T18:54:08","slug":"quais-plantas-devem-ser-evitadas-em-jardins-com-criancas-e-animais","status":"publish","type":"post","link":"https:\/\/jornalfatosenoticias.com.br\/index.php\/2021\/10\/19\/quais-plantas-devem-ser-evitadas-em-jardins-com-criancas-e-animais\/","title":{"rendered":"Quais plantas devem ser evitadas em jardins com crian\u00e7as e animais?"},"content":{"rendered":"\n<p><em><span class=\"has-inline-color has-black-color\">Um jardim cheio de plantas \u00e9 uma beleza, mas algumas esp\u00e9cies podem oferecer riscos a crian\u00e7as e animais de estima\u00e7\u00e3o<\/span><\/em><\/p>\n\n\n\n<p>Embora a beleza das plantas seja uma unanimidade, algumas esp\u00e9cies ornamentais podem oferecer riscos a crian\u00e7as pequenas e animais de estima\u00e7\u00e3o, se ingeridas ou tocadas. Os problemas \u00e0 sa\u00fade podem variar de irrita\u00e7\u00f5es na pele, v\u00f4mitos at\u00e9 falta de ar, acelera\u00e7\u00e3o card\u00edaca e dist\u00farbios com mais gravidade.<br>A paisagista, especialista em jardinagem org\u00e2nica e Feng Shui, Marizeth Estrela, explica que as subst\u00e2ncias t\u00f3xicas presentes em algumas esp\u00e9cies s\u00e3o defesas naturais das plantas contra predadores. \u201cEmbora o animal fa\u00e7a uso de seu instinto na hora de selecionar o que comer, pode ingerir peda\u00e7os de plantas que n\u00e3o lhe fa\u00e7am bem. Se sobreviver, dificilmente voltar\u00e1 a com\u00ea-la\u201d.<br>A melhor alternativa para evitar incidentes com plantas \u00e9 optar por esp\u00e9cies at\u00f3xicas dentro de casa ou no jardim, quando houver crian\u00e7as e animais de estima\u00e7\u00e3o entre os moradores. \u201cAdubos como a torta da mamona n\u00e3o devem ser usados. A prefer\u00eancia deve ser por substratos org\u00e2nicos livres de toxidade\u201d, alerta Marizeth. \u00c9 natural que os animais fucem a terra e as crian\u00e7as, pela curiosidade agu\u00e7ada ou pela fase de levar tudo \u00e0 boca, acabem ingerindo terra, da\u00ed a import\u00e2ncia da preven\u00e7\u00e3o.<\/p>\n\n\n\n<blockquote class=\"wp-block-quote is-layout-flow wp-block-quote-is-layout-flow\"><p><span class=\"has-inline-color has-luminous-vivid-orange-color\">\u201cEm um projeto de paisagismo \u00e9 preciso considerar o perfil dos moradores e avaliar se plantas que atraem insetos como pulg\u00f5es, abelhas e marimbondos, por exemplo, ou as que possuem espinhos grandes ou folhas pontiagudas devem ser op\u00e7\u00f5es ornamentais\u201d, afirma Marizeth. \u201cSe a op\u00e7\u00e3o for o fa\u00e7a voc\u00ea mesmo, os adultos devem adotar esses cuidados para que o ambiente, al\u00e9m de agrad\u00e1vel, seja seguro aos pequeninos e aos pets\u201d, adverte a paisagista.<\/span><\/p><\/blockquote>\n\n\n\n<p>Marizeth diz que, geralmente, a intoxica\u00e7\u00e3o por plantas (folhas, frutos e sementes) acontece por desconhecimento do potencial t\u00f3xico da esp\u00e9cie. \u201cN\u00e3o sabemos o quanto algumas esp\u00e9cies podem ser perigosas, caso partes da planta sejam ingeridas ou entrem em contato com os olhos ou com as mucosas.\u201d A paisagista sugere como uma solu\u00e7\u00e3o preventiva para o uso de esp\u00e9cies t\u00f3xicas a identifica\u00e7\u00e3o com placas informando sobre os riscos. \u201cAl\u00e9m de nomear as plantas com o nome cient\u00edfico e popular, o ideal seria identificar as partes t\u00f3xicas e a sintomatologia em caso de contato ou ingest\u00e3o, facilitando assim seu reconhecimento\u201d, afirma.<\/p>\n\n\n\n<figure class=\"wp-block-image size-large is-style-default\"><img loading=\"lazy\" decoding=\"async\" width=\"1000\" height=\"670\" src=\"https:\/\/jornalfatosenoticias.com.br\/wp-content\/uploads\/2021\/10\/plantas-com-alta-toxidade-jardim2.jpg\" alt=\"\" class=\"wp-image-24042\" srcset=\"https:\/\/jornalfatosenoticias.com.br\/wp-content\/uploads\/2021\/10\/plantas-com-alta-toxidade-jardim2.jpg 1000w, https:\/\/jornalfatosenoticias.com.br\/wp-content\/uploads\/2021\/10\/plantas-com-alta-toxidade-jardim2-300x201.jpg 300w, https:\/\/jornalfatosenoticias.com.br\/wp-content\/uploads\/2021\/10\/plantas-com-alta-toxidade-jardim2-768x515.jpg 768w\" sizes=\"auto, (max-width: 1000px) 100vw, 1000px\" \/><figcaption><em><span class=\"has-inline-color has-black-color\">Da esquerda para direita: <a href=\"https:\/\/commons.wikimedia.org\/wiki\/File:Ricinus_communis_005.JPG\" target=\"_blank\" rel=\"noreferrer noopener\">Mamona<\/a>,\u00a0<a href=\"https:\/\/commons.wikimedia.org\/wiki\/File:Rhododendron_simsii0.jpg\" target=\"_blank\" rel=\"noreferrer noopener\">Azaleia<\/a>,\u00a0<a href=\"https:\/\/commons.wikimedia.org\/wiki\/File:Jarro-1.jpg\" target=\"_blank\" rel=\"noreferrer noopener\">Copo-de-leite<\/a>,\u00a0<a href=\"https:\/\/commons.wikimedia.org\/wiki\/File:Allamanda_cathartica_2.jpg\" target=\"_blank\" rel=\"noreferrer noopener\">Alamanda<\/a>,\u00a0<a href=\"https:\/\/commons.wikimedia.org\/wiki\/File:Euphorbia_pulcherrima_%28non_domesticated%29.jpg\" target=\"_blank\" rel=\"noreferrer noopener\">Bico-de-Papagaio<\/a>\u00a0e\u00a0<a href=\"https:\/\/pl.wikipedia.org\/wiki\/Plik:Starr_061212-2331_Dieffenbachia_seguine.jpg\" target=\"_blank\" rel=\"noreferrer noopener\">Comigo-ningu\u00e9m-pode<\/a><\/span><\/em><\/figcaption><\/figure>\n\n\n\n<p>Segundo Marizeth, algumas esp\u00e9cies que podem oferecer riscos, como a mamona (<em>Ricinus communis<\/em>), azaleias (<em>Rhododendron simsii<\/em>), copos-de-leite (<em>Zantedeschia aethiopica<\/em>), alamandas (<em>Allamanda cathartica<\/em>), o bico-de-papagaio (<em>Poinsettia ou Euphorbia pulcherrima<\/em>), a comigo-ningu\u00e9m-pode (<em>Dieffenbachia amoena<\/em>), s\u00e3o facilmente encontradas em vasos, jardins, parques, pra\u00e7as e outras \u00e1reas verdes, por isso, o cuidado de pais e donos de pets deve ser redobrado, n\u00e3o restrito ao conv\u00edvio dentro de casa.<br>O acesso a esp\u00e9cies t\u00f3xicas deve ser limitado e, desde cedo, as crian\u00e7as devem ser orientadas a n\u00e3o colocar plantas na boca. \u201cOs espinhos, os insetos e a pr\u00f3pria toxidade da planta s\u00e3o fatores para dar equil\u00edbrio \u00e0 natureza e manter o ciclo de vida e morte, o que deve ser visto com naturalidade\u201d, enfatiza Marizeth. Como os limites que os pais d\u00e3o aos filhos, por am\u00e1-los, a natureza imp\u00f5e os dela, para que sejam respeitados.<br>No caso de incidentes com plantas, pela ingest\u00e3o de peda\u00e7os ou sementes, \u00e9 preciso atendimento m\u00e9dico imediato. Levar parte da planta ingerida para que os m\u00e9dicos possam identific\u00e1-la pode ajudar no tratamento adequado.<\/p>\n\n\n\n<h4 class=\"wp-block-heading\"><span class=\"has-inline-color has-black-color\">Quais evitar:<\/span><\/h4>\n\n\n\n<p><strong><span class=\"has-inline-color has-black-color\">Pela toxidade:<\/span><\/strong> comigo-ningu\u00e9m-pode (<em>Dieffenbachia amoena<\/em>), alamanda (<em>Alamanda cat\u00e1rtica<\/em>), mamona (<em>Ricinus communis<\/em>), espirradeira (<em>Nerium oleander<\/em>), mandioca-brava (<em>Manihot esculenta<\/em>), chap\u00e9u-de-napole\u00e3o (<em>Thevertia peruviana<\/em>), avel\u00f3s (<em>Euphorbia tirucalli<\/em>), guine (<em>Petiveria alliacea<\/em>), carambola (<em>Averrhoa carambola<\/em>), jasmim manga (<em>Plumeria rubra<\/em>), leiteiro-vermelho (<em>Euphorbia cotinifolia<\/em>)<\/p>\n\n\n\n<p><strong><span class=\"has-inline-color has-black-color\">Pelos espinhos:<\/span><\/strong> coroa-de-cristo (<em>Euphorbia milii<\/em>), f\u00eanix (<em>Phoenix roebelenii<\/em>), cactos, babosa (<em>Aloes arborescens, Aloe vera<\/em>), azevinho (<em>Ilex aquifolium<\/em>), Asparagus (<em>Asparagus myriocladus, setaceus, densiflorus \u2018Sprengeri\u2019 ou falcatus<\/em>)<\/p>\n\n\n\n<p><strong><span class=\"has-inline-color has-black-color\">Folhas pontiagudas:<\/span><\/strong> agaves, yuccas (<em>Yucca filamentosa ou guatemalensis<\/em>), raphis (<em>Raphis excelsa<\/em>).<\/p>\n\n\n\n<p><strong><span class=\"has-inline-color has-black-color\">Atra\u00e7\u00e3o de insetos:<\/span><\/strong> lantana (<em>Lantana camara<\/em>), Camar\u00e3o amarelo (<em>Pachystachys lutea<\/em>), camar\u00e3o-vermelho (<em>Pachystachys spicata<\/em>), dama-da-noite (<em>Cestrum nocturnum<\/em>), manac\u00e1-de-cheiro (<em>Brunfelsia uniflora<\/em>).<\/p>\n\n\n\n<figure class=\"wp-block-image size-large is-style-default\"><img loading=\"lazy\" decoding=\"async\" width=\"1000\" height=\"803\" src=\"https:\/\/jornalfatosenoticias.com.br\/wp-content\/uploads\/2021\/10\/Yucca_elephantipes_Silver_Star_Top_View.jpg\" alt=\"\" class=\"wp-image-24043\" srcset=\"https:\/\/jornalfatosenoticias.com.br\/wp-content\/uploads\/2021\/10\/Yucca_elephantipes_Silver_Star_Top_View.jpg 1000w, https:\/\/jornalfatosenoticias.com.br\/wp-content\/uploads\/2021\/10\/Yucca_elephantipes_Silver_Star_Top_View-300x241.jpg 300w, https:\/\/jornalfatosenoticias.com.br\/wp-content\/uploads\/2021\/10\/Yucca_elephantipes_Silver_Star_Top_View-768x617.jpg 768w\" sizes=\"auto, (max-width: 1000px) 100vw, 1000px\" \/><figcaption><em><span class=\"has-inline-color has-black-color\">Yucca (Foto: <a href=\"https:\/\/commons.wikimedia.org\/wiki\/File:Yucca_elephantipes_%27Silver_Star%27_Top_View_2488px.jpg\" target=\"_blank\" rel=\"noreferrer noopener\">Derek Ramsey<\/a>)<\/span><\/em><\/figcaption><\/figure>\n\n\n\n<p>Dar prefer\u00eancia para as at\u00f3xicas: em geral, as plantas frut\u00edferas tipo laranjinha kinkan, lim\u00e3o siciliano, jabuticaba (<em>Myrciaria cauliflora<\/em>); plantas que formam hortas e ervas como lavanda (<em>Lavandula dentata<\/em>), alecrim (<em>Rosmarinus officianalis<\/em>), hortel\u00e3 (<em>Mentha<\/em>), cal\u00eandula (<em>Calendula officinalis<\/em>), alisso (<em>Lobularia mar\u00edtima<\/em>). Outras variedades comuns s\u00e3o as comumente usadas em jardins sensoriais (feito para deficientes visuais) e jardins terap\u00eauticos (infantis ou para adultos).<\/p>\n\n\n\n<p><strong><em>Fonte: <a href=\"https:\/\/ciclovivo.com.br\/mao-na-massa\/horta\/jardinagem-quando-o-plantio-de-especies-toxicas-deve-ser-evitado\/\">CicloVivo<\/a><\/em><\/strong><\/p>\n","protected":false},"excerpt":{"rendered":"<p>Um jardim cheio de plantas \u00e9 uma beleza, mas algumas esp\u00e9cies podem oferecer riscos a crian\u00e7as e animais de estima\u00e7\u00e3o Embora a beleza das plantas seja uma unanimidade, algumas esp\u00e9cies ornamentais podem oferecer riscos a crian\u00e7as pequenas e animais de estima\u00e7\u00e3o, se ingeridas ou tocadas. Os problemas \u00e0 sa\u00fade podem variar de irrita\u00e7\u00f5es na pele, [&hellip;]<\/p>\n","protected":false},"author":2,"featured_media":24044,"comment_status":"open","ping_status":"open","sticky":false,"template":"","format":"standard","meta":{"footnotes":""},"categories":[42],"tags":[1264,670,11633,2762,11632],"class_list":["post-24041","post","type-post","status-publish","format-standard","has-post-thumbnail","hentry","category-bem-estar","tag-animais","tag-criancas","tag-especies-ornamentais","tag-jardins","tag-plantas-venenosas"],"yoast_head":"<!-- This site is optimized with the Yoast SEO plugin v26.5 - https:\/\/yoast.com\/wordpress\/plugins\/seo\/ -->\n<title>Quais plantas devem ser evitadas em jardins com crian\u00e7as e animais? - Jornal Fatos e Not\u00edcias<\/title>\n<meta name=\"robots\" content=\"index, follow, max-snippet:-1, max-image-preview:large, max-video-preview:-1\" \/>\n<link rel=\"canonical\" href=\"https:\/\/jornalfatosenoticias.com.br\/index.php\/2021\/10\/19\/quais-plantas-devem-ser-evitadas-em-jardins-com-criancas-e-animais\/\" \/>\n<meta property=\"og:locale\" content=\"pt_BR\" \/>\n<meta property=\"og:type\" content=\"article\" \/>\n<meta property=\"og:title\" content=\"Quais plantas devem ser evitadas em jardins com crian\u00e7as e animais? - Jornal Fatos e Not\u00edcias\" \/>\n<meta property=\"og:description\" content=\"Um jardim cheio de plantas \u00e9 uma beleza, mas algumas esp\u00e9cies podem oferecer riscos a crian\u00e7as e animais de estima\u00e7\u00e3o Embora a beleza das plantas seja uma unanimidade, algumas esp\u00e9cies ornamentais podem oferecer riscos a crian\u00e7as pequenas e animais de estima\u00e7\u00e3o, se ingeridas ou tocadas. Os problemas \u00e0 sa\u00fade podem variar de irrita\u00e7\u00f5es na pele, [&hellip;]\" \/>\n<meta property=\"og:url\" content=\"https:\/\/jornalfatosenoticias.com.br\/index.php\/2021\/10\/19\/quais-plantas-devem-ser-evitadas-em-jardins-com-criancas-e-animais\/\" \/>\n<meta property=\"og:site_name\" content=\"Jornal Fatos e Not\u00edcias\" \/>\n<meta property=\"article:published_time\" content=\"2021-10-19T18:54:06+00:00\" \/>\n<meta property=\"article:modified_time\" content=\"2021-10-19T18:54:08+00:00\" \/>\n<meta property=\"og:image\" content=\"https:\/\/jornalfatosenoticias.com.br\/wp-content\/uploads\/2021\/10\/crinacas-e-animais_jardim_iStock.jpg\" \/>\n\t<meta property=\"og:image:width\" content=\"1000\" \/>\n\t<meta property=\"og:image:height\" content=\"644\" \/>\n\t<meta property=\"og:image:type\" content=\"image\/jpeg\" \/>\n<meta name=\"author\" content=\"Luzimara Fernandes\" \/>\n<meta name=\"twitter:card\" content=\"summary_large_image\" \/>\n<meta name=\"twitter:label1\" content=\"Escrito por\" \/>\n\t<meta name=\"twitter:data1\" content=\"Luzimara Fernandes\" \/>\n\t<meta name=\"twitter:label2\" content=\"Est. tempo de leitura\" \/>\n\t<meta name=\"twitter:data2\" content=\"4 minutos\" \/>\n<script type=\"application\/ld+json\" class=\"yoast-schema-graph\">{\"@context\":\"https:\/\/schema.org\",\"@graph\":[{\"@type\":\"Article\",\"@id\":\"https:\/\/jornalfatosenoticias.com.br\/index.php\/2021\/10\/19\/quais-plantas-devem-ser-evitadas-em-jardins-com-criancas-e-animais\/#article\",\"isPartOf\":{\"@id\":\"https:\/\/jornalfatosenoticias.com.br\/index.php\/2021\/10\/19\/quais-plantas-devem-ser-evitadas-em-jardins-com-criancas-e-animais\/\"},\"author\":{\"name\":\"Luzimara Fernandes\",\"@id\":\"https:\/\/jornalfatosenoticias.com.br\/#\/schema\/person\/d63837fa13ac8666eb9e74e0985d6f81\"},\"headline\":\"Quais plantas devem ser evitadas em jardins com crian\u00e7as e animais?\",\"datePublished\":\"2021-10-19T18:54:06+00:00\",\"dateModified\":\"2021-10-19T18:54:08+00:00\",\"mainEntityOfPage\":{\"@id\":\"https:\/\/jornalfatosenoticias.com.br\/index.php\/2021\/10\/19\/quais-plantas-devem-ser-evitadas-em-jardins-com-criancas-e-animais\/\"},\"wordCount\":816,\"commentCount\":0,\"publisher\":{\"@id\":\"https:\/\/jornalfatosenoticias.com.br\/#organization\"},\"image\":{\"@id\":\"https:\/\/jornalfatosenoticias.com.br\/index.php\/2021\/10\/19\/quais-plantas-devem-ser-evitadas-em-jardins-com-criancas-e-animais\/#primaryimage\"},\"thumbnailUrl\":\"https:\/\/jornalfatosenoticias.com.br\/wp-content\/uploads\/2021\/10\/crinacas-e-animais_jardim_iStock.jpg\",\"keywords\":[\"animais\",\"crian\u00e7as\",\"esp\u00e9cies ornamentais\",\"jardins\",\"plantas venenosas\"],\"articleSection\":[\"Bem-estar\"],\"inLanguage\":\"pt-BR\",\"potentialAction\":[{\"@type\":\"CommentAction\",\"name\":\"Comment\",\"target\":[\"https:\/\/jornalfatosenoticias.com.br\/index.php\/2021\/10\/19\/quais-plantas-devem-ser-evitadas-em-jardins-com-criancas-e-animais\/#respond\"]}]},{\"@type\":\"WebPage\",\"@id\":\"https:\/\/jornalfatosenoticias.com.br\/index.php\/2021\/10\/19\/quais-plantas-devem-ser-evitadas-em-jardins-com-criancas-e-animais\/\",\"url\":\"https:\/\/jornalfatosenoticias.com.br\/index.php\/2021\/10\/19\/quais-plantas-devem-ser-evitadas-em-jardins-com-criancas-e-animais\/\",\"name\":\"Quais plantas devem ser evitadas em jardins com crian\u00e7as e animais? - Jornal Fatos e Not\u00edcias\",\"isPartOf\":{\"@id\":\"https:\/\/jornalfatosenoticias.com.br\/#website\"},\"primaryImageOfPage\":{\"@id\":\"https:\/\/jornalfatosenoticias.com.br\/index.php\/2021\/10\/19\/quais-plantas-devem-ser-evitadas-em-jardins-com-criancas-e-animais\/#primaryimage\"},\"image\":{\"@id\":\"https:\/\/jornalfatosenoticias.com.br\/index.php\/2021\/10\/19\/quais-plantas-devem-ser-evitadas-em-jardins-com-criancas-e-animais\/#primaryimage\"},\"thumbnailUrl\":\"https:\/\/jornalfatosenoticias.com.br\/wp-content\/uploads\/2021\/10\/crinacas-e-animais_jardim_iStock.jpg\",\"datePublished\":\"2021-10-19T18:54:06+00:00\",\"dateModified\":\"2021-10-19T18:54:08+00:00\",\"breadcrumb\":{\"@id\":\"https:\/\/jornalfatosenoticias.com.br\/index.php\/2021\/10\/19\/quais-plantas-devem-ser-evitadas-em-jardins-com-criancas-e-animais\/#breadcrumb\"},\"inLanguage\":\"pt-BR\",\"potentialAction\":[{\"@type\":\"ReadAction\",\"target\":[\"https:\/\/jornalfatosenoticias.com.br\/index.php\/2021\/10\/19\/quais-plantas-devem-ser-evitadas-em-jardins-com-criancas-e-animais\/\"]}]},{\"@type\":\"ImageObject\",\"inLanguage\":\"pt-BR\",\"@id\":\"https:\/\/jornalfatosenoticias.com.br\/index.php\/2021\/10\/19\/quais-plantas-devem-ser-evitadas-em-jardins-com-criancas-e-animais\/#primaryimage\",\"url\":\"https:\/\/jornalfatosenoticias.com.br\/wp-content\/uploads\/2021\/10\/crinacas-e-animais_jardim_iStock.jpg\",\"contentUrl\":\"https:\/\/jornalfatosenoticias.com.br\/wp-content\/uploads\/2021\/10\/crinacas-e-animais_jardim_iStock.jpg\",\"width\":1000,\"height\":644,\"caption\":\"Boy and dog playing plane pilots at sunny lawn\"},{\"@type\":\"BreadcrumbList\",\"@id\":\"https:\/\/jornalfatosenoticias.com.br\/index.php\/2021\/10\/19\/quais-plantas-devem-ser-evitadas-em-jardins-com-criancas-e-animais\/#breadcrumb\",\"itemListElement\":[{\"@type\":\"ListItem\",\"position\":1,\"name\":\"In\u00edcio\",\"item\":\"https:\/\/jornalfatosenoticias.com.br\/\"},{\"@type\":\"ListItem\",\"position\":2,\"name\":\"Quais plantas devem ser evitadas em jardins com crian\u00e7as e animais?\"}]},{\"@type\":\"WebSite\",\"@id\":\"https:\/\/jornalfatosenoticias.com.br\/#website\",\"url\":\"https:\/\/jornalfatosenoticias.com.br\/\",\"name\":\"Jornal Fatos e Not\u00edcias\",\"description\":\"Not\u00edcias em geral\",\"publisher\":{\"@id\":\"https:\/\/jornalfatosenoticias.com.br\/#organization\"},\"potentialAction\":[{\"@type\":\"SearchAction\",\"target\":{\"@type\":\"EntryPoint\",\"urlTemplate\":\"https:\/\/jornalfatosenoticias.com.br\/?s={search_term_string}\"},\"query-input\":{\"@type\":\"PropertyValueSpecification\",\"valueRequired\":true,\"valueName\":\"search_term_string\"}}],\"inLanguage\":\"pt-BR\"},{\"@type\":\"Organization\",\"@id\":\"https:\/\/jornalfatosenoticias.com.br\/#organization\",\"name\":\"Jornal Fatos e Not\u00edcias\",\"url\":\"https:\/\/jornalfatosenoticias.com.br\/\",\"logo\":{\"@type\":\"ImageObject\",\"inLanguage\":\"pt-BR\",\"@id\":\"https:\/\/jornalfatosenoticias.com.br\/#\/schema\/logo\/image\/\",\"url\":\"https:\/\/jornalfatosenoticias.com.br\/wp-content\/uploads\/2020\/02\/logo120.png\",\"contentUrl\":\"https:\/\/jornalfatosenoticias.com.br\/wp-content\/uploads\/2020\/02\/logo120.png\",\"width\":1227,\"height\":120,\"caption\":\"Jornal Fatos e Not\u00edcias\"},\"image\":{\"@id\":\"https:\/\/jornalfatosenoticias.com.br\/#\/schema\/logo\/image\/\"}},{\"@type\":\"Person\",\"@id\":\"https:\/\/jornalfatosenoticias.com.br\/#\/schema\/person\/d63837fa13ac8666eb9e74e0985d6f81\",\"name\":\"Luzimara Fernandes\",\"image\":{\"@type\":\"ImageObject\",\"inLanguage\":\"pt-BR\",\"@id\":\"https:\/\/jornalfatosenoticias.com.br\/#\/schema\/person\/image\/\",\"url\":\"https:\/\/jornalfatosenoticias.com.br\/wp-content\/uploads\/2025\/05\/EU_portal.jpg\",\"contentUrl\":\"https:\/\/jornalfatosenoticias.com.br\/wp-content\/uploads\/2025\/05\/EU_portal.jpg\",\"caption\":\"Luzimara Fernandes\"},\"description\":\"Jornalista MTB 2358-ES\",\"sameAs\":[\"https:\/\/jornalfatosenoticias.com.br\"],\"url\":\"https:\/\/jornalfatosenoticias.com.br\/index.php\/author\/luzimara\/\"}]}<\/script>\n<!-- \/ Yoast SEO plugin. -->","yoast_head_json":{"title":"Quais plantas devem ser evitadas em jardins com crian\u00e7as e animais? - Jornal Fatos e Not\u00edcias","robots":{"index":"index","follow":"follow","max-snippet":"max-snippet:-1","max-image-preview":"max-image-preview:large","max-video-preview":"max-video-preview:-1"},"canonical":"https:\/\/jornalfatosenoticias.com.br\/index.php\/2021\/10\/19\/quais-plantas-devem-ser-evitadas-em-jardins-com-criancas-e-animais\/","og_locale":"pt_BR","og_type":"article","og_title":"Quais plantas devem ser evitadas em jardins com crian\u00e7as e animais? - Jornal Fatos e Not\u00edcias","og_description":"Um jardim cheio de plantas \u00e9 uma beleza, mas algumas esp\u00e9cies podem oferecer riscos a crian\u00e7as e animais de estima\u00e7\u00e3o Embora a beleza das plantas seja uma unanimidade, algumas esp\u00e9cies ornamentais podem oferecer riscos a crian\u00e7as pequenas e animais de estima\u00e7\u00e3o, se ingeridas ou tocadas. Os problemas \u00e0 sa\u00fade podem variar de irrita\u00e7\u00f5es na pele, [&hellip;]","og_url":"https:\/\/jornalfatosenoticias.com.br\/index.php\/2021\/10\/19\/quais-plantas-devem-ser-evitadas-em-jardins-com-criancas-e-animais\/","og_site_name":"Jornal Fatos e Not\u00edcias","article_published_time":"2021-10-19T18:54:06+00:00","article_modified_time":"2021-10-19T18:54:08+00:00","og_image":[{"width":1000,"height":644,"url":"https:\/\/jornalfatosenoticias.com.br\/wp-content\/uploads\/2021\/10\/crinacas-e-animais_jardim_iStock.jpg","type":"image\/jpeg"}],"author":"Luzimara Fernandes","twitter_card":"summary_large_image","twitter_misc":{"Escrito por":"Luzimara Fernandes","Est. tempo de leitura":"4 minutos"},"schema":{"@context":"https:\/\/schema.org","@graph":[{"@type":"Article","@id":"https:\/\/jornalfatosenoticias.com.br\/index.php\/2021\/10\/19\/quais-plantas-devem-ser-evitadas-em-jardins-com-criancas-e-animais\/#article","isPartOf":{"@id":"https:\/\/jornalfatosenoticias.com.br\/index.php\/2021\/10\/19\/quais-plantas-devem-ser-evitadas-em-jardins-com-criancas-e-animais\/"},"author":{"name":"Luzimara Fernandes","@id":"https:\/\/jornalfatosenoticias.com.br\/#\/schema\/person\/d63837fa13ac8666eb9e74e0985d6f81"},"headline":"Quais plantas devem ser evitadas em jardins com crian\u00e7as e animais?","datePublished":"2021-10-19T18:54:06+00:00","dateModified":"2021-10-19T18:54:08+00:00","mainEntityOfPage":{"@id":"https:\/\/jornalfatosenoticias.com.br\/index.php\/2021\/10\/19\/quais-plantas-devem-ser-evitadas-em-jardins-com-criancas-e-animais\/"},"wordCount":816,"commentCount":0,"publisher":{"@id":"https:\/\/jornalfatosenoticias.com.br\/#organization"},"image":{"@id":"https:\/\/jornalfatosenoticias.com.br\/index.php\/2021\/10\/19\/quais-plantas-devem-ser-evitadas-em-jardins-com-criancas-e-animais\/#primaryimage"},"thumbnailUrl":"https:\/\/jornalfatosenoticias.com.br\/wp-content\/uploads\/2021\/10\/crinacas-e-animais_jardim_iStock.jpg","keywords":["animais","crian\u00e7as","esp\u00e9cies ornamentais","jardins","plantas venenosas"],"articleSection":["Bem-estar"],"inLanguage":"pt-BR","potentialAction":[{"@type":"CommentAction","name":"Comment","target":["https:\/\/jornalfatosenoticias.com.br\/index.php\/2021\/10\/19\/quais-plantas-devem-ser-evitadas-em-jardins-com-criancas-e-animais\/#respond"]}]},{"@type":"WebPage","@id":"https:\/\/jornalfatosenoticias.com.br\/index.php\/2021\/10\/19\/quais-plantas-devem-ser-evitadas-em-jardins-com-criancas-e-animais\/","url":"https:\/\/jornalfatosenoticias.com.br\/index.php\/2021\/10\/19\/quais-plantas-devem-ser-evitadas-em-jardins-com-criancas-e-animais\/","name":"Quais plantas devem ser evitadas em jardins com crian\u00e7as e animais? - Jornal Fatos e Not\u00edcias","isPartOf":{"@id":"https:\/\/jornalfatosenoticias.com.br\/#website"},"primaryImageOfPage":{"@id":"https:\/\/jornalfatosenoticias.com.br\/index.php\/2021\/10\/19\/quais-plantas-devem-ser-evitadas-em-jardins-com-criancas-e-animais\/#primaryimage"},"image":{"@id":"https:\/\/jornalfatosenoticias.com.br\/index.php\/2021\/10\/19\/quais-plantas-devem-ser-evitadas-em-jardins-com-criancas-e-animais\/#primaryimage"},"thumbnailUrl":"https:\/\/jornalfatosenoticias.com.br\/wp-content\/uploads\/2021\/10\/crinacas-e-animais_jardim_iStock.jpg","datePublished":"2021-10-19T18:54:06+00:00","dateModified":"2021-10-19T18:54:08+00:00","breadcrumb":{"@id":"https:\/\/jornalfatosenoticias.com.br\/index.php\/2021\/10\/19\/quais-plantas-devem-ser-evitadas-em-jardins-com-criancas-e-animais\/#breadcrumb"},"inLanguage":"pt-BR","potentialAction":[{"@type":"ReadAction","target":["https:\/\/jornalfatosenoticias.com.br\/index.php\/2021\/10\/19\/quais-plantas-devem-ser-evitadas-em-jardins-com-criancas-e-animais\/"]}]},{"@type":"ImageObject","inLanguage":"pt-BR","@id":"https:\/\/jornalfatosenoticias.com.br\/index.php\/2021\/10\/19\/quais-plantas-devem-ser-evitadas-em-jardins-com-criancas-e-animais\/#primaryimage","url":"https:\/\/jornalfatosenoticias.com.br\/wp-content\/uploads\/2021\/10\/crinacas-e-animais_jardim_iStock.jpg","contentUrl":"https:\/\/jornalfatosenoticias.com.br\/wp-content\/uploads\/2021\/10\/crinacas-e-animais_jardim_iStock.jpg","width":1000,"height":644,"caption":"Boy and dog playing plane pilots at sunny lawn"},{"@type":"BreadcrumbList","@id":"https:\/\/jornalfatosenoticias.com.br\/index.php\/2021\/10\/19\/quais-plantas-devem-ser-evitadas-em-jardins-com-criancas-e-animais\/#breadcrumb","itemListElement":[{"@type":"ListItem","position":1,"name":"In\u00edcio","item":"https:\/\/jornalfatosenoticias.com.br\/"},{"@type":"ListItem","position":2,"name":"Quais plantas devem ser evitadas em jardins com crian\u00e7as e animais?"}]},{"@type":"WebSite","@id":"https:\/\/jornalfatosenoticias.com.br\/#website","url":"https:\/\/jornalfatosenoticias.com.br\/","name":"Jornal Fatos e Not\u00edcias","description":"Not\u00edcias em geral","publisher":{"@id":"https:\/\/jornalfatosenoticias.com.br\/#organization"},"potentialAction":[{"@type":"SearchAction","target":{"@type":"EntryPoint","urlTemplate":"https:\/\/jornalfatosenoticias.com.br\/?s={search_term_string}"},"query-input":{"@type":"PropertyValueSpecification","valueRequired":true,"valueName":"search_term_string"}}],"inLanguage":"pt-BR"},{"@type":"Organization","@id":"https:\/\/jornalfatosenoticias.com.br\/#organization","name":"Jornal Fatos e Not\u00edcias","url":"https:\/\/jornalfatosenoticias.com.br\/","logo":{"@type":"ImageObject","inLanguage":"pt-BR","@id":"https:\/\/jornalfatosenoticias.com.br\/#\/schema\/logo\/image\/","url":"https:\/\/jornalfatosenoticias.com.br\/wp-content\/uploads\/2020\/02\/logo120.png","contentUrl":"https:\/\/jornalfatosenoticias.com.br\/wp-content\/uploads\/2020\/02\/logo120.png","width":1227,"height":120,"caption":"Jornal Fatos e Not\u00edcias"},"image":{"@id":"https:\/\/jornalfatosenoticias.com.br\/#\/schema\/logo\/image\/"}},{"@type":"Person","@id":"https:\/\/jornalfatosenoticias.com.br\/#\/schema\/person\/d63837fa13ac8666eb9e74e0985d6f81","name":"Luzimara Fernandes","image":{"@type":"ImageObject","inLanguage":"pt-BR","@id":"https:\/\/jornalfatosenoticias.com.br\/#\/schema\/person\/image\/","url":"https:\/\/jornalfatosenoticias.com.br\/wp-content\/uploads\/2025\/05\/EU_portal.jpg","contentUrl":"https:\/\/jornalfatosenoticias.com.br\/wp-content\/uploads\/2025\/05\/EU_portal.jpg","caption":"Luzimara Fernandes"},"description":"Jornalista MTB 2358-ES","sameAs":["https:\/\/jornalfatosenoticias.com.br"],"url":"https:\/\/jornalfatosenoticias.com.br\/index.php\/author\/luzimara\/"}]}},"cc_featured_image_caption":{"caption_text":"(Foto: iStock)","source_text":"","source_url":""},"jetpack_featured_media_url":"https:\/\/jornalfatosenoticias.com.br\/wp-content\/uploads\/2021\/10\/crinacas-e-animais_jardim_iStock.jpg","_links":{"self":[{"href":"https:\/\/jornalfatosenoticias.com.br\/index.php\/wp-json\/wp\/v2\/posts\/24041","targetHints":{"allow":["GET"]}}],"collection":[{"href":"https:\/\/jornalfatosenoticias.com.br\/index.php\/wp-json\/wp\/v2\/posts"}],"about":[{"href":"https:\/\/jornalfatosenoticias.com.br\/index.php\/wp-json\/wp\/v2\/types\/post"}],"author":[{"embeddable":true,"href":"https:\/\/jornalfatosenoticias.com.br\/index.php\/wp-json\/wp\/v2\/users\/2"}],"replies":[{"embeddable":true,"href":"https:\/\/jornalfatosenoticias.com.br\/index.php\/wp-json\/wp\/v2\/comments?post=24041"}],"version-history":[{"count":0,"href":"https:\/\/jornalfatosenoticias.com.br\/index.php\/wp-json\/wp\/v2\/posts\/24041\/revisions"}],"wp:featuredmedia":[{"embeddable":true,"href":"https:\/\/jornalfatosenoticias.com.br\/index.php\/wp-json\/wp\/v2\/media\/24044"}],"wp:attachment":[{"href":"https:\/\/jornalfatosenoticias.com.br\/index.php\/wp-json\/wp\/v2\/media?parent=24041"}],"wp:term":[{"taxonomy":"category","embeddable":true,"href":"https:\/\/jornalfatosenoticias.com.br\/index.php\/wp-json\/wp\/v2\/categories?post=24041"},{"taxonomy":"post_tag","embeddable":true,"href":"https:\/\/jornalfatosenoticias.com.br\/index.php\/wp-json\/wp\/v2\/tags?post=24041"}],"curies":[{"name":"wp","href":"https:\/\/api.w.org\/{rel}","templated":true}]}}