{"id":24051,"date":"2021-10-19T17:00:50","date_gmt":"2021-10-19T20:00:50","guid":{"rendered":"https:\/\/jornalfatosenoticias.com.br\/?p=24051"},"modified":"2021-10-19T17:00:55","modified_gmt":"2021-10-19T20:00:55","slug":"imagens-mostram-como-nivel-do-mar-pode-afetar-cidades-brasileiras","status":"publish","type":"post","link":"https:\/\/jornalfatosenoticias.com.br\/index.php\/2021\/10\/19\/imagens-mostram-como-nivel-do-mar-pode-afetar-cidades-brasileiras\/","title":{"rendered":"Imagens mostram como n\u00edvel do mar pode afetar cidades brasileiras"},"content":{"rendered":"\n<p><em><span class=\"has-inline-color has-black-color\">Novas imagens mostram quais \u00e1reas poderiam ser salvas ou perdidas se as emiss\u00f5es de carbono n\u00e3o forem contidas<\/span><\/em><\/p>\n\n\n\n<p>A organiza\u00e7\u00e3o Climate Central desenvolveu uma s\u00e9rie de imagens e v\u00eddeos que trazem uma simula\u00e7\u00e3o de como diversas cidades ao redor do mundo podem ser afetadas pelo aumento do n\u00edvel do mar caso o mundo n\u00e3o cumpra as metas de redu\u00e7\u00e3o de emiss\u00f5es.<br>Os cientistas da Climate Central examinaram onde as popula\u00e7\u00f5es s\u00e3o mais vulner\u00e1veis \u200b\u200bnos pr\u00f3ximos 200 a dois mil anos e em diferentes cen\u00e1rios de aquecimento. Os resultados s\u00e3o alarmantes:<br>A linha da mar\u00e9 alta pode invadir terras ocupadas por cerca de 10% da popula\u00e7\u00e3o global atual (mais de 800 milh\u00f5es de pessoas) ap\u00f3s 3\u00b0C de aquecimento. Muitas pequenas na\u00e7\u00f5es insulares est\u00e3o amea\u00e7adas de perda quase total.<\/p>\n\n\n\n<blockquote class=\"wp-block-quote is-layout-flow wp-block-quote-is-layout-flow\"><p><span class=\"has-inline-color has-luminous-vivid-orange-color\">\u201cTemos a oportunidade agora de mudar esse futuro. Cumprir as metas mais ambiciosas do Acordo Clim\u00e1tico de Paris provavelmente reduzir\u00e1 pela metade, permitindo que as na\u00e7\u00f5es evitem construir defesas n\u00e3o testadas ou abandonar muitas megacidades costeiras\u201d, diz a organiza\u00e7\u00e3o Climate Central.<\/span><\/p><\/blockquote>\n\n\n\n<p>Cumprir as metas mais ambiciosas do acordo clim\u00e1tico de Paris poderia reduzir a exposi\u00e7\u00e3o ao aumento do n\u00edvel do mar em cerca de metade. Mas o mundo n\u00e3o est\u00e1 a caminho de limitar o aquecimento global a 1,5\u00b0C, conforme descrito no acordo de Paris de 2015. Com base nas emiss\u00f5es atuais, espera-se que a Terra alcance e at\u00e9 mesmo exceda o aquecimento de 3\u00b0C at\u00e9 2100.<br>As imagens (em formato de foto, v\u00eddeo e mapa) mostram quais \u00e1reas podem ser salvas e quais podem ser totalmente perdidas, levando consigo o patrim\u00f4nio e a hist\u00f3ria dessas comunidades costeiras. Confira abaixo:<\/p>\n\n\n\n<h4 class=\"wp-block-heading\"><span class=\"has-inline-color has-vivid-green-cyan-color\">Farol de Mucuripe, Fortaleza (presente)<\/span><\/h4>\n\n\n\n<figure class=\"wp-block-image size-large is-style-default\"><img loading=\"lazy\" decoding=\"async\" width=\"1000\" height=\"562\" src=\"https:\/\/jornalfatosenoticias.com.br\/wp-content\/uploads\/2021\/10\/Farol-de-Mucuripe-Fortaleza-2.jpeg\" alt=\"\" class=\"wp-image-24052\" srcset=\"https:\/\/jornalfatosenoticias.com.br\/wp-content\/uploads\/2021\/10\/Farol-de-Mucuripe-Fortaleza-2.jpeg 1000w, https:\/\/jornalfatosenoticias.com.br\/wp-content\/uploads\/2021\/10\/Farol-de-Mucuripe-Fortaleza-2-300x169.jpeg 300w, https:\/\/jornalfatosenoticias.com.br\/wp-content\/uploads\/2021\/10\/Farol-de-Mucuripe-Fortaleza-2-768x432.jpeg 768w\" sizes=\"auto, (max-width: 1000px) 100vw, 1000px\" \/><\/figure>\n\n\n\n<h4 class=\"wp-block-heading\"><span class=\"has-inline-color has-vivid-green-cyan-color\">Farol de Mucuripe, Fortaleza (+1,5\u00b0C)<\/span><\/h4>\n\n\n\n<figure class=\"wp-block-image size-large is-style-default\"><img loading=\"lazy\" decoding=\"async\" width=\"1000\" height=\"562\" src=\"https:\/\/jornalfatosenoticias.com.br\/wp-content\/uploads\/2021\/10\/Farol-de-Mucuripe-Fortaleza-3.jpg\" alt=\"\" class=\"wp-image-24053\" srcset=\"https:\/\/jornalfatosenoticias.com.br\/wp-content\/uploads\/2021\/10\/Farol-de-Mucuripe-Fortaleza-3.jpg 1000w, https:\/\/jornalfatosenoticias.com.br\/wp-content\/uploads\/2021\/10\/Farol-de-Mucuripe-Fortaleza-3-300x169.jpg 300w, https:\/\/jornalfatosenoticias.com.br\/wp-content\/uploads\/2021\/10\/Farol-de-Mucuripe-Fortaleza-3-768x432.jpg 768w\" sizes=\"auto, (max-width: 1000px) 100vw, 1000px\" \/><\/figure>\n\n\n\n<h4 class=\"wp-block-heading\"><span class=\"has-inline-color has-vivid-green-cyan-color\">Farol de Mucuripe, Fortaleza (+3\u00b0C)<\/span><\/h4>\n\n\n\n<figure class=\"wp-block-image size-large is-style-default\"><img loading=\"lazy\" decoding=\"async\" width=\"1000\" height=\"562\" src=\"https:\/\/jornalfatosenoticias.com.br\/wp-content\/uploads\/2021\/10\/Farol-de-Mucuripe-Fortaleza-4.jpg\" alt=\"\" class=\"wp-image-24054\" srcset=\"https:\/\/jornalfatosenoticias.com.br\/wp-content\/uploads\/2021\/10\/Farol-de-Mucuripe-Fortaleza-4.jpg 1000w, https:\/\/jornalfatosenoticias.com.br\/wp-content\/uploads\/2021\/10\/Farol-de-Mucuripe-Fortaleza-4-300x169.jpg 300w, https:\/\/jornalfatosenoticias.com.br\/wp-content\/uploads\/2021\/10\/Farol-de-Mucuripe-Fortaleza-4-768x432.jpg 768w\" sizes=\"auto, (max-width: 1000px) 100vw, 1000px\" \/><\/figure>\n\n\n\n<h4 class=\"wp-block-heading\"><span class=\"has-inline-color has-vivid-green-cyan-color\">Ponta da Praia, Santos e Guaruj\u00e1<\/span><\/h4>\n\n\n\n<figure class=\"wp-block-image size-large is-style-default\"><img loading=\"lazy\" decoding=\"async\" width=\"1000\" height=\"562\" src=\"https:\/\/jornalfatosenoticias.com.br\/wp-content\/uploads\/2021\/10\/Ponta-da-Praia_Santos-e-Guaruja.jpeg\" alt=\"\" class=\"wp-image-24055\" srcset=\"https:\/\/jornalfatosenoticias.com.br\/wp-content\/uploads\/2021\/10\/Ponta-da-Praia_Santos-e-Guaruja.jpeg 1000w, https:\/\/jornalfatosenoticias.com.br\/wp-content\/uploads\/2021\/10\/Ponta-da-Praia_Santos-e-Guaruja-300x169.jpeg 300w, https:\/\/jornalfatosenoticias.com.br\/wp-content\/uploads\/2021\/10\/Ponta-da-Praia_Santos-e-Guaruja-768x432.jpeg 768w\" sizes=\"auto, (max-width: 1000px) 100vw, 1000px\" \/><figcaption><strong><em><span class=\"has-inline-color has-black-color\">Em azul +1,5\u00b0C | Em vermelho +3\u00b0C<\/span><\/em><\/strong><\/figcaption><\/figure>\n\n\n\n<h4 class=\"wp-block-heading\"><span class=\"has-inline-color has-vivid-green-cyan-color\">Ponta da Praia, Santos (+4\u00b0C)<\/span><\/h4>\n\n\n\n<figure class=\"wp-block-image size-large is-style-default\"><img loading=\"lazy\" decoding=\"async\" width=\"1000\" height=\"562\" src=\"https:\/\/jornalfatosenoticias.com.br\/wp-content\/uploads\/2021\/10\/Ponta-da-Praia-Santos-4\u00b0C.jpeg\" alt=\"\" class=\"wp-image-24056\" srcset=\"https:\/\/jornalfatosenoticias.com.br\/wp-content\/uploads\/2021\/10\/Ponta-da-Praia-Santos-4\u00b0C.jpeg 1000w, https:\/\/jornalfatosenoticias.com.br\/wp-content\/uploads\/2021\/10\/Ponta-da-Praia-Santos-4\u00b0C-300x169.jpeg 300w, https:\/\/jornalfatosenoticias.com.br\/wp-content\/uploads\/2021\/10\/Ponta-da-Praia-Santos-4\u00b0C-768x432.jpeg 768w\" sizes=\"auto, (max-width: 1000px) 100vw, 1000px\" \/><figcaption><em><span class=\"has-inline-color has-black-color\"><strong>Impacto do aumento do n\u00edvel do mar em Santos<\/strong><\/span><\/em><\/figcaption><\/figure>\n\n\n\n<h4 class=\"wp-block-heading\"><span class=\"has-inline-color has-vivid-green-cyan-color\">Hip\u00f3dromo da G\u00e1vea, Rio de Janeiro<\/span><\/h4>\n\n\n\n<figure class=\"wp-block-embed-youtube wp-block-embed is-type-video is-provider-youtube wp-embed-aspect-16-9 wp-has-aspect-ratio\"><div class=\"wp-block-embed__wrapper\">\n<iframe loading=\"lazy\" title=\"Rio De Janeiro\u2019s Future Depends on Today\u2019s Climate Decisions\" width=\"660\" height=\"371\" src=\"https:\/\/www.youtube.com\/embed\/c8-KaFiwdHM?feature=oembed\" frameborder=\"0\" allow=\"accelerometer; autoplay; clipboard-write; encrypted-media; gyroscope; picture-in-picture; web-share\" referrerpolicy=\"strict-origin-when-cross-origin\" allowfullscreen><\/iframe>\n<\/div><\/figure>\n\n\n\n<h4 class=\"wp-block-heading\"><span class=\"has-inline-color has-vivid-green-cyan-color\">Usina do Gas\u00f4metro, Porto Alegre (+1,5\u00b0C)<\/span><\/h4>\n\n\n\n<figure class=\"wp-block-image size-large is-style-default\"><img decoding=\"async\" src=\"https:\/\/jornalfatosenoticias.com.br\/wp-content\/uploads\/2021\/10\/Usina-do-Gasometro-Porto-Alegre-15\u00b0C.jpeg\" alt=\"\" class=\"wp-image-24057\"\/><figcaption><em><span class=\"has-inline-color has-black-color\"><strong>Efeito do aumento do n\u00edvel do mar em Porto Alegre<\/strong><\/span><\/em><\/figcaption><\/figure>\n\n\n\n<h4 class=\"wp-block-heading\"><span class=\"has-inline-color has-vivid-green-cyan-color\">Usina do Gas\u00f4metro, Porto Alegre (+3\u00b0C)<\/span><\/h4>\n\n\n\n<figure class=\"wp-block-image size-large is-style-default\"><img loading=\"lazy\" decoding=\"async\" width=\"1000\" height=\"562\" src=\"https:\/\/jornalfatosenoticias.com.br\/wp-content\/uploads\/2021\/10\/Usina-do-Gasometro-Porto-Alegre-3\u00b0C.jpeg\" alt=\"\" class=\"wp-image-24059\" srcset=\"https:\/\/jornalfatosenoticias.com.br\/wp-content\/uploads\/2021\/10\/Usina-do-Gasometro-Porto-Alegre-3\u00b0C.jpeg 1000w, https:\/\/jornalfatosenoticias.com.br\/wp-content\/uploads\/2021\/10\/Usina-do-Gasometro-Porto-Alegre-3\u00b0C-300x169.jpeg 300w, https:\/\/jornalfatosenoticias.com.br\/wp-content\/uploads\/2021\/10\/Usina-do-Gasometro-Porto-Alegre-3\u00b0C-768x432.jpeg 768w\" sizes=\"auto, (max-width: 1000px) 100vw, 1000px\" \/><figcaption><em><span class=\"has-inline-color has-black-color\"><strong>Efeito do aumento do n\u00edvel do mar em Porto Alegre<\/strong><\/span><\/em><\/figcaption><\/figure>\n\n\n\n<h4 class=\"wp-block-heading\"><span class=\"has-inline-color has-vivid-green-cyan-color\">S\u00e3o Lu\u00eds, Maranh\u00e3o (+1,5\u00b0C)<\/span><\/h4>\n\n\n\n<figure class=\"wp-block-image size-large is-style-default\"><img loading=\"lazy\" decoding=\"async\" width=\"1000\" height=\"562\" src=\"https:\/\/jornalfatosenoticias.com.br\/wp-content\/uploads\/2021\/10\/Sao-Luis-Maranhao-15\u00b0C.jpg\" alt=\"\" class=\"wp-image-24061\" srcset=\"https:\/\/jornalfatosenoticias.com.br\/wp-content\/uploads\/2021\/10\/Sao-Luis-Maranhao-15\u00b0C.jpg 1000w, https:\/\/jornalfatosenoticias.com.br\/wp-content\/uploads\/2021\/10\/Sao-Luis-Maranhao-15\u00b0C-300x169.jpg 300w, https:\/\/jornalfatosenoticias.com.br\/wp-content\/uploads\/2021\/10\/Sao-Luis-Maranhao-15\u00b0C-768x432.jpg 768w\" sizes=\"auto, (max-width: 1000px) 100vw, 1000px\" \/><figcaption><strong><em><span class=\"has-inline-color has-black-color\">Eleva\u00e7\u00e3o do n\u00edvel do mar em S\u00e3o Lu\u00eds, Maranhao<\/span><\/em><\/strong><\/figcaption><\/figure>\n\n\n\n<h4 class=\"wp-block-heading\"><span class=\"has-inline-color has-vivid-green-cyan-color\">S\u00e3o Lu\u00eds, Maranh\u00e3o (+4\u00b0C)<\/span><\/h4>\n\n\n\n<figure class=\"wp-block-image size-large is-style-default\"><img loading=\"lazy\" decoding=\"async\" width=\"1000\" height=\"562\" src=\"https:\/\/jornalfatosenoticias.com.br\/wp-content\/uploads\/2021\/10\/Sao-Luis-Maranhao-4\u00b0C.jpeg\" alt=\"\" class=\"wp-image-24062\" srcset=\"https:\/\/jornalfatosenoticias.com.br\/wp-content\/uploads\/2021\/10\/Sao-Luis-Maranhao-4\u00b0C.jpeg 1000w, https:\/\/jornalfatosenoticias.com.br\/wp-content\/uploads\/2021\/10\/Sao-Luis-Maranhao-4\u00b0C-300x169.jpeg 300w, https:\/\/jornalfatosenoticias.com.br\/wp-content\/uploads\/2021\/10\/Sao-Luis-Maranhao-4\u00b0C-768x432.jpeg 768w\" sizes=\"auto, (max-width: 1000px) 100vw, 1000px\" \/><figcaption><em><strong><span class=\"has-inline-color has-black-color\">Eleva\u00e7\u00e3o do n\u00edvel do mar em S\u00e3o Lu\u00eds, Maranhao<\/span><\/strong><\/em><\/figcaption><\/figure>\n\n\n\n<h4 class=\"wp-block-heading\"><span class=\"has-inline-color has-vivid-green-cyan-color\">Ilha de Maraj\u00f3, Par\u00e1<\/span><\/h4>\n\n\n\n<figure class=\"wp-block-image size-large is-style-default\"><img loading=\"lazy\" decoding=\"async\" width=\"1000\" height=\"1000\" src=\"https:\/\/jornalfatosenoticias.com.br\/wp-content\/uploads\/2021\/10\/Ilha-de-Marajo-Para.jpeg\" alt=\"\" class=\"wp-image-24063\" srcset=\"https:\/\/jornalfatosenoticias.com.br\/wp-content\/uploads\/2021\/10\/Ilha-de-Marajo-Para.jpeg 1000w, https:\/\/jornalfatosenoticias.com.br\/wp-content\/uploads\/2021\/10\/Ilha-de-Marajo-Para-300x300.jpeg 300w, https:\/\/jornalfatosenoticias.com.br\/wp-content\/uploads\/2021\/10\/Ilha-de-Marajo-Para-150x150.jpeg 150w, https:\/\/jornalfatosenoticias.com.br\/wp-content\/uploads\/2021\/10\/Ilha-de-Marajo-Para-768x768.jpeg 768w\" sizes=\"auto, (max-width: 1000px) 100vw, 1000px\" \/><figcaption><strong><em><span class=\"has-inline-color has-black-color\">Em azul +1,5\u00b0C | Em vermelho +3\u00b0C<\/span><\/em><\/strong><\/figcaption><\/figure>\n\n\n\n<h4 class=\"wp-block-heading\"><span class=\"has-inline-color has-vivid-green-cyan-color\">Elevador Lacerda, Salvador (+1,5\u00b0C)<\/span><\/h4>\n\n\n\n<figure class=\"wp-block-image size-large is-style-default\"><img loading=\"lazy\" decoding=\"async\" width=\"1000\" height=\"562\" src=\"https:\/\/jornalfatosenoticias.com.br\/wp-content\/uploads\/2021\/10\/Elevador-Lacerda-Salvador-15\u00b0C.jpeg\" alt=\"\" class=\"wp-image-24064\" srcset=\"https:\/\/jornalfatosenoticias.com.br\/wp-content\/uploads\/2021\/10\/Elevador-Lacerda-Salvador-15\u00b0C.jpeg 1000w, https:\/\/jornalfatosenoticias.com.br\/wp-content\/uploads\/2021\/10\/Elevador-Lacerda-Salvador-15\u00b0C-300x169.jpeg 300w, https:\/\/jornalfatosenoticias.com.br\/wp-content\/uploads\/2021\/10\/Elevador-Lacerda-Salvador-15\u00b0C-768x432.jpeg 768w\" sizes=\"auto, (max-width: 1000px) 100vw, 1000px\" \/><figcaption><em><strong><span class=\"has-inline-color has-black-color\">Efeito do aumento do n\u00edvel do mar em Salvador<\/span><\/strong><\/em><\/figcaption><\/figure>\n\n\n\n<h4 class=\"wp-block-heading\"><span class=\"has-inline-color has-vivid-green-cyan-color\">Elevador Lacerda, Salvador (+3\u00b0C)<\/span><\/h4>\n\n\n\n<figure class=\"wp-block-image size-large is-style-default\"><img loading=\"lazy\" decoding=\"async\" width=\"1000\" height=\"562\" src=\"https:\/\/jornalfatosenoticias.com.br\/wp-content\/uploads\/2021\/10\/Elevador-Lacerda-Salvador-3\u00b0C-.jpeg\" alt=\"\" class=\"wp-image-24065\" srcset=\"https:\/\/jornalfatosenoticias.com.br\/wp-content\/uploads\/2021\/10\/Elevador-Lacerda-Salvador-3\u00b0C-.jpeg 1000w, https:\/\/jornalfatosenoticias.com.br\/wp-content\/uploads\/2021\/10\/Elevador-Lacerda-Salvador-3\u00b0C--300x169.jpeg 300w, https:\/\/jornalfatosenoticias.com.br\/wp-content\/uploads\/2021\/10\/Elevador-Lacerda-Salvador-3\u00b0C--768x432.jpeg 768w\" sizes=\"auto, (max-width: 1000px) 100vw, 1000px\" \/><figcaption><strong><em><span class=\"has-inline-color has-black-color\">Efeito do aumento do n\u00edvel do mar em Salvador<\/span><\/em><\/strong><\/figcaption><\/figure>\n\n\n\n<h4 class=\"wp-block-heading\"><span class=\"has-inline-color has-vivid-green-cyan-color\">Rio de Janeiro<\/span><\/h4>\n\n\n\n<figure class=\"wp-block-image size-large is-style-default\"><img loading=\"lazy\" decoding=\"async\" width=\"1000\" height=\"1000\" src=\"https:\/\/jornalfatosenoticias.com.br\/wp-content\/uploads\/2021\/10\/Rio-de-Janeiro.jpeg\" alt=\"\" class=\"wp-image-24066\" srcset=\"https:\/\/jornalfatosenoticias.com.br\/wp-content\/uploads\/2021\/10\/Rio-de-Janeiro.jpeg 1000w, https:\/\/jornalfatosenoticias.com.br\/wp-content\/uploads\/2021\/10\/Rio-de-Janeiro-300x300.jpeg 300w, https:\/\/jornalfatosenoticias.com.br\/wp-content\/uploads\/2021\/10\/Rio-de-Janeiro-150x150.jpeg 150w, https:\/\/jornalfatosenoticias.com.br\/wp-content\/uploads\/2021\/10\/Rio-de-Janeiro-768x768.jpeg 768w\" sizes=\"auto, (max-width: 1000px) 100vw, 1000px\" \/><figcaption><strong><em><span class=\"has-inline-color has-black-color\">Em azul +1,5\u00b0C | Em vermelho +3\u00b0C<\/span><\/em><\/strong><\/figcaption><\/figure>\n\n\n\n<h4 class=\"wp-block-heading\"><span class=\"has-inline-color has-vivid-green-cyan-color\">Esta\u00e7\u00e3o Botafogo, Rio de Janeiro (+1,5\u00b0C)<\/span><\/h4>\n\n\n\n<figure class=\"wp-block-image size-large is-style-default\"><img loading=\"lazy\" decoding=\"async\" width=\"1000\" height=\"562\" src=\"https:\/\/jornalfatosenoticias.com.br\/wp-content\/uploads\/2021\/10\/Estacao-Botafogo-Rio-de-Janeiro-15\u00b0C.jpeg\" alt=\"\" class=\"wp-image-24067\" srcset=\"https:\/\/jornalfatosenoticias.com.br\/wp-content\/uploads\/2021\/10\/Estacao-Botafogo-Rio-de-Janeiro-15\u00b0C.jpeg 1000w, https:\/\/jornalfatosenoticias.com.br\/wp-content\/uploads\/2021\/10\/Estacao-Botafogo-Rio-de-Janeiro-15\u00b0C-300x169.jpeg 300w, https:\/\/jornalfatosenoticias.com.br\/wp-content\/uploads\/2021\/10\/Estacao-Botafogo-Rio-de-Janeiro-15\u00b0C-768x432.jpeg 768w\" sizes=\"auto, (max-width: 1000px) 100vw, 1000px\" \/><figcaption><em><strong><span class=\"has-inline-color has-black-color\">Impacto do aumento do n\u00edvel do mar no Rio de Janeiro<\/span><\/strong><\/em><\/figcaption><\/figure>\n\n\n\n<h4 class=\"wp-block-heading\"><span class=\"has-inline-color has-vivid-green-cyan-color\">Esta\u00e7\u00e3o Botafogo, Rio de Janeiro (+3\u00b0C)<\/span><\/h4>\n\n\n\n<figure class=\"wp-block-image size-large is-style-default\"><img loading=\"lazy\" decoding=\"async\" width=\"1000\" height=\"562\" src=\"https:\/\/jornalfatosenoticias.com.br\/wp-content\/uploads\/2021\/10\/Estacao-Botafogo-Rio-de-Janeiro-3\u00b0C.jpeg\" alt=\"\" class=\"wp-image-24068\" srcset=\"https:\/\/jornalfatosenoticias.com.br\/wp-content\/uploads\/2021\/10\/Estacao-Botafogo-Rio-de-Janeiro-3\u00b0C.jpeg 1000w, https:\/\/jornalfatosenoticias.com.br\/wp-content\/uploads\/2021\/10\/Estacao-Botafogo-Rio-de-Janeiro-3\u00b0C-300x169.jpeg 300w, https:\/\/jornalfatosenoticias.com.br\/wp-content\/uploads\/2021\/10\/Estacao-Botafogo-Rio-de-Janeiro-3\u00b0C-768x432.jpeg 768w\" sizes=\"auto, (max-width: 1000px) 100vw, 1000px\" \/><figcaption><em><strong><span class=\"has-inline-color has-black-color\">Impacto do aumento do n\u00edvel do mar no Rio de Janeiro<\/span><\/strong><\/em><\/figcaption><\/figure>\n\n\n\n<h4 class=\"wp-block-heading\"><span class=\"has-inline-color has-vivid-green-cyan-color\">Rio Amazonas<\/span><\/h4>\n\n\n\n<figure class=\"wp-block-image size-large is-style-default\"><img loading=\"lazy\" decoding=\"async\" width=\"1000\" height=\"562\" src=\"https:\/\/jornalfatosenoticias.com.br\/wp-content\/uploads\/2021\/10\/Rio-Amazonas.jpeg\" alt=\"\" class=\"wp-image-24069\" srcset=\"https:\/\/jornalfatosenoticias.com.br\/wp-content\/uploads\/2021\/10\/Rio-Amazonas.jpeg 1000w, https:\/\/jornalfatosenoticias.com.br\/wp-content\/uploads\/2021\/10\/Rio-Amazonas-300x169.jpeg 300w, https:\/\/jornalfatosenoticias.com.br\/wp-content\/uploads\/2021\/10\/Rio-Amazonas-768x432.jpeg 768w\" sizes=\"auto, (max-width: 1000px) 100vw, 1000px\" \/><figcaption><strong><em><span class=\"has-inline-color has-black-color\">Em azul +1,5\u00b0C | Em vermelho +3\u00b0C<\/span><\/em><\/strong><\/figcaption><\/figure>\n\n\n\n<h4 class=\"wp-block-heading\"><span class=\"has-inline-color has-vivid-green-cyan-color\">Recife (+1,5\u00b0C)<\/span><\/h4>\n\n\n\n<figure class=\"wp-block-image size-large is-style-default\"><img loading=\"lazy\" decoding=\"async\" width=\"1000\" height=\"562\" src=\"https:\/\/jornalfatosenoticias.com.br\/wp-content\/uploads\/2021\/10\/Recife-15\u00b0C.jpeg\" alt=\"\" class=\"wp-image-24070\" srcset=\"https:\/\/jornalfatosenoticias.com.br\/wp-content\/uploads\/2021\/10\/Recife-15\u00b0C.jpeg 1000w, https:\/\/jornalfatosenoticias.com.br\/wp-content\/uploads\/2021\/10\/Recife-15\u00b0C-300x169.jpeg 300w, https:\/\/jornalfatosenoticias.com.br\/wp-content\/uploads\/2021\/10\/Recife-15\u00b0C-768x432.jpeg 768w\" sizes=\"auto, (max-width: 1000px) 100vw, 1000px\" \/><figcaption><strong><em><span class=\"has-inline-color has-black-color\">Efeito do aumento do n\u00edvel do mar em Recife<\/span><\/em><\/strong><\/figcaption><\/figure>\n\n\n\n<h4 class=\"wp-block-heading\"><span class=\"has-inline-color has-vivid-green-cyan-color\">Recife (+3\u00b0C)<\/span><\/h4>\n\n\n\n<figure class=\"wp-block-image size-large is-style-default\"><img loading=\"lazy\" decoding=\"async\" width=\"1000\" height=\"562\" src=\"https:\/\/jornalfatosenoticias.com.br\/wp-content\/uploads\/2021\/10\/Recife-3\u00b0C.jpeg\" alt=\"\" class=\"wp-image-24071\" srcset=\"https:\/\/jornalfatosenoticias.com.br\/wp-content\/uploads\/2021\/10\/Recife-3\u00b0C.jpeg 1000w, https:\/\/jornalfatosenoticias.com.br\/wp-content\/uploads\/2021\/10\/Recife-3\u00b0C-300x169.jpeg 300w, https:\/\/jornalfatosenoticias.com.br\/wp-content\/uploads\/2021\/10\/Recife-3\u00b0C-768x432.jpeg 768w\" sizes=\"auto, (max-width: 1000px) 100vw, 1000px\" \/><figcaption><em><strong><span class=\"has-inline-color has-black-color\">Efeito do aumento do n\u00edvel do mar em Recife<\/span><\/strong><\/em><\/figcaption><\/figure>\n\n\n\n<h4 class=\"wp-block-heading\"><span class=\"has-inline-color has-vivid-green-cyan-color\">Est\u00e1dio dos Aflitos, Recife (+1,5\u00b0C)<\/span><\/h4>\n\n\n\n<figure class=\"wp-block-image size-large is-style-default\"><img loading=\"lazy\" decoding=\"async\" width=\"1000\" height=\"562\" src=\"https:\/\/jornalfatosenoticias.com.br\/wp-content\/uploads\/2021\/10\/Estadio-dos-Aflitos-Recife-15\u00b0C.jpeg\" alt=\"\" class=\"wp-image-24072\" srcset=\"https:\/\/jornalfatosenoticias.com.br\/wp-content\/uploads\/2021\/10\/Estadio-dos-Aflitos-Recife-15\u00b0C.jpeg 1000w, https:\/\/jornalfatosenoticias.com.br\/wp-content\/uploads\/2021\/10\/Estadio-dos-Aflitos-Recife-15\u00b0C-300x169.jpeg 300w, https:\/\/jornalfatosenoticias.com.br\/wp-content\/uploads\/2021\/10\/Estadio-dos-Aflitos-Recife-15\u00b0C-768x432.jpeg 768w\" sizes=\"auto, (max-width: 1000px) 100vw, 1000px\" \/><figcaption><em><strong><span class=\"has-inline-color has-black-color\">Efeito do aumento do n\u00edvel do mar em Recife<\/span><\/strong><\/em><\/figcaption><\/figure>\n\n\n\n<h4 class=\"wp-block-heading\"><span class=\"has-inline-color has-vivid-green-cyan-color\">Est\u00e1dio dos Aflitos, Recife (+3\u00b0C)<\/span><\/h4>\n\n\n\n<figure class=\"wp-block-image size-large is-style-default\"><img loading=\"lazy\" decoding=\"async\" width=\"1000\" height=\"562\" src=\"https:\/\/jornalfatosenoticias.com.br\/wp-content\/uploads\/2021\/10\/Estadio-dos-Aflitos-Recife-3\u00b0C.jpeg\" alt=\"\" class=\"wp-image-24073\" srcset=\"https:\/\/jornalfatosenoticias.com.br\/wp-content\/uploads\/2021\/10\/Estadio-dos-Aflitos-Recife-3\u00b0C.jpeg 1000w, https:\/\/jornalfatosenoticias.com.br\/wp-content\/uploads\/2021\/10\/Estadio-dos-Aflitos-Recife-3\u00b0C-300x169.jpeg 300w, https:\/\/jornalfatosenoticias.com.br\/wp-content\/uploads\/2021\/10\/Estadio-dos-Aflitos-Recife-3\u00b0C-768x432.jpeg 768w\" sizes=\"auto, (max-width: 1000px) 100vw, 1000px\" \/><figcaption><em><strong><span class=\"has-inline-color has-black-color\">Efeito do aumento do n\u00edvel do mar em Recife<\/span><\/strong><\/em><\/figcaption><\/figure>\n\n\n\n<h4 class=\"wp-block-heading\"><span class=\"has-inline-color has-vivid-green-cyan-color\">Divisa entre Sergipe e Alagoas<\/span><\/h4>\n\n\n\n<figure class=\"wp-block-image size-large is-style-default\"><img loading=\"lazy\" decoding=\"async\" width=\"1000\" height=\"1000\" src=\"https:\/\/jornalfatosenoticias.com.br\/wp-content\/uploads\/2021\/10\/Divisa-entre-Sergipe-e-Alagoas.jpeg\" alt=\"\" class=\"wp-image-24074\" srcset=\"https:\/\/jornalfatosenoticias.com.br\/wp-content\/uploads\/2021\/10\/Divisa-entre-Sergipe-e-Alagoas.jpeg 1000w, https:\/\/jornalfatosenoticias.com.br\/wp-content\/uploads\/2021\/10\/Divisa-entre-Sergipe-e-Alagoas-300x300.jpeg 300w, https:\/\/jornalfatosenoticias.com.br\/wp-content\/uploads\/2021\/10\/Divisa-entre-Sergipe-e-Alagoas-150x150.jpeg 150w, https:\/\/jornalfatosenoticias.com.br\/wp-content\/uploads\/2021\/10\/Divisa-entre-Sergipe-e-Alagoas-768x768.jpeg 768w\" sizes=\"auto, (max-width: 1000px) 100vw, 1000px\" \/><\/figure>\n\n\n\n<p>\u00c9 poss\u00edvel pesquisar o impacto do n\u00edvel do mar <a href=\"https:\/\/picturing.climatecentral.org\/\" target=\"_blank\" rel=\"noreferrer noopener\">em outras partes do mundo<\/a>\u00a0e tamb\u00e9m simular qualquer parte do planeta\u00a0<a href=\"https:\/\/coastal.climatecentral.org\/\" target=\"_blank\" rel=\"noreferrer noopener\">atrav\u00e9s de um mapa<\/a> disponibilizado pela organiza\u00e7\u00e3o.<\/p>\n\n\n\n<p>Veja tamb\u00e9m: <a href=\"https:\/\/ciclovivo.com.br\/inovacao\/tecnologia\/novas-ferramentas-do-google-indicam-opcoes-mais-sustentaveis\/\" target=\"_blank\" rel=\"noreferrer noopener\">Novas ferramentas do Google indicam op\u00e7\u00f5es mais sustent\u00e1veis<\/a><\/p>\n\n\n\n<p><strong><em>Fonte: <a href=\"https:\/\/ciclovivo.com.br\/planeta\/crise-climatica\/imagens-mostram-como-nivel-do-mar-pode-afetar-cidades-brasileiras\/\">CicloVivo<\/a><\/em><\/strong><\/p>\n","protected":false},"excerpt":{"rendered":"<p>Novas imagens mostram quais \u00e1reas poderiam ser salvas ou perdidas se as emiss\u00f5es de carbono n\u00e3o forem contidas A organiza\u00e7\u00e3o Climate Central desenvolveu uma s\u00e9rie de imagens e v\u00eddeos que trazem uma simula\u00e7\u00e3o de como diversas cidades ao redor do mundo podem ser afetadas pelo aumento do n\u00edvel do mar caso o mundo n\u00e3o cumpra [&hellip;]<\/p>\n","protected":false},"author":2,"featured_media":24075,"comment_status":"open","ping_status":"open","sticky":false,"template":"","format":"standard","meta":{"footnotes":""},"categories":[8],"tags":[10663,362,11638,72,9694,809,5563],"class_list":["post-24051","post","type-post","status-publish","format-standard","has-post-thumbnail","hentry","category-meio-ambiente","tag-acordo-climatico-de-paris","tag-aquecimento-global","tag-aumento-do-nivel-do-mar","tag-clima","tag-climate-central","tag-crise-climatica","tag-mare-alta"],"yoast_head":"<!-- This site is optimized with the Yoast SEO plugin v26.5 - https:\/\/yoast.com\/wordpress\/plugins\/seo\/ -->\n<title>Imagens mostram como n\u00edvel do mar pode afetar cidades brasileiras - Jornal Fatos e Not\u00edcias<\/title>\n<meta name=\"robots\" content=\"index, follow, max-snippet:-1, max-image-preview:large, max-video-preview:-1\" \/>\n<link rel=\"canonical\" href=\"https:\/\/jornalfatosenoticias.com.br\/index.php\/2021\/10\/19\/imagens-mostram-como-nivel-do-mar-pode-afetar-cidades-brasileiras\/\" \/>\n<meta property=\"og:locale\" content=\"pt_BR\" \/>\n<meta property=\"og:type\" content=\"article\" \/>\n<meta property=\"og:title\" content=\"Imagens mostram como n\u00edvel do mar pode afetar cidades brasileiras - Jornal Fatos e Not\u00edcias\" \/>\n<meta property=\"og:description\" content=\"Novas imagens mostram quais \u00e1reas poderiam ser salvas ou perdidas se as emiss\u00f5es de carbono n\u00e3o forem contidas A organiza\u00e7\u00e3o Climate Central desenvolveu uma s\u00e9rie de imagens e v\u00eddeos que trazem uma simula\u00e7\u00e3o de como diversas cidades ao redor do mundo podem ser afetadas pelo aumento do n\u00edvel do mar caso o mundo n\u00e3o cumpra [&hellip;]\" \/>\n<meta property=\"og:url\" content=\"https:\/\/jornalfatosenoticias.com.br\/index.php\/2021\/10\/19\/imagens-mostram-como-nivel-do-mar-pode-afetar-cidades-brasileiras\/\" \/>\n<meta property=\"og:site_name\" content=\"Jornal Fatos e Not\u00edcias\" \/>\n<meta property=\"article:published_time\" content=\"2021-10-19T20:00:50+00:00\" \/>\n<meta property=\"article:modified_time\" content=\"2021-10-19T20:00:55+00:00\" \/>\n<meta property=\"og:image\" content=\"https:\/\/jornalfatosenoticias.com.br\/wp-content\/uploads\/2021\/10\/Farol-de-Mucuripe-Fortaleza-CAPA.jpg\" \/>\n\t<meta property=\"og:image:width\" content=\"1000\" \/>\n\t<meta property=\"og:image:height\" content=\"562\" \/>\n\t<meta property=\"og:image:type\" content=\"image\/jpeg\" \/>\n<meta name=\"author\" content=\"Luzimara Fernandes\" \/>\n<meta name=\"twitter:card\" content=\"summary_large_image\" \/>\n<meta name=\"twitter:label1\" content=\"Escrito por\" \/>\n\t<meta name=\"twitter:data1\" content=\"Luzimara Fernandes\" \/>\n\t<meta name=\"twitter:label2\" content=\"Est. tempo de leitura\" \/>\n\t<meta name=\"twitter:data2\" content=\"3 minutos\" \/>\n<script type=\"application\/ld+json\" class=\"yoast-schema-graph\">{\"@context\":\"https:\/\/schema.org\",\"@graph\":[{\"@type\":\"Article\",\"@id\":\"https:\/\/jornalfatosenoticias.com.br\/index.php\/2021\/10\/19\/imagens-mostram-como-nivel-do-mar-pode-afetar-cidades-brasileiras\/#article\",\"isPartOf\":{\"@id\":\"https:\/\/jornalfatosenoticias.com.br\/index.php\/2021\/10\/19\/imagens-mostram-como-nivel-do-mar-pode-afetar-cidades-brasileiras\/\"},\"author\":{\"name\":\"Luzimara Fernandes\",\"@id\":\"https:\/\/jornalfatosenoticias.com.br\/#\/schema\/person\/d63837fa13ac8666eb9e74e0985d6f81\"},\"headline\":\"Imagens mostram como n\u00edvel do mar pode afetar cidades brasileiras\",\"datePublished\":\"2021-10-19T20:00:50+00:00\",\"dateModified\":\"2021-10-19T20:00:55+00:00\",\"mainEntityOfPage\":{\"@id\":\"https:\/\/jornalfatosenoticias.com.br\/index.php\/2021\/10\/19\/imagens-mostram-como-nivel-do-mar-pode-afetar-cidades-brasileiras\/\"},\"wordCount\":647,\"commentCount\":0,\"publisher\":{\"@id\":\"https:\/\/jornalfatosenoticias.com.br\/#organization\"},\"image\":{\"@id\":\"https:\/\/jornalfatosenoticias.com.br\/index.php\/2021\/10\/19\/imagens-mostram-como-nivel-do-mar-pode-afetar-cidades-brasileiras\/#primaryimage\"},\"thumbnailUrl\":\"https:\/\/jornalfatosenoticias.com.br\/wp-content\/uploads\/2021\/10\/Farol-de-Mucuripe-Fortaleza-CAPA.jpg\",\"keywords\":[\"Acordo Clim\u00e1tico de Paris\",\"aquecimento global\",\"aumento do n\u00edvel do mar\",\"clima\",\"Climate Central\",\"crise clim\u00e1tica\",\"mar\u00e9 alta\"],\"articleSection\":[\"Meio ambiente\"],\"inLanguage\":\"pt-BR\",\"potentialAction\":[{\"@type\":\"CommentAction\",\"name\":\"Comment\",\"target\":[\"https:\/\/jornalfatosenoticias.com.br\/index.php\/2021\/10\/19\/imagens-mostram-como-nivel-do-mar-pode-afetar-cidades-brasileiras\/#respond\"]}]},{\"@type\":\"WebPage\",\"@id\":\"https:\/\/jornalfatosenoticias.com.br\/index.php\/2021\/10\/19\/imagens-mostram-como-nivel-do-mar-pode-afetar-cidades-brasileiras\/\",\"url\":\"https:\/\/jornalfatosenoticias.com.br\/index.php\/2021\/10\/19\/imagens-mostram-como-nivel-do-mar-pode-afetar-cidades-brasileiras\/\",\"name\":\"Imagens mostram como n\u00edvel do mar pode afetar cidades brasileiras - Jornal Fatos e Not\u00edcias\",\"isPartOf\":{\"@id\":\"https:\/\/jornalfatosenoticias.com.br\/#website\"},\"primaryImageOfPage\":{\"@id\":\"https:\/\/jornalfatosenoticias.com.br\/index.php\/2021\/10\/19\/imagens-mostram-como-nivel-do-mar-pode-afetar-cidades-brasileiras\/#primaryimage\"},\"image\":{\"@id\":\"https:\/\/jornalfatosenoticias.com.br\/index.php\/2021\/10\/19\/imagens-mostram-como-nivel-do-mar-pode-afetar-cidades-brasileiras\/#primaryimage\"},\"thumbnailUrl\":\"https:\/\/jornalfatosenoticias.com.br\/wp-content\/uploads\/2021\/10\/Farol-de-Mucuripe-Fortaleza-CAPA.jpg\",\"datePublished\":\"2021-10-19T20:00:50+00:00\",\"dateModified\":\"2021-10-19T20:00:55+00:00\",\"breadcrumb\":{\"@id\":\"https:\/\/jornalfatosenoticias.com.br\/index.php\/2021\/10\/19\/imagens-mostram-como-nivel-do-mar-pode-afetar-cidades-brasileiras\/#breadcrumb\"},\"inLanguage\":\"pt-BR\",\"potentialAction\":[{\"@type\":\"ReadAction\",\"target\":[\"https:\/\/jornalfatosenoticias.com.br\/index.php\/2021\/10\/19\/imagens-mostram-como-nivel-do-mar-pode-afetar-cidades-brasileiras\/\"]}]},{\"@type\":\"ImageObject\",\"inLanguage\":\"pt-BR\",\"@id\":\"https:\/\/jornalfatosenoticias.com.br\/index.php\/2021\/10\/19\/imagens-mostram-como-nivel-do-mar-pode-afetar-cidades-brasileiras\/#primaryimage\",\"url\":\"https:\/\/jornalfatosenoticias.com.br\/wp-content\/uploads\/2021\/10\/Farol-de-Mucuripe-Fortaleza-CAPA.jpg\",\"contentUrl\":\"https:\/\/jornalfatosenoticias.com.br\/wp-content\/uploads\/2021\/10\/Farol-de-Mucuripe-Fortaleza-CAPA.jpg\",\"width\":1000,\"height\":562},{\"@type\":\"BreadcrumbList\",\"@id\":\"https:\/\/jornalfatosenoticias.com.br\/index.php\/2021\/10\/19\/imagens-mostram-como-nivel-do-mar-pode-afetar-cidades-brasileiras\/#breadcrumb\",\"itemListElement\":[{\"@type\":\"ListItem\",\"position\":1,\"name\":\"In\u00edcio\",\"item\":\"https:\/\/jornalfatosenoticias.com.br\/\"},{\"@type\":\"ListItem\",\"position\":2,\"name\":\"Imagens mostram como n\u00edvel do mar pode afetar cidades brasileiras\"}]},{\"@type\":\"WebSite\",\"@id\":\"https:\/\/jornalfatosenoticias.com.br\/#website\",\"url\":\"https:\/\/jornalfatosenoticias.com.br\/\",\"name\":\"Jornal Fatos e Not\u00edcias\",\"description\":\"Not\u00edcias em geral\",\"publisher\":{\"@id\":\"https:\/\/jornalfatosenoticias.com.br\/#organization\"},\"potentialAction\":[{\"@type\":\"SearchAction\",\"target\":{\"@type\":\"EntryPoint\",\"urlTemplate\":\"https:\/\/jornalfatosenoticias.com.br\/?s={search_term_string}\"},\"query-input\":{\"@type\":\"PropertyValueSpecification\",\"valueRequired\":true,\"valueName\":\"search_term_string\"}}],\"inLanguage\":\"pt-BR\"},{\"@type\":\"Organization\",\"@id\":\"https:\/\/jornalfatosenoticias.com.br\/#organization\",\"name\":\"Jornal Fatos e Not\u00edcias\",\"url\":\"https:\/\/jornalfatosenoticias.com.br\/\",\"logo\":{\"@type\":\"ImageObject\",\"inLanguage\":\"pt-BR\",\"@id\":\"https:\/\/jornalfatosenoticias.com.br\/#\/schema\/logo\/image\/\",\"url\":\"https:\/\/jornalfatosenoticias.com.br\/wp-content\/uploads\/2020\/02\/logo120.png\",\"contentUrl\":\"https:\/\/jornalfatosenoticias.com.br\/wp-content\/uploads\/2020\/02\/logo120.png\",\"width\":1227,\"height\":120,\"caption\":\"Jornal Fatos e Not\u00edcias\"},\"image\":{\"@id\":\"https:\/\/jornalfatosenoticias.com.br\/#\/schema\/logo\/image\/\"}},{\"@type\":\"Person\",\"@id\":\"https:\/\/jornalfatosenoticias.com.br\/#\/schema\/person\/d63837fa13ac8666eb9e74e0985d6f81\",\"name\":\"Luzimara Fernandes\",\"image\":{\"@type\":\"ImageObject\",\"inLanguage\":\"pt-BR\",\"@id\":\"https:\/\/jornalfatosenoticias.com.br\/#\/schema\/person\/image\/\",\"url\":\"https:\/\/jornalfatosenoticias.com.br\/wp-content\/uploads\/2025\/05\/EU_portal.jpg\",\"contentUrl\":\"https:\/\/jornalfatosenoticias.com.br\/wp-content\/uploads\/2025\/05\/EU_portal.jpg\",\"caption\":\"Luzimara Fernandes\"},\"description\":\"Jornalista MTB 2358-ES\",\"sameAs\":[\"https:\/\/jornalfatosenoticias.com.br\"],\"url\":\"https:\/\/jornalfatosenoticias.com.br\/index.php\/author\/luzimara\/\"}]}<\/script>\n<!-- \/ Yoast SEO plugin. -->","yoast_head_json":{"title":"Imagens mostram como n\u00edvel do mar pode afetar cidades brasileiras - Jornal Fatos e Not\u00edcias","robots":{"index":"index","follow":"follow","max-snippet":"max-snippet:-1","max-image-preview":"max-image-preview:large","max-video-preview":"max-video-preview:-1"},"canonical":"https:\/\/jornalfatosenoticias.com.br\/index.php\/2021\/10\/19\/imagens-mostram-como-nivel-do-mar-pode-afetar-cidades-brasileiras\/","og_locale":"pt_BR","og_type":"article","og_title":"Imagens mostram como n\u00edvel do mar pode afetar cidades brasileiras - Jornal Fatos e Not\u00edcias","og_description":"Novas imagens mostram quais \u00e1reas poderiam ser salvas ou perdidas se as emiss\u00f5es de carbono n\u00e3o forem contidas A organiza\u00e7\u00e3o Climate Central desenvolveu uma s\u00e9rie de imagens e v\u00eddeos que trazem uma simula\u00e7\u00e3o de como diversas cidades ao redor do mundo podem ser afetadas pelo aumento do n\u00edvel do mar caso o mundo n\u00e3o cumpra [&hellip;]","og_url":"https:\/\/jornalfatosenoticias.com.br\/index.php\/2021\/10\/19\/imagens-mostram-como-nivel-do-mar-pode-afetar-cidades-brasileiras\/","og_site_name":"Jornal Fatos e Not\u00edcias","article_published_time":"2021-10-19T20:00:50+00:00","article_modified_time":"2021-10-19T20:00:55+00:00","og_image":[{"width":1000,"height":562,"url":"https:\/\/jornalfatosenoticias.com.br\/wp-content\/uploads\/2021\/10\/Farol-de-Mucuripe-Fortaleza-CAPA.jpg","type":"image\/jpeg"}],"author":"Luzimara Fernandes","twitter_card":"summary_large_image","twitter_misc":{"Escrito por":"Luzimara Fernandes","Est. tempo de leitura":"3 minutos"},"schema":{"@context":"https:\/\/schema.org","@graph":[{"@type":"Article","@id":"https:\/\/jornalfatosenoticias.com.br\/index.php\/2021\/10\/19\/imagens-mostram-como-nivel-do-mar-pode-afetar-cidades-brasileiras\/#article","isPartOf":{"@id":"https:\/\/jornalfatosenoticias.com.br\/index.php\/2021\/10\/19\/imagens-mostram-como-nivel-do-mar-pode-afetar-cidades-brasileiras\/"},"author":{"name":"Luzimara Fernandes","@id":"https:\/\/jornalfatosenoticias.com.br\/#\/schema\/person\/d63837fa13ac8666eb9e74e0985d6f81"},"headline":"Imagens mostram como n\u00edvel do mar pode afetar cidades brasileiras","datePublished":"2021-10-19T20:00:50+00:00","dateModified":"2021-10-19T20:00:55+00:00","mainEntityOfPage":{"@id":"https:\/\/jornalfatosenoticias.com.br\/index.php\/2021\/10\/19\/imagens-mostram-como-nivel-do-mar-pode-afetar-cidades-brasileiras\/"},"wordCount":647,"commentCount":0,"publisher":{"@id":"https:\/\/jornalfatosenoticias.com.br\/#organization"},"image":{"@id":"https:\/\/jornalfatosenoticias.com.br\/index.php\/2021\/10\/19\/imagens-mostram-como-nivel-do-mar-pode-afetar-cidades-brasileiras\/#primaryimage"},"thumbnailUrl":"https:\/\/jornalfatosenoticias.com.br\/wp-content\/uploads\/2021\/10\/Farol-de-Mucuripe-Fortaleza-CAPA.jpg","keywords":["Acordo Clim\u00e1tico de Paris","aquecimento global","aumento do n\u00edvel do mar","clima","Climate Central","crise clim\u00e1tica","mar\u00e9 alta"],"articleSection":["Meio ambiente"],"inLanguage":"pt-BR","potentialAction":[{"@type":"CommentAction","name":"Comment","target":["https:\/\/jornalfatosenoticias.com.br\/index.php\/2021\/10\/19\/imagens-mostram-como-nivel-do-mar-pode-afetar-cidades-brasileiras\/#respond"]}]},{"@type":"WebPage","@id":"https:\/\/jornalfatosenoticias.com.br\/index.php\/2021\/10\/19\/imagens-mostram-como-nivel-do-mar-pode-afetar-cidades-brasileiras\/","url":"https:\/\/jornalfatosenoticias.com.br\/index.php\/2021\/10\/19\/imagens-mostram-como-nivel-do-mar-pode-afetar-cidades-brasileiras\/","name":"Imagens mostram como n\u00edvel do mar pode afetar cidades brasileiras - Jornal Fatos e Not\u00edcias","isPartOf":{"@id":"https:\/\/jornalfatosenoticias.com.br\/#website"},"primaryImageOfPage":{"@id":"https:\/\/jornalfatosenoticias.com.br\/index.php\/2021\/10\/19\/imagens-mostram-como-nivel-do-mar-pode-afetar-cidades-brasileiras\/#primaryimage"},"image":{"@id":"https:\/\/jornalfatosenoticias.com.br\/index.php\/2021\/10\/19\/imagens-mostram-como-nivel-do-mar-pode-afetar-cidades-brasileiras\/#primaryimage"},"thumbnailUrl":"https:\/\/jornalfatosenoticias.com.br\/wp-content\/uploads\/2021\/10\/Farol-de-Mucuripe-Fortaleza-CAPA.jpg","datePublished":"2021-10-19T20:00:50+00:00","dateModified":"2021-10-19T20:00:55+00:00","breadcrumb":{"@id":"https:\/\/jornalfatosenoticias.com.br\/index.php\/2021\/10\/19\/imagens-mostram-como-nivel-do-mar-pode-afetar-cidades-brasileiras\/#breadcrumb"},"inLanguage":"pt-BR","potentialAction":[{"@type":"ReadAction","target":["https:\/\/jornalfatosenoticias.com.br\/index.php\/2021\/10\/19\/imagens-mostram-como-nivel-do-mar-pode-afetar-cidades-brasileiras\/"]}]},{"@type":"ImageObject","inLanguage":"pt-BR","@id":"https:\/\/jornalfatosenoticias.com.br\/index.php\/2021\/10\/19\/imagens-mostram-como-nivel-do-mar-pode-afetar-cidades-brasileiras\/#primaryimage","url":"https:\/\/jornalfatosenoticias.com.br\/wp-content\/uploads\/2021\/10\/Farol-de-Mucuripe-Fortaleza-CAPA.jpg","contentUrl":"https:\/\/jornalfatosenoticias.com.br\/wp-content\/uploads\/2021\/10\/Farol-de-Mucuripe-Fortaleza-CAPA.jpg","width":1000,"height":562},{"@type":"BreadcrumbList","@id":"https:\/\/jornalfatosenoticias.com.br\/index.php\/2021\/10\/19\/imagens-mostram-como-nivel-do-mar-pode-afetar-cidades-brasileiras\/#breadcrumb","itemListElement":[{"@type":"ListItem","position":1,"name":"In\u00edcio","item":"https:\/\/jornalfatosenoticias.com.br\/"},{"@type":"ListItem","position":2,"name":"Imagens mostram como n\u00edvel do mar pode afetar cidades brasileiras"}]},{"@type":"WebSite","@id":"https:\/\/jornalfatosenoticias.com.br\/#website","url":"https:\/\/jornalfatosenoticias.com.br\/","name":"Jornal Fatos e Not\u00edcias","description":"Not\u00edcias em geral","publisher":{"@id":"https:\/\/jornalfatosenoticias.com.br\/#organization"},"potentialAction":[{"@type":"SearchAction","target":{"@type":"EntryPoint","urlTemplate":"https:\/\/jornalfatosenoticias.com.br\/?s={search_term_string}"},"query-input":{"@type":"PropertyValueSpecification","valueRequired":true,"valueName":"search_term_string"}}],"inLanguage":"pt-BR"},{"@type":"Organization","@id":"https:\/\/jornalfatosenoticias.com.br\/#organization","name":"Jornal Fatos e Not\u00edcias","url":"https:\/\/jornalfatosenoticias.com.br\/","logo":{"@type":"ImageObject","inLanguage":"pt-BR","@id":"https:\/\/jornalfatosenoticias.com.br\/#\/schema\/logo\/image\/","url":"https:\/\/jornalfatosenoticias.com.br\/wp-content\/uploads\/2020\/02\/logo120.png","contentUrl":"https:\/\/jornalfatosenoticias.com.br\/wp-content\/uploads\/2020\/02\/logo120.png","width":1227,"height":120,"caption":"Jornal Fatos e Not\u00edcias"},"image":{"@id":"https:\/\/jornalfatosenoticias.com.br\/#\/schema\/logo\/image\/"}},{"@type":"Person","@id":"https:\/\/jornalfatosenoticias.com.br\/#\/schema\/person\/d63837fa13ac8666eb9e74e0985d6f81","name":"Luzimara Fernandes","image":{"@type":"ImageObject","inLanguage":"pt-BR","@id":"https:\/\/jornalfatosenoticias.com.br\/#\/schema\/person\/image\/","url":"https:\/\/jornalfatosenoticias.com.br\/wp-content\/uploads\/2025\/05\/EU_portal.jpg","contentUrl":"https:\/\/jornalfatosenoticias.com.br\/wp-content\/uploads\/2025\/05\/EU_portal.jpg","caption":"Luzimara Fernandes"},"description":"Jornalista MTB 2358-ES","sameAs":["https:\/\/jornalfatosenoticias.com.br"],"url":"https:\/\/jornalfatosenoticias.com.br\/index.php\/author\/luzimara\/"}]}},"cc_featured_image_caption":{"caption_text":"(Foto: Climate Central)","source_text":"","source_url":""},"jetpack_featured_media_url":"https:\/\/jornalfatosenoticias.com.br\/wp-content\/uploads\/2021\/10\/Farol-de-Mucuripe-Fortaleza-CAPA.jpg","_links":{"self":[{"href":"https:\/\/jornalfatosenoticias.com.br\/index.php\/wp-json\/wp\/v2\/posts\/24051","targetHints":{"allow":["GET"]}}],"collection":[{"href":"https:\/\/jornalfatosenoticias.com.br\/index.php\/wp-json\/wp\/v2\/posts"}],"about":[{"href":"https:\/\/jornalfatosenoticias.com.br\/index.php\/wp-json\/wp\/v2\/types\/post"}],"author":[{"embeddable":true,"href":"https:\/\/jornalfatosenoticias.com.br\/index.php\/wp-json\/wp\/v2\/users\/2"}],"replies":[{"embeddable":true,"href":"https:\/\/jornalfatosenoticias.com.br\/index.php\/wp-json\/wp\/v2\/comments?post=24051"}],"version-history":[{"count":0,"href":"https:\/\/jornalfatosenoticias.com.br\/index.php\/wp-json\/wp\/v2\/posts\/24051\/revisions"}],"wp:featuredmedia":[{"embeddable":true,"href":"https:\/\/jornalfatosenoticias.com.br\/index.php\/wp-json\/wp\/v2\/media\/24075"}],"wp:attachment":[{"href":"https:\/\/jornalfatosenoticias.com.br\/index.php\/wp-json\/wp\/v2\/media?parent=24051"}],"wp:term":[{"taxonomy":"category","embeddable":true,"href":"https:\/\/jornalfatosenoticias.com.br\/index.php\/wp-json\/wp\/v2\/categories?post=24051"},{"taxonomy":"post_tag","embeddable":true,"href":"https:\/\/jornalfatosenoticias.com.br\/index.php\/wp-json\/wp\/v2\/tags?post=24051"}],"curies":[{"name":"wp","href":"https:\/\/api.w.org\/{rel}","templated":true}]}}