{"id":24087,"date":"2021-10-19T17:33:15","date_gmt":"2021-10-19T20:33:15","guid":{"rendered":"https:\/\/jornalfatosenoticias.com.br\/?p=24087"},"modified":"2021-10-19T17:33:23","modified_gmt":"2021-10-19T20:33:23","slug":"como-plantar-alho-em-vasos","status":"publish","type":"post","link":"https:\/\/jornalfatosenoticias.com.br\/index.php\/2021\/10\/19\/como-plantar-alho-em-vasos\/","title":{"rendered":"Como plantar alho em vasos?"},"content":{"rendered":"\n<p><em><span class=\"has-inline-color has-black-color\">Aproveitando dentes de alho que voc\u00ea tem em casa, \u00e9 poss\u00edvel plantar e colher alho repetidamente<\/span><\/em><\/p>\n\n\n\n<p>O alho tem in\u00fameras propriedades e est\u00e1 presente em uma infinidade de receitas. Quase todos os pratos que preparamos, do arroz aos molhos, usam ao menos um refogado com alho e cebola em seu preparo.<br>A boa not\u00edcia \u00e9 que \u00e9 poss\u00edvel garantir o seu estoque de alho com apenas um vaso, usando uma cabe\u00e7a de alho que voc\u00ea tem em casa. Os dentes de alho podem ser plantados diretamente na terra, sem a necessidade de sementes. O cultivo \u00e9 bastante simples.<\/p>\n\n\n\n<h4 class=\"wp-block-heading\"><span class=\"has-inline-color has-black-color\">Escolha os maiores dentes de alho<\/span><\/h4>\n\n\n\n<figure class=\"wp-block-image size-large is-style-default\"><img loading=\"lazy\" decoding=\"async\" width=\"1000\" height=\"534\" src=\"https:\/\/jornalfatosenoticias.com.br\/wp-content\/uploads\/2021\/10\/plantar-alho-2.jpeg\" alt=\"\" class=\"wp-image-24088\" srcset=\"https:\/\/jornalfatosenoticias.com.br\/wp-content\/uploads\/2021\/10\/plantar-alho-2.jpeg 1000w, https:\/\/jornalfatosenoticias.com.br\/wp-content\/uploads\/2021\/10\/plantar-alho-2-300x160.jpeg 300w, https:\/\/jornalfatosenoticias.com.br\/wp-content\/uploads\/2021\/10\/plantar-alho-2-768x410.jpeg 768w\" sizes=\"auto, (max-width: 1000px) 100vw, 1000px\" \/><figcaption><em><span class=\"has-inline-color has-black-color\">(Foto: Reprodu\u00e7\u00e3o\/YouTube)<\/span><\/em><\/figcaption><\/figure>\n\n\n\n<p>Descasque uma cabe\u00e7a de alho e escolha os maiores dentes. Eles v\u00e3o fazer o papel das sementes. Os dentes de alho menores podem ser aproveitados para cozinhar.<\/p>\n\n\n\n<p><strong><span class=\"has-inline-color has-black-color\">Plante os dentes de alho no vaso<br><\/span><\/strong>Use um vaso de tamanho grande ou m\u00e9dio que possa ficar pr\u00f3ximo a uma janela ou onde pegue sol. Preencha o vaso com terra e substrato e coloque os dentes de alho na terra. Voc\u00ea deve e enterr\u00e1-los em linha reta com cerca de 2cm de profundidade, com a parte pontuda voltada para cima.<\/p>\n\n\n\n<figure class=\"wp-block-image size-large is-style-default\"><img loading=\"lazy\" decoding=\"async\" width=\"1000\" height=\"581\" src=\"https:\/\/jornalfatosenoticias.com.br\/wp-content\/uploads\/2021\/10\/plantar-alho-3.jpg\" alt=\"\" class=\"wp-image-24089\" srcset=\"https:\/\/jornalfatosenoticias.com.br\/wp-content\/uploads\/2021\/10\/plantar-alho-3.jpg 1000w, https:\/\/jornalfatosenoticias.com.br\/wp-content\/uploads\/2021\/10\/plantar-alho-3-300x174.jpg 300w, https:\/\/jornalfatosenoticias.com.br\/wp-content\/uploads\/2021\/10\/plantar-alho-3-768x446.jpg 768w\" sizes=\"auto, (max-width: 1000px) 100vw, 1000px\" \/><figcaption><em><span class=\"has-inline-color has-black-color\">(Foto: Reprodu\u00e7\u00e3o\/YouTube)<\/span><\/em><\/figcaption><\/figure>\n\n\n\n<p>Quanto \u00e0 distribui\u00e7\u00e3o, procure deixar pelo menos 6cm entre cada dente, para que o novo alho tenha espa\u00e7o suficiente para se desenvolver.<\/p>\n\n\n\n<p><strong><span class=\"has-inline-color has-black-color\">Crescimento<br><\/span><\/strong>Logo ap\u00f3s o plantio, \u00e9 importante fazer a rega e manter o solo \u00famido durante as primeiras duas semanas. Essa \u00e9 a chave para o alho brotar. Em uma a duas semanas, o alho deve estar todo germinado e com esta apar\u00eancia.<\/p>\n\n\n\n<figure class=\"wp-block-image size-large is-style-default\"><img loading=\"lazy\" decoding=\"async\" width=\"1000\" height=\"568\" src=\"https:\/\/jornalfatosenoticias.com.br\/wp-content\/uploads\/2021\/10\/plantar-alho-4.jpeg\" alt=\"\" class=\"wp-image-24090\" srcset=\"https:\/\/jornalfatosenoticias.com.br\/wp-content\/uploads\/2021\/10\/plantar-alho-4.jpeg 1000w, https:\/\/jornalfatosenoticias.com.br\/wp-content\/uploads\/2021\/10\/plantar-alho-4-300x170.jpeg 300w, https:\/\/jornalfatosenoticias.com.br\/wp-content\/uploads\/2021\/10\/plantar-alho-4-768x436.jpeg 768w\" sizes=\"auto, (max-width: 1000px) 100vw, 1000px\" \/><figcaption><em><span class=\"has-inline-color has-black-color\">(Foto: Reprodu\u00e7\u00e3o\/YouTube)<\/span><\/em><\/figcaption><\/figure>\n\n\n\n<p><strong><span class=\"has-inline-color has-black-color\">Desenvolvimento<br><\/span><\/strong>O cultivo do alho \u00e9 simples e os \u00fanicos cuidados s\u00e3o a rega no m\u00ednimo a cada tr\u00eas dias, caso n\u00e3o chova. Al\u00e9m disso, \u00e9 importante eliminar quaisquer ervas que possam aparecer e que possam competir com o alho.<\/p>\n\n\n\n<figure class=\"wp-block-image size-large is-style-default\"><img loading=\"lazy\" decoding=\"async\" width=\"1000\" height=\"521\" src=\"https:\/\/jornalfatosenoticias.com.br\/wp-content\/uploads\/2021\/10\/plantar-alho-5.jpeg\" alt=\"\" class=\"wp-image-24091\" srcset=\"https:\/\/jornalfatosenoticias.com.br\/wp-content\/uploads\/2021\/10\/plantar-alho-5.jpeg 1000w, https:\/\/jornalfatosenoticias.com.br\/wp-content\/uploads\/2021\/10\/plantar-alho-5-300x156.jpeg 300w, https:\/\/jornalfatosenoticias.com.br\/wp-content\/uploads\/2021\/10\/plantar-alho-5-768x400.jpeg 768w\" sizes=\"auto, (max-width: 1000px) 100vw, 1000px\" \/><figcaption><em><span class=\"has-inline-color has-black-color\">(Foto: Reprodu\u00e7\u00e3o\/YouTube)<\/span><\/em><\/figcaption><\/figure>\n\n\n\n<p><strong><span class=\"has-inline-color has-black-color\">Finaliza\u00e7\u00e3o e colheita<br><\/span><\/strong>Entre 120 e 140 dias depois de plantar os dentes de alho, est\u00e1 na hora da colheita. Voc\u00ea notar\u00e1 que algumas folhas secam e dobram. Casso isso n\u00e3o ocorra naturalmente, dobre voc\u00ea as folhas para que elas n\u00e3o roubem os nutrientes do bulbo. Com as folhas dobradas, os dentes de alho v\u00e3o engrossar mais.<\/p>\n\n\n\n<figure class=\"wp-block-image size-large is-style-default\"><img loading=\"lazy\" decoding=\"async\" width=\"1000\" height=\"552\" src=\"https:\/\/jornalfatosenoticias.com.br\/wp-content\/uploads\/2021\/10\/plantar-alho-6.jpg\" alt=\"\" class=\"wp-image-24092\" srcset=\"https:\/\/jornalfatosenoticias.com.br\/wp-content\/uploads\/2021\/10\/plantar-alho-6.jpg 1000w, https:\/\/jornalfatosenoticias.com.br\/wp-content\/uploads\/2021\/10\/plantar-alho-6-300x166.jpg 300w, https:\/\/jornalfatosenoticias.com.br\/wp-content\/uploads\/2021\/10\/plantar-alho-6-768x424.jpg 768w\" sizes=\"auto, (max-width: 1000px) 100vw, 1000px\" \/><figcaption><em><span class=\"has-inline-color has-black-color\">(Foto: Reprodu\u00e7\u00e3o\/YouTube)<\/span><\/em><\/figcaption><\/figure>\n\n\n\n<p>Uma semana depois de todas as folhas terem dobrado, ou sido dobradas, \u00e9 a hora de colher o seu alho. Para isso, basta puxar o bulbo pela base das folhas.<\/p>\n\n\n\n<h5 class=\"wp-block-heading\"><em>No v\u00eddeo abaixo, em espanhol, \u00e9 poss\u00edvel ver as imagens de cada passo, do plantio \u00e0 colheita do alho em vasos<\/em><\/h5>\n\n\n\n<figure class=\"wp-block-embed-youtube wp-block-embed is-type-video is-provider-youtube wp-embed-aspect-16-9 wp-has-aspect-ratio\"><div class=\"wp-block-embed__wrapper\">\n<iframe loading=\"lazy\" title=\"C\u00f3mo sembrar AJOS en MACETA sin semillas | Cultivo f\u00e1cil paso a paso\" width=\"660\" height=\"371\" src=\"https:\/\/www.youtube.com\/embed\/fiuI-NlOQTA?start=1&#038;feature=oembed\" frameborder=\"0\" allow=\"accelerometer; autoplay; clipboard-write; encrypted-media; gyroscope; picture-in-picture; web-share\" referrerpolicy=\"strict-origin-when-cross-origin\" allowfullscreen><\/iframe>\n<\/div><\/figure>\n\n\n\n<p><strong><em>Fonte: <a href=\"https:\/\/ciclovivo.com.br\/mao-na-massa\/horta\/como-plantar-alho-em-vasos\/\">CicloVivo<\/a><\/em><\/strong><\/p>\n","protected":false},"excerpt":{"rendered":"<p>Aproveitando dentes de alho que voc\u00ea tem em casa, \u00e9 poss\u00edvel plantar e colher alho repetidamente O alho tem in\u00fameras propriedades e est\u00e1 presente em uma infinidade de receitas. Quase todos os pratos que preparamos, do arroz aos molhos, usam ao menos um refogado com alho e cebola em seu preparo.A boa not\u00edcia \u00e9 que [&hellip;]<\/p>\n","protected":false},"author":2,"featured_media":24093,"comment_status":"open","ping_status":"open","sticky":false,"template":"","format":"standard","meta":{"footnotes":""},"categories":[5],"tags":[4769,11643,11642,2495],"class_list":["post-24087","post","type-post","status-publish","format-standard","has-post-thumbnail","hentry","category-geral","tag-alho","tag-colheita","tag-plantar-alho-em-vasos","tag-plantio"],"yoast_head":"<!-- This site is optimized with the Yoast SEO plugin v26.5 - https:\/\/yoast.com\/wordpress\/plugins\/seo\/ -->\n<title>Como plantar alho em vasos? - Jornal Fatos e Not\u00edcias<\/title>\n<meta name=\"robots\" content=\"index, follow, max-snippet:-1, max-image-preview:large, max-video-preview:-1\" \/>\n<link rel=\"canonical\" href=\"https:\/\/jornalfatosenoticias.com.br\/index.php\/2021\/10\/19\/como-plantar-alho-em-vasos\/\" \/>\n<meta property=\"og:locale\" content=\"pt_BR\" \/>\n<meta property=\"og:type\" content=\"article\" \/>\n<meta property=\"og:title\" content=\"Como plantar alho em vasos? - Jornal Fatos e Not\u00edcias\" \/>\n<meta property=\"og:description\" content=\"Aproveitando dentes de alho que voc\u00ea tem em casa, \u00e9 poss\u00edvel plantar e colher alho repetidamente O alho tem in\u00fameras propriedades e est\u00e1 presente em uma infinidade de receitas. Quase todos os pratos que preparamos, do arroz aos molhos, usam ao menos um refogado com alho e cebola em seu preparo.A boa not\u00edcia \u00e9 que [&hellip;]\" \/>\n<meta property=\"og:url\" content=\"https:\/\/jornalfatosenoticias.com.br\/index.php\/2021\/10\/19\/como-plantar-alho-em-vasos\/\" \/>\n<meta property=\"og:site_name\" content=\"Jornal Fatos e Not\u00edcias\" \/>\n<meta property=\"article:published_time\" content=\"2021-10-19T20:33:15+00:00\" \/>\n<meta property=\"article:modified_time\" content=\"2021-10-19T20:33:23+00:00\" \/>\n<meta property=\"og:image\" content=\"https:\/\/jornalfatosenoticias.com.br\/wp-content\/uploads\/2021\/10\/plantar-alho-capa.jpg\" \/>\n\t<meta property=\"og:image:width\" content=\"1000\" \/>\n\t<meta property=\"og:image:height\" content=\"597\" \/>\n\t<meta property=\"og:image:type\" content=\"image\/jpeg\" \/>\n<meta name=\"author\" content=\"Luzimara Fernandes\" \/>\n<meta name=\"twitter:card\" content=\"summary_large_image\" \/>\n<meta name=\"twitter:label1\" content=\"Escrito por\" \/>\n\t<meta name=\"twitter:data1\" content=\"Luzimara Fernandes\" \/>\n\t<meta name=\"twitter:label2\" content=\"Est. tempo de leitura\" \/>\n\t<meta name=\"twitter:data2\" content=\"2 minutos\" \/>\n<script type=\"application\/ld+json\" class=\"yoast-schema-graph\">{\"@context\":\"https:\/\/schema.org\",\"@graph\":[{\"@type\":\"Article\",\"@id\":\"https:\/\/jornalfatosenoticias.com.br\/index.php\/2021\/10\/19\/como-plantar-alho-em-vasos\/#article\",\"isPartOf\":{\"@id\":\"https:\/\/jornalfatosenoticias.com.br\/index.php\/2021\/10\/19\/como-plantar-alho-em-vasos\/\"},\"author\":{\"name\":\"Luzimara Fernandes\",\"@id\":\"https:\/\/jornalfatosenoticias.com.br\/#\/schema\/person\/d63837fa13ac8666eb9e74e0985d6f81\"},\"headline\":\"Como plantar alho em vasos?\",\"datePublished\":\"2021-10-19T20:33:15+00:00\",\"dateModified\":\"2021-10-19T20:33:23+00:00\",\"mainEntityOfPage\":{\"@id\":\"https:\/\/jornalfatosenoticias.com.br\/index.php\/2021\/10\/19\/como-plantar-alho-em-vasos\/\"},\"wordCount\":457,\"commentCount\":0,\"publisher\":{\"@id\":\"https:\/\/jornalfatosenoticias.com.br\/#organization\"},\"image\":{\"@id\":\"https:\/\/jornalfatosenoticias.com.br\/index.php\/2021\/10\/19\/como-plantar-alho-em-vasos\/#primaryimage\"},\"thumbnailUrl\":\"https:\/\/jornalfatosenoticias.com.br\/wp-content\/uploads\/2021\/10\/plantar-alho-capa.jpg\",\"keywords\":[\"alho\",\"colheita\",\"plantar alho em vasos\",\"plantio\"],\"articleSection\":[\"Geral\"],\"inLanguage\":\"pt-BR\",\"potentialAction\":[{\"@type\":\"CommentAction\",\"name\":\"Comment\",\"target\":[\"https:\/\/jornalfatosenoticias.com.br\/index.php\/2021\/10\/19\/como-plantar-alho-em-vasos\/#respond\"]}]},{\"@type\":\"WebPage\",\"@id\":\"https:\/\/jornalfatosenoticias.com.br\/index.php\/2021\/10\/19\/como-plantar-alho-em-vasos\/\",\"url\":\"https:\/\/jornalfatosenoticias.com.br\/index.php\/2021\/10\/19\/como-plantar-alho-em-vasos\/\",\"name\":\"Como plantar alho em vasos? - Jornal Fatos e Not\u00edcias\",\"isPartOf\":{\"@id\":\"https:\/\/jornalfatosenoticias.com.br\/#website\"},\"primaryImageOfPage\":{\"@id\":\"https:\/\/jornalfatosenoticias.com.br\/index.php\/2021\/10\/19\/como-plantar-alho-em-vasos\/#primaryimage\"},\"image\":{\"@id\":\"https:\/\/jornalfatosenoticias.com.br\/index.php\/2021\/10\/19\/como-plantar-alho-em-vasos\/#primaryimage\"},\"thumbnailUrl\":\"https:\/\/jornalfatosenoticias.com.br\/wp-content\/uploads\/2021\/10\/plantar-alho-capa.jpg\",\"datePublished\":\"2021-10-19T20:33:15+00:00\",\"dateModified\":\"2021-10-19T20:33:23+00:00\",\"breadcrumb\":{\"@id\":\"https:\/\/jornalfatosenoticias.com.br\/index.php\/2021\/10\/19\/como-plantar-alho-em-vasos\/#breadcrumb\"},\"inLanguage\":\"pt-BR\",\"potentialAction\":[{\"@type\":\"ReadAction\",\"target\":[\"https:\/\/jornalfatosenoticias.com.br\/index.php\/2021\/10\/19\/como-plantar-alho-em-vasos\/\"]}]},{\"@type\":\"ImageObject\",\"inLanguage\":\"pt-BR\",\"@id\":\"https:\/\/jornalfatosenoticias.com.br\/index.php\/2021\/10\/19\/como-plantar-alho-em-vasos\/#primaryimage\",\"url\":\"https:\/\/jornalfatosenoticias.com.br\/wp-content\/uploads\/2021\/10\/plantar-alho-capa.jpg\",\"contentUrl\":\"https:\/\/jornalfatosenoticias.com.br\/wp-content\/uploads\/2021\/10\/plantar-alho-capa.jpg\",\"width\":1000,\"height\":597},{\"@type\":\"BreadcrumbList\",\"@id\":\"https:\/\/jornalfatosenoticias.com.br\/index.php\/2021\/10\/19\/como-plantar-alho-em-vasos\/#breadcrumb\",\"itemListElement\":[{\"@type\":\"ListItem\",\"position\":1,\"name\":\"In\u00edcio\",\"item\":\"https:\/\/jornalfatosenoticias.com.br\/\"},{\"@type\":\"ListItem\",\"position\":2,\"name\":\"Como plantar alho em vasos?\"}]},{\"@type\":\"WebSite\",\"@id\":\"https:\/\/jornalfatosenoticias.com.br\/#website\",\"url\":\"https:\/\/jornalfatosenoticias.com.br\/\",\"name\":\"Jornal Fatos e Not\u00edcias\",\"description\":\"Not\u00edcias em geral\",\"publisher\":{\"@id\":\"https:\/\/jornalfatosenoticias.com.br\/#organization\"},\"potentialAction\":[{\"@type\":\"SearchAction\",\"target\":{\"@type\":\"EntryPoint\",\"urlTemplate\":\"https:\/\/jornalfatosenoticias.com.br\/?s={search_term_string}\"},\"query-input\":{\"@type\":\"PropertyValueSpecification\",\"valueRequired\":true,\"valueName\":\"search_term_string\"}}],\"inLanguage\":\"pt-BR\"},{\"@type\":\"Organization\",\"@id\":\"https:\/\/jornalfatosenoticias.com.br\/#organization\",\"name\":\"Jornal Fatos e Not\u00edcias\",\"url\":\"https:\/\/jornalfatosenoticias.com.br\/\",\"logo\":{\"@type\":\"ImageObject\",\"inLanguage\":\"pt-BR\",\"@id\":\"https:\/\/jornalfatosenoticias.com.br\/#\/schema\/logo\/image\/\",\"url\":\"https:\/\/jornalfatosenoticias.com.br\/wp-content\/uploads\/2020\/02\/logo120.png\",\"contentUrl\":\"https:\/\/jornalfatosenoticias.com.br\/wp-content\/uploads\/2020\/02\/logo120.png\",\"width\":1227,\"height\":120,\"caption\":\"Jornal Fatos e Not\u00edcias\"},\"image\":{\"@id\":\"https:\/\/jornalfatosenoticias.com.br\/#\/schema\/logo\/image\/\"}},{\"@type\":\"Person\",\"@id\":\"https:\/\/jornalfatosenoticias.com.br\/#\/schema\/person\/d63837fa13ac8666eb9e74e0985d6f81\",\"name\":\"Luzimara Fernandes\",\"image\":{\"@type\":\"ImageObject\",\"inLanguage\":\"pt-BR\",\"@id\":\"https:\/\/jornalfatosenoticias.com.br\/#\/schema\/person\/image\/\",\"url\":\"https:\/\/jornalfatosenoticias.com.br\/wp-content\/uploads\/2025\/05\/EU_portal.jpg\",\"contentUrl\":\"https:\/\/jornalfatosenoticias.com.br\/wp-content\/uploads\/2025\/05\/EU_portal.jpg\",\"caption\":\"Luzimara Fernandes\"},\"description\":\"Jornalista MTB 2358-ES\",\"sameAs\":[\"https:\/\/jornalfatosenoticias.com.br\"],\"url\":\"https:\/\/jornalfatosenoticias.com.br\/index.php\/author\/luzimara\/\"}]}<\/script>\n<!-- \/ Yoast SEO plugin. -->","yoast_head_json":{"title":"Como plantar alho em vasos? - Jornal Fatos e Not\u00edcias","robots":{"index":"index","follow":"follow","max-snippet":"max-snippet:-1","max-image-preview":"max-image-preview:large","max-video-preview":"max-video-preview:-1"},"canonical":"https:\/\/jornalfatosenoticias.com.br\/index.php\/2021\/10\/19\/como-plantar-alho-em-vasos\/","og_locale":"pt_BR","og_type":"article","og_title":"Como plantar alho em vasos? - Jornal Fatos e Not\u00edcias","og_description":"Aproveitando dentes de alho que voc\u00ea tem em casa, \u00e9 poss\u00edvel plantar e colher alho repetidamente O alho tem in\u00fameras propriedades e est\u00e1 presente em uma infinidade de receitas. Quase todos os pratos que preparamos, do arroz aos molhos, usam ao menos um refogado com alho e cebola em seu preparo.A boa not\u00edcia \u00e9 que [&hellip;]","og_url":"https:\/\/jornalfatosenoticias.com.br\/index.php\/2021\/10\/19\/como-plantar-alho-em-vasos\/","og_site_name":"Jornal Fatos e Not\u00edcias","article_published_time":"2021-10-19T20:33:15+00:00","article_modified_time":"2021-10-19T20:33:23+00:00","og_image":[{"width":1000,"height":597,"url":"https:\/\/jornalfatosenoticias.com.br\/wp-content\/uploads\/2021\/10\/plantar-alho-capa.jpg","type":"image\/jpeg"}],"author":"Luzimara Fernandes","twitter_card":"summary_large_image","twitter_misc":{"Escrito por":"Luzimara Fernandes","Est. tempo de leitura":"2 minutos"},"schema":{"@context":"https:\/\/schema.org","@graph":[{"@type":"Article","@id":"https:\/\/jornalfatosenoticias.com.br\/index.php\/2021\/10\/19\/como-plantar-alho-em-vasos\/#article","isPartOf":{"@id":"https:\/\/jornalfatosenoticias.com.br\/index.php\/2021\/10\/19\/como-plantar-alho-em-vasos\/"},"author":{"name":"Luzimara Fernandes","@id":"https:\/\/jornalfatosenoticias.com.br\/#\/schema\/person\/d63837fa13ac8666eb9e74e0985d6f81"},"headline":"Como plantar alho em vasos?","datePublished":"2021-10-19T20:33:15+00:00","dateModified":"2021-10-19T20:33:23+00:00","mainEntityOfPage":{"@id":"https:\/\/jornalfatosenoticias.com.br\/index.php\/2021\/10\/19\/como-plantar-alho-em-vasos\/"},"wordCount":457,"commentCount":0,"publisher":{"@id":"https:\/\/jornalfatosenoticias.com.br\/#organization"},"image":{"@id":"https:\/\/jornalfatosenoticias.com.br\/index.php\/2021\/10\/19\/como-plantar-alho-em-vasos\/#primaryimage"},"thumbnailUrl":"https:\/\/jornalfatosenoticias.com.br\/wp-content\/uploads\/2021\/10\/plantar-alho-capa.jpg","keywords":["alho","colheita","plantar alho em vasos","plantio"],"articleSection":["Geral"],"inLanguage":"pt-BR","potentialAction":[{"@type":"CommentAction","name":"Comment","target":["https:\/\/jornalfatosenoticias.com.br\/index.php\/2021\/10\/19\/como-plantar-alho-em-vasos\/#respond"]}]},{"@type":"WebPage","@id":"https:\/\/jornalfatosenoticias.com.br\/index.php\/2021\/10\/19\/como-plantar-alho-em-vasos\/","url":"https:\/\/jornalfatosenoticias.com.br\/index.php\/2021\/10\/19\/como-plantar-alho-em-vasos\/","name":"Como plantar alho em vasos? - Jornal Fatos e Not\u00edcias","isPartOf":{"@id":"https:\/\/jornalfatosenoticias.com.br\/#website"},"primaryImageOfPage":{"@id":"https:\/\/jornalfatosenoticias.com.br\/index.php\/2021\/10\/19\/como-plantar-alho-em-vasos\/#primaryimage"},"image":{"@id":"https:\/\/jornalfatosenoticias.com.br\/index.php\/2021\/10\/19\/como-plantar-alho-em-vasos\/#primaryimage"},"thumbnailUrl":"https:\/\/jornalfatosenoticias.com.br\/wp-content\/uploads\/2021\/10\/plantar-alho-capa.jpg","datePublished":"2021-10-19T20:33:15+00:00","dateModified":"2021-10-19T20:33:23+00:00","breadcrumb":{"@id":"https:\/\/jornalfatosenoticias.com.br\/index.php\/2021\/10\/19\/como-plantar-alho-em-vasos\/#breadcrumb"},"inLanguage":"pt-BR","potentialAction":[{"@type":"ReadAction","target":["https:\/\/jornalfatosenoticias.com.br\/index.php\/2021\/10\/19\/como-plantar-alho-em-vasos\/"]}]},{"@type":"ImageObject","inLanguage":"pt-BR","@id":"https:\/\/jornalfatosenoticias.com.br\/index.php\/2021\/10\/19\/como-plantar-alho-em-vasos\/#primaryimage","url":"https:\/\/jornalfatosenoticias.com.br\/wp-content\/uploads\/2021\/10\/plantar-alho-capa.jpg","contentUrl":"https:\/\/jornalfatosenoticias.com.br\/wp-content\/uploads\/2021\/10\/plantar-alho-capa.jpg","width":1000,"height":597},{"@type":"BreadcrumbList","@id":"https:\/\/jornalfatosenoticias.com.br\/index.php\/2021\/10\/19\/como-plantar-alho-em-vasos\/#breadcrumb","itemListElement":[{"@type":"ListItem","position":1,"name":"In\u00edcio","item":"https:\/\/jornalfatosenoticias.com.br\/"},{"@type":"ListItem","position":2,"name":"Como plantar alho em vasos?"}]},{"@type":"WebSite","@id":"https:\/\/jornalfatosenoticias.com.br\/#website","url":"https:\/\/jornalfatosenoticias.com.br\/","name":"Jornal Fatos e Not\u00edcias","description":"Not\u00edcias em geral","publisher":{"@id":"https:\/\/jornalfatosenoticias.com.br\/#organization"},"potentialAction":[{"@type":"SearchAction","target":{"@type":"EntryPoint","urlTemplate":"https:\/\/jornalfatosenoticias.com.br\/?s={search_term_string}"},"query-input":{"@type":"PropertyValueSpecification","valueRequired":true,"valueName":"search_term_string"}}],"inLanguage":"pt-BR"},{"@type":"Organization","@id":"https:\/\/jornalfatosenoticias.com.br\/#organization","name":"Jornal Fatos e Not\u00edcias","url":"https:\/\/jornalfatosenoticias.com.br\/","logo":{"@type":"ImageObject","inLanguage":"pt-BR","@id":"https:\/\/jornalfatosenoticias.com.br\/#\/schema\/logo\/image\/","url":"https:\/\/jornalfatosenoticias.com.br\/wp-content\/uploads\/2020\/02\/logo120.png","contentUrl":"https:\/\/jornalfatosenoticias.com.br\/wp-content\/uploads\/2020\/02\/logo120.png","width":1227,"height":120,"caption":"Jornal Fatos e Not\u00edcias"},"image":{"@id":"https:\/\/jornalfatosenoticias.com.br\/#\/schema\/logo\/image\/"}},{"@type":"Person","@id":"https:\/\/jornalfatosenoticias.com.br\/#\/schema\/person\/d63837fa13ac8666eb9e74e0985d6f81","name":"Luzimara Fernandes","image":{"@type":"ImageObject","inLanguage":"pt-BR","@id":"https:\/\/jornalfatosenoticias.com.br\/#\/schema\/person\/image\/","url":"https:\/\/jornalfatosenoticias.com.br\/wp-content\/uploads\/2025\/05\/EU_portal.jpg","contentUrl":"https:\/\/jornalfatosenoticias.com.br\/wp-content\/uploads\/2025\/05\/EU_portal.jpg","caption":"Luzimara Fernandes"},"description":"Jornalista MTB 2358-ES","sameAs":["https:\/\/jornalfatosenoticias.com.br"],"url":"https:\/\/jornalfatosenoticias.com.br\/index.php\/author\/luzimara\/"}]}},"cc_featured_image_caption":{"caption_text":"(Foto: Reprodu\u00e7\u00e3o\/YouTube)","source_text":"","source_url":""},"jetpack_featured_media_url":"https:\/\/jornalfatosenoticias.com.br\/wp-content\/uploads\/2021\/10\/plantar-alho-capa.jpg","_links":{"self":[{"href":"https:\/\/jornalfatosenoticias.com.br\/index.php\/wp-json\/wp\/v2\/posts\/24087","targetHints":{"allow":["GET"]}}],"collection":[{"href":"https:\/\/jornalfatosenoticias.com.br\/index.php\/wp-json\/wp\/v2\/posts"}],"about":[{"href":"https:\/\/jornalfatosenoticias.com.br\/index.php\/wp-json\/wp\/v2\/types\/post"}],"author":[{"embeddable":true,"href":"https:\/\/jornalfatosenoticias.com.br\/index.php\/wp-json\/wp\/v2\/users\/2"}],"replies":[{"embeddable":true,"href":"https:\/\/jornalfatosenoticias.com.br\/index.php\/wp-json\/wp\/v2\/comments?post=24087"}],"version-history":[{"count":0,"href":"https:\/\/jornalfatosenoticias.com.br\/index.php\/wp-json\/wp\/v2\/posts\/24087\/revisions"}],"wp:featuredmedia":[{"embeddable":true,"href":"https:\/\/jornalfatosenoticias.com.br\/index.php\/wp-json\/wp\/v2\/media\/24093"}],"wp:attachment":[{"href":"https:\/\/jornalfatosenoticias.com.br\/index.php\/wp-json\/wp\/v2\/media?parent=24087"}],"wp:term":[{"taxonomy":"category","embeddable":true,"href":"https:\/\/jornalfatosenoticias.com.br\/index.php\/wp-json\/wp\/v2\/categories?post=24087"},{"taxonomy":"post_tag","embeddable":true,"href":"https:\/\/jornalfatosenoticias.com.br\/index.php\/wp-json\/wp\/v2\/tags?post=24087"}],"curies":[{"name":"wp","href":"https:\/\/api.w.org\/{rel}","templated":true}]}}