{"id":2412,"date":"2020-03-25T09:19:48","date_gmt":"2020-03-25T12:19:48","guid":{"rendered":"https:\/\/jornalfatosenoticias.com.br\/?p=2412"},"modified":"2020-03-25T09:20:56","modified_gmt":"2020-03-25T12:20:56","slug":"carga-de-energia-do-brasil-fica-5-abaixo-do-previsto","status":"publish","type":"post","link":"https:\/\/jornalfatosenoticias.com.br\/index.php\/2020\/03\/25\/carga-de-energia-do-brasil-fica-5-abaixo-do-previsto\/","title":{"rendered":"Carga de energia do Brasil fica 5% abaixo do previsto"},"content":{"rendered":"\n<h6 class=\"wp-block-heading\"><em>De acordo com a ONS, retra\u00e7\u00e3o deve crescer esta semana<\/em><\/h6>\n\n\n\n<p>A carga de energia registrada no sistema el\u00e9trico do Brasil na segunda-feira (23) somou 62,5 gigawatts m\u00e9dios, cerca de 5% abaixo das estimativas iniciais do Operador Nacional do Sistema El\u00e9trico (ONS) para o dia. De acordo com o \u00f3rg\u00e3o, a queda deve-se aos impactos sobre a demanda, causados pelas medidas adotadas no combate ao novo coronav\u00edrus. Gigawatt \u00e9 a unidade de energia equivalente a um bilh\u00e3o de watts.<br>\nOs dados \u2014 que constam de boletim publicado nesta ter\u00e7a-feira (24) pelo ONS &#8211; mostram, tamb\u00e9m uma redu\u00e7\u00e3o de 13,85% na compara\u00e7\u00e3o com a segunda-feira anterior (16), quando a carga no Brasil somou 72,5 gigawatts m\u00e9dios.<br>\nA carga, que representa a soma do consumo com as perdas na rede, ficou abaixo do previsto em todas as regi\u00f5es do Pa\u00eds, disse o ONS no boletim.<br>\nO ONS informou que come\u00e7ou a verificar redu\u00e7\u00e3o de demanda no sistema a partir da quinta-feira passada (19), quando houve queda de 2,3% na compara\u00e7\u00e3o com mesmo dia da semana anterior, em meio a recomenda\u00e7\u00f5es do governo para que as pessoas fiquem em suas casas e \u00e0 ado\u00e7\u00e3o de trabalho remoto por empresas.<br>\nH\u00e1 expectativas de que a retra\u00e7\u00e3o da carga se acentue nesta semana, quando entram em vigor medidas mais restritivas, como uma quarentena decretada pelo governo do estado de S\u00e3o Paulo que determinou o fechamento de todos os estabelecimentos comerciais e de servi\u00e7os considerados n\u00e3o essenciais.<\/p>\n\n\n\n<p><strong><em>Fonte: <a href=\"https:\/\/agenciabrasil.ebc.com.br\/geral\/noticia\/2020-03\/carga-de-energia-do-brasil-fica-5-abaixo-do-previsto\">Ag\u00eancia Brasil<\/a><\/em><\/strong><\/p>\n","protected":false},"excerpt":{"rendered":"<p>De acordo com a ONS, retra\u00e7\u00e3o deve crescer esta semana A carga de energia registrada no sistema el\u00e9trico do Brasil na segunda-feira (23) somou 62,5 gigawatts m\u00e9dios, cerca de 5% abaixo das estimativas iniciais do Operador Nacional do Sistema El\u00e9trico (ONS) para o dia. De acordo com o \u00f3rg\u00e3o, a queda deve-se aos impactos sobre [&hellip;]<\/p>\n","protected":false},"author":2,"featured_media":2413,"comment_status":"open","ping_status":"open","sticky":false,"template":"","format":"standard","meta":{"footnotes":""},"categories":[9],"tags":[996,997,998,995,330,999],"class_list":["post-2412","post","type-post","status-publish","format-standard","has-post-thumbnail","hentry","category-economia","tag-consumo-de-energia","tag-demanda","tag-gigawatts","tag-ons","tag-pandemia","tag-watts"],"yoast_head":"<!-- This site is optimized with the Yoast SEO plugin v26.5 - https:\/\/yoast.com\/wordpress\/plugins\/seo\/ -->\n<title>Carga de energia do Brasil fica 5% abaixo do previsto - Jornal Fatos e Not\u00edcias<\/title>\n<meta name=\"robots\" content=\"index, follow, max-snippet:-1, max-image-preview:large, max-video-preview:-1\" \/>\n<link rel=\"canonical\" href=\"https:\/\/jornalfatosenoticias.com.br\/index.php\/2020\/03\/25\/carga-de-energia-do-brasil-fica-5-abaixo-do-previsto\/\" \/>\n<meta property=\"og:locale\" content=\"pt_BR\" \/>\n<meta property=\"og:type\" content=\"article\" \/>\n<meta property=\"og:title\" content=\"Carga de energia do Brasil fica 5% abaixo do previsto - Jornal Fatos e Not\u00edcias\" \/>\n<meta property=\"og:description\" content=\"De acordo com a ONS, retra\u00e7\u00e3o deve crescer esta semana A carga de energia registrada no sistema el\u00e9trico do Brasil na segunda-feira (23) somou 62,5 gigawatts m\u00e9dios, cerca de 5% abaixo das estimativas iniciais do Operador Nacional do Sistema El\u00e9trico (ONS) para o dia. De acordo com o \u00f3rg\u00e3o, a queda deve-se aos impactos sobre [&hellip;]\" \/>\n<meta property=\"og:url\" content=\"https:\/\/jornalfatosenoticias.com.br\/index.php\/2020\/03\/25\/carga-de-energia-do-brasil-fica-5-abaixo-do-previsto\/\" \/>\n<meta property=\"og:site_name\" content=\"Jornal Fatos e Not\u00edcias\" \/>\n<meta property=\"article:published_time\" content=\"2020-03-25T12:19:48+00:00\" \/>\n<meta property=\"article:modified_time\" content=\"2020-03-25T12:20:56+00:00\" \/>\n<meta property=\"og:image\" content=\"https:\/\/jornalfatosenoticias.com.br\/wp-content\/uploads\/2020\/03\/energia.jpg\" \/>\n\t<meta property=\"og:image:width\" content=\"1170\" \/>\n\t<meta property=\"og:image:height\" content=\"700\" \/>\n\t<meta property=\"og:image:type\" content=\"image\/jpeg\" \/>\n<meta name=\"author\" content=\"Luzimara Fernandes\" \/>\n<meta name=\"twitter:card\" content=\"summary_large_image\" \/>\n<meta name=\"twitter:label1\" content=\"Escrito por\" \/>\n\t<meta name=\"twitter:data1\" content=\"Luzimara Fernandes\" \/>\n\t<meta name=\"twitter:label2\" content=\"Est. tempo de leitura\" \/>\n\t<meta name=\"twitter:data2\" content=\"1 minuto\" \/>\n<script type=\"application\/ld+json\" class=\"yoast-schema-graph\">{\"@context\":\"https:\/\/schema.org\",\"@graph\":[{\"@type\":\"Article\",\"@id\":\"https:\/\/jornalfatosenoticias.com.br\/index.php\/2020\/03\/25\/carga-de-energia-do-brasil-fica-5-abaixo-do-previsto\/#article\",\"isPartOf\":{\"@id\":\"https:\/\/jornalfatosenoticias.com.br\/index.php\/2020\/03\/25\/carga-de-energia-do-brasil-fica-5-abaixo-do-previsto\/\"},\"author\":{\"name\":\"Luzimara Fernandes\",\"@id\":\"https:\/\/jornalfatosenoticias.com.br\/#\/schema\/person\/d63837fa13ac8666eb9e74e0985d6f81\"},\"headline\":\"Carga de energia do Brasil fica 5% abaixo do previsto\",\"datePublished\":\"2020-03-25T12:19:48+00:00\",\"dateModified\":\"2020-03-25T12:20:56+00:00\",\"mainEntityOfPage\":{\"@id\":\"https:\/\/jornalfatosenoticias.com.br\/index.php\/2020\/03\/25\/carga-de-energia-do-brasil-fica-5-abaixo-do-previsto\/\"},\"wordCount\":264,\"commentCount\":0,\"publisher\":{\"@id\":\"https:\/\/jornalfatosenoticias.com.br\/#organization\"},\"image\":{\"@id\":\"https:\/\/jornalfatosenoticias.com.br\/index.php\/2020\/03\/25\/carga-de-energia-do-brasil-fica-5-abaixo-do-previsto\/#primaryimage\"},\"thumbnailUrl\":\"https:\/\/jornalfatosenoticias.com.br\/wp-content\/uploads\/2020\/03\/energia.jpg\",\"keywords\":[\"consumo de energia\",\"demanda\",\"gigawatts\",\"ONS\",\"pandemia\",\"watts\"],\"articleSection\":[\"Economia\"],\"inLanguage\":\"pt-BR\",\"potentialAction\":[{\"@type\":\"CommentAction\",\"name\":\"Comment\",\"target\":[\"https:\/\/jornalfatosenoticias.com.br\/index.php\/2020\/03\/25\/carga-de-energia-do-brasil-fica-5-abaixo-do-previsto\/#respond\"]}]},{\"@type\":\"WebPage\",\"@id\":\"https:\/\/jornalfatosenoticias.com.br\/index.php\/2020\/03\/25\/carga-de-energia-do-brasil-fica-5-abaixo-do-previsto\/\",\"url\":\"https:\/\/jornalfatosenoticias.com.br\/index.php\/2020\/03\/25\/carga-de-energia-do-brasil-fica-5-abaixo-do-previsto\/\",\"name\":\"Carga de energia do Brasil fica 5% abaixo do previsto - Jornal Fatos e Not\u00edcias\",\"isPartOf\":{\"@id\":\"https:\/\/jornalfatosenoticias.com.br\/#website\"},\"primaryImageOfPage\":{\"@id\":\"https:\/\/jornalfatosenoticias.com.br\/index.php\/2020\/03\/25\/carga-de-energia-do-brasil-fica-5-abaixo-do-previsto\/#primaryimage\"},\"image\":{\"@id\":\"https:\/\/jornalfatosenoticias.com.br\/index.php\/2020\/03\/25\/carga-de-energia-do-brasil-fica-5-abaixo-do-previsto\/#primaryimage\"},\"thumbnailUrl\":\"https:\/\/jornalfatosenoticias.com.br\/wp-content\/uploads\/2020\/03\/energia.jpg\",\"datePublished\":\"2020-03-25T12:19:48+00:00\",\"dateModified\":\"2020-03-25T12:20:56+00:00\",\"breadcrumb\":{\"@id\":\"https:\/\/jornalfatosenoticias.com.br\/index.php\/2020\/03\/25\/carga-de-energia-do-brasil-fica-5-abaixo-do-previsto\/#breadcrumb\"},\"inLanguage\":\"pt-BR\",\"potentialAction\":[{\"@type\":\"ReadAction\",\"target\":[\"https:\/\/jornalfatosenoticias.com.br\/index.php\/2020\/03\/25\/carga-de-energia-do-brasil-fica-5-abaixo-do-previsto\/\"]}]},{\"@type\":\"ImageObject\",\"inLanguage\":\"pt-BR\",\"@id\":\"https:\/\/jornalfatosenoticias.com.br\/index.php\/2020\/03\/25\/carga-de-energia-do-brasil-fica-5-abaixo-do-previsto\/#primaryimage\",\"url\":\"https:\/\/jornalfatosenoticias.com.br\/wp-content\/uploads\/2020\/03\/energia.jpg\",\"contentUrl\":\"https:\/\/jornalfatosenoticias.com.br\/wp-content\/uploads\/2020\/03\/energia.jpg\",\"width\":1170,\"height\":700,\"caption\":\"Linhas de transmiss\u00e3o de energia, energia el\u00e9trica\"},{\"@type\":\"BreadcrumbList\",\"@id\":\"https:\/\/jornalfatosenoticias.com.br\/index.php\/2020\/03\/25\/carga-de-energia-do-brasil-fica-5-abaixo-do-previsto\/#breadcrumb\",\"itemListElement\":[{\"@type\":\"ListItem\",\"position\":1,\"name\":\"In\u00edcio\",\"item\":\"https:\/\/jornalfatosenoticias.com.br\/\"},{\"@type\":\"ListItem\",\"position\":2,\"name\":\"Carga de energia do Brasil fica 5% abaixo do previsto\"}]},{\"@type\":\"WebSite\",\"@id\":\"https:\/\/jornalfatosenoticias.com.br\/#website\",\"url\":\"https:\/\/jornalfatosenoticias.com.br\/\",\"name\":\"Jornal Fatos e Not\u00edcias\",\"description\":\"Not\u00edcias em geral\",\"publisher\":{\"@id\":\"https:\/\/jornalfatosenoticias.com.br\/#organization\"},\"potentialAction\":[{\"@type\":\"SearchAction\",\"target\":{\"@type\":\"EntryPoint\",\"urlTemplate\":\"https:\/\/jornalfatosenoticias.com.br\/?s={search_term_string}\"},\"query-input\":{\"@type\":\"PropertyValueSpecification\",\"valueRequired\":true,\"valueName\":\"search_term_string\"}}],\"inLanguage\":\"pt-BR\"},{\"@type\":\"Organization\",\"@id\":\"https:\/\/jornalfatosenoticias.com.br\/#organization\",\"name\":\"Jornal Fatos e Not\u00edcias\",\"url\":\"https:\/\/jornalfatosenoticias.com.br\/\",\"logo\":{\"@type\":\"ImageObject\",\"inLanguage\":\"pt-BR\",\"@id\":\"https:\/\/jornalfatosenoticias.com.br\/#\/schema\/logo\/image\/\",\"url\":\"https:\/\/jornalfatosenoticias.com.br\/wp-content\/uploads\/2020\/02\/logo120.png\",\"contentUrl\":\"https:\/\/jornalfatosenoticias.com.br\/wp-content\/uploads\/2020\/02\/logo120.png\",\"width\":1227,\"height\":120,\"caption\":\"Jornal Fatos e Not\u00edcias\"},\"image\":{\"@id\":\"https:\/\/jornalfatosenoticias.com.br\/#\/schema\/logo\/image\/\"}},{\"@type\":\"Person\",\"@id\":\"https:\/\/jornalfatosenoticias.com.br\/#\/schema\/person\/d63837fa13ac8666eb9e74e0985d6f81\",\"name\":\"Luzimara Fernandes\",\"image\":{\"@type\":\"ImageObject\",\"inLanguage\":\"pt-BR\",\"@id\":\"https:\/\/jornalfatosenoticias.com.br\/#\/schema\/person\/image\/\",\"url\":\"https:\/\/jornalfatosenoticias.com.br\/wp-content\/uploads\/2025\/05\/EU_portal.jpg\",\"contentUrl\":\"https:\/\/jornalfatosenoticias.com.br\/wp-content\/uploads\/2025\/05\/EU_portal.jpg\",\"caption\":\"Luzimara Fernandes\"},\"description\":\"Jornalista MTB 2358-ES\",\"sameAs\":[\"https:\/\/jornalfatosenoticias.com.br\"],\"url\":\"https:\/\/jornalfatosenoticias.com.br\/index.php\/author\/luzimara\/\"}]}<\/script>\n<!-- \/ Yoast SEO plugin. -->","yoast_head_json":{"title":"Carga de energia do Brasil fica 5% abaixo do previsto - Jornal Fatos e Not\u00edcias","robots":{"index":"index","follow":"follow","max-snippet":"max-snippet:-1","max-image-preview":"max-image-preview:large","max-video-preview":"max-video-preview:-1"},"canonical":"https:\/\/jornalfatosenoticias.com.br\/index.php\/2020\/03\/25\/carga-de-energia-do-brasil-fica-5-abaixo-do-previsto\/","og_locale":"pt_BR","og_type":"article","og_title":"Carga de energia do Brasil fica 5% abaixo do previsto - Jornal Fatos e Not\u00edcias","og_description":"De acordo com a ONS, retra\u00e7\u00e3o deve crescer esta semana A carga de energia registrada no sistema el\u00e9trico do Brasil na segunda-feira (23) somou 62,5 gigawatts m\u00e9dios, cerca de 5% abaixo das estimativas iniciais do Operador Nacional do Sistema El\u00e9trico (ONS) para o dia. De acordo com o \u00f3rg\u00e3o, a queda deve-se aos impactos sobre [&hellip;]","og_url":"https:\/\/jornalfatosenoticias.com.br\/index.php\/2020\/03\/25\/carga-de-energia-do-brasil-fica-5-abaixo-do-previsto\/","og_site_name":"Jornal Fatos e Not\u00edcias","article_published_time":"2020-03-25T12:19:48+00:00","article_modified_time":"2020-03-25T12:20:56+00:00","og_image":[{"width":1170,"height":700,"url":"https:\/\/jornalfatosenoticias.com.br\/wp-content\/uploads\/2020\/03\/energia.jpg","type":"image\/jpeg"}],"author":"Luzimara Fernandes","twitter_card":"summary_large_image","twitter_misc":{"Escrito por":"Luzimara Fernandes","Est. tempo de leitura":"1 minuto"},"schema":{"@context":"https:\/\/schema.org","@graph":[{"@type":"Article","@id":"https:\/\/jornalfatosenoticias.com.br\/index.php\/2020\/03\/25\/carga-de-energia-do-brasil-fica-5-abaixo-do-previsto\/#article","isPartOf":{"@id":"https:\/\/jornalfatosenoticias.com.br\/index.php\/2020\/03\/25\/carga-de-energia-do-brasil-fica-5-abaixo-do-previsto\/"},"author":{"name":"Luzimara Fernandes","@id":"https:\/\/jornalfatosenoticias.com.br\/#\/schema\/person\/d63837fa13ac8666eb9e74e0985d6f81"},"headline":"Carga de energia do Brasil fica 5% abaixo do previsto","datePublished":"2020-03-25T12:19:48+00:00","dateModified":"2020-03-25T12:20:56+00:00","mainEntityOfPage":{"@id":"https:\/\/jornalfatosenoticias.com.br\/index.php\/2020\/03\/25\/carga-de-energia-do-brasil-fica-5-abaixo-do-previsto\/"},"wordCount":264,"commentCount":0,"publisher":{"@id":"https:\/\/jornalfatosenoticias.com.br\/#organization"},"image":{"@id":"https:\/\/jornalfatosenoticias.com.br\/index.php\/2020\/03\/25\/carga-de-energia-do-brasil-fica-5-abaixo-do-previsto\/#primaryimage"},"thumbnailUrl":"https:\/\/jornalfatosenoticias.com.br\/wp-content\/uploads\/2020\/03\/energia.jpg","keywords":["consumo de energia","demanda","gigawatts","ONS","pandemia","watts"],"articleSection":["Economia"],"inLanguage":"pt-BR","potentialAction":[{"@type":"CommentAction","name":"Comment","target":["https:\/\/jornalfatosenoticias.com.br\/index.php\/2020\/03\/25\/carga-de-energia-do-brasil-fica-5-abaixo-do-previsto\/#respond"]}]},{"@type":"WebPage","@id":"https:\/\/jornalfatosenoticias.com.br\/index.php\/2020\/03\/25\/carga-de-energia-do-brasil-fica-5-abaixo-do-previsto\/","url":"https:\/\/jornalfatosenoticias.com.br\/index.php\/2020\/03\/25\/carga-de-energia-do-brasil-fica-5-abaixo-do-previsto\/","name":"Carga de energia do Brasil fica 5% abaixo do previsto - Jornal Fatos e Not\u00edcias","isPartOf":{"@id":"https:\/\/jornalfatosenoticias.com.br\/#website"},"primaryImageOfPage":{"@id":"https:\/\/jornalfatosenoticias.com.br\/index.php\/2020\/03\/25\/carga-de-energia-do-brasil-fica-5-abaixo-do-previsto\/#primaryimage"},"image":{"@id":"https:\/\/jornalfatosenoticias.com.br\/index.php\/2020\/03\/25\/carga-de-energia-do-brasil-fica-5-abaixo-do-previsto\/#primaryimage"},"thumbnailUrl":"https:\/\/jornalfatosenoticias.com.br\/wp-content\/uploads\/2020\/03\/energia.jpg","datePublished":"2020-03-25T12:19:48+00:00","dateModified":"2020-03-25T12:20:56+00:00","breadcrumb":{"@id":"https:\/\/jornalfatosenoticias.com.br\/index.php\/2020\/03\/25\/carga-de-energia-do-brasil-fica-5-abaixo-do-previsto\/#breadcrumb"},"inLanguage":"pt-BR","potentialAction":[{"@type":"ReadAction","target":["https:\/\/jornalfatosenoticias.com.br\/index.php\/2020\/03\/25\/carga-de-energia-do-brasil-fica-5-abaixo-do-previsto\/"]}]},{"@type":"ImageObject","inLanguage":"pt-BR","@id":"https:\/\/jornalfatosenoticias.com.br\/index.php\/2020\/03\/25\/carga-de-energia-do-brasil-fica-5-abaixo-do-previsto\/#primaryimage","url":"https:\/\/jornalfatosenoticias.com.br\/wp-content\/uploads\/2020\/03\/energia.jpg","contentUrl":"https:\/\/jornalfatosenoticias.com.br\/wp-content\/uploads\/2020\/03\/energia.jpg","width":1170,"height":700,"caption":"Linhas de transmiss\u00e3o de energia, energia el\u00e9trica"},{"@type":"BreadcrumbList","@id":"https:\/\/jornalfatosenoticias.com.br\/index.php\/2020\/03\/25\/carga-de-energia-do-brasil-fica-5-abaixo-do-previsto\/#breadcrumb","itemListElement":[{"@type":"ListItem","position":1,"name":"In\u00edcio","item":"https:\/\/jornalfatosenoticias.com.br\/"},{"@type":"ListItem","position":2,"name":"Carga de energia do Brasil fica 5% abaixo do previsto"}]},{"@type":"WebSite","@id":"https:\/\/jornalfatosenoticias.com.br\/#website","url":"https:\/\/jornalfatosenoticias.com.br\/","name":"Jornal Fatos e Not\u00edcias","description":"Not\u00edcias em geral","publisher":{"@id":"https:\/\/jornalfatosenoticias.com.br\/#organization"},"potentialAction":[{"@type":"SearchAction","target":{"@type":"EntryPoint","urlTemplate":"https:\/\/jornalfatosenoticias.com.br\/?s={search_term_string}"},"query-input":{"@type":"PropertyValueSpecification","valueRequired":true,"valueName":"search_term_string"}}],"inLanguage":"pt-BR"},{"@type":"Organization","@id":"https:\/\/jornalfatosenoticias.com.br\/#organization","name":"Jornal Fatos e Not\u00edcias","url":"https:\/\/jornalfatosenoticias.com.br\/","logo":{"@type":"ImageObject","inLanguage":"pt-BR","@id":"https:\/\/jornalfatosenoticias.com.br\/#\/schema\/logo\/image\/","url":"https:\/\/jornalfatosenoticias.com.br\/wp-content\/uploads\/2020\/02\/logo120.png","contentUrl":"https:\/\/jornalfatosenoticias.com.br\/wp-content\/uploads\/2020\/02\/logo120.png","width":1227,"height":120,"caption":"Jornal Fatos e Not\u00edcias"},"image":{"@id":"https:\/\/jornalfatosenoticias.com.br\/#\/schema\/logo\/image\/"}},{"@type":"Person","@id":"https:\/\/jornalfatosenoticias.com.br\/#\/schema\/person\/d63837fa13ac8666eb9e74e0985d6f81","name":"Luzimara Fernandes","image":{"@type":"ImageObject","inLanguage":"pt-BR","@id":"https:\/\/jornalfatosenoticias.com.br\/#\/schema\/person\/image\/","url":"https:\/\/jornalfatosenoticias.com.br\/wp-content\/uploads\/2025\/05\/EU_portal.jpg","contentUrl":"https:\/\/jornalfatosenoticias.com.br\/wp-content\/uploads\/2025\/05\/EU_portal.jpg","caption":"Luzimara Fernandes"},"description":"Jornalista MTB 2358-ES","sameAs":["https:\/\/jornalfatosenoticias.com.br"],"url":"https:\/\/jornalfatosenoticias.com.br\/index.php\/author\/luzimara\/"}]}},"cc_featured_image_caption":{"caption_text":"(Foto: Marcello Casal Jr\/Ag\u00eancia Brasil)","source_text":"","source_url":""},"jetpack_featured_media_url":"https:\/\/jornalfatosenoticias.com.br\/wp-content\/uploads\/2020\/03\/energia.jpg","_links":{"self":[{"href":"https:\/\/jornalfatosenoticias.com.br\/index.php\/wp-json\/wp\/v2\/posts\/2412","targetHints":{"allow":["GET"]}}],"collection":[{"href":"https:\/\/jornalfatosenoticias.com.br\/index.php\/wp-json\/wp\/v2\/posts"}],"about":[{"href":"https:\/\/jornalfatosenoticias.com.br\/index.php\/wp-json\/wp\/v2\/types\/post"}],"author":[{"embeddable":true,"href":"https:\/\/jornalfatosenoticias.com.br\/index.php\/wp-json\/wp\/v2\/users\/2"}],"replies":[{"embeddable":true,"href":"https:\/\/jornalfatosenoticias.com.br\/index.php\/wp-json\/wp\/v2\/comments?post=2412"}],"version-history":[{"count":0,"href":"https:\/\/jornalfatosenoticias.com.br\/index.php\/wp-json\/wp\/v2\/posts\/2412\/revisions"}],"wp:featuredmedia":[{"embeddable":true,"href":"https:\/\/jornalfatosenoticias.com.br\/index.php\/wp-json\/wp\/v2\/media\/2413"}],"wp:attachment":[{"href":"https:\/\/jornalfatosenoticias.com.br\/index.php\/wp-json\/wp\/v2\/media?parent=2412"}],"wp:term":[{"taxonomy":"category","embeddable":true,"href":"https:\/\/jornalfatosenoticias.com.br\/index.php\/wp-json\/wp\/v2\/categories?post=2412"},{"taxonomy":"post_tag","embeddable":true,"href":"https:\/\/jornalfatosenoticias.com.br\/index.php\/wp-json\/wp\/v2\/tags?post=2412"}],"curies":[{"name":"wp","href":"https:\/\/api.w.org\/{rel}","templated":true}]}}