{"id":24162,"date":"2021-10-20T14:15:03","date_gmt":"2021-10-20T17:15:03","guid":{"rendered":"https:\/\/jornalfatosenoticias.com.br\/?p=24162"},"modified":"2021-10-20T14:15:07","modified_gmt":"2021-10-20T17:15:07","slug":"criancas-yanomami-sao-sugadas-por-draga-do-garimpo-ilegal","status":"publish","type":"post","link":"https:\/\/jornalfatosenoticias.com.br\/index.php\/2021\/10\/20\/criancas-yanomami-sao-sugadas-por-draga-do-garimpo-ilegal\/","title":{"rendered":"Crian\u00e7as Yanomami s\u00e3o sugadas por draga do garimpo ilegal"},"content":{"rendered":"\n<p><em><span class=\"has-inline-color has-black-color\">Dois meninos, de cinco e sete anos, morreram quando nadavam \u00e0s margens da comunidade Makuxi Yano \u2014 associa\u00e7\u00e3o exige retirada de invasores da Terra Ind\u00edgena<\/span><\/em><\/p>\n\n\n\n<p>A Hutukara Associa\u00e7\u00e3o Yanomami <a href=\"https:\/\/www.socioambiental.org\/sites\/blog.socioambiental.org\/files\/nsa\/arquivos\/nota_hutukara_criancas_garimpo.pdf\" target=\"_blank\" rel=\"noreferrer noopener\">denunciou em carta<\/a> na \u00faltima quarta-feira (13) a morte de duas crian\u00e7as na comunidade Makuxi Yano, regi\u00e3o do Parima, Terra Ind\u00edgena Yanomami. De acordo com relatos de lideran\u00e7as locais colhidos pela organiza\u00e7\u00e3o, dois meninos \u2014 de cinco e sete anos \u2014 se afogaram no rio que banha a comunidade no final da tarde do dia 12, v\u00edtimas das a\u00e7\u00f5es do garimpo ilegal.<br>As crian\u00e7as foram sugadas e cuspidas por uma draga para o meio do rio, que tem fortes correntezas. Uma das crian\u00e7as, de cinco anos, foi localizada sem vida no final da manh\u00e3 de quarta pela pr\u00f3pria comunidade. A outra segue desaparecida.<br>O Conselho de Sa\u00fade Ind\u00edgena Yanomami e Ye\u2019kwana (Condisi-Y) acionou a Funda\u00e7\u00e3o Nacional do \u00cdndio (Funai) e o Corpo de Bombeiros de Roraima, que se deslocou na tarde da quarta-feira \u00e0 regi\u00e3o para auxiliar nas buscas.<\/p>\n\n\n\n<blockquote class=\"wp-block-quote is-layout-flow wp-block-quote-is-layout-flow\"><p><span class=\"has-inline-color has-luminous-vivid-orange-color\">\u201cA morte das duas crian\u00e7as Yanomami \u00e9 mais um triste resultado da presen\u00e7a do garimpo ilegal na Terra Ind\u00edgena Yanomami, que segue invadida por mais de 20 mil garimpeiros\u201d, disse a Hutukara Associa\u00e7\u00e3o Yanomami<\/span><\/p><\/blockquote>\n\n\n\n<figure class=\"wp-block-image size-large is-style-default\"><img loading=\"lazy\" decoding=\"async\" width=\"1000\" height=\"667\" src=\"https:\/\/jornalfatosenoticias.com.br\/wp-content\/uploads\/2021\/10\/garimpo-no-rio-Parima-divulgacao.jpg\" alt=\"\" class=\"wp-image-24163\" srcset=\"https:\/\/jornalfatosenoticias.com.br\/wp-content\/uploads\/2021\/10\/garimpo-no-rio-Parima-divulgacao.jpg 1000w, https:\/\/jornalfatosenoticias.com.br\/wp-content\/uploads\/2021\/10\/garimpo-no-rio-Parima-divulgacao-300x200.jpg 300w, https:\/\/jornalfatosenoticias.com.br\/wp-content\/uploads\/2021\/10\/garimpo-no-rio-Parima-divulgacao-768x512.jpg 768w\" sizes=\"auto, (max-width: 1000px) 100vw, 1000px\" \/><figcaption><em><span class=\"has-inline-color has-black-color\">Impacto do garimpo no rio Parima, TI Yanomami, em imagem de dezembro de 2020 (Foto: Divulga\u00e7\u00e3o)<\/span><\/em><\/figcaption><\/figure>\n\n\n\n<p><strong><span class=\"has-inline-color has-black-color\">Explos\u00e3o de garimpo<br><\/span><\/strong>Conforme ressalta a associa\u00e7\u00e3o, at\u00e9 setembro de 2021, a \u00e1rea acumulada de floresta destru\u00edda pelo garimpo ilegal na Terra Ind\u00edgena Yanomami superou a marca de tr\u00eas mil hectares \u2014 um aumento de 44% em rela\u00e7\u00e3o a dezembro de 2020.<br>Somente na regi\u00e3o do Parima, onde est\u00e1 localizada a comunidade de Macuxi Yano \u2014 uma das mais afetadas pela atividade ilegal \u2014 118,96 hectares de floresta foram degradados, um salto de 53% sobre dezembro de 2020.<br>Al\u00e9m do aprofundamento da destrui\u00e7\u00e3o nas regi\u00f5es j\u00e1 altamente impactadas, como Waik\u00e1s, Araca\u00e7\u00e1, e Kayanau, o garimpo avan\u00e7a sobre novas regi\u00f5es, como em Xitei, onde a atividade teve um aumento de 1000% entre dezembro e setembro de 2021, destacou a nota.<\/p>\n\n\n\n<p><strong><span class=\"has-inline-color has-black-color\">Como ajudar?<br><\/span><\/strong>Para apoiar a luta pelos direitos, <a href=\"https:\/\/filiacao.socioambiental.org\/\" target=\"_blank\" rel=\"noreferrer noopener\">voc\u00ea pode contribuir com o ISA<\/a> que h\u00e1 d\u00e9cadas trabalha com a\u00e7\u00f5es de comunica\u00e7\u00e3o, articula\u00e7\u00e3o e mobiliza\u00e7\u00e3o pol\u00edtica na defesa dos direitos dos povos ind\u00edgenas e das popula\u00e7\u00f5es tradicionais. Os recursos ser\u00e3o direcionados para o Fundo de Defesa dos Direitos dos Povos, al\u00e9m de iniciativas para ades\u00e3o de novos apoiadores.<\/p>\n\n\n\n<p><strong><em>Fonte: <a href=\"https:\/\/ciclovivo.com.br\/planeta\/desenvolvimento\/criancas-yanomami-sao-sugadas-por-draga-do-garimpo-ilegal\/\">CicloVivo<\/a><\/em><\/strong><\/p>\n","protected":false},"excerpt":{"rendered":"<p>Dois meninos, de cinco e sete anos, morreram quando nadavam \u00e0s margens da comunidade Makuxi Yano \u2014 associa\u00e7\u00e3o exige retirada de invasores da Terra Ind\u00edgena A Hutukara Associa\u00e7\u00e3o Yanomami denunciou em carta na \u00faltima quarta-feira (13) a morte de duas crian\u00e7as na comunidade Makuxi Yano, regi\u00e3o do Parima, Terra Ind\u00edgena Yanomami. De acordo com relatos [&hellip;]<\/p>\n","protected":false},"author":2,"featured_media":24164,"comment_status":"open","ping_status":"open","sticky":false,"template":"","format":"standard","meta":{"footnotes":""},"categories":[5],"tags":[11670,11671,3701,75,11672],"class_list":["post-24162","post","type-post","status-publish","format-standard","has-post-thumbnail","hentry","category-geral","tag-criancas-yanomami","tag-garimpo","tag-garimpo-ilegal","tag-mortes","tag-terra-indigena-yanomami"],"yoast_head":"<!-- This site is optimized with the Yoast SEO plugin v26.5 - https:\/\/yoast.com\/wordpress\/plugins\/seo\/ -->\n<title>Crian\u00e7as Yanomami s\u00e3o sugadas por draga do garimpo ilegal - Jornal Fatos e Not\u00edcias<\/title>\n<meta name=\"robots\" content=\"index, follow, max-snippet:-1, max-image-preview:large, max-video-preview:-1\" \/>\n<link rel=\"canonical\" href=\"https:\/\/jornalfatosenoticias.com.br\/index.php\/2021\/10\/20\/criancas-yanomami-sao-sugadas-por-draga-do-garimpo-ilegal\/\" \/>\n<meta property=\"og:locale\" content=\"pt_BR\" \/>\n<meta property=\"og:type\" content=\"article\" \/>\n<meta property=\"og:title\" content=\"Crian\u00e7as Yanomami s\u00e3o sugadas por draga do garimpo ilegal - Jornal Fatos e Not\u00edcias\" \/>\n<meta property=\"og:description\" content=\"Dois meninos, de cinco e sete anos, morreram quando nadavam \u00e0s margens da comunidade Makuxi Yano \u2014 associa\u00e7\u00e3o exige retirada de invasores da Terra Ind\u00edgena A Hutukara Associa\u00e7\u00e3o Yanomami denunciou em carta na \u00faltima quarta-feira (13) a morte de duas crian\u00e7as na comunidade Makuxi Yano, regi\u00e3o do Parima, Terra Ind\u00edgena Yanomami. De acordo com relatos [&hellip;]\" \/>\n<meta property=\"og:url\" content=\"https:\/\/jornalfatosenoticias.com.br\/index.php\/2021\/10\/20\/criancas-yanomami-sao-sugadas-por-draga-do-garimpo-ilegal\/\" \/>\n<meta property=\"og:site_name\" content=\"Jornal Fatos e Not\u00edcias\" \/>\n<meta property=\"article:published_time\" content=\"2021-10-20T17:15:03+00:00\" \/>\n<meta property=\"article:modified_time\" content=\"2021-10-20T17:15:07+00:00\" \/>\n<meta property=\"og:image\" content=\"https:\/\/jornalfatosenoticias.com.br\/wp-content\/uploads\/2021\/10\/criancas-yanomami-nadam-foto-edson-sato.jpg\" \/>\n\t<meta property=\"og:image:width\" content=\"1000\" \/>\n\t<meta property=\"og:image:height\" content=\"625\" \/>\n\t<meta property=\"og:image:type\" content=\"image\/jpeg\" \/>\n<meta name=\"author\" content=\"Luzimara Fernandes\" \/>\n<meta name=\"twitter:card\" content=\"summary_large_image\" \/>\n<meta name=\"twitter:label1\" content=\"Escrito por\" \/>\n\t<meta name=\"twitter:data1\" content=\"Luzimara Fernandes\" \/>\n\t<meta name=\"twitter:label2\" content=\"Est. tempo de leitura\" \/>\n\t<meta name=\"twitter:data2\" content=\"2 minutos\" \/>\n<script type=\"application\/ld+json\" class=\"yoast-schema-graph\">{\"@context\":\"https:\/\/schema.org\",\"@graph\":[{\"@type\":\"Article\",\"@id\":\"https:\/\/jornalfatosenoticias.com.br\/index.php\/2021\/10\/20\/criancas-yanomami-sao-sugadas-por-draga-do-garimpo-ilegal\/#article\",\"isPartOf\":{\"@id\":\"https:\/\/jornalfatosenoticias.com.br\/index.php\/2021\/10\/20\/criancas-yanomami-sao-sugadas-por-draga-do-garimpo-ilegal\/\"},\"author\":{\"name\":\"Luzimara Fernandes\",\"@id\":\"https:\/\/jornalfatosenoticias.com.br\/#\/schema\/person\/d63837fa13ac8666eb9e74e0985d6f81\"},\"headline\":\"Crian\u00e7as Yanomami s\u00e3o sugadas por draga do garimpo ilegal\",\"datePublished\":\"2021-10-20T17:15:03+00:00\",\"dateModified\":\"2021-10-20T17:15:07+00:00\",\"mainEntityOfPage\":{\"@id\":\"https:\/\/jornalfatosenoticias.com.br\/index.php\/2021\/10\/20\/criancas-yanomami-sao-sugadas-por-draga-do-garimpo-ilegal\/\"},\"wordCount\":435,\"commentCount\":0,\"publisher\":{\"@id\":\"https:\/\/jornalfatosenoticias.com.br\/#organization\"},\"image\":{\"@id\":\"https:\/\/jornalfatosenoticias.com.br\/index.php\/2021\/10\/20\/criancas-yanomami-sao-sugadas-por-draga-do-garimpo-ilegal\/#primaryimage\"},\"thumbnailUrl\":\"https:\/\/jornalfatosenoticias.com.br\/wp-content\/uploads\/2021\/10\/criancas-yanomami-nadam-foto-edson-sato.jpg\",\"keywords\":[\"crian\u00e7as Yanomami\",\"garimpo\",\"garimpo ilegal\",\"mortes\",\"Terra Ind\u00edgena Yanomami\"],\"articleSection\":[\"Geral\"],\"inLanguage\":\"pt-BR\",\"potentialAction\":[{\"@type\":\"CommentAction\",\"name\":\"Comment\",\"target\":[\"https:\/\/jornalfatosenoticias.com.br\/index.php\/2021\/10\/20\/criancas-yanomami-sao-sugadas-por-draga-do-garimpo-ilegal\/#respond\"]}]},{\"@type\":\"WebPage\",\"@id\":\"https:\/\/jornalfatosenoticias.com.br\/index.php\/2021\/10\/20\/criancas-yanomami-sao-sugadas-por-draga-do-garimpo-ilegal\/\",\"url\":\"https:\/\/jornalfatosenoticias.com.br\/index.php\/2021\/10\/20\/criancas-yanomami-sao-sugadas-por-draga-do-garimpo-ilegal\/\",\"name\":\"Crian\u00e7as Yanomami s\u00e3o sugadas por draga do garimpo ilegal - Jornal Fatos e Not\u00edcias\",\"isPartOf\":{\"@id\":\"https:\/\/jornalfatosenoticias.com.br\/#website\"},\"primaryImageOfPage\":{\"@id\":\"https:\/\/jornalfatosenoticias.com.br\/index.php\/2021\/10\/20\/criancas-yanomami-sao-sugadas-por-draga-do-garimpo-ilegal\/#primaryimage\"},\"image\":{\"@id\":\"https:\/\/jornalfatosenoticias.com.br\/index.php\/2021\/10\/20\/criancas-yanomami-sao-sugadas-por-draga-do-garimpo-ilegal\/#primaryimage\"},\"thumbnailUrl\":\"https:\/\/jornalfatosenoticias.com.br\/wp-content\/uploads\/2021\/10\/criancas-yanomami-nadam-foto-edson-sato.jpg\",\"datePublished\":\"2021-10-20T17:15:03+00:00\",\"dateModified\":\"2021-10-20T17:15:07+00:00\",\"breadcrumb\":{\"@id\":\"https:\/\/jornalfatosenoticias.com.br\/index.php\/2021\/10\/20\/criancas-yanomami-sao-sugadas-por-draga-do-garimpo-ilegal\/#breadcrumb\"},\"inLanguage\":\"pt-BR\",\"potentialAction\":[{\"@type\":\"ReadAction\",\"target\":[\"https:\/\/jornalfatosenoticias.com.br\/index.php\/2021\/10\/20\/criancas-yanomami-sao-sugadas-por-draga-do-garimpo-ilegal\/\"]}]},{\"@type\":\"ImageObject\",\"inLanguage\":\"pt-BR\",\"@id\":\"https:\/\/jornalfatosenoticias.com.br\/index.php\/2021\/10\/20\/criancas-yanomami-sao-sugadas-por-draga-do-garimpo-ilegal\/#primaryimage\",\"url\":\"https:\/\/jornalfatosenoticias.com.br\/wp-content\/uploads\/2021\/10\/criancas-yanomami-nadam-foto-edson-sato.jpg\",\"contentUrl\":\"https:\/\/jornalfatosenoticias.com.br\/wp-content\/uploads\/2021\/10\/criancas-yanomami-nadam-foto-edson-sato.jpg\",\"width\":1000,\"height\":625},{\"@type\":\"BreadcrumbList\",\"@id\":\"https:\/\/jornalfatosenoticias.com.br\/index.php\/2021\/10\/20\/criancas-yanomami-sao-sugadas-por-draga-do-garimpo-ilegal\/#breadcrumb\",\"itemListElement\":[{\"@type\":\"ListItem\",\"position\":1,\"name\":\"In\u00edcio\",\"item\":\"https:\/\/jornalfatosenoticias.com.br\/\"},{\"@type\":\"ListItem\",\"position\":2,\"name\":\"Crian\u00e7as Yanomami s\u00e3o sugadas por draga do garimpo ilegal\"}]},{\"@type\":\"WebSite\",\"@id\":\"https:\/\/jornalfatosenoticias.com.br\/#website\",\"url\":\"https:\/\/jornalfatosenoticias.com.br\/\",\"name\":\"Jornal Fatos e Not\u00edcias\",\"description\":\"Not\u00edcias em geral\",\"publisher\":{\"@id\":\"https:\/\/jornalfatosenoticias.com.br\/#organization\"},\"potentialAction\":[{\"@type\":\"SearchAction\",\"target\":{\"@type\":\"EntryPoint\",\"urlTemplate\":\"https:\/\/jornalfatosenoticias.com.br\/?s={search_term_string}\"},\"query-input\":{\"@type\":\"PropertyValueSpecification\",\"valueRequired\":true,\"valueName\":\"search_term_string\"}}],\"inLanguage\":\"pt-BR\"},{\"@type\":\"Organization\",\"@id\":\"https:\/\/jornalfatosenoticias.com.br\/#organization\",\"name\":\"Jornal Fatos e Not\u00edcias\",\"url\":\"https:\/\/jornalfatosenoticias.com.br\/\",\"logo\":{\"@type\":\"ImageObject\",\"inLanguage\":\"pt-BR\",\"@id\":\"https:\/\/jornalfatosenoticias.com.br\/#\/schema\/logo\/image\/\",\"url\":\"https:\/\/jornalfatosenoticias.com.br\/wp-content\/uploads\/2020\/02\/logo120.png\",\"contentUrl\":\"https:\/\/jornalfatosenoticias.com.br\/wp-content\/uploads\/2020\/02\/logo120.png\",\"width\":1227,\"height\":120,\"caption\":\"Jornal Fatos e Not\u00edcias\"},\"image\":{\"@id\":\"https:\/\/jornalfatosenoticias.com.br\/#\/schema\/logo\/image\/\"}},{\"@type\":\"Person\",\"@id\":\"https:\/\/jornalfatosenoticias.com.br\/#\/schema\/person\/d63837fa13ac8666eb9e74e0985d6f81\",\"name\":\"Luzimara Fernandes\",\"image\":{\"@type\":\"ImageObject\",\"inLanguage\":\"pt-BR\",\"@id\":\"https:\/\/jornalfatosenoticias.com.br\/#\/schema\/person\/image\/\",\"url\":\"https:\/\/jornalfatosenoticias.com.br\/wp-content\/uploads\/2025\/05\/EU_portal.jpg\",\"contentUrl\":\"https:\/\/jornalfatosenoticias.com.br\/wp-content\/uploads\/2025\/05\/EU_portal.jpg\",\"caption\":\"Luzimara Fernandes\"},\"description\":\"Jornalista MTB 2358-ES\",\"sameAs\":[\"https:\/\/jornalfatosenoticias.com.br\"],\"url\":\"https:\/\/jornalfatosenoticias.com.br\/index.php\/author\/luzimara\/\"}]}<\/script>\n<!-- \/ Yoast SEO plugin. -->","yoast_head_json":{"title":"Crian\u00e7as Yanomami s\u00e3o sugadas por draga do garimpo ilegal - Jornal Fatos e Not\u00edcias","robots":{"index":"index","follow":"follow","max-snippet":"max-snippet:-1","max-image-preview":"max-image-preview:large","max-video-preview":"max-video-preview:-1"},"canonical":"https:\/\/jornalfatosenoticias.com.br\/index.php\/2021\/10\/20\/criancas-yanomami-sao-sugadas-por-draga-do-garimpo-ilegal\/","og_locale":"pt_BR","og_type":"article","og_title":"Crian\u00e7as Yanomami s\u00e3o sugadas por draga do garimpo ilegal - Jornal Fatos e Not\u00edcias","og_description":"Dois meninos, de cinco e sete anos, morreram quando nadavam \u00e0s margens da comunidade Makuxi Yano \u2014 associa\u00e7\u00e3o exige retirada de invasores da Terra Ind\u00edgena A Hutukara Associa\u00e7\u00e3o Yanomami denunciou em carta na \u00faltima quarta-feira (13) a morte de duas crian\u00e7as na comunidade Makuxi Yano, regi\u00e3o do Parima, Terra Ind\u00edgena Yanomami. De acordo com relatos [&hellip;]","og_url":"https:\/\/jornalfatosenoticias.com.br\/index.php\/2021\/10\/20\/criancas-yanomami-sao-sugadas-por-draga-do-garimpo-ilegal\/","og_site_name":"Jornal Fatos e Not\u00edcias","article_published_time":"2021-10-20T17:15:03+00:00","article_modified_time":"2021-10-20T17:15:07+00:00","og_image":[{"width":1000,"height":625,"url":"https:\/\/jornalfatosenoticias.com.br\/wp-content\/uploads\/2021\/10\/criancas-yanomami-nadam-foto-edson-sato.jpg","type":"image\/jpeg"}],"author":"Luzimara Fernandes","twitter_card":"summary_large_image","twitter_misc":{"Escrito por":"Luzimara Fernandes","Est. tempo de leitura":"2 minutos"},"schema":{"@context":"https:\/\/schema.org","@graph":[{"@type":"Article","@id":"https:\/\/jornalfatosenoticias.com.br\/index.php\/2021\/10\/20\/criancas-yanomami-sao-sugadas-por-draga-do-garimpo-ilegal\/#article","isPartOf":{"@id":"https:\/\/jornalfatosenoticias.com.br\/index.php\/2021\/10\/20\/criancas-yanomami-sao-sugadas-por-draga-do-garimpo-ilegal\/"},"author":{"name":"Luzimara Fernandes","@id":"https:\/\/jornalfatosenoticias.com.br\/#\/schema\/person\/d63837fa13ac8666eb9e74e0985d6f81"},"headline":"Crian\u00e7as Yanomami s\u00e3o sugadas por draga do garimpo ilegal","datePublished":"2021-10-20T17:15:03+00:00","dateModified":"2021-10-20T17:15:07+00:00","mainEntityOfPage":{"@id":"https:\/\/jornalfatosenoticias.com.br\/index.php\/2021\/10\/20\/criancas-yanomami-sao-sugadas-por-draga-do-garimpo-ilegal\/"},"wordCount":435,"commentCount":0,"publisher":{"@id":"https:\/\/jornalfatosenoticias.com.br\/#organization"},"image":{"@id":"https:\/\/jornalfatosenoticias.com.br\/index.php\/2021\/10\/20\/criancas-yanomami-sao-sugadas-por-draga-do-garimpo-ilegal\/#primaryimage"},"thumbnailUrl":"https:\/\/jornalfatosenoticias.com.br\/wp-content\/uploads\/2021\/10\/criancas-yanomami-nadam-foto-edson-sato.jpg","keywords":["crian\u00e7as Yanomami","garimpo","garimpo ilegal","mortes","Terra Ind\u00edgena Yanomami"],"articleSection":["Geral"],"inLanguage":"pt-BR","potentialAction":[{"@type":"CommentAction","name":"Comment","target":["https:\/\/jornalfatosenoticias.com.br\/index.php\/2021\/10\/20\/criancas-yanomami-sao-sugadas-por-draga-do-garimpo-ilegal\/#respond"]}]},{"@type":"WebPage","@id":"https:\/\/jornalfatosenoticias.com.br\/index.php\/2021\/10\/20\/criancas-yanomami-sao-sugadas-por-draga-do-garimpo-ilegal\/","url":"https:\/\/jornalfatosenoticias.com.br\/index.php\/2021\/10\/20\/criancas-yanomami-sao-sugadas-por-draga-do-garimpo-ilegal\/","name":"Crian\u00e7as Yanomami s\u00e3o sugadas por draga do garimpo ilegal - Jornal Fatos e Not\u00edcias","isPartOf":{"@id":"https:\/\/jornalfatosenoticias.com.br\/#website"},"primaryImageOfPage":{"@id":"https:\/\/jornalfatosenoticias.com.br\/index.php\/2021\/10\/20\/criancas-yanomami-sao-sugadas-por-draga-do-garimpo-ilegal\/#primaryimage"},"image":{"@id":"https:\/\/jornalfatosenoticias.com.br\/index.php\/2021\/10\/20\/criancas-yanomami-sao-sugadas-por-draga-do-garimpo-ilegal\/#primaryimage"},"thumbnailUrl":"https:\/\/jornalfatosenoticias.com.br\/wp-content\/uploads\/2021\/10\/criancas-yanomami-nadam-foto-edson-sato.jpg","datePublished":"2021-10-20T17:15:03+00:00","dateModified":"2021-10-20T17:15:07+00:00","breadcrumb":{"@id":"https:\/\/jornalfatosenoticias.com.br\/index.php\/2021\/10\/20\/criancas-yanomami-sao-sugadas-por-draga-do-garimpo-ilegal\/#breadcrumb"},"inLanguage":"pt-BR","potentialAction":[{"@type":"ReadAction","target":["https:\/\/jornalfatosenoticias.com.br\/index.php\/2021\/10\/20\/criancas-yanomami-sao-sugadas-por-draga-do-garimpo-ilegal\/"]}]},{"@type":"ImageObject","inLanguage":"pt-BR","@id":"https:\/\/jornalfatosenoticias.com.br\/index.php\/2021\/10\/20\/criancas-yanomami-sao-sugadas-por-draga-do-garimpo-ilegal\/#primaryimage","url":"https:\/\/jornalfatosenoticias.com.br\/wp-content\/uploads\/2021\/10\/criancas-yanomami-nadam-foto-edson-sato.jpg","contentUrl":"https:\/\/jornalfatosenoticias.com.br\/wp-content\/uploads\/2021\/10\/criancas-yanomami-nadam-foto-edson-sato.jpg","width":1000,"height":625},{"@type":"BreadcrumbList","@id":"https:\/\/jornalfatosenoticias.com.br\/index.php\/2021\/10\/20\/criancas-yanomami-sao-sugadas-por-draga-do-garimpo-ilegal\/#breadcrumb","itemListElement":[{"@type":"ListItem","position":1,"name":"In\u00edcio","item":"https:\/\/jornalfatosenoticias.com.br\/"},{"@type":"ListItem","position":2,"name":"Crian\u00e7as Yanomami s\u00e3o sugadas por draga do garimpo ilegal"}]},{"@type":"WebSite","@id":"https:\/\/jornalfatosenoticias.com.br\/#website","url":"https:\/\/jornalfatosenoticias.com.br\/","name":"Jornal Fatos e Not\u00edcias","description":"Not\u00edcias em geral","publisher":{"@id":"https:\/\/jornalfatosenoticias.com.br\/#organization"},"potentialAction":[{"@type":"SearchAction","target":{"@type":"EntryPoint","urlTemplate":"https:\/\/jornalfatosenoticias.com.br\/?s={search_term_string}"},"query-input":{"@type":"PropertyValueSpecification","valueRequired":true,"valueName":"search_term_string"}}],"inLanguage":"pt-BR"},{"@type":"Organization","@id":"https:\/\/jornalfatosenoticias.com.br\/#organization","name":"Jornal Fatos e Not\u00edcias","url":"https:\/\/jornalfatosenoticias.com.br\/","logo":{"@type":"ImageObject","inLanguage":"pt-BR","@id":"https:\/\/jornalfatosenoticias.com.br\/#\/schema\/logo\/image\/","url":"https:\/\/jornalfatosenoticias.com.br\/wp-content\/uploads\/2020\/02\/logo120.png","contentUrl":"https:\/\/jornalfatosenoticias.com.br\/wp-content\/uploads\/2020\/02\/logo120.png","width":1227,"height":120,"caption":"Jornal Fatos e Not\u00edcias"},"image":{"@id":"https:\/\/jornalfatosenoticias.com.br\/#\/schema\/logo\/image\/"}},{"@type":"Person","@id":"https:\/\/jornalfatosenoticias.com.br\/#\/schema\/person\/d63837fa13ac8666eb9e74e0985d6f81","name":"Luzimara Fernandes","image":{"@type":"ImageObject","inLanguage":"pt-BR","@id":"https:\/\/jornalfatosenoticias.com.br\/#\/schema\/person\/image\/","url":"https:\/\/jornalfatosenoticias.com.br\/wp-content\/uploads\/2025\/05\/EU_portal.jpg","contentUrl":"https:\/\/jornalfatosenoticias.com.br\/wp-content\/uploads\/2025\/05\/EU_portal.jpg","caption":"Luzimara Fernandes"},"description":"Jornalista MTB 2358-ES","sameAs":["https:\/\/jornalfatosenoticias.com.br"],"url":"https:\/\/jornalfatosenoticias.com.br\/index.php\/author\/luzimara\/"}]}},"cc_featured_image_caption":{"caption_text":"(Foto: Edson Sato)","source_text":"","source_url":""},"jetpack_featured_media_url":"https:\/\/jornalfatosenoticias.com.br\/wp-content\/uploads\/2021\/10\/criancas-yanomami-nadam-foto-edson-sato.jpg","_links":{"self":[{"href":"https:\/\/jornalfatosenoticias.com.br\/index.php\/wp-json\/wp\/v2\/posts\/24162","targetHints":{"allow":["GET"]}}],"collection":[{"href":"https:\/\/jornalfatosenoticias.com.br\/index.php\/wp-json\/wp\/v2\/posts"}],"about":[{"href":"https:\/\/jornalfatosenoticias.com.br\/index.php\/wp-json\/wp\/v2\/types\/post"}],"author":[{"embeddable":true,"href":"https:\/\/jornalfatosenoticias.com.br\/index.php\/wp-json\/wp\/v2\/users\/2"}],"replies":[{"embeddable":true,"href":"https:\/\/jornalfatosenoticias.com.br\/index.php\/wp-json\/wp\/v2\/comments?post=24162"}],"version-history":[{"count":0,"href":"https:\/\/jornalfatosenoticias.com.br\/index.php\/wp-json\/wp\/v2\/posts\/24162\/revisions"}],"wp:featuredmedia":[{"embeddable":true,"href":"https:\/\/jornalfatosenoticias.com.br\/index.php\/wp-json\/wp\/v2\/media\/24164"}],"wp:attachment":[{"href":"https:\/\/jornalfatosenoticias.com.br\/index.php\/wp-json\/wp\/v2\/media?parent=24162"}],"wp:term":[{"taxonomy":"category","embeddable":true,"href":"https:\/\/jornalfatosenoticias.com.br\/index.php\/wp-json\/wp\/v2\/categories?post=24162"},{"taxonomy":"post_tag","embeddable":true,"href":"https:\/\/jornalfatosenoticias.com.br\/index.php\/wp-json\/wp\/v2\/tags?post=24162"}],"curies":[{"name":"wp","href":"https:\/\/api.w.org\/{rel}","templated":true}]}}