{"id":24166,"date":"2021-10-20T14:27:51","date_gmt":"2021-10-20T17:27:51","guid":{"rendered":"https:\/\/jornalfatosenoticias.com.br\/?p=24166"},"modified":"2021-10-20T14:27:56","modified_gmt":"2021-10-20T17:27:56","slug":"vanmoof-v-uma-e-bike-super-rapida-que-vai-a-50km-h","status":"publish","type":"post","link":"https:\/\/jornalfatosenoticias.com.br\/index.php\/2021\/10\/20\/vanmoof-v-uma-e-bike-super-rapida-que-vai-a-50km-h\/","title":{"rendered":"VanMoof V, uma e-bike super-r\u00e1pida que vai a 50km\/h"},"content":{"rendered":"\n<p>A empresa de bicicletas el\u00e9tricas <a href=\"https:\/\/olhardigital.com.br\/tag\/holanda\/\" target=\"_blank\" rel=\"noreferrer noopener\">holandesa<\/a> VanMoof anunciou hoje a VanMoof V, uma e-bike que promete alcan\u00e7ar uma velocidade m\u00e1xima de at\u00e9 50 km\/h. Trazendo recursos como configura\u00e7\u00e3o de motor duplo com tra\u00e7\u00e3o nas duas rodas, a bicicleta \u00e9 projetada para uso em longos trajetos dentro das cidades, de modo que o ciclista se sinta como parte do tr\u00e1fego urbano.<br>A e-bike contar\u00e1 com suspens\u00e3o dianteira e traseira, al\u00e9m de pneus <a href=\"https:\/\/olhardigital.com.br\/2021\/10\/14\/carros-e-tecnologia\/e-bike-airover-promete-ser-sustentavel-e-servir-mesmo-para-idosos-e-pessoas-com-dificuldade-motora\/\" target=\"_blank\" rel=\"noreferrer noopener\">grossos<\/a> para uma condu\u00e7\u00e3o mais suave, segundo a empresa, independentemente da velocidade ou dist\u00e2ncia. Como tecnologias pr\u00f3prias da VanMoof inseridas na bicicleta, temos uma acelera\u00e7\u00e3o extra chamada Turbo Boost e um travamento sem chave Kick Lock.<\/p>\n\n\n\n<figure class=\"wp-block-image size-large is-style-default\"><img loading=\"lazy\" decoding=\"async\" width=\"1000\" height=\"683\" src=\"https:\/\/jornalfatosenoticias.com.br\/wp-content\/uploads\/2021\/10\/e-bike_2.jpg\" alt=\"\" class=\"wp-image-24167\" srcset=\"https:\/\/jornalfatosenoticias.com.br\/wp-content\/uploads\/2021\/10\/e-bike_2.jpg 1000w, https:\/\/jornalfatosenoticias.com.br\/wp-content\/uploads\/2021\/10\/e-bike_2-300x205.jpg 300w, https:\/\/jornalfatosenoticias.com.br\/wp-content\/uploads\/2021\/10\/e-bike_2-768x525.jpg 768w\" sizes=\"auto, (max-width: 1000px) 100vw, 1000px\" \/><figcaption><em><span class=\"has-inline-color has-black-color\">Prevista para 2022, motor duplo pode fornecer at\u00e9 1kW de pot\u00eancia (Foto: Divulga\u00e7\u00e3o\/VanMoof)<\/span><\/em><\/figcaption><\/figure>\n\n\n\n<p>A acelera\u00e7\u00e3o proporcionada pelos motores da e-bike ser\u00e1 acompanhada por um <a href=\"https:\/\/olhardigital.com.br\/2021\/10\/11\/carros-e-tecnologia\/assista-carrinho-de-mao-se-transforma-em-acessorio-para-e-bike\/\" target=\"_blank\" rel=\"noreferrer noopener\">controle<\/a> adapt\u00e1vel desenvolvido pela empresa holandesa, capaz de responder \u00e0s condi\u00e7\u00f5es de pilotagem com troca autom\u00e1tica de marchas. Ao todo, a configura\u00e7\u00e3o de motor duplo pretende fornecer at\u00e9 1kW, j\u00e1 a bateria da bicicleta dever\u00e1 fornecer 700Wh internos.<br>O modelo ainda est\u00e1 em fase de conceito. Por ora, o estilo da e-bike est\u00e1 representado em ilustra\u00e7\u00f5es, que trazem um design futurista e estrutura em liga de alum\u00ednio.<br>A VanMoof V ser\u00e1 desenvolvida ao longo do ano que vem, tendo seu lan\u00e7amento programado para o final de 2022.<\/p>\n\n\n\n<h4 class=\"wp-block-heading\"><span class=\"has-inline-color has-black-color\">Muito r\u00e1pida, por\u00e9m dentro da lei<\/span><\/h4>\n\n\n\n<figure class=\"wp-block-image size-large is-style-default\"><img loading=\"lazy\" decoding=\"async\" width=\"1000\" height=\"618\" src=\"https:\/\/jornalfatosenoticias.com.br\/wp-content\/uploads\/2021\/10\/e-bike_3.jpg\" alt=\"\" class=\"wp-image-24168\" srcset=\"https:\/\/jornalfatosenoticias.com.br\/wp-content\/uploads\/2021\/10\/e-bike_3.jpg 1000w, https:\/\/jornalfatosenoticias.com.br\/wp-content\/uploads\/2021\/10\/e-bike_3-300x185.jpg 300w, https:\/\/jornalfatosenoticias.com.br\/wp-content\/uploads\/2021\/10\/e-bike_3-768x475.jpg 768w\" sizes=\"auto, (max-width: 1000px) 100vw, 1000px\" \/><figcaption><em><span class=\"has-inline-color has-black-color\">Modelo deve se encaixar na lei de ciclomotores do Brasil (Foto: Divulga\u00e7\u00e3o\/VanMoof)<\/span><\/em><\/figcaption><\/figure>\n\n\n\n<p>A VanMoof informa que suas bicicletas super-r\u00e1pidas devem chegar aos ciclistas j\u00e1 configuradas para corresponderem com as regulamenta\u00e7\u00f5es de cada pa\u00eds. Aqui no Brasil, a bike el\u00e9trica provavelmente precisaria de <a href=\"https:\/\/olhardigital.com.br\/2021\/09\/16\/carros-e-tecnologia\/dirigir-veiculos-sem-habilitacao\/\" target=\"_blank\" rel=\"noreferrer noopener\">habilita\u00e7\u00e3o<\/a> para pilotagem, j\u00e1 que alcan\u00e7a velocidade m\u00e1xima de 50km\/h e entraria na lei dos ciclomotores.<br>Entretanto, o mercado para o qual a empresa holandesa pretende disponibilizar a VanMoof V est\u00e1 limitado \u00e0 pr\u00f3pria Holanda, al\u00e9m de Alemanha, Fran\u00e7a, Reino Unido, Estados Unidos e Jap\u00e3o. Os interessados nesses pa\u00edses podem aderir a uma <a href=\"https:\/\/www.vanmoof.com\/en-GB\/vanmoof-v#waitlist-signup\" target=\"_blank\" rel=\"noreferrer noopener\">lista de espera<\/a>, enquanto que as pr\u00e9-reservas j\u00e1 est\u00e3o dispon\u00edveis por 20 Libras (aproximadamente, R$ 154 hoje) para convidados.<br>O pre\u00e7o esperado para a e-bike \u00e9 de 2.998 Libras (algo acima dos R$ 23 mil, desconsiderando diferen\u00e7as de impostos ou taxas). Se em um futuro pr\u00f3ximo a VanMoof trouxer sua nova bicicleta para as ruas brasileiras, esse valor estar\u00e1 na faixa premium.<\/p>\n\n\n\n<figure class=\"wp-block-embed-youtube wp-block-embed is-type-video is-provider-youtube wp-embed-aspect-16-9 wp-has-aspect-ratio\"><div class=\"wp-block-embed__wrapper\">\n<iframe loading=\"lazy\" title=\"Introducing the VanMoof V | VanMoof\" width=\"660\" height=\"371\" src=\"https:\/\/www.youtube.com\/embed\/yQ6JmeMgbrw?feature=oembed\" frameborder=\"0\" allow=\"accelerometer; autoplay; clipboard-write; encrypted-media; gyroscope; picture-in-picture; web-share\" referrerpolicy=\"strict-origin-when-cross-origin\" allowfullscreen><\/iframe>\n<\/div><\/figure>\n\n\n\n<p><strong><em>Fonte: <a href=\"https:\/\/olhardigital.com.br\/2021\/10\/20\/carros-e-tecnologia\/vanmoof-v-uma-e-bike-super-rapida-que-vai-a-50-km-h\/\">Olhar Digital<\/a><\/em><\/strong><\/p>\n","protected":false},"excerpt":{"rendered":"<p>A empresa de bicicletas el\u00e9tricas holandesa VanMoof anunciou hoje a VanMoof V, uma e-bike que promete alcan\u00e7ar uma velocidade m\u00e1xima de at\u00e9 50 km\/h. Trazendo recursos como configura\u00e7\u00e3o de motor duplo com tra\u00e7\u00e3o nas duas rodas, a bicicleta \u00e9 projetada para uso em longos trajetos dentro das cidades, de modo que o ciclista se sinta [&hellip;]<\/p>\n","protected":false},"author":2,"featured_media":24169,"comment_status":"open","ping_status":"open","sticky":false,"template":"","format":"standard","meta":{"footnotes":""},"categories":[9923],"tags":[4739,11673,2346,11674],"class_list":["post-24166","post","type-post","status-publish","format-standard","has-post-thumbnail","hentry","category-mobilidade","tag-bicicleta-eletrica","tag-e-bike","tag-holanda","tag-vanmoof-v"],"yoast_head":"<!-- This site is optimized with the Yoast SEO plugin v26.5 - https:\/\/yoast.com\/wordpress\/plugins\/seo\/ -->\n<title>VanMoof V, uma e-bike super-r\u00e1pida que vai a 50km\/h - Jornal Fatos e Not\u00edcias<\/title>\n<meta name=\"robots\" content=\"index, follow, max-snippet:-1, max-image-preview:large, max-video-preview:-1\" \/>\n<link rel=\"canonical\" href=\"https:\/\/jornalfatosenoticias.com.br\/index.php\/2021\/10\/20\/vanmoof-v-uma-e-bike-super-rapida-que-vai-a-50km-h\/\" \/>\n<meta property=\"og:locale\" content=\"pt_BR\" \/>\n<meta property=\"og:type\" content=\"article\" \/>\n<meta property=\"og:title\" content=\"VanMoof V, uma e-bike super-r\u00e1pida que vai a 50km\/h - Jornal Fatos e Not\u00edcias\" \/>\n<meta property=\"og:description\" content=\"A empresa de bicicletas el\u00e9tricas holandesa VanMoof anunciou hoje a VanMoof V, uma e-bike que promete alcan\u00e7ar uma velocidade m\u00e1xima de at\u00e9 50 km\/h. Trazendo recursos como configura\u00e7\u00e3o de motor duplo com tra\u00e7\u00e3o nas duas rodas, a bicicleta \u00e9 projetada para uso em longos trajetos dentro das cidades, de modo que o ciclista se sinta [&hellip;]\" \/>\n<meta property=\"og:url\" content=\"https:\/\/jornalfatosenoticias.com.br\/index.php\/2021\/10\/20\/vanmoof-v-uma-e-bike-super-rapida-que-vai-a-50km-h\/\" \/>\n<meta property=\"og:site_name\" content=\"Jornal Fatos e Not\u00edcias\" \/>\n<meta property=\"article:published_time\" content=\"2021-10-20T17:27:51+00:00\" \/>\n<meta property=\"article:modified_time\" content=\"2021-10-20T17:27:56+00:00\" \/>\n<meta property=\"og:image\" content=\"https:\/\/jornalfatosenoticias.com.br\/wp-content\/uploads\/2021\/10\/e-bike_capa.jpg\" \/>\n\t<meta property=\"og:image:width\" content=\"1000\" \/>\n\t<meta property=\"og:image:height\" content=\"489\" \/>\n\t<meta property=\"og:image:type\" content=\"image\/jpeg\" \/>\n<meta name=\"author\" content=\"Luzimara Fernandes\" \/>\n<meta name=\"twitter:card\" content=\"summary_large_image\" \/>\n<meta name=\"twitter:label1\" content=\"Escrito por\" \/>\n\t<meta name=\"twitter:data1\" content=\"Luzimara Fernandes\" \/>\n\t<meta name=\"twitter:label2\" content=\"Est. tempo de leitura\" \/>\n\t<meta name=\"twitter:data2\" content=\"2 minutos\" \/>\n<script type=\"application\/ld+json\" class=\"yoast-schema-graph\">{\"@context\":\"https:\/\/schema.org\",\"@graph\":[{\"@type\":\"Article\",\"@id\":\"https:\/\/jornalfatosenoticias.com.br\/index.php\/2021\/10\/20\/vanmoof-v-uma-e-bike-super-rapida-que-vai-a-50km-h\/#article\",\"isPartOf\":{\"@id\":\"https:\/\/jornalfatosenoticias.com.br\/index.php\/2021\/10\/20\/vanmoof-v-uma-e-bike-super-rapida-que-vai-a-50km-h\/\"},\"author\":{\"name\":\"Luzimara Fernandes\",\"@id\":\"https:\/\/jornalfatosenoticias.com.br\/#\/schema\/person\/d63837fa13ac8666eb9e74e0985d6f81\"},\"headline\":\"VanMoof V, uma e-bike super-r\u00e1pida que vai a 50km\/h\",\"datePublished\":\"2021-10-20T17:27:51+00:00\",\"dateModified\":\"2021-10-20T17:27:56+00:00\",\"mainEntityOfPage\":{\"@id\":\"https:\/\/jornalfatosenoticias.com.br\/index.php\/2021\/10\/20\/vanmoof-v-uma-e-bike-super-rapida-que-vai-a-50km-h\/\"},\"wordCount\":444,\"commentCount\":0,\"publisher\":{\"@id\":\"https:\/\/jornalfatosenoticias.com.br\/#organization\"},\"image\":{\"@id\":\"https:\/\/jornalfatosenoticias.com.br\/index.php\/2021\/10\/20\/vanmoof-v-uma-e-bike-super-rapida-que-vai-a-50km-h\/#primaryimage\"},\"thumbnailUrl\":\"https:\/\/jornalfatosenoticias.com.br\/wp-content\/uploads\/2021\/10\/e-bike_capa.jpg\",\"keywords\":[\"bicicleta el\u00e9trica\",\"e-bike\",\"Holanda\",\"VanMoof V\"],\"articleSection\":[\"Mobilidade\"],\"inLanguage\":\"pt-BR\",\"potentialAction\":[{\"@type\":\"CommentAction\",\"name\":\"Comment\",\"target\":[\"https:\/\/jornalfatosenoticias.com.br\/index.php\/2021\/10\/20\/vanmoof-v-uma-e-bike-super-rapida-que-vai-a-50km-h\/#respond\"]}]},{\"@type\":\"WebPage\",\"@id\":\"https:\/\/jornalfatosenoticias.com.br\/index.php\/2021\/10\/20\/vanmoof-v-uma-e-bike-super-rapida-que-vai-a-50km-h\/\",\"url\":\"https:\/\/jornalfatosenoticias.com.br\/index.php\/2021\/10\/20\/vanmoof-v-uma-e-bike-super-rapida-que-vai-a-50km-h\/\",\"name\":\"VanMoof V, uma e-bike super-r\u00e1pida que vai a 50km\/h - Jornal Fatos e Not\u00edcias\",\"isPartOf\":{\"@id\":\"https:\/\/jornalfatosenoticias.com.br\/#website\"},\"primaryImageOfPage\":{\"@id\":\"https:\/\/jornalfatosenoticias.com.br\/index.php\/2021\/10\/20\/vanmoof-v-uma-e-bike-super-rapida-que-vai-a-50km-h\/#primaryimage\"},\"image\":{\"@id\":\"https:\/\/jornalfatosenoticias.com.br\/index.php\/2021\/10\/20\/vanmoof-v-uma-e-bike-super-rapida-que-vai-a-50km-h\/#primaryimage\"},\"thumbnailUrl\":\"https:\/\/jornalfatosenoticias.com.br\/wp-content\/uploads\/2021\/10\/e-bike_capa.jpg\",\"datePublished\":\"2021-10-20T17:27:51+00:00\",\"dateModified\":\"2021-10-20T17:27:56+00:00\",\"breadcrumb\":{\"@id\":\"https:\/\/jornalfatosenoticias.com.br\/index.php\/2021\/10\/20\/vanmoof-v-uma-e-bike-super-rapida-que-vai-a-50km-h\/#breadcrumb\"},\"inLanguage\":\"pt-BR\",\"potentialAction\":[{\"@type\":\"ReadAction\",\"target\":[\"https:\/\/jornalfatosenoticias.com.br\/index.php\/2021\/10\/20\/vanmoof-v-uma-e-bike-super-rapida-que-vai-a-50km-h\/\"]}]},{\"@type\":\"ImageObject\",\"inLanguage\":\"pt-BR\",\"@id\":\"https:\/\/jornalfatosenoticias.com.br\/index.php\/2021\/10\/20\/vanmoof-v-uma-e-bike-super-rapida-que-vai-a-50km-h\/#primaryimage\",\"url\":\"https:\/\/jornalfatosenoticias.com.br\/wp-content\/uploads\/2021\/10\/e-bike_capa.jpg\",\"contentUrl\":\"https:\/\/jornalfatosenoticias.com.br\/wp-content\/uploads\/2021\/10\/e-bike_capa.jpg\",\"width\":1000,\"height\":489},{\"@type\":\"BreadcrumbList\",\"@id\":\"https:\/\/jornalfatosenoticias.com.br\/index.php\/2021\/10\/20\/vanmoof-v-uma-e-bike-super-rapida-que-vai-a-50km-h\/#breadcrumb\",\"itemListElement\":[{\"@type\":\"ListItem\",\"position\":1,\"name\":\"In\u00edcio\",\"item\":\"https:\/\/jornalfatosenoticias.com.br\/\"},{\"@type\":\"ListItem\",\"position\":2,\"name\":\"VanMoof V, uma e-bike super-r\u00e1pida que vai a 50km\/h\"}]},{\"@type\":\"WebSite\",\"@id\":\"https:\/\/jornalfatosenoticias.com.br\/#website\",\"url\":\"https:\/\/jornalfatosenoticias.com.br\/\",\"name\":\"Jornal Fatos e Not\u00edcias\",\"description\":\"Not\u00edcias em geral\",\"publisher\":{\"@id\":\"https:\/\/jornalfatosenoticias.com.br\/#organization\"},\"potentialAction\":[{\"@type\":\"SearchAction\",\"target\":{\"@type\":\"EntryPoint\",\"urlTemplate\":\"https:\/\/jornalfatosenoticias.com.br\/?s={search_term_string}\"},\"query-input\":{\"@type\":\"PropertyValueSpecification\",\"valueRequired\":true,\"valueName\":\"search_term_string\"}}],\"inLanguage\":\"pt-BR\"},{\"@type\":\"Organization\",\"@id\":\"https:\/\/jornalfatosenoticias.com.br\/#organization\",\"name\":\"Jornal Fatos e Not\u00edcias\",\"url\":\"https:\/\/jornalfatosenoticias.com.br\/\",\"logo\":{\"@type\":\"ImageObject\",\"inLanguage\":\"pt-BR\",\"@id\":\"https:\/\/jornalfatosenoticias.com.br\/#\/schema\/logo\/image\/\",\"url\":\"https:\/\/jornalfatosenoticias.com.br\/wp-content\/uploads\/2020\/02\/logo120.png\",\"contentUrl\":\"https:\/\/jornalfatosenoticias.com.br\/wp-content\/uploads\/2020\/02\/logo120.png\",\"width\":1227,\"height\":120,\"caption\":\"Jornal Fatos e Not\u00edcias\"},\"image\":{\"@id\":\"https:\/\/jornalfatosenoticias.com.br\/#\/schema\/logo\/image\/\"}},{\"@type\":\"Person\",\"@id\":\"https:\/\/jornalfatosenoticias.com.br\/#\/schema\/person\/d63837fa13ac8666eb9e74e0985d6f81\",\"name\":\"Luzimara Fernandes\",\"image\":{\"@type\":\"ImageObject\",\"inLanguage\":\"pt-BR\",\"@id\":\"https:\/\/jornalfatosenoticias.com.br\/#\/schema\/person\/image\/\",\"url\":\"https:\/\/jornalfatosenoticias.com.br\/wp-content\/uploads\/2025\/05\/EU_portal.jpg\",\"contentUrl\":\"https:\/\/jornalfatosenoticias.com.br\/wp-content\/uploads\/2025\/05\/EU_portal.jpg\",\"caption\":\"Luzimara Fernandes\"},\"description\":\"Jornalista MTB 2358-ES\",\"sameAs\":[\"https:\/\/jornalfatosenoticias.com.br\"],\"url\":\"https:\/\/jornalfatosenoticias.com.br\/index.php\/author\/luzimara\/\"}]}<\/script>\n<!-- \/ Yoast SEO plugin. -->","yoast_head_json":{"title":"VanMoof V, uma e-bike super-r\u00e1pida que vai a 50km\/h - Jornal Fatos e Not\u00edcias","robots":{"index":"index","follow":"follow","max-snippet":"max-snippet:-1","max-image-preview":"max-image-preview:large","max-video-preview":"max-video-preview:-1"},"canonical":"https:\/\/jornalfatosenoticias.com.br\/index.php\/2021\/10\/20\/vanmoof-v-uma-e-bike-super-rapida-que-vai-a-50km-h\/","og_locale":"pt_BR","og_type":"article","og_title":"VanMoof V, uma e-bike super-r\u00e1pida que vai a 50km\/h - Jornal Fatos e Not\u00edcias","og_description":"A empresa de bicicletas el\u00e9tricas holandesa VanMoof anunciou hoje a VanMoof V, uma e-bike que promete alcan\u00e7ar uma velocidade m\u00e1xima de at\u00e9 50 km\/h. Trazendo recursos como configura\u00e7\u00e3o de motor duplo com tra\u00e7\u00e3o nas duas rodas, a bicicleta \u00e9 projetada para uso em longos trajetos dentro das cidades, de modo que o ciclista se sinta [&hellip;]","og_url":"https:\/\/jornalfatosenoticias.com.br\/index.php\/2021\/10\/20\/vanmoof-v-uma-e-bike-super-rapida-que-vai-a-50km-h\/","og_site_name":"Jornal Fatos e Not\u00edcias","article_published_time":"2021-10-20T17:27:51+00:00","article_modified_time":"2021-10-20T17:27:56+00:00","og_image":[{"width":1000,"height":489,"url":"https:\/\/jornalfatosenoticias.com.br\/wp-content\/uploads\/2021\/10\/e-bike_capa.jpg","type":"image\/jpeg"}],"author":"Luzimara Fernandes","twitter_card":"summary_large_image","twitter_misc":{"Escrito por":"Luzimara Fernandes","Est. tempo de leitura":"2 minutos"},"schema":{"@context":"https:\/\/schema.org","@graph":[{"@type":"Article","@id":"https:\/\/jornalfatosenoticias.com.br\/index.php\/2021\/10\/20\/vanmoof-v-uma-e-bike-super-rapida-que-vai-a-50km-h\/#article","isPartOf":{"@id":"https:\/\/jornalfatosenoticias.com.br\/index.php\/2021\/10\/20\/vanmoof-v-uma-e-bike-super-rapida-que-vai-a-50km-h\/"},"author":{"name":"Luzimara Fernandes","@id":"https:\/\/jornalfatosenoticias.com.br\/#\/schema\/person\/d63837fa13ac8666eb9e74e0985d6f81"},"headline":"VanMoof V, uma e-bike super-r\u00e1pida que vai a 50km\/h","datePublished":"2021-10-20T17:27:51+00:00","dateModified":"2021-10-20T17:27:56+00:00","mainEntityOfPage":{"@id":"https:\/\/jornalfatosenoticias.com.br\/index.php\/2021\/10\/20\/vanmoof-v-uma-e-bike-super-rapida-que-vai-a-50km-h\/"},"wordCount":444,"commentCount":0,"publisher":{"@id":"https:\/\/jornalfatosenoticias.com.br\/#organization"},"image":{"@id":"https:\/\/jornalfatosenoticias.com.br\/index.php\/2021\/10\/20\/vanmoof-v-uma-e-bike-super-rapida-que-vai-a-50km-h\/#primaryimage"},"thumbnailUrl":"https:\/\/jornalfatosenoticias.com.br\/wp-content\/uploads\/2021\/10\/e-bike_capa.jpg","keywords":["bicicleta el\u00e9trica","e-bike","Holanda","VanMoof V"],"articleSection":["Mobilidade"],"inLanguage":"pt-BR","potentialAction":[{"@type":"CommentAction","name":"Comment","target":["https:\/\/jornalfatosenoticias.com.br\/index.php\/2021\/10\/20\/vanmoof-v-uma-e-bike-super-rapida-que-vai-a-50km-h\/#respond"]}]},{"@type":"WebPage","@id":"https:\/\/jornalfatosenoticias.com.br\/index.php\/2021\/10\/20\/vanmoof-v-uma-e-bike-super-rapida-que-vai-a-50km-h\/","url":"https:\/\/jornalfatosenoticias.com.br\/index.php\/2021\/10\/20\/vanmoof-v-uma-e-bike-super-rapida-que-vai-a-50km-h\/","name":"VanMoof V, uma e-bike super-r\u00e1pida que vai a 50km\/h - Jornal Fatos e Not\u00edcias","isPartOf":{"@id":"https:\/\/jornalfatosenoticias.com.br\/#website"},"primaryImageOfPage":{"@id":"https:\/\/jornalfatosenoticias.com.br\/index.php\/2021\/10\/20\/vanmoof-v-uma-e-bike-super-rapida-que-vai-a-50km-h\/#primaryimage"},"image":{"@id":"https:\/\/jornalfatosenoticias.com.br\/index.php\/2021\/10\/20\/vanmoof-v-uma-e-bike-super-rapida-que-vai-a-50km-h\/#primaryimage"},"thumbnailUrl":"https:\/\/jornalfatosenoticias.com.br\/wp-content\/uploads\/2021\/10\/e-bike_capa.jpg","datePublished":"2021-10-20T17:27:51+00:00","dateModified":"2021-10-20T17:27:56+00:00","breadcrumb":{"@id":"https:\/\/jornalfatosenoticias.com.br\/index.php\/2021\/10\/20\/vanmoof-v-uma-e-bike-super-rapida-que-vai-a-50km-h\/#breadcrumb"},"inLanguage":"pt-BR","potentialAction":[{"@type":"ReadAction","target":["https:\/\/jornalfatosenoticias.com.br\/index.php\/2021\/10\/20\/vanmoof-v-uma-e-bike-super-rapida-que-vai-a-50km-h\/"]}]},{"@type":"ImageObject","inLanguage":"pt-BR","@id":"https:\/\/jornalfatosenoticias.com.br\/index.php\/2021\/10\/20\/vanmoof-v-uma-e-bike-super-rapida-que-vai-a-50km-h\/#primaryimage","url":"https:\/\/jornalfatosenoticias.com.br\/wp-content\/uploads\/2021\/10\/e-bike_capa.jpg","contentUrl":"https:\/\/jornalfatosenoticias.com.br\/wp-content\/uploads\/2021\/10\/e-bike_capa.jpg","width":1000,"height":489},{"@type":"BreadcrumbList","@id":"https:\/\/jornalfatosenoticias.com.br\/index.php\/2021\/10\/20\/vanmoof-v-uma-e-bike-super-rapida-que-vai-a-50km-h\/#breadcrumb","itemListElement":[{"@type":"ListItem","position":1,"name":"In\u00edcio","item":"https:\/\/jornalfatosenoticias.com.br\/"},{"@type":"ListItem","position":2,"name":"VanMoof V, uma e-bike super-r\u00e1pida que vai a 50km\/h"}]},{"@type":"WebSite","@id":"https:\/\/jornalfatosenoticias.com.br\/#website","url":"https:\/\/jornalfatosenoticias.com.br\/","name":"Jornal Fatos e Not\u00edcias","description":"Not\u00edcias em geral","publisher":{"@id":"https:\/\/jornalfatosenoticias.com.br\/#organization"},"potentialAction":[{"@type":"SearchAction","target":{"@type":"EntryPoint","urlTemplate":"https:\/\/jornalfatosenoticias.com.br\/?s={search_term_string}"},"query-input":{"@type":"PropertyValueSpecification","valueRequired":true,"valueName":"search_term_string"}}],"inLanguage":"pt-BR"},{"@type":"Organization","@id":"https:\/\/jornalfatosenoticias.com.br\/#organization","name":"Jornal Fatos e Not\u00edcias","url":"https:\/\/jornalfatosenoticias.com.br\/","logo":{"@type":"ImageObject","inLanguage":"pt-BR","@id":"https:\/\/jornalfatosenoticias.com.br\/#\/schema\/logo\/image\/","url":"https:\/\/jornalfatosenoticias.com.br\/wp-content\/uploads\/2020\/02\/logo120.png","contentUrl":"https:\/\/jornalfatosenoticias.com.br\/wp-content\/uploads\/2020\/02\/logo120.png","width":1227,"height":120,"caption":"Jornal Fatos e Not\u00edcias"},"image":{"@id":"https:\/\/jornalfatosenoticias.com.br\/#\/schema\/logo\/image\/"}},{"@type":"Person","@id":"https:\/\/jornalfatosenoticias.com.br\/#\/schema\/person\/d63837fa13ac8666eb9e74e0985d6f81","name":"Luzimara Fernandes","image":{"@type":"ImageObject","inLanguage":"pt-BR","@id":"https:\/\/jornalfatosenoticias.com.br\/#\/schema\/person\/image\/","url":"https:\/\/jornalfatosenoticias.com.br\/wp-content\/uploads\/2025\/05\/EU_portal.jpg","contentUrl":"https:\/\/jornalfatosenoticias.com.br\/wp-content\/uploads\/2025\/05\/EU_portal.jpg","caption":"Luzimara Fernandes"},"description":"Jornalista MTB 2358-ES","sameAs":["https:\/\/jornalfatosenoticias.com.br"],"url":"https:\/\/jornalfatosenoticias.com.br\/index.php\/author\/luzimara\/"}]}},"cc_featured_image_caption":{"caption_text":"(Foto: Divulga\u00e7\u00e3o\/VanMoof)","source_text":"","source_url":""},"jetpack_featured_media_url":"https:\/\/jornalfatosenoticias.com.br\/wp-content\/uploads\/2021\/10\/e-bike_capa.jpg","_links":{"self":[{"href":"https:\/\/jornalfatosenoticias.com.br\/index.php\/wp-json\/wp\/v2\/posts\/24166","targetHints":{"allow":["GET"]}}],"collection":[{"href":"https:\/\/jornalfatosenoticias.com.br\/index.php\/wp-json\/wp\/v2\/posts"}],"about":[{"href":"https:\/\/jornalfatosenoticias.com.br\/index.php\/wp-json\/wp\/v2\/types\/post"}],"author":[{"embeddable":true,"href":"https:\/\/jornalfatosenoticias.com.br\/index.php\/wp-json\/wp\/v2\/users\/2"}],"replies":[{"embeddable":true,"href":"https:\/\/jornalfatosenoticias.com.br\/index.php\/wp-json\/wp\/v2\/comments?post=24166"}],"version-history":[{"count":0,"href":"https:\/\/jornalfatosenoticias.com.br\/index.php\/wp-json\/wp\/v2\/posts\/24166\/revisions"}],"wp:featuredmedia":[{"embeddable":true,"href":"https:\/\/jornalfatosenoticias.com.br\/index.php\/wp-json\/wp\/v2\/media\/24169"}],"wp:attachment":[{"href":"https:\/\/jornalfatosenoticias.com.br\/index.php\/wp-json\/wp\/v2\/media?parent=24166"}],"wp:term":[{"taxonomy":"category","embeddable":true,"href":"https:\/\/jornalfatosenoticias.com.br\/index.php\/wp-json\/wp\/v2\/categories?post=24166"},{"taxonomy":"post_tag","embeddable":true,"href":"https:\/\/jornalfatosenoticias.com.br\/index.php\/wp-json\/wp\/v2\/tags?post=24166"}],"curies":[{"name":"wp","href":"https:\/\/api.w.org\/{rel}","templated":true}]}}