{"id":24195,"date":"2021-10-21T16:51:02","date_gmt":"2021-10-21T19:51:02","guid":{"rendered":"https:\/\/jornalfatosenoticias.com.br\/?p=24195"},"modified":"2021-10-21T16:51:05","modified_gmt":"2021-10-21T19:51:05","slug":"assinado-termo-de-convenio-para-restauro-da-casa-da-cultura-de-fundao","status":"publish","type":"post","link":"https:\/\/jornalfatosenoticias.com.br\/index.php\/2021\/10\/21\/assinado-termo-de-convenio-para-restauro-da-casa-da-cultura-de-fundao\/","title":{"rendered":"Assinado Termo de Conv\u00eanio para restauro da Casa da Cultura de Fund\u00e3o"},"content":{"rendered":"\n<p>O governo do Estado assinou, com a prefeitura de Fund\u00e3o, o termo de conv\u00eanio para restauro do Casar\u00e3o Agostini ou Casa da Cultura Mauro Mattos Pereira. Segundo o subsecret\u00e1rio de Turismo do munic\u00edpio, F\u00e1bio Samora, a assinatura deste conv\u00eanio \u00e9 uma vit\u00f3ria da administra\u00e7\u00e3o atual que organizou a casa para firmar conv\u00eanios de diversas ordens, coisa que n\u00e3o acontecia com o munic\u00edpio h\u00e1 mais de quatro anos. Entretanto, a for\u00e7a do trabalho e a organiza\u00e7\u00e3o administrativa permitiram essa conquista t\u00e3o esperada por toda a comunidade.<br>A obra, or\u00e7ada em quase um milh\u00e3o de reais, ir\u00e1 restaurar um importante patrim\u00f4nio material da cultura de Fund\u00e3o e do Esp\u00edrito Santo tombado h\u00e1 35 anos. Neste local ser\u00e3o desenvolvidas diversas atividades de fomentos art\u00edsticos e culturais.<br>\u201cLutei por mais de dez anos pelo restauro deste pr\u00e9dio, seu simbolismo e representatividade me s\u00e3o caros. De certa forma tenho uma d\u00edvida de gratid\u00e3o com a Casa da Cultura, esse lugar me formou, aqui eu descobri minha identidade. Por muitas vezes, mesmo sem v\u00ednculo com a prefeitura, me deslocava e buscava di\u00e1logo para que n\u00e3o a fechassem ou a transformassem em outra coisa. N\u00e3o me arrependo, fiz pela cultura, pelos diversos arqu\u00e9tipos que este lugar me oferta. Acredito que a gera\u00e7\u00e3o atual e as futuras merecem esse simb\u00f3lico lugar. A cultura merece aqui continuar fazendo seu papel de salvaguardar a humanidade e ofertar luz ao caos. Mas, repito, n\u00e3o \u00e9 uma conquista s\u00f3 minha, \u00e9 do prefeito Gil e de toda a minha gera\u00e7\u00e3o, que comigo come\u00e7ou neste local a fazer m\u00fasica, teatro, dan\u00e7a, capoeira\u201d, enaltece F\u00e1bio Samora.<br>Em agosto deste ano, F\u00e1bio fez uma den\u00fancia chamando aten\u00e7\u00e3o para uma situa\u00e7\u00e3o. Segundo ele, a \u00e1rea do Casar\u00e3o Agostini foi invadida, em 2013, pelos propriet\u00e1rios do im\u00f3vel onde funciona o Hotel e Restaurante Casar\u00e3o, com a coniv\u00eancia da ent\u00e3o prefeita Maria Dulce e dos secret\u00e1rios de Desenvolvimento e Obras, Anderson Cleyton, e do Turismo, Benedito de Jesus Pimentel.<br>\u201cConsidero a reforma do Hotel e Restaurante Casar\u00e3o uma agress\u00e3o \u00e0 cultura do munic\u00edpio, mas existe um processo \u2014 movido pelo Conselho de Cultura \u2014 que se encontra no Minist\u00e9rio P\u00fablico (MP) estadual sob a A\u00e7\u00e3o Civil P\u00fablica: N\u00ba 0001024-96.2014.8.08.0059 e um administrativo, que se encontra na Secretaria de Desenvolvimento do munic\u00edpio\u201d, informou Samora.<\/p>\n","protected":false},"excerpt":{"rendered":"<p>O governo do Estado assinou, com a prefeitura de Fund\u00e3o, o termo de conv\u00eanio para restauro do Casar\u00e3o Agostini ou Casa da Cultura Mauro Mattos Pereira. Segundo o subsecret\u00e1rio de Turismo do munic\u00edpio, F\u00e1bio Samora, a assinatura deste conv\u00eanio \u00e9 uma vit\u00f3ria da administra\u00e7\u00e3o atual que organizou a casa para firmar conv\u00eanios de diversas ordens, [&hellip;]<\/p>\n","protected":false},"author":3,"featured_media":24196,"comment_status":"open","ping_status":"open","sticky":false,"template":"","format":"standard","meta":{"footnotes":""},"categories":[4],"tags":[11681,10876,560,11682],"class_list":["post-24195","post","type-post","status-publish","format-standard","has-post-thumbnail","hentry","category-cultura","tag-casa-da-cultura-mauro-mattos-pereira","tag-casarao-agostini","tag-fundao","tag-restauro"],"yoast_head":"<!-- This site is optimized with the Yoast SEO plugin v26.5 - https:\/\/yoast.com\/wordpress\/plugins\/seo\/ -->\n<title>Assinado Termo de Conv\u00eanio para restauro da Casa da Cultura de Fund\u00e3o - Jornal Fatos e Not\u00edcias<\/title>\n<meta name=\"robots\" content=\"index, follow, max-snippet:-1, max-image-preview:large, max-video-preview:-1\" \/>\n<link rel=\"canonical\" href=\"https:\/\/jornalfatosenoticias.com.br\/index.php\/2021\/10\/21\/assinado-termo-de-convenio-para-restauro-da-casa-da-cultura-de-fundao\/\" \/>\n<meta property=\"og:locale\" content=\"pt_BR\" \/>\n<meta property=\"og:type\" content=\"article\" \/>\n<meta property=\"og:title\" content=\"Assinado Termo de Conv\u00eanio para restauro da Casa da Cultura de Fund\u00e3o - Jornal Fatos e Not\u00edcias\" \/>\n<meta property=\"og:description\" content=\"O governo do Estado assinou, com a prefeitura de Fund\u00e3o, o termo de conv\u00eanio para restauro do Casar\u00e3o Agostini ou Casa da Cultura Mauro Mattos Pereira. Segundo o subsecret\u00e1rio de Turismo do munic\u00edpio, F\u00e1bio Samora, a assinatura deste conv\u00eanio \u00e9 uma vit\u00f3ria da administra\u00e7\u00e3o atual que organizou a casa para firmar conv\u00eanios de diversas ordens, [&hellip;]\" \/>\n<meta property=\"og:url\" content=\"https:\/\/jornalfatosenoticias.com.br\/index.php\/2021\/10\/21\/assinado-termo-de-convenio-para-restauro-da-casa-da-cultura-de-fundao\/\" \/>\n<meta property=\"og:site_name\" content=\"Jornal Fatos e Not\u00edcias\" \/>\n<meta property=\"article:published_time\" content=\"2021-10-21T19:51:02+00:00\" \/>\n<meta property=\"article:modified_time\" content=\"2021-10-21T19:51:05+00:00\" \/>\n<meta property=\"og:image\" content=\"https:\/\/jornalfatosenoticias.com.br\/wp-content\/uploads\/2021\/10\/Casa-da-cultura-445.jpg\" \/>\n\t<meta property=\"og:image:width\" content=\"1000\" \/>\n\t<meta property=\"og:image:height\" content=\"666\" \/>\n\t<meta property=\"og:image:type\" content=\"image\/jpeg\" \/>\n<meta name=\"author\" content=\"Haroldo Filho\" \/>\n<meta name=\"twitter:card\" content=\"summary_large_image\" \/>\n<meta name=\"twitter:label1\" content=\"Escrito por\" \/>\n\t<meta name=\"twitter:data1\" content=\"Haroldo Filho\" \/>\n\t<meta name=\"twitter:label2\" content=\"Est. tempo de leitura\" \/>\n\t<meta name=\"twitter:data2\" content=\"2 minutos\" \/>\n<script type=\"application\/ld+json\" class=\"yoast-schema-graph\">{\"@context\":\"https:\/\/schema.org\",\"@graph\":[{\"@type\":\"Article\",\"@id\":\"https:\/\/jornalfatosenoticias.com.br\/index.php\/2021\/10\/21\/assinado-termo-de-convenio-para-restauro-da-casa-da-cultura-de-fundao\/#article\",\"isPartOf\":{\"@id\":\"https:\/\/jornalfatosenoticias.com.br\/index.php\/2021\/10\/21\/assinado-termo-de-convenio-para-restauro-da-casa-da-cultura-de-fundao\/\"},\"author\":{\"name\":\"Haroldo Filho\",\"@id\":\"https:\/\/jornalfatosenoticias.com.br\/#\/schema\/person\/05c46cc25b42a5c27e004fb0fa6b4965\"},\"headline\":\"Assinado Termo de Conv\u00eanio para restauro da Casa da Cultura de Fund\u00e3o\",\"datePublished\":\"2021-10-21T19:51:02+00:00\",\"dateModified\":\"2021-10-21T19:51:05+00:00\",\"mainEntityOfPage\":{\"@id\":\"https:\/\/jornalfatosenoticias.com.br\/index.php\/2021\/10\/21\/assinado-termo-de-convenio-para-restauro-da-casa-da-cultura-de-fundao\/\"},\"wordCount\":439,\"commentCount\":0,\"publisher\":{\"@id\":\"https:\/\/jornalfatosenoticias.com.br\/#organization\"},\"image\":{\"@id\":\"https:\/\/jornalfatosenoticias.com.br\/index.php\/2021\/10\/21\/assinado-termo-de-convenio-para-restauro-da-casa-da-cultura-de-fundao\/#primaryimage\"},\"thumbnailUrl\":\"https:\/\/jornalfatosenoticias.com.br\/wp-content\/uploads\/2021\/10\/Casa-da-cultura-445.jpg\",\"keywords\":[\"Casa da Cultura Mauro Mattos Pereira\",\"Casar\u00e3o Agostini\",\"Fund\u00e3o\",\"restauro\"],\"articleSection\":[\"Cultura\"],\"inLanguage\":\"pt-BR\",\"potentialAction\":[{\"@type\":\"CommentAction\",\"name\":\"Comment\",\"target\":[\"https:\/\/jornalfatosenoticias.com.br\/index.php\/2021\/10\/21\/assinado-termo-de-convenio-para-restauro-da-casa-da-cultura-de-fundao\/#respond\"]}]},{\"@type\":\"WebPage\",\"@id\":\"https:\/\/jornalfatosenoticias.com.br\/index.php\/2021\/10\/21\/assinado-termo-de-convenio-para-restauro-da-casa-da-cultura-de-fundao\/\",\"url\":\"https:\/\/jornalfatosenoticias.com.br\/index.php\/2021\/10\/21\/assinado-termo-de-convenio-para-restauro-da-casa-da-cultura-de-fundao\/\",\"name\":\"Assinado Termo de Conv\u00eanio para restauro da Casa da Cultura de Fund\u00e3o - Jornal Fatos e Not\u00edcias\",\"isPartOf\":{\"@id\":\"https:\/\/jornalfatosenoticias.com.br\/#website\"},\"primaryImageOfPage\":{\"@id\":\"https:\/\/jornalfatosenoticias.com.br\/index.php\/2021\/10\/21\/assinado-termo-de-convenio-para-restauro-da-casa-da-cultura-de-fundao\/#primaryimage\"},\"image\":{\"@id\":\"https:\/\/jornalfatosenoticias.com.br\/index.php\/2021\/10\/21\/assinado-termo-de-convenio-para-restauro-da-casa-da-cultura-de-fundao\/#primaryimage\"},\"thumbnailUrl\":\"https:\/\/jornalfatosenoticias.com.br\/wp-content\/uploads\/2021\/10\/Casa-da-cultura-445.jpg\",\"datePublished\":\"2021-10-21T19:51:02+00:00\",\"dateModified\":\"2021-10-21T19:51:05+00:00\",\"breadcrumb\":{\"@id\":\"https:\/\/jornalfatosenoticias.com.br\/index.php\/2021\/10\/21\/assinado-termo-de-convenio-para-restauro-da-casa-da-cultura-de-fundao\/#breadcrumb\"},\"inLanguage\":\"pt-BR\",\"potentialAction\":[{\"@type\":\"ReadAction\",\"target\":[\"https:\/\/jornalfatosenoticias.com.br\/index.php\/2021\/10\/21\/assinado-termo-de-convenio-para-restauro-da-casa-da-cultura-de-fundao\/\"]}]},{\"@type\":\"ImageObject\",\"inLanguage\":\"pt-BR\",\"@id\":\"https:\/\/jornalfatosenoticias.com.br\/index.php\/2021\/10\/21\/assinado-termo-de-convenio-para-restauro-da-casa-da-cultura-de-fundao\/#primaryimage\",\"url\":\"https:\/\/jornalfatosenoticias.com.br\/wp-content\/uploads\/2021\/10\/Casa-da-cultura-445.jpg\",\"contentUrl\":\"https:\/\/jornalfatosenoticias.com.br\/wp-content\/uploads\/2021\/10\/Casa-da-cultura-445.jpg\",\"width\":1000,\"height\":666},{\"@type\":\"BreadcrumbList\",\"@id\":\"https:\/\/jornalfatosenoticias.com.br\/index.php\/2021\/10\/21\/assinado-termo-de-convenio-para-restauro-da-casa-da-cultura-de-fundao\/#breadcrumb\",\"itemListElement\":[{\"@type\":\"ListItem\",\"position\":1,\"name\":\"In\u00edcio\",\"item\":\"https:\/\/jornalfatosenoticias.com.br\/\"},{\"@type\":\"ListItem\",\"position\":2,\"name\":\"Assinado Termo de Conv\u00eanio para restauro da Casa da Cultura de Fund\u00e3o\"}]},{\"@type\":\"WebSite\",\"@id\":\"https:\/\/jornalfatosenoticias.com.br\/#website\",\"url\":\"https:\/\/jornalfatosenoticias.com.br\/\",\"name\":\"Jornal Fatos e Not\u00edcias\",\"description\":\"Not\u00edcias em geral\",\"publisher\":{\"@id\":\"https:\/\/jornalfatosenoticias.com.br\/#organization\"},\"potentialAction\":[{\"@type\":\"SearchAction\",\"target\":{\"@type\":\"EntryPoint\",\"urlTemplate\":\"https:\/\/jornalfatosenoticias.com.br\/?s={search_term_string}\"},\"query-input\":{\"@type\":\"PropertyValueSpecification\",\"valueRequired\":true,\"valueName\":\"search_term_string\"}}],\"inLanguage\":\"pt-BR\"},{\"@type\":\"Organization\",\"@id\":\"https:\/\/jornalfatosenoticias.com.br\/#organization\",\"name\":\"Jornal Fatos e Not\u00edcias\",\"url\":\"https:\/\/jornalfatosenoticias.com.br\/\",\"logo\":{\"@type\":\"ImageObject\",\"inLanguage\":\"pt-BR\",\"@id\":\"https:\/\/jornalfatosenoticias.com.br\/#\/schema\/logo\/image\/\",\"url\":\"https:\/\/jornalfatosenoticias.com.br\/wp-content\/uploads\/2020\/02\/logo120.png\",\"contentUrl\":\"https:\/\/jornalfatosenoticias.com.br\/wp-content\/uploads\/2020\/02\/logo120.png\",\"width\":1227,\"height\":120,\"caption\":\"Jornal Fatos e Not\u00edcias\"},\"image\":{\"@id\":\"https:\/\/jornalfatosenoticias.com.br\/#\/schema\/logo\/image\/\"}},{\"@type\":\"Person\",\"@id\":\"https:\/\/jornalfatosenoticias.com.br\/#\/schema\/person\/05c46cc25b42a5c27e004fb0fa6b4965\",\"name\":\"Haroldo Filho\",\"image\":{\"@type\":\"ImageObject\",\"inLanguage\":\"pt-BR\",\"@id\":\"https:\/\/jornalfatosenoticias.com.br\/#\/schema\/person\/image\/\",\"url\":\"https:\/\/jornalfatosenoticias.com.br\/wp-content\/uploads\/2025\/08\/WhatsApp-Image-2025-08-18-at-15.30.28-150x150.jpeg\",\"contentUrl\":\"https:\/\/jornalfatosenoticias.com.br\/wp-content\/uploads\/2025\/08\/WhatsApp-Image-2025-08-18-at-15.30.28-150x150.jpeg\",\"caption\":\"Haroldo Filho\"},\"description\":\"Jornalista \u2013 DRT: 0003818\/ES Coordenador-geral da ONG Educar para Crescer\",\"url\":\"https:\/\/jornalfatosenoticias.com.br\/index.php\/author\/haroldo\/\"}]}<\/script>\n<!-- \/ Yoast SEO plugin. -->","yoast_head_json":{"title":"Assinado Termo de Conv\u00eanio para restauro da Casa da Cultura de Fund\u00e3o - Jornal Fatos e Not\u00edcias","robots":{"index":"index","follow":"follow","max-snippet":"max-snippet:-1","max-image-preview":"max-image-preview:large","max-video-preview":"max-video-preview:-1"},"canonical":"https:\/\/jornalfatosenoticias.com.br\/index.php\/2021\/10\/21\/assinado-termo-de-convenio-para-restauro-da-casa-da-cultura-de-fundao\/","og_locale":"pt_BR","og_type":"article","og_title":"Assinado Termo de Conv\u00eanio para restauro da Casa da Cultura de Fund\u00e3o - Jornal Fatos e Not\u00edcias","og_description":"O governo do Estado assinou, com a prefeitura de Fund\u00e3o, o termo de conv\u00eanio para restauro do Casar\u00e3o Agostini ou Casa da Cultura Mauro Mattos Pereira. Segundo o subsecret\u00e1rio de Turismo do munic\u00edpio, F\u00e1bio Samora, a assinatura deste conv\u00eanio \u00e9 uma vit\u00f3ria da administra\u00e7\u00e3o atual que organizou a casa para firmar conv\u00eanios de diversas ordens, [&hellip;]","og_url":"https:\/\/jornalfatosenoticias.com.br\/index.php\/2021\/10\/21\/assinado-termo-de-convenio-para-restauro-da-casa-da-cultura-de-fundao\/","og_site_name":"Jornal Fatos e Not\u00edcias","article_published_time":"2021-10-21T19:51:02+00:00","article_modified_time":"2021-10-21T19:51:05+00:00","og_image":[{"width":1000,"height":666,"url":"https:\/\/jornalfatosenoticias.com.br\/wp-content\/uploads\/2021\/10\/Casa-da-cultura-445.jpg","type":"image\/jpeg"}],"author":"Haroldo Filho","twitter_card":"summary_large_image","twitter_misc":{"Escrito por":"Haroldo Filho","Est. tempo de leitura":"2 minutos"},"schema":{"@context":"https:\/\/schema.org","@graph":[{"@type":"Article","@id":"https:\/\/jornalfatosenoticias.com.br\/index.php\/2021\/10\/21\/assinado-termo-de-convenio-para-restauro-da-casa-da-cultura-de-fundao\/#article","isPartOf":{"@id":"https:\/\/jornalfatosenoticias.com.br\/index.php\/2021\/10\/21\/assinado-termo-de-convenio-para-restauro-da-casa-da-cultura-de-fundao\/"},"author":{"name":"Haroldo Filho","@id":"https:\/\/jornalfatosenoticias.com.br\/#\/schema\/person\/05c46cc25b42a5c27e004fb0fa6b4965"},"headline":"Assinado Termo de Conv\u00eanio para restauro da Casa da Cultura de Fund\u00e3o","datePublished":"2021-10-21T19:51:02+00:00","dateModified":"2021-10-21T19:51:05+00:00","mainEntityOfPage":{"@id":"https:\/\/jornalfatosenoticias.com.br\/index.php\/2021\/10\/21\/assinado-termo-de-convenio-para-restauro-da-casa-da-cultura-de-fundao\/"},"wordCount":439,"commentCount":0,"publisher":{"@id":"https:\/\/jornalfatosenoticias.com.br\/#organization"},"image":{"@id":"https:\/\/jornalfatosenoticias.com.br\/index.php\/2021\/10\/21\/assinado-termo-de-convenio-para-restauro-da-casa-da-cultura-de-fundao\/#primaryimage"},"thumbnailUrl":"https:\/\/jornalfatosenoticias.com.br\/wp-content\/uploads\/2021\/10\/Casa-da-cultura-445.jpg","keywords":["Casa da Cultura Mauro Mattos Pereira","Casar\u00e3o Agostini","Fund\u00e3o","restauro"],"articleSection":["Cultura"],"inLanguage":"pt-BR","potentialAction":[{"@type":"CommentAction","name":"Comment","target":["https:\/\/jornalfatosenoticias.com.br\/index.php\/2021\/10\/21\/assinado-termo-de-convenio-para-restauro-da-casa-da-cultura-de-fundao\/#respond"]}]},{"@type":"WebPage","@id":"https:\/\/jornalfatosenoticias.com.br\/index.php\/2021\/10\/21\/assinado-termo-de-convenio-para-restauro-da-casa-da-cultura-de-fundao\/","url":"https:\/\/jornalfatosenoticias.com.br\/index.php\/2021\/10\/21\/assinado-termo-de-convenio-para-restauro-da-casa-da-cultura-de-fundao\/","name":"Assinado Termo de Conv\u00eanio para restauro da Casa da Cultura de Fund\u00e3o - Jornal Fatos e Not\u00edcias","isPartOf":{"@id":"https:\/\/jornalfatosenoticias.com.br\/#website"},"primaryImageOfPage":{"@id":"https:\/\/jornalfatosenoticias.com.br\/index.php\/2021\/10\/21\/assinado-termo-de-convenio-para-restauro-da-casa-da-cultura-de-fundao\/#primaryimage"},"image":{"@id":"https:\/\/jornalfatosenoticias.com.br\/index.php\/2021\/10\/21\/assinado-termo-de-convenio-para-restauro-da-casa-da-cultura-de-fundao\/#primaryimage"},"thumbnailUrl":"https:\/\/jornalfatosenoticias.com.br\/wp-content\/uploads\/2021\/10\/Casa-da-cultura-445.jpg","datePublished":"2021-10-21T19:51:02+00:00","dateModified":"2021-10-21T19:51:05+00:00","breadcrumb":{"@id":"https:\/\/jornalfatosenoticias.com.br\/index.php\/2021\/10\/21\/assinado-termo-de-convenio-para-restauro-da-casa-da-cultura-de-fundao\/#breadcrumb"},"inLanguage":"pt-BR","potentialAction":[{"@type":"ReadAction","target":["https:\/\/jornalfatosenoticias.com.br\/index.php\/2021\/10\/21\/assinado-termo-de-convenio-para-restauro-da-casa-da-cultura-de-fundao\/"]}]},{"@type":"ImageObject","inLanguage":"pt-BR","@id":"https:\/\/jornalfatosenoticias.com.br\/index.php\/2021\/10\/21\/assinado-termo-de-convenio-para-restauro-da-casa-da-cultura-de-fundao\/#primaryimage","url":"https:\/\/jornalfatosenoticias.com.br\/wp-content\/uploads\/2021\/10\/Casa-da-cultura-445.jpg","contentUrl":"https:\/\/jornalfatosenoticias.com.br\/wp-content\/uploads\/2021\/10\/Casa-da-cultura-445.jpg","width":1000,"height":666},{"@type":"BreadcrumbList","@id":"https:\/\/jornalfatosenoticias.com.br\/index.php\/2021\/10\/21\/assinado-termo-de-convenio-para-restauro-da-casa-da-cultura-de-fundao\/#breadcrumb","itemListElement":[{"@type":"ListItem","position":1,"name":"In\u00edcio","item":"https:\/\/jornalfatosenoticias.com.br\/"},{"@type":"ListItem","position":2,"name":"Assinado Termo de Conv\u00eanio para restauro da Casa da Cultura de Fund\u00e3o"}]},{"@type":"WebSite","@id":"https:\/\/jornalfatosenoticias.com.br\/#website","url":"https:\/\/jornalfatosenoticias.com.br\/","name":"Jornal Fatos e Not\u00edcias","description":"Not\u00edcias em geral","publisher":{"@id":"https:\/\/jornalfatosenoticias.com.br\/#organization"},"potentialAction":[{"@type":"SearchAction","target":{"@type":"EntryPoint","urlTemplate":"https:\/\/jornalfatosenoticias.com.br\/?s={search_term_string}"},"query-input":{"@type":"PropertyValueSpecification","valueRequired":true,"valueName":"search_term_string"}}],"inLanguage":"pt-BR"},{"@type":"Organization","@id":"https:\/\/jornalfatosenoticias.com.br\/#organization","name":"Jornal Fatos e Not\u00edcias","url":"https:\/\/jornalfatosenoticias.com.br\/","logo":{"@type":"ImageObject","inLanguage":"pt-BR","@id":"https:\/\/jornalfatosenoticias.com.br\/#\/schema\/logo\/image\/","url":"https:\/\/jornalfatosenoticias.com.br\/wp-content\/uploads\/2020\/02\/logo120.png","contentUrl":"https:\/\/jornalfatosenoticias.com.br\/wp-content\/uploads\/2020\/02\/logo120.png","width":1227,"height":120,"caption":"Jornal Fatos e Not\u00edcias"},"image":{"@id":"https:\/\/jornalfatosenoticias.com.br\/#\/schema\/logo\/image\/"}},{"@type":"Person","@id":"https:\/\/jornalfatosenoticias.com.br\/#\/schema\/person\/05c46cc25b42a5c27e004fb0fa6b4965","name":"Haroldo Filho","image":{"@type":"ImageObject","inLanguage":"pt-BR","@id":"https:\/\/jornalfatosenoticias.com.br\/#\/schema\/person\/image\/","url":"https:\/\/jornalfatosenoticias.com.br\/wp-content\/uploads\/2025\/08\/WhatsApp-Image-2025-08-18-at-15.30.28-150x150.jpeg","contentUrl":"https:\/\/jornalfatosenoticias.com.br\/wp-content\/uploads\/2025\/08\/WhatsApp-Image-2025-08-18-at-15.30.28-150x150.jpeg","caption":"Haroldo Filho"},"description":"Jornalista \u2013 DRT: 0003818\/ES Coordenador-geral da ONG Educar para Crescer","url":"https:\/\/jornalfatosenoticias.com.br\/index.php\/author\/haroldo\/"}]}},"cc_featured_image_caption":{"caption_text":"(Foto: Haroldo Cordeiro Filho\/F&N)","source_text":"","source_url":""},"jetpack_featured_media_url":"https:\/\/jornalfatosenoticias.com.br\/wp-content\/uploads\/2021\/10\/Casa-da-cultura-445.jpg","_links":{"self":[{"href":"https:\/\/jornalfatosenoticias.com.br\/index.php\/wp-json\/wp\/v2\/posts\/24195","targetHints":{"allow":["GET"]}}],"collection":[{"href":"https:\/\/jornalfatosenoticias.com.br\/index.php\/wp-json\/wp\/v2\/posts"}],"about":[{"href":"https:\/\/jornalfatosenoticias.com.br\/index.php\/wp-json\/wp\/v2\/types\/post"}],"author":[{"embeddable":true,"href":"https:\/\/jornalfatosenoticias.com.br\/index.php\/wp-json\/wp\/v2\/users\/3"}],"replies":[{"embeddable":true,"href":"https:\/\/jornalfatosenoticias.com.br\/index.php\/wp-json\/wp\/v2\/comments?post=24195"}],"version-history":[{"count":0,"href":"https:\/\/jornalfatosenoticias.com.br\/index.php\/wp-json\/wp\/v2\/posts\/24195\/revisions"}],"wp:featuredmedia":[{"embeddable":true,"href":"https:\/\/jornalfatosenoticias.com.br\/index.php\/wp-json\/wp\/v2\/media\/24196"}],"wp:attachment":[{"href":"https:\/\/jornalfatosenoticias.com.br\/index.php\/wp-json\/wp\/v2\/media?parent=24195"}],"wp:term":[{"taxonomy":"category","embeddable":true,"href":"https:\/\/jornalfatosenoticias.com.br\/index.php\/wp-json\/wp\/v2\/categories?post=24195"},{"taxonomy":"post_tag","embeddable":true,"href":"https:\/\/jornalfatosenoticias.com.br\/index.php\/wp-json\/wp\/v2\/tags?post=24195"}],"curies":[{"name":"wp","href":"https:\/\/api.w.org\/{rel}","templated":true}]}}