{"id":24248,"date":"2021-10-22T10:44:29","date_gmt":"2021-10-22T13:44:29","guid":{"rendered":"https:\/\/jornalfatosenoticias.com.br\/?p=24248"},"modified":"2021-10-22T10:44:33","modified_gmt":"2021-10-22T13:44:33","slug":"pesquisadores-criam-medicamento-para-tratamento-de-depressao-pos-parto","status":"publish","type":"post","link":"https:\/\/jornalfatosenoticias.com.br\/index.php\/2021\/10\/22\/pesquisadores-criam-medicamento-para-tratamento-de-depressao-pos-parto\/","title":{"rendered":"Pesquisadores criam medicamento para tratamento de depress\u00e3o p\u00f3s-parto"},"content":{"rendered":"\n<p>Uma equipe de pesquisadores criou e adaptou um medicamento para tratar <a href=\"https:\/\/olhardigital.com.br\/tag\/mulheres\/\" target=\"_blank\" rel=\"noreferrer noopener\">mulheres<\/a>\u00a0com depress\u00e3o p\u00f3s-parto. Publicada no\u00a0<a href=\"https:\/\/onlinelibrary.wiley.com\/doi\/10.1111\/jne.13028\" target=\"_blank\" rel=\"noreferrer noopener\">Journal of Neuroendocrinology<\/a>, a abordagem usa a qu\u00edmica natural do corpo para conseguir repor a perda de horm\u00f4nios.<br>Segundo publica\u00e7\u00e3o do Medical Xpress, a depress\u00e3o p\u00f3s-parto afeta cerca de uma em cada oito mulheres, conforme dados dos <a href=\"https:\/\/olhardigital.com.br\/tag\/cdc\/\" target=\"_blank\" rel=\"noreferrer noopener\">Centros de Controle e Preven\u00e7\u00e3o de Doen\u00e7as (CDC)<\/a>. Durante a\u00a0<a href=\"https:\/\/olhardigital.com.br\/tag\/gravidez\/\" target=\"_blank\" rel=\"noreferrer noopener\">gravidez<\/a>, um neuroesteroide espec\u00edfico, a alopregnanolona, \u00e9 produzido em grandes quantidades, no entanto, ap\u00f3s o parto, uma queda brusca acontece levando a desequil\u00edbrios qu\u00edmicos no c\u00e9rebro que podem causar a depress\u00e3o.<br>O brexanalona, como foi nomeado o medicamento, foi adaptado de um outro tratamento para doen\u00e7as cerebrais e funciona como uma terapia de reposi\u00e7\u00e3o. Injet\u00e1vel, ele foi aprovado em 2019 e \u00e9 considerado o primeiro medicamento para depress\u00e3o p\u00f3s-parto.<br>\u201cAntes da terapia de reposi\u00e7\u00e3o de neuroesteroides, n\u00e3o havia rem\u00e9dio dispon\u00edvel que funcionasse r\u00e1pido o suficiente para tratar a depress\u00e3o p\u00f3s-parto\u201d, disse D. Samba Reddy, professor do departamento de Neuroci\u00eancia e Terap\u00eautica Experimental do Texas A&amp;M Faculdade de Medicina.<\/p>\n\n\n\n<figure class=\"wp-block-image size-large is-style-default\"><img loading=\"lazy\" decoding=\"async\" width=\"1000\" height=\"625\" src=\"https:\/\/jornalfatosenoticias.com.br\/wp-content\/uploads\/2021\/10\/depressao-pos-parto_shutterstock.jpg\" alt=\"\" class=\"wp-image-24249\" srcset=\"https:\/\/jornalfatosenoticias.com.br\/wp-content\/uploads\/2021\/10\/depressao-pos-parto_shutterstock.jpg 1000w, https:\/\/jornalfatosenoticias.com.br\/wp-content\/uploads\/2021\/10\/depressao-pos-parto_shutterstock-300x188.jpg 300w, https:\/\/jornalfatosenoticias.com.br\/wp-content\/uploads\/2021\/10\/depressao-pos-parto_shutterstock-768x480.jpg 768w, https:\/\/jornalfatosenoticias.com.br\/wp-content\/uploads\/2021\/10\/depressao-pos-parto_shutterstock-350x220.jpg 350w\" sizes=\"auto, (max-width: 1000px) 100vw, 1000px\" \/><figcaption><em><span class=\"has-inline-color has-black-color\">Pesquisadores criam medicamento para tratamento de depress\u00e3o p\u00f3s-parto (Foto: Shutterstock)<\/span><\/em><\/figcaption><\/figure>\n\n\n\n<p>\u201cAp\u00f3s o parto, as mulheres n\u00e3o t\u00eam semanas para esperar pelos medicamentos contra a depress\u00e3o existentes, que levam pelo menos tr\u00eas a quatro semanas antes de fazerem efeito\u201d. Em um ciclo normal de p\u00f3s-parto, as m\u00e3es levam algumas semanas para que o corpo consiga, sozinho, voltar ao ritmo normal, bem como com o ciclo menstrual.<br>Os neuroesteroides, por outro lado, atuam imediatamente como antidepressivos porque t\u00eam um mecanismo de a\u00e7\u00e3o r\u00e1pida. Eles aumentam um receptor j\u00e1 existente no c\u00e9rebro, ent\u00e3o, quando a droga \u00e9 infundida, o paciente imediatamente come\u00e7a a se sentir melhor e, ap\u00f3s a dura\u00e7\u00e3o recomendada de tr\u00eas dias de tratamento, eles continuar\u00e3o a se sentir melhor por semanas, o que ajuda as mulheres no momento mais cr\u00edtico de desequil\u00edbrio no corpo at\u00e9 que eles possam voltar a produzir os neuroesteroides naturalmente.<\/p>\n\n\n\n<p><strong><span class=\"has-inline-color has-black-color\">Um problema comum, mas pouco falado<br><\/span><\/strong>Para a equipe, apesar de comum, pouco se fala sobre a depress\u00e3o p\u00f3s-parto, j\u00e1 que at\u00e9 o momento n\u00e3o havia tratamentos para oferecer al\u00e9m dos j\u00e1 conhecidos para depress\u00e3o no geral. No entanto, com a chegada do medicamento, mais campanhas de conscientiza\u00e7\u00e3o a respeito da doen\u00e7a podem ser feitas. \u201cCom a garantia de que existe um tratamento dispon\u00edvel, acho que as mulheres se sentir\u00e3o mais capacitadas para falar sobre a depress\u00e3o p\u00f3s-parto e buscar a ajuda de que precisam\u201d, concluiu Reddy.<\/p>\n\n\n\n<p><strong><em>Fonte: <a href=\"https:\/\/olhardigital.com.br\/2021\/10\/13\/medicina-e-saude\/pesquisadores-criam-medicamento-para-tratamento-de-depressao-pos-parto\/#:~:text=O%20brexanalona%2C%20como%20foi%20nomeado,medicamento%20para%20depress%C3%A3o%20p%C3%B3s%2Dparto.\">Olhar Digital<\/a><\/em><\/strong><\/p>\n","protected":false},"excerpt":{"rendered":"<p>Uma equipe de pesquisadores criou e adaptou um medicamento para tratar mulheres\u00a0com depress\u00e3o p\u00f3s-parto. Publicada no\u00a0Journal of Neuroendocrinology, a abordagem usa a qu\u00edmica natural do corpo para conseguir repor a perda de horm\u00f4nios.Segundo publica\u00e7\u00e3o do Medical Xpress, a depress\u00e3o p\u00f3s-parto afeta cerca de uma em cada oito mulheres, conforme dados dos Centros de Controle e [&hellip;]<\/p>\n","protected":false},"author":2,"featured_media":24250,"comment_status":"open","ping_status":"open","sticky":false,"template":"","format":"standard","meta":{"footnotes":""},"categories":[2,11],"tags":[2375,5005,1705,1884,9173,1120],"class_list":["post-24248","post","type-post","status-publish","format-standard","has-post-thumbnail","hentry","category-ciencia","category-saude","tag-depressao","tag-depressao-pos-parto","tag-gravidez","tag-medicamento","tag-pos-parto","tag-tratamento"],"yoast_head":"<!-- This site is optimized with the Yoast SEO plugin v26.5 - https:\/\/yoast.com\/wordpress\/plugins\/seo\/ -->\n<title>Pesquisadores criam medicamento para tratamento de depress\u00e3o p\u00f3s-parto - Jornal Fatos e Not\u00edcias<\/title>\n<meta name=\"robots\" content=\"index, follow, max-snippet:-1, max-image-preview:large, max-video-preview:-1\" \/>\n<link rel=\"canonical\" href=\"https:\/\/jornalfatosenoticias.com.br\/index.php\/2021\/10\/22\/pesquisadores-criam-medicamento-para-tratamento-de-depressao-pos-parto\/\" \/>\n<meta property=\"og:locale\" content=\"pt_BR\" \/>\n<meta property=\"og:type\" content=\"article\" \/>\n<meta property=\"og:title\" content=\"Pesquisadores criam medicamento para tratamento de depress\u00e3o p\u00f3s-parto - Jornal Fatos e Not\u00edcias\" \/>\n<meta property=\"og:description\" content=\"Uma equipe de pesquisadores criou e adaptou um medicamento para tratar mulheres\u00a0com depress\u00e3o p\u00f3s-parto. Publicada no\u00a0Journal of Neuroendocrinology, a abordagem usa a qu\u00edmica natural do corpo para conseguir repor a perda de horm\u00f4nios.Segundo publica\u00e7\u00e3o do Medical Xpress, a depress\u00e3o p\u00f3s-parto afeta cerca de uma em cada oito mulheres, conforme dados dos Centros de Controle e [&hellip;]\" \/>\n<meta property=\"og:url\" content=\"https:\/\/jornalfatosenoticias.com.br\/index.php\/2021\/10\/22\/pesquisadores-criam-medicamento-para-tratamento-de-depressao-pos-parto\/\" \/>\n<meta property=\"og:site_name\" content=\"Jornal Fatos e Not\u00edcias\" \/>\n<meta property=\"article:published_time\" content=\"2021-10-22T13:44:29+00:00\" \/>\n<meta property=\"article:modified_time\" content=\"2021-10-22T13:44:33+00:00\" \/>\n<meta property=\"og:image\" content=\"https:\/\/jornalfatosenoticias.com.br\/wp-content\/uploads\/2021\/10\/precisamos-falar-sobre-dpp.jpg\" \/>\n\t<meta property=\"og:image:width\" content=\"1000\" \/>\n\t<meta property=\"og:image:height\" content=\"666\" \/>\n\t<meta property=\"og:image:type\" content=\"image\/jpeg\" \/>\n<meta name=\"author\" content=\"Luzimara Fernandes\" \/>\n<meta name=\"twitter:card\" content=\"summary_large_image\" \/>\n<meta name=\"twitter:label1\" content=\"Escrito por\" \/>\n\t<meta name=\"twitter:data1\" content=\"Luzimara Fernandes\" \/>\n\t<meta name=\"twitter:label2\" content=\"Est. tempo de leitura\" \/>\n\t<meta name=\"twitter:data2\" content=\"2 minutos\" \/>\n<script type=\"application\/ld+json\" class=\"yoast-schema-graph\">{\"@context\":\"https:\/\/schema.org\",\"@graph\":[{\"@type\":\"Article\",\"@id\":\"https:\/\/jornalfatosenoticias.com.br\/index.php\/2021\/10\/22\/pesquisadores-criam-medicamento-para-tratamento-de-depressao-pos-parto\/#article\",\"isPartOf\":{\"@id\":\"https:\/\/jornalfatosenoticias.com.br\/index.php\/2021\/10\/22\/pesquisadores-criam-medicamento-para-tratamento-de-depressao-pos-parto\/\"},\"author\":{\"name\":\"Luzimara Fernandes\",\"@id\":\"https:\/\/jornalfatosenoticias.com.br\/#\/schema\/person\/d63837fa13ac8666eb9e74e0985d6f81\"},\"headline\":\"Pesquisadores criam medicamento para tratamento de depress\u00e3o p\u00f3s-parto\",\"datePublished\":\"2021-10-22T13:44:29+00:00\",\"dateModified\":\"2021-10-22T13:44:33+00:00\",\"mainEntityOfPage\":{\"@id\":\"https:\/\/jornalfatosenoticias.com.br\/index.php\/2021\/10\/22\/pesquisadores-criam-medicamento-para-tratamento-de-depressao-pos-parto\/\"},\"wordCount\":475,\"commentCount\":0,\"publisher\":{\"@id\":\"https:\/\/jornalfatosenoticias.com.br\/#organization\"},\"image\":{\"@id\":\"https:\/\/jornalfatosenoticias.com.br\/index.php\/2021\/10\/22\/pesquisadores-criam-medicamento-para-tratamento-de-depressao-pos-parto\/#primaryimage\"},\"thumbnailUrl\":\"https:\/\/jornalfatosenoticias.com.br\/wp-content\/uploads\/2021\/10\/precisamos-falar-sobre-dpp.jpg\",\"keywords\":[\"depress\u00e3o\",\"depress\u00e3o p\u00f3s-parto\",\"gravidez\",\"medicamento\",\"p\u00f3s-parto\",\"tratamento\"],\"articleSection\":[\"Ci\u00eancia\",\"Sa\u00fade\"],\"inLanguage\":\"pt-BR\",\"potentialAction\":[{\"@type\":\"CommentAction\",\"name\":\"Comment\",\"target\":[\"https:\/\/jornalfatosenoticias.com.br\/index.php\/2021\/10\/22\/pesquisadores-criam-medicamento-para-tratamento-de-depressao-pos-parto\/#respond\"]}]},{\"@type\":\"WebPage\",\"@id\":\"https:\/\/jornalfatosenoticias.com.br\/index.php\/2021\/10\/22\/pesquisadores-criam-medicamento-para-tratamento-de-depressao-pos-parto\/\",\"url\":\"https:\/\/jornalfatosenoticias.com.br\/index.php\/2021\/10\/22\/pesquisadores-criam-medicamento-para-tratamento-de-depressao-pos-parto\/\",\"name\":\"Pesquisadores criam medicamento para tratamento de depress\u00e3o p\u00f3s-parto - Jornal Fatos e Not\u00edcias\",\"isPartOf\":{\"@id\":\"https:\/\/jornalfatosenoticias.com.br\/#website\"},\"primaryImageOfPage\":{\"@id\":\"https:\/\/jornalfatosenoticias.com.br\/index.php\/2021\/10\/22\/pesquisadores-criam-medicamento-para-tratamento-de-depressao-pos-parto\/#primaryimage\"},\"image\":{\"@id\":\"https:\/\/jornalfatosenoticias.com.br\/index.php\/2021\/10\/22\/pesquisadores-criam-medicamento-para-tratamento-de-depressao-pos-parto\/#primaryimage\"},\"thumbnailUrl\":\"https:\/\/jornalfatosenoticias.com.br\/wp-content\/uploads\/2021\/10\/precisamos-falar-sobre-dpp.jpg\",\"datePublished\":\"2021-10-22T13:44:29+00:00\",\"dateModified\":\"2021-10-22T13:44:33+00:00\",\"breadcrumb\":{\"@id\":\"https:\/\/jornalfatosenoticias.com.br\/index.php\/2021\/10\/22\/pesquisadores-criam-medicamento-para-tratamento-de-depressao-pos-parto\/#breadcrumb\"},\"inLanguage\":\"pt-BR\",\"potentialAction\":[{\"@type\":\"ReadAction\",\"target\":[\"https:\/\/jornalfatosenoticias.com.br\/index.php\/2021\/10\/22\/pesquisadores-criam-medicamento-para-tratamento-de-depressao-pos-parto\/\"]}]},{\"@type\":\"ImageObject\",\"inLanguage\":\"pt-BR\",\"@id\":\"https:\/\/jornalfatosenoticias.com.br\/index.php\/2021\/10\/22\/pesquisadores-criam-medicamento-para-tratamento-de-depressao-pos-parto\/#primaryimage\",\"url\":\"https:\/\/jornalfatosenoticias.com.br\/wp-content\/uploads\/2021\/10\/precisamos-falar-sobre-dpp.jpg\",\"contentUrl\":\"https:\/\/jornalfatosenoticias.com.br\/wp-content\/uploads\/2021\/10\/precisamos-falar-sobre-dpp.jpg\",\"width\":1000,\"height\":666},{\"@type\":\"BreadcrumbList\",\"@id\":\"https:\/\/jornalfatosenoticias.com.br\/index.php\/2021\/10\/22\/pesquisadores-criam-medicamento-para-tratamento-de-depressao-pos-parto\/#breadcrumb\",\"itemListElement\":[{\"@type\":\"ListItem\",\"position\":1,\"name\":\"In\u00edcio\",\"item\":\"https:\/\/jornalfatosenoticias.com.br\/\"},{\"@type\":\"ListItem\",\"position\":2,\"name\":\"Pesquisadores criam medicamento para tratamento de depress\u00e3o p\u00f3s-parto\"}]},{\"@type\":\"WebSite\",\"@id\":\"https:\/\/jornalfatosenoticias.com.br\/#website\",\"url\":\"https:\/\/jornalfatosenoticias.com.br\/\",\"name\":\"Jornal Fatos e Not\u00edcias\",\"description\":\"Not\u00edcias em geral\",\"publisher\":{\"@id\":\"https:\/\/jornalfatosenoticias.com.br\/#organization\"},\"potentialAction\":[{\"@type\":\"SearchAction\",\"target\":{\"@type\":\"EntryPoint\",\"urlTemplate\":\"https:\/\/jornalfatosenoticias.com.br\/?s={search_term_string}\"},\"query-input\":{\"@type\":\"PropertyValueSpecification\",\"valueRequired\":true,\"valueName\":\"search_term_string\"}}],\"inLanguage\":\"pt-BR\"},{\"@type\":\"Organization\",\"@id\":\"https:\/\/jornalfatosenoticias.com.br\/#organization\",\"name\":\"Jornal Fatos e Not\u00edcias\",\"url\":\"https:\/\/jornalfatosenoticias.com.br\/\",\"logo\":{\"@type\":\"ImageObject\",\"inLanguage\":\"pt-BR\",\"@id\":\"https:\/\/jornalfatosenoticias.com.br\/#\/schema\/logo\/image\/\",\"url\":\"https:\/\/jornalfatosenoticias.com.br\/wp-content\/uploads\/2020\/02\/logo120.png\",\"contentUrl\":\"https:\/\/jornalfatosenoticias.com.br\/wp-content\/uploads\/2020\/02\/logo120.png\",\"width\":1227,\"height\":120,\"caption\":\"Jornal Fatos e Not\u00edcias\"},\"image\":{\"@id\":\"https:\/\/jornalfatosenoticias.com.br\/#\/schema\/logo\/image\/\"}},{\"@type\":\"Person\",\"@id\":\"https:\/\/jornalfatosenoticias.com.br\/#\/schema\/person\/d63837fa13ac8666eb9e74e0985d6f81\",\"name\":\"Luzimara Fernandes\",\"image\":{\"@type\":\"ImageObject\",\"inLanguage\":\"pt-BR\",\"@id\":\"https:\/\/jornalfatosenoticias.com.br\/#\/schema\/person\/image\/\",\"url\":\"https:\/\/jornalfatosenoticias.com.br\/wp-content\/uploads\/2025\/05\/EU_portal.jpg\",\"contentUrl\":\"https:\/\/jornalfatosenoticias.com.br\/wp-content\/uploads\/2025\/05\/EU_portal.jpg\",\"caption\":\"Luzimara Fernandes\"},\"description\":\"Jornalista MTB 2358-ES\",\"sameAs\":[\"https:\/\/jornalfatosenoticias.com.br\"],\"url\":\"https:\/\/jornalfatosenoticias.com.br\/index.php\/author\/luzimara\/\"}]}<\/script>\n<!-- \/ Yoast SEO plugin. -->","yoast_head_json":{"title":"Pesquisadores criam medicamento para tratamento de depress\u00e3o p\u00f3s-parto - Jornal Fatos e Not\u00edcias","robots":{"index":"index","follow":"follow","max-snippet":"max-snippet:-1","max-image-preview":"max-image-preview:large","max-video-preview":"max-video-preview:-1"},"canonical":"https:\/\/jornalfatosenoticias.com.br\/index.php\/2021\/10\/22\/pesquisadores-criam-medicamento-para-tratamento-de-depressao-pos-parto\/","og_locale":"pt_BR","og_type":"article","og_title":"Pesquisadores criam medicamento para tratamento de depress\u00e3o p\u00f3s-parto - Jornal Fatos e Not\u00edcias","og_description":"Uma equipe de pesquisadores criou e adaptou um medicamento para tratar mulheres\u00a0com depress\u00e3o p\u00f3s-parto. Publicada no\u00a0Journal of Neuroendocrinology, a abordagem usa a qu\u00edmica natural do corpo para conseguir repor a perda de horm\u00f4nios.Segundo publica\u00e7\u00e3o do Medical Xpress, a depress\u00e3o p\u00f3s-parto afeta cerca de uma em cada oito mulheres, conforme dados dos Centros de Controle e [&hellip;]","og_url":"https:\/\/jornalfatosenoticias.com.br\/index.php\/2021\/10\/22\/pesquisadores-criam-medicamento-para-tratamento-de-depressao-pos-parto\/","og_site_name":"Jornal Fatos e Not\u00edcias","article_published_time":"2021-10-22T13:44:29+00:00","article_modified_time":"2021-10-22T13:44:33+00:00","og_image":[{"width":1000,"height":666,"url":"https:\/\/jornalfatosenoticias.com.br\/wp-content\/uploads\/2021\/10\/precisamos-falar-sobre-dpp.jpg","type":"image\/jpeg"}],"author":"Luzimara Fernandes","twitter_card":"summary_large_image","twitter_misc":{"Escrito por":"Luzimara Fernandes","Est. tempo de leitura":"2 minutos"},"schema":{"@context":"https:\/\/schema.org","@graph":[{"@type":"Article","@id":"https:\/\/jornalfatosenoticias.com.br\/index.php\/2021\/10\/22\/pesquisadores-criam-medicamento-para-tratamento-de-depressao-pos-parto\/#article","isPartOf":{"@id":"https:\/\/jornalfatosenoticias.com.br\/index.php\/2021\/10\/22\/pesquisadores-criam-medicamento-para-tratamento-de-depressao-pos-parto\/"},"author":{"name":"Luzimara Fernandes","@id":"https:\/\/jornalfatosenoticias.com.br\/#\/schema\/person\/d63837fa13ac8666eb9e74e0985d6f81"},"headline":"Pesquisadores criam medicamento para tratamento de depress\u00e3o p\u00f3s-parto","datePublished":"2021-10-22T13:44:29+00:00","dateModified":"2021-10-22T13:44:33+00:00","mainEntityOfPage":{"@id":"https:\/\/jornalfatosenoticias.com.br\/index.php\/2021\/10\/22\/pesquisadores-criam-medicamento-para-tratamento-de-depressao-pos-parto\/"},"wordCount":475,"commentCount":0,"publisher":{"@id":"https:\/\/jornalfatosenoticias.com.br\/#organization"},"image":{"@id":"https:\/\/jornalfatosenoticias.com.br\/index.php\/2021\/10\/22\/pesquisadores-criam-medicamento-para-tratamento-de-depressao-pos-parto\/#primaryimage"},"thumbnailUrl":"https:\/\/jornalfatosenoticias.com.br\/wp-content\/uploads\/2021\/10\/precisamos-falar-sobre-dpp.jpg","keywords":["depress\u00e3o","depress\u00e3o p\u00f3s-parto","gravidez","medicamento","p\u00f3s-parto","tratamento"],"articleSection":["Ci\u00eancia","Sa\u00fade"],"inLanguage":"pt-BR","potentialAction":[{"@type":"CommentAction","name":"Comment","target":["https:\/\/jornalfatosenoticias.com.br\/index.php\/2021\/10\/22\/pesquisadores-criam-medicamento-para-tratamento-de-depressao-pos-parto\/#respond"]}]},{"@type":"WebPage","@id":"https:\/\/jornalfatosenoticias.com.br\/index.php\/2021\/10\/22\/pesquisadores-criam-medicamento-para-tratamento-de-depressao-pos-parto\/","url":"https:\/\/jornalfatosenoticias.com.br\/index.php\/2021\/10\/22\/pesquisadores-criam-medicamento-para-tratamento-de-depressao-pos-parto\/","name":"Pesquisadores criam medicamento para tratamento de depress\u00e3o p\u00f3s-parto - Jornal Fatos e Not\u00edcias","isPartOf":{"@id":"https:\/\/jornalfatosenoticias.com.br\/#website"},"primaryImageOfPage":{"@id":"https:\/\/jornalfatosenoticias.com.br\/index.php\/2021\/10\/22\/pesquisadores-criam-medicamento-para-tratamento-de-depressao-pos-parto\/#primaryimage"},"image":{"@id":"https:\/\/jornalfatosenoticias.com.br\/index.php\/2021\/10\/22\/pesquisadores-criam-medicamento-para-tratamento-de-depressao-pos-parto\/#primaryimage"},"thumbnailUrl":"https:\/\/jornalfatosenoticias.com.br\/wp-content\/uploads\/2021\/10\/precisamos-falar-sobre-dpp.jpg","datePublished":"2021-10-22T13:44:29+00:00","dateModified":"2021-10-22T13:44:33+00:00","breadcrumb":{"@id":"https:\/\/jornalfatosenoticias.com.br\/index.php\/2021\/10\/22\/pesquisadores-criam-medicamento-para-tratamento-de-depressao-pos-parto\/#breadcrumb"},"inLanguage":"pt-BR","potentialAction":[{"@type":"ReadAction","target":["https:\/\/jornalfatosenoticias.com.br\/index.php\/2021\/10\/22\/pesquisadores-criam-medicamento-para-tratamento-de-depressao-pos-parto\/"]}]},{"@type":"ImageObject","inLanguage":"pt-BR","@id":"https:\/\/jornalfatosenoticias.com.br\/index.php\/2021\/10\/22\/pesquisadores-criam-medicamento-para-tratamento-de-depressao-pos-parto\/#primaryimage","url":"https:\/\/jornalfatosenoticias.com.br\/wp-content\/uploads\/2021\/10\/precisamos-falar-sobre-dpp.jpg","contentUrl":"https:\/\/jornalfatosenoticias.com.br\/wp-content\/uploads\/2021\/10\/precisamos-falar-sobre-dpp.jpg","width":1000,"height":666},{"@type":"BreadcrumbList","@id":"https:\/\/jornalfatosenoticias.com.br\/index.php\/2021\/10\/22\/pesquisadores-criam-medicamento-para-tratamento-de-depressao-pos-parto\/#breadcrumb","itemListElement":[{"@type":"ListItem","position":1,"name":"In\u00edcio","item":"https:\/\/jornalfatosenoticias.com.br\/"},{"@type":"ListItem","position":2,"name":"Pesquisadores criam medicamento para tratamento de depress\u00e3o p\u00f3s-parto"}]},{"@type":"WebSite","@id":"https:\/\/jornalfatosenoticias.com.br\/#website","url":"https:\/\/jornalfatosenoticias.com.br\/","name":"Jornal Fatos e Not\u00edcias","description":"Not\u00edcias em geral","publisher":{"@id":"https:\/\/jornalfatosenoticias.com.br\/#organization"},"potentialAction":[{"@type":"SearchAction","target":{"@type":"EntryPoint","urlTemplate":"https:\/\/jornalfatosenoticias.com.br\/?s={search_term_string}"},"query-input":{"@type":"PropertyValueSpecification","valueRequired":true,"valueName":"search_term_string"}}],"inLanguage":"pt-BR"},{"@type":"Organization","@id":"https:\/\/jornalfatosenoticias.com.br\/#organization","name":"Jornal Fatos e Not\u00edcias","url":"https:\/\/jornalfatosenoticias.com.br\/","logo":{"@type":"ImageObject","inLanguage":"pt-BR","@id":"https:\/\/jornalfatosenoticias.com.br\/#\/schema\/logo\/image\/","url":"https:\/\/jornalfatosenoticias.com.br\/wp-content\/uploads\/2020\/02\/logo120.png","contentUrl":"https:\/\/jornalfatosenoticias.com.br\/wp-content\/uploads\/2020\/02\/logo120.png","width":1227,"height":120,"caption":"Jornal Fatos e Not\u00edcias"},"image":{"@id":"https:\/\/jornalfatosenoticias.com.br\/#\/schema\/logo\/image\/"}},{"@type":"Person","@id":"https:\/\/jornalfatosenoticias.com.br\/#\/schema\/person\/d63837fa13ac8666eb9e74e0985d6f81","name":"Luzimara Fernandes","image":{"@type":"ImageObject","inLanguage":"pt-BR","@id":"https:\/\/jornalfatosenoticias.com.br\/#\/schema\/person\/image\/","url":"https:\/\/jornalfatosenoticias.com.br\/wp-content\/uploads\/2025\/05\/EU_portal.jpg","contentUrl":"https:\/\/jornalfatosenoticias.com.br\/wp-content\/uploads\/2025\/05\/EU_portal.jpg","caption":"Luzimara Fernandes"},"description":"Jornalista MTB 2358-ES","sameAs":["https:\/\/jornalfatosenoticias.com.br"],"url":"https:\/\/jornalfatosenoticias.com.br\/index.php\/author\/luzimara\/"}]}},"cc_featured_image_caption":{"caption_text":"(Foto: Courtney Keating\/Getty Images)","source_text":"","source_url":""},"jetpack_featured_media_url":"https:\/\/jornalfatosenoticias.com.br\/wp-content\/uploads\/2021\/10\/precisamos-falar-sobre-dpp.jpg","_links":{"self":[{"href":"https:\/\/jornalfatosenoticias.com.br\/index.php\/wp-json\/wp\/v2\/posts\/24248","targetHints":{"allow":["GET"]}}],"collection":[{"href":"https:\/\/jornalfatosenoticias.com.br\/index.php\/wp-json\/wp\/v2\/posts"}],"about":[{"href":"https:\/\/jornalfatosenoticias.com.br\/index.php\/wp-json\/wp\/v2\/types\/post"}],"author":[{"embeddable":true,"href":"https:\/\/jornalfatosenoticias.com.br\/index.php\/wp-json\/wp\/v2\/users\/2"}],"replies":[{"embeddable":true,"href":"https:\/\/jornalfatosenoticias.com.br\/index.php\/wp-json\/wp\/v2\/comments?post=24248"}],"version-history":[{"count":0,"href":"https:\/\/jornalfatosenoticias.com.br\/index.php\/wp-json\/wp\/v2\/posts\/24248\/revisions"}],"wp:featuredmedia":[{"embeddable":true,"href":"https:\/\/jornalfatosenoticias.com.br\/index.php\/wp-json\/wp\/v2\/media\/24250"}],"wp:attachment":[{"href":"https:\/\/jornalfatosenoticias.com.br\/index.php\/wp-json\/wp\/v2\/media?parent=24248"}],"wp:term":[{"taxonomy":"category","embeddable":true,"href":"https:\/\/jornalfatosenoticias.com.br\/index.php\/wp-json\/wp\/v2\/categories?post=24248"},{"taxonomy":"post_tag","embeddable":true,"href":"https:\/\/jornalfatosenoticias.com.br\/index.php\/wp-json\/wp\/v2\/tags?post=24248"}],"curies":[{"name":"wp","href":"https:\/\/api.w.org\/{rel}","templated":true}]}}