{"id":2428,"date":"2020-03-25T10:50:46","date_gmt":"2020-03-25T13:50:46","guid":{"rendered":"https:\/\/jornalfatosenoticias.com.br\/?p=2428"},"modified":"2020-03-25T10:50:50","modified_gmt":"2020-03-25T13:50:50","slug":"cientista-brasileira-recebe-premio-internacional-por-estudo-sobre-pancs","status":"publish","type":"post","link":"https:\/\/jornalfatosenoticias.com.br\/index.php\/2020\/03\/25\/cientista-brasileira-recebe-premio-internacional-por-estudo-sobre-pancs\/","title":{"rendered":"Cientista brasileira recebe pr\u00eamio internacional por estudo sobre PANCs"},"content":{"rendered":"\n<h6 class=\"wp-block-heading\"><em>A etnobot\u00e2nica pernambucana Patr\u00edcia de Medeiros quer ajudar pequenos agricultores do Nordeste a popularizar o consumo das plantas aliment\u00edcias n\u00e3o convencionais<\/em><\/h6>\n\n\n\n<p>A pesquisadora Patr\u00edcia de Medeiros trabalha para diversificar o prato dos brasileiros. Al\u00e9m dos vegetais mais consumidos, seu objetivo \u00e9 incluir na dieta da popula\u00e7\u00e3o plantas que poucas pessoas sabem que podem comer. \u00c9 com essa premissa que a brasileira recebeu o pr\u00eamio Para Mulheres na Ci\u00eancia, promovido pela Funda\u00e7\u00e3o L\u2019Or\u00e9al em parceria com a Unesco. Ela venceu na categoria International Rising Talents, ao lado de outras 14 cientistas.<br>\nA etnobot\u00e2nica receber\u00e1 uma bolsa-aux\u00edlio de R$ 75 mil para investir nos estudos. &#8220;Acredito que ter vencido este pr\u00eamio ajuda na repercuss\u00e3o da pesquisa, al\u00e9m de me incentivar a ampli\u00e1-la&#8221;, afirma Medeiros.<br>\nPernambucana de 33 anos, Medeiros cursou a gradua\u00e7\u00e3o na Universidade Federal de Pernambuco (UFPE), seguida por mestrado e doutorado na Universidade Federal Rural do mesmo estado (UFRPE). Por cinco anos, ela foi professora de biologia na Universidade Federal da Bahia (UFBA) e, desde 2015, ministra aulas nos cursos de Agroecologia e Engenharia Florestal da Universidade Federal de Alagoas (Ufal).<\/p>\n\n\n\n<blockquote class=\"wp-block-quote is-layout-flow wp-block-quote-is-layout-flow\"><p>Uma mudan\u00e7a de comportamento traria consequ\u00eancias positivas para todos os setores, como o aumento da seguran\u00e7a de produ\u00e7\u00e3o, uma vez que essas plantas s\u00e3o mais adaptadas aos seus ambientes<\/p><\/blockquote>\n\n\n\n<p>A cientista se interessou pelas PANCs \u2014 plantas aliment\u00edcias n\u00e3o convencionais \u2014 logo no in\u00edcio da carreira, passando a estudar o ara\u00e7\u00e1, cambu\u00ed e ma\u00e7aranduba. Seu objetivo \u00e9 auxiliar pequenos agricultores do Nordeste do Brasil a identificar, divulgar e comercializar novos produtos. Medeiros faz isso ao entender qual \u00e9 a rela\u00e7\u00e3o entre as pessoas e as plantas e descobrir o que faz algu\u00e9m consumir certos alimentos e outros n\u00e3o.<br>\n&#8220;Para isso, eu entrevisto primeiro os pequenos agricultores, que t\u00eam dificuldade de comercializa\u00e7\u00e3o dos produtos, e depois os consumidores&#8221;, explica. &#8220;Em seguida, fa\u00e7o associa\u00e7\u00f5es para entender como as pessoas escolhem o que v\u00e3o comer \u2014 se \u00e9 pelo nome, pela apar\u00eancia ou at\u00e9 mesmo pelo cheiro&#8221;.<br>\nPara Medeiros, o nosso Pa\u00eds ainda aproveita muito pouco o potencial aliment\u00edcio que temos, e isso se d\u00e1 pelo medo da popula\u00e7\u00e3o em consumir o que n\u00e3o \u00e9 convencional. Segundo a cientista, uma mudan\u00e7a de comportamento traria consequ\u00eancias positivas para todos os setores, como o aumento da seguran\u00e7a de produ\u00e7\u00e3o, uma vez que essas plantas s\u00e3o mais adaptadas aos seus ambientes; a redu\u00e7\u00e3o de agrot\u00f3xicos e fertilizantes, que afetaria diretamente a sa\u00fade dos consumidores; e a valoriza\u00e7\u00e3o dos pequenos produtores.<br>\n&#8220;Queremos valorizar um pouco mais o que \u00e9 nosso e mostrar que plantas diferentes tamb\u00e9m podem ter um potencial nutritivo grande, al\u00e9m de ser um diferencial na quest\u00e3o do sabor e na diversifica\u00e7\u00e3o das dietas&#8221;, afirma.<\/p>\n\n\n\n<p><strong><em>Fonte: <a href=\"https:\/\/revistagalileu.globo.com\/Ciencia\/noticia\/2020\/03\/cientista-brasileira-recebe-premio-internacional-por-estudo-sobre-pancs.html\">Galileu.com<\/a><\/em><\/strong><\/p>\n","protected":false},"excerpt":{"rendered":"<p>A etnobot\u00e2nica pernambucana Patr\u00edcia de Medeiros quer ajudar pequenos agricultores do Nordeste a popularizar o consumo das plantas aliment\u00edcias n\u00e3o convencionais A pesquisadora Patr\u00edcia de Medeiros trabalha para diversificar o prato dos brasileiros. Al\u00e9m dos vegetais mais consumidos, seu objetivo \u00e9 incluir na dieta da popula\u00e7\u00e3o plantas que poucas pessoas sabem que podem comer. \u00c9 [&hellip;]<\/p>\n","protected":false},"author":2,"featured_media":2429,"comment_status":"open","ping_status":"open","sticky":false,"template":"","format":"standard","meta":{"footnotes":""},"categories":[2],"tags":[1015,1016,1013,1017,1014,1012,1011],"class_list":["post-2428","post","type-post","status-publish","format-standard","has-post-thumbnail","hentry","category-ciencia","tag-agroecologia","tag-agrotoxicos","tag-consumo","tag-fertilizantes","tag-patricia-de-medeiros","tag-plantas-alimenticias","tag-premio"],"yoast_head":"<!-- This site is optimized with the Yoast SEO plugin v26.5 - https:\/\/yoast.com\/wordpress\/plugins\/seo\/ -->\n<title>Cientista brasileira recebe pr\u00eamio internacional por estudo sobre PANCs - Jornal Fatos e Not\u00edcias<\/title>\n<meta name=\"robots\" content=\"index, follow, max-snippet:-1, max-image-preview:large, max-video-preview:-1\" \/>\n<link rel=\"canonical\" href=\"https:\/\/jornalfatosenoticias.com.br\/index.php\/2020\/03\/25\/cientista-brasileira-recebe-premio-internacional-por-estudo-sobre-pancs\/\" \/>\n<meta property=\"og:locale\" content=\"pt_BR\" \/>\n<meta property=\"og:type\" content=\"article\" \/>\n<meta property=\"og:title\" content=\"Cientista brasileira recebe pr\u00eamio internacional por estudo sobre PANCs - Jornal Fatos e Not\u00edcias\" \/>\n<meta property=\"og:description\" content=\"A etnobot\u00e2nica pernambucana Patr\u00edcia de Medeiros quer ajudar pequenos agricultores do Nordeste a popularizar o consumo das plantas aliment\u00edcias n\u00e3o convencionais A pesquisadora Patr\u00edcia de Medeiros trabalha para diversificar o prato dos brasileiros. Al\u00e9m dos vegetais mais consumidos, seu objetivo \u00e9 incluir na dieta da popula\u00e7\u00e3o plantas que poucas pessoas sabem que podem comer. \u00c9 [&hellip;]\" \/>\n<meta property=\"og:url\" content=\"https:\/\/jornalfatosenoticias.com.br\/index.php\/2020\/03\/25\/cientista-brasileira-recebe-premio-internacional-por-estudo-sobre-pancs\/\" \/>\n<meta property=\"og:site_name\" content=\"Jornal Fatos e Not\u00edcias\" \/>\n<meta property=\"article:published_time\" content=\"2020-03-25T13:50:46+00:00\" \/>\n<meta property=\"article:modified_time\" content=\"2020-03-25T13:50:50+00:00\" \/>\n<meta property=\"og:image\" content=\"https:\/\/jornalfatosenoticias.com.br\/wp-content\/uploads\/2020\/03\/patricia_de_medeiros__.jpg\" \/>\n\t<meta property=\"og:image:width\" content=\"1000\" \/>\n\t<meta property=\"og:image:height\" content=\"666\" \/>\n\t<meta property=\"og:image:type\" content=\"image\/jpeg\" \/>\n<meta name=\"author\" content=\"Luzimara Fernandes\" \/>\n<meta name=\"twitter:card\" content=\"summary_large_image\" \/>\n<meta name=\"twitter:label1\" content=\"Escrito por\" \/>\n\t<meta name=\"twitter:data1\" content=\"Luzimara Fernandes\" \/>\n\t<meta name=\"twitter:label2\" content=\"Est. tempo de leitura\" \/>\n\t<meta name=\"twitter:data2\" content=\"2 minutos\" \/>\n<script type=\"application\/ld+json\" class=\"yoast-schema-graph\">{\"@context\":\"https:\/\/schema.org\",\"@graph\":[{\"@type\":\"Article\",\"@id\":\"https:\/\/jornalfatosenoticias.com.br\/index.php\/2020\/03\/25\/cientista-brasileira-recebe-premio-internacional-por-estudo-sobre-pancs\/#article\",\"isPartOf\":{\"@id\":\"https:\/\/jornalfatosenoticias.com.br\/index.php\/2020\/03\/25\/cientista-brasileira-recebe-premio-internacional-por-estudo-sobre-pancs\/\"},\"author\":{\"name\":\"Luzimara Fernandes\",\"@id\":\"https:\/\/jornalfatosenoticias.com.br\/#\/schema\/person\/d63837fa13ac8666eb9e74e0985d6f81\"},\"headline\":\"Cientista brasileira recebe pr\u00eamio internacional por estudo sobre PANCs\",\"datePublished\":\"2020-03-25T13:50:46+00:00\",\"dateModified\":\"2020-03-25T13:50:50+00:00\",\"mainEntityOfPage\":{\"@id\":\"https:\/\/jornalfatosenoticias.com.br\/index.php\/2020\/03\/25\/cientista-brasileira-recebe-premio-internacional-por-estudo-sobre-pancs\/\"},\"wordCount\":494,\"commentCount\":0,\"publisher\":{\"@id\":\"https:\/\/jornalfatosenoticias.com.br\/#organization\"},\"image\":{\"@id\":\"https:\/\/jornalfatosenoticias.com.br\/index.php\/2020\/03\/25\/cientista-brasileira-recebe-premio-internacional-por-estudo-sobre-pancs\/#primaryimage\"},\"thumbnailUrl\":\"https:\/\/jornalfatosenoticias.com.br\/wp-content\/uploads\/2020\/03\/patricia_de_medeiros__.jpg\",\"keywords\":[\"agroecologia\",\"agrot\u00f3xicos\",\"consumo\",\"fertilizantes\",\"Patr\u00edcia de Medeiros\",\"plantas aliment\u00edcias\",\"pr\u00eamio\"],\"articleSection\":[\"Ci\u00eancia\"],\"inLanguage\":\"pt-BR\",\"potentialAction\":[{\"@type\":\"CommentAction\",\"name\":\"Comment\",\"target\":[\"https:\/\/jornalfatosenoticias.com.br\/index.php\/2020\/03\/25\/cientista-brasileira-recebe-premio-internacional-por-estudo-sobre-pancs\/#respond\"]}]},{\"@type\":\"WebPage\",\"@id\":\"https:\/\/jornalfatosenoticias.com.br\/index.php\/2020\/03\/25\/cientista-brasileira-recebe-premio-internacional-por-estudo-sobre-pancs\/\",\"url\":\"https:\/\/jornalfatosenoticias.com.br\/index.php\/2020\/03\/25\/cientista-brasileira-recebe-premio-internacional-por-estudo-sobre-pancs\/\",\"name\":\"Cientista brasileira recebe pr\u00eamio internacional por estudo sobre PANCs - Jornal Fatos e Not\u00edcias\",\"isPartOf\":{\"@id\":\"https:\/\/jornalfatosenoticias.com.br\/#website\"},\"primaryImageOfPage\":{\"@id\":\"https:\/\/jornalfatosenoticias.com.br\/index.php\/2020\/03\/25\/cientista-brasileira-recebe-premio-internacional-por-estudo-sobre-pancs\/#primaryimage\"},\"image\":{\"@id\":\"https:\/\/jornalfatosenoticias.com.br\/index.php\/2020\/03\/25\/cientista-brasileira-recebe-premio-internacional-por-estudo-sobre-pancs\/#primaryimage\"},\"thumbnailUrl\":\"https:\/\/jornalfatosenoticias.com.br\/wp-content\/uploads\/2020\/03\/patricia_de_medeiros__.jpg\",\"datePublished\":\"2020-03-25T13:50:46+00:00\",\"dateModified\":\"2020-03-25T13:50:50+00:00\",\"breadcrumb\":{\"@id\":\"https:\/\/jornalfatosenoticias.com.br\/index.php\/2020\/03\/25\/cientista-brasileira-recebe-premio-internacional-por-estudo-sobre-pancs\/#breadcrumb\"},\"inLanguage\":\"pt-BR\",\"potentialAction\":[{\"@type\":\"ReadAction\",\"target\":[\"https:\/\/jornalfatosenoticias.com.br\/index.php\/2020\/03\/25\/cientista-brasileira-recebe-premio-internacional-por-estudo-sobre-pancs\/\"]}]},{\"@type\":\"ImageObject\",\"inLanguage\":\"pt-BR\",\"@id\":\"https:\/\/jornalfatosenoticias.com.br\/index.php\/2020\/03\/25\/cientista-brasileira-recebe-premio-internacional-por-estudo-sobre-pancs\/#primaryimage\",\"url\":\"https:\/\/jornalfatosenoticias.com.br\/wp-content\/uploads\/2020\/03\/patricia_de_medeiros__.jpg\",\"contentUrl\":\"https:\/\/jornalfatosenoticias.com.br\/wp-content\/uploads\/2020\/03\/patricia_de_medeiros__.jpg\",\"width\":1000,\"height\":666},{\"@type\":\"BreadcrumbList\",\"@id\":\"https:\/\/jornalfatosenoticias.com.br\/index.php\/2020\/03\/25\/cientista-brasileira-recebe-premio-internacional-por-estudo-sobre-pancs\/#breadcrumb\",\"itemListElement\":[{\"@type\":\"ListItem\",\"position\":1,\"name\":\"In\u00edcio\",\"item\":\"https:\/\/jornalfatosenoticias.com.br\/\"},{\"@type\":\"ListItem\",\"position\":2,\"name\":\"Cientista brasileira recebe pr\u00eamio internacional por estudo sobre PANCs\"}]},{\"@type\":\"WebSite\",\"@id\":\"https:\/\/jornalfatosenoticias.com.br\/#website\",\"url\":\"https:\/\/jornalfatosenoticias.com.br\/\",\"name\":\"Jornal Fatos e Not\u00edcias\",\"description\":\"Not\u00edcias em geral\",\"publisher\":{\"@id\":\"https:\/\/jornalfatosenoticias.com.br\/#organization\"},\"potentialAction\":[{\"@type\":\"SearchAction\",\"target\":{\"@type\":\"EntryPoint\",\"urlTemplate\":\"https:\/\/jornalfatosenoticias.com.br\/?s={search_term_string}\"},\"query-input\":{\"@type\":\"PropertyValueSpecification\",\"valueRequired\":true,\"valueName\":\"search_term_string\"}}],\"inLanguage\":\"pt-BR\"},{\"@type\":\"Organization\",\"@id\":\"https:\/\/jornalfatosenoticias.com.br\/#organization\",\"name\":\"Jornal Fatos e Not\u00edcias\",\"url\":\"https:\/\/jornalfatosenoticias.com.br\/\",\"logo\":{\"@type\":\"ImageObject\",\"inLanguage\":\"pt-BR\",\"@id\":\"https:\/\/jornalfatosenoticias.com.br\/#\/schema\/logo\/image\/\",\"url\":\"https:\/\/jornalfatosenoticias.com.br\/wp-content\/uploads\/2020\/02\/logo120.png\",\"contentUrl\":\"https:\/\/jornalfatosenoticias.com.br\/wp-content\/uploads\/2020\/02\/logo120.png\",\"width\":1227,\"height\":120,\"caption\":\"Jornal Fatos e Not\u00edcias\"},\"image\":{\"@id\":\"https:\/\/jornalfatosenoticias.com.br\/#\/schema\/logo\/image\/\"}},{\"@type\":\"Person\",\"@id\":\"https:\/\/jornalfatosenoticias.com.br\/#\/schema\/person\/d63837fa13ac8666eb9e74e0985d6f81\",\"name\":\"Luzimara Fernandes\",\"image\":{\"@type\":\"ImageObject\",\"inLanguage\":\"pt-BR\",\"@id\":\"https:\/\/jornalfatosenoticias.com.br\/#\/schema\/person\/image\/\",\"url\":\"https:\/\/jornalfatosenoticias.com.br\/wp-content\/uploads\/2025\/05\/EU_portal.jpg\",\"contentUrl\":\"https:\/\/jornalfatosenoticias.com.br\/wp-content\/uploads\/2025\/05\/EU_portal.jpg\",\"caption\":\"Luzimara Fernandes\"},\"description\":\"Jornalista MTB 2358-ES\",\"sameAs\":[\"https:\/\/jornalfatosenoticias.com.br\"],\"url\":\"https:\/\/jornalfatosenoticias.com.br\/index.php\/author\/luzimara\/\"}]}<\/script>\n<!-- \/ Yoast SEO plugin. -->","yoast_head_json":{"title":"Cientista brasileira recebe pr\u00eamio internacional por estudo sobre PANCs - Jornal Fatos e Not\u00edcias","robots":{"index":"index","follow":"follow","max-snippet":"max-snippet:-1","max-image-preview":"max-image-preview:large","max-video-preview":"max-video-preview:-1"},"canonical":"https:\/\/jornalfatosenoticias.com.br\/index.php\/2020\/03\/25\/cientista-brasileira-recebe-premio-internacional-por-estudo-sobre-pancs\/","og_locale":"pt_BR","og_type":"article","og_title":"Cientista brasileira recebe pr\u00eamio internacional por estudo sobre PANCs - Jornal Fatos e Not\u00edcias","og_description":"A etnobot\u00e2nica pernambucana Patr\u00edcia de Medeiros quer ajudar pequenos agricultores do Nordeste a popularizar o consumo das plantas aliment\u00edcias n\u00e3o convencionais A pesquisadora Patr\u00edcia de Medeiros trabalha para diversificar o prato dos brasileiros. Al\u00e9m dos vegetais mais consumidos, seu objetivo \u00e9 incluir na dieta da popula\u00e7\u00e3o plantas que poucas pessoas sabem que podem comer. \u00c9 [&hellip;]","og_url":"https:\/\/jornalfatosenoticias.com.br\/index.php\/2020\/03\/25\/cientista-brasileira-recebe-premio-internacional-por-estudo-sobre-pancs\/","og_site_name":"Jornal Fatos e Not\u00edcias","article_published_time":"2020-03-25T13:50:46+00:00","article_modified_time":"2020-03-25T13:50:50+00:00","og_image":[{"width":1000,"height":666,"url":"https:\/\/jornalfatosenoticias.com.br\/wp-content\/uploads\/2020\/03\/patricia_de_medeiros__.jpg","type":"image\/jpeg"}],"author":"Luzimara Fernandes","twitter_card":"summary_large_image","twitter_misc":{"Escrito por":"Luzimara Fernandes","Est. tempo de leitura":"2 minutos"},"schema":{"@context":"https:\/\/schema.org","@graph":[{"@type":"Article","@id":"https:\/\/jornalfatosenoticias.com.br\/index.php\/2020\/03\/25\/cientista-brasileira-recebe-premio-internacional-por-estudo-sobre-pancs\/#article","isPartOf":{"@id":"https:\/\/jornalfatosenoticias.com.br\/index.php\/2020\/03\/25\/cientista-brasileira-recebe-premio-internacional-por-estudo-sobre-pancs\/"},"author":{"name":"Luzimara Fernandes","@id":"https:\/\/jornalfatosenoticias.com.br\/#\/schema\/person\/d63837fa13ac8666eb9e74e0985d6f81"},"headline":"Cientista brasileira recebe pr\u00eamio internacional por estudo sobre PANCs","datePublished":"2020-03-25T13:50:46+00:00","dateModified":"2020-03-25T13:50:50+00:00","mainEntityOfPage":{"@id":"https:\/\/jornalfatosenoticias.com.br\/index.php\/2020\/03\/25\/cientista-brasileira-recebe-premio-internacional-por-estudo-sobre-pancs\/"},"wordCount":494,"commentCount":0,"publisher":{"@id":"https:\/\/jornalfatosenoticias.com.br\/#organization"},"image":{"@id":"https:\/\/jornalfatosenoticias.com.br\/index.php\/2020\/03\/25\/cientista-brasileira-recebe-premio-internacional-por-estudo-sobre-pancs\/#primaryimage"},"thumbnailUrl":"https:\/\/jornalfatosenoticias.com.br\/wp-content\/uploads\/2020\/03\/patricia_de_medeiros__.jpg","keywords":["agroecologia","agrot\u00f3xicos","consumo","fertilizantes","Patr\u00edcia de Medeiros","plantas aliment\u00edcias","pr\u00eamio"],"articleSection":["Ci\u00eancia"],"inLanguage":"pt-BR","potentialAction":[{"@type":"CommentAction","name":"Comment","target":["https:\/\/jornalfatosenoticias.com.br\/index.php\/2020\/03\/25\/cientista-brasileira-recebe-premio-internacional-por-estudo-sobre-pancs\/#respond"]}]},{"@type":"WebPage","@id":"https:\/\/jornalfatosenoticias.com.br\/index.php\/2020\/03\/25\/cientista-brasileira-recebe-premio-internacional-por-estudo-sobre-pancs\/","url":"https:\/\/jornalfatosenoticias.com.br\/index.php\/2020\/03\/25\/cientista-brasileira-recebe-premio-internacional-por-estudo-sobre-pancs\/","name":"Cientista brasileira recebe pr\u00eamio internacional por estudo sobre PANCs - Jornal Fatos e Not\u00edcias","isPartOf":{"@id":"https:\/\/jornalfatosenoticias.com.br\/#website"},"primaryImageOfPage":{"@id":"https:\/\/jornalfatosenoticias.com.br\/index.php\/2020\/03\/25\/cientista-brasileira-recebe-premio-internacional-por-estudo-sobre-pancs\/#primaryimage"},"image":{"@id":"https:\/\/jornalfatosenoticias.com.br\/index.php\/2020\/03\/25\/cientista-brasileira-recebe-premio-internacional-por-estudo-sobre-pancs\/#primaryimage"},"thumbnailUrl":"https:\/\/jornalfatosenoticias.com.br\/wp-content\/uploads\/2020\/03\/patricia_de_medeiros__.jpg","datePublished":"2020-03-25T13:50:46+00:00","dateModified":"2020-03-25T13:50:50+00:00","breadcrumb":{"@id":"https:\/\/jornalfatosenoticias.com.br\/index.php\/2020\/03\/25\/cientista-brasileira-recebe-premio-internacional-por-estudo-sobre-pancs\/#breadcrumb"},"inLanguage":"pt-BR","potentialAction":[{"@type":"ReadAction","target":["https:\/\/jornalfatosenoticias.com.br\/index.php\/2020\/03\/25\/cientista-brasileira-recebe-premio-internacional-por-estudo-sobre-pancs\/"]}]},{"@type":"ImageObject","inLanguage":"pt-BR","@id":"https:\/\/jornalfatosenoticias.com.br\/index.php\/2020\/03\/25\/cientista-brasileira-recebe-premio-internacional-por-estudo-sobre-pancs\/#primaryimage","url":"https:\/\/jornalfatosenoticias.com.br\/wp-content\/uploads\/2020\/03\/patricia_de_medeiros__.jpg","contentUrl":"https:\/\/jornalfatosenoticias.com.br\/wp-content\/uploads\/2020\/03\/patricia_de_medeiros__.jpg","width":1000,"height":666},{"@type":"BreadcrumbList","@id":"https:\/\/jornalfatosenoticias.com.br\/index.php\/2020\/03\/25\/cientista-brasileira-recebe-premio-internacional-por-estudo-sobre-pancs\/#breadcrumb","itemListElement":[{"@type":"ListItem","position":1,"name":"In\u00edcio","item":"https:\/\/jornalfatosenoticias.com.br\/"},{"@type":"ListItem","position":2,"name":"Cientista brasileira recebe pr\u00eamio internacional por estudo sobre PANCs"}]},{"@type":"WebSite","@id":"https:\/\/jornalfatosenoticias.com.br\/#website","url":"https:\/\/jornalfatosenoticias.com.br\/","name":"Jornal Fatos e Not\u00edcias","description":"Not\u00edcias em geral","publisher":{"@id":"https:\/\/jornalfatosenoticias.com.br\/#organization"},"potentialAction":[{"@type":"SearchAction","target":{"@type":"EntryPoint","urlTemplate":"https:\/\/jornalfatosenoticias.com.br\/?s={search_term_string}"},"query-input":{"@type":"PropertyValueSpecification","valueRequired":true,"valueName":"search_term_string"}}],"inLanguage":"pt-BR"},{"@type":"Organization","@id":"https:\/\/jornalfatosenoticias.com.br\/#organization","name":"Jornal Fatos e Not\u00edcias","url":"https:\/\/jornalfatosenoticias.com.br\/","logo":{"@type":"ImageObject","inLanguage":"pt-BR","@id":"https:\/\/jornalfatosenoticias.com.br\/#\/schema\/logo\/image\/","url":"https:\/\/jornalfatosenoticias.com.br\/wp-content\/uploads\/2020\/02\/logo120.png","contentUrl":"https:\/\/jornalfatosenoticias.com.br\/wp-content\/uploads\/2020\/02\/logo120.png","width":1227,"height":120,"caption":"Jornal Fatos e Not\u00edcias"},"image":{"@id":"https:\/\/jornalfatosenoticias.com.br\/#\/schema\/logo\/image\/"}},{"@type":"Person","@id":"https:\/\/jornalfatosenoticias.com.br\/#\/schema\/person\/d63837fa13ac8666eb9e74e0985d6f81","name":"Luzimara Fernandes","image":{"@type":"ImageObject","inLanguage":"pt-BR","@id":"https:\/\/jornalfatosenoticias.com.br\/#\/schema\/person\/image\/","url":"https:\/\/jornalfatosenoticias.com.br\/wp-content\/uploads\/2025\/05\/EU_portal.jpg","contentUrl":"https:\/\/jornalfatosenoticias.com.br\/wp-content\/uploads\/2025\/05\/EU_portal.jpg","caption":"Luzimara Fernandes"},"description":"Jornalista MTB 2358-ES","sameAs":["https:\/\/jornalfatosenoticias.com.br"],"url":"https:\/\/jornalfatosenoticias.com.br\/index.php\/author\/luzimara\/"}]}},"cc_featured_image_caption":{"caption_text":"Patr\u00edcia de Medeiros (Foto: Divulga\u00e7\u00e3o)","source_text":"","source_url":""},"jetpack_featured_media_url":"https:\/\/jornalfatosenoticias.com.br\/wp-content\/uploads\/2020\/03\/patricia_de_medeiros__.jpg","_links":{"self":[{"href":"https:\/\/jornalfatosenoticias.com.br\/index.php\/wp-json\/wp\/v2\/posts\/2428","targetHints":{"allow":["GET"]}}],"collection":[{"href":"https:\/\/jornalfatosenoticias.com.br\/index.php\/wp-json\/wp\/v2\/posts"}],"about":[{"href":"https:\/\/jornalfatosenoticias.com.br\/index.php\/wp-json\/wp\/v2\/types\/post"}],"author":[{"embeddable":true,"href":"https:\/\/jornalfatosenoticias.com.br\/index.php\/wp-json\/wp\/v2\/users\/2"}],"replies":[{"embeddable":true,"href":"https:\/\/jornalfatosenoticias.com.br\/index.php\/wp-json\/wp\/v2\/comments?post=2428"}],"version-history":[{"count":0,"href":"https:\/\/jornalfatosenoticias.com.br\/index.php\/wp-json\/wp\/v2\/posts\/2428\/revisions"}],"wp:featuredmedia":[{"embeddable":true,"href":"https:\/\/jornalfatosenoticias.com.br\/index.php\/wp-json\/wp\/v2\/media\/2429"}],"wp:attachment":[{"href":"https:\/\/jornalfatosenoticias.com.br\/index.php\/wp-json\/wp\/v2\/media?parent=2428"}],"wp:term":[{"taxonomy":"category","embeddable":true,"href":"https:\/\/jornalfatosenoticias.com.br\/index.php\/wp-json\/wp\/v2\/categories?post=2428"},{"taxonomy":"post_tag","embeddable":true,"href":"https:\/\/jornalfatosenoticias.com.br\/index.php\/wp-json\/wp\/v2\/tags?post=2428"}],"curies":[{"name":"wp","href":"https:\/\/api.w.org\/{rel}","templated":true}]}}