{"id":24334,"date":"2021-10-25T18:13:45","date_gmt":"2021-10-25T21:13:45","guid":{"rendered":"https:\/\/jornalfatosenoticias.com.br\/?p=24334"},"modified":"2021-10-25T18:13:47","modified_gmt":"2021-10-25T21:13:47","slug":"lancamento-do-carro-eletrico-da-xiaomi-deve-acontecer-em-2024","status":"publish","type":"post","link":"https:\/\/jornalfatosenoticias.com.br\/index.php\/2021\/10\/25\/lancamento-do-carro-eletrico-da-xiaomi-deve-acontecer-em-2024\/","title":{"rendered":"Lan\u00e7amento do carro el\u00e9trico da Xiaomi deve acontecer em 2024"},"content":{"rendered":"\n<p>A <a href=\"https:\/\/olhardigital.com.br\/tag\/xiaomi\/\" target=\"_blank\" rel=\"noreferrer noopener\">Xiaomi<\/a>\u00a0anunciou que o lan\u00e7amento de seu\u00a0<a href=\"https:\/\/olhardigital.com.br\/tag\/veiculos-eletricos\/\" target=\"_blank\" rel=\"noreferrer noopener\">carro el\u00e9trico<\/a>, ainda sem nome \u2014 por\u00e9m, extraoficialmente chamado de M1 \u2014 dever\u00e1 acontecer no primeiro semestre de 2024.<br>Lei Jun, presidente da empresa, confirmou a data durante um evento interno para <a href=\"https:\/\/olhardigital.com.br\/tag\/investimento\/\" target=\"_blank\" rel=\"noreferrer noopener\">investidores<\/a> da fabricante chinesa de gadgets e smartphones, comunicando que a partir de ent\u00e3o, o ve\u00edculo estaria pronto para disputar no segmento de eletromobilidade.<br>Com uma produ\u00e7\u00e3o totalmente orquestrada pela pr\u00f3pria fabricante, Lei Jun alega que a movimenta\u00e7\u00e3o atual \u00e9 crucial para garantir a entrada da empresa no setor \u2014 que faz sentido dentro de uma mudan\u00e7a de paradigma do mercado.<br>\u201cOs carros el\u00e9tricos se transformaram de uma ind\u00fastria mec\u00e2nica para uma ind\u00fastria de informa\u00e7\u00e3o\u201d, afirma o representante.<\/p>\n\n\n\n<h4 class=\"wp-block-heading\"><span class=\"has-inline-color has-black-color\">Xiaomi investir\u00e1 US$ 10 bi em estrutura de produ\u00e7\u00e3o de carro el\u00e9trico<\/span><\/h4>\n\n\n\n<figure class=\"wp-block-image size-large is-style-default\"><img loading=\"lazy\" decoding=\"async\" width=\"1000\" height=\"526\" src=\"https:\/\/jornalfatosenoticias.com.br\/wp-content\/uploads\/2021\/10\/carro-xiaomi-interna-2.jpg\" alt=\"\" class=\"wp-image-24335\" srcset=\"https:\/\/jornalfatosenoticias.com.br\/wp-content\/uploads\/2021\/10\/carro-xiaomi-interna-2.jpg 1000w, https:\/\/jornalfatosenoticias.com.br\/wp-content\/uploads\/2021\/10\/carro-xiaomi-interna-2-300x158.jpg 300w, https:\/\/jornalfatosenoticias.com.br\/wp-content\/uploads\/2021\/10\/carro-xiaomi-interna-2-768x404.jpg 768w\" sizes=\"auto, (max-width: 1000px) 100vw, 1000px\" \/><figcaption><em><span class=\"has-inline-color has-black-color\"><strong>Ve\u00edculo ainda n\u00e3o tem imagens oficiais, mas f\u00e3s j\u00e1 criam renders do autom\u00f3vel na internet (Foto: Reprodu\u00e7\u00e3o\/Mo Fei\/Weibo)<\/strong><\/span><\/em><\/figcaption><\/figure>\n\n\n\n<p>Segundo informa\u00e7\u00f5es da <a href=\"https:\/\/www.reuters.com\/business\/autos-transportation\/xiaomi-mass-produce-its-own-cars-h1-2024-executive-2021-10-19\/\" target=\"_blank\" rel=\"noreferrer noopener\"><em>Reuters<\/em><\/a>, a Xiaomi est\u00e1 destinando um investimento inicial de 1,54 bilh\u00e3o de Yuans (R$ 1,34 bilh\u00e3o na convers\u00e3o de hoje) na constru\u00e7\u00e3o de um complexo industrial para a produ\u00e7\u00e3o de seus ve\u00edculos el\u00e9tricos. A fabricante chinesa espera aplicar mais 10 bilh\u00f5es (R$ 8,70 bilh\u00f5es) em investimento no per\u00edodo de uma d\u00e9cada.<br>No momento, a Xiaomi ainda est\u00e1 distante do lan\u00e7amento do seu carro el\u00e9trico, tendo completado apenas a assinatura de registro de sua unidade de produ\u00e7\u00e3o, com o t\u00edtulo \u201cXiaomi EV\u201d. O an\u00fancio \u00e9 acompanhado do aumento de a\u00e7\u00f5es da fabricante chinesa, que subiu <a href=\"https:\/\/olhardigital.com.br\/2021\/10\/19\/pro\/acoes-da-xiaomi-saltam-5-empresa-vai-fabricar-carros-eletricos-em-2024\/\" target=\"_blank\" rel=\"noreferrer noopener\">em 5%<\/a> na \u00faltima ter\u00e7a-feira (19), data da declara\u00e7\u00e3o de Jun.<br>At\u00e9 o momento, a empresa ainda n\u00e3o anunciou mais detalhes do ve\u00edculo, nem se possui acordos em andamento com outras montadoras para estabelecer parte da sua linha de produ\u00e7\u00e3o. Tamb\u00e9m n\u00e3o h\u00e1 informa\u00e7\u00f5es se o autom\u00f3vel ser\u00e1 apenas destinado \u00e0 China ou se h\u00e1 previs\u00f5es de lan\u00e7amento global.<br>Segundo o CEO da Xiaomi, o \u201cM1\u201d custar\u00e1 entre 100 mil e 300 mil yuans \u2014 ou aproximadamente R$ 87 mil a 261 mil, na convers\u00e3o atual, sem taxas nem impostos. O ve\u00edculo ainda n\u00e3o tem imagens oficiais, mas isso n\u00e3o impediu f\u00e3s de criarem renders do autom\u00f3vel na internet, como as que ilustram esta reportagem.<\/p>\n\n\n\n<p><strong><em>Fonte: <a href=\"https:\/\/olhardigital.com.br\/2021\/10\/25\/carros-e-tecnologia\/carro-eletrico-xiaomi\/\">Olhar Digital<\/a><\/em><\/strong><\/p>\n","protected":false},"excerpt":{"rendered":"<p>A Xiaomi\u00a0anunciou que o lan\u00e7amento de seu\u00a0carro el\u00e9trico, ainda sem nome \u2014 por\u00e9m, extraoficialmente chamado de M1 \u2014 dever\u00e1 acontecer no primeiro semestre de 2024.Lei Jun, presidente da empresa, confirmou a data durante um evento interno para investidores da fabricante chinesa de gadgets e smartphones, comunicando que a partir de ent\u00e3o, o ve\u00edculo estaria pronto [&hellip;]<\/p>\n","protected":false},"author":2,"featured_media":24336,"comment_status":"open","ping_status":"open","sticky":false,"template":"","format":"standard","meta":{"footnotes":""},"categories":[3],"tags":[3108,4538,2705,3836],"class_list":["post-24334","post","type-post","status-publish","format-standard","has-post-thumbnail","hentry","category-tecnologia","tag-carro-eletrico","tag-carros-e-tecnologia","tag-veiculos-eletricos","tag-xiaomi"],"yoast_head":"<!-- This site is optimized with the Yoast SEO plugin v26.5 - https:\/\/yoast.com\/wordpress\/plugins\/seo\/ -->\n<title>Lan\u00e7amento do carro el\u00e9trico da Xiaomi deve acontecer em 2024 - Jornal Fatos e Not\u00edcias<\/title>\n<meta name=\"robots\" content=\"index, follow, max-snippet:-1, max-image-preview:large, max-video-preview:-1\" \/>\n<link rel=\"canonical\" href=\"https:\/\/jornalfatosenoticias.com.br\/index.php\/2021\/10\/25\/lancamento-do-carro-eletrico-da-xiaomi-deve-acontecer-em-2024\/\" \/>\n<meta property=\"og:locale\" content=\"pt_BR\" \/>\n<meta property=\"og:type\" content=\"article\" \/>\n<meta property=\"og:title\" content=\"Lan\u00e7amento do carro el\u00e9trico da Xiaomi deve acontecer em 2024 - Jornal Fatos e Not\u00edcias\" \/>\n<meta property=\"og:description\" content=\"A Xiaomi\u00a0anunciou que o lan\u00e7amento de seu\u00a0carro el\u00e9trico, ainda sem nome \u2014 por\u00e9m, extraoficialmente chamado de M1 \u2014 dever\u00e1 acontecer no primeiro semestre de 2024.Lei Jun, presidente da empresa, confirmou a data durante um evento interno para investidores da fabricante chinesa de gadgets e smartphones, comunicando que a partir de ent\u00e3o, o ve\u00edculo estaria pronto [&hellip;]\" \/>\n<meta property=\"og:url\" content=\"https:\/\/jornalfatosenoticias.com.br\/index.php\/2021\/10\/25\/lancamento-do-carro-eletrico-da-xiaomi-deve-acontecer-em-2024\/\" \/>\n<meta property=\"og:site_name\" content=\"Jornal Fatos e Not\u00edcias\" \/>\n<meta property=\"article:published_time\" content=\"2021-10-25T21:13:45+00:00\" \/>\n<meta property=\"article:modified_time\" content=\"2021-10-25T21:13:47+00:00\" \/>\n<meta property=\"og:image\" content=\"https:\/\/jornalfatosenoticias.com.br\/wp-content\/uploads\/2021\/10\/carro-eletrico-xiaomi-interna-1.jpg\" \/>\n\t<meta property=\"og:image:width\" content=\"1000\" \/>\n\t<meta property=\"og:image:height\" content=\"439\" \/>\n\t<meta property=\"og:image:type\" content=\"image\/jpeg\" \/>\n<meta name=\"author\" content=\"Luzimara Fernandes\" \/>\n<meta name=\"twitter:card\" content=\"summary_large_image\" \/>\n<meta name=\"twitter:label1\" content=\"Escrito por\" \/>\n\t<meta name=\"twitter:data1\" content=\"Luzimara Fernandes\" \/>\n\t<meta name=\"twitter:label2\" content=\"Est. tempo de leitura\" \/>\n\t<meta name=\"twitter:data2\" content=\"2 minutos\" \/>\n<script type=\"application\/ld+json\" class=\"yoast-schema-graph\">{\"@context\":\"https:\/\/schema.org\",\"@graph\":[{\"@type\":\"Article\",\"@id\":\"https:\/\/jornalfatosenoticias.com.br\/index.php\/2021\/10\/25\/lancamento-do-carro-eletrico-da-xiaomi-deve-acontecer-em-2024\/#article\",\"isPartOf\":{\"@id\":\"https:\/\/jornalfatosenoticias.com.br\/index.php\/2021\/10\/25\/lancamento-do-carro-eletrico-da-xiaomi-deve-acontecer-em-2024\/\"},\"author\":{\"name\":\"Luzimara Fernandes\",\"@id\":\"https:\/\/jornalfatosenoticias.com.br\/#\/schema\/person\/d63837fa13ac8666eb9e74e0985d6f81\"},\"headline\":\"Lan\u00e7amento do carro el\u00e9trico da Xiaomi deve acontecer em 2024\",\"datePublished\":\"2021-10-25T21:13:45+00:00\",\"dateModified\":\"2021-10-25T21:13:47+00:00\",\"mainEntityOfPage\":{\"@id\":\"https:\/\/jornalfatosenoticias.com.br\/index.php\/2021\/10\/25\/lancamento-do-carro-eletrico-da-xiaomi-deve-acontecer-em-2024\/\"},\"wordCount\":413,\"commentCount\":0,\"publisher\":{\"@id\":\"https:\/\/jornalfatosenoticias.com.br\/#organization\"},\"image\":{\"@id\":\"https:\/\/jornalfatosenoticias.com.br\/index.php\/2021\/10\/25\/lancamento-do-carro-eletrico-da-xiaomi-deve-acontecer-em-2024\/#primaryimage\"},\"thumbnailUrl\":\"https:\/\/jornalfatosenoticias.com.br\/wp-content\/uploads\/2021\/10\/carro-eletrico-xiaomi-interna-1.jpg\",\"keywords\":[\"carro el\u00e9trico\",\"carros e tecnologia\",\"ve\u00edculos el\u00e9tricos\",\"Xiaomi\"],\"articleSection\":[\"Tecnologia &amp; Inova\u00e7\u00e3o\"],\"inLanguage\":\"pt-BR\",\"potentialAction\":[{\"@type\":\"CommentAction\",\"name\":\"Comment\",\"target\":[\"https:\/\/jornalfatosenoticias.com.br\/index.php\/2021\/10\/25\/lancamento-do-carro-eletrico-da-xiaomi-deve-acontecer-em-2024\/#respond\"]}]},{\"@type\":\"WebPage\",\"@id\":\"https:\/\/jornalfatosenoticias.com.br\/index.php\/2021\/10\/25\/lancamento-do-carro-eletrico-da-xiaomi-deve-acontecer-em-2024\/\",\"url\":\"https:\/\/jornalfatosenoticias.com.br\/index.php\/2021\/10\/25\/lancamento-do-carro-eletrico-da-xiaomi-deve-acontecer-em-2024\/\",\"name\":\"Lan\u00e7amento do carro el\u00e9trico da Xiaomi deve acontecer em 2024 - Jornal Fatos e Not\u00edcias\",\"isPartOf\":{\"@id\":\"https:\/\/jornalfatosenoticias.com.br\/#website\"},\"primaryImageOfPage\":{\"@id\":\"https:\/\/jornalfatosenoticias.com.br\/index.php\/2021\/10\/25\/lancamento-do-carro-eletrico-da-xiaomi-deve-acontecer-em-2024\/#primaryimage\"},\"image\":{\"@id\":\"https:\/\/jornalfatosenoticias.com.br\/index.php\/2021\/10\/25\/lancamento-do-carro-eletrico-da-xiaomi-deve-acontecer-em-2024\/#primaryimage\"},\"thumbnailUrl\":\"https:\/\/jornalfatosenoticias.com.br\/wp-content\/uploads\/2021\/10\/carro-eletrico-xiaomi-interna-1.jpg\",\"datePublished\":\"2021-10-25T21:13:45+00:00\",\"dateModified\":\"2021-10-25T21:13:47+00:00\",\"breadcrumb\":{\"@id\":\"https:\/\/jornalfatosenoticias.com.br\/index.php\/2021\/10\/25\/lancamento-do-carro-eletrico-da-xiaomi-deve-acontecer-em-2024\/#breadcrumb\"},\"inLanguage\":\"pt-BR\",\"potentialAction\":[{\"@type\":\"ReadAction\",\"target\":[\"https:\/\/jornalfatosenoticias.com.br\/index.php\/2021\/10\/25\/lancamento-do-carro-eletrico-da-xiaomi-deve-acontecer-em-2024\/\"]}]},{\"@type\":\"ImageObject\",\"inLanguage\":\"pt-BR\",\"@id\":\"https:\/\/jornalfatosenoticias.com.br\/index.php\/2021\/10\/25\/lancamento-do-carro-eletrico-da-xiaomi-deve-acontecer-em-2024\/#primaryimage\",\"url\":\"https:\/\/jornalfatosenoticias.com.br\/wp-content\/uploads\/2021\/10\/carro-eletrico-xiaomi-interna-1.jpg\",\"contentUrl\":\"https:\/\/jornalfatosenoticias.com.br\/wp-content\/uploads\/2021\/10\/carro-eletrico-xiaomi-interna-1.jpg\",\"width\":1000,\"height\":439},{\"@type\":\"BreadcrumbList\",\"@id\":\"https:\/\/jornalfatosenoticias.com.br\/index.php\/2021\/10\/25\/lancamento-do-carro-eletrico-da-xiaomi-deve-acontecer-em-2024\/#breadcrumb\",\"itemListElement\":[{\"@type\":\"ListItem\",\"position\":1,\"name\":\"In\u00edcio\",\"item\":\"https:\/\/jornalfatosenoticias.com.br\/\"},{\"@type\":\"ListItem\",\"position\":2,\"name\":\"Lan\u00e7amento do carro el\u00e9trico da Xiaomi deve acontecer em 2024\"}]},{\"@type\":\"WebSite\",\"@id\":\"https:\/\/jornalfatosenoticias.com.br\/#website\",\"url\":\"https:\/\/jornalfatosenoticias.com.br\/\",\"name\":\"Jornal Fatos e Not\u00edcias\",\"description\":\"Not\u00edcias em geral\",\"publisher\":{\"@id\":\"https:\/\/jornalfatosenoticias.com.br\/#organization\"},\"potentialAction\":[{\"@type\":\"SearchAction\",\"target\":{\"@type\":\"EntryPoint\",\"urlTemplate\":\"https:\/\/jornalfatosenoticias.com.br\/?s={search_term_string}\"},\"query-input\":{\"@type\":\"PropertyValueSpecification\",\"valueRequired\":true,\"valueName\":\"search_term_string\"}}],\"inLanguage\":\"pt-BR\"},{\"@type\":\"Organization\",\"@id\":\"https:\/\/jornalfatosenoticias.com.br\/#organization\",\"name\":\"Jornal Fatos e Not\u00edcias\",\"url\":\"https:\/\/jornalfatosenoticias.com.br\/\",\"logo\":{\"@type\":\"ImageObject\",\"inLanguage\":\"pt-BR\",\"@id\":\"https:\/\/jornalfatosenoticias.com.br\/#\/schema\/logo\/image\/\",\"url\":\"https:\/\/jornalfatosenoticias.com.br\/wp-content\/uploads\/2020\/02\/logo120.png\",\"contentUrl\":\"https:\/\/jornalfatosenoticias.com.br\/wp-content\/uploads\/2020\/02\/logo120.png\",\"width\":1227,\"height\":120,\"caption\":\"Jornal Fatos e Not\u00edcias\"},\"image\":{\"@id\":\"https:\/\/jornalfatosenoticias.com.br\/#\/schema\/logo\/image\/\"}},{\"@type\":\"Person\",\"@id\":\"https:\/\/jornalfatosenoticias.com.br\/#\/schema\/person\/d63837fa13ac8666eb9e74e0985d6f81\",\"name\":\"Luzimara Fernandes\",\"image\":{\"@type\":\"ImageObject\",\"inLanguage\":\"pt-BR\",\"@id\":\"https:\/\/jornalfatosenoticias.com.br\/#\/schema\/person\/image\/\",\"url\":\"https:\/\/jornalfatosenoticias.com.br\/wp-content\/uploads\/2025\/05\/EU_portal.jpg\",\"contentUrl\":\"https:\/\/jornalfatosenoticias.com.br\/wp-content\/uploads\/2025\/05\/EU_portal.jpg\",\"caption\":\"Luzimara Fernandes\"},\"description\":\"Jornalista MTB 2358-ES\",\"sameAs\":[\"https:\/\/jornalfatosenoticias.com.br\"],\"url\":\"https:\/\/jornalfatosenoticias.com.br\/index.php\/author\/luzimara\/\"}]}<\/script>\n<!-- \/ Yoast SEO plugin. -->","yoast_head_json":{"title":"Lan\u00e7amento do carro el\u00e9trico da Xiaomi deve acontecer em 2024 - Jornal Fatos e Not\u00edcias","robots":{"index":"index","follow":"follow","max-snippet":"max-snippet:-1","max-image-preview":"max-image-preview:large","max-video-preview":"max-video-preview:-1"},"canonical":"https:\/\/jornalfatosenoticias.com.br\/index.php\/2021\/10\/25\/lancamento-do-carro-eletrico-da-xiaomi-deve-acontecer-em-2024\/","og_locale":"pt_BR","og_type":"article","og_title":"Lan\u00e7amento do carro el\u00e9trico da Xiaomi deve acontecer em 2024 - Jornal Fatos e Not\u00edcias","og_description":"A Xiaomi\u00a0anunciou que o lan\u00e7amento de seu\u00a0carro el\u00e9trico, ainda sem nome \u2014 por\u00e9m, extraoficialmente chamado de M1 \u2014 dever\u00e1 acontecer no primeiro semestre de 2024.Lei Jun, presidente da empresa, confirmou a data durante um evento interno para investidores da fabricante chinesa de gadgets e smartphones, comunicando que a partir de ent\u00e3o, o ve\u00edculo estaria pronto [&hellip;]","og_url":"https:\/\/jornalfatosenoticias.com.br\/index.php\/2021\/10\/25\/lancamento-do-carro-eletrico-da-xiaomi-deve-acontecer-em-2024\/","og_site_name":"Jornal Fatos e Not\u00edcias","article_published_time":"2021-10-25T21:13:45+00:00","article_modified_time":"2021-10-25T21:13:47+00:00","og_image":[{"width":1000,"height":439,"url":"https:\/\/jornalfatosenoticias.com.br\/wp-content\/uploads\/2021\/10\/carro-eletrico-xiaomi-interna-1.jpg","type":"image\/jpeg"}],"author":"Luzimara Fernandes","twitter_card":"summary_large_image","twitter_misc":{"Escrito por":"Luzimara Fernandes","Est. tempo de leitura":"2 minutos"},"schema":{"@context":"https:\/\/schema.org","@graph":[{"@type":"Article","@id":"https:\/\/jornalfatosenoticias.com.br\/index.php\/2021\/10\/25\/lancamento-do-carro-eletrico-da-xiaomi-deve-acontecer-em-2024\/#article","isPartOf":{"@id":"https:\/\/jornalfatosenoticias.com.br\/index.php\/2021\/10\/25\/lancamento-do-carro-eletrico-da-xiaomi-deve-acontecer-em-2024\/"},"author":{"name":"Luzimara Fernandes","@id":"https:\/\/jornalfatosenoticias.com.br\/#\/schema\/person\/d63837fa13ac8666eb9e74e0985d6f81"},"headline":"Lan\u00e7amento do carro el\u00e9trico da Xiaomi deve acontecer em 2024","datePublished":"2021-10-25T21:13:45+00:00","dateModified":"2021-10-25T21:13:47+00:00","mainEntityOfPage":{"@id":"https:\/\/jornalfatosenoticias.com.br\/index.php\/2021\/10\/25\/lancamento-do-carro-eletrico-da-xiaomi-deve-acontecer-em-2024\/"},"wordCount":413,"commentCount":0,"publisher":{"@id":"https:\/\/jornalfatosenoticias.com.br\/#organization"},"image":{"@id":"https:\/\/jornalfatosenoticias.com.br\/index.php\/2021\/10\/25\/lancamento-do-carro-eletrico-da-xiaomi-deve-acontecer-em-2024\/#primaryimage"},"thumbnailUrl":"https:\/\/jornalfatosenoticias.com.br\/wp-content\/uploads\/2021\/10\/carro-eletrico-xiaomi-interna-1.jpg","keywords":["carro el\u00e9trico","carros e tecnologia","ve\u00edculos el\u00e9tricos","Xiaomi"],"articleSection":["Tecnologia &amp; Inova\u00e7\u00e3o"],"inLanguage":"pt-BR","potentialAction":[{"@type":"CommentAction","name":"Comment","target":["https:\/\/jornalfatosenoticias.com.br\/index.php\/2021\/10\/25\/lancamento-do-carro-eletrico-da-xiaomi-deve-acontecer-em-2024\/#respond"]}]},{"@type":"WebPage","@id":"https:\/\/jornalfatosenoticias.com.br\/index.php\/2021\/10\/25\/lancamento-do-carro-eletrico-da-xiaomi-deve-acontecer-em-2024\/","url":"https:\/\/jornalfatosenoticias.com.br\/index.php\/2021\/10\/25\/lancamento-do-carro-eletrico-da-xiaomi-deve-acontecer-em-2024\/","name":"Lan\u00e7amento do carro el\u00e9trico da Xiaomi deve acontecer em 2024 - Jornal Fatos e Not\u00edcias","isPartOf":{"@id":"https:\/\/jornalfatosenoticias.com.br\/#website"},"primaryImageOfPage":{"@id":"https:\/\/jornalfatosenoticias.com.br\/index.php\/2021\/10\/25\/lancamento-do-carro-eletrico-da-xiaomi-deve-acontecer-em-2024\/#primaryimage"},"image":{"@id":"https:\/\/jornalfatosenoticias.com.br\/index.php\/2021\/10\/25\/lancamento-do-carro-eletrico-da-xiaomi-deve-acontecer-em-2024\/#primaryimage"},"thumbnailUrl":"https:\/\/jornalfatosenoticias.com.br\/wp-content\/uploads\/2021\/10\/carro-eletrico-xiaomi-interna-1.jpg","datePublished":"2021-10-25T21:13:45+00:00","dateModified":"2021-10-25T21:13:47+00:00","breadcrumb":{"@id":"https:\/\/jornalfatosenoticias.com.br\/index.php\/2021\/10\/25\/lancamento-do-carro-eletrico-da-xiaomi-deve-acontecer-em-2024\/#breadcrumb"},"inLanguage":"pt-BR","potentialAction":[{"@type":"ReadAction","target":["https:\/\/jornalfatosenoticias.com.br\/index.php\/2021\/10\/25\/lancamento-do-carro-eletrico-da-xiaomi-deve-acontecer-em-2024\/"]}]},{"@type":"ImageObject","inLanguage":"pt-BR","@id":"https:\/\/jornalfatosenoticias.com.br\/index.php\/2021\/10\/25\/lancamento-do-carro-eletrico-da-xiaomi-deve-acontecer-em-2024\/#primaryimage","url":"https:\/\/jornalfatosenoticias.com.br\/wp-content\/uploads\/2021\/10\/carro-eletrico-xiaomi-interna-1.jpg","contentUrl":"https:\/\/jornalfatosenoticias.com.br\/wp-content\/uploads\/2021\/10\/carro-eletrico-xiaomi-interna-1.jpg","width":1000,"height":439},{"@type":"BreadcrumbList","@id":"https:\/\/jornalfatosenoticias.com.br\/index.php\/2021\/10\/25\/lancamento-do-carro-eletrico-da-xiaomi-deve-acontecer-em-2024\/#breadcrumb","itemListElement":[{"@type":"ListItem","position":1,"name":"In\u00edcio","item":"https:\/\/jornalfatosenoticias.com.br\/"},{"@type":"ListItem","position":2,"name":"Lan\u00e7amento do carro el\u00e9trico da Xiaomi deve acontecer em 2024"}]},{"@type":"WebSite","@id":"https:\/\/jornalfatosenoticias.com.br\/#website","url":"https:\/\/jornalfatosenoticias.com.br\/","name":"Jornal Fatos e Not\u00edcias","description":"Not\u00edcias em geral","publisher":{"@id":"https:\/\/jornalfatosenoticias.com.br\/#organization"},"potentialAction":[{"@type":"SearchAction","target":{"@type":"EntryPoint","urlTemplate":"https:\/\/jornalfatosenoticias.com.br\/?s={search_term_string}"},"query-input":{"@type":"PropertyValueSpecification","valueRequired":true,"valueName":"search_term_string"}}],"inLanguage":"pt-BR"},{"@type":"Organization","@id":"https:\/\/jornalfatosenoticias.com.br\/#organization","name":"Jornal Fatos e Not\u00edcias","url":"https:\/\/jornalfatosenoticias.com.br\/","logo":{"@type":"ImageObject","inLanguage":"pt-BR","@id":"https:\/\/jornalfatosenoticias.com.br\/#\/schema\/logo\/image\/","url":"https:\/\/jornalfatosenoticias.com.br\/wp-content\/uploads\/2020\/02\/logo120.png","contentUrl":"https:\/\/jornalfatosenoticias.com.br\/wp-content\/uploads\/2020\/02\/logo120.png","width":1227,"height":120,"caption":"Jornal Fatos e Not\u00edcias"},"image":{"@id":"https:\/\/jornalfatosenoticias.com.br\/#\/schema\/logo\/image\/"}},{"@type":"Person","@id":"https:\/\/jornalfatosenoticias.com.br\/#\/schema\/person\/d63837fa13ac8666eb9e74e0985d6f81","name":"Luzimara Fernandes","image":{"@type":"ImageObject","inLanguage":"pt-BR","@id":"https:\/\/jornalfatosenoticias.com.br\/#\/schema\/person\/image\/","url":"https:\/\/jornalfatosenoticias.com.br\/wp-content\/uploads\/2025\/05\/EU_portal.jpg","contentUrl":"https:\/\/jornalfatosenoticias.com.br\/wp-content\/uploads\/2025\/05\/EU_portal.jpg","caption":"Luzimara Fernandes"},"description":"Jornalista MTB 2358-ES","sameAs":["https:\/\/jornalfatosenoticias.com.br"],"url":"https:\/\/jornalfatosenoticias.com.br\/index.php\/author\/luzimara\/"}]}},"cc_featured_image_caption":{"caption_text":"(Foto: Reprodu\u00e7\u00e3o\/Mo Fei\/Weibo)","source_text":"","source_url":""},"jetpack_featured_media_url":"https:\/\/jornalfatosenoticias.com.br\/wp-content\/uploads\/2021\/10\/carro-eletrico-xiaomi-interna-1.jpg","_links":{"self":[{"href":"https:\/\/jornalfatosenoticias.com.br\/index.php\/wp-json\/wp\/v2\/posts\/24334","targetHints":{"allow":["GET"]}}],"collection":[{"href":"https:\/\/jornalfatosenoticias.com.br\/index.php\/wp-json\/wp\/v2\/posts"}],"about":[{"href":"https:\/\/jornalfatosenoticias.com.br\/index.php\/wp-json\/wp\/v2\/types\/post"}],"author":[{"embeddable":true,"href":"https:\/\/jornalfatosenoticias.com.br\/index.php\/wp-json\/wp\/v2\/users\/2"}],"replies":[{"embeddable":true,"href":"https:\/\/jornalfatosenoticias.com.br\/index.php\/wp-json\/wp\/v2\/comments?post=24334"}],"version-history":[{"count":0,"href":"https:\/\/jornalfatosenoticias.com.br\/index.php\/wp-json\/wp\/v2\/posts\/24334\/revisions"}],"wp:featuredmedia":[{"embeddable":true,"href":"https:\/\/jornalfatosenoticias.com.br\/index.php\/wp-json\/wp\/v2\/media\/24336"}],"wp:attachment":[{"href":"https:\/\/jornalfatosenoticias.com.br\/index.php\/wp-json\/wp\/v2\/media?parent=24334"}],"wp:term":[{"taxonomy":"category","embeddable":true,"href":"https:\/\/jornalfatosenoticias.com.br\/index.php\/wp-json\/wp\/v2\/categories?post=24334"},{"taxonomy":"post_tag","embeddable":true,"href":"https:\/\/jornalfatosenoticias.com.br\/index.php\/wp-json\/wp\/v2\/tags?post=24334"}],"curies":[{"name":"wp","href":"https:\/\/api.w.org\/{rel}","templated":true}]}}