{"id":2434,"date":"2020-03-25T11:54:58","date_gmt":"2020-03-25T14:54:58","guid":{"rendered":"https:\/\/jornalfatosenoticias.com.br\/?p=2434"},"modified":"2020-03-25T11:55:03","modified_gmt":"2020-03-25T14:55:03","slug":"o-mediterraneo-quase-secou-mas-foi-salvo-por-um-diluvio","status":"publish","type":"post","link":"https:\/\/jornalfatosenoticias.com.br\/index.php\/2020\/03\/25\/o-mediterraneo-quase-secou-mas-foi-salvo-por-um-diluvio\/","title":{"rendered":"O Mediterr\u00e2neo quase secou, mas foi salvo por um dil\u00favio"},"content":{"rendered":"\n<h6 class=\"wp-block-heading\"><em>Novas evid\u00eancias reacendem um longo debate sobre como o mar se reconectou ao oceano<\/em><\/h6>\n\n\n\n<p>As \u00e1guas serenas de cor azul-turquesa do Mar Mediterr\u00e2neo escondem um segredo de sabor acentuado: uma camada de sal de at\u00e9 tr\u00eas quil\u00f4metros de espessura, escondida nas profundezas da bacia. Os minerais brancos s\u00e3o um dos poucos vest\u00edgios de um antigo Mar Mediterr\u00e2neo que desapareceu milh\u00f5es de anos atr\u00e1s. Alguns cientistas acreditam que o mar inteiro evaporou por um tempo e secou como o Saara ao sul.<br>\nMesmo depois de d\u00e9cadas de estudo, os detalhes sobre o desaparecimento do mar e sobre as torrentes de \u00e1gua que reabasteceram a bacia ainda permanecem um mist\u00e9rio. O reabastecimento do Mediterr\u00e2neo cerca de cinco milh\u00f5es de anos atr\u00e1s pode ter sido a maior inunda\u00e7\u00e3o da hist\u00f3ria do planeta. Segundo uma estimativa, a cascata de \u00e1gua que inundou a bacia de aspecto cavernoso era cerca de 500 vezes maior do que a vaz\u00e3o do rio Amazonas.<br>\n\u201cFoi algo espantoso\u201d, diz Daniel Garc\u00eda-Castellanos, do Instituto de Ci\u00eancias da Terra Jaume Almera, na Espanha. Em uma recente an\u00e1lise publicada na revista cient\u00edfica Earth-Science Reviews, Garc\u00eda-Castellanos e sua equipe identificaram um bols\u00e3o de sedimentos que pode ter sido depositado pela megainunda\u00e7\u00e3o.<br>\nSem essa reconex\u00e3o catacl\u00edsmica com o Oceano Atl\u00e2ntico, o Mediterr\u00e2neo, na forma em que conhecemos hoje, n\u00e3o existiria. Navios n\u00e3o teriam conseguido atravessar a via naveg\u00e1vel para alimentar as ricas culturas que pontilham sua orla desde os prim\u00f3rdios da civiliza\u00e7\u00e3o humana. E hoje, o Mar Mediterr\u00e2neo exerce um papel vital para a circula\u00e7\u00e3o global da \u00e1gua. A evapora\u00e7\u00e3o infunde suas \u00e1guas com uma dose extra de sal; essas \u00e1guas des\u00e1guam no Atl\u00e2ntico e ajudam a acionar movimentos oce\u00e2nicos que percorrem o mundo todo, influenciando temperaturas, padr\u00f5es de tempestades e muito mais.<br>\n\u00c0 medida que as temperaturas modernas continuam subindo e as calotas polares diminuem, \u00e9 \u201cmuito importante\u201d descobrir quais processos levaram \u00e0 forma\u00e7\u00e3o do planeta que conhecemos hoje, diz Rachel Flecker, ge\u00f3loga da Universidade de Bristol.<\/p>\n\n\n\n<h4 class=\"wp-block-heading\">A maior inunda\u00e7\u00e3o de todos os tempos<\/h4>\n\n\n\n<p>Hoje, os milh\u00f5es de quil\u00f4metros c\u00fabicos de \u00e1gua do Mar Mediterr\u00e2neo evaporam constantemente e cerca de um metro e meio de \u00e1gua se transforma em vapor todos os anos. Chuvas e rios n\u00e3o s\u00e3o suficientes para abastecer o sistema. A \u00fanica fonte de \u00e1gua que mant\u00e9m o corpo est\u00e1vel \u00e9 um fluxo constante proveniente do vizinho Atl\u00e2ntico, que flui por um canal entre a Espanha e o Marrocos, o Estreito de Gibraltar.<br>\nH\u00e1 milh\u00f5es de anos, mudan\u00e7as tect\u00f4nicas nas profundezas podem ter for\u00e7ado a superf\u00edcie para cima, impedindo a vital conex\u00e3o entre o Mediterr\u00e2neo e o Atl\u00e2ntico. \u00c9 prov\u00e1vel que as \u00e1guas tenham continuado a fluir para a bacia, mas a mudan\u00e7a teria interrompido a rota de fuga de correntes salinas densas que se movimentavam no leito da bacia at\u00e9 atingirem o oceano aberto. H\u00e1 cerca de seis milh\u00f5es de anos, os sais come\u00e7aram a se acumular \u2014 o suficiente para dar a cada um dos 7,7 bilh\u00f5es de pessoas no mundo cerca de 50 Grandes Pir\u00e2mides de Giz\u00e9 preenchidas com o mineral.<br>\nAlguns pesquisadores sugerem que a regi\u00e3o quase secou antes de ser inundada, deixando uma bacia de aspecto cavernoso mergulhada mais de um quil\u00f4metro e meio abaixo do n\u00edvel atual do mar. Tudo o que havia entre a bacia vazia e o poderoso Atl\u00e2ntico pode ter sido um acanhado peda\u00e7o de terra onde hoje est\u00e1 localizado o Estreito de Gibraltar (embora a largura exata dessa antiga ponte ainda permane\u00e7a desconhecida).<br>\nCerca de 5,3 milh\u00f5es de anos atr\u00e1s, uma inunda\u00e7\u00e3o de enormes propor\u00e7\u00f5es invadiu a divis\u00e3o e reconectou o mar com o oceano. Mas, assim como a quest\u00e3o da estiagem do Mediterr\u00e2neo \u00e9 discutida, o mesmo ocorre em rela\u00e7\u00e3o \u00e0 dimens\u00e3o da inunda\u00e7\u00e3o. Com poucas evid\u00eancias dispon\u00edveis, Garc\u00eda-Castellanos e sua equipe se perguntavam a que velocidade a bacia vazia do Mediterr\u00e2neo poderia ser reabastecida. O fen\u00f4meno provavelmente come\u00e7ou com um gotejamento na barragem natural que conecta a Europa moderna \u00e0 \u00c1frica, de acordo com modelos de um estudo de 2009. Mas a eros\u00e3o rapidamente tomou conta. \u201cO processo se torna irrevers\u00edvel muito rapidamente\u201d, diz Garc\u00eda-Castellanos.<br>\n\u00c0 medida que a \u00e1gua subia, um caminho mais profundo se abria, permitindo a passagem de ainda mais \u00e1gua. No auge, o fluxo pode ter jorrado 100 milh\u00f5es de metros c\u00fabicos por segundo, enchendo o mar em dois anos ou menos. Tal evento teria gerado o equivalente a pelo menos 400 milh\u00f5es de piscinas ol\u00edmpicas cheias de sedimentos, abrindo um canal atrav\u00e9s do Estreito de Gibraltar e esculpindo um desfiladeiro que se estende at\u00e9 o fundo do mar.<br>\n\u201c\u00c9 como a \u00e1gua que sai de uma mangueira dos bombeiros\u201d, diz William Ryan, ge\u00f3logo marinho da Universidade de Columbia que participou dos primeiros trabalhos de identifica\u00e7\u00e3o dos dep\u00f3sitos de sal no Mediterr\u00e2neo.<br>\nO evento catacl\u00edsmico transformou toda a regi\u00e3o, movimentando n\u00e3o apenas \u00e1gua, mas removendo peda\u00e7os de rocha, areia e qualquer outra coisa que estivesse no caminho. \u201cQuando se trata desse n\u00edvel de for\u00e7a, os sedimentos n\u00e3o s\u00e3o movimentados como pequenos gr\u00e3os sobre o leito. Tudo fica em um estado ca\u00f3tico e extremamente turbulento\u201d, diz Victor Baker, ge\u00f3logo da Universidade do Arizona e especialista em grandes inunda\u00e7\u00f5es.<\/p>\n\n\n\n<h4 class=\"wp-block-heading\">Desvendando um mist\u00e9rio pr\u00e9-hist\u00f3rico<\/h4>\n\n\n\n<p>Os ge\u00f3logos do s\u00e9culo 19 n\u00e3o acreditavam que inunda\u00e7\u00f5es dessa magnitude seriam poss\u00edveis. Eles precisavam de evid\u00eancias coletadas em processos modernos para comprovar a possibilidade de ocorr\u00eancia de um evento antigo. \u201cO problema \u00e9 que inunda\u00e7\u00f5es de enormes propor\u00e7\u00f5es s\u00e3o raras\u201d, diz Baker. Assim como o impacto catastr\u00f3fico do asteroide de Chicxulub que mudou para sempre a vida na Terra, as megainunda\u00e7\u00f5es n\u00e3o acontecem todos os anos \u2014 ou nem mesmo a cada um milh\u00e3o de anos.<br>\nOs cientistas come\u00e7aram a investigar a hist\u00f3ria do Mediterr\u00e2neo j\u00e1 na d\u00e9cada de 1950, quando encontraram dep\u00f3sitos de sal na orla, sugerindo um mar antigo particularmente salgado. Na d\u00e9cada de 1970, pesquisadores a bordo do Glomar Challenger perfuraram o leito do mar e conseguiram, finalmente, visualizar res\u00edduos de sal provenientes desse tumultuado per\u00edodo da hist\u00f3ria do mar.<br>\nIncorporados \u00e0s camadas superiores de sal, foram encontrados trechos com caracter\u00edsticas que se assemelhavam \u00e0 superf\u00edcie rachada de um p\u00e2ntano ap\u00f3s ter secado ao sol \u2014 um ind\u00edcio de que o local nem sempre esteve preenchido com \u00e1gua, diz Ryan. Mas quest\u00f5es como a quantidade exata de \u00e1gua que desapareceu do Mediterr\u00e2neo e por quanto tempo a bacia ficou seca ainda precisam ser respondidas.<br>\nAo longo dos anos, diversos pesquisadores mergulharam nessas \u00e1guas intrigantes e, \u00e0 medida que mais evid\u00eancias se acumulam, mais complexa fica a situa\u00e7\u00e3o. Em toda a bacia, podem ser encontrados f\u00f3sseis de criaturas que apontam para um Mediterr\u00e2neo quase repleto de \u00e1gua pouco antes de se reconectar ao Atl\u00e2ntico, diz Wout Krijgsman, ge\u00f3logo da Universidade de Utrecht, na Holanda. Talvez antes da inunda\u00e7\u00e3o a regi\u00e3o n\u00e3o fosse um deserto, mas um mar de pequenas propor\u00e7\u00f5es.<br>\nUma das principais perguntas que Garc\u00eda-Castellanos e outros tentam responder \u00e9: para onde foram todos os sedimentos? Estima-se que mil quil\u00f4metros c\u00fabicos de sedimentos teriam se espalhado pela bacia do Mediterr\u00e2neo, acumulados em bols\u00f5es onde o fluxo de \u00e1gua era baixo. Mas os sedimentos, depositados muito antes de as pessoas chegarem na regi\u00e3o pela primeira vez, agora est\u00e3o enterrados sob o leito do mar.<br>\nPara encontrar as pistas pr\u00e9-hist\u00f3ricas, os pesquisadores utilizam um m\u00e9todo semelhante a um ultrassom geol\u00f3gico, enviando vibra\u00e7\u00f5es s\u00edsmicas de um barco para o fundo do Mediterr\u00e2neo e medindo os ecos. Um bols\u00e3o de rochas e areia, possivelmente depositado pelo dil\u00favio, foi descoberto logo a leste da fronteira que divide as bacias ocidental e oriental. E, analisando dados s\u00edsmicos antigos, Garc\u00eda-Castellanos e seus colegas acreditam ter encontrado outro dep\u00f3sito de sedimentos que assume o formato de uma cauda rochosa, localizado atr\u00e1s de um vulc\u00e3o submarino. Embora os bols\u00f5es de sedimentos sejam descobertas intrigantes, n\u00e3o foram coletadas amostras desses materiais; portanto os cientistas n\u00e3o sabem exatamente quando se formaram, explica Flecker.<br>\nNo entanto as respostas podem surgir em breve. Flecker e outros pesquisadores pretendem perfurar v\u00e1rios pontos do Mediterr\u00e2neo em busca de mais pistas sobre esses momentos importantes do passado geol\u00f3gico da regi\u00e3o.<br>\n\u201cA perfura\u00e7\u00e3o pode ter um grande impacto positivo, pois poder\u00e1 revelar o que realmente aconteceu e como aconteceu\u201d, afirma Ryan.<\/p>\n\n\n\n<p><strong><em>Fonte: <a href=\"https:\/\/www.nationalgeographicbrasil.com\/ciencia\/2020\/03\/o-mediterraneo-quase-secou-mas-foi-salvo-por-um-diluvio\">National Geographic Brasil<\/a><\/em><\/strong><\/p>\n","protected":false},"excerpt":{"rendered":"<p>Novas evid\u00eancias reacendem um longo debate sobre como o mar se reconectou ao oceano As \u00e1guas serenas de cor azul-turquesa do Mar Mediterr\u00e2neo escondem um segredo de sabor acentuado: uma camada de sal de at\u00e9 tr\u00eas quil\u00f4metros de espessura, escondida nas profundezas da bacia. Os minerais brancos s\u00e3o um dos poucos vest\u00edgios de um antigo [&hellip;]<\/p>\n","protected":false},"author":2,"featured_media":2435,"comment_status":"open","ping_status":"open","sticky":false,"template":"","format":"standard","meta":{"footnotes":""},"categories":[8],"tags":[1029,1026,157,1030,1032,1028,1025,1031,165,1027],"class_list":["post-2434","post","type-post","status-publish","format-standard","has-post-thumbnail","hentry","category-meio-ambiente","tag-bacia-hidrografica","tag-diluvio","tag-espanha","tag-estreito-de-gibraltar","tag-grandes-piramides-de-gize","tag-inundacao","tag-mar-mediterraneo","tag-marrocos","tag-planeta","tag-profundezas"],"yoast_head":"<!-- This site is optimized with the Yoast SEO plugin v26.5 - https:\/\/yoast.com\/wordpress\/plugins\/seo\/ -->\n<title>O Mediterr\u00e2neo quase secou, mas foi salvo por um dil\u00favio - Jornal Fatos e Not\u00edcias<\/title>\n<meta name=\"robots\" content=\"index, follow, max-snippet:-1, max-image-preview:large, max-video-preview:-1\" \/>\n<link rel=\"canonical\" href=\"https:\/\/jornalfatosenoticias.com.br\/index.php\/2020\/03\/25\/o-mediterraneo-quase-secou-mas-foi-salvo-por-um-diluvio\/\" \/>\n<meta property=\"og:locale\" content=\"pt_BR\" \/>\n<meta property=\"og:type\" content=\"article\" \/>\n<meta property=\"og:title\" content=\"O Mediterr\u00e2neo quase secou, mas foi salvo por um dil\u00favio - Jornal Fatos e Not\u00edcias\" \/>\n<meta property=\"og:description\" content=\"Novas evid\u00eancias reacendem um longo debate sobre como o mar se reconectou ao oceano As \u00e1guas serenas de cor azul-turquesa do Mar Mediterr\u00e2neo escondem um segredo de sabor acentuado: uma camada de sal de at\u00e9 tr\u00eas quil\u00f4metros de espessura, escondida nas profundezas da bacia. Os minerais brancos s\u00e3o um dos poucos vest\u00edgios de um antigo [&hellip;]\" \/>\n<meta property=\"og:url\" content=\"https:\/\/jornalfatosenoticias.com.br\/index.php\/2020\/03\/25\/o-mediterraneo-quase-secou-mas-foi-salvo-por-um-diluvio\/\" \/>\n<meta property=\"og:site_name\" content=\"Jornal Fatos e Not\u00edcias\" \/>\n<meta property=\"article:published_time\" content=\"2020-03-25T14:54:58+00:00\" \/>\n<meta property=\"article:modified_time\" content=\"2020-03-25T14:55:03+00:00\" \/>\n<meta property=\"og:image\" content=\"https:\/\/jornalfatosenoticias.com.br\/wp-content\/uploads\/2020\/03\/mar_mediterraneo-nasa-foto.jpg\" \/>\n\t<meta property=\"og:image:width\" content=\"980\" \/>\n\t<meta property=\"og:image:height\" content=\"653\" \/>\n\t<meta property=\"og:image:type\" content=\"image\/jpeg\" \/>\n<meta name=\"author\" content=\"Luzimara Fernandes\" \/>\n<meta name=\"twitter:card\" content=\"summary_large_image\" \/>\n<meta name=\"twitter:label1\" content=\"Escrito por\" \/>\n\t<meta name=\"twitter:data1\" content=\"Luzimara Fernandes\" \/>\n\t<meta name=\"twitter:label2\" content=\"Est. tempo de leitura\" \/>\n\t<meta name=\"twitter:data2\" content=\"8 minutos\" \/>\n<script type=\"application\/ld+json\" class=\"yoast-schema-graph\">{\"@context\":\"https:\/\/schema.org\",\"@graph\":[{\"@type\":\"Article\",\"@id\":\"https:\/\/jornalfatosenoticias.com.br\/index.php\/2020\/03\/25\/o-mediterraneo-quase-secou-mas-foi-salvo-por-um-diluvio\/#article\",\"isPartOf\":{\"@id\":\"https:\/\/jornalfatosenoticias.com.br\/index.php\/2020\/03\/25\/o-mediterraneo-quase-secou-mas-foi-salvo-por-um-diluvio\/\"},\"author\":{\"name\":\"Luzimara Fernandes\",\"@id\":\"https:\/\/jornalfatosenoticias.com.br\/#\/schema\/person\/d63837fa13ac8666eb9e74e0985d6f81\"},\"headline\":\"O Mediterr\u00e2neo quase secou, mas foi salvo por um dil\u00favio\",\"datePublished\":\"2020-03-25T14:54:58+00:00\",\"dateModified\":\"2020-03-25T14:55:03+00:00\",\"mainEntityOfPage\":{\"@id\":\"https:\/\/jornalfatosenoticias.com.br\/index.php\/2020\/03\/25\/o-mediterraneo-quase-secou-mas-foi-salvo-por-um-diluvio\/\"},\"wordCount\":1528,\"commentCount\":0,\"publisher\":{\"@id\":\"https:\/\/jornalfatosenoticias.com.br\/#organization\"},\"image\":{\"@id\":\"https:\/\/jornalfatosenoticias.com.br\/index.php\/2020\/03\/25\/o-mediterraneo-quase-secou-mas-foi-salvo-por-um-diluvio\/#primaryimage\"},\"thumbnailUrl\":\"https:\/\/jornalfatosenoticias.com.br\/wp-content\/uploads\/2020\/03\/mar_mediterraneo-nasa-foto.jpg\",\"keywords\":[\"bacia hidrogr\u00e1fica\",\"dil\u00favio\",\"Espanha\",\"Estreito de Gibraltar\",\"Grandes Pir\u00e2mides de Giz\u00e9\",\"inunda\u00e7\u00e3o\",\"Mar Mediterr\u00e2neo\",\"Marrocos\",\"planeta\",\"profundezas\"],\"articleSection\":[\"Meio ambiente\"],\"inLanguage\":\"pt-BR\",\"potentialAction\":[{\"@type\":\"CommentAction\",\"name\":\"Comment\",\"target\":[\"https:\/\/jornalfatosenoticias.com.br\/index.php\/2020\/03\/25\/o-mediterraneo-quase-secou-mas-foi-salvo-por-um-diluvio\/#respond\"]}]},{\"@type\":\"WebPage\",\"@id\":\"https:\/\/jornalfatosenoticias.com.br\/index.php\/2020\/03\/25\/o-mediterraneo-quase-secou-mas-foi-salvo-por-um-diluvio\/\",\"url\":\"https:\/\/jornalfatosenoticias.com.br\/index.php\/2020\/03\/25\/o-mediterraneo-quase-secou-mas-foi-salvo-por-um-diluvio\/\",\"name\":\"O Mediterr\u00e2neo quase secou, mas foi salvo por um dil\u00favio - Jornal Fatos e Not\u00edcias\",\"isPartOf\":{\"@id\":\"https:\/\/jornalfatosenoticias.com.br\/#website\"},\"primaryImageOfPage\":{\"@id\":\"https:\/\/jornalfatosenoticias.com.br\/index.php\/2020\/03\/25\/o-mediterraneo-quase-secou-mas-foi-salvo-por-um-diluvio\/#primaryimage\"},\"image\":{\"@id\":\"https:\/\/jornalfatosenoticias.com.br\/index.php\/2020\/03\/25\/o-mediterraneo-quase-secou-mas-foi-salvo-por-um-diluvio\/#primaryimage\"},\"thumbnailUrl\":\"https:\/\/jornalfatosenoticias.com.br\/wp-content\/uploads\/2020\/03\/mar_mediterraneo-nasa-foto.jpg\",\"datePublished\":\"2020-03-25T14:54:58+00:00\",\"dateModified\":\"2020-03-25T14:55:03+00:00\",\"breadcrumb\":{\"@id\":\"https:\/\/jornalfatosenoticias.com.br\/index.php\/2020\/03\/25\/o-mediterraneo-quase-secou-mas-foi-salvo-por-um-diluvio\/#breadcrumb\"},\"inLanguage\":\"pt-BR\",\"potentialAction\":[{\"@type\":\"ReadAction\",\"target\":[\"https:\/\/jornalfatosenoticias.com.br\/index.php\/2020\/03\/25\/o-mediterraneo-quase-secou-mas-foi-salvo-por-um-diluvio\/\"]}]},{\"@type\":\"ImageObject\",\"inLanguage\":\"pt-BR\",\"@id\":\"https:\/\/jornalfatosenoticias.com.br\/index.php\/2020\/03\/25\/o-mediterraneo-quase-secou-mas-foi-salvo-por-um-diluvio\/#primaryimage\",\"url\":\"https:\/\/jornalfatosenoticias.com.br\/wp-content\/uploads\/2020\/03\/mar_mediterraneo-nasa-foto.jpg\",\"contentUrl\":\"https:\/\/jornalfatosenoticias.com.br\/wp-content\/uploads\/2020\/03\/mar_mediterraneo-nasa-foto.jpg\",\"width\":980,\"height\":653},{\"@type\":\"BreadcrumbList\",\"@id\":\"https:\/\/jornalfatosenoticias.com.br\/index.php\/2020\/03\/25\/o-mediterraneo-quase-secou-mas-foi-salvo-por-um-diluvio\/#breadcrumb\",\"itemListElement\":[{\"@type\":\"ListItem\",\"position\":1,\"name\":\"In\u00edcio\",\"item\":\"https:\/\/jornalfatosenoticias.com.br\/\"},{\"@type\":\"ListItem\",\"position\":2,\"name\":\"O Mediterr\u00e2neo quase secou, mas foi salvo por um dil\u00favio\"}]},{\"@type\":\"WebSite\",\"@id\":\"https:\/\/jornalfatosenoticias.com.br\/#website\",\"url\":\"https:\/\/jornalfatosenoticias.com.br\/\",\"name\":\"Jornal Fatos e Not\u00edcias\",\"description\":\"Not\u00edcias em geral\",\"publisher\":{\"@id\":\"https:\/\/jornalfatosenoticias.com.br\/#organization\"},\"potentialAction\":[{\"@type\":\"SearchAction\",\"target\":{\"@type\":\"EntryPoint\",\"urlTemplate\":\"https:\/\/jornalfatosenoticias.com.br\/?s={search_term_string}\"},\"query-input\":{\"@type\":\"PropertyValueSpecification\",\"valueRequired\":true,\"valueName\":\"search_term_string\"}}],\"inLanguage\":\"pt-BR\"},{\"@type\":\"Organization\",\"@id\":\"https:\/\/jornalfatosenoticias.com.br\/#organization\",\"name\":\"Jornal Fatos e Not\u00edcias\",\"url\":\"https:\/\/jornalfatosenoticias.com.br\/\",\"logo\":{\"@type\":\"ImageObject\",\"inLanguage\":\"pt-BR\",\"@id\":\"https:\/\/jornalfatosenoticias.com.br\/#\/schema\/logo\/image\/\",\"url\":\"https:\/\/jornalfatosenoticias.com.br\/wp-content\/uploads\/2020\/02\/logo120.png\",\"contentUrl\":\"https:\/\/jornalfatosenoticias.com.br\/wp-content\/uploads\/2020\/02\/logo120.png\",\"width\":1227,\"height\":120,\"caption\":\"Jornal Fatos e Not\u00edcias\"},\"image\":{\"@id\":\"https:\/\/jornalfatosenoticias.com.br\/#\/schema\/logo\/image\/\"}},{\"@type\":\"Person\",\"@id\":\"https:\/\/jornalfatosenoticias.com.br\/#\/schema\/person\/d63837fa13ac8666eb9e74e0985d6f81\",\"name\":\"Luzimara Fernandes\",\"image\":{\"@type\":\"ImageObject\",\"inLanguage\":\"pt-BR\",\"@id\":\"https:\/\/jornalfatosenoticias.com.br\/#\/schema\/person\/image\/\",\"url\":\"https:\/\/jornalfatosenoticias.com.br\/wp-content\/uploads\/2025\/05\/EU_portal.jpg\",\"contentUrl\":\"https:\/\/jornalfatosenoticias.com.br\/wp-content\/uploads\/2025\/05\/EU_portal.jpg\",\"caption\":\"Luzimara Fernandes\"},\"description\":\"Jornalista MTB 2358-ES\",\"sameAs\":[\"https:\/\/jornalfatosenoticias.com.br\"],\"url\":\"https:\/\/jornalfatosenoticias.com.br\/index.php\/author\/luzimara\/\"}]}<\/script>\n<!-- \/ Yoast SEO plugin. -->","yoast_head_json":{"title":"O Mediterr\u00e2neo quase secou, mas foi salvo por um dil\u00favio - Jornal Fatos e Not\u00edcias","robots":{"index":"index","follow":"follow","max-snippet":"max-snippet:-1","max-image-preview":"max-image-preview:large","max-video-preview":"max-video-preview:-1"},"canonical":"https:\/\/jornalfatosenoticias.com.br\/index.php\/2020\/03\/25\/o-mediterraneo-quase-secou-mas-foi-salvo-por-um-diluvio\/","og_locale":"pt_BR","og_type":"article","og_title":"O Mediterr\u00e2neo quase secou, mas foi salvo por um dil\u00favio - Jornal Fatos e Not\u00edcias","og_description":"Novas evid\u00eancias reacendem um longo debate sobre como o mar se reconectou ao oceano As \u00e1guas serenas de cor azul-turquesa do Mar Mediterr\u00e2neo escondem um segredo de sabor acentuado: uma camada de sal de at\u00e9 tr\u00eas quil\u00f4metros de espessura, escondida nas profundezas da bacia. Os minerais brancos s\u00e3o um dos poucos vest\u00edgios de um antigo [&hellip;]","og_url":"https:\/\/jornalfatosenoticias.com.br\/index.php\/2020\/03\/25\/o-mediterraneo-quase-secou-mas-foi-salvo-por-um-diluvio\/","og_site_name":"Jornal Fatos e Not\u00edcias","article_published_time":"2020-03-25T14:54:58+00:00","article_modified_time":"2020-03-25T14:55:03+00:00","og_image":[{"width":980,"height":653,"url":"https:\/\/jornalfatosenoticias.com.br\/wp-content\/uploads\/2020\/03\/mar_mediterraneo-nasa-foto.jpg","type":"image\/jpeg"}],"author":"Luzimara Fernandes","twitter_card":"summary_large_image","twitter_misc":{"Escrito por":"Luzimara Fernandes","Est. tempo de leitura":"8 minutos"},"schema":{"@context":"https:\/\/schema.org","@graph":[{"@type":"Article","@id":"https:\/\/jornalfatosenoticias.com.br\/index.php\/2020\/03\/25\/o-mediterraneo-quase-secou-mas-foi-salvo-por-um-diluvio\/#article","isPartOf":{"@id":"https:\/\/jornalfatosenoticias.com.br\/index.php\/2020\/03\/25\/o-mediterraneo-quase-secou-mas-foi-salvo-por-um-diluvio\/"},"author":{"name":"Luzimara Fernandes","@id":"https:\/\/jornalfatosenoticias.com.br\/#\/schema\/person\/d63837fa13ac8666eb9e74e0985d6f81"},"headline":"O Mediterr\u00e2neo quase secou, mas foi salvo por um dil\u00favio","datePublished":"2020-03-25T14:54:58+00:00","dateModified":"2020-03-25T14:55:03+00:00","mainEntityOfPage":{"@id":"https:\/\/jornalfatosenoticias.com.br\/index.php\/2020\/03\/25\/o-mediterraneo-quase-secou-mas-foi-salvo-por-um-diluvio\/"},"wordCount":1528,"commentCount":0,"publisher":{"@id":"https:\/\/jornalfatosenoticias.com.br\/#organization"},"image":{"@id":"https:\/\/jornalfatosenoticias.com.br\/index.php\/2020\/03\/25\/o-mediterraneo-quase-secou-mas-foi-salvo-por-um-diluvio\/#primaryimage"},"thumbnailUrl":"https:\/\/jornalfatosenoticias.com.br\/wp-content\/uploads\/2020\/03\/mar_mediterraneo-nasa-foto.jpg","keywords":["bacia hidrogr\u00e1fica","dil\u00favio","Espanha","Estreito de Gibraltar","Grandes Pir\u00e2mides de Giz\u00e9","inunda\u00e7\u00e3o","Mar Mediterr\u00e2neo","Marrocos","planeta","profundezas"],"articleSection":["Meio ambiente"],"inLanguage":"pt-BR","potentialAction":[{"@type":"CommentAction","name":"Comment","target":["https:\/\/jornalfatosenoticias.com.br\/index.php\/2020\/03\/25\/o-mediterraneo-quase-secou-mas-foi-salvo-por-um-diluvio\/#respond"]}]},{"@type":"WebPage","@id":"https:\/\/jornalfatosenoticias.com.br\/index.php\/2020\/03\/25\/o-mediterraneo-quase-secou-mas-foi-salvo-por-um-diluvio\/","url":"https:\/\/jornalfatosenoticias.com.br\/index.php\/2020\/03\/25\/o-mediterraneo-quase-secou-mas-foi-salvo-por-um-diluvio\/","name":"O Mediterr\u00e2neo quase secou, mas foi salvo por um dil\u00favio - Jornal Fatos e Not\u00edcias","isPartOf":{"@id":"https:\/\/jornalfatosenoticias.com.br\/#website"},"primaryImageOfPage":{"@id":"https:\/\/jornalfatosenoticias.com.br\/index.php\/2020\/03\/25\/o-mediterraneo-quase-secou-mas-foi-salvo-por-um-diluvio\/#primaryimage"},"image":{"@id":"https:\/\/jornalfatosenoticias.com.br\/index.php\/2020\/03\/25\/o-mediterraneo-quase-secou-mas-foi-salvo-por-um-diluvio\/#primaryimage"},"thumbnailUrl":"https:\/\/jornalfatosenoticias.com.br\/wp-content\/uploads\/2020\/03\/mar_mediterraneo-nasa-foto.jpg","datePublished":"2020-03-25T14:54:58+00:00","dateModified":"2020-03-25T14:55:03+00:00","breadcrumb":{"@id":"https:\/\/jornalfatosenoticias.com.br\/index.php\/2020\/03\/25\/o-mediterraneo-quase-secou-mas-foi-salvo-por-um-diluvio\/#breadcrumb"},"inLanguage":"pt-BR","potentialAction":[{"@type":"ReadAction","target":["https:\/\/jornalfatosenoticias.com.br\/index.php\/2020\/03\/25\/o-mediterraneo-quase-secou-mas-foi-salvo-por-um-diluvio\/"]}]},{"@type":"ImageObject","inLanguage":"pt-BR","@id":"https:\/\/jornalfatosenoticias.com.br\/index.php\/2020\/03\/25\/o-mediterraneo-quase-secou-mas-foi-salvo-por-um-diluvio\/#primaryimage","url":"https:\/\/jornalfatosenoticias.com.br\/wp-content\/uploads\/2020\/03\/mar_mediterraneo-nasa-foto.jpg","contentUrl":"https:\/\/jornalfatosenoticias.com.br\/wp-content\/uploads\/2020\/03\/mar_mediterraneo-nasa-foto.jpg","width":980,"height":653},{"@type":"BreadcrumbList","@id":"https:\/\/jornalfatosenoticias.com.br\/index.php\/2020\/03\/25\/o-mediterraneo-quase-secou-mas-foi-salvo-por-um-diluvio\/#breadcrumb","itemListElement":[{"@type":"ListItem","position":1,"name":"In\u00edcio","item":"https:\/\/jornalfatosenoticias.com.br\/"},{"@type":"ListItem","position":2,"name":"O Mediterr\u00e2neo quase secou, mas foi salvo por um dil\u00favio"}]},{"@type":"WebSite","@id":"https:\/\/jornalfatosenoticias.com.br\/#website","url":"https:\/\/jornalfatosenoticias.com.br\/","name":"Jornal Fatos e Not\u00edcias","description":"Not\u00edcias em geral","publisher":{"@id":"https:\/\/jornalfatosenoticias.com.br\/#organization"},"potentialAction":[{"@type":"SearchAction","target":{"@type":"EntryPoint","urlTemplate":"https:\/\/jornalfatosenoticias.com.br\/?s={search_term_string}"},"query-input":{"@type":"PropertyValueSpecification","valueRequired":true,"valueName":"search_term_string"}}],"inLanguage":"pt-BR"},{"@type":"Organization","@id":"https:\/\/jornalfatosenoticias.com.br\/#organization","name":"Jornal Fatos e Not\u00edcias","url":"https:\/\/jornalfatosenoticias.com.br\/","logo":{"@type":"ImageObject","inLanguage":"pt-BR","@id":"https:\/\/jornalfatosenoticias.com.br\/#\/schema\/logo\/image\/","url":"https:\/\/jornalfatosenoticias.com.br\/wp-content\/uploads\/2020\/02\/logo120.png","contentUrl":"https:\/\/jornalfatosenoticias.com.br\/wp-content\/uploads\/2020\/02\/logo120.png","width":1227,"height":120,"caption":"Jornal Fatos e Not\u00edcias"},"image":{"@id":"https:\/\/jornalfatosenoticias.com.br\/#\/schema\/logo\/image\/"}},{"@type":"Person","@id":"https:\/\/jornalfatosenoticias.com.br\/#\/schema\/person\/d63837fa13ac8666eb9e74e0985d6f81","name":"Luzimara Fernandes","image":{"@type":"ImageObject","inLanguage":"pt-BR","@id":"https:\/\/jornalfatosenoticias.com.br\/#\/schema\/person\/image\/","url":"https:\/\/jornalfatosenoticias.com.br\/wp-content\/uploads\/2025\/05\/EU_portal.jpg","contentUrl":"https:\/\/jornalfatosenoticias.com.br\/wp-content\/uploads\/2025\/05\/EU_portal.jpg","caption":"Luzimara Fernandes"},"description":"Jornalista MTB 2358-ES","sameAs":["https:\/\/jornalfatosenoticias.com.br"],"url":"https:\/\/jornalfatosenoticias.com.br\/index.php\/author\/luzimara\/"}]}},"cc_featured_image_caption":{"caption_text":"Mar Mediterr\u00e2neo (Foto: Nasa)","source_text":"","source_url":""},"jetpack_featured_media_url":"https:\/\/jornalfatosenoticias.com.br\/wp-content\/uploads\/2020\/03\/mar_mediterraneo-nasa-foto.jpg","_links":{"self":[{"href":"https:\/\/jornalfatosenoticias.com.br\/index.php\/wp-json\/wp\/v2\/posts\/2434","targetHints":{"allow":["GET"]}}],"collection":[{"href":"https:\/\/jornalfatosenoticias.com.br\/index.php\/wp-json\/wp\/v2\/posts"}],"about":[{"href":"https:\/\/jornalfatosenoticias.com.br\/index.php\/wp-json\/wp\/v2\/types\/post"}],"author":[{"embeddable":true,"href":"https:\/\/jornalfatosenoticias.com.br\/index.php\/wp-json\/wp\/v2\/users\/2"}],"replies":[{"embeddable":true,"href":"https:\/\/jornalfatosenoticias.com.br\/index.php\/wp-json\/wp\/v2\/comments?post=2434"}],"version-history":[{"count":0,"href":"https:\/\/jornalfatosenoticias.com.br\/index.php\/wp-json\/wp\/v2\/posts\/2434\/revisions"}],"wp:featuredmedia":[{"embeddable":true,"href":"https:\/\/jornalfatosenoticias.com.br\/index.php\/wp-json\/wp\/v2\/media\/2435"}],"wp:attachment":[{"href":"https:\/\/jornalfatosenoticias.com.br\/index.php\/wp-json\/wp\/v2\/media?parent=2434"}],"wp:term":[{"taxonomy":"category","embeddable":true,"href":"https:\/\/jornalfatosenoticias.com.br\/index.php\/wp-json\/wp\/v2\/categories?post=2434"},{"taxonomy":"post_tag","embeddable":true,"href":"https:\/\/jornalfatosenoticias.com.br\/index.php\/wp-json\/wp\/v2\/tags?post=2434"}],"curies":[{"name":"wp","href":"https:\/\/api.w.org\/{rel}","templated":true}]}}