{"id":24411,"date":"2021-10-27T09:37:51","date_gmt":"2021-10-27T12:37:51","guid":{"rendered":"https:\/\/jornalfatosenoticias.com.br\/?p=24411"},"modified":"2021-10-27T09:38:48","modified_gmt":"2021-10-27T12:38:48","slug":"manifestantes-contra-golpe-no-sudao-mantem-se-nas-ruas","status":"publish","type":"post","link":"https:\/\/jornalfatosenoticias.com.br\/index.php\/2021\/10\/27\/manifestantes-contra-golpe-no-sudao-mantem-se-nas-ruas\/","title":{"rendered":"Manifestantes contra golpe no Sud\u00e3o mant\u00eam-se nas ruas"},"content":{"rendered":"\n<p><em><span class=\"has-inline-color has-black-color\">Aeroporto de Cartum deve reabrir hoje<\/span><\/em><\/p>\n\n\n\n<p>As manifesta\u00e7\u00f5es continuam nas ruas de cidades do Sud\u00e3o, em protesto contra o golpe de Estado militar e a pris\u00e3o de dirigentes civis, especialmente do primeiro-ministro Abdallah Hamdonk, retido em casa.<br>O diretor do Servi\u00e7o de Avia\u00e7\u00e3o Civil anunciou que o aeroporto de Cartum dever\u00e1 reabrir ao meio-dia de hoje (27). V\u00e1rios pa\u00edses criticaram o golpe de Estado militar, sobretudo depois de o general Abdel Fattah al-Burhane, l\u00edder do movimento, ter anunciado a dissolu\u00e7\u00e3o de todas as institui\u00e7\u00f5es do Sud\u00e3o e a pris\u00e3o dos l\u00edderes civis. O movimento dos militares p\u00f5e fim \u00e0 fr\u00e1gil transi\u00e7\u00e3o democr\u00e1tica no pa\u00eds, iniciada em 2019.<br>Ap\u00f3s o golpe de Estado, nessa segunda-feira, Washington suspendeu parte da ajuda financeira ao pa\u00eds, um dos Estados mais pobres do mundo, e a Uni\u00e3o Europeia (UE) admite adotar a mesma medida.<br>Para a diplomacia de Moscou, os acontecimentos no Sud\u00e3o &#8220;s\u00e3o resultado l\u00f3gico de uma pol\u00edtica fracassada&#8221;. Espera-se ainda uma rea\u00e7\u00e3o do Conselho de Seguran\u00e7a das Na\u00e7\u00f5es Unidas e do Fundo Monet\u00e1rio Internacional, institui\u00e7\u00e3o que gere a ajuda financeira ao pa\u00eds.<br>Nesta quarta-feira, quatro manifestantes morreram durante disparos da pol\u00edcia, em Cartum, a capital. As for\u00e7as de seguran\u00e7a desmontaram algumas barricadas e, segundo a France Presse, est\u00e3o prendendo manifestantes que se op\u00f5em ao golpe.<br>Em 2018 e 2019, as manifesta\u00e7\u00f5es de protesto \u2014 que fizeram mais de 250 mortos \u2014 levaram ao afastamento, pelos militares, do ditador Omar el Bechil.<br>De acordo com a AFP, na capital sudanesa os militares ocupam posi\u00e7\u00f5es com ve\u00edculos blindados nos arredores da cidade.<br>Grupos pol\u00edticos apelaram \u00e0 &#8220;desobedi\u00eancia civil&#8221;, e os sindicatos decretaram greve geral. A maior parte dos estabelecimentos comerciais est\u00e1 fechada e h\u00e1 cortes constantes nas telecomunica\u00e7\u00f5es, o que impede os manifestantes de estabelecer liga\u00e7\u00f5es com o exterior.<br>V\u00e1rios dirigentes pol\u00edticos foram presos, e o campus da Universidade de Cartum encontra-se ocupado pelas for\u00e7as militares. Nessa ter\u00e7a-feira, para denunciar a viol\u00eancia e o golpe de Estado, os embaixadores sudaneses em Paris, Bruxelas e Genebra rejeitaram diretamente as a\u00e7\u00f5es dos militares e proclamaram suas sedes como &#8220;embaixadas do &#8220;povo&#8221;.<\/p>\n\n\n\n<p><strong><span class=\"has-inline-color has-black-color\">Primeiro-ministro<br><\/span><\/strong>O primeiro-ministro deposto do Sud\u00e3o, Abdallah Hamdok, e a sua esposa voltaram para casa nessa ter\u00e7a-feira \u00e0 noite, um dia depois de terem sido detidos pelos militares que promoveram o golpe.<br>N\u00e3o h\u00e1 informa\u00e7\u00f5es se o governante ficar\u00e1 em pris\u00e3o domiciliar. Ele foi detido e transferido para um &#8220;local desconhecido&#8221;, depois de se ter recusado a assinar declara\u00e7\u00e3o de apoio ao golpe de Estado.<\/p>\n\n\n\n<p><em><span class=\"has-inline-color has-black-color\"><strong>Foto: <\/strong>Reuters\/Mohamed Nureldin Abdallah\/Direitos Reservados<\/span><\/em><\/p>\n\n\n\n<p><strong><em>Fonte: <a href=\"https:\/\/agenciabrasil.ebc.com.br\/internacional\/noticia\/2021-10\/manifestantes-contra-golpe-no-sudao-mantem-se-nas-ruas\">Ag\u00eancia Brasil<\/a><\/em><\/strong><\/p>\n","protected":false},"excerpt":{"rendered":"<p>Aeroporto de Cartum deve reabrir hoje As manifesta\u00e7\u00f5es continuam nas ruas de cidades do Sud\u00e3o, em protesto contra o golpe de Estado militar e a pris\u00e3o de dirigentes civis, especialmente do primeiro-ministro Abdallah Hamdonk, retido em casa.O diretor do Servi\u00e7o de Avia\u00e7\u00e3o Civil anunciou que o aeroporto de Cartum dever\u00e1 reabrir ao meio-dia de hoje [&hellip;]<\/p>\n","protected":false},"author":2,"featured_media":24412,"comment_status":"open","ping_status":"open","sticky":false,"template":"","format":"standard","meta":{"footnotes":""},"categories":[41],"tags":[1238,11805,1241,6488,11806],"class_list":["post-24411","post","type-post","status-publish","format-standard","has-post-thumbnail","hentry","category-internacional","tag-golpe-de-estado","tag-manifestantes","tag-militares","tag-sudao","tag-tensao-politica-internacional"],"yoast_head":"<!-- This site is optimized with the Yoast SEO plugin v26.5 - https:\/\/yoast.com\/wordpress\/plugins\/seo\/ -->\n<title>Manifestantes contra golpe no Sud\u00e3o mant\u00eam-se nas ruas - Jornal Fatos e Not\u00edcias<\/title>\n<meta name=\"robots\" content=\"index, follow, max-snippet:-1, max-image-preview:large, max-video-preview:-1\" \/>\n<link rel=\"canonical\" href=\"https:\/\/jornalfatosenoticias.com.br\/index.php\/2021\/10\/27\/manifestantes-contra-golpe-no-sudao-mantem-se-nas-ruas\/\" \/>\n<meta property=\"og:locale\" content=\"pt_BR\" \/>\n<meta property=\"og:type\" content=\"article\" \/>\n<meta property=\"og:title\" content=\"Manifestantes contra golpe no Sud\u00e3o mant\u00eam-se nas ruas - Jornal Fatos e Not\u00edcias\" \/>\n<meta property=\"og:description\" content=\"Aeroporto de Cartum deve reabrir hoje As manifesta\u00e7\u00f5es continuam nas ruas de cidades do Sud\u00e3o, em protesto contra o golpe de Estado militar e a pris\u00e3o de dirigentes civis, especialmente do primeiro-ministro Abdallah Hamdonk, retido em casa.O diretor do Servi\u00e7o de Avia\u00e7\u00e3o Civil anunciou que o aeroporto de Cartum dever\u00e1 reabrir ao meio-dia de hoje [&hellip;]\" \/>\n<meta property=\"og:url\" content=\"https:\/\/jornalfatosenoticias.com.br\/index.php\/2021\/10\/27\/manifestantes-contra-golpe-no-sudao-mantem-se-nas-ruas\/\" \/>\n<meta property=\"og:site_name\" content=\"Jornal Fatos e Not\u00edcias\" \/>\n<meta property=\"article:published_time\" content=\"2021-10-27T12:37:51+00:00\" \/>\n<meta property=\"article:modified_time\" content=\"2021-10-27T12:38:48+00:00\" \/>\n<meta property=\"og:image\" content=\"https:\/\/jornalfatosenoticias.com.br\/wp-content\/uploads\/2021\/10\/sudao.jpg\" \/>\n\t<meta property=\"og:image:width\" content=\"1000\" \/>\n\t<meta property=\"og:image:height\" content=\"598\" \/>\n\t<meta property=\"og:image:type\" content=\"image\/jpeg\" \/>\n<meta name=\"author\" content=\"Luzimara Fernandes\" \/>\n<meta name=\"twitter:card\" content=\"summary_large_image\" \/>\n<meta name=\"twitter:label1\" content=\"Escrito por\" \/>\n\t<meta name=\"twitter:data1\" content=\"Luzimara Fernandes\" \/>\n\t<meta name=\"twitter:label2\" content=\"Est. tempo de leitura\" \/>\n\t<meta name=\"twitter:data2\" content=\"2 minutos\" \/>\n<script type=\"application\/ld+json\" class=\"yoast-schema-graph\">{\"@context\":\"https:\/\/schema.org\",\"@graph\":[{\"@type\":\"Article\",\"@id\":\"https:\/\/jornalfatosenoticias.com.br\/index.php\/2021\/10\/27\/manifestantes-contra-golpe-no-sudao-mantem-se-nas-ruas\/#article\",\"isPartOf\":{\"@id\":\"https:\/\/jornalfatosenoticias.com.br\/index.php\/2021\/10\/27\/manifestantes-contra-golpe-no-sudao-mantem-se-nas-ruas\/\"},\"author\":{\"name\":\"Luzimara Fernandes\",\"@id\":\"https:\/\/jornalfatosenoticias.com.br\/#\/schema\/person\/d63837fa13ac8666eb9e74e0985d6f81\"},\"headline\":\"Manifestantes contra golpe no Sud\u00e3o mant\u00eam-se nas ruas\",\"datePublished\":\"2021-10-27T12:37:51+00:00\",\"dateModified\":\"2021-10-27T12:38:48+00:00\",\"mainEntityOfPage\":{\"@id\":\"https:\/\/jornalfatosenoticias.com.br\/index.php\/2021\/10\/27\/manifestantes-contra-golpe-no-sudao-mantem-se-nas-ruas\/\"},\"wordCount\":475,\"commentCount\":0,\"publisher\":{\"@id\":\"https:\/\/jornalfatosenoticias.com.br\/#organization\"},\"image\":{\"@id\":\"https:\/\/jornalfatosenoticias.com.br\/index.php\/2021\/10\/27\/manifestantes-contra-golpe-no-sudao-mantem-se-nas-ruas\/#primaryimage\"},\"thumbnailUrl\":\"https:\/\/jornalfatosenoticias.com.br\/wp-content\/uploads\/2021\/10\/sudao.jpg\",\"keywords\":[\"golpe de Estado\",\"manifestantes\",\"militares\",\"Sud\u00e3o\",\"tens\u00e3o pol\u00edtica internacional\"],\"articleSection\":[\"Internacional\"],\"inLanguage\":\"pt-BR\",\"potentialAction\":[{\"@type\":\"CommentAction\",\"name\":\"Comment\",\"target\":[\"https:\/\/jornalfatosenoticias.com.br\/index.php\/2021\/10\/27\/manifestantes-contra-golpe-no-sudao-mantem-se-nas-ruas\/#respond\"]}]},{\"@type\":\"WebPage\",\"@id\":\"https:\/\/jornalfatosenoticias.com.br\/index.php\/2021\/10\/27\/manifestantes-contra-golpe-no-sudao-mantem-se-nas-ruas\/\",\"url\":\"https:\/\/jornalfatosenoticias.com.br\/index.php\/2021\/10\/27\/manifestantes-contra-golpe-no-sudao-mantem-se-nas-ruas\/\",\"name\":\"Manifestantes contra golpe no Sud\u00e3o mant\u00eam-se nas ruas - Jornal Fatos e Not\u00edcias\",\"isPartOf\":{\"@id\":\"https:\/\/jornalfatosenoticias.com.br\/#website\"},\"primaryImageOfPage\":{\"@id\":\"https:\/\/jornalfatosenoticias.com.br\/index.php\/2021\/10\/27\/manifestantes-contra-golpe-no-sudao-mantem-se-nas-ruas\/#primaryimage\"},\"image\":{\"@id\":\"https:\/\/jornalfatosenoticias.com.br\/index.php\/2021\/10\/27\/manifestantes-contra-golpe-no-sudao-mantem-se-nas-ruas\/#primaryimage\"},\"thumbnailUrl\":\"https:\/\/jornalfatosenoticias.com.br\/wp-content\/uploads\/2021\/10\/sudao.jpg\",\"datePublished\":\"2021-10-27T12:37:51+00:00\",\"dateModified\":\"2021-10-27T12:38:48+00:00\",\"breadcrumb\":{\"@id\":\"https:\/\/jornalfatosenoticias.com.br\/index.php\/2021\/10\/27\/manifestantes-contra-golpe-no-sudao-mantem-se-nas-ruas\/#breadcrumb\"},\"inLanguage\":\"pt-BR\",\"potentialAction\":[{\"@type\":\"ReadAction\",\"target\":[\"https:\/\/jornalfatosenoticias.com.br\/index.php\/2021\/10\/27\/manifestantes-contra-golpe-no-sudao-mantem-se-nas-ruas\/\"]}]},{\"@type\":\"ImageObject\",\"inLanguage\":\"pt-BR\",\"@id\":\"https:\/\/jornalfatosenoticias.com.br\/index.php\/2021\/10\/27\/manifestantes-contra-golpe-no-sudao-mantem-se-nas-ruas\/#primaryimage\",\"url\":\"https:\/\/jornalfatosenoticias.com.br\/wp-content\/uploads\/2021\/10\/sudao.jpg\",\"contentUrl\":\"https:\/\/jornalfatosenoticias.com.br\/wp-content\/uploads\/2021\/10\/sudao.jpg\",\"width\":1000,\"height\":598},{\"@type\":\"BreadcrumbList\",\"@id\":\"https:\/\/jornalfatosenoticias.com.br\/index.php\/2021\/10\/27\/manifestantes-contra-golpe-no-sudao-mantem-se-nas-ruas\/#breadcrumb\",\"itemListElement\":[{\"@type\":\"ListItem\",\"position\":1,\"name\":\"In\u00edcio\",\"item\":\"https:\/\/jornalfatosenoticias.com.br\/\"},{\"@type\":\"ListItem\",\"position\":2,\"name\":\"Manifestantes contra golpe no Sud\u00e3o mant\u00eam-se nas ruas\"}]},{\"@type\":\"WebSite\",\"@id\":\"https:\/\/jornalfatosenoticias.com.br\/#website\",\"url\":\"https:\/\/jornalfatosenoticias.com.br\/\",\"name\":\"Jornal Fatos e Not\u00edcias\",\"description\":\"Not\u00edcias em geral\",\"publisher\":{\"@id\":\"https:\/\/jornalfatosenoticias.com.br\/#organization\"},\"potentialAction\":[{\"@type\":\"SearchAction\",\"target\":{\"@type\":\"EntryPoint\",\"urlTemplate\":\"https:\/\/jornalfatosenoticias.com.br\/?s={search_term_string}\"},\"query-input\":{\"@type\":\"PropertyValueSpecification\",\"valueRequired\":true,\"valueName\":\"search_term_string\"}}],\"inLanguage\":\"pt-BR\"},{\"@type\":\"Organization\",\"@id\":\"https:\/\/jornalfatosenoticias.com.br\/#organization\",\"name\":\"Jornal Fatos e Not\u00edcias\",\"url\":\"https:\/\/jornalfatosenoticias.com.br\/\",\"logo\":{\"@type\":\"ImageObject\",\"inLanguage\":\"pt-BR\",\"@id\":\"https:\/\/jornalfatosenoticias.com.br\/#\/schema\/logo\/image\/\",\"url\":\"https:\/\/jornalfatosenoticias.com.br\/wp-content\/uploads\/2020\/02\/logo120.png\",\"contentUrl\":\"https:\/\/jornalfatosenoticias.com.br\/wp-content\/uploads\/2020\/02\/logo120.png\",\"width\":1227,\"height\":120,\"caption\":\"Jornal Fatos e Not\u00edcias\"},\"image\":{\"@id\":\"https:\/\/jornalfatosenoticias.com.br\/#\/schema\/logo\/image\/\"}},{\"@type\":\"Person\",\"@id\":\"https:\/\/jornalfatosenoticias.com.br\/#\/schema\/person\/d63837fa13ac8666eb9e74e0985d6f81\",\"name\":\"Luzimara Fernandes\",\"image\":{\"@type\":\"ImageObject\",\"inLanguage\":\"pt-BR\",\"@id\":\"https:\/\/jornalfatosenoticias.com.br\/#\/schema\/person\/image\/\",\"url\":\"https:\/\/jornalfatosenoticias.com.br\/wp-content\/uploads\/2025\/05\/EU_portal.jpg\",\"contentUrl\":\"https:\/\/jornalfatosenoticias.com.br\/wp-content\/uploads\/2025\/05\/EU_portal.jpg\",\"caption\":\"Luzimara Fernandes\"},\"description\":\"Jornalista MTB 2358-ES\",\"sameAs\":[\"https:\/\/jornalfatosenoticias.com.br\"],\"url\":\"https:\/\/jornalfatosenoticias.com.br\/index.php\/author\/luzimara\/\"}]}<\/script>\n<!-- \/ Yoast SEO plugin. -->","yoast_head_json":{"title":"Manifestantes contra golpe no Sud\u00e3o mant\u00eam-se nas ruas - Jornal Fatos e Not\u00edcias","robots":{"index":"index","follow":"follow","max-snippet":"max-snippet:-1","max-image-preview":"max-image-preview:large","max-video-preview":"max-video-preview:-1"},"canonical":"https:\/\/jornalfatosenoticias.com.br\/index.php\/2021\/10\/27\/manifestantes-contra-golpe-no-sudao-mantem-se-nas-ruas\/","og_locale":"pt_BR","og_type":"article","og_title":"Manifestantes contra golpe no Sud\u00e3o mant\u00eam-se nas ruas - Jornal Fatos e Not\u00edcias","og_description":"Aeroporto de Cartum deve reabrir hoje As manifesta\u00e7\u00f5es continuam nas ruas de cidades do Sud\u00e3o, em protesto contra o golpe de Estado militar e a pris\u00e3o de dirigentes civis, especialmente do primeiro-ministro Abdallah Hamdonk, retido em casa.O diretor do Servi\u00e7o de Avia\u00e7\u00e3o Civil anunciou que o aeroporto de Cartum dever\u00e1 reabrir ao meio-dia de hoje [&hellip;]","og_url":"https:\/\/jornalfatosenoticias.com.br\/index.php\/2021\/10\/27\/manifestantes-contra-golpe-no-sudao-mantem-se-nas-ruas\/","og_site_name":"Jornal Fatos e Not\u00edcias","article_published_time":"2021-10-27T12:37:51+00:00","article_modified_time":"2021-10-27T12:38:48+00:00","og_image":[{"width":1000,"height":598,"url":"https:\/\/jornalfatosenoticias.com.br\/wp-content\/uploads\/2021\/10\/sudao.jpg","type":"image\/jpeg"}],"author":"Luzimara Fernandes","twitter_card":"summary_large_image","twitter_misc":{"Escrito por":"Luzimara Fernandes","Est. tempo de leitura":"2 minutos"},"schema":{"@context":"https:\/\/schema.org","@graph":[{"@type":"Article","@id":"https:\/\/jornalfatosenoticias.com.br\/index.php\/2021\/10\/27\/manifestantes-contra-golpe-no-sudao-mantem-se-nas-ruas\/#article","isPartOf":{"@id":"https:\/\/jornalfatosenoticias.com.br\/index.php\/2021\/10\/27\/manifestantes-contra-golpe-no-sudao-mantem-se-nas-ruas\/"},"author":{"name":"Luzimara Fernandes","@id":"https:\/\/jornalfatosenoticias.com.br\/#\/schema\/person\/d63837fa13ac8666eb9e74e0985d6f81"},"headline":"Manifestantes contra golpe no Sud\u00e3o mant\u00eam-se nas ruas","datePublished":"2021-10-27T12:37:51+00:00","dateModified":"2021-10-27T12:38:48+00:00","mainEntityOfPage":{"@id":"https:\/\/jornalfatosenoticias.com.br\/index.php\/2021\/10\/27\/manifestantes-contra-golpe-no-sudao-mantem-se-nas-ruas\/"},"wordCount":475,"commentCount":0,"publisher":{"@id":"https:\/\/jornalfatosenoticias.com.br\/#organization"},"image":{"@id":"https:\/\/jornalfatosenoticias.com.br\/index.php\/2021\/10\/27\/manifestantes-contra-golpe-no-sudao-mantem-se-nas-ruas\/#primaryimage"},"thumbnailUrl":"https:\/\/jornalfatosenoticias.com.br\/wp-content\/uploads\/2021\/10\/sudao.jpg","keywords":["golpe de Estado","manifestantes","militares","Sud\u00e3o","tens\u00e3o pol\u00edtica internacional"],"articleSection":["Internacional"],"inLanguage":"pt-BR","potentialAction":[{"@type":"CommentAction","name":"Comment","target":["https:\/\/jornalfatosenoticias.com.br\/index.php\/2021\/10\/27\/manifestantes-contra-golpe-no-sudao-mantem-se-nas-ruas\/#respond"]}]},{"@type":"WebPage","@id":"https:\/\/jornalfatosenoticias.com.br\/index.php\/2021\/10\/27\/manifestantes-contra-golpe-no-sudao-mantem-se-nas-ruas\/","url":"https:\/\/jornalfatosenoticias.com.br\/index.php\/2021\/10\/27\/manifestantes-contra-golpe-no-sudao-mantem-se-nas-ruas\/","name":"Manifestantes contra golpe no Sud\u00e3o mant\u00eam-se nas ruas - Jornal Fatos e Not\u00edcias","isPartOf":{"@id":"https:\/\/jornalfatosenoticias.com.br\/#website"},"primaryImageOfPage":{"@id":"https:\/\/jornalfatosenoticias.com.br\/index.php\/2021\/10\/27\/manifestantes-contra-golpe-no-sudao-mantem-se-nas-ruas\/#primaryimage"},"image":{"@id":"https:\/\/jornalfatosenoticias.com.br\/index.php\/2021\/10\/27\/manifestantes-contra-golpe-no-sudao-mantem-se-nas-ruas\/#primaryimage"},"thumbnailUrl":"https:\/\/jornalfatosenoticias.com.br\/wp-content\/uploads\/2021\/10\/sudao.jpg","datePublished":"2021-10-27T12:37:51+00:00","dateModified":"2021-10-27T12:38:48+00:00","breadcrumb":{"@id":"https:\/\/jornalfatosenoticias.com.br\/index.php\/2021\/10\/27\/manifestantes-contra-golpe-no-sudao-mantem-se-nas-ruas\/#breadcrumb"},"inLanguage":"pt-BR","potentialAction":[{"@type":"ReadAction","target":["https:\/\/jornalfatosenoticias.com.br\/index.php\/2021\/10\/27\/manifestantes-contra-golpe-no-sudao-mantem-se-nas-ruas\/"]}]},{"@type":"ImageObject","inLanguage":"pt-BR","@id":"https:\/\/jornalfatosenoticias.com.br\/index.php\/2021\/10\/27\/manifestantes-contra-golpe-no-sudao-mantem-se-nas-ruas\/#primaryimage","url":"https:\/\/jornalfatosenoticias.com.br\/wp-content\/uploads\/2021\/10\/sudao.jpg","contentUrl":"https:\/\/jornalfatosenoticias.com.br\/wp-content\/uploads\/2021\/10\/sudao.jpg","width":1000,"height":598},{"@type":"BreadcrumbList","@id":"https:\/\/jornalfatosenoticias.com.br\/index.php\/2021\/10\/27\/manifestantes-contra-golpe-no-sudao-mantem-se-nas-ruas\/#breadcrumb","itemListElement":[{"@type":"ListItem","position":1,"name":"In\u00edcio","item":"https:\/\/jornalfatosenoticias.com.br\/"},{"@type":"ListItem","position":2,"name":"Manifestantes contra golpe no Sud\u00e3o mant\u00eam-se nas ruas"}]},{"@type":"WebSite","@id":"https:\/\/jornalfatosenoticias.com.br\/#website","url":"https:\/\/jornalfatosenoticias.com.br\/","name":"Jornal Fatos e Not\u00edcias","description":"Not\u00edcias em geral","publisher":{"@id":"https:\/\/jornalfatosenoticias.com.br\/#organization"},"potentialAction":[{"@type":"SearchAction","target":{"@type":"EntryPoint","urlTemplate":"https:\/\/jornalfatosenoticias.com.br\/?s={search_term_string}"},"query-input":{"@type":"PropertyValueSpecification","valueRequired":true,"valueName":"search_term_string"}}],"inLanguage":"pt-BR"},{"@type":"Organization","@id":"https:\/\/jornalfatosenoticias.com.br\/#organization","name":"Jornal Fatos e Not\u00edcias","url":"https:\/\/jornalfatosenoticias.com.br\/","logo":{"@type":"ImageObject","inLanguage":"pt-BR","@id":"https:\/\/jornalfatosenoticias.com.br\/#\/schema\/logo\/image\/","url":"https:\/\/jornalfatosenoticias.com.br\/wp-content\/uploads\/2020\/02\/logo120.png","contentUrl":"https:\/\/jornalfatosenoticias.com.br\/wp-content\/uploads\/2020\/02\/logo120.png","width":1227,"height":120,"caption":"Jornal Fatos e Not\u00edcias"},"image":{"@id":"https:\/\/jornalfatosenoticias.com.br\/#\/schema\/logo\/image\/"}},{"@type":"Person","@id":"https:\/\/jornalfatosenoticias.com.br\/#\/schema\/person\/d63837fa13ac8666eb9e74e0985d6f81","name":"Luzimara Fernandes","image":{"@type":"ImageObject","inLanguage":"pt-BR","@id":"https:\/\/jornalfatosenoticias.com.br\/#\/schema\/person\/image\/","url":"https:\/\/jornalfatosenoticias.com.br\/wp-content\/uploads\/2025\/05\/EU_portal.jpg","contentUrl":"https:\/\/jornalfatosenoticias.com.br\/wp-content\/uploads\/2025\/05\/EU_portal.jpg","caption":"Luzimara Fernandes"},"description":"Jornalista MTB 2358-ES","sameAs":["https:\/\/jornalfatosenoticias.com.br"],"url":"https:\/\/jornalfatosenoticias.com.br\/index.php\/author\/luzimara\/"}]}},"cc_featured_image_caption":{"caption_text":"","source_text":"","source_url":""},"jetpack_featured_media_url":"https:\/\/jornalfatosenoticias.com.br\/wp-content\/uploads\/2021\/10\/sudao.jpg","_links":{"self":[{"href":"https:\/\/jornalfatosenoticias.com.br\/index.php\/wp-json\/wp\/v2\/posts\/24411","targetHints":{"allow":["GET"]}}],"collection":[{"href":"https:\/\/jornalfatosenoticias.com.br\/index.php\/wp-json\/wp\/v2\/posts"}],"about":[{"href":"https:\/\/jornalfatosenoticias.com.br\/index.php\/wp-json\/wp\/v2\/types\/post"}],"author":[{"embeddable":true,"href":"https:\/\/jornalfatosenoticias.com.br\/index.php\/wp-json\/wp\/v2\/users\/2"}],"replies":[{"embeddable":true,"href":"https:\/\/jornalfatosenoticias.com.br\/index.php\/wp-json\/wp\/v2\/comments?post=24411"}],"version-history":[{"count":0,"href":"https:\/\/jornalfatosenoticias.com.br\/index.php\/wp-json\/wp\/v2\/posts\/24411\/revisions"}],"wp:featuredmedia":[{"embeddable":true,"href":"https:\/\/jornalfatosenoticias.com.br\/index.php\/wp-json\/wp\/v2\/media\/24412"}],"wp:attachment":[{"href":"https:\/\/jornalfatosenoticias.com.br\/index.php\/wp-json\/wp\/v2\/media?parent=24411"}],"wp:term":[{"taxonomy":"category","embeddable":true,"href":"https:\/\/jornalfatosenoticias.com.br\/index.php\/wp-json\/wp\/v2\/categories?post=24411"},{"taxonomy":"post_tag","embeddable":true,"href":"https:\/\/jornalfatosenoticias.com.br\/index.php\/wp-json\/wp\/v2\/tags?post=24411"}],"curies":[{"name":"wp","href":"https:\/\/api.w.org\/{rel}","templated":true}]}}