{"id":24508,"date":"2021-10-29T11:33:52","date_gmt":"2021-10-29T14:33:52","guid":{"rendered":"https:\/\/jornalfatosenoticias.com.br\/?p=24508"},"modified":"2021-10-29T11:33:55","modified_gmt":"2021-10-29T14:33:55","slug":"professora-de-parintins-am-cria-projeto-multimidia-para-abordar-bullying-na-escola","status":"publish","type":"post","link":"https:\/\/jornalfatosenoticias.com.br\/index.php\/2021\/10\/29\/professora-de-parintins-am-cria-projeto-multimidia-para-abordar-bullying-na-escola\/","title":{"rendered":"Professora de Parintins (AM) cria projeto multim\u00eddia para abordar bullying na escola"},"content":{"rendered":"\n<p><em><span class=\"has-inline-color has-black-color\">De maneira interdisciplinar, por meio de cartazes, v\u00eddeos e fotografias, alunos do 5\u00ba ano s\u00e3o sensibilizados sobre o cuidar e o respeitar o pr\u00f3ximo<\/span><\/em><\/p>\n\n\n\n<p>Dialogar com as crian\u00e7as e proporcionar uma reflex\u00e3o sobre a diversidade no ambiente escolar tem sido uma quest\u00e3o pertinente e de grande valor em nossa sociedade. A escola desempenha um papel fundamental ao contribuir na constru\u00e7\u00e3o de cidad\u00e3os que respeitem as diferen\u00e7as entre as pessoas e que construam um bom conv\u00edvio com todos.<br>Muitas vezes, as crian\u00e7as reproduzem atos de preconceito em rela\u00e7\u00e3o aos seus pr\u00f3prios colegas e demais funcion\u00e1rios da escola, gerando um clima de instabilidade emocional e afetiva \u2014 e atrapalhando at\u00e9 mesmo seu processo de aprendizagem. Nos dias de hoje, n\u00e3o \u00e9 novidade que as crian\u00e7as venham sofrendo com a pr\u00e1tica do <a href=\"https:\/\/porvir.org\/bullying-no-presencial-ou-no-online-nao-e-coisa-de-deixar-pra-la\/\"><strong>bullying<\/strong><\/a> e, como consequ\u00eancia, acontecem a evas\u00e3o, a agressividade, a baixa estima e outras a\u00e7\u00f5es depreciativas.<br>Diante dessa problem\u00e1tica, o ensino fundamental 1 da <strong><a href=\"http:\/\/www.eeswpedrosa.wixsite.com\/espiandoparintins\" target=\"_blank\" rel=\"noreferrer noopener\">Escola Estadual Ministro Waldemar Pedrosa (localizada em Parintins, no Amazonas)<\/a><\/strong> precisou inserir h\u00e1bitos saud\u00e1veis em um ambiente de conv\u00edvio m\u00fatuo, incentivando a autoestima das crian\u00e7as a partir da representatividade, promovendo a integra\u00e7\u00e3o e o desenvolvimento de valores. Para tanto, foi criado o projeto \u201cSoltando a voz: eu t\u00f4 melhor agora\u201d.<\/p>\n\n\n\n<figure class=\"wp-block-video\"><video controls src=\"https:\/\/porvir-prod.s3.amazonaws.com\/wp-content\/uploads\/2021\/10\/25143215\/escola-parintins-2.mp4?_=1\"><\/video><\/figure>\n\n\n\n<p>O objetivo era permitir e conhecer situa\u00e7\u00f5es de boa conviv\u00eancia nas rela\u00e7\u00f5es entre as crian\u00e7as e as demais pessoas no ambiente escolar, sensibilizando-as para a forma\u00e7\u00e3o de bons h\u00e1bitos, atitudes e pr\u00e1ticas sobre o cuidar e o respeitar o outro nas mais diversas caracter\u00edsticas s\u00f3cio-hist\u00f3rico-cultural-pol\u00edticas e religiosas, bem como estimul\u00e1-las a uma conviv\u00eancia \u201csem medo\u201d. Com isso, todas as pessoas podem se sentir valorizadas em sua singularidade ao mesmo tempo em que a diversidade \u00e9 valorizada na sua rela\u00e7\u00e3o com o outro por meio da empatia e alteridade.<br>Tudo come\u00e7ou com uma pesquisa qualitativa no ano de 2019, envolvendo todas as crian\u00e7as do 5\u00ba ano A e B do ensino fundamental 1 do turno matutino. A mesma foi aplicada a partir de uma sequ\u00eancia did\u00e1tica conforme a Proposta Pedag\u00f3gica Estadual para o ensino fundamental 1 e as metodologias pertinentes \u00e0 educa\u00e7\u00e3o b\u00e1sica.<br>Na primeira etapa do projeto, foi feita uma assembleia sobre a conviv\u00eancia na escola, seguida de levantamento de situa\u00e7\u00f5es de desafetos, agress\u00f5es, viol\u00eancias que tenham ocorridas no cotidiano escolar (\u201cEssas atitudes s\u00e3o comuns em nossa escola?\u201d, \u201cAlgu\u00e9m j\u00e1 presenciou alguma cena como essa, seja na sala de aula, no p\u00e1tio, ou no recreio?\u201d, \u201cComo isso aconteceu?\u201d). A partir desse momento, apresentou-se o termo bullying.<\/p>\n\n\n\n<figure class=\"wp-block-video\"><video controls src=\"https:\/\/porvir-prod.s3.amazonaws.com\/wp-content\/uploads\/2021\/10\/25143223\/escola-parintins-3.mp4?_=2\"><\/video><\/figure>\n\n\n\n<p>Para explicar o conceito pelas crian\u00e7as, criou-se uma tabela no quadro, evidenciando todas as palavras que representam esse comportamento e suas consequ\u00eancias na conviv\u00eancia e respeito ao outro. Houve, tamb\u00e9m, demonstra\u00e7\u00e3o do processo de sensibiliza\u00e7\u00e3o dos sentimentos por meio de desenhos, falas individuais e coletivas.<br>Na segunda etapa, foi apresentada a <strong><a href=\"http:\/\/www.planalto.gov.br\/ccivil_03\/_ato2015-2018\/2015\/lei\/l13185.htm\" target=\"_blank\" rel=\"noreferrer noopener\">Lei 13.185\/15, de Combate \u00e0 Intimida\u00e7\u00e3o Sistem\u00e1tica<\/a><\/strong>. Os estudantes realizaram uma primeira leitura individual sobre o documento e discutiu-se as palavras ou express\u00f5es que desconheciam, o significado contextual da lei na realidade do munic\u00edpio de Parintins como uma garantia de seguran\u00e7a contra o bullying nas escolas ou na vida deles na pr\u00f3pria comunidade em que vivem.<\/p>\n\n\n\n<p><em><span class=\"has-inline-color has-black-color\">Depois, leram em voz alta o par\u00e1grafo 1\u00ba, do Art. 1\u00ba da lei, que considera: \u201c[\u2026] intimida\u00e7\u00e3o sistem\u00e1tica (bullying) todo ato de viol\u00eancia f\u00edsica ou psicol\u00f3gica, intencional e repetitivo que ocorre sem motiva\u00e7\u00e3o evidente, praticado por indiv\u00edduo ou grupo, contra uma ou mais pessoas, com o objetivo de intimid\u00e1-la ou agredi-la, causando dor e ang\u00fastia \u00e0 v\u00edtima, em uma rela\u00e7\u00e3o de desequil\u00edbrio de poder entre as partes envolvidas\u201d.<\/span><\/em><\/p>\n\n\n\n<h4 class=\"wp-block-heading\"><strong><span class=\"has-inline-color has-black-color\">Galeria de imagens:<\/span><\/strong><\/h4>\n\n\n\n<div class=\"wp-block-jetpack-slideshow aligncenter\" data-effect=\"slide\"><div class=\"wp-block-jetpack-slideshow_container swiper-container\"><ul class=\"wp-block-jetpack-slideshow_swiper-wrapper swiper-wrapper\"><li class=\"wp-block-jetpack-slideshow_slide swiper-slide\"><figure><img loading=\"lazy\" decoding=\"async\" width=\"1000\" height=\"608\" alt=\"\" class=\"wp-block-jetpack-slideshow_image wp-image-24509\" data-id=\"24509\" src=\"https:\/\/jornalfatosenoticias.com.br\/wp-content\/uploads\/2021\/10\/escola-parintins-album-3.jpg\" srcset=\"https:\/\/jornalfatosenoticias.com.br\/wp-content\/uploads\/2021\/10\/escola-parintins-album-3.jpg 1000w, https:\/\/jornalfatosenoticias.com.br\/wp-content\/uploads\/2021\/10\/escola-parintins-album-3-300x182.jpg 300w, https:\/\/jornalfatosenoticias.com.br\/wp-content\/uploads\/2021\/10\/escola-parintins-album-3-768x467.jpg 768w\" sizes=\"auto, (max-width: 1000px) 100vw, 1000px\" \/><figcaption class=\"wp-block-jetpack-slideshow_caption gallery-caption\">(Foto: Mary S\u00f4nia Dutra de Alencar) <\/figcaption><\/figure><\/li><li class=\"wp-block-jetpack-slideshow_slide swiper-slide\"><figure><img loading=\"lazy\" decoding=\"async\" width=\"1000\" height=\"656\" alt=\"\" class=\"wp-block-jetpack-slideshow_image wp-image-24510\" data-id=\"24510\" src=\"https:\/\/jornalfatosenoticias.com.br\/wp-content\/uploads\/2021\/10\/escola-parintins-album-5.jpg\" srcset=\"https:\/\/jornalfatosenoticias.com.br\/wp-content\/uploads\/2021\/10\/escola-parintins-album-5.jpg 1000w, https:\/\/jornalfatosenoticias.com.br\/wp-content\/uploads\/2021\/10\/escola-parintins-album-5-300x197.jpg 300w, https:\/\/jornalfatosenoticias.com.br\/wp-content\/uploads\/2021\/10\/escola-parintins-album-5-768x504.jpg 768w\" sizes=\"auto, (max-width: 1000px) 100vw, 1000px\" \/><figcaption class=\"wp-block-jetpack-slideshow_caption gallery-caption\">(Foto: Mary S\u00f4nia Dutra de Alencar) <\/figcaption><\/figure><\/li><li class=\"wp-block-jetpack-slideshow_slide swiper-slide\"><figure><img loading=\"lazy\" decoding=\"async\" width=\"1000\" height=\"608\" alt=\"\" class=\"wp-block-jetpack-slideshow_image wp-image-24511\" data-id=\"24511\" src=\"https:\/\/jornalfatosenoticias.com.br\/wp-content\/uploads\/2021\/10\/escola-parintins-foto-2.jpg\" srcset=\"https:\/\/jornalfatosenoticias.com.br\/wp-content\/uploads\/2021\/10\/escola-parintins-foto-2.jpg 1000w, https:\/\/jornalfatosenoticias.com.br\/wp-content\/uploads\/2021\/10\/escola-parintins-foto-2-300x182.jpg 300w, https:\/\/jornalfatosenoticias.com.br\/wp-content\/uploads\/2021\/10\/escola-parintins-foto-2-768x467.jpg 768w\" sizes=\"auto, (max-width: 1000px) 100vw, 1000px\" \/><figcaption class=\"wp-block-jetpack-slideshow_caption gallery-caption\">(Foto: Mary S\u00f4nia Dutra de Alencar) <\/figcaption><\/figure><\/li><li class=\"wp-block-jetpack-slideshow_slide swiper-slide\"><figure><img loading=\"lazy\" decoding=\"async\" width=\"1000\" height=\"608\" alt=\"\" class=\"wp-block-jetpack-slideshow_image wp-image-24512\" data-id=\"24512\" src=\"https:\/\/jornalfatosenoticias.com.br\/wp-content\/uploads\/2021\/10\/escola-parintins-foto-6.jpg\" srcset=\"https:\/\/jornalfatosenoticias.com.br\/wp-content\/uploads\/2021\/10\/escola-parintins-foto-6.jpg 1000w, https:\/\/jornalfatosenoticias.com.br\/wp-content\/uploads\/2021\/10\/escola-parintins-foto-6-300x182.jpg 300w, https:\/\/jornalfatosenoticias.com.br\/wp-content\/uploads\/2021\/10\/escola-parintins-foto-6-768x467.jpg 768w\" sizes=\"auto, (max-width: 1000px) 100vw, 1000px\" \/><figcaption class=\"wp-block-jetpack-slideshow_caption gallery-caption\">(Foto: Mary S\u00f4nia Dutra de Alencar) <\/figcaption><\/figure><\/li><li class=\"wp-block-jetpack-slideshow_slide swiper-slide\"><figure><img loading=\"lazy\" decoding=\"async\" width=\"1000\" height=\"608\" alt=\"\" class=\"wp-block-jetpack-slideshow_image wp-image-24513\" data-id=\"24513\" src=\"https:\/\/jornalfatosenoticias.com.br\/wp-content\/uploads\/2021\/10\/foto-parintins-4.jpg\" srcset=\"https:\/\/jornalfatosenoticias.com.br\/wp-content\/uploads\/2021\/10\/foto-parintins-4.jpg 1000w, https:\/\/jornalfatosenoticias.com.br\/wp-content\/uploads\/2021\/10\/foto-parintins-4-300x182.jpg 300w, https:\/\/jornalfatosenoticias.com.br\/wp-content\/uploads\/2021\/10\/foto-parintins-4-768x467.jpg 768w\" sizes=\"auto, (max-width: 1000px) 100vw, 1000px\" \/><figcaption class=\"wp-block-jetpack-slideshow_caption gallery-caption\">(Foto: Mary S\u00f4nia Dutra de Alencar) <\/figcaption><\/figure><\/li><\/ul><a class=\"wp-block-jetpack-slideshow_button-prev swiper-button-prev swiper-button-white\" role=\"button\"><\/a><a class=\"wp-block-jetpack-slideshow_button-next swiper-button-next swiper-button-white\" role=\"button\"><\/a><a aria-label=\"Pause Slideshow\" class=\"wp-block-jetpack-slideshow_button-pause\" role=\"button\"><\/a><div class=\"wp-block-jetpack-slideshow_pagination swiper-pagination swiper-pagination-white\"><\/div><\/div><\/div>\n\n\n\n<p>Feito isso, as crian\u00e7as retomaram as informa\u00e7\u00f5es anotadas no quadro sobre o conceito de bullying, comparando-as com a defini\u00e7\u00e3o proposta na lei. Foram pedidas ainda a\u00e7\u00f5es que, na opini\u00e3o deles, poderiam solucionar ou melhorar cada um dos itens mencionados. Essa etapa ainda contou com a realiza\u00e7\u00e3o de entrevistas com os funcion\u00e1rios da escola para saber se a pessoa sofreu, praticou ou presenciou algum tipo de bullying em sua \u00e9poca escolar, com socializa\u00e7\u00e3o dos relatos do que era praticado em d\u00e9cadas anteriores e o que ocorre nos dias atuais.<br>Na terceira etapa, foi adotado como refer\u00eancia o texto \u201cSomos contra o bullying\u201d, propondo as seguintes quest\u00f5es dial\u00f3gicas: \u201cComo a velocidade dos atuais meios de comunica\u00e7\u00e3o pode contribuir para que a pr\u00e1tica do cyberbullying seja ainda mais ofensiva?\u201d e \u201cQuais sugest\u00f5es voc\u00ea daria para combater o bullying no ambiente escolar e na internet?\u201d. Tendo feito esse exerc\u00edcio de reflex\u00e3o, ficou como sugest\u00e3o a produ\u00e7\u00e3o de textos informativos, nos diferentes g\u00eaneros, que foram utilizados para conscientizar a comunidade escolar.<br>Na quarta etapa, chegou a vez da \u201cm\u00e3o na massa\u201d: as crian\u00e7as produziram seus textos (poesias no estilo SLAM, acr\u00f3sticos e desenhos) de forma coletiva e individual, utilizando diferentes recursos (v\u00eddeos para internet e fotografias) com divulga\u00e7\u00e3o de v\u00eddeos informativos no <strong><a href=\"http:\/\/www.eeswpedrosa.wixsite.com\/espiandoparintins\" target=\"_blank\" rel=\"noreferrer noopener\">site da escola<\/a><\/strong>.<\/p>\n\n\n\n<figure class=\"wp-block-video\"><video controls src=\"https:\/\/porvir-prod.s3.amazonaws.com\/wp-content\/uploads\/2021\/10\/25143205\/escola-parintins-1.mp4?_=3\"><\/video><\/figure>\n\n\n\n<p>As crian\u00e7as, em sua maioria, no espa\u00e7o do \u201cSoltando a voz\u201d externalizaram seus sentimentos nos poemas constru\u00eddos e declamados. Puderam provocar reflex\u00f5es nas letras dos seus versos e estrofes. Conseguiram perceber que \u00e9 poss\u00edvel ajudar a si mesmo e ajudar o outro. O respeito foi um dos pontos que mais foi ressaltado em suas produ\u00e7\u00f5es escritas. A intera\u00e7\u00e3o em grupo oportunizou o conhecimento e a partilha dos saberes, produzindo o respeito na hora de ouvir as diferentes opini\u00f5es.<br>Percebeu-se que, a partir dessa iniciativa, as crian\u00e7as j\u00e1\u0301 demonstram uma maior sensibilidade e respeito na forma de tratamento entre os pares, colegas e demais pessoas. O projeto foi t\u00e3o entusi\u00e1stico que passou a fazer parte do Projeto Pol\u00edtico-Pedag\u00f3gico da escola para que possa ser alcan\u00e7ado a um n\u00famero maior de crian\u00e7as e turmas.<br>Criar possibilidades de inserir novas metodologias na sala de aula ajudou a oferecer um aprendizado de qualidade \u00e0s crian\u00e7as e enriquecer mais o trabalho cotidiano no exerc\u00edcio da profiss\u00e3o docente. Sentir-se part\u00edcipe da vida escolar de cada um com suas conquistas, avan\u00e7os e percal\u00e7os, fez com que nos envolv\u00eassemos ainda mais em leituras, pesquisas e em outras pr\u00e1ticas pedag\u00f3gicas que contribu\u00edssem com o aprendizado.<br>Conviver com o igual e o diferente \u00e9 uma constante na sociedade em que vivemos. Ter uma reflex\u00e3o mais emp\u00e1tica e altru\u00edsta foi o resultado de seus poemas e a certeza de que o conhecimento \u00e9 a base para a mudan\u00e7a de uma sociedade melhor para todos.<\/p>\n\n\n\n<figure class=\"wp-block-video\"><video controls src=\"https:\/\/porvir-prod.s3.amazonaws.com\/wp-content\/uploads\/2021\/10\/25143228\/escola-parintins-4.mp4?_=4\"><\/video><\/figure>\n\n\n\n<p><strong><em>Fonte: <a href=\"https:\/\/porvir.org\/professora-de-parintins-am-cria-projeto-multimidia-para-abordar-bullying-na-escola\/\">Porvir<\/a><\/em><\/strong><\/p>\n","protected":false},"excerpt":{"rendered":"<p>De maneira interdisciplinar, por meio de cartazes, v\u00eddeos e fotografias, alunos do 5\u00ba ano s\u00e3o sensibilizados sobre o cuidar e o respeitar o pr\u00f3ximo Dialogar com as crian\u00e7as e proporcionar uma reflex\u00e3o sobre a diversidade no ambiente escolar tem sido uma quest\u00e3o pertinente e de grande valor em nossa sociedade. A escola desempenha um papel [&hellip;]<\/p>\n","protected":false},"author":2,"featured_media":24514,"comment_status":"open","ping_status":"open","sticky":false,"template":"","format":"standard","meta":{"footnotes":""},"categories":[7],"tags":[5576,2203,11854,11855],"class_list":["post-24508","post","type-post","status-publish","format-standard","has-post-thumbnail","hentry","category-educacao","tag-bullying","tag-ensino-fundamental","tag-metodologias","tag-multidisciplinaridade"],"yoast_head":"<!-- This site is optimized with the Yoast SEO plugin v26.5 - https:\/\/yoast.com\/wordpress\/plugins\/seo\/ -->\n<title>Professora de Parintins (AM) cria projeto multim\u00eddia para abordar bullying na escola - Jornal Fatos e Not\u00edcias<\/title>\n<meta name=\"robots\" content=\"index, follow, max-snippet:-1, max-image-preview:large, max-video-preview:-1\" \/>\n<link rel=\"canonical\" href=\"https:\/\/jornalfatosenoticias.com.br\/index.php\/2021\/10\/29\/professora-de-parintins-am-cria-projeto-multimidia-para-abordar-bullying-na-escola\/\" \/>\n<meta property=\"og:locale\" content=\"pt_BR\" \/>\n<meta property=\"og:type\" content=\"article\" \/>\n<meta property=\"og:title\" content=\"Professora de Parintins (AM) cria projeto multim\u00eddia para abordar bullying na escola - Jornal Fatos e Not\u00edcias\" \/>\n<meta property=\"og:description\" content=\"De maneira interdisciplinar, por meio de cartazes, v\u00eddeos e fotografias, alunos do 5\u00ba ano s\u00e3o sensibilizados sobre o cuidar e o respeitar o pr\u00f3ximo Dialogar com as crian\u00e7as e proporcionar uma reflex\u00e3o sobre a diversidade no ambiente escolar tem sido uma quest\u00e3o pertinente e de grande valor em nossa sociedade. A escola desempenha um papel [&hellip;]\" \/>\n<meta property=\"og:url\" content=\"https:\/\/jornalfatosenoticias.com.br\/index.php\/2021\/10\/29\/professora-de-parintins-am-cria-projeto-multimidia-para-abordar-bullying-na-escola\/\" \/>\n<meta property=\"og:site_name\" content=\"Jornal Fatos e Not\u00edcias\" \/>\n<meta property=\"article:published_time\" content=\"2021-10-29T14:33:52+00:00\" \/>\n<meta property=\"article:modified_time\" content=\"2021-10-29T14:33:55+00:00\" \/>\n<meta property=\"og:image\" content=\"https:\/\/jornalfatosenoticias.com.br\/wp-content\/uploads\/2021\/10\/foto-capa-escola-partintins.jpg\" \/>\n\t<meta property=\"og:image:width\" content=\"1000\" \/>\n\t<meta property=\"og:image:height\" content=\"688\" \/>\n\t<meta property=\"og:image:type\" content=\"image\/jpeg\" \/>\n<meta name=\"author\" content=\"Luzimara Fernandes\" \/>\n<meta name=\"twitter:card\" content=\"summary_large_image\" \/>\n<meta name=\"twitter:label1\" content=\"Escrito por\" \/>\n\t<meta name=\"twitter:data1\" content=\"Luzimara Fernandes\" \/>\n\t<meta name=\"twitter:label2\" content=\"Est. tempo de leitura\" \/>\n\t<meta name=\"twitter:data2\" content=\"6 minutos\" \/>\n<script type=\"application\/ld+json\" class=\"yoast-schema-graph\">{\"@context\":\"https:\/\/schema.org\",\"@graph\":[{\"@type\":\"Article\",\"@id\":\"https:\/\/jornalfatosenoticias.com.br\/index.php\/2021\/10\/29\/professora-de-parintins-am-cria-projeto-multimidia-para-abordar-bullying-na-escola\/#article\",\"isPartOf\":{\"@id\":\"https:\/\/jornalfatosenoticias.com.br\/index.php\/2021\/10\/29\/professora-de-parintins-am-cria-projeto-multimidia-para-abordar-bullying-na-escola\/\"},\"author\":{\"name\":\"Luzimara Fernandes\",\"@id\":\"https:\/\/jornalfatosenoticias.com.br\/#\/schema\/person\/d63837fa13ac8666eb9e74e0985d6f81\"},\"headline\":\"Professora de Parintins (AM) cria projeto multim\u00eddia para abordar bullying na escola\",\"datePublished\":\"2021-10-29T14:33:52+00:00\",\"dateModified\":\"2021-10-29T14:33:55+00:00\",\"mainEntityOfPage\":{\"@id\":\"https:\/\/jornalfatosenoticias.com.br\/index.php\/2021\/10\/29\/professora-de-parintins-am-cria-projeto-multimidia-para-abordar-bullying-na-escola\/\"},\"wordCount\":1207,\"commentCount\":0,\"publisher\":{\"@id\":\"https:\/\/jornalfatosenoticias.com.br\/#organization\"},\"image\":{\"@id\":\"https:\/\/jornalfatosenoticias.com.br\/index.php\/2021\/10\/29\/professora-de-parintins-am-cria-projeto-multimidia-para-abordar-bullying-na-escola\/#primaryimage\"},\"thumbnailUrl\":\"https:\/\/jornalfatosenoticias.com.br\/wp-content\/uploads\/2021\/10\/foto-capa-escola-partintins.jpg\",\"keywords\":[\"bullying\",\"ensino fundamental\",\"metodologias\",\"multidisciplinaridade\"],\"articleSection\":[\"Educa\u00e7\u00e3o\"],\"inLanguage\":\"pt-BR\",\"potentialAction\":[{\"@type\":\"CommentAction\",\"name\":\"Comment\",\"target\":[\"https:\/\/jornalfatosenoticias.com.br\/index.php\/2021\/10\/29\/professora-de-parintins-am-cria-projeto-multimidia-para-abordar-bullying-na-escola\/#respond\"]}]},{\"@type\":\"WebPage\",\"@id\":\"https:\/\/jornalfatosenoticias.com.br\/index.php\/2021\/10\/29\/professora-de-parintins-am-cria-projeto-multimidia-para-abordar-bullying-na-escola\/\",\"url\":\"https:\/\/jornalfatosenoticias.com.br\/index.php\/2021\/10\/29\/professora-de-parintins-am-cria-projeto-multimidia-para-abordar-bullying-na-escola\/\",\"name\":\"Professora de Parintins (AM) cria projeto multim\u00eddia para abordar bullying na escola - Jornal Fatos e Not\u00edcias\",\"isPartOf\":{\"@id\":\"https:\/\/jornalfatosenoticias.com.br\/#website\"},\"primaryImageOfPage\":{\"@id\":\"https:\/\/jornalfatosenoticias.com.br\/index.php\/2021\/10\/29\/professora-de-parintins-am-cria-projeto-multimidia-para-abordar-bullying-na-escola\/#primaryimage\"},\"image\":{\"@id\":\"https:\/\/jornalfatosenoticias.com.br\/index.php\/2021\/10\/29\/professora-de-parintins-am-cria-projeto-multimidia-para-abordar-bullying-na-escola\/#primaryimage\"},\"thumbnailUrl\":\"https:\/\/jornalfatosenoticias.com.br\/wp-content\/uploads\/2021\/10\/foto-capa-escola-partintins.jpg\",\"datePublished\":\"2021-10-29T14:33:52+00:00\",\"dateModified\":\"2021-10-29T14:33:55+00:00\",\"breadcrumb\":{\"@id\":\"https:\/\/jornalfatosenoticias.com.br\/index.php\/2021\/10\/29\/professora-de-parintins-am-cria-projeto-multimidia-para-abordar-bullying-na-escola\/#breadcrumb\"},\"inLanguage\":\"pt-BR\",\"potentialAction\":[{\"@type\":\"ReadAction\",\"target\":[\"https:\/\/jornalfatosenoticias.com.br\/index.php\/2021\/10\/29\/professora-de-parintins-am-cria-projeto-multimidia-para-abordar-bullying-na-escola\/\"]}]},{\"@type\":\"ImageObject\",\"inLanguage\":\"pt-BR\",\"@id\":\"https:\/\/jornalfatosenoticias.com.br\/index.php\/2021\/10\/29\/professora-de-parintins-am-cria-projeto-multimidia-para-abordar-bullying-na-escola\/#primaryimage\",\"url\":\"https:\/\/jornalfatosenoticias.com.br\/wp-content\/uploads\/2021\/10\/foto-capa-escola-partintins.jpg\",\"contentUrl\":\"https:\/\/jornalfatosenoticias.com.br\/wp-content\/uploads\/2021\/10\/foto-capa-escola-partintins.jpg\",\"width\":1000,\"height\":688},{\"@type\":\"BreadcrumbList\",\"@id\":\"https:\/\/jornalfatosenoticias.com.br\/index.php\/2021\/10\/29\/professora-de-parintins-am-cria-projeto-multimidia-para-abordar-bullying-na-escola\/#breadcrumb\",\"itemListElement\":[{\"@type\":\"ListItem\",\"position\":1,\"name\":\"In\u00edcio\",\"item\":\"https:\/\/jornalfatosenoticias.com.br\/\"},{\"@type\":\"ListItem\",\"position\":2,\"name\":\"Professora de Parintins (AM) cria projeto multim\u00eddia para abordar bullying na escola\"}]},{\"@type\":\"WebSite\",\"@id\":\"https:\/\/jornalfatosenoticias.com.br\/#website\",\"url\":\"https:\/\/jornalfatosenoticias.com.br\/\",\"name\":\"Jornal Fatos e Not\u00edcias\",\"description\":\"Not\u00edcias em geral\",\"publisher\":{\"@id\":\"https:\/\/jornalfatosenoticias.com.br\/#organization\"},\"potentialAction\":[{\"@type\":\"SearchAction\",\"target\":{\"@type\":\"EntryPoint\",\"urlTemplate\":\"https:\/\/jornalfatosenoticias.com.br\/?s={search_term_string}\"},\"query-input\":{\"@type\":\"PropertyValueSpecification\",\"valueRequired\":true,\"valueName\":\"search_term_string\"}}],\"inLanguage\":\"pt-BR\"},{\"@type\":\"Organization\",\"@id\":\"https:\/\/jornalfatosenoticias.com.br\/#organization\",\"name\":\"Jornal Fatos e Not\u00edcias\",\"url\":\"https:\/\/jornalfatosenoticias.com.br\/\",\"logo\":{\"@type\":\"ImageObject\",\"inLanguage\":\"pt-BR\",\"@id\":\"https:\/\/jornalfatosenoticias.com.br\/#\/schema\/logo\/image\/\",\"url\":\"https:\/\/jornalfatosenoticias.com.br\/wp-content\/uploads\/2020\/02\/logo120.png\",\"contentUrl\":\"https:\/\/jornalfatosenoticias.com.br\/wp-content\/uploads\/2020\/02\/logo120.png\",\"width\":1227,\"height\":120,\"caption\":\"Jornal Fatos e Not\u00edcias\"},\"image\":{\"@id\":\"https:\/\/jornalfatosenoticias.com.br\/#\/schema\/logo\/image\/\"}},{\"@type\":\"Person\",\"@id\":\"https:\/\/jornalfatosenoticias.com.br\/#\/schema\/person\/d63837fa13ac8666eb9e74e0985d6f81\",\"name\":\"Luzimara Fernandes\",\"image\":{\"@type\":\"ImageObject\",\"inLanguage\":\"pt-BR\",\"@id\":\"https:\/\/jornalfatosenoticias.com.br\/#\/schema\/person\/image\/\",\"url\":\"https:\/\/jornalfatosenoticias.com.br\/wp-content\/uploads\/2025\/05\/EU_portal.jpg\",\"contentUrl\":\"https:\/\/jornalfatosenoticias.com.br\/wp-content\/uploads\/2025\/05\/EU_portal.jpg\",\"caption\":\"Luzimara Fernandes\"},\"description\":\"Jornalista MTB 2358-ES\",\"sameAs\":[\"https:\/\/jornalfatosenoticias.com.br\"],\"url\":\"https:\/\/jornalfatosenoticias.com.br\/index.php\/author\/luzimara\/\"}]}<\/script>\n<!-- \/ Yoast SEO plugin. -->","yoast_head_json":{"title":"Professora de Parintins (AM) cria projeto multim\u00eddia para abordar bullying na escola - Jornal Fatos e Not\u00edcias","robots":{"index":"index","follow":"follow","max-snippet":"max-snippet:-1","max-image-preview":"max-image-preview:large","max-video-preview":"max-video-preview:-1"},"canonical":"https:\/\/jornalfatosenoticias.com.br\/index.php\/2021\/10\/29\/professora-de-parintins-am-cria-projeto-multimidia-para-abordar-bullying-na-escola\/","og_locale":"pt_BR","og_type":"article","og_title":"Professora de Parintins (AM) cria projeto multim\u00eddia para abordar bullying na escola - Jornal Fatos e Not\u00edcias","og_description":"De maneira interdisciplinar, por meio de cartazes, v\u00eddeos e fotografias, alunos do 5\u00ba ano s\u00e3o sensibilizados sobre o cuidar e o respeitar o pr\u00f3ximo Dialogar com as crian\u00e7as e proporcionar uma reflex\u00e3o sobre a diversidade no ambiente escolar tem sido uma quest\u00e3o pertinente e de grande valor em nossa sociedade. A escola desempenha um papel [&hellip;]","og_url":"https:\/\/jornalfatosenoticias.com.br\/index.php\/2021\/10\/29\/professora-de-parintins-am-cria-projeto-multimidia-para-abordar-bullying-na-escola\/","og_site_name":"Jornal Fatos e Not\u00edcias","article_published_time":"2021-10-29T14:33:52+00:00","article_modified_time":"2021-10-29T14:33:55+00:00","og_image":[{"width":1000,"height":688,"url":"https:\/\/jornalfatosenoticias.com.br\/wp-content\/uploads\/2021\/10\/foto-capa-escola-partintins.jpg","type":"image\/jpeg"}],"author":"Luzimara Fernandes","twitter_card":"summary_large_image","twitter_misc":{"Escrito por":"Luzimara Fernandes","Est. tempo de leitura":"6 minutos"},"schema":{"@context":"https:\/\/schema.org","@graph":[{"@type":"Article","@id":"https:\/\/jornalfatosenoticias.com.br\/index.php\/2021\/10\/29\/professora-de-parintins-am-cria-projeto-multimidia-para-abordar-bullying-na-escola\/#article","isPartOf":{"@id":"https:\/\/jornalfatosenoticias.com.br\/index.php\/2021\/10\/29\/professora-de-parintins-am-cria-projeto-multimidia-para-abordar-bullying-na-escola\/"},"author":{"name":"Luzimara Fernandes","@id":"https:\/\/jornalfatosenoticias.com.br\/#\/schema\/person\/d63837fa13ac8666eb9e74e0985d6f81"},"headline":"Professora de Parintins (AM) cria projeto multim\u00eddia para abordar bullying na escola","datePublished":"2021-10-29T14:33:52+00:00","dateModified":"2021-10-29T14:33:55+00:00","mainEntityOfPage":{"@id":"https:\/\/jornalfatosenoticias.com.br\/index.php\/2021\/10\/29\/professora-de-parintins-am-cria-projeto-multimidia-para-abordar-bullying-na-escola\/"},"wordCount":1207,"commentCount":0,"publisher":{"@id":"https:\/\/jornalfatosenoticias.com.br\/#organization"},"image":{"@id":"https:\/\/jornalfatosenoticias.com.br\/index.php\/2021\/10\/29\/professora-de-parintins-am-cria-projeto-multimidia-para-abordar-bullying-na-escola\/#primaryimage"},"thumbnailUrl":"https:\/\/jornalfatosenoticias.com.br\/wp-content\/uploads\/2021\/10\/foto-capa-escola-partintins.jpg","keywords":["bullying","ensino fundamental","metodologias","multidisciplinaridade"],"articleSection":["Educa\u00e7\u00e3o"],"inLanguage":"pt-BR","potentialAction":[{"@type":"CommentAction","name":"Comment","target":["https:\/\/jornalfatosenoticias.com.br\/index.php\/2021\/10\/29\/professora-de-parintins-am-cria-projeto-multimidia-para-abordar-bullying-na-escola\/#respond"]}]},{"@type":"WebPage","@id":"https:\/\/jornalfatosenoticias.com.br\/index.php\/2021\/10\/29\/professora-de-parintins-am-cria-projeto-multimidia-para-abordar-bullying-na-escola\/","url":"https:\/\/jornalfatosenoticias.com.br\/index.php\/2021\/10\/29\/professora-de-parintins-am-cria-projeto-multimidia-para-abordar-bullying-na-escola\/","name":"Professora de Parintins (AM) cria projeto multim\u00eddia para abordar bullying na escola - Jornal Fatos e Not\u00edcias","isPartOf":{"@id":"https:\/\/jornalfatosenoticias.com.br\/#website"},"primaryImageOfPage":{"@id":"https:\/\/jornalfatosenoticias.com.br\/index.php\/2021\/10\/29\/professora-de-parintins-am-cria-projeto-multimidia-para-abordar-bullying-na-escola\/#primaryimage"},"image":{"@id":"https:\/\/jornalfatosenoticias.com.br\/index.php\/2021\/10\/29\/professora-de-parintins-am-cria-projeto-multimidia-para-abordar-bullying-na-escola\/#primaryimage"},"thumbnailUrl":"https:\/\/jornalfatosenoticias.com.br\/wp-content\/uploads\/2021\/10\/foto-capa-escola-partintins.jpg","datePublished":"2021-10-29T14:33:52+00:00","dateModified":"2021-10-29T14:33:55+00:00","breadcrumb":{"@id":"https:\/\/jornalfatosenoticias.com.br\/index.php\/2021\/10\/29\/professora-de-parintins-am-cria-projeto-multimidia-para-abordar-bullying-na-escola\/#breadcrumb"},"inLanguage":"pt-BR","potentialAction":[{"@type":"ReadAction","target":["https:\/\/jornalfatosenoticias.com.br\/index.php\/2021\/10\/29\/professora-de-parintins-am-cria-projeto-multimidia-para-abordar-bullying-na-escola\/"]}]},{"@type":"ImageObject","inLanguage":"pt-BR","@id":"https:\/\/jornalfatosenoticias.com.br\/index.php\/2021\/10\/29\/professora-de-parintins-am-cria-projeto-multimidia-para-abordar-bullying-na-escola\/#primaryimage","url":"https:\/\/jornalfatosenoticias.com.br\/wp-content\/uploads\/2021\/10\/foto-capa-escola-partintins.jpg","contentUrl":"https:\/\/jornalfatosenoticias.com.br\/wp-content\/uploads\/2021\/10\/foto-capa-escola-partintins.jpg","width":1000,"height":688},{"@type":"BreadcrumbList","@id":"https:\/\/jornalfatosenoticias.com.br\/index.php\/2021\/10\/29\/professora-de-parintins-am-cria-projeto-multimidia-para-abordar-bullying-na-escola\/#breadcrumb","itemListElement":[{"@type":"ListItem","position":1,"name":"In\u00edcio","item":"https:\/\/jornalfatosenoticias.com.br\/"},{"@type":"ListItem","position":2,"name":"Professora de Parintins (AM) cria projeto multim\u00eddia para abordar bullying na escola"}]},{"@type":"WebSite","@id":"https:\/\/jornalfatosenoticias.com.br\/#website","url":"https:\/\/jornalfatosenoticias.com.br\/","name":"Jornal Fatos e Not\u00edcias","description":"Not\u00edcias em geral","publisher":{"@id":"https:\/\/jornalfatosenoticias.com.br\/#organization"},"potentialAction":[{"@type":"SearchAction","target":{"@type":"EntryPoint","urlTemplate":"https:\/\/jornalfatosenoticias.com.br\/?s={search_term_string}"},"query-input":{"@type":"PropertyValueSpecification","valueRequired":true,"valueName":"search_term_string"}}],"inLanguage":"pt-BR"},{"@type":"Organization","@id":"https:\/\/jornalfatosenoticias.com.br\/#organization","name":"Jornal Fatos e Not\u00edcias","url":"https:\/\/jornalfatosenoticias.com.br\/","logo":{"@type":"ImageObject","inLanguage":"pt-BR","@id":"https:\/\/jornalfatosenoticias.com.br\/#\/schema\/logo\/image\/","url":"https:\/\/jornalfatosenoticias.com.br\/wp-content\/uploads\/2020\/02\/logo120.png","contentUrl":"https:\/\/jornalfatosenoticias.com.br\/wp-content\/uploads\/2020\/02\/logo120.png","width":1227,"height":120,"caption":"Jornal Fatos e Not\u00edcias"},"image":{"@id":"https:\/\/jornalfatosenoticias.com.br\/#\/schema\/logo\/image\/"}},{"@type":"Person","@id":"https:\/\/jornalfatosenoticias.com.br\/#\/schema\/person\/d63837fa13ac8666eb9e74e0985d6f81","name":"Luzimara Fernandes","image":{"@type":"ImageObject","inLanguage":"pt-BR","@id":"https:\/\/jornalfatosenoticias.com.br\/#\/schema\/person\/image\/","url":"https:\/\/jornalfatosenoticias.com.br\/wp-content\/uploads\/2025\/05\/EU_portal.jpg","contentUrl":"https:\/\/jornalfatosenoticias.com.br\/wp-content\/uploads\/2025\/05\/EU_portal.jpg","caption":"Luzimara Fernandes"},"description":"Jornalista MTB 2358-ES","sameAs":["https:\/\/jornalfatosenoticias.com.br"],"url":"https:\/\/jornalfatosenoticias.com.br\/index.php\/author\/luzimara\/"}]}},"cc_featured_image_caption":{"caption_text":"(Foto: Mary S\u00f4nia Dutra de Alencar) ","source_text":"","source_url":""},"jetpack_featured_media_url":"https:\/\/jornalfatosenoticias.com.br\/wp-content\/uploads\/2021\/10\/foto-capa-escola-partintins.jpg","_links":{"self":[{"href":"https:\/\/jornalfatosenoticias.com.br\/index.php\/wp-json\/wp\/v2\/posts\/24508","targetHints":{"allow":["GET"]}}],"collection":[{"href":"https:\/\/jornalfatosenoticias.com.br\/index.php\/wp-json\/wp\/v2\/posts"}],"about":[{"href":"https:\/\/jornalfatosenoticias.com.br\/index.php\/wp-json\/wp\/v2\/types\/post"}],"author":[{"embeddable":true,"href":"https:\/\/jornalfatosenoticias.com.br\/index.php\/wp-json\/wp\/v2\/users\/2"}],"replies":[{"embeddable":true,"href":"https:\/\/jornalfatosenoticias.com.br\/index.php\/wp-json\/wp\/v2\/comments?post=24508"}],"version-history":[{"count":0,"href":"https:\/\/jornalfatosenoticias.com.br\/index.php\/wp-json\/wp\/v2\/posts\/24508\/revisions"}],"wp:featuredmedia":[{"embeddable":true,"href":"https:\/\/jornalfatosenoticias.com.br\/index.php\/wp-json\/wp\/v2\/media\/24514"}],"wp:attachment":[{"href":"https:\/\/jornalfatosenoticias.com.br\/index.php\/wp-json\/wp\/v2\/media?parent=24508"}],"wp:term":[{"taxonomy":"category","embeddable":true,"href":"https:\/\/jornalfatosenoticias.com.br\/index.php\/wp-json\/wp\/v2\/categories?post=24508"},{"taxonomy":"post_tag","embeddable":true,"href":"https:\/\/jornalfatosenoticias.com.br\/index.php\/wp-json\/wp\/v2\/tags?post=24508"}],"curies":[{"name":"wp","href":"https:\/\/api.w.org\/{rel}","templated":true}]}}