{"id":2453,"date":"2020-03-27T09:14:39","date_gmt":"2020-03-27T12:14:39","guid":{"rendered":"https:\/\/jornalfatosenoticias.com.br\/?p=2453"},"modified":"2020-03-27T09:14:44","modified_gmt":"2020-03-27T12:14:44","slug":"acredite-em-voce","status":"publish","type":"post","link":"https:\/\/jornalfatosenoticias.com.br\/index.php\/2020\/03\/27\/acredite-em-voce\/","title":{"rendered":"Acredite em voc\u00ea"},"content":{"rendered":"\n<h6 class=\"wp-block-heading\"><em>&#8220;Vencedor \u00e9 aquele que acredita em si pr\u00f3prio e em sua capacidade de superar obst\u00e1culos&#8221;<\/em><\/h6>\n\n\n\n<p>Na minha carreira de professor e consultor empresarial, tenho me surpreendido em como parte das pessoas tem baixa autoestima. As pessoas deixaram de sonhar e passaram a viver como pessoas que, ao inv\u00e9s de sonhadoras, s\u00e3o apenas desejosas. E existe uma diferen\u00e7a tremenda entre sonhos e desejos. Os desejos s\u00e3o sentimentos vagos que, ao serem satisfeitos, passam. Os sonhos continuam vivos dentro de cada um de n\u00f3s para estarmos prontos para uma nova aventura e conquista nesse mundo t\u00e3o desafiador e divertido para os apaixonados.<br>\nNo livro Voc\u00ea nasceu para vencer, a autora Mirtes Carneiro faz uma coloca\u00e7\u00e3o linda sobre autoestima que tomo emprestado para essa obra. \u201cNossa autoestima \u00e9 a express\u00e3o de Deus em n\u00f3s, \u00e9 um processo que devemos cultivar como uma planta em flor: temos de guardar, colocar fertilizantes, cuidar\u201d. Tudo isso est\u00e1 dentro de n\u00f3s. Deus nos criou e nos deu ferramentas poderosas para vencermos as batalhas di\u00e1rias e termos uma vida de vit\u00f3rias, alegrias e muito sucesso. Parte das minhas conquistas pessoais vem de acreditar no meu potencial e naquilo que Deus colocou em minhas m\u00e3os.<br>\nVencedor n\u00e3o \u00e9 quem chega em primeiro, mas aquele que n\u00e3o desiste. Um dos exemplos mais fascinantes que vi foi de Ray Kroc, um vendedor de m\u00e1quinas de milk-shake que com mais de cinquenta anos viu sua mina de ouro. Foi na d\u00e9cada de 50, quando os irm\u00e3os McDonald tinham uma lanchonete na Calif\u00f3rnia. Kroc fornecia m\u00e1quinas e produtos para os irm\u00e3os e ficou intrigado com a quantidade de m\u00e1quinas que eles compravam e resolveu entender um pouco mais do neg\u00f3cio. Os irm\u00e3os necessitavam de mais m\u00e1quinas que as outras lanchonetes para conseguir atender seus clientes com mais agilidade. Nasce a\u00ed o conceito fast food. <br>\nKroc ficou muito encantado com o que viu e prop\u00f4s aos irm\u00e3os se tornar um licenciador dos restaurantes McDonald\u2019s. Os irm\u00e3os concordaram, mas sem muito entusiasmo naquele projeto. Algum tempo depois, Ray Kroc, enxergando a mina de ouro e acreditando em seu projeto fez uma oferta de compra da marca McDonald\u2019s. Kroc morreu milion\u00e1rio. Os irm\u00e3os McDonald nem tanto. O fato de acreditar no seu potencial transformou um vendedor de m\u00e1quinas de milk-shake num dos homens mais ricos do mundo.<\/p>\n\n\n\n<p><strong>Livro: <\/strong><em>O seu sucesso depende de voc\u00ea<br> 12 ferramentas para o seu sucesso pessoal e profissional<\/em><br> <\/p>\n","protected":false},"excerpt":{"rendered":"<p>&#8220;Vencedor \u00e9 aquele que acredita em si pr\u00f3prio e em sua capacidade de superar obst\u00e1culos&#8221; Na minha carreira de professor e consultor empresarial, tenho me surpreendido em como parte das pessoas tem baixa autoestima. As pessoas deixaram de sonhar e passaram a viver como pessoas que, ao inv\u00e9s de sonhadoras, s\u00e3o apenas desejosas. E existe [&hellip;]<\/p>\n","protected":false},"author":2,"featured_media":2454,"comment_status":"open","ping_status":"open","sticky":false,"template":"","format":"standard","meta":{"footnotes":""},"categories":[5],"tags":[1049,1053,1052,1048,832,1047,1050,1051],"class_list":["post-2453","post","type-post","status-publish","format-standard","has-post-thumbnail","hentry","category-geral","tag-autoestima","tag-conquistas","tag-desejos","tag-mcdonalds","tag-obstaculos","tag-ray-kroc","tag-sonhar","tag-vencedor"],"yoast_head":"<!-- This site is optimized with the Yoast SEO plugin v26.5 - https:\/\/yoast.com\/wordpress\/plugins\/seo\/ -->\n<title>Acredite em voc\u00ea - Jornal Fatos e Not\u00edcias<\/title>\n<meta name=\"robots\" content=\"index, follow, max-snippet:-1, max-image-preview:large, max-video-preview:-1\" \/>\n<link rel=\"canonical\" href=\"https:\/\/jornalfatosenoticias.com.br\/index.php\/2020\/03\/27\/acredite-em-voce\/\" \/>\n<meta property=\"og:locale\" content=\"pt_BR\" \/>\n<meta property=\"og:type\" content=\"article\" \/>\n<meta property=\"og:title\" content=\"Acredite em voc\u00ea - Jornal Fatos e Not\u00edcias\" \/>\n<meta property=\"og:description\" content=\"&#8220;Vencedor \u00e9 aquele que acredita em si pr\u00f3prio e em sua capacidade de superar obst\u00e1culos&#8221; Na minha carreira de professor e consultor empresarial, tenho me surpreendido em como parte das pessoas tem baixa autoestima. As pessoas deixaram de sonhar e passaram a viver como pessoas que, ao inv\u00e9s de sonhadoras, s\u00e3o apenas desejosas. E existe [&hellip;]\" \/>\n<meta property=\"og:url\" content=\"https:\/\/jornalfatosenoticias.com.br\/index.php\/2020\/03\/27\/acredite-em-voce\/\" \/>\n<meta property=\"og:site_name\" content=\"Jornal Fatos e Not\u00edcias\" \/>\n<meta property=\"article:published_time\" content=\"2020-03-27T12:14:39+00:00\" \/>\n<meta property=\"article:modified_time\" content=\"2020-03-27T12:14:44+00:00\" \/>\n<meta property=\"og:image\" content=\"https:\/\/jornalfatosenoticias.com.br\/wp-content\/uploads\/2020\/03\/Ray-Kroc.jpeg\" \/>\n\t<meta property=\"og:image:width\" content=\"980\" \/>\n\t<meta property=\"og:image:height\" content=\"682\" \/>\n\t<meta property=\"og:image:type\" content=\"image\/jpeg\" \/>\n<meta name=\"author\" content=\"Luzimara Fernandes\" \/>\n<meta name=\"twitter:card\" content=\"summary_large_image\" \/>\n<meta name=\"twitter:label1\" content=\"Escrito por\" \/>\n\t<meta name=\"twitter:data1\" content=\"Luzimara Fernandes\" \/>\n\t<meta name=\"twitter:label2\" content=\"Est. tempo de leitura\" \/>\n\t<meta name=\"twitter:data2\" content=\"2 minutos\" \/>\n<script type=\"application\/ld+json\" class=\"yoast-schema-graph\">{\"@context\":\"https:\/\/schema.org\",\"@graph\":[{\"@type\":\"Article\",\"@id\":\"https:\/\/jornalfatosenoticias.com.br\/index.php\/2020\/03\/27\/acredite-em-voce\/#article\",\"isPartOf\":{\"@id\":\"https:\/\/jornalfatosenoticias.com.br\/index.php\/2020\/03\/27\/acredite-em-voce\/\"},\"author\":{\"name\":\"Luzimara Fernandes\",\"@id\":\"https:\/\/jornalfatosenoticias.com.br\/#\/schema\/person\/d63837fa13ac8666eb9e74e0985d6f81\"},\"headline\":\"Acredite em voc\u00ea\",\"datePublished\":\"2020-03-27T12:14:39+00:00\",\"dateModified\":\"2020-03-27T12:14:44+00:00\",\"mainEntityOfPage\":{\"@id\":\"https:\/\/jornalfatosenoticias.com.br\/index.php\/2020\/03\/27\/acredite-em-voce\/\"},\"wordCount\":429,\"commentCount\":0,\"publisher\":{\"@id\":\"https:\/\/jornalfatosenoticias.com.br\/#organization\"},\"image\":{\"@id\":\"https:\/\/jornalfatosenoticias.com.br\/index.php\/2020\/03\/27\/acredite-em-voce\/#primaryimage\"},\"thumbnailUrl\":\"https:\/\/jornalfatosenoticias.com.br\/wp-content\/uploads\/2020\/03\/Ray-Kroc.jpeg\",\"keywords\":[\"autoestima\",\"conquistas\",\"desejos\",\"McDonald\u2019s\",\"obst\u00e1culos\",\"Ray Kroc\",\"sonhar\",\"vencedor\"],\"articleSection\":[\"Geral\"],\"inLanguage\":\"pt-BR\",\"potentialAction\":[{\"@type\":\"CommentAction\",\"name\":\"Comment\",\"target\":[\"https:\/\/jornalfatosenoticias.com.br\/index.php\/2020\/03\/27\/acredite-em-voce\/#respond\"]}]},{\"@type\":\"WebPage\",\"@id\":\"https:\/\/jornalfatosenoticias.com.br\/index.php\/2020\/03\/27\/acredite-em-voce\/\",\"url\":\"https:\/\/jornalfatosenoticias.com.br\/index.php\/2020\/03\/27\/acredite-em-voce\/\",\"name\":\"Acredite em voc\u00ea - Jornal Fatos e Not\u00edcias\",\"isPartOf\":{\"@id\":\"https:\/\/jornalfatosenoticias.com.br\/#website\"},\"primaryImageOfPage\":{\"@id\":\"https:\/\/jornalfatosenoticias.com.br\/index.php\/2020\/03\/27\/acredite-em-voce\/#primaryimage\"},\"image\":{\"@id\":\"https:\/\/jornalfatosenoticias.com.br\/index.php\/2020\/03\/27\/acredite-em-voce\/#primaryimage\"},\"thumbnailUrl\":\"https:\/\/jornalfatosenoticias.com.br\/wp-content\/uploads\/2020\/03\/Ray-Kroc.jpeg\",\"datePublished\":\"2020-03-27T12:14:39+00:00\",\"dateModified\":\"2020-03-27T12:14:44+00:00\",\"breadcrumb\":{\"@id\":\"https:\/\/jornalfatosenoticias.com.br\/index.php\/2020\/03\/27\/acredite-em-voce\/#breadcrumb\"},\"inLanguage\":\"pt-BR\",\"potentialAction\":[{\"@type\":\"ReadAction\",\"target\":[\"https:\/\/jornalfatosenoticias.com.br\/index.php\/2020\/03\/27\/acredite-em-voce\/\"]}]},{\"@type\":\"ImageObject\",\"inLanguage\":\"pt-BR\",\"@id\":\"https:\/\/jornalfatosenoticias.com.br\/index.php\/2020\/03\/27\/acredite-em-voce\/#primaryimage\",\"url\":\"https:\/\/jornalfatosenoticias.com.br\/wp-content\/uploads\/2020\/03\/Ray-Kroc.jpeg\",\"contentUrl\":\"https:\/\/jornalfatosenoticias.com.br\/wp-content\/uploads\/2020\/03\/Ray-Kroc.jpeg\",\"width\":980,\"height\":682},{\"@type\":\"BreadcrumbList\",\"@id\":\"https:\/\/jornalfatosenoticias.com.br\/index.php\/2020\/03\/27\/acredite-em-voce\/#breadcrumb\",\"itemListElement\":[{\"@type\":\"ListItem\",\"position\":1,\"name\":\"In\u00edcio\",\"item\":\"https:\/\/jornalfatosenoticias.com.br\/\"},{\"@type\":\"ListItem\",\"position\":2,\"name\":\"Acredite em voc\u00ea\"}]},{\"@type\":\"WebSite\",\"@id\":\"https:\/\/jornalfatosenoticias.com.br\/#website\",\"url\":\"https:\/\/jornalfatosenoticias.com.br\/\",\"name\":\"Jornal Fatos e Not\u00edcias\",\"description\":\"Not\u00edcias em geral\",\"publisher\":{\"@id\":\"https:\/\/jornalfatosenoticias.com.br\/#organization\"},\"potentialAction\":[{\"@type\":\"SearchAction\",\"target\":{\"@type\":\"EntryPoint\",\"urlTemplate\":\"https:\/\/jornalfatosenoticias.com.br\/?s={search_term_string}\"},\"query-input\":{\"@type\":\"PropertyValueSpecification\",\"valueRequired\":true,\"valueName\":\"search_term_string\"}}],\"inLanguage\":\"pt-BR\"},{\"@type\":\"Organization\",\"@id\":\"https:\/\/jornalfatosenoticias.com.br\/#organization\",\"name\":\"Jornal Fatos e Not\u00edcias\",\"url\":\"https:\/\/jornalfatosenoticias.com.br\/\",\"logo\":{\"@type\":\"ImageObject\",\"inLanguage\":\"pt-BR\",\"@id\":\"https:\/\/jornalfatosenoticias.com.br\/#\/schema\/logo\/image\/\",\"url\":\"https:\/\/jornalfatosenoticias.com.br\/wp-content\/uploads\/2020\/02\/logo120.png\",\"contentUrl\":\"https:\/\/jornalfatosenoticias.com.br\/wp-content\/uploads\/2020\/02\/logo120.png\",\"width\":1227,\"height\":120,\"caption\":\"Jornal Fatos e Not\u00edcias\"},\"image\":{\"@id\":\"https:\/\/jornalfatosenoticias.com.br\/#\/schema\/logo\/image\/\"}},{\"@type\":\"Person\",\"@id\":\"https:\/\/jornalfatosenoticias.com.br\/#\/schema\/person\/d63837fa13ac8666eb9e74e0985d6f81\",\"name\":\"Luzimara Fernandes\",\"image\":{\"@type\":\"ImageObject\",\"inLanguage\":\"pt-BR\",\"@id\":\"https:\/\/jornalfatosenoticias.com.br\/#\/schema\/person\/image\/\",\"url\":\"https:\/\/jornalfatosenoticias.com.br\/wp-content\/uploads\/2025\/05\/EU_portal.jpg\",\"contentUrl\":\"https:\/\/jornalfatosenoticias.com.br\/wp-content\/uploads\/2025\/05\/EU_portal.jpg\",\"caption\":\"Luzimara Fernandes\"},\"description\":\"Jornalista MTB 2358-ES\",\"sameAs\":[\"https:\/\/jornalfatosenoticias.com.br\"],\"url\":\"https:\/\/jornalfatosenoticias.com.br\/index.php\/author\/luzimara\/\"}]}<\/script>\n<!-- \/ Yoast SEO plugin. -->","yoast_head_json":{"title":"Acredite em voc\u00ea - Jornal Fatos e Not\u00edcias","robots":{"index":"index","follow":"follow","max-snippet":"max-snippet:-1","max-image-preview":"max-image-preview:large","max-video-preview":"max-video-preview:-1"},"canonical":"https:\/\/jornalfatosenoticias.com.br\/index.php\/2020\/03\/27\/acredite-em-voce\/","og_locale":"pt_BR","og_type":"article","og_title":"Acredite em voc\u00ea - Jornal Fatos e Not\u00edcias","og_description":"&#8220;Vencedor \u00e9 aquele que acredita em si pr\u00f3prio e em sua capacidade de superar obst\u00e1culos&#8221; Na minha carreira de professor e consultor empresarial, tenho me surpreendido em como parte das pessoas tem baixa autoestima. As pessoas deixaram de sonhar e passaram a viver como pessoas que, ao inv\u00e9s de sonhadoras, s\u00e3o apenas desejosas. E existe [&hellip;]","og_url":"https:\/\/jornalfatosenoticias.com.br\/index.php\/2020\/03\/27\/acredite-em-voce\/","og_site_name":"Jornal Fatos e Not\u00edcias","article_published_time":"2020-03-27T12:14:39+00:00","article_modified_time":"2020-03-27T12:14:44+00:00","og_image":[{"width":980,"height":682,"url":"https:\/\/jornalfatosenoticias.com.br\/wp-content\/uploads\/2020\/03\/Ray-Kroc.jpeg","type":"image\/jpeg"}],"author":"Luzimara Fernandes","twitter_card":"summary_large_image","twitter_misc":{"Escrito por":"Luzimara Fernandes","Est. tempo de leitura":"2 minutos"},"schema":{"@context":"https:\/\/schema.org","@graph":[{"@type":"Article","@id":"https:\/\/jornalfatosenoticias.com.br\/index.php\/2020\/03\/27\/acredite-em-voce\/#article","isPartOf":{"@id":"https:\/\/jornalfatosenoticias.com.br\/index.php\/2020\/03\/27\/acredite-em-voce\/"},"author":{"name":"Luzimara Fernandes","@id":"https:\/\/jornalfatosenoticias.com.br\/#\/schema\/person\/d63837fa13ac8666eb9e74e0985d6f81"},"headline":"Acredite em voc\u00ea","datePublished":"2020-03-27T12:14:39+00:00","dateModified":"2020-03-27T12:14:44+00:00","mainEntityOfPage":{"@id":"https:\/\/jornalfatosenoticias.com.br\/index.php\/2020\/03\/27\/acredite-em-voce\/"},"wordCount":429,"commentCount":0,"publisher":{"@id":"https:\/\/jornalfatosenoticias.com.br\/#organization"},"image":{"@id":"https:\/\/jornalfatosenoticias.com.br\/index.php\/2020\/03\/27\/acredite-em-voce\/#primaryimage"},"thumbnailUrl":"https:\/\/jornalfatosenoticias.com.br\/wp-content\/uploads\/2020\/03\/Ray-Kroc.jpeg","keywords":["autoestima","conquistas","desejos","McDonald\u2019s","obst\u00e1culos","Ray Kroc","sonhar","vencedor"],"articleSection":["Geral"],"inLanguage":"pt-BR","potentialAction":[{"@type":"CommentAction","name":"Comment","target":["https:\/\/jornalfatosenoticias.com.br\/index.php\/2020\/03\/27\/acredite-em-voce\/#respond"]}]},{"@type":"WebPage","@id":"https:\/\/jornalfatosenoticias.com.br\/index.php\/2020\/03\/27\/acredite-em-voce\/","url":"https:\/\/jornalfatosenoticias.com.br\/index.php\/2020\/03\/27\/acredite-em-voce\/","name":"Acredite em voc\u00ea - Jornal Fatos e Not\u00edcias","isPartOf":{"@id":"https:\/\/jornalfatosenoticias.com.br\/#website"},"primaryImageOfPage":{"@id":"https:\/\/jornalfatosenoticias.com.br\/index.php\/2020\/03\/27\/acredite-em-voce\/#primaryimage"},"image":{"@id":"https:\/\/jornalfatosenoticias.com.br\/index.php\/2020\/03\/27\/acredite-em-voce\/#primaryimage"},"thumbnailUrl":"https:\/\/jornalfatosenoticias.com.br\/wp-content\/uploads\/2020\/03\/Ray-Kroc.jpeg","datePublished":"2020-03-27T12:14:39+00:00","dateModified":"2020-03-27T12:14:44+00:00","breadcrumb":{"@id":"https:\/\/jornalfatosenoticias.com.br\/index.php\/2020\/03\/27\/acredite-em-voce\/#breadcrumb"},"inLanguage":"pt-BR","potentialAction":[{"@type":"ReadAction","target":["https:\/\/jornalfatosenoticias.com.br\/index.php\/2020\/03\/27\/acredite-em-voce\/"]}]},{"@type":"ImageObject","inLanguage":"pt-BR","@id":"https:\/\/jornalfatosenoticias.com.br\/index.php\/2020\/03\/27\/acredite-em-voce\/#primaryimage","url":"https:\/\/jornalfatosenoticias.com.br\/wp-content\/uploads\/2020\/03\/Ray-Kroc.jpeg","contentUrl":"https:\/\/jornalfatosenoticias.com.br\/wp-content\/uploads\/2020\/03\/Ray-Kroc.jpeg","width":980,"height":682},{"@type":"BreadcrumbList","@id":"https:\/\/jornalfatosenoticias.com.br\/index.php\/2020\/03\/27\/acredite-em-voce\/#breadcrumb","itemListElement":[{"@type":"ListItem","position":1,"name":"In\u00edcio","item":"https:\/\/jornalfatosenoticias.com.br\/"},{"@type":"ListItem","position":2,"name":"Acredite em voc\u00ea"}]},{"@type":"WebSite","@id":"https:\/\/jornalfatosenoticias.com.br\/#website","url":"https:\/\/jornalfatosenoticias.com.br\/","name":"Jornal Fatos e Not\u00edcias","description":"Not\u00edcias em geral","publisher":{"@id":"https:\/\/jornalfatosenoticias.com.br\/#organization"},"potentialAction":[{"@type":"SearchAction","target":{"@type":"EntryPoint","urlTemplate":"https:\/\/jornalfatosenoticias.com.br\/?s={search_term_string}"},"query-input":{"@type":"PropertyValueSpecification","valueRequired":true,"valueName":"search_term_string"}}],"inLanguage":"pt-BR"},{"@type":"Organization","@id":"https:\/\/jornalfatosenoticias.com.br\/#organization","name":"Jornal Fatos e Not\u00edcias","url":"https:\/\/jornalfatosenoticias.com.br\/","logo":{"@type":"ImageObject","inLanguage":"pt-BR","@id":"https:\/\/jornalfatosenoticias.com.br\/#\/schema\/logo\/image\/","url":"https:\/\/jornalfatosenoticias.com.br\/wp-content\/uploads\/2020\/02\/logo120.png","contentUrl":"https:\/\/jornalfatosenoticias.com.br\/wp-content\/uploads\/2020\/02\/logo120.png","width":1227,"height":120,"caption":"Jornal Fatos e Not\u00edcias"},"image":{"@id":"https:\/\/jornalfatosenoticias.com.br\/#\/schema\/logo\/image\/"}},{"@type":"Person","@id":"https:\/\/jornalfatosenoticias.com.br\/#\/schema\/person\/d63837fa13ac8666eb9e74e0985d6f81","name":"Luzimara Fernandes","image":{"@type":"ImageObject","inLanguage":"pt-BR","@id":"https:\/\/jornalfatosenoticias.com.br\/#\/schema\/person\/image\/","url":"https:\/\/jornalfatosenoticias.com.br\/wp-content\/uploads\/2025\/05\/EU_portal.jpg","contentUrl":"https:\/\/jornalfatosenoticias.com.br\/wp-content\/uploads\/2025\/05\/EU_portal.jpg","caption":"Luzimara Fernandes"},"description":"Jornalista MTB 2358-ES","sameAs":["https:\/\/jornalfatosenoticias.com.br"],"url":"https:\/\/jornalfatosenoticias.com.br\/index.php\/author\/luzimara\/"}]}},"cc_featured_image_caption":{"caption_text":"Ray Kroc, McDonald\u2019s (Foto: Divulga\u00e7\u00e3o)\r\n\r\n","source_text":"","source_url":""},"jetpack_featured_media_url":"https:\/\/jornalfatosenoticias.com.br\/wp-content\/uploads\/2020\/03\/Ray-Kroc.jpeg","_links":{"self":[{"href":"https:\/\/jornalfatosenoticias.com.br\/index.php\/wp-json\/wp\/v2\/posts\/2453","targetHints":{"allow":["GET"]}}],"collection":[{"href":"https:\/\/jornalfatosenoticias.com.br\/index.php\/wp-json\/wp\/v2\/posts"}],"about":[{"href":"https:\/\/jornalfatosenoticias.com.br\/index.php\/wp-json\/wp\/v2\/types\/post"}],"author":[{"embeddable":true,"href":"https:\/\/jornalfatosenoticias.com.br\/index.php\/wp-json\/wp\/v2\/users\/2"}],"replies":[{"embeddable":true,"href":"https:\/\/jornalfatosenoticias.com.br\/index.php\/wp-json\/wp\/v2\/comments?post=2453"}],"version-history":[{"count":0,"href":"https:\/\/jornalfatosenoticias.com.br\/index.php\/wp-json\/wp\/v2\/posts\/2453\/revisions"}],"wp:featuredmedia":[{"embeddable":true,"href":"https:\/\/jornalfatosenoticias.com.br\/index.php\/wp-json\/wp\/v2\/media\/2454"}],"wp:attachment":[{"href":"https:\/\/jornalfatosenoticias.com.br\/index.php\/wp-json\/wp\/v2\/media?parent=2453"}],"wp:term":[{"taxonomy":"category","embeddable":true,"href":"https:\/\/jornalfatosenoticias.com.br\/index.php\/wp-json\/wp\/v2\/categories?post=2453"},{"taxonomy":"post_tag","embeddable":true,"href":"https:\/\/jornalfatosenoticias.com.br\/index.php\/wp-json\/wp\/v2\/tags?post=2453"}],"curies":[{"name":"wp","href":"https:\/\/api.w.org\/{rel}","templated":true}]}}