{"id":24572,"date":"2021-11-03T18:48:53","date_gmt":"2021-11-03T21:48:53","guid":{"rendered":"https:\/\/jornalfatosenoticias.com.br\/?p=24572"},"modified":"2021-11-03T18:48:57","modified_gmt":"2021-11-03T21:48:57","slug":"avancini-conquista-19a-campeonato-brasileiro-de-mtb","status":"publish","type":"post","link":"https:\/\/jornalfatosenoticias.com.br\/index.php\/2021\/11\/03\/avancini-conquista-19a-campeonato-brasileiro-de-mtb\/","title":{"rendered":"Avancini conquista 19\u00aa Campeonato Brasileiro de MTB"},"content":{"rendered":"\n<p><em><span class=\"has-inline-color has-black-color\">Esta \u00e9 a 19\u00aa vit\u00f3ria no cross country ol\u00edmpico<\/span><\/em><\/p>\n\n\n\n<p>Henrique Avancini conquistou, na tarde desta ter\u00e7a-feira (2) em Mairipor\u00e3 (S\u00e3o Paulo), o Campeonato Brasileiro na categoria de cross country ol\u00edmpico (XCO) de mountain bike. Esta foi a 19\u00aa oportunidade na qual o atleta, que nasceu em Petr\u00f3polis, garantiu a competi\u00e7\u00e3o nacional.<\/p>\n\n\n\n<blockquote class=\"wp-block-quote is-layout-flow wp-block-quote-is-layout-flow\"><p><span class=\"has-inline-color has-luminous-vivid-orange-color\">\u201cMuito feliz com mais um t\u00edtulo brasileiro. Enquanto eu estiver ativo quero ter essa bandeira no peito\u201d, declarou Avancini, que, no \u00faltimo domingo (31), j\u00e1 havia vencido a prova de Short Track (XCC).<\/span><\/p><\/blockquote>\n\n\n\n<p><strong><a href=\"https:\/\/gooutside.com.br\/como-praticar-mountain-bike\/\" target=\"_blank\" rel=\"noreferrer noopener\">+\u00a0Come\u00e7ando nos esportes de aventura: como praticar mountain bike<\/a><br><a href=\"https:\/\/gooutside.com.br\/mountain-bike-eletrica-turbo-tero\/\" target=\"_blank\" rel=\"noreferrer noopener\">+ Conhe\u00e7a a Turbo Tero, a mountain bike el\u00e9trica da Specialized<\/a><\/strong><br><a href=\"https:\/\/gooutside.com.br\/melhor-resultado-do-brasil-na-mountain-bike-em-olimpiada-empolga-mercado\/\" target=\"_blank\" rel=\"noreferrer noopener\"><strong>+ Melhor resultado do Brasil na mountain bike em Olimp\u00edada empolga mercado<\/strong><\/a><\/p>\n\n\n\n<p>Avancini venceu a competi\u00e7\u00e3o do Campeonato Brasileiro com o tempo de 1h19min35s. Ao todo 29 atletas participaram da disputa, na qual Luiz Henrique Cocuzzi ficou na segunda posi\u00e7\u00e3o e Jos\u00e9 Gabriel ficou em terceiro.<br>Com este t\u00edtulo, a temporada 2021 chegou ao fim oficialmente para Avancini, que s\u00f3 volta a competir agora em 2022, ano no qual acontece a estreia do Brasil em uma prova da Copa do Mundo de MTB. A competi\u00e7\u00e3o ocorrer\u00e1 em Petr\u00f3polis.<\/p>\n\n\n\n<figure class=\"wp-block-embed-twitter wp-block-embed is-type-rich is-provider-twitter\"><div class=\"wp-block-embed__wrapper\">\n<blockquote class=\"twitter-tweet\" data-width=\"550\" data-dnt=\"true\"><p lang=\"es\" dir=\"ltr\">\ud83c\udfc6\ud83c\udfc6\ud83c\udfc6\ud83c\udfc6\ud83c\udfc6\ud83c\udfc6<br>\ud83c\udfc6\ud83c\udfc6\ud83c\udfc6\ud83c\udfc6\ud83c\udfc6<br>\ud83c\udfc6\ud83c\udfc6\ud83c\udfc6\ud83c\udfc6<br>\ud83c\udfc6\ud83c\udfc6\ud83c\udfc6<br>\ud83c\udfc6<br><br>19 t\u00edtulos brasileiros de mountain bike.<br><br>Henrique Avancini \u00e9 M O N S T R O! <br><br>\ud83d\udcf8 Felipe Almeida <a href=\"https:\/\/t.co\/YDwjZZ7FXN\">pic.twitter.com\/YDwjZZ7FXN<\/a><\/p>&mdash; Time Brasil (@timebrasil) <a href=\"https:\/\/twitter.com\/timebrasil\/status\/1455694455378436099?ref_src=twsrc%5Etfw\">November 3, 2021<\/a><\/blockquote><script async src=\"https:\/\/platform.twitter.com\/widgets.js\" charset=\"utf-8\"><\/script>\n<\/div><\/figure>\n\n\n\n<p><strong><em>Fonte: <a href=\"https:\/\/gooutside.com.br\/avancini-conquista-campeontato-brasileiro\/\">Go Outside<\/a><\/em><\/strong><\/p>\n","protected":false},"excerpt":{"rendered":"<p>Esta \u00e9 a 19\u00aa vit\u00f3ria no cross country ol\u00edmpico Henrique Avancini conquistou, na tarde desta ter\u00e7a-feira (2) em Mairipor\u00e3 (S\u00e3o Paulo), o Campeonato Brasileiro na categoria de cross country ol\u00edmpico (XCO) de mountain bike. Esta foi a 19\u00aa oportunidade na qual o atleta, que nasceu em Petr\u00f3polis, garantiu a competi\u00e7\u00e3o nacional. \u201cMuito feliz com mais [&hellip;]<\/p>\n","protected":false},"author":2,"featured_media":24574,"comment_status":"open","ping_status":"open","sticky":false,"template":"","format":"standard","meta":{"footnotes":""},"categories":[12],"tags":[8812,43,11874,11875],"class_list":["post-24572","post","type-post","status-publish","format-standard","has-post-thumbnail","hentry","category-esportes","tag-ciclismo","tag-esportes","tag-henrique-avancini","tag-mountain-bike"],"yoast_head":"<!-- This site is optimized with the Yoast SEO plugin v26.5 - https:\/\/yoast.com\/wordpress\/plugins\/seo\/ -->\n<title>Avancini conquista 19\u00aa Campeonato Brasileiro de MTB - Jornal Fatos e Not\u00edcias<\/title>\n<meta name=\"robots\" content=\"index, follow, max-snippet:-1, max-image-preview:large, max-video-preview:-1\" \/>\n<link rel=\"canonical\" href=\"https:\/\/jornalfatosenoticias.com.br\/index.php\/2021\/11\/03\/avancini-conquista-19a-campeonato-brasileiro-de-mtb\/\" \/>\n<meta property=\"og:locale\" content=\"pt_BR\" \/>\n<meta property=\"og:type\" content=\"article\" \/>\n<meta property=\"og:title\" content=\"Avancini conquista 19\u00aa Campeonato Brasileiro de MTB - Jornal Fatos e Not\u00edcias\" \/>\n<meta property=\"og:description\" content=\"Esta \u00e9 a 19\u00aa vit\u00f3ria no cross country ol\u00edmpico Henrique Avancini conquistou, na tarde desta ter\u00e7a-feira (2) em Mairipor\u00e3 (S\u00e3o Paulo), o Campeonato Brasileiro na categoria de cross country ol\u00edmpico (XCO) de mountain bike. Esta foi a 19\u00aa oportunidade na qual o atleta, que nasceu em Petr\u00f3polis, garantiu a competi\u00e7\u00e3o nacional. \u201cMuito feliz com mais [&hellip;]\" \/>\n<meta property=\"og:url\" content=\"https:\/\/jornalfatosenoticias.com.br\/index.php\/2021\/11\/03\/avancini-conquista-19a-campeonato-brasileiro-de-mtb\/\" \/>\n<meta property=\"og:site_name\" content=\"Jornal Fatos e Not\u00edcias\" \/>\n<meta property=\"article:published_time\" content=\"2021-11-03T21:48:53+00:00\" \/>\n<meta property=\"article:modified_time\" content=\"2021-11-03T21:48:57+00:00\" \/>\n<meta property=\"og:image\" content=\"https:\/\/jornalfatosenoticias.com.br\/wp-content\/uploads\/2021\/11\/henrique-avancini-divulgacao-cross.jpg\" \/>\n\t<meta property=\"og:image:width\" content=\"1000\" \/>\n\t<meta property=\"og:image:height\" content=\"667\" \/>\n\t<meta property=\"og:image:type\" content=\"image\/jpeg\" \/>\n<meta name=\"author\" content=\"Luzimara Fernandes\" \/>\n<meta name=\"twitter:card\" content=\"summary_large_image\" \/>\n<meta name=\"twitter:label1\" content=\"Escrito por\" \/>\n\t<meta name=\"twitter:data1\" content=\"Luzimara Fernandes\" \/>\n\t<meta name=\"twitter:label2\" content=\"Est. tempo de leitura\" \/>\n\t<meta name=\"twitter:data2\" content=\"1 minuto\" \/>\n<script type=\"application\/ld+json\" class=\"yoast-schema-graph\">{\"@context\":\"https:\/\/schema.org\",\"@graph\":[{\"@type\":\"Article\",\"@id\":\"https:\/\/jornalfatosenoticias.com.br\/index.php\/2021\/11\/03\/avancini-conquista-19a-campeonato-brasileiro-de-mtb\/#article\",\"isPartOf\":{\"@id\":\"https:\/\/jornalfatosenoticias.com.br\/index.php\/2021\/11\/03\/avancini-conquista-19a-campeonato-brasileiro-de-mtb\/\"},\"author\":{\"name\":\"Luzimara Fernandes\",\"@id\":\"https:\/\/jornalfatosenoticias.com.br\/#\/schema\/person\/d63837fa13ac8666eb9e74e0985d6f81\"},\"headline\":\"Avancini conquista 19\u00aa Campeonato Brasileiro de MTB\",\"datePublished\":\"2021-11-03T21:48:53+00:00\",\"dateModified\":\"2021-11-03T21:48:57+00:00\",\"mainEntityOfPage\":{\"@id\":\"https:\/\/jornalfatosenoticias.com.br\/index.php\/2021\/11\/03\/avancini-conquista-19a-campeonato-brasileiro-de-mtb\/\"},\"wordCount\":238,\"commentCount\":0,\"publisher\":{\"@id\":\"https:\/\/jornalfatosenoticias.com.br\/#organization\"},\"image\":{\"@id\":\"https:\/\/jornalfatosenoticias.com.br\/index.php\/2021\/11\/03\/avancini-conquista-19a-campeonato-brasileiro-de-mtb\/#primaryimage\"},\"thumbnailUrl\":\"https:\/\/jornalfatosenoticias.com.br\/wp-content\/uploads\/2021\/11\/henrique-avancini-divulgacao-cross.jpg\",\"keywords\":[\"ciclismo\",\"esportes\",\"Henrique Avancini\",\"Mountain Bike\"],\"articleSection\":[\"Esportes\"],\"inLanguage\":\"pt-BR\",\"potentialAction\":[{\"@type\":\"CommentAction\",\"name\":\"Comment\",\"target\":[\"https:\/\/jornalfatosenoticias.com.br\/index.php\/2021\/11\/03\/avancini-conquista-19a-campeonato-brasileiro-de-mtb\/#respond\"]}]},{\"@type\":\"WebPage\",\"@id\":\"https:\/\/jornalfatosenoticias.com.br\/index.php\/2021\/11\/03\/avancini-conquista-19a-campeonato-brasileiro-de-mtb\/\",\"url\":\"https:\/\/jornalfatosenoticias.com.br\/index.php\/2021\/11\/03\/avancini-conquista-19a-campeonato-brasileiro-de-mtb\/\",\"name\":\"Avancini conquista 19\u00aa Campeonato Brasileiro de MTB - Jornal Fatos e Not\u00edcias\",\"isPartOf\":{\"@id\":\"https:\/\/jornalfatosenoticias.com.br\/#website\"},\"primaryImageOfPage\":{\"@id\":\"https:\/\/jornalfatosenoticias.com.br\/index.php\/2021\/11\/03\/avancini-conquista-19a-campeonato-brasileiro-de-mtb\/#primaryimage\"},\"image\":{\"@id\":\"https:\/\/jornalfatosenoticias.com.br\/index.php\/2021\/11\/03\/avancini-conquista-19a-campeonato-brasileiro-de-mtb\/#primaryimage\"},\"thumbnailUrl\":\"https:\/\/jornalfatosenoticias.com.br\/wp-content\/uploads\/2021\/11\/henrique-avancini-divulgacao-cross.jpg\",\"datePublished\":\"2021-11-03T21:48:53+00:00\",\"dateModified\":\"2021-11-03T21:48:57+00:00\",\"breadcrumb\":{\"@id\":\"https:\/\/jornalfatosenoticias.com.br\/index.php\/2021\/11\/03\/avancini-conquista-19a-campeonato-brasileiro-de-mtb\/#breadcrumb\"},\"inLanguage\":\"pt-BR\",\"potentialAction\":[{\"@type\":\"ReadAction\",\"target\":[\"https:\/\/jornalfatosenoticias.com.br\/index.php\/2021\/11\/03\/avancini-conquista-19a-campeonato-brasileiro-de-mtb\/\"]}]},{\"@type\":\"ImageObject\",\"inLanguage\":\"pt-BR\",\"@id\":\"https:\/\/jornalfatosenoticias.com.br\/index.php\/2021\/11\/03\/avancini-conquista-19a-campeonato-brasileiro-de-mtb\/#primaryimage\",\"url\":\"https:\/\/jornalfatosenoticias.com.br\/wp-content\/uploads\/2021\/11\/henrique-avancini-divulgacao-cross.jpg\",\"contentUrl\":\"https:\/\/jornalfatosenoticias.com.br\/wp-content\/uploads\/2021\/11\/henrique-avancini-divulgacao-cross.jpg\",\"width\":1000,\"height\":667},{\"@type\":\"BreadcrumbList\",\"@id\":\"https:\/\/jornalfatosenoticias.com.br\/index.php\/2021\/11\/03\/avancini-conquista-19a-campeonato-brasileiro-de-mtb\/#breadcrumb\",\"itemListElement\":[{\"@type\":\"ListItem\",\"position\":1,\"name\":\"In\u00edcio\",\"item\":\"https:\/\/jornalfatosenoticias.com.br\/\"},{\"@type\":\"ListItem\",\"position\":2,\"name\":\"Avancini conquista 19\u00aa Campeonato Brasileiro de MTB\"}]},{\"@type\":\"WebSite\",\"@id\":\"https:\/\/jornalfatosenoticias.com.br\/#website\",\"url\":\"https:\/\/jornalfatosenoticias.com.br\/\",\"name\":\"Jornal Fatos e Not\u00edcias\",\"description\":\"Not\u00edcias em geral\",\"publisher\":{\"@id\":\"https:\/\/jornalfatosenoticias.com.br\/#organization\"},\"potentialAction\":[{\"@type\":\"SearchAction\",\"target\":{\"@type\":\"EntryPoint\",\"urlTemplate\":\"https:\/\/jornalfatosenoticias.com.br\/?s={search_term_string}\"},\"query-input\":{\"@type\":\"PropertyValueSpecification\",\"valueRequired\":true,\"valueName\":\"search_term_string\"}}],\"inLanguage\":\"pt-BR\"},{\"@type\":\"Organization\",\"@id\":\"https:\/\/jornalfatosenoticias.com.br\/#organization\",\"name\":\"Jornal Fatos e Not\u00edcias\",\"url\":\"https:\/\/jornalfatosenoticias.com.br\/\",\"logo\":{\"@type\":\"ImageObject\",\"inLanguage\":\"pt-BR\",\"@id\":\"https:\/\/jornalfatosenoticias.com.br\/#\/schema\/logo\/image\/\",\"url\":\"https:\/\/jornalfatosenoticias.com.br\/wp-content\/uploads\/2020\/02\/logo120.png\",\"contentUrl\":\"https:\/\/jornalfatosenoticias.com.br\/wp-content\/uploads\/2020\/02\/logo120.png\",\"width\":1227,\"height\":120,\"caption\":\"Jornal Fatos e Not\u00edcias\"},\"image\":{\"@id\":\"https:\/\/jornalfatosenoticias.com.br\/#\/schema\/logo\/image\/\"}},{\"@type\":\"Person\",\"@id\":\"https:\/\/jornalfatosenoticias.com.br\/#\/schema\/person\/d63837fa13ac8666eb9e74e0985d6f81\",\"name\":\"Luzimara Fernandes\",\"image\":{\"@type\":\"ImageObject\",\"inLanguage\":\"pt-BR\",\"@id\":\"https:\/\/jornalfatosenoticias.com.br\/#\/schema\/person\/image\/\",\"url\":\"https:\/\/jornalfatosenoticias.com.br\/wp-content\/uploads\/2025\/05\/EU_portal.jpg\",\"contentUrl\":\"https:\/\/jornalfatosenoticias.com.br\/wp-content\/uploads\/2025\/05\/EU_portal.jpg\",\"caption\":\"Luzimara Fernandes\"},\"description\":\"Jornalista MTB 2358-ES\",\"sameAs\":[\"https:\/\/jornalfatosenoticias.com.br\"],\"url\":\"https:\/\/jornalfatosenoticias.com.br\/index.php\/author\/luzimara\/\"}]}<\/script>\n<!-- \/ Yoast SEO plugin. -->","yoast_head_json":{"title":"Avancini conquista 19\u00aa Campeonato Brasileiro de MTB - Jornal Fatos e Not\u00edcias","robots":{"index":"index","follow":"follow","max-snippet":"max-snippet:-1","max-image-preview":"max-image-preview:large","max-video-preview":"max-video-preview:-1"},"canonical":"https:\/\/jornalfatosenoticias.com.br\/index.php\/2021\/11\/03\/avancini-conquista-19a-campeonato-brasileiro-de-mtb\/","og_locale":"pt_BR","og_type":"article","og_title":"Avancini conquista 19\u00aa Campeonato Brasileiro de MTB - Jornal Fatos e Not\u00edcias","og_description":"Esta \u00e9 a 19\u00aa vit\u00f3ria no cross country ol\u00edmpico Henrique Avancini conquistou, na tarde desta ter\u00e7a-feira (2) em Mairipor\u00e3 (S\u00e3o Paulo), o Campeonato Brasileiro na categoria de cross country ol\u00edmpico (XCO) de mountain bike. Esta foi a 19\u00aa oportunidade na qual o atleta, que nasceu em Petr\u00f3polis, garantiu a competi\u00e7\u00e3o nacional. \u201cMuito feliz com mais [&hellip;]","og_url":"https:\/\/jornalfatosenoticias.com.br\/index.php\/2021\/11\/03\/avancini-conquista-19a-campeonato-brasileiro-de-mtb\/","og_site_name":"Jornal Fatos e Not\u00edcias","article_published_time":"2021-11-03T21:48:53+00:00","article_modified_time":"2021-11-03T21:48:57+00:00","og_image":[{"width":1000,"height":667,"url":"https:\/\/jornalfatosenoticias.com.br\/wp-content\/uploads\/2021\/11\/henrique-avancini-divulgacao-cross.jpg","type":"image\/jpeg"}],"author":"Luzimara Fernandes","twitter_card":"summary_large_image","twitter_misc":{"Escrito por":"Luzimara Fernandes","Est. tempo de leitura":"1 minuto"},"schema":{"@context":"https:\/\/schema.org","@graph":[{"@type":"Article","@id":"https:\/\/jornalfatosenoticias.com.br\/index.php\/2021\/11\/03\/avancini-conquista-19a-campeonato-brasileiro-de-mtb\/#article","isPartOf":{"@id":"https:\/\/jornalfatosenoticias.com.br\/index.php\/2021\/11\/03\/avancini-conquista-19a-campeonato-brasileiro-de-mtb\/"},"author":{"name":"Luzimara Fernandes","@id":"https:\/\/jornalfatosenoticias.com.br\/#\/schema\/person\/d63837fa13ac8666eb9e74e0985d6f81"},"headline":"Avancini conquista 19\u00aa Campeonato Brasileiro de MTB","datePublished":"2021-11-03T21:48:53+00:00","dateModified":"2021-11-03T21:48:57+00:00","mainEntityOfPage":{"@id":"https:\/\/jornalfatosenoticias.com.br\/index.php\/2021\/11\/03\/avancini-conquista-19a-campeonato-brasileiro-de-mtb\/"},"wordCount":238,"commentCount":0,"publisher":{"@id":"https:\/\/jornalfatosenoticias.com.br\/#organization"},"image":{"@id":"https:\/\/jornalfatosenoticias.com.br\/index.php\/2021\/11\/03\/avancini-conquista-19a-campeonato-brasileiro-de-mtb\/#primaryimage"},"thumbnailUrl":"https:\/\/jornalfatosenoticias.com.br\/wp-content\/uploads\/2021\/11\/henrique-avancini-divulgacao-cross.jpg","keywords":["ciclismo","esportes","Henrique Avancini","Mountain Bike"],"articleSection":["Esportes"],"inLanguage":"pt-BR","potentialAction":[{"@type":"CommentAction","name":"Comment","target":["https:\/\/jornalfatosenoticias.com.br\/index.php\/2021\/11\/03\/avancini-conquista-19a-campeonato-brasileiro-de-mtb\/#respond"]}]},{"@type":"WebPage","@id":"https:\/\/jornalfatosenoticias.com.br\/index.php\/2021\/11\/03\/avancini-conquista-19a-campeonato-brasileiro-de-mtb\/","url":"https:\/\/jornalfatosenoticias.com.br\/index.php\/2021\/11\/03\/avancini-conquista-19a-campeonato-brasileiro-de-mtb\/","name":"Avancini conquista 19\u00aa Campeonato Brasileiro de MTB - Jornal Fatos e Not\u00edcias","isPartOf":{"@id":"https:\/\/jornalfatosenoticias.com.br\/#website"},"primaryImageOfPage":{"@id":"https:\/\/jornalfatosenoticias.com.br\/index.php\/2021\/11\/03\/avancini-conquista-19a-campeonato-brasileiro-de-mtb\/#primaryimage"},"image":{"@id":"https:\/\/jornalfatosenoticias.com.br\/index.php\/2021\/11\/03\/avancini-conquista-19a-campeonato-brasileiro-de-mtb\/#primaryimage"},"thumbnailUrl":"https:\/\/jornalfatosenoticias.com.br\/wp-content\/uploads\/2021\/11\/henrique-avancini-divulgacao-cross.jpg","datePublished":"2021-11-03T21:48:53+00:00","dateModified":"2021-11-03T21:48:57+00:00","breadcrumb":{"@id":"https:\/\/jornalfatosenoticias.com.br\/index.php\/2021\/11\/03\/avancini-conquista-19a-campeonato-brasileiro-de-mtb\/#breadcrumb"},"inLanguage":"pt-BR","potentialAction":[{"@type":"ReadAction","target":["https:\/\/jornalfatosenoticias.com.br\/index.php\/2021\/11\/03\/avancini-conquista-19a-campeonato-brasileiro-de-mtb\/"]}]},{"@type":"ImageObject","inLanguage":"pt-BR","@id":"https:\/\/jornalfatosenoticias.com.br\/index.php\/2021\/11\/03\/avancini-conquista-19a-campeonato-brasileiro-de-mtb\/#primaryimage","url":"https:\/\/jornalfatosenoticias.com.br\/wp-content\/uploads\/2021\/11\/henrique-avancini-divulgacao-cross.jpg","contentUrl":"https:\/\/jornalfatosenoticias.com.br\/wp-content\/uploads\/2021\/11\/henrique-avancini-divulgacao-cross.jpg","width":1000,"height":667},{"@type":"BreadcrumbList","@id":"https:\/\/jornalfatosenoticias.com.br\/index.php\/2021\/11\/03\/avancini-conquista-19a-campeonato-brasileiro-de-mtb\/#breadcrumb","itemListElement":[{"@type":"ListItem","position":1,"name":"In\u00edcio","item":"https:\/\/jornalfatosenoticias.com.br\/"},{"@type":"ListItem","position":2,"name":"Avancini conquista 19\u00aa Campeonato Brasileiro de MTB"}]},{"@type":"WebSite","@id":"https:\/\/jornalfatosenoticias.com.br\/#website","url":"https:\/\/jornalfatosenoticias.com.br\/","name":"Jornal Fatos e Not\u00edcias","description":"Not\u00edcias em geral","publisher":{"@id":"https:\/\/jornalfatosenoticias.com.br\/#organization"},"potentialAction":[{"@type":"SearchAction","target":{"@type":"EntryPoint","urlTemplate":"https:\/\/jornalfatosenoticias.com.br\/?s={search_term_string}"},"query-input":{"@type":"PropertyValueSpecification","valueRequired":true,"valueName":"search_term_string"}}],"inLanguage":"pt-BR"},{"@type":"Organization","@id":"https:\/\/jornalfatosenoticias.com.br\/#organization","name":"Jornal Fatos e Not\u00edcias","url":"https:\/\/jornalfatosenoticias.com.br\/","logo":{"@type":"ImageObject","inLanguage":"pt-BR","@id":"https:\/\/jornalfatosenoticias.com.br\/#\/schema\/logo\/image\/","url":"https:\/\/jornalfatosenoticias.com.br\/wp-content\/uploads\/2020\/02\/logo120.png","contentUrl":"https:\/\/jornalfatosenoticias.com.br\/wp-content\/uploads\/2020\/02\/logo120.png","width":1227,"height":120,"caption":"Jornal Fatos e Not\u00edcias"},"image":{"@id":"https:\/\/jornalfatosenoticias.com.br\/#\/schema\/logo\/image\/"}},{"@type":"Person","@id":"https:\/\/jornalfatosenoticias.com.br\/#\/schema\/person\/d63837fa13ac8666eb9e74e0985d6f81","name":"Luzimara Fernandes","image":{"@type":"ImageObject","inLanguage":"pt-BR","@id":"https:\/\/jornalfatosenoticias.com.br\/#\/schema\/person\/image\/","url":"https:\/\/jornalfatosenoticias.com.br\/wp-content\/uploads\/2025\/05\/EU_portal.jpg","contentUrl":"https:\/\/jornalfatosenoticias.com.br\/wp-content\/uploads\/2025\/05\/EU_portal.jpg","caption":"Luzimara Fernandes"},"description":"Jornalista MTB 2358-ES","sameAs":["https:\/\/jornalfatosenoticias.com.br"],"url":"https:\/\/jornalfatosenoticias.com.br\/index.php\/author\/luzimara\/"}]}},"cc_featured_image_caption":{"caption_text":"(Foto: Seppia Conte\u00fado\/MTB Festival)","source_text":"","source_url":""},"jetpack_featured_media_url":"https:\/\/jornalfatosenoticias.com.br\/wp-content\/uploads\/2021\/11\/henrique-avancini-divulgacao-cross.jpg","_links":{"self":[{"href":"https:\/\/jornalfatosenoticias.com.br\/index.php\/wp-json\/wp\/v2\/posts\/24572","targetHints":{"allow":["GET"]}}],"collection":[{"href":"https:\/\/jornalfatosenoticias.com.br\/index.php\/wp-json\/wp\/v2\/posts"}],"about":[{"href":"https:\/\/jornalfatosenoticias.com.br\/index.php\/wp-json\/wp\/v2\/types\/post"}],"author":[{"embeddable":true,"href":"https:\/\/jornalfatosenoticias.com.br\/index.php\/wp-json\/wp\/v2\/users\/2"}],"replies":[{"embeddable":true,"href":"https:\/\/jornalfatosenoticias.com.br\/index.php\/wp-json\/wp\/v2\/comments?post=24572"}],"version-history":[{"count":0,"href":"https:\/\/jornalfatosenoticias.com.br\/index.php\/wp-json\/wp\/v2\/posts\/24572\/revisions"}],"wp:featuredmedia":[{"embeddable":true,"href":"https:\/\/jornalfatosenoticias.com.br\/index.php\/wp-json\/wp\/v2\/media\/24574"}],"wp:attachment":[{"href":"https:\/\/jornalfatosenoticias.com.br\/index.php\/wp-json\/wp\/v2\/media?parent=24572"}],"wp:term":[{"taxonomy":"category","embeddable":true,"href":"https:\/\/jornalfatosenoticias.com.br\/index.php\/wp-json\/wp\/v2\/categories?post=24572"},{"taxonomy":"post_tag","embeddable":true,"href":"https:\/\/jornalfatosenoticias.com.br\/index.php\/wp-json\/wp\/v2\/tags?post=24572"}],"curies":[{"name":"wp","href":"https:\/\/api.w.org\/{rel}","templated":true}]}}