{"id":24611,"date":"2021-11-04T20:32:15","date_gmt":"2021-11-04T23:32:15","guid":{"rendered":"https:\/\/jornalfatosenoticias.com.br\/?p=24611"},"modified":"2021-11-04T20:32:20","modified_gmt":"2021-11-04T23:32:20","slug":"nova-especie-de-ancestrais-humanos-e-anunciada","status":"publish","type":"post","link":"https:\/\/jornalfatosenoticias.com.br\/index.php\/2021\/11\/04\/nova-especie-de-ancestrais-humanos-e-anunciada\/","title":{"rendered":"Nova esp\u00e9cie de ancestrais humanos \u00e9 anunciada"},"content":{"rendered":"\n<p><em><span class=\"has-inline-color has-black-color\">Homo bodoensis viveu na \u00c1frica cerca de 500 mil anos atr\u00e1s e foi o ancestral direto dos humanos modernos<\/span><\/em><\/p>\n\n\n\n<p>Uma equipe internacional de pesquisadores liderada pela Dr\u00aa Mirjana Roksandic, paleoantropologista da Universidade de Winnipeg (Canad\u00e1), anunciou o nome de uma nova esp\u00e9cie de ancestral humano, o <em>Homo bodoensis<\/em>. Essa esp\u00e9cie viveu na \u00c1frica durante o Pleistoceno M\u00e9dio, cerca de meio milh\u00e3o de anos atr\u00e1s, e foi o ancestral direto dos humanos modernos. O estudo foi <strong><a href=\"https:\/\/onlinelibrary.wiley.com\/doi\/10.1002\/evan.21929\">publicado<\/a><\/strong> na revista <em>Evolutionary Anthropology Issues News and Reviews<\/em> (Not\u00edcias e Coment\u00e1rios sobre Quest\u00f5es de Antropologia Evolucion\u00e1ria, em tradu\u00e7\u00e3o livre).<br>O Pleistoceno M\u00e9dio (agora renomeado como Chibaniano e datado de 774.000-129.000 anos atr\u00e1s) \u00e9 importante porque viu o surgimento de nossa pr\u00f3pria esp\u00e9cie (<strong><a href=\"https:\/\/www.revistaplaneta.com.br\/povo-misterioso-que-viveu-no-levante-descendia-de-neandertais-e-homo-sapiens\/\"><em>Homo sapiens<\/em><\/a><\/strong>) na \u00c1frica, nossos parentes mais pr\u00f3ximos e os\u00a0<strong><a href=\"https:\/\/www.revistaplaneta.com.br\/tipo-sanguineo-traz-revelacoes-ineditas-sobre-neandertais-e-denisovanos\/\">neandertais<\/a><\/strong>\u00a0(<em>Homo neanderthalensis<\/em>) na Europa. No entanto, a evolu\u00e7\u00e3o humana durante essa \u00e9poca \u00e9 mal compreendida, um problema que os paleoantrop\u00f3logos chamam de \u201ca confus\u00e3o no meio\u201d (<em>the muddle in the middle<\/em>). O an\u00fancio do Homo bodoensis espera esclarecer esse intrigante, mas importante cap\u00edtulo da evolu\u00e7\u00e3o humana.<\/p>\n\n\n\n<p><strong><span class=\"has-inline-color has-black-color\">Nome redundante<br><\/span><\/strong>O novo nome \u00e9 baseado em uma reavalia\u00e7\u00e3o dos f\u00f3sseis existentes da \u00c1frica e da Eur\u00e1sia desse per\u00edodo. Tradicionalmente, esses f\u00f3sseis t\u00eam sido atribu\u00eddos de forma vari\u00e1vel ao <em>Homo heidelbergensis<\/em> ou ao <em>Homo rhodesiensis<\/em>, ambos com defini\u00e7\u00f5es m\u00faltiplas e frequentemente contradit\u00f3rias. \u201cFalar sobre a evolu\u00e7\u00e3o humana durante esse per\u00edodo de tempo tornou-se imposs\u00edvel devido \u00e0 falta de terminologia adequada que reconhe\u00e7a a varia\u00e7\u00e3o geogr\u00e1fica humana\u201d, de acordo com Roksandic, principal autora do estudo.<br>Recentemente, evid\u00eancias de DNA mostraram que alguns f\u00f3sseis na Europa chamados <em>H. heidelbergensis<\/em> eram na verdade os primeiros neandertais, tornando o nome redundante. Pela mesma raz\u00e3o, o nome precisa ser abandonado ao descrever humanos f\u00f3sseis do leste da \u00c1sia, de acordo com a coautora Xiu-Jie Wu (Instituto de Paleontologia e Paleoantropologia de Vertebrados, Pequim, China).<br>Para confundir ainda mais a narrativa, os f\u00f3sseis africanos datados desse per\u00edodo foram chamados \u00e0s vezes de <em>H. heidelbergensis<\/em> e <em>H. rhodesiensis. H. rhodesiensis<\/em> \u00e9 mal definido e o nome nunca foi amplamente aceito. Isso se deve em parte \u00e0 sua associa\u00e7\u00e3o com Cecil Rhodes e aos horrendos crimes cometidos durante o dom\u00ednio colonial na \u00c1frica \u2014 uma homenagem inaceit\u00e1vel \u00e0 luz do importante trabalho que est\u00e1 sendo feito para descolonizar a ci\u00eancia.<\/p>\n\n\n\n<figure class=\"wp-block-image size-large is-style-default\"><img loading=\"lazy\" decoding=\"async\" width=\"800\" height=\"1000\" src=\"https:\/\/jornalfatosenoticias.com.br\/wp-content\/uploads\/2021\/11\/NOVA-ESPECIE-DE-ANCESTRAL-HUMANO2.jpg\" alt=\"\" class=\"wp-image-24612\" srcset=\"https:\/\/jornalfatosenoticias.com.br\/wp-content\/uploads\/2021\/11\/NOVA-ESPECIE-DE-ANCESTRAL-HUMANO2.jpg 800w, https:\/\/jornalfatosenoticias.com.br\/wp-content\/uploads\/2021\/11\/NOVA-ESPECIE-DE-ANCESTRAL-HUMANO2-240x300.jpg 240w, https:\/\/jornalfatosenoticias.com.br\/wp-content\/uploads\/2021\/11\/NOVA-ESPECIE-DE-ANCESTRAL-HUMANO2-768x960.jpg 768w\" sizes=\"auto, (max-width: 800px) 100vw, 800px\" \/><figcaption><em><span class=\"has-inline-color has-black-color\"><strong>Concep\u00e7\u00e3o art\u00edstica do Homo bodoensis, que viveu na \u00c1frica durante o Pleistoceno M\u00e9dio (Foto: Ettore Mazza)<\/strong><\/span><\/em><\/figcaption><\/figure>\n\n\n\n<p><strong><span class=\"has-inline-color has-black-color\">Reclassifica\u00e7\u00e3o<br><\/span><\/strong>O nome \u201cbodoensis\u201d deriva de um cr\u00e2nio encontrado em Bodo D\u2019ar, na Eti\u00f3pia. A nova esp\u00e9cie \u00e9 considerada um ancestral humano direto. Sob a nova classifica\u00e7\u00e3o, <em>H. bodoensis<\/em> ir\u00e1 descrever a maioria dos humanos do Pleistoceno M\u00e9dio da \u00c1frica e alguns do sudeste da Europa. Enquanto isso, muitos da Europa ser\u00e3o reclassificados como neandertais. O coprimeiro autor Predrag Radovi\u0107 (Faculdade de Filosofia da Universidade de Belgrado, S\u00e9rvia) disse: \u201cOs termos precisam ser claros na ci\u00eancia, para facilitar a comunica\u00e7\u00e3o. Eles n\u00e3o devem ser tratados como absolutos quando contradizem o registro f\u00f3ssil\u201d.<br>A introdu\u00e7\u00e3o do <em>H. bodoensis<\/em> visa \u201ccortar o n\u00f3 g\u00f3rdio e nos permitir comunicar claramente sobre esse importante per\u00edodo da evolu\u00e7\u00e3o humana\u201d, afirmou um dos coautores, Christopher Bae (Departamento de Antropologia, Universidade do Hava\u00ed em Manoa, EUA).<br>Roksandic concordou: \u201cNomear uma nova esp\u00e9cie \u00e9 um grande neg\u00f3cio, j\u00e1 que a Comiss\u00e3o Internacional de Nomenclatura Zool\u00f3gica permite mudan\u00e7as de nome apenas sob regras muito estritamente definidas. Estamos confiantes de que este permanecer\u00e1 por um longo tempo, um novo nome de t\u00e1xon viver\u00e1 somente se outros pesquisadores o usarem\u201d.<\/p>\n\n\n\n<p><strong><em>Fonte: <a href=\"https:\/\/www.revistaplaneta.com.br\/nova-especie-de-ancestrais-humanos-e-anunciada\/\">Revista Planeta<\/a><\/em><\/strong><\/p>\n","protected":false},"excerpt":{"rendered":"<p>Homo bodoensis viveu na \u00c1frica cerca de 500 mil anos atr\u00e1s e foi o ancestral direto dos humanos modernos Uma equipe internacional de pesquisadores liderada pela Dr\u00aa Mirjana Roksandic, paleoantropologista da Universidade de Winnipeg (Canad\u00e1), anunciou o nome de uma nova esp\u00e9cie de ancestral humano, o Homo bodoensis. Essa esp\u00e9cie viveu na \u00c1frica durante o [&hellip;]<\/p>\n","protected":false},"author":2,"featured_media":24613,"comment_status":"open","ping_status":"open","sticky":false,"template":"","format":"standard","meta":{"footnotes":""},"categories":[9808],"tags":[182,337,890,125,1117,11892,11893,11894,11895,9811,11896,11897,11898,11899,11900,11901],"class_list":["post-24611","post","type-post","status-publish","format-standard","has-post-thumbnail","hentry","category-paleo-arqueologia","tag-africa","tag-especie","tag-etiopia","tag-europa","tag-evolucao","tag-homo-bodoensis","tag-homo-heidelbergensis","tag-homo-neanderthalensis","tag-homo-rhodesiensis","tag-homo-sapiens","tag-humana","tag-instituto-de-paleontologia-e-paleoantropologia-de-vertebrados","tag-neandertal","tag-pleistoceno","tag-universidade-de-belgrado","tag-universidade-de-winnipeg"],"yoast_head":"<!-- This site is optimized with the Yoast SEO plugin v26.5 - https:\/\/yoast.com\/wordpress\/plugins\/seo\/ -->\n<title>Nova esp\u00e9cie de ancestrais humanos \u00e9 anunciada - Jornal Fatos e Not\u00edcias<\/title>\n<meta name=\"robots\" content=\"index, follow, max-snippet:-1, max-image-preview:large, max-video-preview:-1\" \/>\n<link rel=\"canonical\" href=\"https:\/\/jornalfatosenoticias.com.br\/index.php\/2021\/11\/04\/nova-especie-de-ancestrais-humanos-e-anunciada\/\" \/>\n<meta property=\"og:locale\" content=\"pt_BR\" \/>\n<meta property=\"og:type\" content=\"article\" \/>\n<meta property=\"og:title\" content=\"Nova esp\u00e9cie de ancestrais humanos \u00e9 anunciada - Jornal Fatos e Not\u00edcias\" \/>\n<meta property=\"og:description\" content=\"Homo bodoensis viveu na \u00c1frica cerca de 500 mil anos atr\u00e1s e foi o ancestral direto dos humanos modernos Uma equipe internacional de pesquisadores liderada pela Dr\u00aa Mirjana Roksandic, paleoantropologista da Universidade de Winnipeg (Canad\u00e1), anunciou o nome de uma nova esp\u00e9cie de ancestral humano, o Homo bodoensis. Essa esp\u00e9cie viveu na \u00c1frica durante o [&hellip;]\" \/>\n<meta property=\"og:url\" content=\"https:\/\/jornalfatosenoticias.com.br\/index.php\/2021\/11\/04\/nova-especie-de-ancestrais-humanos-e-anunciada\/\" \/>\n<meta property=\"og:site_name\" content=\"Jornal Fatos e Not\u00edcias\" \/>\n<meta property=\"article:published_time\" content=\"2021-11-04T23:32:15+00:00\" \/>\n<meta property=\"article:modified_time\" content=\"2021-11-04T23:32:20+00:00\" \/>\n<meta property=\"og:image\" content=\"https:\/\/jornalfatosenoticias.com.br\/wp-content\/uploads\/2021\/11\/NOVA-ESPECIE-DE-ANCESTRAL-HUMANO.jpg\" \/>\n\t<meta property=\"og:image:width\" content=\"1000\" \/>\n\t<meta property=\"og:image:height\" content=\"695\" \/>\n\t<meta property=\"og:image:type\" content=\"image\/jpeg\" \/>\n<meta name=\"author\" content=\"Luzimara Fernandes\" \/>\n<meta name=\"twitter:card\" content=\"summary_large_image\" \/>\n<meta name=\"twitter:label1\" content=\"Escrito por\" \/>\n\t<meta name=\"twitter:data1\" content=\"Luzimara Fernandes\" \/>\n\t<meta name=\"twitter:label2\" content=\"Est. tempo de leitura\" \/>\n\t<meta name=\"twitter:data2\" content=\"3 minutos\" \/>\n<script type=\"application\/ld+json\" class=\"yoast-schema-graph\">{\"@context\":\"https:\/\/schema.org\",\"@graph\":[{\"@type\":\"Article\",\"@id\":\"https:\/\/jornalfatosenoticias.com.br\/index.php\/2021\/11\/04\/nova-especie-de-ancestrais-humanos-e-anunciada\/#article\",\"isPartOf\":{\"@id\":\"https:\/\/jornalfatosenoticias.com.br\/index.php\/2021\/11\/04\/nova-especie-de-ancestrais-humanos-e-anunciada\/\"},\"author\":{\"name\":\"Luzimara Fernandes\",\"@id\":\"https:\/\/jornalfatosenoticias.com.br\/#\/schema\/person\/d63837fa13ac8666eb9e74e0985d6f81\"},\"headline\":\"Nova esp\u00e9cie de ancestrais humanos \u00e9 anunciada\",\"datePublished\":\"2021-11-04T23:32:15+00:00\",\"dateModified\":\"2021-11-04T23:32:20+00:00\",\"mainEntityOfPage\":{\"@id\":\"https:\/\/jornalfatosenoticias.com.br\/index.php\/2021\/11\/04\/nova-especie-de-ancestrais-humanos-e-anunciada\/\"},\"wordCount\":647,\"commentCount\":0,\"publisher\":{\"@id\":\"https:\/\/jornalfatosenoticias.com.br\/#organization\"},\"image\":{\"@id\":\"https:\/\/jornalfatosenoticias.com.br\/index.php\/2021\/11\/04\/nova-especie-de-ancestrais-humanos-e-anunciada\/#primaryimage\"},\"thumbnailUrl\":\"https:\/\/jornalfatosenoticias.com.br\/wp-content\/uploads\/2021\/11\/NOVA-ESPECIE-DE-ANCESTRAL-HUMANO.jpg\",\"keywords\":[\"\u00e1frica\",\"esp\u00e9cie\",\"Eti\u00f3pia\",\"Europa\",\"evolu\u00e7\u00e3o\",\"Homo bodoensis\",\"Homo heidelbergensis\",\"Homo neanderthalensis\",\"Homo rhodesiensis\",\"Homo sapiens\",\"humana\",\"Instituto de Paleontologia e Paleoantropologia de Vertebrados\",\"neandertal\",\"Pleistoceno\",\"Universidade de Belgrado\",\"Universidade de Winnipeg\"],\"articleSection\":[\"Paleo &amp; Arqueologia\"],\"inLanguage\":\"pt-BR\",\"potentialAction\":[{\"@type\":\"CommentAction\",\"name\":\"Comment\",\"target\":[\"https:\/\/jornalfatosenoticias.com.br\/index.php\/2021\/11\/04\/nova-especie-de-ancestrais-humanos-e-anunciada\/#respond\"]}]},{\"@type\":\"WebPage\",\"@id\":\"https:\/\/jornalfatosenoticias.com.br\/index.php\/2021\/11\/04\/nova-especie-de-ancestrais-humanos-e-anunciada\/\",\"url\":\"https:\/\/jornalfatosenoticias.com.br\/index.php\/2021\/11\/04\/nova-especie-de-ancestrais-humanos-e-anunciada\/\",\"name\":\"Nova esp\u00e9cie de ancestrais humanos \u00e9 anunciada - Jornal Fatos e Not\u00edcias\",\"isPartOf\":{\"@id\":\"https:\/\/jornalfatosenoticias.com.br\/#website\"},\"primaryImageOfPage\":{\"@id\":\"https:\/\/jornalfatosenoticias.com.br\/index.php\/2021\/11\/04\/nova-especie-de-ancestrais-humanos-e-anunciada\/#primaryimage\"},\"image\":{\"@id\":\"https:\/\/jornalfatosenoticias.com.br\/index.php\/2021\/11\/04\/nova-especie-de-ancestrais-humanos-e-anunciada\/#primaryimage\"},\"thumbnailUrl\":\"https:\/\/jornalfatosenoticias.com.br\/wp-content\/uploads\/2021\/11\/NOVA-ESPECIE-DE-ANCESTRAL-HUMANO.jpg\",\"datePublished\":\"2021-11-04T23:32:15+00:00\",\"dateModified\":\"2021-11-04T23:32:20+00:00\",\"breadcrumb\":{\"@id\":\"https:\/\/jornalfatosenoticias.com.br\/index.php\/2021\/11\/04\/nova-especie-de-ancestrais-humanos-e-anunciada\/#breadcrumb\"},\"inLanguage\":\"pt-BR\",\"potentialAction\":[{\"@type\":\"ReadAction\",\"target\":[\"https:\/\/jornalfatosenoticias.com.br\/index.php\/2021\/11\/04\/nova-especie-de-ancestrais-humanos-e-anunciada\/\"]}]},{\"@type\":\"ImageObject\",\"inLanguage\":\"pt-BR\",\"@id\":\"https:\/\/jornalfatosenoticias.com.br\/index.php\/2021\/11\/04\/nova-especie-de-ancestrais-humanos-e-anunciada\/#primaryimage\",\"url\":\"https:\/\/jornalfatosenoticias.com.br\/wp-content\/uploads\/2021\/11\/NOVA-ESPECIE-DE-ANCESTRAL-HUMANO.jpg\",\"contentUrl\":\"https:\/\/jornalfatosenoticias.com.br\/wp-content\/uploads\/2021\/11\/NOVA-ESPECIE-DE-ANCESTRAL-HUMANO.jpg\",\"width\":1000,\"height\":695},{\"@type\":\"BreadcrumbList\",\"@id\":\"https:\/\/jornalfatosenoticias.com.br\/index.php\/2021\/11\/04\/nova-especie-de-ancestrais-humanos-e-anunciada\/#breadcrumb\",\"itemListElement\":[{\"@type\":\"ListItem\",\"position\":1,\"name\":\"In\u00edcio\",\"item\":\"https:\/\/jornalfatosenoticias.com.br\/\"},{\"@type\":\"ListItem\",\"position\":2,\"name\":\"Nova esp\u00e9cie de ancestrais humanos \u00e9 anunciada\"}]},{\"@type\":\"WebSite\",\"@id\":\"https:\/\/jornalfatosenoticias.com.br\/#website\",\"url\":\"https:\/\/jornalfatosenoticias.com.br\/\",\"name\":\"Jornal Fatos e Not\u00edcias\",\"description\":\"Not\u00edcias em geral\",\"publisher\":{\"@id\":\"https:\/\/jornalfatosenoticias.com.br\/#organization\"},\"potentialAction\":[{\"@type\":\"SearchAction\",\"target\":{\"@type\":\"EntryPoint\",\"urlTemplate\":\"https:\/\/jornalfatosenoticias.com.br\/?s={search_term_string}\"},\"query-input\":{\"@type\":\"PropertyValueSpecification\",\"valueRequired\":true,\"valueName\":\"search_term_string\"}}],\"inLanguage\":\"pt-BR\"},{\"@type\":\"Organization\",\"@id\":\"https:\/\/jornalfatosenoticias.com.br\/#organization\",\"name\":\"Jornal Fatos e Not\u00edcias\",\"url\":\"https:\/\/jornalfatosenoticias.com.br\/\",\"logo\":{\"@type\":\"ImageObject\",\"inLanguage\":\"pt-BR\",\"@id\":\"https:\/\/jornalfatosenoticias.com.br\/#\/schema\/logo\/image\/\",\"url\":\"https:\/\/jornalfatosenoticias.com.br\/wp-content\/uploads\/2020\/02\/logo120.png\",\"contentUrl\":\"https:\/\/jornalfatosenoticias.com.br\/wp-content\/uploads\/2020\/02\/logo120.png\",\"width\":1227,\"height\":120,\"caption\":\"Jornal Fatos e Not\u00edcias\"},\"image\":{\"@id\":\"https:\/\/jornalfatosenoticias.com.br\/#\/schema\/logo\/image\/\"}},{\"@type\":\"Person\",\"@id\":\"https:\/\/jornalfatosenoticias.com.br\/#\/schema\/person\/d63837fa13ac8666eb9e74e0985d6f81\",\"name\":\"Luzimara Fernandes\",\"image\":{\"@type\":\"ImageObject\",\"inLanguage\":\"pt-BR\",\"@id\":\"https:\/\/jornalfatosenoticias.com.br\/#\/schema\/person\/image\/\",\"url\":\"https:\/\/jornalfatosenoticias.com.br\/wp-content\/uploads\/2025\/05\/EU_portal.jpg\",\"contentUrl\":\"https:\/\/jornalfatosenoticias.com.br\/wp-content\/uploads\/2025\/05\/EU_portal.jpg\",\"caption\":\"Luzimara Fernandes\"},\"description\":\"Jornalista MTB 2358-ES\",\"sameAs\":[\"https:\/\/jornalfatosenoticias.com.br\"],\"url\":\"https:\/\/jornalfatosenoticias.com.br\/index.php\/author\/luzimara\/\"}]}<\/script>\n<!-- \/ Yoast SEO plugin. -->","yoast_head_json":{"title":"Nova esp\u00e9cie de ancestrais humanos \u00e9 anunciada - Jornal Fatos e Not\u00edcias","robots":{"index":"index","follow":"follow","max-snippet":"max-snippet:-1","max-image-preview":"max-image-preview:large","max-video-preview":"max-video-preview:-1"},"canonical":"https:\/\/jornalfatosenoticias.com.br\/index.php\/2021\/11\/04\/nova-especie-de-ancestrais-humanos-e-anunciada\/","og_locale":"pt_BR","og_type":"article","og_title":"Nova esp\u00e9cie de ancestrais humanos \u00e9 anunciada - Jornal Fatos e Not\u00edcias","og_description":"Homo bodoensis viveu na \u00c1frica cerca de 500 mil anos atr\u00e1s e foi o ancestral direto dos humanos modernos Uma equipe internacional de pesquisadores liderada pela Dr\u00aa Mirjana Roksandic, paleoantropologista da Universidade de Winnipeg (Canad\u00e1), anunciou o nome de uma nova esp\u00e9cie de ancestral humano, o Homo bodoensis. Essa esp\u00e9cie viveu na \u00c1frica durante o [&hellip;]","og_url":"https:\/\/jornalfatosenoticias.com.br\/index.php\/2021\/11\/04\/nova-especie-de-ancestrais-humanos-e-anunciada\/","og_site_name":"Jornal Fatos e Not\u00edcias","article_published_time":"2021-11-04T23:32:15+00:00","article_modified_time":"2021-11-04T23:32:20+00:00","og_image":[{"width":1000,"height":695,"url":"https:\/\/jornalfatosenoticias.com.br\/wp-content\/uploads\/2021\/11\/NOVA-ESPECIE-DE-ANCESTRAL-HUMANO.jpg","type":"image\/jpeg"}],"author":"Luzimara Fernandes","twitter_card":"summary_large_image","twitter_misc":{"Escrito por":"Luzimara Fernandes","Est. tempo de leitura":"3 minutos"},"schema":{"@context":"https:\/\/schema.org","@graph":[{"@type":"Article","@id":"https:\/\/jornalfatosenoticias.com.br\/index.php\/2021\/11\/04\/nova-especie-de-ancestrais-humanos-e-anunciada\/#article","isPartOf":{"@id":"https:\/\/jornalfatosenoticias.com.br\/index.php\/2021\/11\/04\/nova-especie-de-ancestrais-humanos-e-anunciada\/"},"author":{"name":"Luzimara Fernandes","@id":"https:\/\/jornalfatosenoticias.com.br\/#\/schema\/person\/d63837fa13ac8666eb9e74e0985d6f81"},"headline":"Nova esp\u00e9cie de ancestrais humanos \u00e9 anunciada","datePublished":"2021-11-04T23:32:15+00:00","dateModified":"2021-11-04T23:32:20+00:00","mainEntityOfPage":{"@id":"https:\/\/jornalfatosenoticias.com.br\/index.php\/2021\/11\/04\/nova-especie-de-ancestrais-humanos-e-anunciada\/"},"wordCount":647,"commentCount":0,"publisher":{"@id":"https:\/\/jornalfatosenoticias.com.br\/#organization"},"image":{"@id":"https:\/\/jornalfatosenoticias.com.br\/index.php\/2021\/11\/04\/nova-especie-de-ancestrais-humanos-e-anunciada\/#primaryimage"},"thumbnailUrl":"https:\/\/jornalfatosenoticias.com.br\/wp-content\/uploads\/2021\/11\/NOVA-ESPECIE-DE-ANCESTRAL-HUMANO.jpg","keywords":["\u00e1frica","esp\u00e9cie","Eti\u00f3pia","Europa","evolu\u00e7\u00e3o","Homo bodoensis","Homo heidelbergensis","Homo neanderthalensis","Homo rhodesiensis","Homo sapiens","humana","Instituto de Paleontologia e Paleoantropologia de Vertebrados","neandertal","Pleistoceno","Universidade de Belgrado","Universidade de Winnipeg"],"articleSection":["Paleo &amp; Arqueologia"],"inLanguage":"pt-BR","potentialAction":[{"@type":"CommentAction","name":"Comment","target":["https:\/\/jornalfatosenoticias.com.br\/index.php\/2021\/11\/04\/nova-especie-de-ancestrais-humanos-e-anunciada\/#respond"]}]},{"@type":"WebPage","@id":"https:\/\/jornalfatosenoticias.com.br\/index.php\/2021\/11\/04\/nova-especie-de-ancestrais-humanos-e-anunciada\/","url":"https:\/\/jornalfatosenoticias.com.br\/index.php\/2021\/11\/04\/nova-especie-de-ancestrais-humanos-e-anunciada\/","name":"Nova esp\u00e9cie de ancestrais humanos \u00e9 anunciada - Jornal Fatos e Not\u00edcias","isPartOf":{"@id":"https:\/\/jornalfatosenoticias.com.br\/#website"},"primaryImageOfPage":{"@id":"https:\/\/jornalfatosenoticias.com.br\/index.php\/2021\/11\/04\/nova-especie-de-ancestrais-humanos-e-anunciada\/#primaryimage"},"image":{"@id":"https:\/\/jornalfatosenoticias.com.br\/index.php\/2021\/11\/04\/nova-especie-de-ancestrais-humanos-e-anunciada\/#primaryimage"},"thumbnailUrl":"https:\/\/jornalfatosenoticias.com.br\/wp-content\/uploads\/2021\/11\/NOVA-ESPECIE-DE-ANCESTRAL-HUMANO.jpg","datePublished":"2021-11-04T23:32:15+00:00","dateModified":"2021-11-04T23:32:20+00:00","breadcrumb":{"@id":"https:\/\/jornalfatosenoticias.com.br\/index.php\/2021\/11\/04\/nova-especie-de-ancestrais-humanos-e-anunciada\/#breadcrumb"},"inLanguage":"pt-BR","potentialAction":[{"@type":"ReadAction","target":["https:\/\/jornalfatosenoticias.com.br\/index.php\/2021\/11\/04\/nova-especie-de-ancestrais-humanos-e-anunciada\/"]}]},{"@type":"ImageObject","inLanguage":"pt-BR","@id":"https:\/\/jornalfatosenoticias.com.br\/index.php\/2021\/11\/04\/nova-especie-de-ancestrais-humanos-e-anunciada\/#primaryimage","url":"https:\/\/jornalfatosenoticias.com.br\/wp-content\/uploads\/2021\/11\/NOVA-ESPECIE-DE-ANCESTRAL-HUMANO.jpg","contentUrl":"https:\/\/jornalfatosenoticias.com.br\/wp-content\/uploads\/2021\/11\/NOVA-ESPECIE-DE-ANCESTRAL-HUMANO.jpg","width":1000,"height":695},{"@type":"BreadcrumbList","@id":"https:\/\/jornalfatosenoticias.com.br\/index.php\/2021\/11\/04\/nova-especie-de-ancestrais-humanos-e-anunciada\/#breadcrumb","itemListElement":[{"@type":"ListItem","position":1,"name":"In\u00edcio","item":"https:\/\/jornalfatosenoticias.com.br\/"},{"@type":"ListItem","position":2,"name":"Nova esp\u00e9cie de ancestrais humanos \u00e9 anunciada"}]},{"@type":"WebSite","@id":"https:\/\/jornalfatosenoticias.com.br\/#website","url":"https:\/\/jornalfatosenoticias.com.br\/","name":"Jornal Fatos e Not\u00edcias","description":"Not\u00edcias em geral","publisher":{"@id":"https:\/\/jornalfatosenoticias.com.br\/#organization"},"potentialAction":[{"@type":"SearchAction","target":{"@type":"EntryPoint","urlTemplate":"https:\/\/jornalfatosenoticias.com.br\/?s={search_term_string}"},"query-input":{"@type":"PropertyValueSpecification","valueRequired":true,"valueName":"search_term_string"}}],"inLanguage":"pt-BR"},{"@type":"Organization","@id":"https:\/\/jornalfatosenoticias.com.br\/#organization","name":"Jornal Fatos e Not\u00edcias","url":"https:\/\/jornalfatosenoticias.com.br\/","logo":{"@type":"ImageObject","inLanguage":"pt-BR","@id":"https:\/\/jornalfatosenoticias.com.br\/#\/schema\/logo\/image\/","url":"https:\/\/jornalfatosenoticias.com.br\/wp-content\/uploads\/2020\/02\/logo120.png","contentUrl":"https:\/\/jornalfatosenoticias.com.br\/wp-content\/uploads\/2020\/02\/logo120.png","width":1227,"height":120,"caption":"Jornal Fatos e Not\u00edcias"},"image":{"@id":"https:\/\/jornalfatosenoticias.com.br\/#\/schema\/logo\/image\/"}},{"@type":"Person","@id":"https:\/\/jornalfatosenoticias.com.br\/#\/schema\/person\/d63837fa13ac8666eb9e74e0985d6f81","name":"Luzimara Fernandes","image":{"@type":"ImageObject","inLanguage":"pt-BR","@id":"https:\/\/jornalfatosenoticias.com.br\/#\/schema\/person\/image\/","url":"https:\/\/jornalfatosenoticias.com.br\/wp-content\/uploads\/2025\/05\/EU_portal.jpg","contentUrl":"https:\/\/jornalfatosenoticias.com.br\/wp-content\/uploads\/2025\/05\/EU_portal.jpg","caption":"Luzimara Fernandes"},"description":"Jornalista MTB 2358-ES","sameAs":["https:\/\/jornalfatosenoticias.com.br"],"url":"https:\/\/jornalfatosenoticias.com.br\/index.php\/author\/luzimara\/"}]}},"cc_featured_image_caption":{"caption_text":"(Foto: Ettore Mazza) ","source_text":"","source_url":""},"jetpack_featured_media_url":"https:\/\/jornalfatosenoticias.com.br\/wp-content\/uploads\/2021\/11\/NOVA-ESPECIE-DE-ANCESTRAL-HUMANO.jpg","_links":{"self":[{"href":"https:\/\/jornalfatosenoticias.com.br\/index.php\/wp-json\/wp\/v2\/posts\/24611","targetHints":{"allow":["GET"]}}],"collection":[{"href":"https:\/\/jornalfatosenoticias.com.br\/index.php\/wp-json\/wp\/v2\/posts"}],"about":[{"href":"https:\/\/jornalfatosenoticias.com.br\/index.php\/wp-json\/wp\/v2\/types\/post"}],"author":[{"embeddable":true,"href":"https:\/\/jornalfatosenoticias.com.br\/index.php\/wp-json\/wp\/v2\/users\/2"}],"replies":[{"embeddable":true,"href":"https:\/\/jornalfatosenoticias.com.br\/index.php\/wp-json\/wp\/v2\/comments?post=24611"}],"version-history":[{"count":0,"href":"https:\/\/jornalfatosenoticias.com.br\/index.php\/wp-json\/wp\/v2\/posts\/24611\/revisions"}],"wp:featuredmedia":[{"embeddable":true,"href":"https:\/\/jornalfatosenoticias.com.br\/index.php\/wp-json\/wp\/v2\/media\/24613"}],"wp:attachment":[{"href":"https:\/\/jornalfatosenoticias.com.br\/index.php\/wp-json\/wp\/v2\/media?parent=24611"}],"wp:term":[{"taxonomy":"category","embeddable":true,"href":"https:\/\/jornalfatosenoticias.com.br\/index.php\/wp-json\/wp\/v2\/categories?post=24611"},{"taxonomy":"post_tag","embeddable":true,"href":"https:\/\/jornalfatosenoticias.com.br\/index.php\/wp-json\/wp\/v2\/tags?post=24611"}],"curies":[{"name":"wp","href":"https:\/\/api.w.org\/{rel}","templated":true}]}}