{"id":24615,"date":"2021-11-04T20:35:24","date_gmt":"2021-11-04T23:35:24","guid":{"rendered":"https:\/\/jornalfatosenoticias.com.br\/?p=24615"},"modified":"2021-11-04T20:35:28","modified_gmt":"2021-11-04T23:35:28","slug":"esconder-emocoes-pode-fazer-mal-a-saude-entenda-por-que","status":"publish","type":"post","link":"https:\/\/jornalfatosenoticias.com.br\/index.php\/2021\/11\/04\/esconder-emocoes-pode-fazer-mal-a-saude-entenda-por-que\/","title":{"rendered":"Esconder emo\u00e7\u00f5es pode fazer mal \u00e0 sa\u00fade; entenda por qu\u00ea"},"content":{"rendered":"\n<p>Seja estando com amigos, colegas de trabalho ou familiares, algumas vezes passamos por situa\u00e7\u00f5es que despertam sentimentos desagrad\u00e1veis. Mas, por algum motivo, \u00e9 comum guardarmos isso e n\u00e3o expressar o que realmente estamos sentindo. E, ao contr\u00e1rio do que muita gente pensa, esconder as emo\u00e7\u00f5es n\u00e3o \u00e9 uma atitude exclusiva de pessoas t\u00edmidas, que sofrem por n\u00e3o conseguir expressar o que sentem, e pode acontecer at\u00e9 com os mais extrovertidos. O problema \u00e9 que a supress\u00e3o emocional \u2014 quando disfar\u00e7amos ou evitamos expressar o que realmente estamos sentindo \u2014 cria problemas n\u00e3o apenas para o emocional como tamb\u00e9m para a sa\u00fade f\u00edsica.<\/p>\n\n\n\n<p><strong><span class=\"has-inline-color has-black-color\">Tudo conectado<br><\/span><\/strong>Dependendo da intensidade e da frequ\u00eancia com que deixamos de revelar o que sentimos, nosso corpo pode desenvolver as chamadas doen\u00e7as psicossom\u00e1ticas \u2014 aquelas provocadas ou agravadas por algum sofrimento ps\u00edquico ou emocional. Como os lados f\u00edsico e mental do nosso corpo andam sempre juntos, qualquer situa\u00e7\u00e3o que provoque um desequil\u00edbrio emocional muito forte (envolvendo sentimentos como ansiedade, tristeza ou raiva) pode gerar altera\u00e7\u00f5es qu\u00edmicas e hormonais que desencadeiam quadros como dor de cabe\u00e7a, dores musculares, dor nas costas, cansa\u00e7o, fadiga e at\u00e9 problemas digestivos, como gastrite e diarreia.<br>Um bom exemplo disso \u00e9 o aumento de casos de doen\u00e7as psicodermatol\u00f3gias (problemas de pele que tenham um forte componente psicol\u00f3gico), como psor\u00edase e dermatite at\u00f3pica, durante o per\u00edodo de isolamento na pandemia do novo coronav\u00edrus. At\u00e9 mesmo ins\u00f4nia e sobrecarga mental podem ser sintomas de alguma emo\u00e7\u00e3o somatizada. &#8220;O c\u00e9rebro gasta uma energia importante para a pessoa n\u00e3o mostrar o que est\u00e1 sentindo e tentar se proteger. Isso acaba tendo uma resposta emocional mais intensa, que pode vir por meio do aumento de respira\u00e7\u00e3o, batimentos card\u00edacos e at\u00e9 de horm\u00f4nios, como o cortisol, considerado o horm\u00f4nio do estresse&#8221;, afirma a neurocientista Thais Gameiro, da N\u00eamesis, empresa de educa\u00e7\u00e3o corporativa em Neuroci\u00eancia Organizacional.<\/p>\n\n\n\n<p><strong><span class=\"has-inline-color has-black-color\">Inseguran\u00e7a pode aumentar bloqueio<br><\/span><\/strong>Segundo Natalia Pavani, psic\u00f3loga do Hospital Alem\u00e3o Oswaldo Cruz, a supress\u00e3o emocional pode afetar qualquer pessoa. No entanto, quem tem maior preocupa\u00e7\u00e3o em corresponder \u00e0s expectativas alheias \u00e9 mais propenso a esse tipo de comportamento. &#8220;Essa &#8216;fuga&#8217; pode representar, por exemplo, que a pessoa n\u00e3o est\u00e1 \u00e0 vontade para expressar o que sente em um contexto espec\u00edfico&#8221;, explica.<br>Isso nem sempre \u00e9 um problema. Basta pensar, por exemplo, no contexto das rela\u00e7\u00f5es de trabalho, quando compartilhamos de forma pontual nossa insatisfa\u00e7\u00e3o ou problemas pessoais. O comportamento se torna preocupante quando passa a ser frequente ou quando a pessoa n\u00e3o consegue falar o que sente em nenhum cen\u00e1rio. &#8220;\u00c9 necess\u00e1rio considerar o contexto em que uma emo\u00e7\u00e3o n\u00e3o est\u00e1 sendo expressa genuinamente e o porqu\u00ea&#8221;, diz Pavani.<br>Professor de psicologia da Universidade Presbiteriana Mackenzie, o psicanalista e psic\u00f3logo Leonardo Luiz afirma que qualquer pessoa pode passar por esse tipo de situa\u00e7\u00e3o, independente dos tra\u00e7os dominantes de personalidade. &#8220;Esconder emo\u00e7\u00f5es \u00e9 um mecanismo natural do ser humano para esconder coisas com as quais n\u00e3o se sente confort\u00e1vel e pode acontecer da mesma forma com introvertidos e extrovertidos&#8221;, afirma. &#8220;Para se ter uma ideia, tem gente que n\u00e3o quer falar nem das coisas boas que est\u00e3o acontecendo em sua vida. Cada um encontra um motivo para n\u00e3o falar ou demonstrar o que sente&#8221;, acredita.<br>E, pensando que o outro n\u00e3o tem como adivinhar o que est\u00e1 sendo propositalmente escondido, \u00e9 poss\u00edvel que, em algumas situa\u00e7\u00f5es, esse tipo de comportamento acabe criando uma barreira nas rela\u00e7\u00f5es interpessoais. &#8220;A fun\u00e7\u00e3o de uma barragem em uma represa \u00e9 utilizar a for\u00e7a da \u00e1gua represada para gerar energia, que vem com muito mais intensidade. Emo\u00e7\u00f5es funcionam de forma an\u00e1loga. Quando n\u00e3o lidamos com elas e as deixamos guardadas, elas ficam contidas e acabam se intensificando, causando preju\u00edzo para as nossas vidas&#8221;, avalia Pavani.<\/p>\n\n\n\n<p><strong><span class=\"has-inline-color has-black-color\">Emo\u00e7\u00f5es negativas tamb\u00e9m s\u00e3o importantes<br><\/span><\/strong>\u00c9 bastante comum categorizarmos as emo\u00e7\u00f5es por &#8220;boas&#8221; ou &#8220;ruins&#8221; quando, na verdade, isso \u00e9 um ju\u00edzo de valor pessoal, j\u00e1 que as emo\u00e7\u00f5es simplesmente &#8220;s\u00e3o&#8221;. Por isso, encarar os sentimentos que nos comp\u00f5em \u00e9 o primeiro passo para incentivar cada vez mais que as pessoas sejam mais abertas ao di\u00e1logo e consigam se expressar melhor.<br>&#8220;H\u00e1 pessoas que se orgulham de passar a vida deixando as emo\u00e7\u00f5es de lado, mas isso \u00e9 um equ\u00edvoco&#8221;, acredita Pavani. &#8220;Ainda que uma emo\u00e7\u00e3o seja pare\u00e7a negativa, ela tem uma fun\u00e7\u00e3o de prote\u00e7\u00e3o, de nos dar a oportunidade de demonstrar que temos limites que n\u00e3o podem ser invadidos&#8221;, afirma a especialista.<br>A psic\u00f3loga lembra ainda que, embora muitas pessoas sintam medo de se expressarem, isso pode ser motivo at\u00e9 de orgulho. &#8220;Ao contr\u00e1rio do que se pensa, falar o que est\u00e1 sentindo de maneira equilibrada e assertiva pode at\u00e9 despertar admira\u00e7\u00e3o&#8221;, diz.<br>E, caso a dificuldade em se expressar esteja provocando sofrimento ps\u00edquico, al\u00e9m de perdas sociais importantes, a ajuda de um especialista \u00e9 bem-vinda e necess\u00e1ria. &#8220;\u00c9 importante para o indiv\u00edduo que deseja se conhecer melhor e alterar seus comportamentos a fim de trazer benef\u00edcios para si e suas rela\u00e7\u00f5es&#8221;, afirma Pavani.<\/p>\n\n\n\n<p><strong><em>Fonte: <a href=\"https:\/\/www.uol.com.br\/vivabem\/noticias\/redacao\/2021\/10\/29\/esconder-emocoes-pode-fazer-mal-a-saude-entenda-por-que.htm\">UOL<\/a><\/em><\/strong><\/p>\n","protected":false},"excerpt":{"rendered":"<p>Seja estando com amigos, colegas de trabalho ou familiares, algumas vezes passamos por situa\u00e7\u00f5es que despertam sentimentos desagrad\u00e1veis. Mas, por algum motivo, \u00e9 comum guardarmos isso e n\u00e3o expressar o que realmente estamos sentindo. E, ao contr\u00e1rio do que muita gente pensa, esconder as emo\u00e7\u00f5es n\u00e3o \u00e9 uma atitude exclusiva de pessoas t\u00edmidas, que sofrem [&hellip;]<\/p>\n","protected":false},"author":2,"featured_media":24616,"comment_status":"open","ping_status":"open","sticky":false,"template":"","format":"standard","meta":{"footnotes":""},"categories":[2522],"tags":[5096,11903,11904,5094],"class_list":["post-24615","post","type-post","status-publish","format-standard","has-post-thumbnail","hentry","category-comportamento","tag-emocoes","tag-esconder-emocoes","tag-mal-a-saude","tag-sentimentos"],"yoast_head":"<!-- This site is optimized with the Yoast SEO plugin v26.5 - https:\/\/yoast.com\/wordpress\/plugins\/seo\/ -->\n<title>Esconder emo\u00e7\u00f5es pode fazer mal \u00e0 sa\u00fade; entenda por qu\u00ea - Jornal Fatos e Not\u00edcias<\/title>\n<meta name=\"robots\" content=\"index, follow, max-snippet:-1, max-image-preview:large, max-video-preview:-1\" \/>\n<link rel=\"canonical\" href=\"https:\/\/jornalfatosenoticias.com.br\/index.php\/2021\/11\/04\/esconder-emocoes-pode-fazer-mal-a-saude-entenda-por-que\/\" \/>\n<meta property=\"og:locale\" content=\"pt_BR\" \/>\n<meta property=\"og:type\" content=\"article\" \/>\n<meta property=\"og:title\" content=\"Esconder emo\u00e7\u00f5es pode fazer mal \u00e0 sa\u00fade; entenda por qu\u00ea - Jornal Fatos e Not\u00edcias\" \/>\n<meta property=\"og:description\" content=\"Seja estando com amigos, colegas de trabalho ou familiares, algumas vezes passamos por situa\u00e7\u00f5es que despertam sentimentos desagrad\u00e1veis. Mas, por algum motivo, \u00e9 comum guardarmos isso e n\u00e3o expressar o que realmente estamos sentindo. E, ao contr\u00e1rio do que muita gente pensa, esconder as emo\u00e7\u00f5es n\u00e3o \u00e9 uma atitude exclusiva de pessoas t\u00edmidas, que sofrem [&hellip;]\" \/>\n<meta property=\"og:url\" content=\"https:\/\/jornalfatosenoticias.com.br\/index.php\/2021\/11\/04\/esconder-emocoes-pode-fazer-mal-a-saude-entenda-por-que\/\" \/>\n<meta property=\"og:site_name\" content=\"Jornal Fatos e Not\u00edcias\" \/>\n<meta property=\"article:published_time\" content=\"2021-11-04T23:35:24+00:00\" \/>\n<meta property=\"article:modified_time\" content=\"2021-11-04T23:35:28+00:00\" \/>\n<meta property=\"og:image\" content=\"https:\/\/jornalfatosenoticias.com.br\/wp-content\/uploads\/2021\/11\/ESCONDER-AS-EMOCOES_iStock.jpg\" \/>\n\t<meta property=\"og:image:width\" content=\"1000\" \/>\n\t<meta property=\"og:image:height\" content=\"666\" \/>\n\t<meta property=\"og:image:type\" content=\"image\/jpeg\" \/>\n<meta name=\"author\" content=\"Luzimara Fernandes\" \/>\n<meta name=\"twitter:card\" content=\"summary_large_image\" \/>\n<meta name=\"twitter:label1\" content=\"Escrito por\" \/>\n\t<meta name=\"twitter:data1\" content=\"Luzimara Fernandes\" \/>\n\t<meta name=\"twitter:label2\" content=\"Est. tempo de leitura\" \/>\n\t<meta name=\"twitter:data2\" content=\"5 minutos\" \/>\n<script type=\"application\/ld+json\" class=\"yoast-schema-graph\">{\"@context\":\"https:\/\/schema.org\",\"@graph\":[{\"@type\":\"Article\",\"@id\":\"https:\/\/jornalfatosenoticias.com.br\/index.php\/2021\/11\/04\/esconder-emocoes-pode-fazer-mal-a-saude-entenda-por-que\/#article\",\"isPartOf\":{\"@id\":\"https:\/\/jornalfatosenoticias.com.br\/index.php\/2021\/11\/04\/esconder-emocoes-pode-fazer-mal-a-saude-entenda-por-que\/\"},\"author\":{\"name\":\"Luzimara Fernandes\",\"@id\":\"https:\/\/jornalfatosenoticias.com.br\/#\/schema\/person\/d63837fa13ac8666eb9e74e0985d6f81\"},\"headline\":\"Esconder emo\u00e7\u00f5es pode fazer mal \u00e0 sa\u00fade; entenda por qu\u00ea\",\"datePublished\":\"2021-11-04T23:35:24+00:00\",\"dateModified\":\"2021-11-04T23:35:28+00:00\",\"mainEntityOfPage\":{\"@id\":\"https:\/\/jornalfatosenoticias.com.br\/index.php\/2021\/11\/04\/esconder-emocoes-pode-fazer-mal-a-saude-entenda-por-que\/\"},\"wordCount\":915,\"commentCount\":0,\"publisher\":{\"@id\":\"https:\/\/jornalfatosenoticias.com.br\/#organization\"},\"image\":{\"@id\":\"https:\/\/jornalfatosenoticias.com.br\/index.php\/2021\/11\/04\/esconder-emocoes-pode-fazer-mal-a-saude-entenda-por-que\/#primaryimage\"},\"thumbnailUrl\":\"https:\/\/jornalfatosenoticias.com.br\/wp-content\/uploads\/2021\/11\/ESCONDER-AS-EMOCOES_iStock.jpg\",\"keywords\":[\"emo\u00e7\u00f5es\",\"esconder emo\u00e7\u00f5es\",\"mal \u00e0 sa\u00fade\",\"sentimentos\"],\"articleSection\":[\"Comportamento &amp; Equil\u00edbrio\"],\"inLanguage\":\"pt-BR\",\"potentialAction\":[{\"@type\":\"CommentAction\",\"name\":\"Comment\",\"target\":[\"https:\/\/jornalfatosenoticias.com.br\/index.php\/2021\/11\/04\/esconder-emocoes-pode-fazer-mal-a-saude-entenda-por-que\/#respond\"]}]},{\"@type\":\"WebPage\",\"@id\":\"https:\/\/jornalfatosenoticias.com.br\/index.php\/2021\/11\/04\/esconder-emocoes-pode-fazer-mal-a-saude-entenda-por-que\/\",\"url\":\"https:\/\/jornalfatosenoticias.com.br\/index.php\/2021\/11\/04\/esconder-emocoes-pode-fazer-mal-a-saude-entenda-por-que\/\",\"name\":\"Esconder emo\u00e7\u00f5es pode fazer mal \u00e0 sa\u00fade; entenda por qu\u00ea - Jornal Fatos e Not\u00edcias\",\"isPartOf\":{\"@id\":\"https:\/\/jornalfatosenoticias.com.br\/#website\"},\"primaryImageOfPage\":{\"@id\":\"https:\/\/jornalfatosenoticias.com.br\/index.php\/2021\/11\/04\/esconder-emocoes-pode-fazer-mal-a-saude-entenda-por-que\/#primaryimage\"},\"image\":{\"@id\":\"https:\/\/jornalfatosenoticias.com.br\/index.php\/2021\/11\/04\/esconder-emocoes-pode-fazer-mal-a-saude-entenda-por-que\/#primaryimage\"},\"thumbnailUrl\":\"https:\/\/jornalfatosenoticias.com.br\/wp-content\/uploads\/2021\/11\/ESCONDER-AS-EMOCOES_iStock.jpg\",\"datePublished\":\"2021-11-04T23:35:24+00:00\",\"dateModified\":\"2021-11-04T23:35:28+00:00\",\"breadcrumb\":{\"@id\":\"https:\/\/jornalfatosenoticias.com.br\/index.php\/2021\/11\/04\/esconder-emocoes-pode-fazer-mal-a-saude-entenda-por-que\/#breadcrumb\"},\"inLanguage\":\"pt-BR\",\"potentialAction\":[{\"@type\":\"ReadAction\",\"target\":[\"https:\/\/jornalfatosenoticias.com.br\/index.php\/2021\/11\/04\/esconder-emocoes-pode-fazer-mal-a-saude-entenda-por-que\/\"]}]},{\"@type\":\"ImageObject\",\"inLanguage\":\"pt-BR\",\"@id\":\"https:\/\/jornalfatosenoticias.com.br\/index.php\/2021\/11\/04\/esconder-emocoes-pode-fazer-mal-a-saude-entenda-por-que\/#primaryimage\",\"url\":\"https:\/\/jornalfatosenoticias.com.br\/wp-content\/uploads\/2021\/11\/ESCONDER-AS-EMOCOES_iStock.jpg\",\"contentUrl\":\"https:\/\/jornalfatosenoticias.com.br\/wp-content\/uploads\/2021\/11\/ESCONDER-AS-EMOCOES_iStock.jpg\",\"width\":1000,\"height\":666},{\"@type\":\"BreadcrumbList\",\"@id\":\"https:\/\/jornalfatosenoticias.com.br\/index.php\/2021\/11\/04\/esconder-emocoes-pode-fazer-mal-a-saude-entenda-por-que\/#breadcrumb\",\"itemListElement\":[{\"@type\":\"ListItem\",\"position\":1,\"name\":\"In\u00edcio\",\"item\":\"https:\/\/jornalfatosenoticias.com.br\/\"},{\"@type\":\"ListItem\",\"position\":2,\"name\":\"Esconder emo\u00e7\u00f5es pode fazer mal \u00e0 sa\u00fade; entenda por qu\u00ea\"}]},{\"@type\":\"WebSite\",\"@id\":\"https:\/\/jornalfatosenoticias.com.br\/#website\",\"url\":\"https:\/\/jornalfatosenoticias.com.br\/\",\"name\":\"Jornal Fatos e Not\u00edcias\",\"description\":\"Not\u00edcias em geral\",\"publisher\":{\"@id\":\"https:\/\/jornalfatosenoticias.com.br\/#organization\"},\"potentialAction\":[{\"@type\":\"SearchAction\",\"target\":{\"@type\":\"EntryPoint\",\"urlTemplate\":\"https:\/\/jornalfatosenoticias.com.br\/?s={search_term_string}\"},\"query-input\":{\"@type\":\"PropertyValueSpecification\",\"valueRequired\":true,\"valueName\":\"search_term_string\"}}],\"inLanguage\":\"pt-BR\"},{\"@type\":\"Organization\",\"@id\":\"https:\/\/jornalfatosenoticias.com.br\/#organization\",\"name\":\"Jornal Fatos e Not\u00edcias\",\"url\":\"https:\/\/jornalfatosenoticias.com.br\/\",\"logo\":{\"@type\":\"ImageObject\",\"inLanguage\":\"pt-BR\",\"@id\":\"https:\/\/jornalfatosenoticias.com.br\/#\/schema\/logo\/image\/\",\"url\":\"https:\/\/jornalfatosenoticias.com.br\/wp-content\/uploads\/2020\/02\/logo120.png\",\"contentUrl\":\"https:\/\/jornalfatosenoticias.com.br\/wp-content\/uploads\/2020\/02\/logo120.png\",\"width\":1227,\"height\":120,\"caption\":\"Jornal Fatos e Not\u00edcias\"},\"image\":{\"@id\":\"https:\/\/jornalfatosenoticias.com.br\/#\/schema\/logo\/image\/\"}},{\"@type\":\"Person\",\"@id\":\"https:\/\/jornalfatosenoticias.com.br\/#\/schema\/person\/d63837fa13ac8666eb9e74e0985d6f81\",\"name\":\"Luzimara Fernandes\",\"image\":{\"@type\":\"ImageObject\",\"inLanguage\":\"pt-BR\",\"@id\":\"https:\/\/jornalfatosenoticias.com.br\/#\/schema\/person\/image\/\",\"url\":\"https:\/\/jornalfatosenoticias.com.br\/wp-content\/uploads\/2025\/05\/EU_portal.jpg\",\"contentUrl\":\"https:\/\/jornalfatosenoticias.com.br\/wp-content\/uploads\/2025\/05\/EU_portal.jpg\",\"caption\":\"Luzimara Fernandes\"},\"description\":\"Jornalista MTB 2358-ES\",\"sameAs\":[\"https:\/\/jornalfatosenoticias.com.br\"],\"url\":\"https:\/\/jornalfatosenoticias.com.br\/index.php\/author\/luzimara\/\"}]}<\/script>\n<!-- \/ Yoast SEO plugin. -->","yoast_head_json":{"title":"Esconder emo\u00e7\u00f5es pode fazer mal \u00e0 sa\u00fade; entenda por qu\u00ea - Jornal Fatos e Not\u00edcias","robots":{"index":"index","follow":"follow","max-snippet":"max-snippet:-1","max-image-preview":"max-image-preview:large","max-video-preview":"max-video-preview:-1"},"canonical":"https:\/\/jornalfatosenoticias.com.br\/index.php\/2021\/11\/04\/esconder-emocoes-pode-fazer-mal-a-saude-entenda-por-que\/","og_locale":"pt_BR","og_type":"article","og_title":"Esconder emo\u00e7\u00f5es pode fazer mal \u00e0 sa\u00fade; entenda por qu\u00ea - Jornal Fatos e Not\u00edcias","og_description":"Seja estando com amigos, colegas de trabalho ou familiares, algumas vezes passamos por situa\u00e7\u00f5es que despertam sentimentos desagrad\u00e1veis. Mas, por algum motivo, \u00e9 comum guardarmos isso e n\u00e3o expressar o que realmente estamos sentindo. E, ao contr\u00e1rio do que muita gente pensa, esconder as emo\u00e7\u00f5es n\u00e3o \u00e9 uma atitude exclusiva de pessoas t\u00edmidas, que sofrem [&hellip;]","og_url":"https:\/\/jornalfatosenoticias.com.br\/index.php\/2021\/11\/04\/esconder-emocoes-pode-fazer-mal-a-saude-entenda-por-que\/","og_site_name":"Jornal Fatos e Not\u00edcias","article_published_time":"2021-11-04T23:35:24+00:00","article_modified_time":"2021-11-04T23:35:28+00:00","og_image":[{"width":1000,"height":666,"url":"https:\/\/jornalfatosenoticias.com.br\/wp-content\/uploads\/2021\/11\/ESCONDER-AS-EMOCOES_iStock.jpg","type":"image\/jpeg"}],"author":"Luzimara Fernandes","twitter_card":"summary_large_image","twitter_misc":{"Escrito por":"Luzimara Fernandes","Est. tempo de leitura":"5 minutos"},"schema":{"@context":"https:\/\/schema.org","@graph":[{"@type":"Article","@id":"https:\/\/jornalfatosenoticias.com.br\/index.php\/2021\/11\/04\/esconder-emocoes-pode-fazer-mal-a-saude-entenda-por-que\/#article","isPartOf":{"@id":"https:\/\/jornalfatosenoticias.com.br\/index.php\/2021\/11\/04\/esconder-emocoes-pode-fazer-mal-a-saude-entenda-por-que\/"},"author":{"name":"Luzimara Fernandes","@id":"https:\/\/jornalfatosenoticias.com.br\/#\/schema\/person\/d63837fa13ac8666eb9e74e0985d6f81"},"headline":"Esconder emo\u00e7\u00f5es pode fazer mal \u00e0 sa\u00fade; entenda por qu\u00ea","datePublished":"2021-11-04T23:35:24+00:00","dateModified":"2021-11-04T23:35:28+00:00","mainEntityOfPage":{"@id":"https:\/\/jornalfatosenoticias.com.br\/index.php\/2021\/11\/04\/esconder-emocoes-pode-fazer-mal-a-saude-entenda-por-que\/"},"wordCount":915,"commentCount":0,"publisher":{"@id":"https:\/\/jornalfatosenoticias.com.br\/#organization"},"image":{"@id":"https:\/\/jornalfatosenoticias.com.br\/index.php\/2021\/11\/04\/esconder-emocoes-pode-fazer-mal-a-saude-entenda-por-que\/#primaryimage"},"thumbnailUrl":"https:\/\/jornalfatosenoticias.com.br\/wp-content\/uploads\/2021\/11\/ESCONDER-AS-EMOCOES_iStock.jpg","keywords":["emo\u00e7\u00f5es","esconder emo\u00e7\u00f5es","mal \u00e0 sa\u00fade","sentimentos"],"articleSection":["Comportamento &amp; Equil\u00edbrio"],"inLanguage":"pt-BR","potentialAction":[{"@type":"CommentAction","name":"Comment","target":["https:\/\/jornalfatosenoticias.com.br\/index.php\/2021\/11\/04\/esconder-emocoes-pode-fazer-mal-a-saude-entenda-por-que\/#respond"]}]},{"@type":"WebPage","@id":"https:\/\/jornalfatosenoticias.com.br\/index.php\/2021\/11\/04\/esconder-emocoes-pode-fazer-mal-a-saude-entenda-por-que\/","url":"https:\/\/jornalfatosenoticias.com.br\/index.php\/2021\/11\/04\/esconder-emocoes-pode-fazer-mal-a-saude-entenda-por-que\/","name":"Esconder emo\u00e7\u00f5es pode fazer mal \u00e0 sa\u00fade; entenda por qu\u00ea - Jornal Fatos e Not\u00edcias","isPartOf":{"@id":"https:\/\/jornalfatosenoticias.com.br\/#website"},"primaryImageOfPage":{"@id":"https:\/\/jornalfatosenoticias.com.br\/index.php\/2021\/11\/04\/esconder-emocoes-pode-fazer-mal-a-saude-entenda-por-que\/#primaryimage"},"image":{"@id":"https:\/\/jornalfatosenoticias.com.br\/index.php\/2021\/11\/04\/esconder-emocoes-pode-fazer-mal-a-saude-entenda-por-que\/#primaryimage"},"thumbnailUrl":"https:\/\/jornalfatosenoticias.com.br\/wp-content\/uploads\/2021\/11\/ESCONDER-AS-EMOCOES_iStock.jpg","datePublished":"2021-11-04T23:35:24+00:00","dateModified":"2021-11-04T23:35:28+00:00","breadcrumb":{"@id":"https:\/\/jornalfatosenoticias.com.br\/index.php\/2021\/11\/04\/esconder-emocoes-pode-fazer-mal-a-saude-entenda-por-que\/#breadcrumb"},"inLanguage":"pt-BR","potentialAction":[{"@type":"ReadAction","target":["https:\/\/jornalfatosenoticias.com.br\/index.php\/2021\/11\/04\/esconder-emocoes-pode-fazer-mal-a-saude-entenda-por-que\/"]}]},{"@type":"ImageObject","inLanguage":"pt-BR","@id":"https:\/\/jornalfatosenoticias.com.br\/index.php\/2021\/11\/04\/esconder-emocoes-pode-fazer-mal-a-saude-entenda-por-que\/#primaryimage","url":"https:\/\/jornalfatosenoticias.com.br\/wp-content\/uploads\/2021\/11\/ESCONDER-AS-EMOCOES_iStock.jpg","contentUrl":"https:\/\/jornalfatosenoticias.com.br\/wp-content\/uploads\/2021\/11\/ESCONDER-AS-EMOCOES_iStock.jpg","width":1000,"height":666},{"@type":"BreadcrumbList","@id":"https:\/\/jornalfatosenoticias.com.br\/index.php\/2021\/11\/04\/esconder-emocoes-pode-fazer-mal-a-saude-entenda-por-que\/#breadcrumb","itemListElement":[{"@type":"ListItem","position":1,"name":"In\u00edcio","item":"https:\/\/jornalfatosenoticias.com.br\/"},{"@type":"ListItem","position":2,"name":"Esconder emo\u00e7\u00f5es pode fazer mal \u00e0 sa\u00fade; entenda por qu\u00ea"}]},{"@type":"WebSite","@id":"https:\/\/jornalfatosenoticias.com.br\/#website","url":"https:\/\/jornalfatosenoticias.com.br\/","name":"Jornal Fatos e Not\u00edcias","description":"Not\u00edcias em geral","publisher":{"@id":"https:\/\/jornalfatosenoticias.com.br\/#organization"},"potentialAction":[{"@type":"SearchAction","target":{"@type":"EntryPoint","urlTemplate":"https:\/\/jornalfatosenoticias.com.br\/?s={search_term_string}"},"query-input":{"@type":"PropertyValueSpecification","valueRequired":true,"valueName":"search_term_string"}}],"inLanguage":"pt-BR"},{"@type":"Organization","@id":"https:\/\/jornalfatosenoticias.com.br\/#organization","name":"Jornal Fatos e Not\u00edcias","url":"https:\/\/jornalfatosenoticias.com.br\/","logo":{"@type":"ImageObject","inLanguage":"pt-BR","@id":"https:\/\/jornalfatosenoticias.com.br\/#\/schema\/logo\/image\/","url":"https:\/\/jornalfatosenoticias.com.br\/wp-content\/uploads\/2020\/02\/logo120.png","contentUrl":"https:\/\/jornalfatosenoticias.com.br\/wp-content\/uploads\/2020\/02\/logo120.png","width":1227,"height":120,"caption":"Jornal Fatos e Not\u00edcias"},"image":{"@id":"https:\/\/jornalfatosenoticias.com.br\/#\/schema\/logo\/image\/"}},{"@type":"Person","@id":"https:\/\/jornalfatosenoticias.com.br\/#\/schema\/person\/d63837fa13ac8666eb9e74e0985d6f81","name":"Luzimara Fernandes","image":{"@type":"ImageObject","inLanguage":"pt-BR","@id":"https:\/\/jornalfatosenoticias.com.br\/#\/schema\/person\/image\/","url":"https:\/\/jornalfatosenoticias.com.br\/wp-content\/uploads\/2025\/05\/EU_portal.jpg","contentUrl":"https:\/\/jornalfatosenoticias.com.br\/wp-content\/uploads\/2025\/05\/EU_portal.jpg","caption":"Luzimara Fernandes"},"description":"Jornalista MTB 2358-ES","sameAs":["https:\/\/jornalfatosenoticias.com.br"],"url":"https:\/\/jornalfatosenoticias.com.br\/index.php\/author\/luzimara\/"}]}},"cc_featured_image_caption":{"caption_text":"(Foto: iStock) ","source_text":"","source_url":""},"jetpack_featured_media_url":"https:\/\/jornalfatosenoticias.com.br\/wp-content\/uploads\/2021\/11\/ESCONDER-AS-EMOCOES_iStock.jpg","_links":{"self":[{"href":"https:\/\/jornalfatosenoticias.com.br\/index.php\/wp-json\/wp\/v2\/posts\/24615","targetHints":{"allow":["GET"]}}],"collection":[{"href":"https:\/\/jornalfatosenoticias.com.br\/index.php\/wp-json\/wp\/v2\/posts"}],"about":[{"href":"https:\/\/jornalfatosenoticias.com.br\/index.php\/wp-json\/wp\/v2\/types\/post"}],"author":[{"embeddable":true,"href":"https:\/\/jornalfatosenoticias.com.br\/index.php\/wp-json\/wp\/v2\/users\/2"}],"replies":[{"embeddable":true,"href":"https:\/\/jornalfatosenoticias.com.br\/index.php\/wp-json\/wp\/v2\/comments?post=24615"}],"version-history":[{"count":0,"href":"https:\/\/jornalfatosenoticias.com.br\/index.php\/wp-json\/wp\/v2\/posts\/24615\/revisions"}],"wp:featuredmedia":[{"embeddable":true,"href":"https:\/\/jornalfatosenoticias.com.br\/index.php\/wp-json\/wp\/v2\/media\/24616"}],"wp:attachment":[{"href":"https:\/\/jornalfatosenoticias.com.br\/index.php\/wp-json\/wp\/v2\/media?parent=24615"}],"wp:term":[{"taxonomy":"category","embeddable":true,"href":"https:\/\/jornalfatosenoticias.com.br\/index.php\/wp-json\/wp\/v2\/categories?post=24615"},{"taxonomy":"post_tag","embeddable":true,"href":"https:\/\/jornalfatosenoticias.com.br\/index.php\/wp-json\/wp\/v2\/tags?post=24615"}],"curies":[{"name":"wp","href":"https:\/\/api.w.org\/{rel}","templated":true}]}}