{"id":2464,"date":"2020-03-27T09:35:26","date_gmt":"2020-03-27T12:35:26","guid":{"rendered":"https:\/\/jornalfatosenoticias.com.br\/?p=2464"},"modified":"2020-03-27T09:36:14","modified_gmt":"2020-03-27T12:36:14","slug":"o-papel-de-um-lider-no-enfrentamento-de-uma-crise","status":"publish","type":"post","link":"https:\/\/jornalfatosenoticias.com.br\/index.php\/2020\/03\/27\/o-papel-de-um-lider-no-enfrentamento-de-uma-crise\/","title":{"rendered":"O papel de um l\u00edder no enfrentamento de uma crise"},"content":{"rendered":"\n<h6 class=\"wp-block-heading\"><em>O Brasil tem enfrentado, nos \u00faltimos dias, um dos per\u00edodos mais at\u00edpicos e ca\u00f3ticos de sua hist\u00f3ria<\/em><\/h6>\n\n\n\n<p> <em>Texto: Daniel Louzada<\/em> <\/p>\n\n\n\n<p>O Brasil tem enfrentado, nos \u00faltimos dias, um dos per\u00edodos mais at\u00edpicos e ca\u00f3ticos de sua hist\u00f3ria, em virtude da pandemia do Covid-19 (coronav\u00edrus). Por essa ocasi\u00e3o, grandes empresas est\u00e3o com seus espa\u00e7os f\u00edsicos fechados, o com\u00e9rcio est\u00e1 comprometido pela queda de movimento e baixo lucro na venda de mercadorias.<br>\nA popula\u00e7\u00e3o sofre tamb\u00e9m com a diminui\u00e7\u00e3o do fluxo de transporte rodovi\u00e1rio (algumas cidades adotaram o esquema especial de coletivos urbanos), maneira essa encontrada, para acabar com a contamina\u00e7\u00e3o do Covid-19.<br>\nTendo como base esse panorama de extremo alerta, como forma de combate ao v\u00edrus, os governantes estaduais t\u00eam orientado a popula\u00e7\u00e3o a tomarem medidas de preven\u00e7\u00e3o, como por exemplo: ficar em casa, evitar aglomera\u00e7\u00e3o de pessoas em locais p\u00fabicos, orientando o isolamento social.<\/p>\n\n\n\n<h4 class=\"wp-block-heading\">Enfrentar a crise coletivamente<\/h4>\n\n\n\n<figure class=\"wp-block-image size-large\"><img loading=\"lazy\" decoding=\"async\" width=\"766\" height=\"1024\" src=\"https:\/\/jornalfatosenoticias.com.br\/wp-content\/uploads\/2020\/03\/igor-pereira-766x1024.jpg\" alt=\"\" class=\"wp-image-2465\" srcset=\"https:\/\/jornalfatosenoticias.com.br\/wp-content\/uploads\/2020\/03\/igor-pereira-766x1024.jpg 766w, https:\/\/jornalfatosenoticias.com.br\/wp-content\/uploads\/2020\/03\/igor-pereira-225x300.jpg 225w, https:\/\/jornalfatosenoticias.com.br\/wp-content\/uploads\/2020\/03\/igor-pereira-768x1026.jpg 768w, https:\/\/jornalfatosenoticias.com.br\/wp-content\/uploads\/2020\/03\/igor-pereira.jpg 958w\" sizes=\"auto, (max-width: 766px) 100vw, 766px\" \/><figcaption><em>Universit\u00e1rio Igor Pereira (Foto: Arquivo pessoal)<\/em><\/figcaption><\/figure>\n\n\n\n<p>Em contrapartida, o presidente da Rep\u00fablica, Jair Messias Bolsonaro tem dado declara\u00e7\u00f5es pol\u00eamicas em suas entrevistas na maioria das vezes, usando a ironia e o sarcasmo como principais ferramentas de respostas aos jornalistas.<br> Os constantes discursos feitos por Bolsonaro t\u00eam trazido n\u00e3o somente a si, mas a toda popula\u00e7\u00e3o brasileira um verdadeiro cen\u00e1rio de confus\u00e3o de ideias, ocasionando uma falta de equil\u00edbrio, no discurso de quem representa o cargo maior de uma na\u00e7\u00e3o.<br> Segundo o estudante de Hist\u00f3ria, da Universidade Federal do Esp\u00edrito Santo (Ufes), Igor Pereira, a influ\u00eancia do discurso de uma lideran\u00e7a sobre os seus seguidores ou liderados inferiores, durante per\u00edodos cr\u00edticos, \u00e9 um importante alvo das an\u00e1lises de historiadores, cientistas sociais e pol\u00edticos.<br> Igor ainda ressalta que a falta de lideran\u00e7a, impede a a\u00e7\u00e3o conjunta, pois seus apoiadores mais pr\u00f3ximos, podem perder a confian\u00e7a em suas ordens, colocando em risco a sua perman\u00eancia no poder.<br> \u00c9 fundamental, em per\u00edodos de crise, por mais ca\u00f3tico que se encontre a situa\u00e7\u00e3o, manter-se em equil\u00edbrio e buscar ter serenidade mental, a fim de tentar controlar a situa\u00e7\u00e3o e n\u00e3o colocar os seus liderados em um estado de medo, apavoramento e p\u00e2nico para todos aqueles que est\u00e3o debaixo da autoridade de algum l\u00edder.<br> \u201cEm momentos de crise ou estabilidade, a fun\u00e7\u00e3o apaziguadora dos l\u00edderes n\u00e3o deve ser confundida com a nega\u00e7\u00e3o, ou a diminui\u00e7\u00e3o dos reais problemas\u201d, destaca Igor.<\/p>\n\n\n\n<figure class=\"wp-block-image size-large is-resized\"><img loading=\"lazy\" decoding=\"async\" src=\"https:\/\/jornalfatosenoticias.com.br\/wp-content\/uploads\/2020\/03\/dani-estudio-3.jpg\" alt=\"\" class=\"wp-image-2259\" width=\"116\" height=\"153\" srcset=\"https:\/\/jornalfatosenoticias.com.br\/wp-content\/uploads\/2020\/03\/dani-estudio-3.jpg 578w, https:\/\/jornalfatosenoticias.com.br\/wp-content\/uploads\/2020\/03\/dani-estudio-3-228x300.jpg 228w\" sizes=\"auto, (max-width: 116px) 100vw, 116px\" \/><figcaption> <strong>Daniel Louzada<br><\/strong><em><strong>Jornalista<br><\/strong>Cel.: (27) 99582-4331<\/em> <\/figcaption><\/figure>\n","protected":false},"excerpt":{"rendered":"<p>O Brasil tem enfrentado, nos \u00faltimos dias, um dos per\u00edodos mais at\u00edpicos e ca\u00f3ticos de sua hist\u00f3ria Texto: Daniel Louzada O Brasil tem enfrentado, nos \u00faltimos dias, um dos per\u00edodos mais at\u00edpicos e ca\u00f3ticos de sua hist\u00f3ria, em virtude da pandemia do Covid-19 (coronav\u00edrus). Por essa ocasi\u00e3o, grandes empresas est\u00e3o com seus espa\u00e7os f\u00edsicos fechados, [&hellip;]<\/p>\n","protected":false},"author":2,"featured_media":2466,"comment_status":"open","ping_status":"open","sticky":false,"template":"","format":"standard","meta":{"footnotes":""},"categories":[10],"tags":[239,708,392,950,1059,437],"class_list":["post-2464","post","type-post","status-publish","format-standard","has-post-thumbnail","hentry","category-politica","tag-bolsonaro","tag-combate","tag-contaminacao","tag-crise","tag-lider","tag-ufes"],"yoast_head":"<!-- This site is optimized with the Yoast SEO plugin v26.5 - https:\/\/yoast.com\/wordpress\/plugins\/seo\/ -->\n<title>O papel de um l\u00edder no enfrentamento de uma crise - Jornal Fatos e Not\u00edcias<\/title>\n<meta name=\"robots\" content=\"index, follow, max-snippet:-1, max-image-preview:large, max-video-preview:-1\" \/>\n<link rel=\"canonical\" href=\"https:\/\/jornalfatosenoticias.com.br\/index.php\/2020\/03\/27\/o-papel-de-um-lider-no-enfrentamento-de-uma-crise\/\" \/>\n<meta property=\"og:locale\" content=\"pt_BR\" \/>\n<meta property=\"og:type\" content=\"article\" \/>\n<meta property=\"og:title\" content=\"O papel de um l\u00edder no enfrentamento de uma crise - Jornal Fatos e Not\u00edcias\" \/>\n<meta property=\"og:description\" content=\"O Brasil tem enfrentado, nos \u00faltimos dias, um dos per\u00edodos mais at\u00edpicos e ca\u00f3ticos de sua hist\u00f3ria Texto: Daniel Louzada O Brasil tem enfrentado, nos \u00faltimos dias, um dos per\u00edodos mais at\u00edpicos e ca\u00f3ticos de sua hist\u00f3ria, em virtude da pandemia do Covid-19 (coronav\u00edrus). Por essa ocasi\u00e3o, grandes empresas est\u00e3o com seus espa\u00e7os f\u00edsicos fechados, [&hellip;]\" \/>\n<meta property=\"og:url\" content=\"https:\/\/jornalfatosenoticias.com.br\/index.php\/2020\/03\/27\/o-papel-de-um-lider-no-enfrentamento-de-uma-crise\/\" \/>\n<meta property=\"og:site_name\" content=\"Jornal Fatos e Not\u00edcias\" \/>\n<meta property=\"article:published_time\" content=\"2020-03-27T12:35:26+00:00\" \/>\n<meta property=\"article:modified_time\" content=\"2020-03-27T12:36:14+00:00\" \/>\n<meta property=\"og:image\" content=\"https:\/\/jornalfatosenoticias.com.br\/wp-content\/uploads\/2020\/03\/faixa-presidencial.jpg\" \/>\n\t<meta property=\"og:image:width\" content=\"1024\" \/>\n\t<meta property=\"og:image:height\" content=\"536\" \/>\n\t<meta property=\"og:image:type\" content=\"image\/jpeg\" \/>\n<meta name=\"author\" content=\"Luzimara Fernandes\" \/>\n<meta name=\"twitter:card\" content=\"summary_large_image\" \/>\n<meta name=\"twitter:label1\" content=\"Escrito por\" \/>\n\t<meta name=\"twitter:data1\" content=\"Luzimara Fernandes\" \/>\n\t<meta name=\"twitter:label2\" content=\"Est. tempo de leitura\" \/>\n\t<meta name=\"twitter:data2\" content=\"2 minutos\" \/>\n<script type=\"application\/ld+json\" class=\"yoast-schema-graph\">{\"@context\":\"https:\/\/schema.org\",\"@graph\":[{\"@type\":\"Article\",\"@id\":\"https:\/\/jornalfatosenoticias.com.br\/index.php\/2020\/03\/27\/o-papel-de-um-lider-no-enfrentamento-de-uma-crise\/#article\",\"isPartOf\":{\"@id\":\"https:\/\/jornalfatosenoticias.com.br\/index.php\/2020\/03\/27\/o-papel-de-um-lider-no-enfrentamento-de-uma-crise\/\"},\"author\":{\"name\":\"Luzimara Fernandes\",\"@id\":\"https:\/\/jornalfatosenoticias.com.br\/#\/schema\/person\/d63837fa13ac8666eb9e74e0985d6f81\"},\"headline\":\"O papel de um l\u00edder no enfrentamento de uma crise\",\"datePublished\":\"2020-03-27T12:35:26+00:00\",\"dateModified\":\"2020-03-27T12:36:14+00:00\",\"mainEntityOfPage\":{\"@id\":\"https:\/\/jornalfatosenoticias.com.br\/index.php\/2020\/03\/27\/o-papel-de-um-lider-no-enfrentamento-de-uma-crise\/\"},\"wordCount\":459,\"commentCount\":0,\"publisher\":{\"@id\":\"https:\/\/jornalfatosenoticias.com.br\/#organization\"},\"image\":{\"@id\":\"https:\/\/jornalfatosenoticias.com.br\/index.php\/2020\/03\/27\/o-papel-de-um-lider-no-enfrentamento-de-uma-crise\/#primaryimage\"},\"thumbnailUrl\":\"https:\/\/jornalfatosenoticias.com.br\/wp-content\/uploads\/2020\/03\/faixa-presidencial.jpg\",\"keywords\":[\"Bolsonaro\",\"combate\",\"contamina\u00e7\u00e3o\",\"crise\",\"l\u00edder\",\"Ufes\"],\"articleSection\":[\"Pol\u00edtica\"],\"inLanguage\":\"pt-BR\",\"potentialAction\":[{\"@type\":\"CommentAction\",\"name\":\"Comment\",\"target\":[\"https:\/\/jornalfatosenoticias.com.br\/index.php\/2020\/03\/27\/o-papel-de-um-lider-no-enfrentamento-de-uma-crise\/#respond\"]}]},{\"@type\":\"WebPage\",\"@id\":\"https:\/\/jornalfatosenoticias.com.br\/index.php\/2020\/03\/27\/o-papel-de-um-lider-no-enfrentamento-de-uma-crise\/\",\"url\":\"https:\/\/jornalfatosenoticias.com.br\/index.php\/2020\/03\/27\/o-papel-de-um-lider-no-enfrentamento-de-uma-crise\/\",\"name\":\"O papel de um l\u00edder no enfrentamento de uma crise - Jornal Fatos e Not\u00edcias\",\"isPartOf\":{\"@id\":\"https:\/\/jornalfatosenoticias.com.br\/#website\"},\"primaryImageOfPage\":{\"@id\":\"https:\/\/jornalfatosenoticias.com.br\/index.php\/2020\/03\/27\/o-papel-de-um-lider-no-enfrentamento-de-uma-crise\/#primaryimage\"},\"image\":{\"@id\":\"https:\/\/jornalfatosenoticias.com.br\/index.php\/2020\/03\/27\/o-papel-de-um-lider-no-enfrentamento-de-uma-crise\/#primaryimage\"},\"thumbnailUrl\":\"https:\/\/jornalfatosenoticias.com.br\/wp-content\/uploads\/2020\/03\/faixa-presidencial.jpg\",\"datePublished\":\"2020-03-27T12:35:26+00:00\",\"dateModified\":\"2020-03-27T12:36:14+00:00\",\"breadcrumb\":{\"@id\":\"https:\/\/jornalfatosenoticias.com.br\/index.php\/2020\/03\/27\/o-papel-de-um-lider-no-enfrentamento-de-uma-crise\/#breadcrumb\"},\"inLanguage\":\"pt-BR\",\"potentialAction\":[{\"@type\":\"ReadAction\",\"target\":[\"https:\/\/jornalfatosenoticias.com.br\/index.php\/2020\/03\/27\/o-papel-de-um-lider-no-enfrentamento-de-uma-crise\/\"]}]},{\"@type\":\"ImageObject\",\"inLanguage\":\"pt-BR\",\"@id\":\"https:\/\/jornalfatosenoticias.com.br\/index.php\/2020\/03\/27\/o-papel-de-um-lider-no-enfrentamento-de-uma-crise\/#primaryimage\",\"url\":\"https:\/\/jornalfatosenoticias.com.br\/wp-content\/uploads\/2020\/03\/faixa-presidencial.jpg\",\"contentUrl\":\"https:\/\/jornalfatosenoticias.com.br\/wp-content\/uploads\/2020\/03\/faixa-presidencial.jpg\",\"width\":1024,\"height\":536},{\"@type\":\"BreadcrumbList\",\"@id\":\"https:\/\/jornalfatosenoticias.com.br\/index.php\/2020\/03\/27\/o-papel-de-um-lider-no-enfrentamento-de-uma-crise\/#breadcrumb\",\"itemListElement\":[{\"@type\":\"ListItem\",\"position\":1,\"name\":\"In\u00edcio\",\"item\":\"https:\/\/jornalfatosenoticias.com.br\/\"},{\"@type\":\"ListItem\",\"position\":2,\"name\":\"O papel de um l\u00edder no enfrentamento de uma crise\"}]},{\"@type\":\"WebSite\",\"@id\":\"https:\/\/jornalfatosenoticias.com.br\/#website\",\"url\":\"https:\/\/jornalfatosenoticias.com.br\/\",\"name\":\"Jornal Fatos e Not\u00edcias\",\"description\":\"Not\u00edcias em geral\",\"publisher\":{\"@id\":\"https:\/\/jornalfatosenoticias.com.br\/#organization\"},\"potentialAction\":[{\"@type\":\"SearchAction\",\"target\":{\"@type\":\"EntryPoint\",\"urlTemplate\":\"https:\/\/jornalfatosenoticias.com.br\/?s={search_term_string}\"},\"query-input\":{\"@type\":\"PropertyValueSpecification\",\"valueRequired\":true,\"valueName\":\"search_term_string\"}}],\"inLanguage\":\"pt-BR\"},{\"@type\":\"Organization\",\"@id\":\"https:\/\/jornalfatosenoticias.com.br\/#organization\",\"name\":\"Jornal Fatos e Not\u00edcias\",\"url\":\"https:\/\/jornalfatosenoticias.com.br\/\",\"logo\":{\"@type\":\"ImageObject\",\"inLanguage\":\"pt-BR\",\"@id\":\"https:\/\/jornalfatosenoticias.com.br\/#\/schema\/logo\/image\/\",\"url\":\"https:\/\/jornalfatosenoticias.com.br\/wp-content\/uploads\/2020\/02\/logo120.png\",\"contentUrl\":\"https:\/\/jornalfatosenoticias.com.br\/wp-content\/uploads\/2020\/02\/logo120.png\",\"width\":1227,\"height\":120,\"caption\":\"Jornal Fatos e Not\u00edcias\"},\"image\":{\"@id\":\"https:\/\/jornalfatosenoticias.com.br\/#\/schema\/logo\/image\/\"}},{\"@type\":\"Person\",\"@id\":\"https:\/\/jornalfatosenoticias.com.br\/#\/schema\/person\/d63837fa13ac8666eb9e74e0985d6f81\",\"name\":\"Luzimara Fernandes\",\"image\":{\"@type\":\"ImageObject\",\"inLanguage\":\"pt-BR\",\"@id\":\"https:\/\/jornalfatosenoticias.com.br\/#\/schema\/person\/image\/\",\"url\":\"https:\/\/jornalfatosenoticias.com.br\/wp-content\/uploads\/2025\/05\/EU_portal.jpg\",\"contentUrl\":\"https:\/\/jornalfatosenoticias.com.br\/wp-content\/uploads\/2025\/05\/EU_portal.jpg\",\"caption\":\"Luzimara Fernandes\"},\"description\":\"Jornalista MTB 2358-ES\",\"sameAs\":[\"https:\/\/jornalfatosenoticias.com.br\"],\"url\":\"https:\/\/jornalfatosenoticias.com.br\/index.php\/author\/luzimara\/\"}]}<\/script>\n<!-- \/ Yoast SEO plugin. -->","yoast_head_json":{"title":"O papel de um l\u00edder no enfrentamento de uma crise - Jornal Fatos e Not\u00edcias","robots":{"index":"index","follow":"follow","max-snippet":"max-snippet:-1","max-image-preview":"max-image-preview:large","max-video-preview":"max-video-preview:-1"},"canonical":"https:\/\/jornalfatosenoticias.com.br\/index.php\/2020\/03\/27\/o-papel-de-um-lider-no-enfrentamento-de-uma-crise\/","og_locale":"pt_BR","og_type":"article","og_title":"O papel de um l\u00edder no enfrentamento de uma crise - Jornal Fatos e Not\u00edcias","og_description":"O Brasil tem enfrentado, nos \u00faltimos dias, um dos per\u00edodos mais at\u00edpicos e ca\u00f3ticos de sua hist\u00f3ria Texto: Daniel Louzada O Brasil tem enfrentado, nos \u00faltimos dias, um dos per\u00edodos mais at\u00edpicos e ca\u00f3ticos de sua hist\u00f3ria, em virtude da pandemia do Covid-19 (coronav\u00edrus). Por essa ocasi\u00e3o, grandes empresas est\u00e3o com seus espa\u00e7os f\u00edsicos fechados, [&hellip;]","og_url":"https:\/\/jornalfatosenoticias.com.br\/index.php\/2020\/03\/27\/o-papel-de-um-lider-no-enfrentamento-de-uma-crise\/","og_site_name":"Jornal Fatos e Not\u00edcias","article_published_time":"2020-03-27T12:35:26+00:00","article_modified_time":"2020-03-27T12:36:14+00:00","og_image":[{"width":1024,"height":536,"url":"https:\/\/jornalfatosenoticias.com.br\/wp-content\/uploads\/2020\/03\/faixa-presidencial.jpg","type":"image\/jpeg"}],"author":"Luzimara Fernandes","twitter_card":"summary_large_image","twitter_misc":{"Escrito por":"Luzimara Fernandes","Est. tempo de leitura":"2 minutos"},"schema":{"@context":"https:\/\/schema.org","@graph":[{"@type":"Article","@id":"https:\/\/jornalfatosenoticias.com.br\/index.php\/2020\/03\/27\/o-papel-de-um-lider-no-enfrentamento-de-uma-crise\/#article","isPartOf":{"@id":"https:\/\/jornalfatosenoticias.com.br\/index.php\/2020\/03\/27\/o-papel-de-um-lider-no-enfrentamento-de-uma-crise\/"},"author":{"name":"Luzimara Fernandes","@id":"https:\/\/jornalfatosenoticias.com.br\/#\/schema\/person\/d63837fa13ac8666eb9e74e0985d6f81"},"headline":"O papel de um l\u00edder no enfrentamento de uma crise","datePublished":"2020-03-27T12:35:26+00:00","dateModified":"2020-03-27T12:36:14+00:00","mainEntityOfPage":{"@id":"https:\/\/jornalfatosenoticias.com.br\/index.php\/2020\/03\/27\/o-papel-de-um-lider-no-enfrentamento-de-uma-crise\/"},"wordCount":459,"commentCount":0,"publisher":{"@id":"https:\/\/jornalfatosenoticias.com.br\/#organization"},"image":{"@id":"https:\/\/jornalfatosenoticias.com.br\/index.php\/2020\/03\/27\/o-papel-de-um-lider-no-enfrentamento-de-uma-crise\/#primaryimage"},"thumbnailUrl":"https:\/\/jornalfatosenoticias.com.br\/wp-content\/uploads\/2020\/03\/faixa-presidencial.jpg","keywords":["Bolsonaro","combate","contamina\u00e7\u00e3o","crise","l\u00edder","Ufes"],"articleSection":["Pol\u00edtica"],"inLanguage":"pt-BR","potentialAction":[{"@type":"CommentAction","name":"Comment","target":["https:\/\/jornalfatosenoticias.com.br\/index.php\/2020\/03\/27\/o-papel-de-um-lider-no-enfrentamento-de-uma-crise\/#respond"]}]},{"@type":"WebPage","@id":"https:\/\/jornalfatosenoticias.com.br\/index.php\/2020\/03\/27\/o-papel-de-um-lider-no-enfrentamento-de-uma-crise\/","url":"https:\/\/jornalfatosenoticias.com.br\/index.php\/2020\/03\/27\/o-papel-de-um-lider-no-enfrentamento-de-uma-crise\/","name":"O papel de um l\u00edder no enfrentamento de uma crise - Jornal Fatos e Not\u00edcias","isPartOf":{"@id":"https:\/\/jornalfatosenoticias.com.br\/#website"},"primaryImageOfPage":{"@id":"https:\/\/jornalfatosenoticias.com.br\/index.php\/2020\/03\/27\/o-papel-de-um-lider-no-enfrentamento-de-uma-crise\/#primaryimage"},"image":{"@id":"https:\/\/jornalfatosenoticias.com.br\/index.php\/2020\/03\/27\/o-papel-de-um-lider-no-enfrentamento-de-uma-crise\/#primaryimage"},"thumbnailUrl":"https:\/\/jornalfatosenoticias.com.br\/wp-content\/uploads\/2020\/03\/faixa-presidencial.jpg","datePublished":"2020-03-27T12:35:26+00:00","dateModified":"2020-03-27T12:36:14+00:00","breadcrumb":{"@id":"https:\/\/jornalfatosenoticias.com.br\/index.php\/2020\/03\/27\/o-papel-de-um-lider-no-enfrentamento-de-uma-crise\/#breadcrumb"},"inLanguage":"pt-BR","potentialAction":[{"@type":"ReadAction","target":["https:\/\/jornalfatosenoticias.com.br\/index.php\/2020\/03\/27\/o-papel-de-um-lider-no-enfrentamento-de-uma-crise\/"]}]},{"@type":"ImageObject","inLanguage":"pt-BR","@id":"https:\/\/jornalfatosenoticias.com.br\/index.php\/2020\/03\/27\/o-papel-de-um-lider-no-enfrentamento-de-uma-crise\/#primaryimage","url":"https:\/\/jornalfatosenoticias.com.br\/wp-content\/uploads\/2020\/03\/faixa-presidencial.jpg","contentUrl":"https:\/\/jornalfatosenoticias.com.br\/wp-content\/uploads\/2020\/03\/faixa-presidencial.jpg","width":1024,"height":536},{"@type":"BreadcrumbList","@id":"https:\/\/jornalfatosenoticias.com.br\/index.php\/2020\/03\/27\/o-papel-de-um-lider-no-enfrentamento-de-uma-crise\/#breadcrumb","itemListElement":[{"@type":"ListItem","position":1,"name":"In\u00edcio","item":"https:\/\/jornalfatosenoticias.com.br\/"},{"@type":"ListItem","position":2,"name":"O papel de um l\u00edder no enfrentamento de uma crise"}]},{"@type":"WebSite","@id":"https:\/\/jornalfatosenoticias.com.br\/#website","url":"https:\/\/jornalfatosenoticias.com.br\/","name":"Jornal Fatos e Not\u00edcias","description":"Not\u00edcias em geral","publisher":{"@id":"https:\/\/jornalfatosenoticias.com.br\/#organization"},"potentialAction":[{"@type":"SearchAction","target":{"@type":"EntryPoint","urlTemplate":"https:\/\/jornalfatosenoticias.com.br\/?s={search_term_string}"},"query-input":{"@type":"PropertyValueSpecification","valueRequired":true,"valueName":"search_term_string"}}],"inLanguage":"pt-BR"},{"@type":"Organization","@id":"https:\/\/jornalfatosenoticias.com.br\/#organization","name":"Jornal Fatos e Not\u00edcias","url":"https:\/\/jornalfatosenoticias.com.br\/","logo":{"@type":"ImageObject","inLanguage":"pt-BR","@id":"https:\/\/jornalfatosenoticias.com.br\/#\/schema\/logo\/image\/","url":"https:\/\/jornalfatosenoticias.com.br\/wp-content\/uploads\/2020\/02\/logo120.png","contentUrl":"https:\/\/jornalfatosenoticias.com.br\/wp-content\/uploads\/2020\/02\/logo120.png","width":1227,"height":120,"caption":"Jornal Fatos e Not\u00edcias"},"image":{"@id":"https:\/\/jornalfatosenoticias.com.br\/#\/schema\/logo\/image\/"}},{"@type":"Person","@id":"https:\/\/jornalfatosenoticias.com.br\/#\/schema\/person\/d63837fa13ac8666eb9e74e0985d6f81","name":"Luzimara Fernandes","image":{"@type":"ImageObject","inLanguage":"pt-BR","@id":"https:\/\/jornalfatosenoticias.com.br\/#\/schema\/person\/image\/","url":"https:\/\/jornalfatosenoticias.com.br\/wp-content\/uploads\/2025\/05\/EU_portal.jpg","contentUrl":"https:\/\/jornalfatosenoticias.com.br\/wp-content\/uploads\/2025\/05\/EU_portal.jpg","caption":"Luzimara Fernandes"},"description":"Jornalista MTB 2358-ES","sameAs":["https:\/\/jornalfatosenoticias.com.br"],"url":"https:\/\/jornalfatosenoticias.com.br\/index.php\/author\/luzimara\/"}]}},"cc_featured_image_caption":{"caption_text":"Faixa (Foto: portaljoinvile.com.br)","source_text":"","source_url":""},"jetpack_featured_media_url":"https:\/\/jornalfatosenoticias.com.br\/wp-content\/uploads\/2020\/03\/faixa-presidencial.jpg","_links":{"self":[{"href":"https:\/\/jornalfatosenoticias.com.br\/index.php\/wp-json\/wp\/v2\/posts\/2464","targetHints":{"allow":["GET"]}}],"collection":[{"href":"https:\/\/jornalfatosenoticias.com.br\/index.php\/wp-json\/wp\/v2\/posts"}],"about":[{"href":"https:\/\/jornalfatosenoticias.com.br\/index.php\/wp-json\/wp\/v2\/types\/post"}],"author":[{"embeddable":true,"href":"https:\/\/jornalfatosenoticias.com.br\/index.php\/wp-json\/wp\/v2\/users\/2"}],"replies":[{"embeddable":true,"href":"https:\/\/jornalfatosenoticias.com.br\/index.php\/wp-json\/wp\/v2\/comments?post=2464"}],"version-history":[{"count":0,"href":"https:\/\/jornalfatosenoticias.com.br\/index.php\/wp-json\/wp\/v2\/posts\/2464\/revisions"}],"wp:featuredmedia":[{"embeddable":true,"href":"https:\/\/jornalfatosenoticias.com.br\/index.php\/wp-json\/wp\/v2\/media\/2466"}],"wp:attachment":[{"href":"https:\/\/jornalfatosenoticias.com.br\/index.php\/wp-json\/wp\/v2\/media?parent=2464"}],"wp:term":[{"taxonomy":"category","embeddable":true,"href":"https:\/\/jornalfatosenoticias.com.br\/index.php\/wp-json\/wp\/v2\/categories?post=2464"},{"taxonomy":"post_tag","embeddable":true,"href":"https:\/\/jornalfatosenoticias.com.br\/index.php\/wp-json\/wp\/v2\/tags?post=2464"}],"curies":[{"name":"wp","href":"https:\/\/api.w.org\/{rel}","templated":true}]}}