{"id":24647,"date":"2021-11-08T17:23:13","date_gmt":"2021-11-08T20:23:13","guid":{"rendered":"https:\/\/jornalfatosenoticias.com.br\/?p=24647"},"modified":"2021-11-08T17:23:16","modified_gmt":"2021-11-08T20:23:16","slug":"novo-ensino-medio-coloca-formacao-tecnica-e-profissional-para-dentro-do-curriculo-regular","status":"publish","type":"post","link":"https:\/\/jornalfatosenoticias.com.br\/index.php\/2021\/11\/08\/novo-ensino-medio-coloca-formacao-tecnica-e-profissional-para-dentro-do-curriculo-regular\/","title":{"rendered":"Novo ensino m\u00e9dio coloca forma\u00e7\u00e3o t\u00e9cnica e profissional para dentro do curr\u00edculo regular"},"content":{"rendered":"\n<p>O novo ensino m\u00e9dio apresenta grandes desafios para sua implementa\u00e7\u00e3o. O marco legal e normativo (Lei n\u00ba 13.415\/2017, Resolu\u00e7\u00e3o CNE\/CEB n\u00ba 03\/2018 e Resolu\u00e7\u00e3o CNE\/CP n\u00ba 04\/2018) deixa diversas possibilidades de constru\u00e7\u00e3o dos curr\u00edculos e de organiza\u00e7\u00e3o da oferta, a fim de atender \u00e0s expectativas das diversas juventudes que comp\u00f5em o universo de estudantes do ensino m\u00e9dio. D\u00e1 aos mesmos o protagonismo para definir a trajet\u00f3ria formativa que melhor dialoga com seu projeto de vida.<br>Cabe lembrar que o novo ensino m\u00e9dio prop\u00f5e uma ruptura com o modelo \u00fanico de curr\u00edculo ofertado atualmente. Hoje, o processo de ensino e aprendizagem \u00e9 realizado de forma fragmentada e superficial, independente das trajet\u00f3rias que ir\u00e3o percorrer. E ao final do ensino m\u00e9dio, os estudantes desenvolvem o mesmo conjunto de conhecimentos de todas as \u00e1reas, impedindo que haja um aprofundamento dos objetos de conhecimento mais relevantes para a trajet\u00f3ria profissional que pretendem seguir.<\/p>\n\n\n\n<p><strong><span class=\"has-inline-color has-black-color\">Para instigar o jovem<br><\/span><\/strong>Ao propor uma organiza\u00e7\u00e3o curricular com uma parte focada na forma\u00e7\u00e3o para a vida, onde devem ser desenvolvidas as compet\u00eancias e habilidades essenciais previstas na Base Nacional Comum Curricular (BNCC), e uma outra parte focada na prepara\u00e7\u00e3o para as carreiras profissionais, organizada a fim de permitir ao estudante escolher os temas que deseja aprofundar, o novo ensino m\u00e9dio busca permitir ao estudante construir um percurso formativo mais atraente e sintonizado com seus anseios e expectativas.<br>Sendo assim, essa nova implanta\u00e7\u00e3o nos \u00faltimos anos da educa\u00e7\u00e3o b\u00e1sica tem como base quatro pilares fundamentais que orientam as novas formas de oferta curricular. O primeiro deles trata da flexibiliza\u00e7\u00e3o\/diversifica\u00e7\u00e3o do ensino m\u00e9dio por meio de curr\u00edculos que permitam a diversifica\u00e7\u00e3o da oferta de unidades curriculares dentro da carga hor\u00e1ria regular, uma vez que as escolas poder\u00e3o se organizar com oferta de diferentes percursos formativos para o estudante do ensino m\u00e9dio.<br>Outro pilar est\u00e1 relacionado com a possibilidade de oferta de forma\u00e7\u00e3o t\u00e9cnica e profissional dentro do curr\u00edculo regular viabilizando uma forma\u00e7\u00e3o profissional para o jovem ainda dentro do ensino m\u00e9dio sem exigir sua matr\u00edcula em tempo integral. A forma\u00e7\u00e3o integral do estudante se constitui no terceiro pilar e consiste no desenvolvimento, al\u00e9m de aspectos cognitivos, das compet\u00eancias socioemocionais.<\/p>\n\n\n\n<p><strong><span class=\"has-inline-color has-black-color\">De olho na Base<br><\/span><\/strong>Por meio das 10 compet\u00eancias gerais da BNCC e das habilidades previstas nos eixos estruturantes dos referenciais para elabora\u00e7\u00e3o dos itiner\u00e1rios, a forma\u00e7\u00e3o integral ganha relev\u00e2ncia na parte da forma\u00e7\u00e3o geral comum, mas tamb\u00e9m na parte dos itiner\u00e1rios. Finalmente, o conceito de educa\u00e7\u00e3o em tempo integral presente no marco legal envolve a amplia\u00e7\u00e3o do n\u00famero de escolas de tempo integral, mas tamb\u00e9m permitindo que o processo de ensino e aprendizagem se d\u00ea em ambientes diversos da escola de matr\u00edcula do aluno, com diversas possibilidades de c\u00f4mputo de atividades extra escola na carga hor\u00e1ria do estudante, desde que haja intencionalidade pedag\u00f3gica e acompanhamento de um docente da escola.<br>Na parte da forma\u00e7\u00e3o geral b\u00e1sica do curr\u00edculo devem ser desenvolvidas, sobretudo, as compet\u00eancias e habilidades previstas na BNCC, enriquecidas pelo contexto hist\u00f3rico, econ\u00f4mico, social, ambiental, cultural local, do mundo do trabalho e da pr\u00e1tica social, devendo ser organizada por \u00e1reas de conhecimento (linguagens e suas tecnologias, matem\u00e1tica e suas tecnologias, ci\u00eancias da natureza e suas tecnologias, ci\u00eancias humanas e sociais aplicadas) aprofundando e consolidando as aprendizagens essenciais do ensino fundamental, a compreens\u00e3o de problemas complexos e a reflex\u00e3o sobre solu\u00e7\u00f5es para eles.<\/p>\n\n\n\n<blockquote class=\"wp-block-quote is-layout-flow wp-block-quote-is-layout-flow\"><p><span class=\"has-inline-color has-luminous-vivid-orange-color\">O curr\u00edculo por \u00e1rea de conhecimento deve ser organizado e planejado dentro das \u00e1reas de forma a romper com o trabalho isolado apenas em disciplinas. Para tanto devem ser criados espa\u00e7os de ensino e aprendizagem que garantam, sendo assim, a interdisciplinaridade dentro da \u00e1rea com a integra\u00e7\u00e3o e planejamento coletivo dos docentes das disciplinas que comp\u00f5em cada \u00e1rea do conhecimento.<\/span><\/p><\/blockquote>\n\n\n\n<figure class=\"wp-block-image size-large is-style-rounded\"><img loading=\"lazy\" decoding=\"async\" width=\"1000\" height=\"666\" src=\"https:\/\/jornalfatosenoticias.com.br\/wp-content\/uploads\/2021\/11\/novo-ensino-medio-mudancas.jpg\" alt=\"\" class=\"wp-image-24648\" srcset=\"https:\/\/jornalfatosenoticias.com.br\/wp-content\/uploads\/2021\/11\/novo-ensino-medio-mudancas.jpg 1000w, https:\/\/jornalfatosenoticias.com.br\/wp-content\/uploads\/2021\/11\/novo-ensino-medio-mudancas-300x200.jpg 300w, https:\/\/jornalfatosenoticias.com.br\/wp-content\/uploads\/2021\/11\/novo-ensino-medio-mudancas-768x511.jpg 768w\" sizes=\"auto, (max-width: 1000px) 100vw, 1000px\" \/><figcaption><em><span class=\"has-inline-color has-black-color\">(Foto: Envato Elements)<\/span><\/em><\/figcaption><\/figure>\n\n\n\n<p><strong><span class=\"has-inline-color has-black-color\">Aluno ativo e os itiner\u00e1rios formativos<br><\/span><\/strong>O protagonismo do estudante tem como ponto central a constru\u00e7\u00e3o e viabiliza\u00e7\u00e3o do seu projeto de vida, por meio do qual ele define sua trajet\u00f3ria, acompanhando o desenvolvimento da sua identidade. Assim, \u00e9 papel da escola auxiliar os estudantes a aprender a se reconhecer, considerando suas potencialidades e a relev\u00e2ncia dos modos de participa\u00e7\u00e3o e interven\u00e7\u00e3o social na concretiza\u00e7\u00e3o de seu projeto de vida.<br>J\u00e1 a parte dos itiner\u00e1rios formativos \u00e9 composta por um conjunto de situa\u00e7\u00f5es e atividades educativas que os estudantes podem escolher conforme seu interesse, para aprofundar e ampliar aprendizagens em uma ou mais \u00e1reas de conhecimento e\/ou na forma\u00e7\u00e3o t\u00e9cnica e profissional.<br>Eles podem ser organizados, por exemplo, por meio da oferta de diferentes arranjos curriculares, devendo considerar as demandas e necessidades do mundo contempor\u00e2neo, estar sintonizados com os diferentes interesses dos estudantes e sua inser\u00e7\u00e3o na sociedade, o contexto local e as possibilidades de oferta dos sistemas e institui\u00e7\u00f5es de ensino.<\/p>\n\n\n\n<blockquote class=\"wp-block-quote is-layout-flow wp-block-quote-is-layout-flow\"><p><span class=\"has-inline-color has-luminous-vivid-orange-color\">Os itiner\u00e1rios devem garantir a apropria\u00e7\u00e3o de procedimentos cognitivos e o uso de metodologias que favore\u00e7am o protagonismo juvenil, e organizar-se em torno de um ou mais dos seguintes eixos estruturantes: investiga\u00e7\u00e3o cient\u00edfica, processos criativos, media\u00e7\u00e3o e interven\u00e7\u00e3o sociocultural e empreendedorismo.<\/span><\/p><\/blockquote>\n\n\n\n<p><strong><span class=\"has-inline-color has-black-color\">Revis\u00e3o dos curr\u00edculos<br><\/span><\/strong>Na elabora\u00e7\u00e3o e revis\u00e3o de curr\u00edculo do ensino m\u00e9dio, \u00e9 importante observar que os sistemas de ensino s\u00e3o os respons\u00e1veis por definir o documento curricular para orientar a elabora\u00e7\u00e3o da proposta pedag\u00f3gica de cada unidade escolar.<br>A partir da elabora\u00e7\u00e3o do documento de refer\u00eancia do territ\u00f3rio ou das redes, observados a BNCC e as Diretrizes Curriculares Nacionais, o respectivo conselho de educa\u00e7\u00e3o tem a responsabilidade de indicar como dever\u00e1 ser feito este processo, acompanhando e supervisionando a constru\u00e7\u00e3o ou a revis\u00e3o dos curr\u00edculos do ensino m\u00e9dio.<br>Cabe salientar que a implementa\u00e7\u00e3o do novo ensino m\u00e9dio em cada territ\u00f3rio exige atua\u00e7\u00e3o em regime de colabora\u00e7\u00e3o das entidades educacionais dentro de cada estado e tamb\u00e9m com a Uni\u00e3o.<\/p>\n\n\n\n<p><strong><span class=\"has-inline-color has-black-color\">Para al\u00e9m do conte\u00fado<br><\/span><\/strong>Por tudo isso, pode-se concluir que a nova configura\u00e7\u00e3o curricular do ensino m\u00e9dio brasileiro \u00e9 um desafio \u00edmpar para o sistema educacional e exige disposi\u00e7\u00e3o para romper modelos mentais estabelecidos e capacidade de pensar de forma inovadora e criativa.<br>Neste sentido, olhar para as diversas juventudes que comp\u00f5em a sociedade e, consequentemente, a escola movendo o foco para o protagonismo do estudante e para o desenvolvimento de compet\u00eancias ao inv\u00e9s de um ensino baseado no conte\u00fado, abre diversas oportunidades para melhoria da aprendizagem, redu\u00e7\u00e3o da evas\u00e3o e forma\u00e7\u00e3o de um egresso com perfil mais sintonizado com as demandas da sociedade do s\u00e9culo 21.<\/p>\n\n\n\n<p><strong><em>Fonte: <a href=\"https:\/\/revistaeducacao.com.br\/2021\/11\/02\/novo-ensino-medio-deschamps\/\">Revista Educa\u00e7\u00e3o<\/a><\/em><\/strong><\/p>\n","protected":false},"excerpt":{"rendered":"<p>O novo ensino m\u00e9dio apresenta grandes desafios para sua implementa\u00e7\u00e3o. O marco legal e normativo (Lei n\u00ba 13.415\/2017, Resolu\u00e7\u00e3o CNE\/CEB n\u00ba 03\/2018 e Resolu\u00e7\u00e3o CNE\/CP n\u00ba 04\/2018) deixa diversas possibilidades de constru\u00e7\u00e3o dos curr\u00edculos e de organiza\u00e7\u00e3o da oferta, a fim de atender \u00e0s expectativas das diversas juventudes que comp\u00f5em o universo de estudantes do [&hellip;]<\/p>\n","protected":false},"author":2,"featured_media":24648,"comment_status":"open","ping_status":"open","sticky":false,"template":"","format":"standard","meta":{"footnotes":""},"categories":[7],"tags":[11916,11914,11917,11915,6798],"class_list":["post-24647","post","type-post","status-publish","format-standard","has-post-thumbnail","hentry","category-educacao","tag-curriculo-regular","tag-estudante-do-ensino-medio","tag-formacao-profissional","tag-formacao-tecnica","tag-novo-ensino-medio"],"yoast_head":"<!-- This site is optimized with the Yoast SEO plugin v26.5 - https:\/\/yoast.com\/wordpress\/plugins\/seo\/ -->\n<title>Novo ensino m\u00e9dio coloca forma\u00e7\u00e3o t\u00e9cnica e profissional para dentro do curr\u00edculo regular - Jornal Fatos e Not\u00edcias<\/title>\n<meta name=\"robots\" content=\"index, follow, max-snippet:-1, max-image-preview:large, max-video-preview:-1\" \/>\n<link rel=\"canonical\" href=\"https:\/\/jornalfatosenoticias.com.br\/index.php\/2021\/11\/08\/novo-ensino-medio-coloca-formacao-tecnica-e-profissional-para-dentro-do-curriculo-regular\/\" \/>\n<meta property=\"og:locale\" content=\"pt_BR\" \/>\n<meta property=\"og:type\" content=\"article\" \/>\n<meta property=\"og:title\" content=\"Novo ensino m\u00e9dio coloca forma\u00e7\u00e3o t\u00e9cnica e profissional para dentro do curr\u00edculo regular - Jornal Fatos e Not\u00edcias\" \/>\n<meta property=\"og:description\" content=\"O novo ensino m\u00e9dio apresenta grandes desafios para sua implementa\u00e7\u00e3o. O marco legal e normativo (Lei n\u00ba 13.415\/2017, Resolu\u00e7\u00e3o CNE\/CEB n\u00ba 03\/2018 e Resolu\u00e7\u00e3o CNE\/CP n\u00ba 04\/2018) deixa diversas possibilidades de constru\u00e7\u00e3o dos curr\u00edculos e de organiza\u00e7\u00e3o da oferta, a fim de atender \u00e0s expectativas das diversas juventudes que comp\u00f5em o universo de estudantes do [&hellip;]\" \/>\n<meta property=\"og:url\" content=\"https:\/\/jornalfatosenoticias.com.br\/index.php\/2021\/11\/08\/novo-ensino-medio-coloca-formacao-tecnica-e-profissional-para-dentro-do-curriculo-regular\/\" \/>\n<meta property=\"og:site_name\" content=\"Jornal Fatos e Not\u00edcias\" \/>\n<meta property=\"article:published_time\" content=\"2021-11-08T20:23:13+00:00\" \/>\n<meta property=\"article:modified_time\" content=\"2021-11-08T20:23:16+00:00\" \/>\n<meta property=\"og:image\" content=\"https:\/\/jornalfatosenoticias.com.br\/wp-content\/uploads\/2021\/11\/novo-ensino-medio-mudancas.jpg\" \/>\n\t<meta property=\"og:image:width\" content=\"1000\" \/>\n\t<meta property=\"og:image:height\" content=\"666\" \/>\n\t<meta property=\"og:image:type\" content=\"image\/jpeg\" \/>\n<meta name=\"author\" content=\"Luzimara Fernandes\" \/>\n<meta name=\"twitter:card\" content=\"summary_large_image\" \/>\n<meta name=\"twitter:label1\" content=\"Escrito por\" \/>\n\t<meta name=\"twitter:data1\" content=\"Luzimara Fernandes\" \/>\n\t<meta name=\"twitter:label2\" content=\"Est. tempo de leitura\" \/>\n\t<meta name=\"twitter:data2\" content=\"6 minutos\" \/>\n<script type=\"application\/ld+json\" class=\"yoast-schema-graph\">{\"@context\":\"https:\/\/schema.org\",\"@graph\":[{\"@type\":\"Article\",\"@id\":\"https:\/\/jornalfatosenoticias.com.br\/index.php\/2021\/11\/08\/novo-ensino-medio-coloca-formacao-tecnica-e-profissional-para-dentro-do-curriculo-regular\/#article\",\"isPartOf\":{\"@id\":\"https:\/\/jornalfatosenoticias.com.br\/index.php\/2021\/11\/08\/novo-ensino-medio-coloca-formacao-tecnica-e-profissional-para-dentro-do-curriculo-regular\/\"},\"author\":{\"name\":\"Luzimara Fernandes\",\"@id\":\"https:\/\/jornalfatosenoticias.com.br\/#\/schema\/person\/d63837fa13ac8666eb9e74e0985d6f81\"},\"headline\":\"Novo ensino m\u00e9dio coloca forma\u00e7\u00e3o t\u00e9cnica e profissional para dentro do curr\u00edculo regular\",\"datePublished\":\"2021-11-08T20:23:13+00:00\",\"dateModified\":\"2021-11-08T20:23:16+00:00\",\"mainEntityOfPage\":{\"@id\":\"https:\/\/jornalfatosenoticias.com.br\/index.php\/2021\/11\/08\/novo-ensino-medio-coloca-formacao-tecnica-e-profissional-para-dentro-do-curriculo-regular\/\"},\"wordCount\":1194,\"commentCount\":0,\"publisher\":{\"@id\":\"https:\/\/jornalfatosenoticias.com.br\/#organization\"},\"image\":{\"@id\":\"https:\/\/jornalfatosenoticias.com.br\/index.php\/2021\/11\/08\/novo-ensino-medio-coloca-formacao-tecnica-e-profissional-para-dentro-do-curriculo-regular\/#primaryimage\"},\"thumbnailUrl\":\"https:\/\/jornalfatosenoticias.com.br\/wp-content\/uploads\/2021\/11\/novo-ensino-medio-mudancas.jpg\",\"keywords\":[\"curr\u00edculo regular\",\"estudante do ensino m\u00e9dio\",\"forma\u00e7\u00e3o profissional\",\"forma\u00e7\u00e3o t\u00e9cnica\",\"novo ensino m\u00e9dio\"],\"articleSection\":[\"Educa\u00e7\u00e3o\"],\"inLanguage\":\"pt-BR\",\"potentialAction\":[{\"@type\":\"CommentAction\",\"name\":\"Comment\",\"target\":[\"https:\/\/jornalfatosenoticias.com.br\/index.php\/2021\/11\/08\/novo-ensino-medio-coloca-formacao-tecnica-e-profissional-para-dentro-do-curriculo-regular\/#respond\"]}]},{\"@type\":\"WebPage\",\"@id\":\"https:\/\/jornalfatosenoticias.com.br\/index.php\/2021\/11\/08\/novo-ensino-medio-coloca-formacao-tecnica-e-profissional-para-dentro-do-curriculo-regular\/\",\"url\":\"https:\/\/jornalfatosenoticias.com.br\/index.php\/2021\/11\/08\/novo-ensino-medio-coloca-formacao-tecnica-e-profissional-para-dentro-do-curriculo-regular\/\",\"name\":\"Novo ensino m\u00e9dio coloca forma\u00e7\u00e3o t\u00e9cnica e profissional para dentro do curr\u00edculo regular - Jornal Fatos e Not\u00edcias\",\"isPartOf\":{\"@id\":\"https:\/\/jornalfatosenoticias.com.br\/#website\"},\"primaryImageOfPage\":{\"@id\":\"https:\/\/jornalfatosenoticias.com.br\/index.php\/2021\/11\/08\/novo-ensino-medio-coloca-formacao-tecnica-e-profissional-para-dentro-do-curriculo-regular\/#primaryimage\"},\"image\":{\"@id\":\"https:\/\/jornalfatosenoticias.com.br\/index.php\/2021\/11\/08\/novo-ensino-medio-coloca-formacao-tecnica-e-profissional-para-dentro-do-curriculo-regular\/#primaryimage\"},\"thumbnailUrl\":\"https:\/\/jornalfatosenoticias.com.br\/wp-content\/uploads\/2021\/11\/novo-ensino-medio-mudancas.jpg\",\"datePublished\":\"2021-11-08T20:23:13+00:00\",\"dateModified\":\"2021-11-08T20:23:16+00:00\",\"breadcrumb\":{\"@id\":\"https:\/\/jornalfatosenoticias.com.br\/index.php\/2021\/11\/08\/novo-ensino-medio-coloca-formacao-tecnica-e-profissional-para-dentro-do-curriculo-regular\/#breadcrumb\"},\"inLanguage\":\"pt-BR\",\"potentialAction\":[{\"@type\":\"ReadAction\",\"target\":[\"https:\/\/jornalfatosenoticias.com.br\/index.php\/2021\/11\/08\/novo-ensino-medio-coloca-formacao-tecnica-e-profissional-para-dentro-do-curriculo-regular\/\"]}]},{\"@type\":\"ImageObject\",\"inLanguage\":\"pt-BR\",\"@id\":\"https:\/\/jornalfatosenoticias.com.br\/index.php\/2021\/11\/08\/novo-ensino-medio-coloca-formacao-tecnica-e-profissional-para-dentro-do-curriculo-regular\/#primaryimage\",\"url\":\"https:\/\/jornalfatosenoticias.com.br\/wp-content\/uploads\/2021\/11\/novo-ensino-medio-mudancas.jpg\",\"contentUrl\":\"https:\/\/jornalfatosenoticias.com.br\/wp-content\/uploads\/2021\/11\/novo-ensino-medio-mudancas.jpg\",\"width\":1000,\"height\":666},{\"@type\":\"BreadcrumbList\",\"@id\":\"https:\/\/jornalfatosenoticias.com.br\/index.php\/2021\/11\/08\/novo-ensino-medio-coloca-formacao-tecnica-e-profissional-para-dentro-do-curriculo-regular\/#breadcrumb\",\"itemListElement\":[{\"@type\":\"ListItem\",\"position\":1,\"name\":\"In\u00edcio\",\"item\":\"https:\/\/jornalfatosenoticias.com.br\/\"},{\"@type\":\"ListItem\",\"position\":2,\"name\":\"Novo ensino m\u00e9dio coloca forma\u00e7\u00e3o t\u00e9cnica e profissional para dentro do curr\u00edculo regular\"}]},{\"@type\":\"WebSite\",\"@id\":\"https:\/\/jornalfatosenoticias.com.br\/#website\",\"url\":\"https:\/\/jornalfatosenoticias.com.br\/\",\"name\":\"Jornal Fatos e Not\u00edcias\",\"description\":\"Not\u00edcias em geral\",\"publisher\":{\"@id\":\"https:\/\/jornalfatosenoticias.com.br\/#organization\"},\"potentialAction\":[{\"@type\":\"SearchAction\",\"target\":{\"@type\":\"EntryPoint\",\"urlTemplate\":\"https:\/\/jornalfatosenoticias.com.br\/?s={search_term_string}\"},\"query-input\":{\"@type\":\"PropertyValueSpecification\",\"valueRequired\":true,\"valueName\":\"search_term_string\"}}],\"inLanguage\":\"pt-BR\"},{\"@type\":\"Organization\",\"@id\":\"https:\/\/jornalfatosenoticias.com.br\/#organization\",\"name\":\"Jornal Fatos e Not\u00edcias\",\"url\":\"https:\/\/jornalfatosenoticias.com.br\/\",\"logo\":{\"@type\":\"ImageObject\",\"inLanguage\":\"pt-BR\",\"@id\":\"https:\/\/jornalfatosenoticias.com.br\/#\/schema\/logo\/image\/\",\"url\":\"https:\/\/jornalfatosenoticias.com.br\/wp-content\/uploads\/2020\/02\/logo120.png\",\"contentUrl\":\"https:\/\/jornalfatosenoticias.com.br\/wp-content\/uploads\/2020\/02\/logo120.png\",\"width\":1227,\"height\":120,\"caption\":\"Jornal Fatos e Not\u00edcias\"},\"image\":{\"@id\":\"https:\/\/jornalfatosenoticias.com.br\/#\/schema\/logo\/image\/\"}},{\"@type\":\"Person\",\"@id\":\"https:\/\/jornalfatosenoticias.com.br\/#\/schema\/person\/d63837fa13ac8666eb9e74e0985d6f81\",\"name\":\"Luzimara Fernandes\",\"image\":{\"@type\":\"ImageObject\",\"inLanguage\":\"pt-BR\",\"@id\":\"https:\/\/jornalfatosenoticias.com.br\/#\/schema\/person\/image\/\",\"url\":\"https:\/\/jornalfatosenoticias.com.br\/wp-content\/uploads\/2025\/05\/EU_portal.jpg\",\"contentUrl\":\"https:\/\/jornalfatosenoticias.com.br\/wp-content\/uploads\/2025\/05\/EU_portal.jpg\",\"caption\":\"Luzimara Fernandes\"},\"description\":\"Jornalista MTB 2358-ES\",\"sameAs\":[\"https:\/\/jornalfatosenoticias.com.br\"],\"url\":\"https:\/\/jornalfatosenoticias.com.br\/index.php\/author\/luzimara\/\"}]}<\/script>\n<!-- \/ Yoast SEO plugin. -->","yoast_head_json":{"title":"Novo ensino m\u00e9dio coloca forma\u00e7\u00e3o t\u00e9cnica e profissional para dentro do curr\u00edculo regular - Jornal Fatos e Not\u00edcias","robots":{"index":"index","follow":"follow","max-snippet":"max-snippet:-1","max-image-preview":"max-image-preview:large","max-video-preview":"max-video-preview:-1"},"canonical":"https:\/\/jornalfatosenoticias.com.br\/index.php\/2021\/11\/08\/novo-ensino-medio-coloca-formacao-tecnica-e-profissional-para-dentro-do-curriculo-regular\/","og_locale":"pt_BR","og_type":"article","og_title":"Novo ensino m\u00e9dio coloca forma\u00e7\u00e3o t\u00e9cnica e profissional para dentro do curr\u00edculo regular - Jornal Fatos e Not\u00edcias","og_description":"O novo ensino m\u00e9dio apresenta grandes desafios para sua implementa\u00e7\u00e3o. O marco legal e normativo (Lei n\u00ba 13.415\/2017, Resolu\u00e7\u00e3o CNE\/CEB n\u00ba 03\/2018 e Resolu\u00e7\u00e3o CNE\/CP n\u00ba 04\/2018) deixa diversas possibilidades de constru\u00e7\u00e3o dos curr\u00edculos e de organiza\u00e7\u00e3o da oferta, a fim de atender \u00e0s expectativas das diversas juventudes que comp\u00f5em o universo de estudantes do [&hellip;]","og_url":"https:\/\/jornalfatosenoticias.com.br\/index.php\/2021\/11\/08\/novo-ensino-medio-coloca-formacao-tecnica-e-profissional-para-dentro-do-curriculo-regular\/","og_site_name":"Jornal Fatos e Not\u00edcias","article_published_time":"2021-11-08T20:23:13+00:00","article_modified_time":"2021-11-08T20:23:16+00:00","og_image":[{"width":1000,"height":666,"url":"https:\/\/jornalfatosenoticias.com.br\/wp-content\/uploads\/2021\/11\/novo-ensino-medio-mudancas.jpg","type":"image\/jpeg"}],"author":"Luzimara Fernandes","twitter_card":"summary_large_image","twitter_misc":{"Escrito por":"Luzimara Fernandes","Est. tempo de leitura":"6 minutos"},"schema":{"@context":"https:\/\/schema.org","@graph":[{"@type":"Article","@id":"https:\/\/jornalfatosenoticias.com.br\/index.php\/2021\/11\/08\/novo-ensino-medio-coloca-formacao-tecnica-e-profissional-para-dentro-do-curriculo-regular\/#article","isPartOf":{"@id":"https:\/\/jornalfatosenoticias.com.br\/index.php\/2021\/11\/08\/novo-ensino-medio-coloca-formacao-tecnica-e-profissional-para-dentro-do-curriculo-regular\/"},"author":{"name":"Luzimara Fernandes","@id":"https:\/\/jornalfatosenoticias.com.br\/#\/schema\/person\/d63837fa13ac8666eb9e74e0985d6f81"},"headline":"Novo ensino m\u00e9dio coloca forma\u00e7\u00e3o t\u00e9cnica e profissional para dentro do curr\u00edculo regular","datePublished":"2021-11-08T20:23:13+00:00","dateModified":"2021-11-08T20:23:16+00:00","mainEntityOfPage":{"@id":"https:\/\/jornalfatosenoticias.com.br\/index.php\/2021\/11\/08\/novo-ensino-medio-coloca-formacao-tecnica-e-profissional-para-dentro-do-curriculo-regular\/"},"wordCount":1194,"commentCount":0,"publisher":{"@id":"https:\/\/jornalfatosenoticias.com.br\/#organization"},"image":{"@id":"https:\/\/jornalfatosenoticias.com.br\/index.php\/2021\/11\/08\/novo-ensino-medio-coloca-formacao-tecnica-e-profissional-para-dentro-do-curriculo-regular\/#primaryimage"},"thumbnailUrl":"https:\/\/jornalfatosenoticias.com.br\/wp-content\/uploads\/2021\/11\/novo-ensino-medio-mudancas.jpg","keywords":["curr\u00edculo regular","estudante do ensino m\u00e9dio","forma\u00e7\u00e3o profissional","forma\u00e7\u00e3o t\u00e9cnica","novo ensino m\u00e9dio"],"articleSection":["Educa\u00e7\u00e3o"],"inLanguage":"pt-BR","potentialAction":[{"@type":"CommentAction","name":"Comment","target":["https:\/\/jornalfatosenoticias.com.br\/index.php\/2021\/11\/08\/novo-ensino-medio-coloca-formacao-tecnica-e-profissional-para-dentro-do-curriculo-regular\/#respond"]}]},{"@type":"WebPage","@id":"https:\/\/jornalfatosenoticias.com.br\/index.php\/2021\/11\/08\/novo-ensino-medio-coloca-formacao-tecnica-e-profissional-para-dentro-do-curriculo-regular\/","url":"https:\/\/jornalfatosenoticias.com.br\/index.php\/2021\/11\/08\/novo-ensino-medio-coloca-formacao-tecnica-e-profissional-para-dentro-do-curriculo-regular\/","name":"Novo ensino m\u00e9dio coloca forma\u00e7\u00e3o t\u00e9cnica e profissional para dentro do curr\u00edculo regular - Jornal Fatos e Not\u00edcias","isPartOf":{"@id":"https:\/\/jornalfatosenoticias.com.br\/#website"},"primaryImageOfPage":{"@id":"https:\/\/jornalfatosenoticias.com.br\/index.php\/2021\/11\/08\/novo-ensino-medio-coloca-formacao-tecnica-e-profissional-para-dentro-do-curriculo-regular\/#primaryimage"},"image":{"@id":"https:\/\/jornalfatosenoticias.com.br\/index.php\/2021\/11\/08\/novo-ensino-medio-coloca-formacao-tecnica-e-profissional-para-dentro-do-curriculo-regular\/#primaryimage"},"thumbnailUrl":"https:\/\/jornalfatosenoticias.com.br\/wp-content\/uploads\/2021\/11\/novo-ensino-medio-mudancas.jpg","datePublished":"2021-11-08T20:23:13+00:00","dateModified":"2021-11-08T20:23:16+00:00","breadcrumb":{"@id":"https:\/\/jornalfatosenoticias.com.br\/index.php\/2021\/11\/08\/novo-ensino-medio-coloca-formacao-tecnica-e-profissional-para-dentro-do-curriculo-regular\/#breadcrumb"},"inLanguage":"pt-BR","potentialAction":[{"@type":"ReadAction","target":["https:\/\/jornalfatosenoticias.com.br\/index.php\/2021\/11\/08\/novo-ensino-medio-coloca-formacao-tecnica-e-profissional-para-dentro-do-curriculo-regular\/"]}]},{"@type":"ImageObject","inLanguage":"pt-BR","@id":"https:\/\/jornalfatosenoticias.com.br\/index.php\/2021\/11\/08\/novo-ensino-medio-coloca-formacao-tecnica-e-profissional-para-dentro-do-curriculo-regular\/#primaryimage","url":"https:\/\/jornalfatosenoticias.com.br\/wp-content\/uploads\/2021\/11\/novo-ensino-medio-mudancas.jpg","contentUrl":"https:\/\/jornalfatosenoticias.com.br\/wp-content\/uploads\/2021\/11\/novo-ensino-medio-mudancas.jpg","width":1000,"height":666},{"@type":"BreadcrumbList","@id":"https:\/\/jornalfatosenoticias.com.br\/index.php\/2021\/11\/08\/novo-ensino-medio-coloca-formacao-tecnica-e-profissional-para-dentro-do-curriculo-regular\/#breadcrumb","itemListElement":[{"@type":"ListItem","position":1,"name":"In\u00edcio","item":"https:\/\/jornalfatosenoticias.com.br\/"},{"@type":"ListItem","position":2,"name":"Novo ensino m\u00e9dio coloca forma\u00e7\u00e3o t\u00e9cnica e profissional para dentro do curr\u00edculo regular"}]},{"@type":"WebSite","@id":"https:\/\/jornalfatosenoticias.com.br\/#website","url":"https:\/\/jornalfatosenoticias.com.br\/","name":"Jornal Fatos e Not\u00edcias","description":"Not\u00edcias em geral","publisher":{"@id":"https:\/\/jornalfatosenoticias.com.br\/#organization"},"potentialAction":[{"@type":"SearchAction","target":{"@type":"EntryPoint","urlTemplate":"https:\/\/jornalfatosenoticias.com.br\/?s={search_term_string}"},"query-input":{"@type":"PropertyValueSpecification","valueRequired":true,"valueName":"search_term_string"}}],"inLanguage":"pt-BR"},{"@type":"Organization","@id":"https:\/\/jornalfatosenoticias.com.br\/#organization","name":"Jornal Fatos e Not\u00edcias","url":"https:\/\/jornalfatosenoticias.com.br\/","logo":{"@type":"ImageObject","inLanguage":"pt-BR","@id":"https:\/\/jornalfatosenoticias.com.br\/#\/schema\/logo\/image\/","url":"https:\/\/jornalfatosenoticias.com.br\/wp-content\/uploads\/2020\/02\/logo120.png","contentUrl":"https:\/\/jornalfatosenoticias.com.br\/wp-content\/uploads\/2020\/02\/logo120.png","width":1227,"height":120,"caption":"Jornal Fatos e Not\u00edcias"},"image":{"@id":"https:\/\/jornalfatosenoticias.com.br\/#\/schema\/logo\/image\/"}},{"@type":"Person","@id":"https:\/\/jornalfatosenoticias.com.br\/#\/schema\/person\/d63837fa13ac8666eb9e74e0985d6f81","name":"Luzimara Fernandes","image":{"@type":"ImageObject","inLanguage":"pt-BR","@id":"https:\/\/jornalfatosenoticias.com.br\/#\/schema\/person\/image\/","url":"https:\/\/jornalfatosenoticias.com.br\/wp-content\/uploads\/2025\/05\/EU_portal.jpg","contentUrl":"https:\/\/jornalfatosenoticias.com.br\/wp-content\/uploads\/2025\/05\/EU_portal.jpg","caption":"Luzimara Fernandes"},"description":"Jornalista MTB 2358-ES","sameAs":["https:\/\/jornalfatosenoticias.com.br"],"url":"https:\/\/jornalfatosenoticias.com.br\/index.php\/author\/luzimara\/"}]}},"cc_featured_image_caption":{"caption_text":"","source_text":"","source_url":""},"jetpack_featured_media_url":"https:\/\/jornalfatosenoticias.com.br\/wp-content\/uploads\/2021\/11\/novo-ensino-medio-mudancas.jpg","_links":{"self":[{"href":"https:\/\/jornalfatosenoticias.com.br\/index.php\/wp-json\/wp\/v2\/posts\/24647","targetHints":{"allow":["GET"]}}],"collection":[{"href":"https:\/\/jornalfatosenoticias.com.br\/index.php\/wp-json\/wp\/v2\/posts"}],"about":[{"href":"https:\/\/jornalfatosenoticias.com.br\/index.php\/wp-json\/wp\/v2\/types\/post"}],"author":[{"embeddable":true,"href":"https:\/\/jornalfatosenoticias.com.br\/index.php\/wp-json\/wp\/v2\/users\/2"}],"replies":[{"embeddable":true,"href":"https:\/\/jornalfatosenoticias.com.br\/index.php\/wp-json\/wp\/v2\/comments?post=24647"}],"version-history":[{"count":0,"href":"https:\/\/jornalfatosenoticias.com.br\/index.php\/wp-json\/wp\/v2\/posts\/24647\/revisions"}],"wp:featuredmedia":[{"embeddable":true,"href":"https:\/\/jornalfatosenoticias.com.br\/index.php\/wp-json\/wp\/v2\/media\/24648"}],"wp:attachment":[{"href":"https:\/\/jornalfatosenoticias.com.br\/index.php\/wp-json\/wp\/v2\/media?parent=24647"}],"wp:term":[{"taxonomy":"category","embeddable":true,"href":"https:\/\/jornalfatosenoticias.com.br\/index.php\/wp-json\/wp\/v2\/categories?post=24647"},{"taxonomy":"post_tag","embeddable":true,"href":"https:\/\/jornalfatosenoticias.com.br\/index.php\/wp-json\/wp\/v2\/tags?post=24647"}],"curies":[{"name":"wp","href":"https:\/\/api.w.org\/{rel}","templated":true}]}}