{"id":24679,"date":"2021-11-08T18:04:30","date_gmt":"2021-11-08T21:04:30","guid":{"rendered":"https:\/\/jornalfatosenoticias.com.br\/?p=24679"},"modified":"2021-11-08T18:04:32","modified_gmt":"2021-11-08T21:04:32","slug":"primeira-vacina-contra-o-cancer-de-mama-sera-testada-em-humanos-nos-eua","status":"publish","type":"post","link":"https:\/\/jornalfatosenoticias.com.br\/index.php\/2021\/11\/08\/primeira-vacina-contra-o-cancer-de-mama-sera-testada-em-humanos-nos-eua\/","title":{"rendered":"Primeira vacina contra o c\u00e2ncer de mama ser\u00e1 testada em humanos nos EUA"},"content":{"rendered":"\n<p><em><span class=\"has-inline-color has-black-color\">Vacina desenvolvida pela Cl\u00ednica de Cleveland \u00e9 &#8220;a primeira de seu tipo&#8221; e tem como objetivo prevenir o c\u00e2ncer<\/span><\/em><\/p>\n\n\n\n<p>Uma vacina contra o c\u00e2ncer de mama est\u00e1 se tornando realidade. Recentemente, a Cl\u00ednica Cleveland anunciou que est\u00e1 lan\u00e7ando um primeiro teste em <a href=\"https:\/\/olhardigital.com.br\/tag\/humanos\/\" target=\"_blank\" rel=\"noreferrer noopener\">humanos<\/a>\u00a0da vacina projetada para prevenir o c\u00e2ncer de mama triplo-negativo, que atualmente n\u00e3o responde a terapias hormonais ou\u00a0<a href=\"https:\/\/olhardigital.com.br\/tag\/medicamentos\/\" target=\"_blank\" rel=\"noreferrer noopener\">medicamentos<\/a> direcionados, ou seja, s\u00f3 pode ser prevenido com mastectomia.<br>At\u00e9 este momento, o desenvolvimento de vacinas contra o c\u00e2ncer de mama \u00e9 limitado ao <a href=\"https:\/\/www.nature.com\/articles\/nm.2161\" target=\"_blank\" rel=\"noreferrer noopener\">trabalho de laborat\u00f3rio e pesquisa em animais<\/a>.\u00a0Portanto, o teste em humanos pode come\u00e7ar agora que a\u00a0<a href=\"https:\/\/olhardigital.com.br\/tag\/fda\/\" target=\"_blank\" rel=\"noreferrer noopener\">Food and Drug Administration<\/a> dos EUA aprovou um novo pedido de medicamento experimental.<br>Por mais que o ensaio s\u00f3 inclua mulheres sobreviventes de c\u00e2ncer de mama triplo-negativo em est\u00e1gio inicial, os pesquisadores esperam levar a vacina para pessoas saud\u00e1veis com alto risco para a doen\u00e7a. \u201cEm longo prazo, esperamos que esta possa ser uma verdadeira vacina preventiva a ser administrada a mulheres saud\u00e1veis para evitar que desenvolvam c\u00e2ncer de mama triplo-negativo, a forma de c\u00e2ncer de mama para a qual temos os tratamentos menos eficazes\u201d, explicou o Dr. Thomas Budd, <a href=\"https:\/\/newsroom.clevelandclinic.org\/2021\/10\/26\/cleveland-clinic-launches-first-of-its-kind-preventive-breast-cancer-vaccine-study\/\" target=\"_blank\" rel=\"noreferrer noopener\">em um comunicado para a imprensa<\/a>.<\/p>\n\n\n\n<figure class=\"wp-block-image size-large is-style-default\"><img loading=\"lazy\" decoding=\"async\" width=\"1000\" height=\"450\" src=\"https:\/\/jornalfatosenoticias.com.br\/wp-content\/uploads\/2021\/11\/Cancer-de-mama-vacina2.jpg\" alt=\"\" class=\"wp-image-24680\" srcset=\"https:\/\/jornalfatosenoticias.com.br\/wp-content\/uploads\/2021\/11\/Cancer-de-mama-vacina2.jpg 1000w, https:\/\/jornalfatosenoticias.com.br\/wp-content\/uploads\/2021\/11\/Cancer-de-mama-vacina2-300x135.jpg 300w, https:\/\/jornalfatosenoticias.com.br\/wp-content\/uploads\/2021\/11\/Cancer-de-mama-vacina2-768x346.jpg 768w\" sizes=\"auto, (max-width: 1000px) 100vw, 1000px\" \/><figcaption><em><span class=\"has-inline-color has-black-color\">(Foto: Shutterstock)<\/span><\/em><\/figcaption><\/figure>\n\n\n\n<p>Infelizmente, o c\u00e2ncer de mama triplo-negativo \u00e9 respons\u00e1vel por cerca de 12% a 15% de todos os c\u00e2nceres de mama e mata quase um quarto das pacientes em cinco anos ap\u00f3s o <a href=\"https:\/\/olhardigital.com.br\/tag\/diagnostico\/\" target=\"_blank\" rel=\"noreferrer noopener\">diagn\u00f3stico.<\/a> A presen\u00e7a da prote\u00edna chamada \u03b1-lactalbumina, geralmente acompanha a doen\u00e7a e a vacina ter\u00e1 como alvo justamente essa prote\u00edna, fazendo com que o sistema imunol\u00f3gico evite tumores de mama emergentes. Com isso, a inje\u00e7\u00e3o ter\u00e1 uma droga que alerta o sistema imunol\u00f3gico para <em>a-lactabalbumina<\/em>, de modo que ela possa interromper o crescimento do tumor.<br>Para isso, a an\u00e1lise incluir\u00e1 de 18 a 24 pacientes sem tumor ap\u00f3s tratamento para c\u00e2ncer de mama triplo-negativo em est\u00e1gio inicial nos \u00faltimos tr\u00eas anos. Elas receber\u00e3o tr\u00eas inje\u00e7\u00f5es, cada uma com intervalo de duas semanas. Os pesquisadores come\u00e7ar\u00e3o com doses baixas em apenas algumas <a href=\"https:\/\/olhardigital.com.br\/tag\/pacientes\/\" target=\"_blank\" rel=\"noreferrer noopener\">pacientes<\/a> e as monitorar\u00e3o antes de aumentar a dose. O estudo est\u00e1 estimado para ser conclu\u00eddo em setembro de 2022 e \u00e9 financiado pelo Departamento de Defesa dos Estados Unidos. \u201cEsta estrat\u00e9gia de vacina tem potencial para ser aplicada a outros tipos de tumor\u201d, concluiu Budd.<\/p>\n\n\n\n<p><strong><em>Fonte: <a href=\"https:\/\/olhardigital.com.br\/2021\/10\/28\/medicina-e-saude\/primeira-vacina-contra-o-cancer-de-mama-sera-testada-em-humanos-nos-eua\/\">Olhar Digital<\/a><\/em><\/strong><\/p>\n","protected":false},"excerpt":{"rendered":"<p>Vacina desenvolvida pela Cl\u00ednica de Cleveland \u00e9 &#8220;a primeira de seu tipo&#8221; e tem como objetivo prevenir o c\u00e2ncer Uma vacina contra o c\u00e2ncer de mama est\u00e1 se tornando realidade. Recentemente, a Cl\u00ednica Cleveland anunciou que est\u00e1 lan\u00e7ando um primeiro teste em humanos\u00a0da vacina projetada para prevenir o c\u00e2ncer de mama triplo-negativo, que atualmente n\u00e3o [&hellip;]<\/p>\n","protected":false},"author":2,"featured_media":24681,"comment_status":"open","ping_status":"open","sticky":false,"template":"","format":"standard","meta":{"footnotes":""},"categories":[11],"tags":[642,3383,563],"class_list":["post-24679","post","type-post","status-publish","format-standard","has-post-thumbnail","hentry","category-saude","tag-cancer","tag-cancer-de-mama","tag-vacina"],"yoast_head":"<!-- This site is optimized with the Yoast SEO plugin v26.5 - https:\/\/yoast.com\/wordpress\/plugins\/seo\/ -->\n<title>Primeira vacina contra o c\u00e2ncer de mama ser\u00e1 testada em humanos nos EUA - Jornal Fatos e Not\u00edcias<\/title>\n<meta name=\"robots\" content=\"index, follow, max-snippet:-1, max-image-preview:large, max-video-preview:-1\" \/>\n<link rel=\"canonical\" href=\"https:\/\/jornalfatosenoticias.com.br\/index.php\/2021\/11\/08\/primeira-vacina-contra-o-cancer-de-mama-sera-testada-em-humanos-nos-eua\/\" \/>\n<meta property=\"og:locale\" content=\"pt_BR\" \/>\n<meta property=\"og:type\" content=\"article\" \/>\n<meta property=\"og:title\" content=\"Primeira vacina contra o c\u00e2ncer de mama ser\u00e1 testada em humanos nos EUA - Jornal Fatos e Not\u00edcias\" \/>\n<meta property=\"og:description\" content=\"Vacina desenvolvida pela Cl\u00ednica de Cleveland \u00e9 &#8220;a primeira de seu tipo&#8221; e tem como objetivo prevenir o c\u00e2ncer Uma vacina contra o c\u00e2ncer de mama est\u00e1 se tornando realidade. Recentemente, a Cl\u00ednica Cleveland anunciou que est\u00e1 lan\u00e7ando um primeiro teste em humanos\u00a0da vacina projetada para prevenir o c\u00e2ncer de mama triplo-negativo, que atualmente n\u00e3o [&hellip;]\" \/>\n<meta property=\"og:url\" content=\"https:\/\/jornalfatosenoticias.com.br\/index.php\/2021\/11\/08\/primeira-vacina-contra-o-cancer-de-mama-sera-testada-em-humanos-nos-eua\/\" \/>\n<meta property=\"og:site_name\" content=\"Jornal Fatos e Not\u00edcias\" \/>\n<meta property=\"article:published_time\" content=\"2021-11-08T21:04:30+00:00\" \/>\n<meta property=\"article:modified_time\" content=\"2021-11-08T21:04:32+00:00\" \/>\n<meta property=\"og:image\" content=\"https:\/\/jornalfatosenoticias.com.br\/wp-content\/uploads\/2021\/11\/Cancer-de-mama-vacina1.jpg\" \/>\n\t<meta property=\"og:image:width\" content=\"1000\" \/>\n\t<meta property=\"og:image:height\" content=\"562\" \/>\n\t<meta property=\"og:image:type\" content=\"image\/jpeg\" \/>\n<meta name=\"author\" content=\"Luzimara Fernandes\" \/>\n<meta name=\"twitter:card\" content=\"summary_large_image\" \/>\n<meta name=\"twitter:label1\" content=\"Escrito por\" \/>\n\t<meta name=\"twitter:data1\" content=\"Luzimara Fernandes\" \/>\n\t<meta name=\"twitter:label2\" content=\"Est. tempo de leitura\" \/>\n\t<meta name=\"twitter:data2\" content=\"2 minutos\" \/>\n<script type=\"application\/ld+json\" class=\"yoast-schema-graph\">{\"@context\":\"https:\/\/schema.org\",\"@graph\":[{\"@type\":\"Article\",\"@id\":\"https:\/\/jornalfatosenoticias.com.br\/index.php\/2021\/11\/08\/primeira-vacina-contra-o-cancer-de-mama-sera-testada-em-humanos-nos-eua\/#article\",\"isPartOf\":{\"@id\":\"https:\/\/jornalfatosenoticias.com.br\/index.php\/2021\/11\/08\/primeira-vacina-contra-o-cancer-de-mama-sera-testada-em-humanos-nos-eua\/\"},\"author\":{\"name\":\"Luzimara Fernandes\",\"@id\":\"https:\/\/jornalfatosenoticias.com.br\/#\/schema\/person\/d63837fa13ac8666eb9e74e0985d6f81\"},\"headline\":\"Primeira vacina contra o c\u00e2ncer de mama ser\u00e1 testada em humanos nos EUA\",\"datePublished\":\"2021-11-08T21:04:30+00:00\",\"dateModified\":\"2021-11-08T21:04:32+00:00\",\"mainEntityOfPage\":{\"@id\":\"https:\/\/jornalfatosenoticias.com.br\/index.php\/2021\/11\/08\/primeira-vacina-contra-o-cancer-de-mama-sera-testada-em-humanos-nos-eua\/\"},\"wordCount\":430,\"commentCount\":0,\"publisher\":{\"@id\":\"https:\/\/jornalfatosenoticias.com.br\/#organization\"},\"image\":{\"@id\":\"https:\/\/jornalfatosenoticias.com.br\/index.php\/2021\/11\/08\/primeira-vacina-contra-o-cancer-de-mama-sera-testada-em-humanos-nos-eua\/#primaryimage\"},\"thumbnailUrl\":\"https:\/\/jornalfatosenoticias.com.br\/wp-content\/uploads\/2021\/11\/Cancer-de-mama-vacina1.jpg\",\"keywords\":[\"c\u00e2ncer\",\"c\u00e2ncer de mama\",\"vacina\"],\"articleSection\":[\"Sa\u00fade\"],\"inLanguage\":\"pt-BR\",\"potentialAction\":[{\"@type\":\"CommentAction\",\"name\":\"Comment\",\"target\":[\"https:\/\/jornalfatosenoticias.com.br\/index.php\/2021\/11\/08\/primeira-vacina-contra-o-cancer-de-mama-sera-testada-em-humanos-nos-eua\/#respond\"]}]},{\"@type\":\"WebPage\",\"@id\":\"https:\/\/jornalfatosenoticias.com.br\/index.php\/2021\/11\/08\/primeira-vacina-contra-o-cancer-de-mama-sera-testada-em-humanos-nos-eua\/\",\"url\":\"https:\/\/jornalfatosenoticias.com.br\/index.php\/2021\/11\/08\/primeira-vacina-contra-o-cancer-de-mama-sera-testada-em-humanos-nos-eua\/\",\"name\":\"Primeira vacina contra o c\u00e2ncer de mama ser\u00e1 testada em humanos nos EUA - Jornal Fatos e Not\u00edcias\",\"isPartOf\":{\"@id\":\"https:\/\/jornalfatosenoticias.com.br\/#website\"},\"primaryImageOfPage\":{\"@id\":\"https:\/\/jornalfatosenoticias.com.br\/index.php\/2021\/11\/08\/primeira-vacina-contra-o-cancer-de-mama-sera-testada-em-humanos-nos-eua\/#primaryimage\"},\"image\":{\"@id\":\"https:\/\/jornalfatosenoticias.com.br\/index.php\/2021\/11\/08\/primeira-vacina-contra-o-cancer-de-mama-sera-testada-em-humanos-nos-eua\/#primaryimage\"},\"thumbnailUrl\":\"https:\/\/jornalfatosenoticias.com.br\/wp-content\/uploads\/2021\/11\/Cancer-de-mama-vacina1.jpg\",\"datePublished\":\"2021-11-08T21:04:30+00:00\",\"dateModified\":\"2021-11-08T21:04:32+00:00\",\"breadcrumb\":{\"@id\":\"https:\/\/jornalfatosenoticias.com.br\/index.php\/2021\/11\/08\/primeira-vacina-contra-o-cancer-de-mama-sera-testada-em-humanos-nos-eua\/#breadcrumb\"},\"inLanguage\":\"pt-BR\",\"potentialAction\":[{\"@type\":\"ReadAction\",\"target\":[\"https:\/\/jornalfatosenoticias.com.br\/index.php\/2021\/11\/08\/primeira-vacina-contra-o-cancer-de-mama-sera-testada-em-humanos-nos-eua\/\"]}]},{\"@type\":\"ImageObject\",\"inLanguage\":\"pt-BR\",\"@id\":\"https:\/\/jornalfatosenoticias.com.br\/index.php\/2021\/11\/08\/primeira-vacina-contra-o-cancer-de-mama-sera-testada-em-humanos-nos-eua\/#primaryimage\",\"url\":\"https:\/\/jornalfatosenoticias.com.br\/wp-content\/uploads\/2021\/11\/Cancer-de-mama-vacina1.jpg\",\"contentUrl\":\"https:\/\/jornalfatosenoticias.com.br\/wp-content\/uploads\/2021\/11\/Cancer-de-mama-vacina1.jpg\",\"width\":1000,\"height\":562},{\"@type\":\"BreadcrumbList\",\"@id\":\"https:\/\/jornalfatosenoticias.com.br\/index.php\/2021\/11\/08\/primeira-vacina-contra-o-cancer-de-mama-sera-testada-em-humanos-nos-eua\/#breadcrumb\",\"itemListElement\":[{\"@type\":\"ListItem\",\"position\":1,\"name\":\"In\u00edcio\",\"item\":\"https:\/\/jornalfatosenoticias.com.br\/\"},{\"@type\":\"ListItem\",\"position\":2,\"name\":\"Primeira vacina contra o c\u00e2ncer de mama ser\u00e1 testada em humanos nos EUA\"}]},{\"@type\":\"WebSite\",\"@id\":\"https:\/\/jornalfatosenoticias.com.br\/#website\",\"url\":\"https:\/\/jornalfatosenoticias.com.br\/\",\"name\":\"Jornal Fatos e Not\u00edcias\",\"description\":\"Not\u00edcias em geral\",\"publisher\":{\"@id\":\"https:\/\/jornalfatosenoticias.com.br\/#organization\"},\"potentialAction\":[{\"@type\":\"SearchAction\",\"target\":{\"@type\":\"EntryPoint\",\"urlTemplate\":\"https:\/\/jornalfatosenoticias.com.br\/?s={search_term_string}\"},\"query-input\":{\"@type\":\"PropertyValueSpecification\",\"valueRequired\":true,\"valueName\":\"search_term_string\"}}],\"inLanguage\":\"pt-BR\"},{\"@type\":\"Organization\",\"@id\":\"https:\/\/jornalfatosenoticias.com.br\/#organization\",\"name\":\"Jornal Fatos e Not\u00edcias\",\"url\":\"https:\/\/jornalfatosenoticias.com.br\/\",\"logo\":{\"@type\":\"ImageObject\",\"inLanguage\":\"pt-BR\",\"@id\":\"https:\/\/jornalfatosenoticias.com.br\/#\/schema\/logo\/image\/\",\"url\":\"https:\/\/jornalfatosenoticias.com.br\/wp-content\/uploads\/2020\/02\/logo120.png\",\"contentUrl\":\"https:\/\/jornalfatosenoticias.com.br\/wp-content\/uploads\/2020\/02\/logo120.png\",\"width\":1227,\"height\":120,\"caption\":\"Jornal Fatos e Not\u00edcias\"},\"image\":{\"@id\":\"https:\/\/jornalfatosenoticias.com.br\/#\/schema\/logo\/image\/\"}},{\"@type\":\"Person\",\"@id\":\"https:\/\/jornalfatosenoticias.com.br\/#\/schema\/person\/d63837fa13ac8666eb9e74e0985d6f81\",\"name\":\"Luzimara Fernandes\",\"image\":{\"@type\":\"ImageObject\",\"inLanguage\":\"pt-BR\",\"@id\":\"https:\/\/jornalfatosenoticias.com.br\/#\/schema\/person\/image\/\",\"url\":\"https:\/\/jornalfatosenoticias.com.br\/wp-content\/uploads\/2025\/05\/EU_portal.jpg\",\"contentUrl\":\"https:\/\/jornalfatosenoticias.com.br\/wp-content\/uploads\/2025\/05\/EU_portal.jpg\",\"caption\":\"Luzimara Fernandes\"},\"description\":\"Jornalista MTB 2358-ES\",\"sameAs\":[\"https:\/\/jornalfatosenoticias.com.br\"],\"url\":\"https:\/\/jornalfatosenoticias.com.br\/index.php\/author\/luzimara\/\"}]}<\/script>\n<!-- \/ Yoast SEO plugin. -->","yoast_head_json":{"title":"Primeira vacina contra o c\u00e2ncer de mama ser\u00e1 testada em humanos nos EUA - Jornal Fatos e Not\u00edcias","robots":{"index":"index","follow":"follow","max-snippet":"max-snippet:-1","max-image-preview":"max-image-preview:large","max-video-preview":"max-video-preview:-1"},"canonical":"https:\/\/jornalfatosenoticias.com.br\/index.php\/2021\/11\/08\/primeira-vacina-contra-o-cancer-de-mama-sera-testada-em-humanos-nos-eua\/","og_locale":"pt_BR","og_type":"article","og_title":"Primeira vacina contra o c\u00e2ncer de mama ser\u00e1 testada em humanos nos EUA - Jornal Fatos e Not\u00edcias","og_description":"Vacina desenvolvida pela Cl\u00ednica de Cleveland \u00e9 &#8220;a primeira de seu tipo&#8221; e tem como objetivo prevenir o c\u00e2ncer Uma vacina contra o c\u00e2ncer de mama est\u00e1 se tornando realidade. Recentemente, a Cl\u00ednica Cleveland anunciou que est\u00e1 lan\u00e7ando um primeiro teste em humanos\u00a0da vacina projetada para prevenir o c\u00e2ncer de mama triplo-negativo, que atualmente n\u00e3o [&hellip;]","og_url":"https:\/\/jornalfatosenoticias.com.br\/index.php\/2021\/11\/08\/primeira-vacina-contra-o-cancer-de-mama-sera-testada-em-humanos-nos-eua\/","og_site_name":"Jornal Fatos e Not\u00edcias","article_published_time":"2021-11-08T21:04:30+00:00","article_modified_time":"2021-11-08T21:04:32+00:00","og_image":[{"width":1000,"height":562,"url":"https:\/\/jornalfatosenoticias.com.br\/wp-content\/uploads\/2021\/11\/Cancer-de-mama-vacina1.jpg","type":"image\/jpeg"}],"author":"Luzimara Fernandes","twitter_card":"summary_large_image","twitter_misc":{"Escrito por":"Luzimara Fernandes","Est. tempo de leitura":"2 minutos"},"schema":{"@context":"https:\/\/schema.org","@graph":[{"@type":"Article","@id":"https:\/\/jornalfatosenoticias.com.br\/index.php\/2021\/11\/08\/primeira-vacina-contra-o-cancer-de-mama-sera-testada-em-humanos-nos-eua\/#article","isPartOf":{"@id":"https:\/\/jornalfatosenoticias.com.br\/index.php\/2021\/11\/08\/primeira-vacina-contra-o-cancer-de-mama-sera-testada-em-humanos-nos-eua\/"},"author":{"name":"Luzimara Fernandes","@id":"https:\/\/jornalfatosenoticias.com.br\/#\/schema\/person\/d63837fa13ac8666eb9e74e0985d6f81"},"headline":"Primeira vacina contra o c\u00e2ncer de mama ser\u00e1 testada em humanos nos EUA","datePublished":"2021-11-08T21:04:30+00:00","dateModified":"2021-11-08T21:04:32+00:00","mainEntityOfPage":{"@id":"https:\/\/jornalfatosenoticias.com.br\/index.php\/2021\/11\/08\/primeira-vacina-contra-o-cancer-de-mama-sera-testada-em-humanos-nos-eua\/"},"wordCount":430,"commentCount":0,"publisher":{"@id":"https:\/\/jornalfatosenoticias.com.br\/#organization"},"image":{"@id":"https:\/\/jornalfatosenoticias.com.br\/index.php\/2021\/11\/08\/primeira-vacina-contra-o-cancer-de-mama-sera-testada-em-humanos-nos-eua\/#primaryimage"},"thumbnailUrl":"https:\/\/jornalfatosenoticias.com.br\/wp-content\/uploads\/2021\/11\/Cancer-de-mama-vacina1.jpg","keywords":["c\u00e2ncer","c\u00e2ncer de mama","vacina"],"articleSection":["Sa\u00fade"],"inLanguage":"pt-BR","potentialAction":[{"@type":"CommentAction","name":"Comment","target":["https:\/\/jornalfatosenoticias.com.br\/index.php\/2021\/11\/08\/primeira-vacina-contra-o-cancer-de-mama-sera-testada-em-humanos-nos-eua\/#respond"]}]},{"@type":"WebPage","@id":"https:\/\/jornalfatosenoticias.com.br\/index.php\/2021\/11\/08\/primeira-vacina-contra-o-cancer-de-mama-sera-testada-em-humanos-nos-eua\/","url":"https:\/\/jornalfatosenoticias.com.br\/index.php\/2021\/11\/08\/primeira-vacina-contra-o-cancer-de-mama-sera-testada-em-humanos-nos-eua\/","name":"Primeira vacina contra o c\u00e2ncer de mama ser\u00e1 testada em humanos nos EUA - Jornal Fatos e Not\u00edcias","isPartOf":{"@id":"https:\/\/jornalfatosenoticias.com.br\/#website"},"primaryImageOfPage":{"@id":"https:\/\/jornalfatosenoticias.com.br\/index.php\/2021\/11\/08\/primeira-vacina-contra-o-cancer-de-mama-sera-testada-em-humanos-nos-eua\/#primaryimage"},"image":{"@id":"https:\/\/jornalfatosenoticias.com.br\/index.php\/2021\/11\/08\/primeira-vacina-contra-o-cancer-de-mama-sera-testada-em-humanos-nos-eua\/#primaryimage"},"thumbnailUrl":"https:\/\/jornalfatosenoticias.com.br\/wp-content\/uploads\/2021\/11\/Cancer-de-mama-vacina1.jpg","datePublished":"2021-11-08T21:04:30+00:00","dateModified":"2021-11-08T21:04:32+00:00","breadcrumb":{"@id":"https:\/\/jornalfatosenoticias.com.br\/index.php\/2021\/11\/08\/primeira-vacina-contra-o-cancer-de-mama-sera-testada-em-humanos-nos-eua\/#breadcrumb"},"inLanguage":"pt-BR","potentialAction":[{"@type":"ReadAction","target":["https:\/\/jornalfatosenoticias.com.br\/index.php\/2021\/11\/08\/primeira-vacina-contra-o-cancer-de-mama-sera-testada-em-humanos-nos-eua\/"]}]},{"@type":"ImageObject","inLanguage":"pt-BR","@id":"https:\/\/jornalfatosenoticias.com.br\/index.php\/2021\/11\/08\/primeira-vacina-contra-o-cancer-de-mama-sera-testada-em-humanos-nos-eua\/#primaryimage","url":"https:\/\/jornalfatosenoticias.com.br\/wp-content\/uploads\/2021\/11\/Cancer-de-mama-vacina1.jpg","contentUrl":"https:\/\/jornalfatosenoticias.com.br\/wp-content\/uploads\/2021\/11\/Cancer-de-mama-vacina1.jpg","width":1000,"height":562},{"@type":"BreadcrumbList","@id":"https:\/\/jornalfatosenoticias.com.br\/index.php\/2021\/11\/08\/primeira-vacina-contra-o-cancer-de-mama-sera-testada-em-humanos-nos-eua\/#breadcrumb","itemListElement":[{"@type":"ListItem","position":1,"name":"In\u00edcio","item":"https:\/\/jornalfatosenoticias.com.br\/"},{"@type":"ListItem","position":2,"name":"Primeira vacina contra o c\u00e2ncer de mama ser\u00e1 testada em humanos nos EUA"}]},{"@type":"WebSite","@id":"https:\/\/jornalfatosenoticias.com.br\/#website","url":"https:\/\/jornalfatosenoticias.com.br\/","name":"Jornal Fatos e Not\u00edcias","description":"Not\u00edcias em geral","publisher":{"@id":"https:\/\/jornalfatosenoticias.com.br\/#organization"},"potentialAction":[{"@type":"SearchAction","target":{"@type":"EntryPoint","urlTemplate":"https:\/\/jornalfatosenoticias.com.br\/?s={search_term_string}"},"query-input":{"@type":"PropertyValueSpecification","valueRequired":true,"valueName":"search_term_string"}}],"inLanguage":"pt-BR"},{"@type":"Organization","@id":"https:\/\/jornalfatosenoticias.com.br\/#organization","name":"Jornal Fatos e Not\u00edcias","url":"https:\/\/jornalfatosenoticias.com.br\/","logo":{"@type":"ImageObject","inLanguage":"pt-BR","@id":"https:\/\/jornalfatosenoticias.com.br\/#\/schema\/logo\/image\/","url":"https:\/\/jornalfatosenoticias.com.br\/wp-content\/uploads\/2020\/02\/logo120.png","contentUrl":"https:\/\/jornalfatosenoticias.com.br\/wp-content\/uploads\/2020\/02\/logo120.png","width":1227,"height":120,"caption":"Jornal Fatos e Not\u00edcias"},"image":{"@id":"https:\/\/jornalfatosenoticias.com.br\/#\/schema\/logo\/image\/"}},{"@type":"Person","@id":"https:\/\/jornalfatosenoticias.com.br\/#\/schema\/person\/d63837fa13ac8666eb9e74e0985d6f81","name":"Luzimara Fernandes","image":{"@type":"ImageObject","inLanguage":"pt-BR","@id":"https:\/\/jornalfatosenoticias.com.br\/#\/schema\/person\/image\/","url":"https:\/\/jornalfatosenoticias.com.br\/wp-content\/uploads\/2025\/05\/EU_portal.jpg","contentUrl":"https:\/\/jornalfatosenoticias.com.br\/wp-content\/uploads\/2025\/05\/EU_portal.jpg","caption":"Luzimara Fernandes"},"description":"Jornalista MTB 2358-ES","sameAs":["https:\/\/jornalfatosenoticias.com.br"],"url":"https:\/\/jornalfatosenoticias.com.br\/index.php\/author\/luzimara\/"}]}},"cc_featured_image_caption":{"caption_text":"(Foto: Lisa DeJong\/Cl\u00ednica Cleveland\/Divulga\u00e7\u00e3o) ","source_text":"","source_url":""},"jetpack_featured_media_url":"https:\/\/jornalfatosenoticias.com.br\/wp-content\/uploads\/2021\/11\/Cancer-de-mama-vacina1.jpg","_links":{"self":[{"href":"https:\/\/jornalfatosenoticias.com.br\/index.php\/wp-json\/wp\/v2\/posts\/24679","targetHints":{"allow":["GET"]}}],"collection":[{"href":"https:\/\/jornalfatosenoticias.com.br\/index.php\/wp-json\/wp\/v2\/posts"}],"about":[{"href":"https:\/\/jornalfatosenoticias.com.br\/index.php\/wp-json\/wp\/v2\/types\/post"}],"author":[{"embeddable":true,"href":"https:\/\/jornalfatosenoticias.com.br\/index.php\/wp-json\/wp\/v2\/users\/2"}],"replies":[{"embeddable":true,"href":"https:\/\/jornalfatosenoticias.com.br\/index.php\/wp-json\/wp\/v2\/comments?post=24679"}],"version-history":[{"count":0,"href":"https:\/\/jornalfatosenoticias.com.br\/index.php\/wp-json\/wp\/v2\/posts\/24679\/revisions"}],"wp:featuredmedia":[{"embeddable":true,"href":"https:\/\/jornalfatosenoticias.com.br\/index.php\/wp-json\/wp\/v2\/media\/24681"}],"wp:attachment":[{"href":"https:\/\/jornalfatosenoticias.com.br\/index.php\/wp-json\/wp\/v2\/media?parent=24679"}],"wp:term":[{"taxonomy":"category","embeddable":true,"href":"https:\/\/jornalfatosenoticias.com.br\/index.php\/wp-json\/wp\/v2\/categories?post=24679"},{"taxonomy":"post_tag","embeddable":true,"href":"https:\/\/jornalfatosenoticias.com.br\/index.php\/wp-json\/wp\/v2\/tags?post=24679"}],"curies":[{"name":"wp","href":"https:\/\/api.w.org\/{rel}","templated":true}]}}