{"id":2471,"date":"2020-03-27T09:56:59","date_gmt":"2020-03-27T12:56:59","guid":{"rendered":"https:\/\/jornalfatosenoticias.com.br\/?p=2471"},"modified":"2020-03-27T09:57:04","modified_gmt":"2020-03-27T12:57:04","slug":"especie-rara-de-samambaia-e-descoberta-no-litoral-do-parana","status":"publish","type":"post","link":"https:\/\/jornalfatosenoticias.com.br\/index.php\/2020\/03\/27\/especie-rara-de-samambaia-e-descoberta-no-litoral-do-parana\/","title":{"rendered":"Esp\u00e9cie rara de samambaia \u00e9 descoberta no litoral do Paran\u00e1"},"content":{"rendered":"\n<h6 class=\"wp-block-heading\"><em>Essa variedade de samambaia n\u00e3o \u00e9 encontrada em nenhum outro lugar do mundo<\/em><\/h6>\n\n\n\n<p>Uma esp\u00e9cie de samambaia ainda n\u00e3o registrada foi encontrada na Reserva Natural Guaricica, em Antonina, no litoral paranaense. A Oleandra australis \u00e9 conhecida apenas de duas coletas provenientes da reserva, que protege 8,7 mil hectares do bioma Mata Atl\u00e2ntica. A esp\u00e9cie \u00e9 descrita como rar\u00edssima pelos pesquisadores da Universidade Federal do Paran\u00e1 (UFPR), respons\u00e1veis pela coleta. Essa variedade de samambaia n\u00e3o \u00e9 encontrada em nenhum outro lugar do mundo.<br>\nO estudo analisou amostras coletadas na reserva natural mantida pela Sociedade de Pesquisa em Vida Selvagem e Educa\u00e7\u00e3o Ambiental (SPVS), abrangendo uma \u00e1rea de floresta preservada na regi\u00e3o da plan\u00edcie costeira do estado, entre o Oceano Atl\u00e2ntico e as montanhas da Serra do Mar.<br>\nO n\u00famero de samambaias e lic\u00f3fitas encontradas na reserva \u00e9 maior, por exemplo, que as esp\u00e9cies registradas em todo o territ\u00f3rio da Nova Zel\u00e2ndia, al\u00e9m de representar 47% das variedades de samambaias e lic\u00f3fitas j\u00e1 identificadas no estado do Paran\u00e1. Segundo Fernando Matos \u2013 um dos autores do estudo e Doutor em Biologia pela Universidade da Cidade de Nova York \u2013, a pesquisa tamb\u00e9m foi a primeira a compilar as 204 esp\u00e9cies da plan\u00edcie costeira do Paran\u00e1 em uma lista de classifica\u00e7\u00e3o. \u201cOs resultados desse estudo complementam o conhecimento j\u00e1 existente sobre a flora do Paran\u00e1. Encontramos na Reserva [Natural] Guaricica aproximadamente 40 esp\u00e9cies exclusivas da Mata Atl\u00e2ntica brasileira\u201d, explica.<br>\nA maior parte das amostras coletadas foram analisadas utilizando bibliografias especializadas e comparando com cole\u00e7\u00f5es dos herb\u00e1rios do Museu Bot\u00e2nico Municipal (MBM), do Jardim Bot\u00e2nico de Nova York (NY) e da Universidade Federal do Paran\u00e1 (UPCB).<br>\nDe acordo com Fernando, as visitas para coleta contaram com apoio log\u00edstico e orienta\u00e7\u00f5es da equipe t\u00e9cnica da SPVS. \u201cMuitos fatores podem contribuir para a diversidade encontrada neste estudo, incluindo a extens\u00e3o da \u00e1rea, vegeta\u00e7\u00e3o de diferentes tipos, entre outros. Com uma \u00f3tima infraestrutura para pesquisadores, a Reserva Guaricica \u00e9 um dos melhores lugares para desenvolvimento de estudos nesta \u00e1rea no Brasil\u201d, afirma Matos.<br>\nA Reserva Natural Guaricica foi criada pela SPVS em 1999 e tem cerca de 8.7 mil hectares de extens\u00e3o. A \u00e1rea foi adquirida pela institui\u00e7\u00e3o e passou por um processo de restaura\u00e7\u00e3o ecol\u00f3gica para recuperar biodiversidade da Mata Atl\u00e2ntica na regi\u00e3o. Dentro da reserva est\u00e3o o Centro de Educa\u00e7\u00e3o Ambiental da SPVS e com a Trilha da Guaricica, composta por um percurso de 1.200 metros mapeados para utiliza\u00e7\u00e3o pelos pesquisadores.<br>\nAs reservas da SPVS j\u00e1 acolheram o desenvolvimento de mais de 100 pesquisas cient\u00edficas de diferentes institui\u00e7\u00f5es, cerca de 15 deles em parceria com a UFPR. \u201cOs pesquisadores encontram uma infraestrutura completa para os trabalhos de campo, que inclui alojamento, refeit\u00f3rio, sala de trabalho com acesso \u00e0 internet e trilhas mapeadas para monitoramento. A realiza\u00e7\u00e3o de pesquisas \u00e9 essencial para o manejo das reservas, por identificar \u00e1reas priorit\u00e1rias para conserva\u00e7\u00e3o\u201d, comenta Reginaldo Ferreira, coordenador das Reservas Naturais da SPVS.<br>\nAl\u00e9m da conserva\u00e7\u00e3o do bioma e de esp\u00e9cies raras da fauna e flora nativas, as Reservas Naturais tamb\u00e9m geram benef\u00edcios sociais e econ\u00f4micos. Desde 2019, as tr\u00eas reservas mantidas pela SPVS fazem parte da Grande Reserva Mata Atl\u00e2ntica, iniciativa que tem o objetivo de tornar o \u00faltimo grande remanescente preservado deste bioma um destino para o turismo de natureza, promovendo o desenvolvimento econ\u00f4mico regional. O projeto envolve atores de diversas \u00e1reas, abrangendo um vasto cont\u00ednuo de quase dois milh\u00f5es de hectares entre os Estados de Santa Catarina, Paran\u00e1 e S\u00e3o Paulo.<\/p>\n\n\n\n<p><strong><em>Fonte: <a href=\"https:\/\/ciclovivo.com.br\/planeta\/meio-ambiente\/rara-samambaia-parana\/\">Ciclovivo.com.br<\/a><\/em><\/strong><\/p>\n","protected":false},"excerpt":{"rendered":"<p>Essa variedade de samambaia n\u00e3o \u00e9 encontrada em nenhum outro lugar do mundo Uma esp\u00e9cie de samambaia ainda n\u00e3o registrada foi encontrada na Reserva Natural Guaricica, em Antonina, no litoral paranaense. A Oleandra australis \u00e9 conhecida apenas de duas coletas provenientes da reserva, que protege 8,7 mil hectares do bioma Mata Atl\u00e2ntica. A esp\u00e9cie \u00e9 [&hellip;]<\/p>\n","protected":false},"author":2,"featured_media":2472,"comment_status":"open","ping_status":"open","sticky":false,"template":"","format":"standard","meta":{"footnotes":""},"categories":[8],"tags":[1064,524,1065,258,1063,1066,1062,108],"class_list":["post-2471","post","type-post","status-publish","format-standard","has-post-thumbnail","hentry","category-meio-ambiente","tag-bioma","tag-especies","tag-floresta","tag-mata-atlantica","tag-rara","tag-reserva","tag-samambaia","tag-vida-selvagem"],"yoast_head":"<!-- This site is optimized with the Yoast SEO plugin v26.5 - https:\/\/yoast.com\/wordpress\/plugins\/seo\/ -->\n<title>Esp\u00e9cie rara de samambaia \u00e9 descoberta no litoral do Paran\u00e1 - Jornal Fatos e Not\u00edcias<\/title>\n<meta name=\"robots\" content=\"index, follow, max-snippet:-1, max-image-preview:large, max-video-preview:-1\" \/>\n<link rel=\"canonical\" href=\"https:\/\/jornalfatosenoticias.com.br\/index.php\/2020\/03\/27\/especie-rara-de-samambaia-e-descoberta-no-litoral-do-parana\/\" \/>\n<meta property=\"og:locale\" content=\"pt_BR\" \/>\n<meta property=\"og:type\" content=\"article\" \/>\n<meta property=\"og:title\" content=\"Esp\u00e9cie rara de samambaia \u00e9 descoberta no litoral do Paran\u00e1 - Jornal Fatos e Not\u00edcias\" \/>\n<meta property=\"og:description\" content=\"Essa variedade de samambaia n\u00e3o \u00e9 encontrada em nenhum outro lugar do mundo Uma esp\u00e9cie de samambaia ainda n\u00e3o registrada foi encontrada na Reserva Natural Guaricica, em Antonina, no litoral paranaense. A Oleandra australis \u00e9 conhecida apenas de duas coletas provenientes da reserva, que protege 8,7 mil hectares do bioma Mata Atl\u00e2ntica. A esp\u00e9cie \u00e9 [&hellip;]\" \/>\n<meta property=\"og:url\" content=\"https:\/\/jornalfatosenoticias.com.br\/index.php\/2020\/03\/27\/especie-rara-de-samambaia-e-descoberta-no-litoral-do-parana\/\" \/>\n<meta property=\"og:site_name\" content=\"Jornal Fatos e Not\u00edcias\" \/>\n<meta property=\"article:published_time\" content=\"2020-03-27T12:56:59+00:00\" \/>\n<meta property=\"article:modified_time\" content=\"2020-03-27T12:57:04+00:00\" \/>\n<meta property=\"og:image\" content=\"https:\/\/jornalfatosenoticias.com.br\/wp-content\/uploads\/2020\/03\/nova-especie-samambaia.jpg\" \/>\n\t<meta property=\"og:image:width\" content=\"980\" \/>\n\t<meta property=\"og:image:height\" content=\"641\" \/>\n\t<meta property=\"og:image:type\" content=\"image\/jpeg\" \/>\n<meta name=\"author\" content=\"Luzimara Fernandes\" \/>\n<meta name=\"twitter:card\" content=\"summary_large_image\" \/>\n<meta name=\"twitter:label1\" content=\"Escrito por\" \/>\n\t<meta name=\"twitter:data1\" content=\"Luzimara Fernandes\" \/>\n\t<meta name=\"twitter:label2\" content=\"Est. tempo de leitura\" \/>\n\t<meta name=\"twitter:data2\" content=\"3 minutos\" \/>\n<script type=\"application\/ld+json\" class=\"yoast-schema-graph\">{\"@context\":\"https:\/\/schema.org\",\"@graph\":[{\"@type\":\"Article\",\"@id\":\"https:\/\/jornalfatosenoticias.com.br\/index.php\/2020\/03\/27\/especie-rara-de-samambaia-e-descoberta-no-litoral-do-parana\/#article\",\"isPartOf\":{\"@id\":\"https:\/\/jornalfatosenoticias.com.br\/index.php\/2020\/03\/27\/especie-rara-de-samambaia-e-descoberta-no-litoral-do-parana\/\"},\"author\":{\"name\":\"Luzimara Fernandes\",\"@id\":\"https:\/\/jornalfatosenoticias.com.br\/#\/schema\/person\/d63837fa13ac8666eb9e74e0985d6f81\"},\"headline\":\"Esp\u00e9cie rara de samambaia \u00e9 descoberta no litoral do Paran\u00e1\",\"datePublished\":\"2020-03-27T12:56:59+00:00\",\"dateModified\":\"2020-03-27T12:57:04+00:00\",\"mainEntityOfPage\":{\"@id\":\"https:\/\/jornalfatosenoticias.com.br\/index.php\/2020\/03\/27\/especie-rara-de-samambaia-e-descoberta-no-litoral-do-parana\/\"},\"wordCount\":631,\"commentCount\":0,\"publisher\":{\"@id\":\"https:\/\/jornalfatosenoticias.com.br\/#organization\"},\"image\":{\"@id\":\"https:\/\/jornalfatosenoticias.com.br\/index.php\/2020\/03\/27\/especie-rara-de-samambaia-e-descoberta-no-litoral-do-parana\/#primaryimage\"},\"thumbnailUrl\":\"https:\/\/jornalfatosenoticias.com.br\/wp-content\/uploads\/2020\/03\/nova-especie-samambaia.jpg\",\"keywords\":[\"bioma\",\"esp\u00e9cies\",\"floresta\",\"mata atl\u00e2ntica\",\"rara\",\"reserva\",\"samambaia\",\"vida selvagem\"],\"articleSection\":[\"Meio ambiente\"],\"inLanguage\":\"pt-BR\",\"potentialAction\":[{\"@type\":\"CommentAction\",\"name\":\"Comment\",\"target\":[\"https:\/\/jornalfatosenoticias.com.br\/index.php\/2020\/03\/27\/especie-rara-de-samambaia-e-descoberta-no-litoral-do-parana\/#respond\"]}]},{\"@type\":\"WebPage\",\"@id\":\"https:\/\/jornalfatosenoticias.com.br\/index.php\/2020\/03\/27\/especie-rara-de-samambaia-e-descoberta-no-litoral-do-parana\/\",\"url\":\"https:\/\/jornalfatosenoticias.com.br\/index.php\/2020\/03\/27\/especie-rara-de-samambaia-e-descoberta-no-litoral-do-parana\/\",\"name\":\"Esp\u00e9cie rara de samambaia \u00e9 descoberta no litoral do Paran\u00e1 - Jornal Fatos e Not\u00edcias\",\"isPartOf\":{\"@id\":\"https:\/\/jornalfatosenoticias.com.br\/#website\"},\"primaryImageOfPage\":{\"@id\":\"https:\/\/jornalfatosenoticias.com.br\/index.php\/2020\/03\/27\/especie-rara-de-samambaia-e-descoberta-no-litoral-do-parana\/#primaryimage\"},\"image\":{\"@id\":\"https:\/\/jornalfatosenoticias.com.br\/index.php\/2020\/03\/27\/especie-rara-de-samambaia-e-descoberta-no-litoral-do-parana\/#primaryimage\"},\"thumbnailUrl\":\"https:\/\/jornalfatosenoticias.com.br\/wp-content\/uploads\/2020\/03\/nova-especie-samambaia.jpg\",\"datePublished\":\"2020-03-27T12:56:59+00:00\",\"dateModified\":\"2020-03-27T12:57:04+00:00\",\"breadcrumb\":{\"@id\":\"https:\/\/jornalfatosenoticias.com.br\/index.php\/2020\/03\/27\/especie-rara-de-samambaia-e-descoberta-no-litoral-do-parana\/#breadcrumb\"},\"inLanguage\":\"pt-BR\",\"potentialAction\":[{\"@type\":\"ReadAction\",\"target\":[\"https:\/\/jornalfatosenoticias.com.br\/index.php\/2020\/03\/27\/especie-rara-de-samambaia-e-descoberta-no-litoral-do-parana\/\"]}]},{\"@type\":\"ImageObject\",\"inLanguage\":\"pt-BR\",\"@id\":\"https:\/\/jornalfatosenoticias.com.br\/index.php\/2020\/03\/27\/especie-rara-de-samambaia-e-descoberta-no-litoral-do-parana\/#primaryimage\",\"url\":\"https:\/\/jornalfatosenoticias.com.br\/wp-content\/uploads\/2020\/03\/nova-especie-samambaia.jpg\",\"contentUrl\":\"https:\/\/jornalfatosenoticias.com.br\/wp-content\/uploads\/2020\/03\/nova-especie-samambaia.jpg\",\"width\":980,\"height\":641},{\"@type\":\"BreadcrumbList\",\"@id\":\"https:\/\/jornalfatosenoticias.com.br\/index.php\/2020\/03\/27\/especie-rara-de-samambaia-e-descoberta-no-litoral-do-parana\/#breadcrumb\",\"itemListElement\":[{\"@type\":\"ListItem\",\"position\":1,\"name\":\"In\u00edcio\",\"item\":\"https:\/\/jornalfatosenoticias.com.br\/\"},{\"@type\":\"ListItem\",\"position\":2,\"name\":\"Esp\u00e9cie rara de samambaia \u00e9 descoberta no litoral do Paran\u00e1\"}]},{\"@type\":\"WebSite\",\"@id\":\"https:\/\/jornalfatosenoticias.com.br\/#website\",\"url\":\"https:\/\/jornalfatosenoticias.com.br\/\",\"name\":\"Jornal Fatos e Not\u00edcias\",\"description\":\"Not\u00edcias em geral\",\"publisher\":{\"@id\":\"https:\/\/jornalfatosenoticias.com.br\/#organization\"},\"potentialAction\":[{\"@type\":\"SearchAction\",\"target\":{\"@type\":\"EntryPoint\",\"urlTemplate\":\"https:\/\/jornalfatosenoticias.com.br\/?s={search_term_string}\"},\"query-input\":{\"@type\":\"PropertyValueSpecification\",\"valueRequired\":true,\"valueName\":\"search_term_string\"}}],\"inLanguage\":\"pt-BR\"},{\"@type\":\"Organization\",\"@id\":\"https:\/\/jornalfatosenoticias.com.br\/#organization\",\"name\":\"Jornal Fatos e Not\u00edcias\",\"url\":\"https:\/\/jornalfatosenoticias.com.br\/\",\"logo\":{\"@type\":\"ImageObject\",\"inLanguage\":\"pt-BR\",\"@id\":\"https:\/\/jornalfatosenoticias.com.br\/#\/schema\/logo\/image\/\",\"url\":\"https:\/\/jornalfatosenoticias.com.br\/wp-content\/uploads\/2020\/02\/logo120.png\",\"contentUrl\":\"https:\/\/jornalfatosenoticias.com.br\/wp-content\/uploads\/2020\/02\/logo120.png\",\"width\":1227,\"height\":120,\"caption\":\"Jornal Fatos e Not\u00edcias\"},\"image\":{\"@id\":\"https:\/\/jornalfatosenoticias.com.br\/#\/schema\/logo\/image\/\"}},{\"@type\":\"Person\",\"@id\":\"https:\/\/jornalfatosenoticias.com.br\/#\/schema\/person\/d63837fa13ac8666eb9e74e0985d6f81\",\"name\":\"Luzimara Fernandes\",\"image\":{\"@type\":\"ImageObject\",\"inLanguage\":\"pt-BR\",\"@id\":\"https:\/\/jornalfatosenoticias.com.br\/#\/schema\/person\/image\/\",\"url\":\"https:\/\/jornalfatosenoticias.com.br\/wp-content\/uploads\/2025\/05\/EU_portal.jpg\",\"contentUrl\":\"https:\/\/jornalfatosenoticias.com.br\/wp-content\/uploads\/2025\/05\/EU_portal.jpg\",\"caption\":\"Luzimara Fernandes\"},\"description\":\"Jornalista MTB 2358-ES\",\"sameAs\":[\"https:\/\/jornalfatosenoticias.com.br\"],\"url\":\"https:\/\/jornalfatosenoticias.com.br\/index.php\/author\/luzimara\/\"}]}<\/script>\n<!-- \/ Yoast SEO plugin. -->","yoast_head_json":{"title":"Esp\u00e9cie rara de samambaia \u00e9 descoberta no litoral do Paran\u00e1 - Jornal Fatos e Not\u00edcias","robots":{"index":"index","follow":"follow","max-snippet":"max-snippet:-1","max-image-preview":"max-image-preview:large","max-video-preview":"max-video-preview:-1"},"canonical":"https:\/\/jornalfatosenoticias.com.br\/index.php\/2020\/03\/27\/especie-rara-de-samambaia-e-descoberta-no-litoral-do-parana\/","og_locale":"pt_BR","og_type":"article","og_title":"Esp\u00e9cie rara de samambaia \u00e9 descoberta no litoral do Paran\u00e1 - Jornal Fatos e Not\u00edcias","og_description":"Essa variedade de samambaia n\u00e3o \u00e9 encontrada em nenhum outro lugar do mundo Uma esp\u00e9cie de samambaia ainda n\u00e3o registrada foi encontrada na Reserva Natural Guaricica, em Antonina, no litoral paranaense. A Oleandra australis \u00e9 conhecida apenas de duas coletas provenientes da reserva, que protege 8,7 mil hectares do bioma Mata Atl\u00e2ntica. A esp\u00e9cie \u00e9 [&hellip;]","og_url":"https:\/\/jornalfatosenoticias.com.br\/index.php\/2020\/03\/27\/especie-rara-de-samambaia-e-descoberta-no-litoral-do-parana\/","og_site_name":"Jornal Fatos e Not\u00edcias","article_published_time":"2020-03-27T12:56:59+00:00","article_modified_time":"2020-03-27T12:57:04+00:00","og_image":[{"width":980,"height":641,"url":"https:\/\/jornalfatosenoticias.com.br\/wp-content\/uploads\/2020\/03\/nova-especie-samambaia.jpg","type":"image\/jpeg"}],"author":"Luzimara Fernandes","twitter_card":"summary_large_image","twitter_misc":{"Escrito por":"Luzimara Fernandes","Est. tempo de leitura":"3 minutos"},"schema":{"@context":"https:\/\/schema.org","@graph":[{"@type":"Article","@id":"https:\/\/jornalfatosenoticias.com.br\/index.php\/2020\/03\/27\/especie-rara-de-samambaia-e-descoberta-no-litoral-do-parana\/#article","isPartOf":{"@id":"https:\/\/jornalfatosenoticias.com.br\/index.php\/2020\/03\/27\/especie-rara-de-samambaia-e-descoberta-no-litoral-do-parana\/"},"author":{"name":"Luzimara Fernandes","@id":"https:\/\/jornalfatosenoticias.com.br\/#\/schema\/person\/d63837fa13ac8666eb9e74e0985d6f81"},"headline":"Esp\u00e9cie rara de samambaia \u00e9 descoberta no litoral do Paran\u00e1","datePublished":"2020-03-27T12:56:59+00:00","dateModified":"2020-03-27T12:57:04+00:00","mainEntityOfPage":{"@id":"https:\/\/jornalfatosenoticias.com.br\/index.php\/2020\/03\/27\/especie-rara-de-samambaia-e-descoberta-no-litoral-do-parana\/"},"wordCount":631,"commentCount":0,"publisher":{"@id":"https:\/\/jornalfatosenoticias.com.br\/#organization"},"image":{"@id":"https:\/\/jornalfatosenoticias.com.br\/index.php\/2020\/03\/27\/especie-rara-de-samambaia-e-descoberta-no-litoral-do-parana\/#primaryimage"},"thumbnailUrl":"https:\/\/jornalfatosenoticias.com.br\/wp-content\/uploads\/2020\/03\/nova-especie-samambaia.jpg","keywords":["bioma","esp\u00e9cies","floresta","mata atl\u00e2ntica","rara","reserva","samambaia","vida selvagem"],"articleSection":["Meio ambiente"],"inLanguage":"pt-BR","potentialAction":[{"@type":"CommentAction","name":"Comment","target":["https:\/\/jornalfatosenoticias.com.br\/index.php\/2020\/03\/27\/especie-rara-de-samambaia-e-descoberta-no-litoral-do-parana\/#respond"]}]},{"@type":"WebPage","@id":"https:\/\/jornalfatosenoticias.com.br\/index.php\/2020\/03\/27\/especie-rara-de-samambaia-e-descoberta-no-litoral-do-parana\/","url":"https:\/\/jornalfatosenoticias.com.br\/index.php\/2020\/03\/27\/especie-rara-de-samambaia-e-descoberta-no-litoral-do-parana\/","name":"Esp\u00e9cie rara de samambaia \u00e9 descoberta no litoral do Paran\u00e1 - Jornal Fatos e Not\u00edcias","isPartOf":{"@id":"https:\/\/jornalfatosenoticias.com.br\/#website"},"primaryImageOfPage":{"@id":"https:\/\/jornalfatosenoticias.com.br\/index.php\/2020\/03\/27\/especie-rara-de-samambaia-e-descoberta-no-litoral-do-parana\/#primaryimage"},"image":{"@id":"https:\/\/jornalfatosenoticias.com.br\/index.php\/2020\/03\/27\/especie-rara-de-samambaia-e-descoberta-no-litoral-do-parana\/#primaryimage"},"thumbnailUrl":"https:\/\/jornalfatosenoticias.com.br\/wp-content\/uploads\/2020\/03\/nova-especie-samambaia.jpg","datePublished":"2020-03-27T12:56:59+00:00","dateModified":"2020-03-27T12:57:04+00:00","breadcrumb":{"@id":"https:\/\/jornalfatosenoticias.com.br\/index.php\/2020\/03\/27\/especie-rara-de-samambaia-e-descoberta-no-litoral-do-parana\/#breadcrumb"},"inLanguage":"pt-BR","potentialAction":[{"@type":"ReadAction","target":["https:\/\/jornalfatosenoticias.com.br\/index.php\/2020\/03\/27\/especie-rara-de-samambaia-e-descoberta-no-litoral-do-parana\/"]}]},{"@type":"ImageObject","inLanguage":"pt-BR","@id":"https:\/\/jornalfatosenoticias.com.br\/index.php\/2020\/03\/27\/especie-rara-de-samambaia-e-descoberta-no-litoral-do-parana\/#primaryimage","url":"https:\/\/jornalfatosenoticias.com.br\/wp-content\/uploads\/2020\/03\/nova-especie-samambaia.jpg","contentUrl":"https:\/\/jornalfatosenoticias.com.br\/wp-content\/uploads\/2020\/03\/nova-especie-samambaia.jpg","width":980,"height":641},{"@type":"BreadcrumbList","@id":"https:\/\/jornalfatosenoticias.com.br\/index.php\/2020\/03\/27\/especie-rara-de-samambaia-e-descoberta-no-litoral-do-parana\/#breadcrumb","itemListElement":[{"@type":"ListItem","position":1,"name":"In\u00edcio","item":"https:\/\/jornalfatosenoticias.com.br\/"},{"@type":"ListItem","position":2,"name":"Esp\u00e9cie rara de samambaia \u00e9 descoberta no litoral do Paran\u00e1"}]},{"@type":"WebSite","@id":"https:\/\/jornalfatosenoticias.com.br\/#website","url":"https:\/\/jornalfatosenoticias.com.br\/","name":"Jornal Fatos e Not\u00edcias","description":"Not\u00edcias em geral","publisher":{"@id":"https:\/\/jornalfatosenoticias.com.br\/#organization"},"potentialAction":[{"@type":"SearchAction","target":{"@type":"EntryPoint","urlTemplate":"https:\/\/jornalfatosenoticias.com.br\/?s={search_term_string}"},"query-input":{"@type":"PropertyValueSpecification","valueRequired":true,"valueName":"search_term_string"}}],"inLanguage":"pt-BR"},{"@type":"Organization","@id":"https:\/\/jornalfatosenoticias.com.br\/#organization","name":"Jornal Fatos e Not\u00edcias","url":"https:\/\/jornalfatosenoticias.com.br\/","logo":{"@type":"ImageObject","inLanguage":"pt-BR","@id":"https:\/\/jornalfatosenoticias.com.br\/#\/schema\/logo\/image\/","url":"https:\/\/jornalfatosenoticias.com.br\/wp-content\/uploads\/2020\/02\/logo120.png","contentUrl":"https:\/\/jornalfatosenoticias.com.br\/wp-content\/uploads\/2020\/02\/logo120.png","width":1227,"height":120,"caption":"Jornal Fatos e Not\u00edcias"},"image":{"@id":"https:\/\/jornalfatosenoticias.com.br\/#\/schema\/logo\/image\/"}},{"@type":"Person","@id":"https:\/\/jornalfatosenoticias.com.br\/#\/schema\/person\/d63837fa13ac8666eb9e74e0985d6f81","name":"Luzimara Fernandes","image":{"@type":"ImageObject","inLanguage":"pt-BR","@id":"https:\/\/jornalfatosenoticias.com.br\/#\/schema\/person\/image\/","url":"https:\/\/jornalfatosenoticias.com.br\/wp-content\/uploads\/2025\/05\/EU_portal.jpg","contentUrl":"https:\/\/jornalfatosenoticias.com.br\/wp-content\/uploads\/2025\/05\/EU_portal.jpg","caption":"Luzimara Fernandes"},"description":"Jornalista MTB 2358-ES","sameAs":["https:\/\/jornalfatosenoticias.com.br"],"url":"https:\/\/jornalfatosenoticias.com.br\/index.php\/author\/luzimara\/"}]}},"cc_featured_image_caption":{"caption_text":"Oleandra australis (Foto: Fernando Matos)","source_text":"","source_url":""},"jetpack_featured_media_url":"https:\/\/jornalfatosenoticias.com.br\/wp-content\/uploads\/2020\/03\/nova-especie-samambaia.jpg","_links":{"self":[{"href":"https:\/\/jornalfatosenoticias.com.br\/index.php\/wp-json\/wp\/v2\/posts\/2471","targetHints":{"allow":["GET"]}}],"collection":[{"href":"https:\/\/jornalfatosenoticias.com.br\/index.php\/wp-json\/wp\/v2\/posts"}],"about":[{"href":"https:\/\/jornalfatosenoticias.com.br\/index.php\/wp-json\/wp\/v2\/types\/post"}],"author":[{"embeddable":true,"href":"https:\/\/jornalfatosenoticias.com.br\/index.php\/wp-json\/wp\/v2\/users\/2"}],"replies":[{"embeddable":true,"href":"https:\/\/jornalfatosenoticias.com.br\/index.php\/wp-json\/wp\/v2\/comments?post=2471"}],"version-history":[{"count":0,"href":"https:\/\/jornalfatosenoticias.com.br\/index.php\/wp-json\/wp\/v2\/posts\/2471\/revisions"}],"wp:featuredmedia":[{"embeddable":true,"href":"https:\/\/jornalfatosenoticias.com.br\/index.php\/wp-json\/wp\/v2\/media\/2472"}],"wp:attachment":[{"href":"https:\/\/jornalfatosenoticias.com.br\/index.php\/wp-json\/wp\/v2\/media?parent=2471"}],"wp:term":[{"taxonomy":"category","embeddable":true,"href":"https:\/\/jornalfatosenoticias.com.br\/index.php\/wp-json\/wp\/v2\/categories?post=2471"},{"taxonomy":"post_tag","embeddable":true,"href":"https:\/\/jornalfatosenoticias.com.br\/index.php\/wp-json\/wp\/v2\/tags?post=2471"}],"curies":[{"name":"wp","href":"https:\/\/api.w.org\/{rel}","templated":true}]}}