{"id":24744,"date":"2021-11-09T16:17:02","date_gmt":"2021-11-09T19:17:02","guid":{"rendered":"https:\/\/jornalfatosenoticias.com.br\/?p=24744"},"modified":"2021-11-09T16:17:06","modified_gmt":"2021-11-09T19:17:06","slug":"cidades-inteligentes-bandes-lanca-programa-que-pode-transformar-realidade-de-municipios-capixabas","status":"publish","type":"post","link":"https:\/\/jornalfatosenoticias.com.br\/index.php\/2021\/11\/09\/cidades-inteligentes-bandes-lanca-programa-que-pode-transformar-realidade-de-municipios-capixabas\/","title":{"rendered":"Cidades inteligentes: Bandes lan\u00e7a programa que pode transformar realidade de munic\u00edpios capixabas"},"content":{"rendered":"\n<p>O conceito de &#8216;cidades inteligentes&#8217; enche os olhos. Infraestrutura de telecomunica\u00e7\u00f5es e solu\u00e7\u00f5es tecnol\u00f3gicas, usinas fotovoltaicas, entre outras possibilidades de melhoria da infraestrutura urbana podem se tornar realidade nos munic\u00edpios capixabas. Com objetivo de estruturar esse tipo de projeto, o Banco de Desenvolvimento do Esp\u00edrito Santo (Bandes) lan\u00e7ou, nesta segunda-feira (08), o ES Inteligente, um servi\u00e7o de assessoramento em modelagem de concess\u00f5es e Parcerias P\u00fablico-Privadas (PPPs).<br>A solenidade de lan\u00e7amento foi realizada no audit\u00f3rio da Associa\u00e7\u00e3o dos Munic\u00edpios do Esp\u00edrito Santo (Amunes), em Vit\u00f3ria, com a presen\u00e7a do governador do Estado, Renato Casagrande, da diretoria do Bandes, al\u00e9m de prefeitos e lideran\u00e7as estaduais. Ap\u00f3s a assinatura do protocolo de inten\u00e7\u00f5es para formalizar a presta\u00e7\u00e3o dos servi\u00e7os, o governador destacou que mais uma vez o Esp\u00edrito Santo sai na frente com um programa in\u00e9dito entre os Estados.<br>O ES Inteligente tem o papel de intermediar a rela\u00e7\u00e3o da gest\u00e3o municipal com o setor privado, por meio de diversas entregas que apoiam o percurso at\u00e9 a concretiza\u00e7\u00e3o da parceria, desde estudos de viabilidade at\u00e9 a legisla\u00e7\u00e3o necess\u00e1ria para que o servi\u00e7o seja licitado e ofertado \u00e0 popula\u00e7\u00e3o.<br>\u201cEsse tipo de contrato preenche uma lacuna que o ente p\u00fablico teria dificuldades em contratar, tamanha a especificidade dos servi\u00e7os e obras p\u00fablicas desse tipo, e que v\u00e3o, indubitavelmente, melhorar a qualidade de vida da popula\u00e7\u00e3o do munic\u00edpio\u201d, enfatizou o diretor-presidente do Bandes, Munir Abud de Oliveira.<br>O presidente da Amunes, Victor Coelho, que \u00e9 prefeito de Cachoeiro de Itapemirim, enfatizou que a a\u00e7\u00e3o permite a estrutura\u00e7\u00e3o de projetos estrat\u00e9gicos para os munic\u00edpios. \u201cA administra\u00e7\u00e3o p\u00fablica municipal e os capixabas s\u00f3 t\u00eam a ganhar com o in\u00edcio deste programa que contribuir\u00e1 para a gera\u00e7\u00e3o de emprego, renda, receita fiscal e melhoria da qualidade de vida da popula\u00e7\u00e3o. Reunimos hoje os prefeitos e demais representantes para ressaltar que o municipalismo forte se faz com a participa\u00e7\u00e3o de todos\u201d, disse.<br>As Parcerias P\u00fablico-Privadas e as concess\u00f5es s\u00e3o modelos de contrata\u00e7\u00e3o que viabilizam investimentos, como, por exemplo, em infraestrutura, e servem para qualificar os servi\u00e7os p\u00fablicos prestados \u00e0 popula\u00e7\u00e3o. A grande vantagem desse tipo de contrato \u00e9 o ganho de efici\u00eancia, pois os pagamentos p\u00fablicos s\u00e3o sempre condicionados \u00e0 qualidade do servi\u00e7o e ao melhor compartilhamento de riscos entre os parceiros.<br>Para o secret\u00e1rio de Estado de Inova\u00e7\u00e3o e Desenvolvimento, Tyago Hoffmann, essa \u00e9 mais uma a\u00e7\u00e3o assertiva do Governo do Estado para apoiar os munic\u00edpios. \u201cO desenvolvimento regional \u00e9 uma das prioridades da administra\u00e7\u00e3o p\u00fablica estadual, que n\u00e3o mede esfor\u00e7os para estar presente, oferecendo o suporte necess\u00e1rio para que as cidades capixabas cres\u00e7am e se tornem atrativas para ind\u00fastrias, empresas nacionais ou estrangeiras, podendo sediar neg\u00f3cios relevantes para todas as regi\u00f5es\u201d, afirmou.<br>Hoffmann tamb\u00e9m falou nos reflexos da medida junto \u00e0 popula\u00e7\u00e3o. \u201cIsso acaba se refletindo na movimenta\u00e7\u00e3o da economia local, na gera\u00e7\u00e3o de empregos para os moradores e melhoria na qualidade de vida das pessoas. Temos em vigor tr\u00eas PPPs de saneamento e outras fazem parte da carteira atual de projetos do Estado nas \u00e1reas de Seguran\u00e7a P\u00fablica, Turismo, Desenvolvimento Regional e Sustentabilidade. Todos t\u00eam o mesmo objetivo: inovar, otimizar custos e fornecer melhor qualidade de servi\u00e7os p\u00fablicos. Agora, \u00e9 a vez dos munic\u00edpios buscarem parceiros no mercado com expertise para tocar investimentos em prol da efici\u00eancia\u201d, completou.<\/p>\n\n\n\n<p><strong><span class=\"has-inline-color has-black-color\">Presta\u00e7\u00e3o do servi\u00e7o<br><\/span><\/strong>O ES Inteligente assessora as prefeituras municipais em projetos de tratamento de res\u00edduos s\u00f3lidos urbanos; energia fotovoltaica; ilumina\u00e7\u00e3o p\u00fablica; infraestrutura de telecomunica\u00e7\u00f5es e solu\u00e7\u00f5es tecnol\u00f3gicas agregadas; e sistemas de abastecimento de \u00e1gua e tratamento do esgoto municipal. A a\u00e7\u00e3o \u00e9 resultado da parceria inovadora entre o Bandes, que agrega mais um servi\u00e7o ao portf\u00f3lio, e o Instituto de Planejamento e Gest\u00e3o das Cidades (IPGC), institui\u00e7\u00e3o sem fins lucrativos que, dada a expertise, tornou-se uma refer\u00eancia nacional no assunto.<br>\u201cO Programa ES Inteligente \u00e9 um marco hist\u00f3rico para a infraestrutura urbana do estado do Esp\u00edrito Santo. \u00c9 um programa lan\u00e7ado pelo Banco de Desenvolvimento em parceria com o IPGC, que vai dar apoio a todos os munic\u00edpios do estado para desenvolver projetos de infraestrutura urbana a partir de parcerias p\u00fablico-privadas. Hoje, o estado do Esp\u00edrito Santo d\u00e1 um passo grande e sustent\u00e1vel para atrair investidores e melhorar a infraestrutura dos munic\u00edpios capixabas a partir da parceria com o setor privado. \u00c9 um grande dia para todo o estado do Esp\u00edrito Santo\u201d, destaca Leonardo Santos, diretor-presidente do IPGC.<br>O diretor de Neg\u00f3cios do Bandes, Marcos Kneip Navarro, salientou que esse tipo de servi\u00e7o traz o futuro ao Estado. \u201cAl\u00e9m do apoio que o Governo do Estado presta, por meio dos seus projetos, e das tradicionais linhas de cr\u00e9dito que o Bandes j\u00e1 ofertava aos munic\u00edpios, temos ainda mais esta op\u00e7\u00e3o, que engloba a gera\u00e7\u00e3o de valor nos projetos desenvolvidos pelas prefeituras e que resulta, inevitavelmente, em bons resultados para a qualidade de vida nas regi\u00f5es do nosso Estado\u201d, comentou.<br>Para o diretor-presidente do banco, Munir Abud de Oliveira, com o ES Inteligente, a administra\u00e7\u00e3o p\u00fablica municipal ganha dois parceiros: o Bandes e o IPGC. \u201cEssas institui\u00e7\u00f5es colocar\u00e3o um pessoal qualificado \u00e0 servi\u00e7o da prefeitura, para dar apoio nesta estrutura\u00e7\u00e3o e no desenvolvimento de estudos de viabilidade t\u00e9cnica, modelagem licitat\u00f3ria e de assessoria para projetos de concess\u00f5es p\u00fablicas e parcerias p\u00fablico-privadas nos munic\u00edpios\u201d, pontuou Munir Abud.<\/p>\n\n\n\n<p><strong><span class=\"has-inline-color has-black-color\">Cidades inteligentes<br><\/span><\/strong>Cidades inteligentes s\u00e3o as regi\u00f5es que usam a tecnologia de modo estrat\u00e9gico para melhorar a infraestrutura, otimizar a mobilidade urbana, criar solu\u00e7\u00f5es sustent\u00e1veis e outras melhorias necess\u00e1rias \u00e0 qualidade de vida dos moradores. Existem duas formas: a primeira \u00e9 investir em cidades planejadas e incluir no planejamento pr\u00e9vio tecnologias e a\u00e7\u00f5es sustent\u00e1veis. A segunda, mais apropriada \u00e0 realidade capixaba, \u00e9 reavaliar os processos das cidades j\u00e1 existentes e identificar as melhorias que podem ser realizadas, de acordo com as necessidades dos moradores e do local.<br>O Bandes disponibiliza atendimento exclusivo \u00e0s prefeituras que desejarem aderir ao programa ES Inteligente. Para acessar o edital e todas as informa\u00e7\u00f5es, basta acessar o site do banco (<a href=\"http:\/\/www.bandes.com.br\/ppp\" target=\"_blank\" rel=\"noreferrer noopener\">www.bandes.com.br\/ppp<\/a>). Na p\u00e1gina, o passo a passo e todas as orienta\u00e7\u00f5es, incluindo perguntas mais frequentes, trazem orienta\u00e7\u00f5es e esclarecimentos.<\/p>\n\n\n\n<p><strong><em>Fonte: <a href=\"https:\/\/www.es.gov.br\/Noticia\/cidades-inteligentes-bandes-lanca-programa-que-pode-transformar-realidade-de-municipios-capixabas#prettyPhoto\">Governo do ES<\/a><\/em><\/strong><\/p>\n","protected":false},"excerpt":{"rendered":"<p>O conceito de &#8216;cidades inteligentes&#8217; enche os olhos. Infraestrutura de telecomunica\u00e7\u00f5es e solu\u00e7\u00f5es tecnol\u00f3gicas, usinas fotovoltaicas, entre outras possibilidades de melhoria da infraestrutura urbana podem se tornar realidade nos munic\u00edpios capixabas. Com objetivo de estruturar esse tipo de projeto, o Banco de Desenvolvimento do Esp\u00edrito Santo (Bandes) lan\u00e7ou, nesta segunda-feira (08), o ES Inteligente, um [&hellip;]<\/p>\n","protected":false},"author":2,"featured_media":24745,"comment_status":"open","ping_status":"open","sticky":false,"template":"","format":"standard","meta":{"footnotes":""},"categories":[744,3],"tags":[1173,4937,11324,11950,11949,7910,11951],"class_list":["post-24744","post","type-post","status-publish","format-standard","has-post-thumbnail","hentry","category-arq-urbanismo","category-tecnologia","tag-bandes","tag-cidades-inteligentes","tag-cidades-planejadas","tag-infraestrutura-de-telecomunicacoes","tag-infraestrutura-urbana","tag-smart-cities","tag-solucoes-tecnologicas"],"yoast_head":"<!-- This site is optimized with the Yoast SEO plugin v26.5 - https:\/\/yoast.com\/wordpress\/plugins\/seo\/ -->\n<title>Cidades inteligentes: Bandes lan\u00e7a programa que pode transformar realidade de munic\u00edpios capixabas - Jornal Fatos e Not\u00edcias<\/title>\n<meta name=\"robots\" content=\"index, follow, max-snippet:-1, max-image-preview:large, max-video-preview:-1\" \/>\n<link rel=\"canonical\" href=\"https:\/\/jornalfatosenoticias.com.br\/index.php\/2021\/11\/09\/cidades-inteligentes-bandes-lanca-programa-que-pode-transformar-realidade-de-municipios-capixabas\/\" \/>\n<meta property=\"og:locale\" content=\"pt_BR\" \/>\n<meta property=\"og:type\" content=\"article\" \/>\n<meta property=\"og:title\" content=\"Cidades inteligentes: Bandes lan\u00e7a programa que pode transformar realidade de munic\u00edpios capixabas - Jornal Fatos e Not\u00edcias\" \/>\n<meta property=\"og:description\" content=\"O conceito de &#8216;cidades inteligentes&#8217; enche os olhos. Infraestrutura de telecomunica\u00e7\u00f5es e solu\u00e7\u00f5es tecnol\u00f3gicas, usinas fotovoltaicas, entre outras possibilidades de melhoria da infraestrutura urbana podem se tornar realidade nos munic\u00edpios capixabas. Com objetivo de estruturar esse tipo de projeto, o Banco de Desenvolvimento do Esp\u00edrito Santo (Bandes) lan\u00e7ou, nesta segunda-feira (08), o ES Inteligente, um [&hellip;]\" \/>\n<meta property=\"og:url\" content=\"https:\/\/jornalfatosenoticias.com.br\/index.php\/2021\/11\/09\/cidades-inteligentes-bandes-lanca-programa-que-pode-transformar-realidade-de-municipios-capixabas\/\" \/>\n<meta property=\"og:site_name\" content=\"Jornal Fatos e Not\u00edcias\" \/>\n<meta property=\"article:published_time\" content=\"2021-11-09T19:17:02+00:00\" \/>\n<meta property=\"article:modified_time\" content=\"2021-11-09T19:17:06+00:00\" \/>\n<meta property=\"og:image\" content=\"https:\/\/jornalfatosenoticias.com.br\/wp-content\/uploads\/2021\/11\/cidades-inteligentes_es.jpg\" \/>\n\t<meta property=\"og:image:width\" content=\"1000\" \/>\n\t<meta property=\"og:image:height\" content=\"641\" \/>\n\t<meta property=\"og:image:type\" content=\"image\/jpeg\" \/>\n<meta name=\"author\" content=\"Luzimara Fernandes\" \/>\n<meta name=\"twitter:card\" content=\"summary_large_image\" \/>\n<meta name=\"twitter:label1\" content=\"Escrito por\" \/>\n\t<meta name=\"twitter:data1\" content=\"Luzimara Fernandes\" \/>\n\t<meta name=\"twitter:label2\" content=\"Est. tempo de leitura\" \/>\n\t<meta name=\"twitter:data2\" content=\"6 minutos\" \/>\n<script type=\"application\/ld+json\" class=\"yoast-schema-graph\">{\"@context\":\"https:\/\/schema.org\",\"@graph\":[{\"@type\":\"Article\",\"@id\":\"https:\/\/jornalfatosenoticias.com.br\/index.php\/2021\/11\/09\/cidades-inteligentes-bandes-lanca-programa-que-pode-transformar-realidade-de-municipios-capixabas\/#article\",\"isPartOf\":{\"@id\":\"https:\/\/jornalfatosenoticias.com.br\/index.php\/2021\/11\/09\/cidades-inteligentes-bandes-lanca-programa-que-pode-transformar-realidade-de-municipios-capixabas\/\"},\"author\":{\"name\":\"Luzimara Fernandes\",\"@id\":\"https:\/\/jornalfatosenoticias.com.br\/#\/schema\/person\/d63837fa13ac8666eb9e74e0985d6f81\"},\"headline\":\"Cidades inteligentes: Bandes lan\u00e7a programa que pode transformar realidade de munic\u00edpios capixabas\",\"datePublished\":\"2021-11-09T19:17:02+00:00\",\"dateModified\":\"2021-11-09T19:17:06+00:00\",\"mainEntityOfPage\":{\"@id\":\"https:\/\/jornalfatosenoticias.com.br\/index.php\/2021\/11\/09\/cidades-inteligentes-bandes-lanca-programa-que-pode-transformar-realidade-de-municipios-capixabas\/\"},\"wordCount\":1146,\"commentCount\":0,\"publisher\":{\"@id\":\"https:\/\/jornalfatosenoticias.com.br\/#organization\"},\"image\":{\"@id\":\"https:\/\/jornalfatosenoticias.com.br\/index.php\/2021\/11\/09\/cidades-inteligentes-bandes-lanca-programa-que-pode-transformar-realidade-de-municipios-capixabas\/#primaryimage\"},\"thumbnailUrl\":\"https:\/\/jornalfatosenoticias.com.br\/wp-content\/uploads\/2021\/11\/cidades-inteligentes_es.jpg\",\"keywords\":[\"Bandes\",\"cidades inteligentes\",\"cidades planejadas\",\"infraestrutura de telecomunica\u00e7\u00f5es\",\"infraestrutura urbana\",\"Smart Cities\",\"solu\u00e7\u00f5es tecnol\u00f3gicas\"],\"articleSection\":[\"Arq &amp; Urb\",\"Tecnologia &amp; Inova\u00e7\u00e3o\"],\"inLanguage\":\"pt-BR\",\"potentialAction\":[{\"@type\":\"CommentAction\",\"name\":\"Comment\",\"target\":[\"https:\/\/jornalfatosenoticias.com.br\/index.php\/2021\/11\/09\/cidades-inteligentes-bandes-lanca-programa-que-pode-transformar-realidade-de-municipios-capixabas\/#respond\"]}]},{\"@type\":\"WebPage\",\"@id\":\"https:\/\/jornalfatosenoticias.com.br\/index.php\/2021\/11\/09\/cidades-inteligentes-bandes-lanca-programa-que-pode-transformar-realidade-de-municipios-capixabas\/\",\"url\":\"https:\/\/jornalfatosenoticias.com.br\/index.php\/2021\/11\/09\/cidades-inteligentes-bandes-lanca-programa-que-pode-transformar-realidade-de-municipios-capixabas\/\",\"name\":\"Cidades inteligentes: Bandes lan\u00e7a programa que pode transformar realidade de munic\u00edpios capixabas - Jornal Fatos e Not\u00edcias\",\"isPartOf\":{\"@id\":\"https:\/\/jornalfatosenoticias.com.br\/#website\"},\"primaryImageOfPage\":{\"@id\":\"https:\/\/jornalfatosenoticias.com.br\/index.php\/2021\/11\/09\/cidades-inteligentes-bandes-lanca-programa-que-pode-transformar-realidade-de-municipios-capixabas\/#primaryimage\"},\"image\":{\"@id\":\"https:\/\/jornalfatosenoticias.com.br\/index.php\/2021\/11\/09\/cidades-inteligentes-bandes-lanca-programa-que-pode-transformar-realidade-de-municipios-capixabas\/#primaryimage\"},\"thumbnailUrl\":\"https:\/\/jornalfatosenoticias.com.br\/wp-content\/uploads\/2021\/11\/cidades-inteligentes_es.jpg\",\"datePublished\":\"2021-11-09T19:17:02+00:00\",\"dateModified\":\"2021-11-09T19:17:06+00:00\",\"breadcrumb\":{\"@id\":\"https:\/\/jornalfatosenoticias.com.br\/index.php\/2021\/11\/09\/cidades-inteligentes-bandes-lanca-programa-que-pode-transformar-realidade-de-municipios-capixabas\/#breadcrumb\"},\"inLanguage\":\"pt-BR\",\"potentialAction\":[{\"@type\":\"ReadAction\",\"target\":[\"https:\/\/jornalfatosenoticias.com.br\/index.php\/2021\/11\/09\/cidades-inteligentes-bandes-lanca-programa-que-pode-transformar-realidade-de-municipios-capixabas\/\"]}]},{\"@type\":\"ImageObject\",\"inLanguage\":\"pt-BR\",\"@id\":\"https:\/\/jornalfatosenoticias.com.br\/index.php\/2021\/11\/09\/cidades-inteligentes-bandes-lanca-programa-que-pode-transformar-realidade-de-municipios-capixabas\/#primaryimage\",\"url\":\"https:\/\/jornalfatosenoticias.com.br\/wp-content\/uploads\/2021\/11\/cidades-inteligentes_es.jpg\",\"contentUrl\":\"https:\/\/jornalfatosenoticias.com.br\/wp-content\/uploads\/2021\/11\/cidades-inteligentes_es.jpg\",\"width\":1000,\"height\":641},{\"@type\":\"BreadcrumbList\",\"@id\":\"https:\/\/jornalfatosenoticias.com.br\/index.php\/2021\/11\/09\/cidades-inteligentes-bandes-lanca-programa-que-pode-transformar-realidade-de-municipios-capixabas\/#breadcrumb\",\"itemListElement\":[{\"@type\":\"ListItem\",\"position\":1,\"name\":\"In\u00edcio\",\"item\":\"https:\/\/jornalfatosenoticias.com.br\/\"},{\"@type\":\"ListItem\",\"position\":2,\"name\":\"Cidades inteligentes: Bandes lan\u00e7a programa que pode transformar realidade de munic\u00edpios capixabas\"}]},{\"@type\":\"WebSite\",\"@id\":\"https:\/\/jornalfatosenoticias.com.br\/#website\",\"url\":\"https:\/\/jornalfatosenoticias.com.br\/\",\"name\":\"Jornal Fatos e Not\u00edcias\",\"description\":\"Not\u00edcias em geral\",\"publisher\":{\"@id\":\"https:\/\/jornalfatosenoticias.com.br\/#organization\"},\"potentialAction\":[{\"@type\":\"SearchAction\",\"target\":{\"@type\":\"EntryPoint\",\"urlTemplate\":\"https:\/\/jornalfatosenoticias.com.br\/?s={search_term_string}\"},\"query-input\":{\"@type\":\"PropertyValueSpecification\",\"valueRequired\":true,\"valueName\":\"search_term_string\"}}],\"inLanguage\":\"pt-BR\"},{\"@type\":\"Organization\",\"@id\":\"https:\/\/jornalfatosenoticias.com.br\/#organization\",\"name\":\"Jornal Fatos e Not\u00edcias\",\"url\":\"https:\/\/jornalfatosenoticias.com.br\/\",\"logo\":{\"@type\":\"ImageObject\",\"inLanguage\":\"pt-BR\",\"@id\":\"https:\/\/jornalfatosenoticias.com.br\/#\/schema\/logo\/image\/\",\"url\":\"https:\/\/jornalfatosenoticias.com.br\/wp-content\/uploads\/2020\/02\/logo120.png\",\"contentUrl\":\"https:\/\/jornalfatosenoticias.com.br\/wp-content\/uploads\/2020\/02\/logo120.png\",\"width\":1227,\"height\":120,\"caption\":\"Jornal Fatos e Not\u00edcias\"},\"image\":{\"@id\":\"https:\/\/jornalfatosenoticias.com.br\/#\/schema\/logo\/image\/\"}},{\"@type\":\"Person\",\"@id\":\"https:\/\/jornalfatosenoticias.com.br\/#\/schema\/person\/d63837fa13ac8666eb9e74e0985d6f81\",\"name\":\"Luzimara Fernandes\",\"image\":{\"@type\":\"ImageObject\",\"inLanguage\":\"pt-BR\",\"@id\":\"https:\/\/jornalfatosenoticias.com.br\/#\/schema\/person\/image\/\",\"url\":\"https:\/\/jornalfatosenoticias.com.br\/wp-content\/uploads\/2025\/05\/EU_portal.jpg\",\"contentUrl\":\"https:\/\/jornalfatosenoticias.com.br\/wp-content\/uploads\/2025\/05\/EU_portal.jpg\",\"caption\":\"Luzimara Fernandes\"},\"description\":\"Jornalista MTB 2358-ES\",\"sameAs\":[\"https:\/\/jornalfatosenoticias.com.br\"],\"url\":\"https:\/\/jornalfatosenoticias.com.br\/index.php\/author\/luzimara\/\"}]}<\/script>\n<!-- \/ Yoast SEO plugin. -->","yoast_head_json":{"title":"Cidades inteligentes: Bandes lan\u00e7a programa que pode transformar realidade de munic\u00edpios capixabas - Jornal Fatos e Not\u00edcias","robots":{"index":"index","follow":"follow","max-snippet":"max-snippet:-1","max-image-preview":"max-image-preview:large","max-video-preview":"max-video-preview:-1"},"canonical":"https:\/\/jornalfatosenoticias.com.br\/index.php\/2021\/11\/09\/cidades-inteligentes-bandes-lanca-programa-que-pode-transformar-realidade-de-municipios-capixabas\/","og_locale":"pt_BR","og_type":"article","og_title":"Cidades inteligentes: Bandes lan\u00e7a programa que pode transformar realidade de munic\u00edpios capixabas - Jornal Fatos e Not\u00edcias","og_description":"O conceito de &#8216;cidades inteligentes&#8217; enche os olhos. Infraestrutura de telecomunica\u00e7\u00f5es e solu\u00e7\u00f5es tecnol\u00f3gicas, usinas fotovoltaicas, entre outras possibilidades de melhoria da infraestrutura urbana podem se tornar realidade nos munic\u00edpios capixabas. Com objetivo de estruturar esse tipo de projeto, o Banco de Desenvolvimento do Esp\u00edrito Santo (Bandes) lan\u00e7ou, nesta segunda-feira (08), o ES Inteligente, um [&hellip;]","og_url":"https:\/\/jornalfatosenoticias.com.br\/index.php\/2021\/11\/09\/cidades-inteligentes-bandes-lanca-programa-que-pode-transformar-realidade-de-municipios-capixabas\/","og_site_name":"Jornal Fatos e Not\u00edcias","article_published_time":"2021-11-09T19:17:02+00:00","article_modified_time":"2021-11-09T19:17:06+00:00","og_image":[{"width":1000,"height":641,"url":"https:\/\/jornalfatosenoticias.com.br\/wp-content\/uploads\/2021\/11\/cidades-inteligentes_es.jpg","type":"image\/jpeg"}],"author":"Luzimara Fernandes","twitter_card":"summary_large_image","twitter_misc":{"Escrito por":"Luzimara Fernandes","Est. tempo de leitura":"6 minutos"},"schema":{"@context":"https:\/\/schema.org","@graph":[{"@type":"Article","@id":"https:\/\/jornalfatosenoticias.com.br\/index.php\/2021\/11\/09\/cidades-inteligentes-bandes-lanca-programa-que-pode-transformar-realidade-de-municipios-capixabas\/#article","isPartOf":{"@id":"https:\/\/jornalfatosenoticias.com.br\/index.php\/2021\/11\/09\/cidades-inteligentes-bandes-lanca-programa-que-pode-transformar-realidade-de-municipios-capixabas\/"},"author":{"name":"Luzimara Fernandes","@id":"https:\/\/jornalfatosenoticias.com.br\/#\/schema\/person\/d63837fa13ac8666eb9e74e0985d6f81"},"headline":"Cidades inteligentes: Bandes lan\u00e7a programa que pode transformar realidade de munic\u00edpios capixabas","datePublished":"2021-11-09T19:17:02+00:00","dateModified":"2021-11-09T19:17:06+00:00","mainEntityOfPage":{"@id":"https:\/\/jornalfatosenoticias.com.br\/index.php\/2021\/11\/09\/cidades-inteligentes-bandes-lanca-programa-que-pode-transformar-realidade-de-municipios-capixabas\/"},"wordCount":1146,"commentCount":0,"publisher":{"@id":"https:\/\/jornalfatosenoticias.com.br\/#organization"},"image":{"@id":"https:\/\/jornalfatosenoticias.com.br\/index.php\/2021\/11\/09\/cidades-inteligentes-bandes-lanca-programa-que-pode-transformar-realidade-de-municipios-capixabas\/#primaryimage"},"thumbnailUrl":"https:\/\/jornalfatosenoticias.com.br\/wp-content\/uploads\/2021\/11\/cidades-inteligentes_es.jpg","keywords":["Bandes","cidades inteligentes","cidades planejadas","infraestrutura de telecomunica\u00e7\u00f5es","infraestrutura urbana","Smart Cities","solu\u00e7\u00f5es tecnol\u00f3gicas"],"articleSection":["Arq &amp; Urb","Tecnologia &amp; Inova\u00e7\u00e3o"],"inLanguage":"pt-BR","potentialAction":[{"@type":"CommentAction","name":"Comment","target":["https:\/\/jornalfatosenoticias.com.br\/index.php\/2021\/11\/09\/cidades-inteligentes-bandes-lanca-programa-que-pode-transformar-realidade-de-municipios-capixabas\/#respond"]}]},{"@type":"WebPage","@id":"https:\/\/jornalfatosenoticias.com.br\/index.php\/2021\/11\/09\/cidades-inteligentes-bandes-lanca-programa-que-pode-transformar-realidade-de-municipios-capixabas\/","url":"https:\/\/jornalfatosenoticias.com.br\/index.php\/2021\/11\/09\/cidades-inteligentes-bandes-lanca-programa-que-pode-transformar-realidade-de-municipios-capixabas\/","name":"Cidades inteligentes: Bandes lan\u00e7a programa que pode transformar realidade de munic\u00edpios capixabas - Jornal Fatos e Not\u00edcias","isPartOf":{"@id":"https:\/\/jornalfatosenoticias.com.br\/#website"},"primaryImageOfPage":{"@id":"https:\/\/jornalfatosenoticias.com.br\/index.php\/2021\/11\/09\/cidades-inteligentes-bandes-lanca-programa-que-pode-transformar-realidade-de-municipios-capixabas\/#primaryimage"},"image":{"@id":"https:\/\/jornalfatosenoticias.com.br\/index.php\/2021\/11\/09\/cidades-inteligentes-bandes-lanca-programa-que-pode-transformar-realidade-de-municipios-capixabas\/#primaryimage"},"thumbnailUrl":"https:\/\/jornalfatosenoticias.com.br\/wp-content\/uploads\/2021\/11\/cidades-inteligentes_es.jpg","datePublished":"2021-11-09T19:17:02+00:00","dateModified":"2021-11-09T19:17:06+00:00","breadcrumb":{"@id":"https:\/\/jornalfatosenoticias.com.br\/index.php\/2021\/11\/09\/cidades-inteligentes-bandes-lanca-programa-que-pode-transformar-realidade-de-municipios-capixabas\/#breadcrumb"},"inLanguage":"pt-BR","potentialAction":[{"@type":"ReadAction","target":["https:\/\/jornalfatosenoticias.com.br\/index.php\/2021\/11\/09\/cidades-inteligentes-bandes-lanca-programa-que-pode-transformar-realidade-de-municipios-capixabas\/"]}]},{"@type":"ImageObject","inLanguage":"pt-BR","@id":"https:\/\/jornalfatosenoticias.com.br\/index.php\/2021\/11\/09\/cidades-inteligentes-bandes-lanca-programa-que-pode-transformar-realidade-de-municipios-capixabas\/#primaryimage","url":"https:\/\/jornalfatosenoticias.com.br\/wp-content\/uploads\/2021\/11\/cidades-inteligentes_es.jpg","contentUrl":"https:\/\/jornalfatosenoticias.com.br\/wp-content\/uploads\/2021\/11\/cidades-inteligentes_es.jpg","width":1000,"height":641},{"@type":"BreadcrumbList","@id":"https:\/\/jornalfatosenoticias.com.br\/index.php\/2021\/11\/09\/cidades-inteligentes-bandes-lanca-programa-que-pode-transformar-realidade-de-municipios-capixabas\/#breadcrumb","itemListElement":[{"@type":"ListItem","position":1,"name":"In\u00edcio","item":"https:\/\/jornalfatosenoticias.com.br\/"},{"@type":"ListItem","position":2,"name":"Cidades inteligentes: Bandes lan\u00e7a programa que pode transformar realidade de munic\u00edpios capixabas"}]},{"@type":"WebSite","@id":"https:\/\/jornalfatosenoticias.com.br\/#website","url":"https:\/\/jornalfatosenoticias.com.br\/","name":"Jornal Fatos e Not\u00edcias","description":"Not\u00edcias em geral","publisher":{"@id":"https:\/\/jornalfatosenoticias.com.br\/#organization"},"potentialAction":[{"@type":"SearchAction","target":{"@type":"EntryPoint","urlTemplate":"https:\/\/jornalfatosenoticias.com.br\/?s={search_term_string}"},"query-input":{"@type":"PropertyValueSpecification","valueRequired":true,"valueName":"search_term_string"}}],"inLanguage":"pt-BR"},{"@type":"Organization","@id":"https:\/\/jornalfatosenoticias.com.br\/#organization","name":"Jornal Fatos e Not\u00edcias","url":"https:\/\/jornalfatosenoticias.com.br\/","logo":{"@type":"ImageObject","inLanguage":"pt-BR","@id":"https:\/\/jornalfatosenoticias.com.br\/#\/schema\/logo\/image\/","url":"https:\/\/jornalfatosenoticias.com.br\/wp-content\/uploads\/2020\/02\/logo120.png","contentUrl":"https:\/\/jornalfatosenoticias.com.br\/wp-content\/uploads\/2020\/02\/logo120.png","width":1227,"height":120,"caption":"Jornal Fatos e Not\u00edcias"},"image":{"@id":"https:\/\/jornalfatosenoticias.com.br\/#\/schema\/logo\/image\/"}},{"@type":"Person","@id":"https:\/\/jornalfatosenoticias.com.br\/#\/schema\/person\/d63837fa13ac8666eb9e74e0985d6f81","name":"Luzimara Fernandes","image":{"@type":"ImageObject","inLanguage":"pt-BR","@id":"https:\/\/jornalfatosenoticias.com.br\/#\/schema\/person\/image\/","url":"https:\/\/jornalfatosenoticias.com.br\/wp-content\/uploads\/2025\/05\/EU_portal.jpg","contentUrl":"https:\/\/jornalfatosenoticias.com.br\/wp-content\/uploads\/2025\/05\/EU_portal.jpg","caption":"Luzimara Fernandes"},"description":"Jornalista MTB 2358-ES","sameAs":["https:\/\/jornalfatosenoticias.com.br"],"url":"https:\/\/jornalfatosenoticias.com.br\/index.php\/author\/luzimara\/"}]}},"cc_featured_image_caption":{"caption_text":"(Foto: H\u00e9lio Filho\/Secom) ","source_text":"","source_url":""},"jetpack_featured_media_url":"https:\/\/jornalfatosenoticias.com.br\/wp-content\/uploads\/2021\/11\/cidades-inteligentes_es.jpg","_links":{"self":[{"href":"https:\/\/jornalfatosenoticias.com.br\/index.php\/wp-json\/wp\/v2\/posts\/24744","targetHints":{"allow":["GET"]}}],"collection":[{"href":"https:\/\/jornalfatosenoticias.com.br\/index.php\/wp-json\/wp\/v2\/posts"}],"about":[{"href":"https:\/\/jornalfatosenoticias.com.br\/index.php\/wp-json\/wp\/v2\/types\/post"}],"author":[{"embeddable":true,"href":"https:\/\/jornalfatosenoticias.com.br\/index.php\/wp-json\/wp\/v2\/users\/2"}],"replies":[{"embeddable":true,"href":"https:\/\/jornalfatosenoticias.com.br\/index.php\/wp-json\/wp\/v2\/comments?post=24744"}],"version-history":[{"count":0,"href":"https:\/\/jornalfatosenoticias.com.br\/index.php\/wp-json\/wp\/v2\/posts\/24744\/revisions"}],"wp:featuredmedia":[{"embeddable":true,"href":"https:\/\/jornalfatosenoticias.com.br\/index.php\/wp-json\/wp\/v2\/media\/24745"}],"wp:attachment":[{"href":"https:\/\/jornalfatosenoticias.com.br\/index.php\/wp-json\/wp\/v2\/media?parent=24744"}],"wp:term":[{"taxonomy":"category","embeddable":true,"href":"https:\/\/jornalfatosenoticias.com.br\/index.php\/wp-json\/wp\/v2\/categories?post=24744"},{"taxonomy":"post_tag","embeddable":true,"href":"https:\/\/jornalfatosenoticias.com.br\/index.php\/wp-json\/wp\/v2\/tags?post=24744"}],"curies":[{"name":"wp","href":"https:\/\/api.w.org\/{rel}","templated":true}]}}