{"id":24775,"date":"2021-11-10T10:36:44","date_gmt":"2021-11-10T13:36:44","guid":{"rendered":"https:\/\/jornalfatosenoticias.com.br\/?p=24775"},"modified":"2021-11-10T10:36:46","modified_gmt":"2021-11-10T13:36:46","slug":"estudo-investiga-por-que-cachorros-viram-a-cabeca-ao-ouvir-humanos","status":"publish","type":"post","link":"https:\/\/jornalfatosenoticias.com.br\/index.php\/2021\/11\/10\/estudo-investiga-por-que-cachorros-viram-a-cabeca-ao-ouvir-humanos\/","title":{"rendered":"Estudo investiga por que cachorros viram a cabe\u00e7a ao ouvir humanos"},"content":{"rendered":"\n<p><em><span class=\"has-inline-color has-black-color\">Cientistas sugerem que gesto \u00e9 um sinal de aten\u00e7\u00e3o redobrada \u2014 e pode ser mais frequente em alguns c\u00e3es do que em outros; entenda<\/span><\/em><\/p>\n\n\n\n<p>Se voc\u00ea acha que o seu c\u00e3ozinho est\u00e1 se sentindo confuso toda vez que ele inclina a cabe\u00e7a para o lado ao ouvir sua voz, est\u00e1 enganado: o gesto \u00e9, na verdade, um sinal de aten\u00e7\u00e3o redobrada, e pode ser mais frequente em alguns <a href=\"https:\/\/revistagalileu.globo.com\/Ciencia\/Biologia\/noticia\/2021\/10\/caes-domesticos-trocam-mais-olhares-com-humanos-conclui-estudo-da-usp.html\" target=\"_blank\" rel=\"noreferrer noopener\"><strong>c\u00e3es<\/strong><\/a>\u00a0do que em outros. A hip\u00f3tese \u00e9 de um estudo publicado no peri\u00f3dico cient\u00edfico\u00a0<strong><a href=\"https:\/\/link.springer.com\/article\/10.1007\/s10071-021-01571-8#Abs1\" target=\"_blank\" rel=\"noreferrer noopener\"><em>Animal Cognition<\/em><\/a> <\/strong>no \u00faltimo dia 26 de outubro.<br>Para investigar esse <strong><a href=\"https:\/\/revistagalileu.globo.com\/Sociedade\/Comportamento\/noticia\/plantao.html\" target=\"_blank\" rel=\"noreferrer noopener\">comportamento<\/a><\/strong> canino, pesquisadores da Universidade E\u00f6tv\u00f6s Lor\u00e1nd, na Hungria, conduziram uma s\u00e9rie de experimentos com um total de 40 cachorros. Os animais j\u00e1 tinham participado de outro estudo, no qual foram classificados em dois grupos: sete eram os &#8220;aprendizes habilidosos de palavras\u201d (<em>gifted word learners<\/em> ou GWL, em ingl\u00eas) e os outros 33, \u201cc\u00e3es t\u00edpicos\u201d.<br>Havia uma justificativa por tr\u00e1s da nomenclatura: enquanto os GWL provaram ser altamente adeptos ao aprendizado de nomes de objetos \u2014 brinquedos \u2014 os t\u00edpicos s\u00f3 conseguiram memorizar um ou dois nomes, embora ambos os grupos tivessem passado pelo menos treinamento de tr\u00eas meses para se familiarizar com as pe\u00e7as.<br>Na pesquisa mais recente, o que os cientistas fizeram foi analisar a ocorr\u00eancia de inclina\u00e7\u00f5es de cabe\u00e7a nesses animais quando seus guias pediam os brinquedos. O resultado? Ao ouvir o pedido de seus donos, os <strong><a href=\"https:\/\/revistagalileu.globo.com\/Ciencia\/Biologia\/noticia\/2021\/10\/lobo-japones-e-o-parente-mais-proximo-dos-caes-domesticos-indica-estudo.html\" target=\"_blank\" rel=\"noreferrer noopener\">c\u00e3es<\/a><\/strong> GWL inclinaram a cabe\u00e7a \u201csignificativamente mais do que os c\u00e3es t\u00edpicos\u201d: 43% contra 2% das vezes, segundo o estudo.<\/p>\n\n\n\n<p><strong><span class=\"has-inline-color has-black-color\">E o que isso significa?<br><\/span><\/strong>Uma vez que todos os c\u00e3ezinhos estavam igualmente treinados com os nomes dos objetos, os autores conclu\u00edram que a familiaridade do est\u00edmulo, por si s\u00f3, n\u00e3o foi suficiente para provocar inclina\u00e7\u00f5es de cabe\u00e7a.<br>Eles sugerem que, em vez disso, o gesto pode ser uma resposta canina a &#8220;palavras significativas&#8221;, o que poderia explicar por que os animais GWL repetiram as inclina\u00e7\u00f5es com mais frequ\u00eancia durante os testes. \u201cPode ser um sinal de aten\u00e7\u00e3o redobrada\u201d, escrevem os pesquisadores no <a href=\"https:\/\/link.springer.com\/article\/10.1007\/s10071-021-01571-8#Abs1\" target=\"_blank\" rel=\"noreferrer noopener\"><strong>estudo<\/strong><\/a>, ressaltando que as fun\u00e7\u00f5es cerebrais lateralizadas ajudam os c\u00e3es a processar informa\u00e7\u00f5es.\u00a0\u201cPossivelmente, inclinar a cabe\u00e7a tamb\u00e9m pode estar relacionado a fazer uma correspond\u00eancia modal cruzada na\u00a0<a href=\"https:\/\/revistagalileu.globo.com\/Ciencia\/noticia\/2021\/10\/cientistas-identificam-proteina-que-indica-se-memorias-sao-alteraveis.html\" target=\"_blank\" rel=\"noreferrer noopener\"><strong>mem\u00f3ria<\/strong><\/a> dos c\u00e3es (por exemplo, o nome de uma imagem visual) ao ouvir o nome do brinquedo\u201d, acrescentam.<\/p>\n\n\n\n<figure class=\"wp-block-image size-large is-style-default\"><img loading=\"lazy\" decoding=\"async\" width=\"732\" height=\"1000\" src=\"https:\/\/jornalfatosenoticias.com.br\/wp-content\/uploads\/2021\/11\/Estudo-investiga-por-que-cachorros-viram-a-cabeca-ao-ouvir-humanos_2.jpg\" alt=\"\" class=\"wp-image-24776\" srcset=\"https:\/\/jornalfatosenoticias.com.br\/wp-content\/uploads\/2021\/11\/Estudo-investiga-por-que-cachorros-viram-a-cabeca-ao-ouvir-humanos_2.jpg 732w, https:\/\/jornalfatosenoticias.com.br\/wp-content\/uploads\/2021\/11\/Estudo-investiga-por-que-cachorros-viram-a-cabeca-ao-ouvir-humanos_2-220x300.jpg 220w\" sizes=\"auto, (max-width: 732px) 100vw, 732px\" \/><figcaption><em><span class=\"has-inline-color has-black-color\">De cima para baixo: c\u00e3es Max, Gaia e Whisky um pouco antes e durante a inclina\u00e7\u00e3o da cabe\u00e7a (fotos esquerda e direita, respectivamente) durante os Experimentos 1 e 2 (Foto: Animal Cognition)<\/span><\/em><\/figcaption><\/figure>\n\n\n\n<p>Os c\u00e3es que realizaram inclina\u00e7\u00f5es frequentes eram todos <strong><a href=\"https:\/\/revistagalileu.globo.com\/Ciencia\/noticia\/2021\/01\/filhotes-de-tiranossauro-tinham-tamanho-de-border-collie-revela-analise.html\" target=\"_blank\" rel=\"noreferrer noopener\">Border collies<\/a>,<\/strong> mas a maioria dos t\u00edpicos tamb\u00e9m. Por isso, a investiga\u00e7\u00e3o considera que mais trabalhos s\u00e3o necess\u00e1rios para identificar poss\u00edveis diferen\u00e7as desse comportamento entre ra\u00e7as.<br>Ent\u00e3o, \u00e9 poss\u00edvel dizer que s\u00f3 os c\u00e3es mais habilidosos inclinam a cabe\u00e7a com frequ\u00eancia? &#8220;\u00c9 importante notar que esse estudo investigou apenas inclina\u00e7\u00f5es de cabe\u00e7a durante uma intera\u00e7\u00e3o comunicativa muito espec\u00edfica entre o dono do c\u00e3o: quando o dono pede ao c\u00e3o para buscar um brinquedo com nome&#8221;, responde Shany Dror, coautora do estudo, <strong><a href=\"https:\/\/phys.org\/news\/2021-10-talk-to-tilt-tilting-dogs.html\" target=\"_blank\" rel=\"noreferrer noopener\">em comunicado<\/a><\/strong>.<br>Andrea Temesi, outra autora, acrescenta: &#8220;Portanto, \u00e9 importante evitar pensar que apenas c\u00e3es aprendizes de palavras dotados ir\u00e3o inclinar a cabe\u00e7a em outras situa\u00e7\u00f5es n\u00e3o testadas neste estudo&#8221;.<\/p>\n\n\n\n<p><strong><em>Fonte: <a href=\"https:\/\/revistagalileu.globo.com\/Ciencia\/Biologia\/noticia\/2021\/11\/estudo-investiga-por-que-cachorros-viram-cabeca-ao-ouvir-humanos.html\">Revista Galileu<\/a><\/em><\/strong><\/p>\n","protected":false},"excerpt":{"rendered":"<p>Cientistas sugerem que gesto \u00e9 um sinal de aten\u00e7\u00e3o redobrada \u2014 e pode ser mais frequente em alguns c\u00e3es do que em outros; entenda Se voc\u00ea acha que o seu c\u00e3ozinho est\u00e1 se sentindo confuso toda vez que ele inclina a cabe\u00e7a para o lado ao ouvir sua voz, est\u00e1 enganado: o gesto \u00e9, na [&hellip;]<\/p>\n","protected":false},"author":2,"featured_media":24777,"comment_status":"open","ping_status":"open","sticky":false,"template":"","format":"standard","meta":{"footnotes":""},"categories":[2,9710],"tags":[754,11961,714,11962],"class_list":["post-24775","post","type-post","status-publish","format-standard","has-post-thumbnail","hentry","category-ciencia","category-pets","tag-caes","tag-comportamento-canino","tag-estudo","tag-memoria-dos-caes"],"yoast_head":"<!-- This site is optimized with the Yoast SEO plugin v26.5 - https:\/\/yoast.com\/wordpress\/plugins\/seo\/ -->\n<title>Estudo investiga por que cachorros viram a cabe\u00e7a ao ouvir humanos - Jornal Fatos e Not\u00edcias<\/title>\n<meta name=\"robots\" content=\"index, follow, max-snippet:-1, max-image-preview:large, max-video-preview:-1\" \/>\n<link rel=\"canonical\" href=\"https:\/\/jornalfatosenoticias.com.br\/index.php\/2021\/11\/10\/estudo-investiga-por-que-cachorros-viram-a-cabeca-ao-ouvir-humanos\/\" \/>\n<meta property=\"og:locale\" content=\"pt_BR\" \/>\n<meta property=\"og:type\" content=\"article\" \/>\n<meta property=\"og:title\" content=\"Estudo investiga por que cachorros viram a cabe\u00e7a ao ouvir humanos - Jornal Fatos e Not\u00edcias\" \/>\n<meta property=\"og:description\" content=\"Cientistas sugerem que gesto \u00e9 um sinal de aten\u00e7\u00e3o redobrada \u2014 e pode ser mais frequente em alguns c\u00e3es do que em outros; entenda Se voc\u00ea acha que o seu c\u00e3ozinho est\u00e1 se sentindo confuso toda vez que ele inclina a cabe\u00e7a para o lado ao ouvir sua voz, est\u00e1 enganado: o gesto \u00e9, na [&hellip;]\" \/>\n<meta property=\"og:url\" content=\"https:\/\/jornalfatosenoticias.com.br\/index.php\/2021\/11\/10\/estudo-investiga-por-que-cachorros-viram-a-cabeca-ao-ouvir-humanos\/\" \/>\n<meta property=\"og:site_name\" content=\"Jornal Fatos e Not\u00edcias\" \/>\n<meta property=\"article:published_time\" content=\"2021-11-10T13:36:44+00:00\" \/>\n<meta property=\"article:modified_time\" content=\"2021-11-10T13:36:46+00:00\" \/>\n<meta property=\"og:image\" content=\"https:\/\/jornalfatosenoticias.com.br\/wp-content\/uploads\/2021\/11\/Estudo-investiga-por-que-cachorros-viram-a-cabeca-ao-ouvir-humanos_tadeusz-lakota-unsplash.jpg\" \/>\n\t<meta property=\"og:image:width\" content=\"1000\" \/>\n\t<meta property=\"og:image:height\" content=\"666\" \/>\n\t<meta property=\"og:image:type\" content=\"image\/jpeg\" \/>\n<meta name=\"author\" content=\"Luzimara Fernandes\" \/>\n<meta name=\"twitter:card\" content=\"summary_large_image\" \/>\n<meta name=\"twitter:label1\" content=\"Escrito por\" \/>\n\t<meta name=\"twitter:data1\" content=\"Luzimara Fernandes\" \/>\n\t<meta name=\"twitter:label2\" content=\"Est. tempo de leitura\" \/>\n\t<meta name=\"twitter:data2\" content=\"3 minutos\" \/>\n<script type=\"application\/ld+json\" class=\"yoast-schema-graph\">{\"@context\":\"https:\/\/schema.org\",\"@graph\":[{\"@type\":\"Article\",\"@id\":\"https:\/\/jornalfatosenoticias.com.br\/index.php\/2021\/11\/10\/estudo-investiga-por-que-cachorros-viram-a-cabeca-ao-ouvir-humanos\/#article\",\"isPartOf\":{\"@id\":\"https:\/\/jornalfatosenoticias.com.br\/index.php\/2021\/11\/10\/estudo-investiga-por-que-cachorros-viram-a-cabeca-ao-ouvir-humanos\/\"},\"author\":{\"name\":\"Luzimara Fernandes\",\"@id\":\"https:\/\/jornalfatosenoticias.com.br\/#\/schema\/person\/d63837fa13ac8666eb9e74e0985d6f81\"},\"headline\":\"Estudo investiga por que cachorros viram a cabe\u00e7a ao ouvir humanos\",\"datePublished\":\"2021-11-10T13:36:44+00:00\",\"dateModified\":\"2021-11-10T13:36:46+00:00\",\"mainEntityOfPage\":{\"@id\":\"https:\/\/jornalfatosenoticias.com.br\/index.php\/2021\/11\/10\/estudo-investiga-por-que-cachorros-viram-a-cabeca-ao-ouvir-humanos\/\"},\"wordCount\":606,\"commentCount\":0,\"publisher\":{\"@id\":\"https:\/\/jornalfatosenoticias.com.br\/#organization\"},\"image\":{\"@id\":\"https:\/\/jornalfatosenoticias.com.br\/index.php\/2021\/11\/10\/estudo-investiga-por-que-cachorros-viram-a-cabeca-ao-ouvir-humanos\/#primaryimage\"},\"thumbnailUrl\":\"https:\/\/jornalfatosenoticias.com.br\/wp-content\/uploads\/2021\/11\/Estudo-investiga-por-que-cachorros-viram-a-cabeca-ao-ouvir-humanos_tadeusz-lakota-unsplash.jpg\",\"keywords\":[\"c\u00e3es\",\"comportamento canino\",\"Estudo\",\"mem\u00f3ria dos c\u00e3es\"],\"articleSection\":[\"Ci\u00eancia\",\"Pets\"],\"inLanguage\":\"pt-BR\",\"potentialAction\":[{\"@type\":\"CommentAction\",\"name\":\"Comment\",\"target\":[\"https:\/\/jornalfatosenoticias.com.br\/index.php\/2021\/11\/10\/estudo-investiga-por-que-cachorros-viram-a-cabeca-ao-ouvir-humanos\/#respond\"]}]},{\"@type\":\"WebPage\",\"@id\":\"https:\/\/jornalfatosenoticias.com.br\/index.php\/2021\/11\/10\/estudo-investiga-por-que-cachorros-viram-a-cabeca-ao-ouvir-humanos\/\",\"url\":\"https:\/\/jornalfatosenoticias.com.br\/index.php\/2021\/11\/10\/estudo-investiga-por-que-cachorros-viram-a-cabeca-ao-ouvir-humanos\/\",\"name\":\"Estudo investiga por que cachorros viram a cabe\u00e7a ao ouvir humanos - Jornal Fatos e Not\u00edcias\",\"isPartOf\":{\"@id\":\"https:\/\/jornalfatosenoticias.com.br\/#website\"},\"primaryImageOfPage\":{\"@id\":\"https:\/\/jornalfatosenoticias.com.br\/index.php\/2021\/11\/10\/estudo-investiga-por-que-cachorros-viram-a-cabeca-ao-ouvir-humanos\/#primaryimage\"},\"image\":{\"@id\":\"https:\/\/jornalfatosenoticias.com.br\/index.php\/2021\/11\/10\/estudo-investiga-por-que-cachorros-viram-a-cabeca-ao-ouvir-humanos\/#primaryimage\"},\"thumbnailUrl\":\"https:\/\/jornalfatosenoticias.com.br\/wp-content\/uploads\/2021\/11\/Estudo-investiga-por-que-cachorros-viram-a-cabeca-ao-ouvir-humanos_tadeusz-lakota-unsplash.jpg\",\"datePublished\":\"2021-11-10T13:36:44+00:00\",\"dateModified\":\"2021-11-10T13:36:46+00:00\",\"breadcrumb\":{\"@id\":\"https:\/\/jornalfatosenoticias.com.br\/index.php\/2021\/11\/10\/estudo-investiga-por-que-cachorros-viram-a-cabeca-ao-ouvir-humanos\/#breadcrumb\"},\"inLanguage\":\"pt-BR\",\"potentialAction\":[{\"@type\":\"ReadAction\",\"target\":[\"https:\/\/jornalfatosenoticias.com.br\/index.php\/2021\/11\/10\/estudo-investiga-por-que-cachorros-viram-a-cabeca-ao-ouvir-humanos\/\"]}]},{\"@type\":\"ImageObject\",\"inLanguage\":\"pt-BR\",\"@id\":\"https:\/\/jornalfatosenoticias.com.br\/index.php\/2021\/11\/10\/estudo-investiga-por-que-cachorros-viram-a-cabeca-ao-ouvir-humanos\/#primaryimage\",\"url\":\"https:\/\/jornalfatosenoticias.com.br\/wp-content\/uploads\/2021\/11\/Estudo-investiga-por-que-cachorros-viram-a-cabeca-ao-ouvir-humanos_tadeusz-lakota-unsplash.jpg\",\"contentUrl\":\"https:\/\/jornalfatosenoticias.com.br\/wp-content\/uploads\/2021\/11\/Estudo-investiga-por-que-cachorros-viram-a-cabeca-ao-ouvir-humanos_tadeusz-lakota-unsplash.jpg\",\"width\":1000,\"height\":666},{\"@type\":\"BreadcrumbList\",\"@id\":\"https:\/\/jornalfatosenoticias.com.br\/index.php\/2021\/11\/10\/estudo-investiga-por-que-cachorros-viram-a-cabeca-ao-ouvir-humanos\/#breadcrumb\",\"itemListElement\":[{\"@type\":\"ListItem\",\"position\":1,\"name\":\"In\u00edcio\",\"item\":\"https:\/\/jornalfatosenoticias.com.br\/\"},{\"@type\":\"ListItem\",\"position\":2,\"name\":\"Estudo investiga por que cachorros viram a cabe\u00e7a ao ouvir humanos\"}]},{\"@type\":\"WebSite\",\"@id\":\"https:\/\/jornalfatosenoticias.com.br\/#website\",\"url\":\"https:\/\/jornalfatosenoticias.com.br\/\",\"name\":\"Jornal Fatos e Not\u00edcias\",\"description\":\"Not\u00edcias em geral\",\"publisher\":{\"@id\":\"https:\/\/jornalfatosenoticias.com.br\/#organization\"},\"potentialAction\":[{\"@type\":\"SearchAction\",\"target\":{\"@type\":\"EntryPoint\",\"urlTemplate\":\"https:\/\/jornalfatosenoticias.com.br\/?s={search_term_string}\"},\"query-input\":{\"@type\":\"PropertyValueSpecification\",\"valueRequired\":true,\"valueName\":\"search_term_string\"}}],\"inLanguage\":\"pt-BR\"},{\"@type\":\"Organization\",\"@id\":\"https:\/\/jornalfatosenoticias.com.br\/#organization\",\"name\":\"Jornal Fatos e Not\u00edcias\",\"url\":\"https:\/\/jornalfatosenoticias.com.br\/\",\"logo\":{\"@type\":\"ImageObject\",\"inLanguage\":\"pt-BR\",\"@id\":\"https:\/\/jornalfatosenoticias.com.br\/#\/schema\/logo\/image\/\",\"url\":\"https:\/\/jornalfatosenoticias.com.br\/wp-content\/uploads\/2020\/02\/logo120.png\",\"contentUrl\":\"https:\/\/jornalfatosenoticias.com.br\/wp-content\/uploads\/2020\/02\/logo120.png\",\"width\":1227,\"height\":120,\"caption\":\"Jornal Fatos e Not\u00edcias\"},\"image\":{\"@id\":\"https:\/\/jornalfatosenoticias.com.br\/#\/schema\/logo\/image\/\"}},{\"@type\":\"Person\",\"@id\":\"https:\/\/jornalfatosenoticias.com.br\/#\/schema\/person\/d63837fa13ac8666eb9e74e0985d6f81\",\"name\":\"Luzimara Fernandes\",\"image\":{\"@type\":\"ImageObject\",\"inLanguage\":\"pt-BR\",\"@id\":\"https:\/\/jornalfatosenoticias.com.br\/#\/schema\/person\/image\/\",\"url\":\"https:\/\/jornalfatosenoticias.com.br\/wp-content\/uploads\/2025\/05\/EU_portal.jpg\",\"contentUrl\":\"https:\/\/jornalfatosenoticias.com.br\/wp-content\/uploads\/2025\/05\/EU_portal.jpg\",\"caption\":\"Luzimara Fernandes\"},\"description\":\"Jornalista MTB 2358-ES\",\"sameAs\":[\"https:\/\/jornalfatosenoticias.com.br\"],\"url\":\"https:\/\/jornalfatosenoticias.com.br\/index.php\/author\/luzimara\/\"}]}<\/script>\n<!-- \/ Yoast SEO plugin. -->","yoast_head_json":{"title":"Estudo investiga por que cachorros viram a cabe\u00e7a ao ouvir humanos - Jornal Fatos e Not\u00edcias","robots":{"index":"index","follow":"follow","max-snippet":"max-snippet:-1","max-image-preview":"max-image-preview:large","max-video-preview":"max-video-preview:-1"},"canonical":"https:\/\/jornalfatosenoticias.com.br\/index.php\/2021\/11\/10\/estudo-investiga-por-que-cachorros-viram-a-cabeca-ao-ouvir-humanos\/","og_locale":"pt_BR","og_type":"article","og_title":"Estudo investiga por que cachorros viram a cabe\u00e7a ao ouvir humanos - Jornal Fatos e Not\u00edcias","og_description":"Cientistas sugerem que gesto \u00e9 um sinal de aten\u00e7\u00e3o redobrada \u2014 e pode ser mais frequente em alguns c\u00e3es do que em outros; entenda Se voc\u00ea acha que o seu c\u00e3ozinho est\u00e1 se sentindo confuso toda vez que ele inclina a cabe\u00e7a para o lado ao ouvir sua voz, est\u00e1 enganado: o gesto \u00e9, na [&hellip;]","og_url":"https:\/\/jornalfatosenoticias.com.br\/index.php\/2021\/11\/10\/estudo-investiga-por-que-cachorros-viram-a-cabeca-ao-ouvir-humanos\/","og_site_name":"Jornal Fatos e Not\u00edcias","article_published_time":"2021-11-10T13:36:44+00:00","article_modified_time":"2021-11-10T13:36:46+00:00","og_image":[{"width":1000,"height":666,"url":"https:\/\/jornalfatosenoticias.com.br\/wp-content\/uploads\/2021\/11\/Estudo-investiga-por-que-cachorros-viram-a-cabeca-ao-ouvir-humanos_tadeusz-lakota-unsplash.jpg","type":"image\/jpeg"}],"author":"Luzimara Fernandes","twitter_card":"summary_large_image","twitter_misc":{"Escrito por":"Luzimara Fernandes","Est. tempo de leitura":"3 minutos"},"schema":{"@context":"https:\/\/schema.org","@graph":[{"@type":"Article","@id":"https:\/\/jornalfatosenoticias.com.br\/index.php\/2021\/11\/10\/estudo-investiga-por-que-cachorros-viram-a-cabeca-ao-ouvir-humanos\/#article","isPartOf":{"@id":"https:\/\/jornalfatosenoticias.com.br\/index.php\/2021\/11\/10\/estudo-investiga-por-que-cachorros-viram-a-cabeca-ao-ouvir-humanos\/"},"author":{"name":"Luzimara Fernandes","@id":"https:\/\/jornalfatosenoticias.com.br\/#\/schema\/person\/d63837fa13ac8666eb9e74e0985d6f81"},"headline":"Estudo investiga por que cachorros viram a cabe\u00e7a ao ouvir humanos","datePublished":"2021-11-10T13:36:44+00:00","dateModified":"2021-11-10T13:36:46+00:00","mainEntityOfPage":{"@id":"https:\/\/jornalfatosenoticias.com.br\/index.php\/2021\/11\/10\/estudo-investiga-por-que-cachorros-viram-a-cabeca-ao-ouvir-humanos\/"},"wordCount":606,"commentCount":0,"publisher":{"@id":"https:\/\/jornalfatosenoticias.com.br\/#organization"},"image":{"@id":"https:\/\/jornalfatosenoticias.com.br\/index.php\/2021\/11\/10\/estudo-investiga-por-que-cachorros-viram-a-cabeca-ao-ouvir-humanos\/#primaryimage"},"thumbnailUrl":"https:\/\/jornalfatosenoticias.com.br\/wp-content\/uploads\/2021\/11\/Estudo-investiga-por-que-cachorros-viram-a-cabeca-ao-ouvir-humanos_tadeusz-lakota-unsplash.jpg","keywords":["c\u00e3es","comportamento canino","Estudo","mem\u00f3ria dos c\u00e3es"],"articleSection":["Ci\u00eancia","Pets"],"inLanguage":"pt-BR","potentialAction":[{"@type":"CommentAction","name":"Comment","target":["https:\/\/jornalfatosenoticias.com.br\/index.php\/2021\/11\/10\/estudo-investiga-por-que-cachorros-viram-a-cabeca-ao-ouvir-humanos\/#respond"]}]},{"@type":"WebPage","@id":"https:\/\/jornalfatosenoticias.com.br\/index.php\/2021\/11\/10\/estudo-investiga-por-que-cachorros-viram-a-cabeca-ao-ouvir-humanos\/","url":"https:\/\/jornalfatosenoticias.com.br\/index.php\/2021\/11\/10\/estudo-investiga-por-que-cachorros-viram-a-cabeca-ao-ouvir-humanos\/","name":"Estudo investiga por que cachorros viram a cabe\u00e7a ao ouvir humanos - Jornal Fatos e Not\u00edcias","isPartOf":{"@id":"https:\/\/jornalfatosenoticias.com.br\/#website"},"primaryImageOfPage":{"@id":"https:\/\/jornalfatosenoticias.com.br\/index.php\/2021\/11\/10\/estudo-investiga-por-que-cachorros-viram-a-cabeca-ao-ouvir-humanos\/#primaryimage"},"image":{"@id":"https:\/\/jornalfatosenoticias.com.br\/index.php\/2021\/11\/10\/estudo-investiga-por-que-cachorros-viram-a-cabeca-ao-ouvir-humanos\/#primaryimage"},"thumbnailUrl":"https:\/\/jornalfatosenoticias.com.br\/wp-content\/uploads\/2021\/11\/Estudo-investiga-por-que-cachorros-viram-a-cabeca-ao-ouvir-humanos_tadeusz-lakota-unsplash.jpg","datePublished":"2021-11-10T13:36:44+00:00","dateModified":"2021-11-10T13:36:46+00:00","breadcrumb":{"@id":"https:\/\/jornalfatosenoticias.com.br\/index.php\/2021\/11\/10\/estudo-investiga-por-que-cachorros-viram-a-cabeca-ao-ouvir-humanos\/#breadcrumb"},"inLanguage":"pt-BR","potentialAction":[{"@type":"ReadAction","target":["https:\/\/jornalfatosenoticias.com.br\/index.php\/2021\/11\/10\/estudo-investiga-por-que-cachorros-viram-a-cabeca-ao-ouvir-humanos\/"]}]},{"@type":"ImageObject","inLanguage":"pt-BR","@id":"https:\/\/jornalfatosenoticias.com.br\/index.php\/2021\/11\/10\/estudo-investiga-por-que-cachorros-viram-a-cabeca-ao-ouvir-humanos\/#primaryimage","url":"https:\/\/jornalfatosenoticias.com.br\/wp-content\/uploads\/2021\/11\/Estudo-investiga-por-que-cachorros-viram-a-cabeca-ao-ouvir-humanos_tadeusz-lakota-unsplash.jpg","contentUrl":"https:\/\/jornalfatosenoticias.com.br\/wp-content\/uploads\/2021\/11\/Estudo-investiga-por-que-cachorros-viram-a-cabeca-ao-ouvir-humanos_tadeusz-lakota-unsplash.jpg","width":1000,"height":666},{"@type":"BreadcrumbList","@id":"https:\/\/jornalfatosenoticias.com.br\/index.php\/2021\/11\/10\/estudo-investiga-por-que-cachorros-viram-a-cabeca-ao-ouvir-humanos\/#breadcrumb","itemListElement":[{"@type":"ListItem","position":1,"name":"In\u00edcio","item":"https:\/\/jornalfatosenoticias.com.br\/"},{"@type":"ListItem","position":2,"name":"Estudo investiga por que cachorros viram a cabe\u00e7a ao ouvir humanos"}]},{"@type":"WebSite","@id":"https:\/\/jornalfatosenoticias.com.br\/#website","url":"https:\/\/jornalfatosenoticias.com.br\/","name":"Jornal Fatos e Not\u00edcias","description":"Not\u00edcias em geral","publisher":{"@id":"https:\/\/jornalfatosenoticias.com.br\/#organization"},"potentialAction":[{"@type":"SearchAction","target":{"@type":"EntryPoint","urlTemplate":"https:\/\/jornalfatosenoticias.com.br\/?s={search_term_string}"},"query-input":{"@type":"PropertyValueSpecification","valueRequired":true,"valueName":"search_term_string"}}],"inLanguage":"pt-BR"},{"@type":"Organization","@id":"https:\/\/jornalfatosenoticias.com.br\/#organization","name":"Jornal Fatos e Not\u00edcias","url":"https:\/\/jornalfatosenoticias.com.br\/","logo":{"@type":"ImageObject","inLanguage":"pt-BR","@id":"https:\/\/jornalfatosenoticias.com.br\/#\/schema\/logo\/image\/","url":"https:\/\/jornalfatosenoticias.com.br\/wp-content\/uploads\/2020\/02\/logo120.png","contentUrl":"https:\/\/jornalfatosenoticias.com.br\/wp-content\/uploads\/2020\/02\/logo120.png","width":1227,"height":120,"caption":"Jornal Fatos e Not\u00edcias"},"image":{"@id":"https:\/\/jornalfatosenoticias.com.br\/#\/schema\/logo\/image\/"}},{"@type":"Person","@id":"https:\/\/jornalfatosenoticias.com.br\/#\/schema\/person\/d63837fa13ac8666eb9e74e0985d6f81","name":"Luzimara Fernandes","image":{"@type":"ImageObject","inLanguage":"pt-BR","@id":"https:\/\/jornalfatosenoticias.com.br\/#\/schema\/person\/image\/","url":"https:\/\/jornalfatosenoticias.com.br\/wp-content\/uploads\/2025\/05\/EU_portal.jpg","contentUrl":"https:\/\/jornalfatosenoticias.com.br\/wp-content\/uploads\/2025\/05\/EU_portal.jpg","caption":"Luzimara Fernandes"},"description":"Jornalista MTB 2358-ES","sameAs":["https:\/\/jornalfatosenoticias.com.br"],"url":"https:\/\/jornalfatosenoticias.com.br\/index.php\/author\/luzimara\/"}]}},"cc_featured_image_caption":{"caption_text":"(Foto: Tadeusz Lakota\/Unsplash)","source_text":"","source_url":""},"jetpack_featured_media_url":"https:\/\/jornalfatosenoticias.com.br\/wp-content\/uploads\/2021\/11\/Estudo-investiga-por-que-cachorros-viram-a-cabeca-ao-ouvir-humanos_tadeusz-lakota-unsplash.jpg","_links":{"self":[{"href":"https:\/\/jornalfatosenoticias.com.br\/index.php\/wp-json\/wp\/v2\/posts\/24775","targetHints":{"allow":["GET"]}}],"collection":[{"href":"https:\/\/jornalfatosenoticias.com.br\/index.php\/wp-json\/wp\/v2\/posts"}],"about":[{"href":"https:\/\/jornalfatosenoticias.com.br\/index.php\/wp-json\/wp\/v2\/types\/post"}],"author":[{"embeddable":true,"href":"https:\/\/jornalfatosenoticias.com.br\/index.php\/wp-json\/wp\/v2\/users\/2"}],"replies":[{"embeddable":true,"href":"https:\/\/jornalfatosenoticias.com.br\/index.php\/wp-json\/wp\/v2\/comments?post=24775"}],"version-history":[{"count":0,"href":"https:\/\/jornalfatosenoticias.com.br\/index.php\/wp-json\/wp\/v2\/posts\/24775\/revisions"}],"wp:featuredmedia":[{"embeddable":true,"href":"https:\/\/jornalfatosenoticias.com.br\/index.php\/wp-json\/wp\/v2\/media\/24777"}],"wp:attachment":[{"href":"https:\/\/jornalfatosenoticias.com.br\/index.php\/wp-json\/wp\/v2\/media?parent=24775"}],"wp:term":[{"taxonomy":"category","embeddable":true,"href":"https:\/\/jornalfatosenoticias.com.br\/index.php\/wp-json\/wp\/v2\/categories?post=24775"},{"taxonomy":"post_tag","embeddable":true,"href":"https:\/\/jornalfatosenoticias.com.br\/index.php\/wp-json\/wp\/v2\/tags?post=24775"}],"curies":[{"name":"wp","href":"https:\/\/api.w.org\/{rel}","templated":true}]}}