{"id":2484,"date":"2020-03-27T10:22:09","date_gmt":"2020-03-27T13:22:09","guid":{"rendered":"https:\/\/jornalfatosenoticias.com.br\/?p=2484"},"modified":"2020-03-27T10:22:14","modified_gmt":"2020-03-27T13:22:14","slug":"sesctv-lanca-serie-sobre-paulo-freire-e-sua-influencia-na-pedagogia","status":"publish","type":"post","link":"https:\/\/jornalfatosenoticias.com.br\/index.php\/2020\/03\/27\/sesctv-lanca-serie-sobre-paulo-freire-e-sua-influencia-na-pedagogia\/","title":{"rendered":"SescTV lan\u00e7a s\u00e9rie sobre Paulo Freire e sua influ\u00eancia na pedagogia"},"content":{"rendered":"\n<h6 class=\"wp-block-heading\"><em>Educador, Paulo Reglus Neves Freire, foi um dos pensadores mais not\u00e1veis na hist\u00f3ria da pedagogia<\/em><\/h6>\n\n\n\n<p>O SescTV lan\u00e7ou a s\u00e9rie documental \u201cPaulo Freire, Um Homem do Mundo\u201d no \u00faltimo dia 17 de mar\u00e7o. Com dire\u00e7\u00e3o de Cristiano Burlan, os cinco epis\u00f3dios rememoram a vida e a obra do pedagogo e intelectual brasileiro Paulo Reglus Neves Freire (1921-1997), reconhecido por sua influ\u00eancia no movimento chamado Pedagogia Cr\u00edtica, escola que visa o desenvolvimento da educa\u00e7\u00e3o por meio da consci\u00eancia do indiv\u00edduo perante sua realidade.<br>\nA produ\u00e7\u00e3o estar\u00e1 dispon\u00edvel na \u00edntegra para ser assistida pelo site do canal on demand e, na TV, com estreia prevista para o dia 1\u00ba de abril, \u00e0s 20h.<br>\n\u201cPaulo Freire, Um Homem do Mundo\u201d \u00e9 dividida em cinco partes: \u201cA Forma\u00e7\u00e3o do Pensamento\u201d, sobre influ\u00eancias; \u201cAs 40 Horas de Angicos\u201d, sobre a experi\u00eancia em alfabetiza\u00e7\u00e3o no Rio Grande do Norte; \u201cO Ex\u00edlio\u201d, sobre o per\u00edodo na Su\u00ed\u00e7a; \u201cDo P\u00e1tio do Col\u00e9gio \u00e0 Pedagogia do Oprimido\u201d, sobre a volta ao Brasil; e \u201cO Mundo N\u00e3o \u00c9, Est\u00e1 Sendo\u201d, sobre a intera\u00e7\u00e3o com o outro.<br>\nO programa investiga a forma\u00e7\u00e3o do pensador e suas influ\u00eancias para a concep\u00e7\u00e3o da Pedagogia do Oprimido a partir de depoimentos de sua fam\u00edlia e de profissionais que o conheceram ou atuam nas institui\u00e7\u00f5es onde colocou em pr\u00e1tica seus conceitos.<\/p>\n\n\n\n<p><strong>Paulo Freire<br><\/strong> A vida e a obra de Paulo Freire foram marcadas por sua clara op\u00e7\u00e3o a favor dos oprimidos. Nascido em uma regi\u00e3o pobre do Pa\u00eds \u2013 Recife, Pernambuco, em 1921 \u2013 ele p\u00f4de, desde cedo, observar as dificuldades de sobreviv\u00eancia das classes desfavorecidas. Talvez da\u00ed tenha vindo a sua indigna\u00e7\u00e3o contra as injusti\u00e7as e seu grande desejo: a transforma\u00e7\u00e3o da sociedade que, segundo ele, deveria ser menos autorit\u00e1ria, discriminat\u00f3ria e desigual.<br> A sua pr\u00e1tica na educa\u00e7\u00e3o, ou sua pr\u00e1xis educativa, como ele preferia chamar, foi sempre coerente com o seu sonho de democracia, desde os tempos de professor de escola, at\u00e9 aqueles em que passou a criador de ideias e \u201cm\u00e9todos\u201d, os quais assistiu serem reconhecidos e divulgados pelo mundo.<\/p>\n\n\n\n<p><strong><em>Fonte: MSN Not\u00edcias<\/em><\/strong><\/p>\n","protected":false},"excerpt":{"rendered":"<p>Educador, Paulo Reglus Neves Freire, foi um dos pensadores mais not\u00e1veis na hist\u00f3ria da pedagogia O SescTV lan\u00e7ou a s\u00e9rie documental \u201cPaulo Freire, Um Homem do Mundo\u201d no \u00faltimo dia 17 de mar\u00e7o. Com dire\u00e7\u00e3o de Cristiano Burlan, os cinco epis\u00f3dios rememoram a vida e a obra do pedagogo e intelectual brasileiro Paulo Reglus Neves [&hellip;]<\/p>\n","protected":false},"author":2,"featured_media":2485,"comment_status":"open","ping_status":"open","sticky":false,"template":"","format":"standard","meta":{"footnotes":""},"categories":[4],"tags":[1086,345,410,1090,1085,1091,1087,1089,1088],"class_list":["post-2484","post","type-post","status-publish","format-standard","has-post-thumbnail","hentry","category-cultura","tag-documentario","tag-educacao","tag-escola","tag-intelectual","tag-paulo-freire","tag-pedagogia-critica","tag-pedagogia-do-oprimido","tag-pedagogo","tag-sesctv"],"yoast_head":"<!-- This site is optimized with the Yoast SEO plugin v26.5 - https:\/\/yoast.com\/wordpress\/plugins\/seo\/ -->\n<title>SescTV lan\u00e7a s\u00e9rie sobre Paulo Freire e sua influ\u00eancia na pedagogia - Jornal Fatos e Not\u00edcias<\/title>\n<meta name=\"robots\" content=\"index, follow, max-snippet:-1, max-image-preview:large, max-video-preview:-1\" \/>\n<link rel=\"canonical\" href=\"https:\/\/jornalfatosenoticias.com.br\/index.php\/2020\/03\/27\/sesctv-lanca-serie-sobre-paulo-freire-e-sua-influencia-na-pedagogia\/\" \/>\n<meta property=\"og:locale\" content=\"pt_BR\" \/>\n<meta property=\"og:type\" content=\"article\" \/>\n<meta property=\"og:title\" content=\"SescTV lan\u00e7a s\u00e9rie sobre Paulo Freire e sua influ\u00eancia na pedagogia - Jornal Fatos e Not\u00edcias\" \/>\n<meta property=\"og:description\" content=\"Educador, Paulo Reglus Neves Freire, foi um dos pensadores mais not\u00e1veis na hist\u00f3ria da pedagogia O SescTV lan\u00e7ou a s\u00e9rie documental \u201cPaulo Freire, Um Homem do Mundo\u201d no \u00faltimo dia 17 de mar\u00e7o. Com dire\u00e7\u00e3o de Cristiano Burlan, os cinco epis\u00f3dios rememoram a vida e a obra do pedagogo e intelectual brasileiro Paulo Reglus Neves [&hellip;]\" \/>\n<meta property=\"og:url\" content=\"https:\/\/jornalfatosenoticias.com.br\/index.php\/2020\/03\/27\/sesctv-lanca-serie-sobre-paulo-freire-e-sua-influencia-na-pedagogia\/\" \/>\n<meta property=\"og:site_name\" content=\"Jornal Fatos e Not\u00edcias\" \/>\n<meta property=\"article:published_time\" content=\"2020-03-27T13:22:09+00:00\" \/>\n<meta property=\"article:modified_time\" content=\"2020-03-27T13:22:14+00:00\" \/>\n<meta property=\"og:image\" content=\"https:\/\/jornalfatosenoticias.com.br\/wp-content\/uploads\/2020\/03\/paulo-freire.jpg\" \/>\n\t<meta property=\"og:image:width\" content=\"980\" \/>\n\t<meta property=\"og:image:height\" content=\"617\" \/>\n\t<meta property=\"og:image:type\" content=\"image\/jpeg\" \/>\n<meta name=\"author\" content=\"Luzimara Fernandes\" \/>\n<meta name=\"twitter:card\" content=\"summary_large_image\" \/>\n<meta name=\"twitter:label1\" content=\"Escrito por\" \/>\n\t<meta name=\"twitter:data1\" content=\"Luzimara Fernandes\" \/>\n\t<meta name=\"twitter:label2\" content=\"Est. tempo de leitura\" \/>\n\t<meta name=\"twitter:data2\" content=\"2 minutos\" \/>\n<script type=\"application\/ld+json\" class=\"yoast-schema-graph\">{\"@context\":\"https:\/\/schema.org\",\"@graph\":[{\"@type\":\"Article\",\"@id\":\"https:\/\/jornalfatosenoticias.com.br\/index.php\/2020\/03\/27\/sesctv-lanca-serie-sobre-paulo-freire-e-sua-influencia-na-pedagogia\/#article\",\"isPartOf\":{\"@id\":\"https:\/\/jornalfatosenoticias.com.br\/index.php\/2020\/03\/27\/sesctv-lanca-serie-sobre-paulo-freire-e-sua-influencia-na-pedagogia\/\"},\"author\":{\"name\":\"Luzimara Fernandes\",\"@id\":\"https:\/\/jornalfatosenoticias.com.br\/#\/schema\/person\/d63837fa13ac8666eb9e74e0985d6f81\"},\"headline\":\"SescTV lan\u00e7a s\u00e9rie sobre Paulo Freire e sua influ\u00eancia na pedagogia\",\"datePublished\":\"2020-03-27T13:22:09+00:00\",\"dateModified\":\"2020-03-27T13:22:14+00:00\",\"mainEntityOfPage\":{\"@id\":\"https:\/\/jornalfatosenoticias.com.br\/index.php\/2020\/03\/27\/sesctv-lanca-serie-sobre-paulo-freire-e-sua-influencia-na-pedagogia\/\"},\"wordCount\":392,\"commentCount\":0,\"publisher\":{\"@id\":\"https:\/\/jornalfatosenoticias.com.br\/#organization\"},\"image\":{\"@id\":\"https:\/\/jornalfatosenoticias.com.br\/index.php\/2020\/03\/27\/sesctv-lanca-serie-sobre-paulo-freire-e-sua-influencia-na-pedagogia\/#primaryimage\"},\"thumbnailUrl\":\"https:\/\/jornalfatosenoticias.com.br\/wp-content\/uploads\/2020\/03\/paulo-freire.jpg\",\"keywords\":[\"document\u00e1rio\",\"educa\u00e7\u00e3o\",\"escola\",\"intelectual\",\"Paulo Freire\",\"Pedagogia Cr\u00edtica\",\"Pedagogia do Oprimido\",\"pedagogo\",\"SescTV\"],\"articleSection\":[\"Cultura\"],\"inLanguage\":\"pt-BR\",\"potentialAction\":[{\"@type\":\"CommentAction\",\"name\":\"Comment\",\"target\":[\"https:\/\/jornalfatosenoticias.com.br\/index.php\/2020\/03\/27\/sesctv-lanca-serie-sobre-paulo-freire-e-sua-influencia-na-pedagogia\/#respond\"]}]},{\"@type\":\"WebPage\",\"@id\":\"https:\/\/jornalfatosenoticias.com.br\/index.php\/2020\/03\/27\/sesctv-lanca-serie-sobre-paulo-freire-e-sua-influencia-na-pedagogia\/\",\"url\":\"https:\/\/jornalfatosenoticias.com.br\/index.php\/2020\/03\/27\/sesctv-lanca-serie-sobre-paulo-freire-e-sua-influencia-na-pedagogia\/\",\"name\":\"SescTV lan\u00e7a s\u00e9rie sobre Paulo Freire e sua influ\u00eancia na pedagogia - Jornal Fatos e Not\u00edcias\",\"isPartOf\":{\"@id\":\"https:\/\/jornalfatosenoticias.com.br\/#website\"},\"primaryImageOfPage\":{\"@id\":\"https:\/\/jornalfatosenoticias.com.br\/index.php\/2020\/03\/27\/sesctv-lanca-serie-sobre-paulo-freire-e-sua-influencia-na-pedagogia\/#primaryimage\"},\"image\":{\"@id\":\"https:\/\/jornalfatosenoticias.com.br\/index.php\/2020\/03\/27\/sesctv-lanca-serie-sobre-paulo-freire-e-sua-influencia-na-pedagogia\/#primaryimage\"},\"thumbnailUrl\":\"https:\/\/jornalfatosenoticias.com.br\/wp-content\/uploads\/2020\/03\/paulo-freire.jpg\",\"datePublished\":\"2020-03-27T13:22:09+00:00\",\"dateModified\":\"2020-03-27T13:22:14+00:00\",\"breadcrumb\":{\"@id\":\"https:\/\/jornalfatosenoticias.com.br\/index.php\/2020\/03\/27\/sesctv-lanca-serie-sobre-paulo-freire-e-sua-influencia-na-pedagogia\/#breadcrumb\"},\"inLanguage\":\"pt-BR\",\"potentialAction\":[{\"@type\":\"ReadAction\",\"target\":[\"https:\/\/jornalfatosenoticias.com.br\/index.php\/2020\/03\/27\/sesctv-lanca-serie-sobre-paulo-freire-e-sua-influencia-na-pedagogia\/\"]}]},{\"@type\":\"ImageObject\",\"inLanguage\":\"pt-BR\",\"@id\":\"https:\/\/jornalfatosenoticias.com.br\/index.php\/2020\/03\/27\/sesctv-lanca-serie-sobre-paulo-freire-e-sua-influencia-na-pedagogia\/#primaryimage\",\"url\":\"https:\/\/jornalfatosenoticias.com.br\/wp-content\/uploads\/2020\/03\/paulo-freire.jpg\",\"contentUrl\":\"https:\/\/jornalfatosenoticias.com.br\/wp-content\/uploads\/2020\/03\/paulo-freire.jpg\",\"width\":980,\"height\":617},{\"@type\":\"BreadcrumbList\",\"@id\":\"https:\/\/jornalfatosenoticias.com.br\/index.php\/2020\/03\/27\/sesctv-lanca-serie-sobre-paulo-freire-e-sua-influencia-na-pedagogia\/#breadcrumb\",\"itemListElement\":[{\"@type\":\"ListItem\",\"position\":1,\"name\":\"In\u00edcio\",\"item\":\"https:\/\/jornalfatosenoticias.com.br\/\"},{\"@type\":\"ListItem\",\"position\":2,\"name\":\"SescTV lan\u00e7a s\u00e9rie sobre Paulo Freire e sua influ\u00eancia na pedagogia\"}]},{\"@type\":\"WebSite\",\"@id\":\"https:\/\/jornalfatosenoticias.com.br\/#website\",\"url\":\"https:\/\/jornalfatosenoticias.com.br\/\",\"name\":\"Jornal Fatos e Not\u00edcias\",\"description\":\"Not\u00edcias em geral\",\"publisher\":{\"@id\":\"https:\/\/jornalfatosenoticias.com.br\/#organization\"},\"potentialAction\":[{\"@type\":\"SearchAction\",\"target\":{\"@type\":\"EntryPoint\",\"urlTemplate\":\"https:\/\/jornalfatosenoticias.com.br\/?s={search_term_string}\"},\"query-input\":{\"@type\":\"PropertyValueSpecification\",\"valueRequired\":true,\"valueName\":\"search_term_string\"}}],\"inLanguage\":\"pt-BR\"},{\"@type\":\"Organization\",\"@id\":\"https:\/\/jornalfatosenoticias.com.br\/#organization\",\"name\":\"Jornal Fatos e Not\u00edcias\",\"url\":\"https:\/\/jornalfatosenoticias.com.br\/\",\"logo\":{\"@type\":\"ImageObject\",\"inLanguage\":\"pt-BR\",\"@id\":\"https:\/\/jornalfatosenoticias.com.br\/#\/schema\/logo\/image\/\",\"url\":\"https:\/\/jornalfatosenoticias.com.br\/wp-content\/uploads\/2020\/02\/logo120.png\",\"contentUrl\":\"https:\/\/jornalfatosenoticias.com.br\/wp-content\/uploads\/2020\/02\/logo120.png\",\"width\":1227,\"height\":120,\"caption\":\"Jornal Fatos e Not\u00edcias\"},\"image\":{\"@id\":\"https:\/\/jornalfatosenoticias.com.br\/#\/schema\/logo\/image\/\"}},{\"@type\":\"Person\",\"@id\":\"https:\/\/jornalfatosenoticias.com.br\/#\/schema\/person\/d63837fa13ac8666eb9e74e0985d6f81\",\"name\":\"Luzimara Fernandes\",\"image\":{\"@type\":\"ImageObject\",\"inLanguage\":\"pt-BR\",\"@id\":\"https:\/\/jornalfatosenoticias.com.br\/#\/schema\/person\/image\/\",\"url\":\"https:\/\/jornalfatosenoticias.com.br\/wp-content\/uploads\/2025\/05\/EU_portal.jpg\",\"contentUrl\":\"https:\/\/jornalfatosenoticias.com.br\/wp-content\/uploads\/2025\/05\/EU_portal.jpg\",\"caption\":\"Luzimara Fernandes\"},\"description\":\"Jornalista MTB 2358-ES\",\"sameAs\":[\"https:\/\/jornalfatosenoticias.com.br\"],\"url\":\"https:\/\/jornalfatosenoticias.com.br\/index.php\/author\/luzimara\/\"}]}<\/script>\n<!-- \/ Yoast SEO plugin. -->","yoast_head_json":{"title":"SescTV lan\u00e7a s\u00e9rie sobre Paulo Freire e sua influ\u00eancia na pedagogia - Jornal Fatos e Not\u00edcias","robots":{"index":"index","follow":"follow","max-snippet":"max-snippet:-1","max-image-preview":"max-image-preview:large","max-video-preview":"max-video-preview:-1"},"canonical":"https:\/\/jornalfatosenoticias.com.br\/index.php\/2020\/03\/27\/sesctv-lanca-serie-sobre-paulo-freire-e-sua-influencia-na-pedagogia\/","og_locale":"pt_BR","og_type":"article","og_title":"SescTV lan\u00e7a s\u00e9rie sobre Paulo Freire e sua influ\u00eancia na pedagogia - Jornal Fatos e Not\u00edcias","og_description":"Educador, Paulo Reglus Neves Freire, foi um dos pensadores mais not\u00e1veis na hist\u00f3ria da pedagogia O SescTV lan\u00e7ou a s\u00e9rie documental \u201cPaulo Freire, Um Homem do Mundo\u201d no \u00faltimo dia 17 de mar\u00e7o. Com dire\u00e7\u00e3o de Cristiano Burlan, os cinco epis\u00f3dios rememoram a vida e a obra do pedagogo e intelectual brasileiro Paulo Reglus Neves [&hellip;]","og_url":"https:\/\/jornalfatosenoticias.com.br\/index.php\/2020\/03\/27\/sesctv-lanca-serie-sobre-paulo-freire-e-sua-influencia-na-pedagogia\/","og_site_name":"Jornal Fatos e Not\u00edcias","article_published_time":"2020-03-27T13:22:09+00:00","article_modified_time":"2020-03-27T13:22:14+00:00","og_image":[{"width":980,"height":617,"url":"https:\/\/jornalfatosenoticias.com.br\/wp-content\/uploads\/2020\/03\/paulo-freire.jpg","type":"image\/jpeg"}],"author":"Luzimara Fernandes","twitter_card":"summary_large_image","twitter_misc":{"Escrito por":"Luzimara Fernandes","Est. tempo de leitura":"2 minutos"},"schema":{"@context":"https:\/\/schema.org","@graph":[{"@type":"Article","@id":"https:\/\/jornalfatosenoticias.com.br\/index.php\/2020\/03\/27\/sesctv-lanca-serie-sobre-paulo-freire-e-sua-influencia-na-pedagogia\/#article","isPartOf":{"@id":"https:\/\/jornalfatosenoticias.com.br\/index.php\/2020\/03\/27\/sesctv-lanca-serie-sobre-paulo-freire-e-sua-influencia-na-pedagogia\/"},"author":{"name":"Luzimara Fernandes","@id":"https:\/\/jornalfatosenoticias.com.br\/#\/schema\/person\/d63837fa13ac8666eb9e74e0985d6f81"},"headline":"SescTV lan\u00e7a s\u00e9rie sobre Paulo Freire e sua influ\u00eancia na pedagogia","datePublished":"2020-03-27T13:22:09+00:00","dateModified":"2020-03-27T13:22:14+00:00","mainEntityOfPage":{"@id":"https:\/\/jornalfatosenoticias.com.br\/index.php\/2020\/03\/27\/sesctv-lanca-serie-sobre-paulo-freire-e-sua-influencia-na-pedagogia\/"},"wordCount":392,"commentCount":0,"publisher":{"@id":"https:\/\/jornalfatosenoticias.com.br\/#organization"},"image":{"@id":"https:\/\/jornalfatosenoticias.com.br\/index.php\/2020\/03\/27\/sesctv-lanca-serie-sobre-paulo-freire-e-sua-influencia-na-pedagogia\/#primaryimage"},"thumbnailUrl":"https:\/\/jornalfatosenoticias.com.br\/wp-content\/uploads\/2020\/03\/paulo-freire.jpg","keywords":["document\u00e1rio","educa\u00e7\u00e3o","escola","intelectual","Paulo Freire","Pedagogia Cr\u00edtica","Pedagogia do Oprimido","pedagogo","SescTV"],"articleSection":["Cultura"],"inLanguage":"pt-BR","potentialAction":[{"@type":"CommentAction","name":"Comment","target":["https:\/\/jornalfatosenoticias.com.br\/index.php\/2020\/03\/27\/sesctv-lanca-serie-sobre-paulo-freire-e-sua-influencia-na-pedagogia\/#respond"]}]},{"@type":"WebPage","@id":"https:\/\/jornalfatosenoticias.com.br\/index.php\/2020\/03\/27\/sesctv-lanca-serie-sobre-paulo-freire-e-sua-influencia-na-pedagogia\/","url":"https:\/\/jornalfatosenoticias.com.br\/index.php\/2020\/03\/27\/sesctv-lanca-serie-sobre-paulo-freire-e-sua-influencia-na-pedagogia\/","name":"SescTV lan\u00e7a s\u00e9rie sobre Paulo Freire e sua influ\u00eancia na pedagogia - Jornal Fatos e Not\u00edcias","isPartOf":{"@id":"https:\/\/jornalfatosenoticias.com.br\/#website"},"primaryImageOfPage":{"@id":"https:\/\/jornalfatosenoticias.com.br\/index.php\/2020\/03\/27\/sesctv-lanca-serie-sobre-paulo-freire-e-sua-influencia-na-pedagogia\/#primaryimage"},"image":{"@id":"https:\/\/jornalfatosenoticias.com.br\/index.php\/2020\/03\/27\/sesctv-lanca-serie-sobre-paulo-freire-e-sua-influencia-na-pedagogia\/#primaryimage"},"thumbnailUrl":"https:\/\/jornalfatosenoticias.com.br\/wp-content\/uploads\/2020\/03\/paulo-freire.jpg","datePublished":"2020-03-27T13:22:09+00:00","dateModified":"2020-03-27T13:22:14+00:00","breadcrumb":{"@id":"https:\/\/jornalfatosenoticias.com.br\/index.php\/2020\/03\/27\/sesctv-lanca-serie-sobre-paulo-freire-e-sua-influencia-na-pedagogia\/#breadcrumb"},"inLanguage":"pt-BR","potentialAction":[{"@type":"ReadAction","target":["https:\/\/jornalfatosenoticias.com.br\/index.php\/2020\/03\/27\/sesctv-lanca-serie-sobre-paulo-freire-e-sua-influencia-na-pedagogia\/"]}]},{"@type":"ImageObject","inLanguage":"pt-BR","@id":"https:\/\/jornalfatosenoticias.com.br\/index.php\/2020\/03\/27\/sesctv-lanca-serie-sobre-paulo-freire-e-sua-influencia-na-pedagogia\/#primaryimage","url":"https:\/\/jornalfatosenoticias.com.br\/wp-content\/uploads\/2020\/03\/paulo-freire.jpg","contentUrl":"https:\/\/jornalfatosenoticias.com.br\/wp-content\/uploads\/2020\/03\/paulo-freire.jpg","width":980,"height":617},{"@type":"BreadcrumbList","@id":"https:\/\/jornalfatosenoticias.com.br\/index.php\/2020\/03\/27\/sesctv-lanca-serie-sobre-paulo-freire-e-sua-influencia-na-pedagogia\/#breadcrumb","itemListElement":[{"@type":"ListItem","position":1,"name":"In\u00edcio","item":"https:\/\/jornalfatosenoticias.com.br\/"},{"@type":"ListItem","position":2,"name":"SescTV lan\u00e7a s\u00e9rie sobre Paulo Freire e sua influ\u00eancia na pedagogia"}]},{"@type":"WebSite","@id":"https:\/\/jornalfatosenoticias.com.br\/#website","url":"https:\/\/jornalfatosenoticias.com.br\/","name":"Jornal Fatos e Not\u00edcias","description":"Not\u00edcias em geral","publisher":{"@id":"https:\/\/jornalfatosenoticias.com.br\/#organization"},"potentialAction":[{"@type":"SearchAction","target":{"@type":"EntryPoint","urlTemplate":"https:\/\/jornalfatosenoticias.com.br\/?s={search_term_string}"},"query-input":{"@type":"PropertyValueSpecification","valueRequired":true,"valueName":"search_term_string"}}],"inLanguage":"pt-BR"},{"@type":"Organization","@id":"https:\/\/jornalfatosenoticias.com.br\/#organization","name":"Jornal Fatos e Not\u00edcias","url":"https:\/\/jornalfatosenoticias.com.br\/","logo":{"@type":"ImageObject","inLanguage":"pt-BR","@id":"https:\/\/jornalfatosenoticias.com.br\/#\/schema\/logo\/image\/","url":"https:\/\/jornalfatosenoticias.com.br\/wp-content\/uploads\/2020\/02\/logo120.png","contentUrl":"https:\/\/jornalfatosenoticias.com.br\/wp-content\/uploads\/2020\/02\/logo120.png","width":1227,"height":120,"caption":"Jornal Fatos e Not\u00edcias"},"image":{"@id":"https:\/\/jornalfatosenoticias.com.br\/#\/schema\/logo\/image\/"}},{"@type":"Person","@id":"https:\/\/jornalfatosenoticias.com.br\/#\/schema\/person\/d63837fa13ac8666eb9e74e0985d6f81","name":"Luzimara Fernandes","image":{"@type":"ImageObject","inLanguage":"pt-BR","@id":"https:\/\/jornalfatosenoticias.com.br\/#\/schema\/person\/image\/","url":"https:\/\/jornalfatosenoticias.com.br\/wp-content\/uploads\/2025\/05\/EU_portal.jpg","contentUrl":"https:\/\/jornalfatosenoticias.com.br\/wp-content\/uploads\/2025\/05\/EU_portal.jpg","caption":"Luzimara Fernandes"},"description":"Jornalista MTB 2358-ES","sameAs":["https:\/\/jornalfatosenoticias.com.br"],"url":"https:\/\/jornalfatosenoticias.com.br\/index.php\/author\/luzimara\/"}]}},"cc_featured_image_caption":{"caption_text":"S\u00e9rie documental sobre Paulo Freire ","source_text":"","source_url":""},"jetpack_featured_media_url":"https:\/\/jornalfatosenoticias.com.br\/wp-content\/uploads\/2020\/03\/paulo-freire.jpg","_links":{"self":[{"href":"https:\/\/jornalfatosenoticias.com.br\/index.php\/wp-json\/wp\/v2\/posts\/2484","targetHints":{"allow":["GET"]}}],"collection":[{"href":"https:\/\/jornalfatosenoticias.com.br\/index.php\/wp-json\/wp\/v2\/posts"}],"about":[{"href":"https:\/\/jornalfatosenoticias.com.br\/index.php\/wp-json\/wp\/v2\/types\/post"}],"author":[{"embeddable":true,"href":"https:\/\/jornalfatosenoticias.com.br\/index.php\/wp-json\/wp\/v2\/users\/2"}],"replies":[{"embeddable":true,"href":"https:\/\/jornalfatosenoticias.com.br\/index.php\/wp-json\/wp\/v2\/comments?post=2484"}],"version-history":[{"count":0,"href":"https:\/\/jornalfatosenoticias.com.br\/index.php\/wp-json\/wp\/v2\/posts\/2484\/revisions"}],"wp:featuredmedia":[{"embeddable":true,"href":"https:\/\/jornalfatosenoticias.com.br\/index.php\/wp-json\/wp\/v2\/media\/2485"}],"wp:attachment":[{"href":"https:\/\/jornalfatosenoticias.com.br\/index.php\/wp-json\/wp\/v2\/media?parent=2484"}],"wp:term":[{"taxonomy":"category","embeddable":true,"href":"https:\/\/jornalfatosenoticias.com.br\/index.php\/wp-json\/wp\/v2\/categories?post=2484"},{"taxonomy":"post_tag","embeddable":true,"href":"https:\/\/jornalfatosenoticias.com.br\/index.php\/wp-json\/wp\/v2\/tags?post=2484"}],"curies":[{"name":"wp","href":"https:\/\/api.w.org\/{rel}","templated":true}]}}