{"id":2487,"date":"2020-03-27T10:30:03","date_gmt":"2020-03-27T13:30:03","guid":{"rendered":"https:\/\/jornalfatosenoticias.com.br\/?p=2487"},"modified":"2020-03-27T10:30:07","modified_gmt":"2020-03-27T13:30:07","slug":"turbinas-eolicas-sem-pas-geram-energia-mais-barata","status":"publish","type":"post","link":"https:\/\/jornalfatosenoticias.com.br\/index.php\/2020\/03\/27\/turbinas-eolicas-sem-pas-geram-energia-mais-barata\/","title":{"rendered":"Turbinas e\u00f3licas sem p\u00e1s geram energia mais barata"},"content":{"rendered":"\n<h6 class=\"wp-block-heading\"><em>Cerca de 100 prot\u00f3tipos pr\u00e9-comerciais, cada um com 85 cent\u00edmetros de altura, j\u00e1 est\u00e3o em funcionamento<\/em><\/h6>\n\n\n\n<p>Pesquisas que buscam tecnologias para tornar a gera\u00e7\u00e3o de energia limpa ainda mais vantajosa n\u00e3o param de surgir \u2013 e um projeto prop\u00f5e, agora, a constru\u00e7\u00e3o de turbinas e\u00f3licas sem p\u00e1s. O conceito pode parecer estranho em um primeiro momento, mas traz grandes vantagens em rela\u00e7\u00e3o ao modelo convencional. Batizada de Vortex Bladeless, a estrutura \u00e9 composta por cilindros oscilantes. Seu segredo reside na flexibilidade: esses postes, em vez de \u201ccoletarem\u201d vento, vibram quando expostos a ele.<br>\n&#8220;Nossa m\u00e1quina n\u00e3o possui engrenagens, freios, rolamentos ou eixos. N\u00e3o precisa de lubrifica\u00e7\u00e3o e n\u00e3o possui pe\u00e7as que possam ser desgastadas pelo atrito. Por ser muito leve e ter o centro de gravidade mais pr\u00f3ximo do solo, os requisitos de ancoragem ou funda\u00e7\u00e3o foram reduzidos significativamente em compara\u00e7\u00e3o com as turbinas comuns, facilitando a instala\u00e7\u00e3o\u201d, conta o pesquisador.<br>\nCerca de 100 prot\u00f3tipos pr\u00e9-comerciais, cada um com 85 cent\u00edmetros de altura, j\u00e1 est\u00e3o em funcionamento \u2013 e os testes s\u00e3o promissores: tudo indica que eles s\u00e3o capazes de produzir eletricidade 30% mais barata do que as turbinas com cata-ventos. \u201cPara resumir, assumimos o desafio de desenvolver o dispositivo mais simples que se possa imaginar capaz de coletar energia do vento\u201d, finaliza.<br>\nEngenheiros espanh\u00f3is foram os respons\u00e1veis pelo desenvolvimento da novidade. David Y\u00e1\u00f1ez, coordenador do projeto financiado pela Uni\u00e3o Europeia, est\u00e1 otimista com as possibilidades de aplica\u00e7\u00e3o no dia a dia de cidades comuns. <br>\n\u201cEsperamos oferecer \u00e0s pessoas a possibilidade de colher o vento que passa sobre seus telhados ou atrav\u00e9s de jardins e parques, com dispositivos mais baratos de instalar e mais f\u00e1ceis de manter do que as turbinas e\u00f3licas convencionais&#8221;, afirma o pesquisador.<br>\nVortex Bladeless se beneficia de um desafio comum enfrentado por arquitetos e engenheiros, o derramamento de v\u00f3rtice. Quando o ar passa ao redor de estruturas, pode comprometer a estabilidade dessas constru\u00e7\u00f5es, mas, no caso das turbinas, \u00e9 a chave para a gera\u00e7\u00e3o de energia. A oscila\u00e7\u00e3o causada pelo vento \u2013 um movimento mec\u00e2nico \u2013 \u00e9 convertida em eletricidade por um alternador localizado na base do poste.<br>\nEntre os materiais utilizados est\u00e3o uma haste el\u00e1stica, im\u00e3s e, claro, o pr\u00f3prio alternador. O cilindro em si \u00e9 feito de fibra de vidro e de carbono. Por haver poucas partes m\u00f3veis, a manuten\u00e7\u00e3o \u00e9 m\u00ednima. Al\u00e9m disso, h\u00e1 outros benef\u00edcios: instala\u00e7\u00e3o em \u00e1reas tamb\u00e9m m\u00ednimas, gera\u00e7\u00e3o de pouco ou nenhum ru\u00eddo e facilidade de instala\u00e7\u00e3o. Redu\u00e7\u00e3o de impacto visual e menos efeitos sobre vida selvagem tamb\u00e9m est\u00e3o na lista.<br>\nY\u00e1\u00f1ez explica: &#8220;Embora, em teoria, as turbinas e\u00f3licas convencionais tenham desempenho aerodin\u00e2mico superior, as turbinas sem p\u00e1s s\u00e3o capazes de se adaptar mais rapidamente \u00e0s mudan\u00e7as na dire\u00e7\u00e3o do vento. Esta \u00e9 uma caracter\u00edstica especialmente interessante em ambientes urbanos com condi\u00e7\u00f5es de vento turbulentas&#8221;.<\/p>\n\n\n\n<p><strong><em>Fonte: <a href=\"https:\/\/www.megacurioso.com.br\/ciencia\/113815-turbinas-eolicas-sem-pas-geram-energia-30-mais-barata.htm\">Mega Curioso<\/a><\/em><\/strong><\/p>\n","protected":false},"excerpt":{"rendered":"<p>Cerca de 100 prot\u00f3tipos pr\u00e9-comerciais, cada um com 85 cent\u00edmetros de altura, j\u00e1 est\u00e3o em funcionamento Pesquisas que buscam tecnologias para tornar a gera\u00e7\u00e3o de energia limpa ainda mais vantajosa n\u00e3o param de surgir \u2013 e um projeto prop\u00f5e, agora, a constru\u00e7\u00e3o de turbinas e\u00f3licas sem p\u00e1s. O conceito pode parecer estranho em um primeiro [&hellip;]<\/p>\n","protected":false},"author":2,"featured_media":2488,"comment_status":"open","ping_status":"open","sticky":false,"template":"","format":"standard","meta":{"footnotes":""},"categories":[3],"tags":[1094,1096,1092,1093,1095],"class_list":["post-2487","post","type-post","status-publish","format-standard","has-post-thumbnail","hentry","category-tecnologia","tag-energia-limpa","tag-prototipo","tag-tecnologias","tag-turbinas-eolicas","tag-vento"],"yoast_head":"<!-- This site is optimized with the Yoast SEO plugin v26.5 - https:\/\/yoast.com\/wordpress\/plugins\/seo\/ -->\n<title>Turbinas e\u00f3licas sem p\u00e1s geram energia mais barata - Jornal Fatos e Not\u00edcias<\/title>\n<meta name=\"robots\" content=\"index, follow, max-snippet:-1, max-image-preview:large, max-video-preview:-1\" \/>\n<link rel=\"canonical\" href=\"https:\/\/jornalfatosenoticias.com.br\/index.php\/2020\/03\/27\/turbinas-eolicas-sem-pas-geram-energia-mais-barata\/\" \/>\n<meta property=\"og:locale\" content=\"pt_BR\" \/>\n<meta property=\"og:type\" content=\"article\" \/>\n<meta property=\"og:title\" content=\"Turbinas e\u00f3licas sem p\u00e1s geram energia mais barata - Jornal Fatos e Not\u00edcias\" \/>\n<meta property=\"og:description\" content=\"Cerca de 100 prot\u00f3tipos pr\u00e9-comerciais, cada um com 85 cent\u00edmetros de altura, j\u00e1 est\u00e3o em funcionamento Pesquisas que buscam tecnologias para tornar a gera\u00e7\u00e3o de energia limpa ainda mais vantajosa n\u00e3o param de surgir \u2013 e um projeto prop\u00f5e, agora, a constru\u00e7\u00e3o de turbinas e\u00f3licas sem p\u00e1s. O conceito pode parecer estranho em um primeiro [&hellip;]\" \/>\n<meta property=\"og:url\" content=\"https:\/\/jornalfatosenoticias.com.br\/index.php\/2020\/03\/27\/turbinas-eolicas-sem-pas-geram-energia-mais-barata\/\" \/>\n<meta property=\"og:site_name\" content=\"Jornal Fatos e Not\u00edcias\" \/>\n<meta property=\"article:published_time\" content=\"2020-03-27T13:30:03+00:00\" \/>\n<meta property=\"article:modified_time\" content=\"2020-03-27T13:30:07+00:00\" \/>\n<meta property=\"og:image\" content=\"https:\/\/jornalfatosenoticias.com.br\/wp-content\/uploads\/2020\/03\/energia-eolica-sem-pas.jpg\" \/>\n\t<meta property=\"og:image:width\" content=\"1040\" \/>\n\t<meta property=\"og:image:height\" content=\"585\" \/>\n\t<meta property=\"og:image:type\" content=\"image\/jpeg\" \/>\n<meta name=\"author\" content=\"Luzimara Fernandes\" \/>\n<meta name=\"twitter:card\" content=\"summary_large_image\" \/>\n<meta name=\"twitter:label1\" content=\"Escrito por\" \/>\n\t<meta name=\"twitter:data1\" content=\"Luzimara Fernandes\" \/>\n\t<meta name=\"twitter:label2\" content=\"Est. tempo de leitura\" \/>\n\t<meta name=\"twitter:data2\" content=\"3 minutos\" \/>\n<script type=\"application\/ld+json\" class=\"yoast-schema-graph\">{\"@context\":\"https:\/\/schema.org\",\"@graph\":[{\"@type\":\"Article\",\"@id\":\"https:\/\/jornalfatosenoticias.com.br\/index.php\/2020\/03\/27\/turbinas-eolicas-sem-pas-geram-energia-mais-barata\/#article\",\"isPartOf\":{\"@id\":\"https:\/\/jornalfatosenoticias.com.br\/index.php\/2020\/03\/27\/turbinas-eolicas-sem-pas-geram-energia-mais-barata\/\"},\"author\":{\"name\":\"Luzimara Fernandes\",\"@id\":\"https:\/\/jornalfatosenoticias.com.br\/#\/schema\/person\/d63837fa13ac8666eb9e74e0985d6f81\"},\"headline\":\"Turbinas e\u00f3licas sem p\u00e1s geram energia mais barata\",\"datePublished\":\"2020-03-27T13:30:03+00:00\",\"dateModified\":\"2020-03-27T13:30:07+00:00\",\"mainEntityOfPage\":{\"@id\":\"https:\/\/jornalfatosenoticias.com.br\/index.php\/2020\/03\/27\/turbinas-eolicas-sem-pas-geram-energia-mais-barata\/\"},\"wordCount\":531,\"commentCount\":0,\"publisher\":{\"@id\":\"https:\/\/jornalfatosenoticias.com.br\/#organization\"},\"image\":{\"@id\":\"https:\/\/jornalfatosenoticias.com.br\/index.php\/2020\/03\/27\/turbinas-eolicas-sem-pas-geram-energia-mais-barata\/#primaryimage\"},\"thumbnailUrl\":\"https:\/\/jornalfatosenoticias.com.br\/wp-content\/uploads\/2020\/03\/energia-eolica-sem-pas.jpg\",\"keywords\":[\"energia limpa\",\"prot\u00f3tipo\",\"tecnologias\",\"turbinas e\u00f3licas\",\"vento\"],\"articleSection\":[\"Tecnologia &amp; Inova\u00e7\u00e3o\"],\"inLanguage\":\"pt-BR\",\"potentialAction\":[{\"@type\":\"CommentAction\",\"name\":\"Comment\",\"target\":[\"https:\/\/jornalfatosenoticias.com.br\/index.php\/2020\/03\/27\/turbinas-eolicas-sem-pas-geram-energia-mais-barata\/#respond\"]}]},{\"@type\":\"WebPage\",\"@id\":\"https:\/\/jornalfatosenoticias.com.br\/index.php\/2020\/03\/27\/turbinas-eolicas-sem-pas-geram-energia-mais-barata\/\",\"url\":\"https:\/\/jornalfatosenoticias.com.br\/index.php\/2020\/03\/27\/turbinas-eolicas-sem-pas-geram-energia-mais-barata\/\",\"name\":\"Turbinas e\u00f3licas sem p\u00e1s geram energia mais barata - Jornal Fatos e Not\u00edcias\",\"isPartOf\":{\"@id\":\"https:\/\/jornalfatosenoticias.com.br\/#website\"},\"primaryImageOfPage\":{\"@id\":\"https:\/\/jornalfatosenoticias.com.br\/index.php\/2020\/03\/27\/turbinas-eolicas-sem-pas-geram-energia-mais-barata\/#primaryimage\"},\"image\":{\"@id\":\"https:\/\/jornalfatosenoticias.com.br\/index.php\/2020\/03\/27\/turbinas-eolicas-sem-pas-geram-energia-mais-barata\/#primaryimage\"},\"thumbnailUrl\":\"https:\/\/jornalfatosenoticias.com.br\/wp-content\/uploads\/2020\/03\/energia-eolica-sem-pas.jpg\",\"datePublished\":\"2020-03-27T13:30:03+00:00\",\"dateModified\":\"2020-03-27T13:30:07+00:00\",\"breadcrumb\":{\"@id\":\"https:\/\/jornalfatosenoticias.com.br\/index.php\/2020\/03\/27\/turbinas-eolicas-sem-pas-geram-energia-mais-barata\/#breadcrumb\"},\"inLanguage\":\"pt-BR\",\"potentialAction\":[{\"@type\":\"ReadAction\",\"target\":[\"https:\/\/jornalfatosenoticias.com.br\/index.php\/2020\/03\/27\/turbinas-eolicas-sem-pas-geram-energia-mais-barata\/\"]}]},{\"@type\":\"ImageObject\",\"inLanguage\":\"pt-BR\",\"@id\":\"https:\/\/jornalfatosenoticias.com.br\/index.php\/2020\/03\/27\/turbinas-eolicas-sem-pas-geram-energia-mais-barata\/#primaryimage\",\"url\":\"https:\/\/jornalfatosenoticias.com.br\/wp-content\/uploads\/2020\/03\/energia-eolica-sem-pas.jpg\",\"contentUrl\":\"https:\/\/jornalfatosenoticias.com.br\/wp-content\/uploads\/2020\/03\/energia-eolica-sem-pas.jpg\",\"width\":1040,\"height\":585},{\"@type\":\"BreadcrumbList\",\"@id\":\"https:\/\/jornalfatosenoticias.com.br\/index.php\/2020\/03\/27\/turbinas-eolicas-sem-pas-geram-energia-mais-barata\/#breadcrumb\",\"itemListElement\":[{\"@type\":\"ListItem\",\"position\":1,\"name\":\"In\u00edcio\",\"item\":\"https:\/\/jornalfatosenoticias.com.br\/\"},{\"@type\":\"ListItem\",\"position\":2,\"name\":\"Turbinas e\u00f3licas sem p\u00e1s geram energia mais barata\"}]},{\"@type\":\"WebSite\",\"@id\":\"https:\/\/jornalfatosenoticias.com.br\/#website\",\"url\":\"https:\/\/jornalfatosenoticias.com.br\/\",\"name\":\"Jornal Fatos e Not\u00edcias\",\"description\":\"Not\u00edcias em geral\",\"publisher\":{\"@id\":\"https:\/\/jornalfatosenoticias.com.br\/#organization\"},\"potentialAction\":[{\"@type\":\"SearchAction\",\"target\":{\"@type\":\"EntryPoint\",\"urlTemplate\":\"https:\/\/jornalfatosenoticias.com.br\/?s={search_term_string}\"},\"query-input\":{\"@type\":\"PropertyValueSpecification\",\"valueRequired\":true,\"valueName\":\"search_term_string\"}}],\"inLanguage\":\"pt-BR\"},{\"@type\":\"Organization\",\"@id\":\"https:\/\/jornalfatosenoticias.com.br\/#organization\",\"name\":\"Jornal Fatos e Not\u00edcias\",\"url\":\"https:\/\/jornalfatosenoticias.com.br\/\",\"logo\":{\"@type\":\"ImageObject\",\"inLanguage\":\"pt-BR\",\"@id\":\"https:\/\/jornalfatosenoticias.com.br\/#\/schema\/logo\/image\/\",\"url\":\"https:\/\/jornalfatosenoticias.com.br\/wp-content\/uploads\/2020\/02\/logo120.png\",\"contentUrl\":\"https:\/\/jornalfatosenoticias.com.br\/wp-content\/uploads\/2020\/02\/logo120.png\",\"width\":1227,\"height\":120,\"caption\":\"Jornal Fatos e Not\u00edcias\"},\"image\":{\"@id\":\"https:\/\/jornalfatosenoticias.com.br\/#\/schema\/logo\/image\/\"}},{\"@type\":\"Person\",\"@id\":\"https:\/\/jornalfatosenoticias.com.br\/#\/schema\/person\/d63837fa13ac8666eb9e74e0985d6f81\",\"name\":\"Luzimara Fernandes\",\"image\":{\"@type\":\"ImageObject\",\"inLanguage\":\"pt-BR\",\"@id\":\"https:\/\/jornalfatosenoticias.com.br\/#\/schema\/person\/image\/\",\"url\":\"https:\/\/jornalfatosenoticias.com.br\/wp-content\/uploads\/2025\/05\/EU_portal.jpg\",\"contentUrl\":\"https:\/\/jornalfatosenoticias.com.br\/wp-content\/uploads\/2025\/05\/EU_portal.jpg\",\"caption\":\"Luzimara Fernandes\"},\"description\":\"Jornalista MTB 2358-ES\",\"sameAs\":[\"https:\/\/jornalfatosenoticias.com.br\"],\"url\":\"https:\/\/jornalfatosenoticias.com.br\/index.php\/author\/luzimara\/\"}]}<\/script>\n<!-- \/ Yoast SEO plugin. -->","yoast_head_json":{"title":"Turbinas e\u00f3licas sem p\u00e1s geram energia mais barata - Jornal Fatos e Not\u00edcias","robots":{"index":"index","follow":"follow","max-snippet":"max-snippet:-1","max-image-preview":"max-image-preview:large","max-video-preview":"max-video-preview:-1"},"canonical":"https:\/\/jornalfatosenoticias.com.br\/index.php\/2020\/03\/27\/turbinas-eolicas-sem-pas-geram-energia-mais-barata\/","og_locale":"pt_BR","og_type":"article","og_title":"Turbinas e\u00f3licas sem p\u00e1s geram energia mais barata - Jornal Fatos e Not\u00edcias","og_description":"Cerca de 100 prot\u00f3tipos pr\u00e9-comerciais, cada um com 85 cent\u00edmetros de altura, j\u00e1 est\u00e3o em funcionamento Pesquisas que buscam tecnologias para tornar a gera\u00e7\u00e3o de energia limpa ainda mais vantajosa n\u00e3o param de surgir \u2013 e um projeto prop\u00f5e, agora, a constru\u00e7\u00e3o de turbinas e\u00f3licas sem p\u00e1s. O conceito pode parecer estranho em um primeiro [&hellip;]","og_url":"https:\/\/jornalfatosenoticias.com.br\/index.php\/2020\/03\/27\/turbinas-eolicas-sem-pas-geram-energia-mais-barata\/","og_site_name":"Jornal Fatos e Not\u00edcias","article_published_time":"2020-03-27T13:30:03+00:00","article_modified_time":"2020-03-27T13:30:07+00:00","og_image":[{"width":1040,"height":585,"url":"https:\/\/jornalfatosenoticias.com.br\/wp-content\/uploads\/2020\/03\/energia-eolica-sem-pas.jpg","type":"image\/jpeg"}],"author":"Luzimara Fernandes","twitter_card":"summary_large_image","twitter_misc":{"Escrito por":"Luzimara Fernandes","Est. tempo de leitura":"3 minutos"},"schema":{"@context":"https:\/\/schema.org","@graph":[{"@type":"Article","@id":"https:\/\/jornalfatosenoticias.com.br\/index.php\/2020\/03\/27\/turbinas-eolicas-sem-pas-geram-energia-mais-barata\/#article","isPartOf":{"@id":"https:\/\/jornalfatosenoticias.com.br\/index.php\/2020\/03\/27\/turbinas-eolicas-sem-pas-geram-energia-mais-barata\/"},"author":{"name":"Luzimara Fernandes","@id":"https:\/\/jornalfatosenoticias.com.br\/#\/schema\/person\/d63837fa13ac8666eb9e74e0985d6f81"},"headline":"Turbinas e\u00f3licas sem p\u00e1s geram energia mais barata","datePublished":"2020-03-27T13:30:03+00:00","dateModified":"2020-03-27T13:30:07+00:00","mainEntityOfPage":{"@id":"https:\/\/jornalfatosenoticias.com.br\/index.php\/2020\/03\/27\/turbinas-eolicas-sem-pas-geram-energia-mais-barata\/"},"wordCount":531,"commentCount":0,"publisher":{"@id":"https:\/\/jornalfatosenoticias.com.br\/#organization"},"image":{"@id":"https:\/\/jornalfatosenoticias.com.br\/index.php\/2020\/03\/27\/turbinas-eolicas-sem-pas-geram-energia-mais-barata\/#primaryimage"},"thumbnailUrl":"https:\/\/jornalfatosenoticias.com.br\/wp-content\/uploads\/2020\/03\/energia-eolica-sem-pas.jpg","keywords":["energia limpa","prot\u00f3tipo","tecnologias","turbinas e\u00f3licas","vento"],"articleSection":["Tecnologia &amp; Inova\u00e7\u00e3o"],"inLanguage":"pt-BR","potentialAction":[{"@type":"CommentAction","name":"Comment","target":["https:\/\/jornalfatosenoticias.com.br\/index.php\/2020\/03\/27\/turbinas-eolicas-sem-pas-geram-energia-mais-barata\/#respond"]}]},{"@type":"WebPage","@id":"https:\/\/jornalfatosenoticias.com.br\/index.php\/2020\/03\/27\/turbinas-eolicas-sem-pas-geram-energia-mais-barata\/","url":"https:\/\/jornalfatosenoticias.com.br\/index.php\/2020\/03\/27\/turbinas-eolicas-sem-pas-geram-energia-mais-barata\/","name":"Turbinas e\u00f3licas sem p\u00e1s geram energia mais barata - Jornal Fatos e Not\u00edcias","isPartOf":{"@id":"https:\/\/jornalfatosenoticias.com.br\/#website"},"primaryImageOfPage":{"@id":"https:\/\/jornalfatosenoticias.com.br\/index.php\/2020\/03\/27\/turbinas-eolicas-sem-pas-geram-energia-mais-barata\/#primaryimage"},"image":{"@id":"https:\/\/jornalfatosenoticias.com.br\/index.php\/2020\/03\/27\/turbinas-eolicas-sem-pas-geram-energia-mais-barata\/#primaryimage"},"thumbnailUrl":"https:\/\/jornalfatosenoticias.com.br\/wp-content\/uploads\/2020\/03\/energia-eolica-sem-pas.jpg","datePublished":"2020-03-27T13:30:03+00:00","dateModified":"2020-03-27T13:30:07+00:00","breadcrumb":{"@id":"https:\/\/jornalfatosenoticias.com.br\/index.php\/2020\/03\/27\/turbinas-eolicas-sem-pas-geram-energia-mais-barata\/#breadcrumb"},"inLanguage":"pt-BR","potentialAction":[{"@type":"ReadAction","target":["https:\/\/jornalfatosenoticias.com.br\/index.php\/2020\/03\/27\/turbinas-eolicas-sem-pas-geram-energia-mais-barata\/"]}]},{"@type":"ImageObject","inLanguage":"pt-BR","@id":"https:\/\/jornalfatosenoticias.com.br\/index.php\/2020\/03\/27\/turbinas-eolicas-sem-pas-geram-energia-mais-barata\/#primaryimage","url":"https:\/\/jornalfatosenoticias.com.br\/wp-content\/uploads\/2020\/03\/energia-eolica-sem-pas.jpg","contentUrl":"https:\/\/jornalfatosenoticias.com.br\/wp-content\/uploads\/2020\/03\/energia-eolica-sem-pas.jpg","width":1040,"height":585},{"@type":"BreadcrumbList","@id":"https:\/\/jornalfatosenoticias.com.br\/index.php\/2020\/03\/27\/turbinas-eolicas-sem-pas-geram-energia-mais-barata\/#breadcrumb","itemListElement":[{"@type":"ListItem","position":1,"name":"In\u00edcio","item":"https:\/\/jornalfatosenoticias.com.br\/"},{"@type":"ListItem","position":2,"name":"Turbinas e\u00f3licas sem p\u00e1s geram energia mais barata"}]},{"@type":"WebSite","@id":"https:\/\/jornalfatosenoticias.com.br\/#website","url":"https:\/\/jornalfatosenoticias.com.br\/","name":"Jornal Fatos e Not\u00edcias","description":"Not\u00edcias em geral","publisher":{"@id":"https:\/\/jornalfatosenoticias.com.br\/#organization"},"potentialAction":[{"@type":"SearchAction","target":{"@type":"EntryPoint","urlTemplate":"https:\/\/jornalfatosenoticias.com.br\/?s={search_term_string}"},"query-input":{"@type":"PropertyValueSpecification","valueRequired":true,"valueName":"search_term_string"}}],"inLanguage":"pt-BR"},{"@type":"Organization","@id":"https:\/\/jornalfatosenoticias.com.br\/#organization","name":"Jornal Fatos e Not\u00edcias","url":"https:\/\/jornalfatosenoticias.com.br\/","logo":{"@type":"ImageObject","inLanguage":"pt-BR","@id":"https:\/\/jornalfatosenoticias.com.br\/#\/schema\/logo\/image\/","url":"https:\/\/jornalfatosenoticias.com.br\/wp-content\/uploads\/2020\/02\/logo120.png","contentUrl":"https:\/\/jornalfatosenoticias.com.br\/wp-content\/uploads\/2020\/02\/logo120.png","width":1227,"height":120,"caption":"Jornal Fatos e Not\u00edcias"},"image":{"@id":"https:\/\/jornalfatosenoticias.com.br\/#\/schema\/logo\/image\/"}},{"@type":"Person","@id":"https:\/\/jornalfatosenoticias.com.br\/#\/schema\/person\/d63837fa13ac8666eb9e74e0985d6f81","name":"Luzimara Fernandes","image":{"@type":"ImageObject","inLanguage":"pt-BR","@id":"https:\/\/jornalfatosenoticias.com.br\/#\/schema\/person\/image\/","url":"https:\/\/jornalfatosenoticias.com.br\/wp-content\/uploads\/2025\/05\/EU_portal.jpg","contentUrl":"https:\/\/jornalfatosenoticias.com.br\/wp-content\/uploads\/2025\/05\/EU_portal.jpg","caption":"Luzimara Fernandes"},"description":"Jornalista MTB 2358-ES","sameAs":["https:\/\/jornalfatosenoticias.com.br"],"url":"https:\/\/jornalfatosenoticias.com.br\/index.php\/author\/luzimara\/"}]}},"cc_featured_image_caption":{"caption_text":"Turbinas Vortex","source_text":"","source_url":""},"jetpack_featured_media_url":"https:\/\/jornalfatosenoticias.com.br\/wp-content\/uploads\/2020\/03\/energia-eolica-sem-pas.jpg","_links":{"self":[{"href":"https:\/\/jornalfatosenoticias.com.br\/index.php\/wp-json\/wp\/v2\/posts\/2487","targetHints":{"allow":["GET"]}}],"collection":[{"href":"https:\/\/jornalfatosenoticias.com.br\/index.php\/wp-json\/wp\/v2\/posts"}],"about":[{"href":"https:\/\/jornalfatosenoticias.com.br\/index.php\/wp-json\/wp\/v2\/types\/post"}],"author":[{"embeddable":true,"href":"https:\/\/jornalfatosenoticias.com.br\/index.php\/wp-json\/wp\/v2\/users\/2"}],"replies":[{"embeddable":true,"href":"https:\/\/jornalfatosenoticias.com.br\/index.php\/wp-json\/wp\/v2\/comments?post=2487"}],"version-history":[{"count":0,"href":"https:\/\/jornalfatosenoticias.com.br\/index.php\/wp-json\/wp\/v2\/posts\/2487\/revisions"}],"wp:featuredmedia":[{"embeddable":true,"href":"https:\/\/jornalfatosenoticias.com.br\/index.php\/wp-json\/wp\/v2\/media\/2488"}],"wp:attachment":[{"href":"https:\/\/jornalfatosenoticias.com.br\/index.php\/wp-json\/wp\/v2\/media?parent=2487"}],"wp:term":[{"taxonomy":"category","embeddable":true,"href":"https:\/\/jornalfatosenoticias.com.br\/index.php\/wp-json\/wp\/v2\/categories?post=2487"},{"taxonomy":"post_tag","embeddable":true,"href":"https:\/\/jornalfatosenoticias.com.br\/index.php\/wp-json\/wp\/v2\/tags?post=2487"}],"curies":[{"name":"wp","href":"https:\/\/api.w.org\/{rel}","templated":true}]}}