{"id":2490,"date":"2020-03-27T10:35:09","date_gmt":"2020-03-27T13:35:09","guid":{"rendered":"https:\/\/jornalfatosenoticias.com.br\/?p=2490"},"modified":"2020-03-27T10:35:13","modified_gmt":"2020-03-27T13:35:13","slug":"voce-esta-profissionalmente-pronto-para-um-futuro-repleto-de-ia","status":"publish","type":"post","link":"https:\/\/jornalfatosenoticias.com.br\/index.php\/2020\/03\/27\/voce-esta-profissionalmente-pronto-para-um-futuro-repleto-de-ia\/","title":{"rendered":"Voc\u00ea est\u00e1 profissionalmente pronto para um futuro repleto de IA?"},"content":{"rendered":"\n<h6 class=\"wp-block-heading\"><em>De acordo com dados do instituto de pesquisa IDC, a receita mundial proveniente de \u00e1reas ligadas \u00e0 Intelig\u00eancia Artificial ultrapassar\u00e1 a marca de US$ 46 bilh\u00f5es em 2020<\/em><\/h6>\n\n\n\n<p>Estamos em um caminho sem volta. O uso da Intelig\u00eancia Artificial (IA) em diversos segmentos j\u00e1 \u00e9 not\u00e1vel e irrevers\u00edvel em v\u00e1rios sentidos. Por\u00e9m, essa n\u00e3o precisa ser uma not\u00edcia assustadora \u2013 seja voc\u00ea um membro da resist\u00eancia contra uma \u201cSkynet\u201d, seja voc\u00ea um profissional que est\u00e1 com medo de perder o emprego para um \u201crob\u00f4\u201d. Na verdade, \u00e9 perfeitamente poss\u00edvel surfar nessa onda e ainda sair por cima da crista.<br>\nDe acordo com dados do instituto de pesquisa IDC, a receita mundial proveniente de \u00e1reas ligadas \u00e0 Intelig\u00eancia Artificial ultrapassar\u00e1 a marca de US$ 46 bilh\u00f5es em 2020. Isso significa que estamos falando de um campo que est\u00e1 em grande expans\u00e3o e que deve remunerar muito bem os profissionais ligados a essa \u00e1rea.<br>\nNo passado, era natural associar as novas tecnologias com a subtra\u00e7\u00e3o de empregos no mercado de trabalho. Hoje, por\u00e9m, entende-se que especialidades, como a Intelig\u00eancia Artificial, \u00e9 capaz de criar novos postos de trabalho em uma propor\u00e7\u00e3o maior do que os elimina. Por\u00e9m, como as habilidades para se trabalhar com IA s\u00e3o espec\u00edficas e mudam constantemente, \u00e9 preciso estar preparado para essa nova demanda do mercado.<br>\nA chave para o sucesso profissional em um futuro em que a Intelig\u00eancia Artificial \u00e9 uma realidade que n\u00e3o poderia ser outra: qualifica\u00e7\u00e3o. \u00c9 preciso estudar, especializar-se e buscar conhecimento para estar preparado para lidar com essa nova demanda do mercado.<br>\nNesse sentido, h\u00e1 diversas alternativas. Neste artigo, queremos destacar a solu\u00e7\u00e3o que a Microsoft preparou especialmente para \u00e0queles que buscam um roteiro de aprendizagem estruturado e preparado para o futuro.<br>\nA AcademIA \u00e9 a plataforma da Microsoft que tem por objetivo treinar e certificar desenvolvedores, estudantes e outros profissionais ligados \u00e0 \u00e1rea de Intelig\u00eancia Artificial. Do n\u00edvel b\u00e1sico ao avan\u00e7ado, esse roteiro de estudos leva os alunos a aprender v\u00e1rios aspectos importantes ligados a essa tecnologia.<br>\nO m\u00e9todo \u00e9 dividido em etapas e possui v\u00e1rias horas de aula dispon\u00edveis totalmente em portugu\u00eas. Isso demonstra a preocupa\u00e7\u00e3o da Microsoft em atender especificamente o p\u00fablico brasileiro, j\u00e1 que este \u00e9 um mercado grande e que fornece profissionais para diversos pa\u00edses. O foco, obviamente, s\u00e3o os produtos e solu\u00e7\u00f5es da empresa, mas \u00e9 poss\u00edvel obter conhecimento amplo a respeito da IA e sua rela\u00e7\u00e3o com o mercado.<br>\nMais de 50% dos empregos de hoje exigem alguma habilidade relacionada a tecnologia e especialistas dizem que esse percentual aumentar\u00e1 para 77% em menos de uma d\u00e9cada. Ou seja: aprender sobre alguma \u00e1rea da tecnologia \u2013 e a Intelig\u00eancia Artificial \u00e9 apenas uma delas \u2013 \u00e9 uma \u00f3tima alternativa para se manter atualizado no mercado de trabalho.<br>\nSe esse \u00e9 o seu objetivo e sua inten\u00e7\u00e3o, recomendamos que visite a AcademIA da Microsoft para conhecer as op\u00e7\u00f5es de curso dispon\u00edveis. Esse \u00e9 um \u00f3timo ponto de partida e tamb\u00e9m uma \u00f3tima solu\u00e7\u00e3o para voc\u00ea que j\u00e1 tem no\u00e7\u00f5es b\u00e1sicas sobre o assunto.<\/p>\n\n\n\n<p><strong><em>Fonte: <a href=\"https:\/\/www.tecmundo.com.br\/software\/151106-voce-profissionalmente-pronto-futuro-repleto-ia.htm\">Tecmundo.com.br<\/a><\/em><\/strong><\/p>\n","protected":false},"excerpt":{"rendered":"<p>De acordo com dados do instituto de pesquisa IDC, a receita mundial proveniente de \u00e1reas ligadas \u00e0 Intelig\u00eancia Artificial ultrapassar\u00e1 a marca de US$ 46 bilh\u00f5es em 2020 Estamos em um caminho sem volta. O uso da Intelig\u00eancia Artificial (IA) em diversos segmentos j\u00e1 \u00e9 not\u00e1vel e irrevers\u00edvel em v\u00e1rios sentidos. Por\u00e9m, essa n\u00e3o precisa [&hellip;]<\/p>\n","protected":false},"author":2,"featured_media":2491,"comment_status":"open","ping_status":"open","sticky":false,"template":"","format":"standard","meta":{"footnotes":""},"categories":[3],"tags":[1097,53,388,531,1098,198],"class_list":["post-2490","post","type-post","status-publish","format-standard","has-post-thumbnail","hentry","category-tecnologia","tag-foco","tag-inteligencia-artificial","tag-mercado-de-trabalho","tag-microsoft","tag-solucao","tag-tecnologia"],"yoast_head":"<!-- This site is optimized with the Yoast SEO plugin v26.5 - https:\/\/yoast.com\/wordpress\/plugins\/seo\/ -->\n<title>Voc\u00ea est\u00e1 profissionalmente pronto para um futuro repleto de IA? - Jornal Fatos e Not\u00edcias<\/title>\n<meta name=\"robots\" content=\"index, follow, max-snippet:-1, max-image-preview:large, max-video-preview:-1\" \/>\n<link rel=\"canonical\" href=\"https:\/\/jornalfatosenoticias.com.br\/index.php\/2020\/03\/27\/voce-esta-profissionalmente-pronto-para-um-futuro-repleto-de-ia\/\" \/>\n<meta property=\"og:locale\" content=\"pt_BR\" \/>\n<meta property=\"og:type\" content=\"article\" \/>\n<meta property=\"og:title\" content=\"Voc\u00ea est\u00e1 profissionalmente pronto para um futuro repleto de IA? - Jornal Fatos e Not\u00edcias\" \/>\n<meta property=\"og:description\" content=\"De acordo com dados do instituto de pesquisa IDC, a receita mundial proveniente de \u00e1reas ligadas \u00e0 Intelig\u00eancia Artificial ultrapassar\u00e1 a marca de US$ 46 bilh\u00f5es em 2020 Estamos em um caminho sem volta. O uso da Intelig\u00eancia Artificial (IA) em diversos segmentos j\u00e1 \u00e9 not\u00e1vel e irrevers\u00edvel em v\u00e1rios sentidos. Por\u00e9m, essa n\u00e3o precisa [&hellip;]\" \/>\n<meta property=\"og:url\" content=\"https:\/\/jornalfatosenoticias.com.br\/index.php\/2020\/03\/27\/voce-esta-profissionalmente-pronto-para-um-futuro-repleto-de-ia\/\" \/>\n<meta property=\"og:site_name\" content=\"Jornal Fatos e Not\u00edcias\" \/>\n<meta property=\"article:published_time\" content=\"2020-03-27T13:35:09+00:00\" \/>\n<meta property=\"article:modified_time\" content=\"2020-03-27T13:35:13+00:00\" \/>\n<meta property=\"og:image\" content=\"https:\/\/jornalfatosenoticias.com.br\/wp-content\/uploads\/2020\/03\/inteligencia-artifical_profissoes.jpg\" \/>\n\t<meta property=\"og:image:width\" content=\"1120\" \/>\n\t<meta property=\"og:image:height\" content=\"420\" \/>\n\t<meta property=\"og:image:type\" content=\"image\/jpeg\" \/>\n<meta name=\"author\" content=\"Luzimara Fernandes\" \/>\n<meta name=\"twitter:card\" content=\"summary_large_image\" \/>\n<meta name=\"twitter:label1\" content=\"Escrito por\" \/>\n\t<meta name=\"twitter:data1\" content=\"Luzimara Fernandes\" \/>\n\t<meta name=\"twitter:label2\" content=\"Est. tempo de leitura\" \/>\n\t<meta name=\"twitter:data2\" content=\"3 minutos\" \/>\n<script type=\"application\/ld+json\" class=\"yoast-schema-graph\">{\"@context\":\"https:\/\/schema.org\",\"@graph\":[{\"@type\":\"Article\",\"@id\":\"https:\/\/jornalfatosenoticias.com.br\/index.php\/2020\/03\/27\/voce-esta-profissionalmente-pronto-para-um-futuro-repleto-de-ia\/#article\",\"isPartOf\":{\"@id\":\"https:\/\/jornalfatosenoticias.com.br\/index.php\/2020\/03\/27\/voce-esta-profissionalmente-pronto-para-um-futuro-repleto-de-ia\/\"},\"author\":{\"name\":\"Luzimara Fernandes\",\"@id\":\"https:\/\/jornalfatosenoticias.com.br\/#\/schema\/person\/d63837fa13ac8666eb9e74e0985d6f81\"},\"headline\":\"Voc\u00ea est\u00e1 profissionalmente pronto para um futuro repleto de IA?\",\"datePublished\":\"2020-03-27T13:35:09+00:00\",\"dateModified\":\"2020-03-27T13:35:13+00:00\",\"mainEntityOfPage\":{\"@id\":\"https:\/\/jornalfatosenoticias.com.br\/index.php\/2020\/03\/27\/voce-esta-profissionalmente-pronto-para-um-futuro-repleto-de-ia\/\"},\"wordCount\":543,\"commentCount\":0,\"publisher\":{\"@id\":\"https:\/\/jornalfatosenoticias.com.br\/#organization\"},\"image\":{\"@id\":\"https:\/\/jornalfatosenoticias.com.br\/index.php\/2020\/03\/27\/voce-esta-profissionalmente-pronto-para-um-futuro-repleto-de-ia\/#primaryimage\"},\"thumbnailUrl\":\"https:\/\/jornalfatosenoticias.com.br\/wp-content\/uploads\/2020\/03\/inteligencia-artifical_profissoes.jpg\",\"keywords\":[\"foco\",\"intelig\u00eancia artificial\",\"mercado de trabalho\",\"Microsoft\",\"solu\u00e7\u00e3o\",\"tecnologia\"],\"articleSection\":[\"Tecnologia &amp; Inova\u00e7\u00e3o\"],\"inLanguage\":\"pt-BR\",\"potentialAction\":[{\"@type\":\"CommentAction\",\"name\":\"Comment\",\"target\":[\"https:\/\/jornalfatosenoticias.com.br\/index.php\/2020\/03\/27\/voce-esta-profissionalmente-pronto-para-um-futuro-repleto-de-ia\/#respond\"]}]},{\"@type\":\"WebPage\",\"@id\":\"https:\/\/jornalfatosenoticias.com.br\/index.php\/2020\/03\/27\/voce-esta-profissionalmente-pronto-para-um-futuro-repleto-de-ia\/\",\"url\":\"https:\/\/jornalfatosenoticias.com.br\/index.php\/2020\/03\/27\/voce-esta-profissionalmente-pronto-para-um-futuro-repleto-de-ia\/\",\"name\":\"Voc\u00ea est\u00e1 profissionalmente pronto para um futuro repleto de IA? - Jornal Fatos e Not\u00edcias\",\"isPartOf\":{\"@id\":\"https:\/\/jornalfatosenoticias.com.br\/#website\"},\"primaryImageOfPage\":{\"@id\":\"https:\/\/jornalfatosenoticias.com.br\/index.php\/2020\/03\/27\/voce-esta-profissionalmente-pronto-para-um-futuro-repleto-de-ia\/#primaryimage\"},\"image\":{\"@id\":\"https:\/\/jornalfatosenoticias.com.br\/index.php\/2020\/03\/27\/voce-esta-profissionalmente-pronto-para-um-futuro-repleto-de-ia\/#primaryimage\"},\"thumbnailUrl\":\"https:\/\/jornalfatosenoticias.com.br\/wp-content\/uploads\/2020\/03\/inteligencia-artifical_profissoes.jpg\",\"datePublished\":\"2020-03-27T13:35:09+00:00\",\"dateModified\":\"2020-03-27T13:35:13+00:00\",\"breadcrumb\":{\"@id\":\"https:\/\/jornalfatosenoticias.com.br\/index.php\/2020\/03\/27\/voce-esta-profissionalmente-pronto-para-um-futuro-repleto-de-ia\/#breadcrumb\"},\"inLanguage\":\"pt-BR\",\"potentialAction\":[{\"@type\":\"ReadAction\",\"target\":[\"https:\/\/jornalfatosenoticias.com.br\/index.php\/2020\/03\/27\/voce-esta-profissionalmente-pronto-para-um-futuro-repleto-de-ia\/\"]}]},{\"@type\":\"ImageObject\",\"inLanguage\":\"pt-BR\",\"@id\":\"https:\/\/jornalfatosenoticias.com.br\/index.php\/2020\/03\/27\/voce-esta-profissionalmente-pronto-para-um-futuro-repleto-de-ia\/#primaryimage\",\"url\":\"https:\/\/jornalfatosenoticias.com.br\/wp-content\/uploads\/2020\/03\/inteligencia-artifical_profissoes.jpg\",\"contentUrl\":\"https:\/\/jornalfatosenoticias.com.br\/wp-content\/uploads\/2020\/03\/inteligencia-artifical_profissoes.jpg\",\"width\":1120,\"height\":420},{\"@type\":\"BreadcrumbList\",\"@id\":\"https:\/\/jornalfatosenoticias.com.br\/index.php\/2020\/03\/27\/voce-esta-profissionalmente-pronto-para-um-futuro-repleto-de-ia\/#breadcrumb\",\"itemListElement\":[{\"@type\":\"ListItem\",\"position\":1,\"name\":\"In\u00edcio\",\"item\":\"https:\/\/jornalfatosenoticias.com.br\/\"},{\"@type\":\"ListItem\",\"position\":2,\"name\":\"Voc\u00ea est\u00e1 profissionalmente pronto para um futuro repleto de IA?\"}]},{\"@type\":\"WebSite\",\"@id\":\"https:\/\/jornalfatosenoticias.com.br\/#website\",\"url\":\"https:\/\/jornalfatosenoticias.com.br\/\",\"name\":\"Jornal Fatos e Not\u00edcias\",\"description\":\"Not\u00edcias em geral\",\"publisher\":{\"@id\":\"https:\/\/jornalfatosenoticias.com.br\/#organization\"},\"potentialAction\":[{\"@type\":\"SearchAction\",\"target\":{\"@type\":\"EntryPoint\",\"urlTemplate\":\"https:\/\/jornalfatosenoticias.com.br\/?s={search_term_string}\"},\"query-input\":{\"@type\":\"PropertyValueSpecification\",\"valueRequired\":true,\"valueName\":\"search_term_string\"}}],\"inLanguage\":\"pt-BR\"},{\"@type\":\"Organization\",\"@id\":\"https:\/\/jornalfatosenoticias.com.br\/#organization\",\"name\":\"Jornal Fatos e Not\u00edcias\",\"url\":\"https:\/\/jornalfatosenoticias.com.br\/\",\"logo\":{\"@type\":\"ImageObject\",\"inLanguage\":\"pt-BR\",\"@id\":\"https:\/\/jornalfatosenoticias.com.br\/#\/schema\/logo\/image\/\",\"url\":\"https:\/\/jornalfatosenoticias.com.br\/wp-content\/uploads\/2020\/02\/logo120.png\",\"contentUrl\":\"https:\/\/jornalfatosenoticias.com.br\/wp-content\/uploads\/2020\/02\/logo120.png\",\"width\":1227,\"height\":120,\"caption\":\"Jornal Fatos e Not\u00edcias\"},\"image\":{\"@id\":\"https:\/\/jornalfatosenoticias.com.br\/#\/schema\/logo\/image\/\"}},{\"@type\":\"Person\",\"@id\":\"https:\/\/jornalfatosenoticias.com.br\/#\/schema\/person\/d63837fa13ac8666eb9e74e0985d6f81\",\"name\":\"Luzimara Fernandes\",\"image\":{\"@type\":\"ImageObject\",\"inLanguage\":\"pt-BR\",\"@id\":\"https:\/\/jornalfatosenoticias.com.br\/#\/schema\/person\/image\/\",\"url\":\"https:\/\/jornalfatosenoticias.com.br\/wp-content\/uploads\/2025\/05\/EU_portal.jpg\",\"contentUrl\":\"https:\/\/jornalfatosenoticias.com.br\/wp-content\/uploads\/2025\/05\/EU_portal.jpg\",\"caption\":\"Luzimara Fernandes\"},\"description\":\"Jornalista MTB 2358-ES\",\"sameAs\":[\"https:\/\/jornalfatosenoticias.com.br\"],\"url\":\"https:\/\/jornalfatosenoticias.com.br\/index.php\/author\/luzimara\/\"}]}<\/script>\n<!-- \/ Yoast SEO plugin. -->","yoast_head_json":{"title":"Voc\u00ea est\u00e1 profissionalmente pronto para um futuro repleto de IA? - Jornal Fatos e Not\u00edcias","robots":{"index":"index","follow":"follow","max-snippet":"max-snippet:-1","max-image-preview":"max-image-preview:large","max-video-preview":"max-video-preview:-1"},"canonical":"https:\/\/jornalfatosenoticias.com.br\/index.php\/2020\/03\/27\/voce-esta-profissionalmente-pronto-para-um-futuro-repleto-de-ia\/","og_locale":"pt_BR","og_type":"article","og_title":"Voc\u00ea est\u00e1 profissionalmente pronto para um futuro repleto de IA? - Jornal Fatos e Not\u00edcias","og_description":"De acordo com dados do instituto de pesquisa IDC, a receita mundial proveniente de \u00e1reas ligadas \u00e0 Intelig\u00eancia Artificial ultrapassar\u00e1 a marca de US$ 46 bilh\u00f5es em 2020 Estamos em um caminho sem volta. O uso da Intelig\u00eancia Artificial (IA) em diversos segmentos j\u00e1 \u00e9 not\u00e1vel e irrevers\u00edvel em v\u00e1rios sentidos. Por\u00e9m, essa n\u00e3o precisa [&hellip;]","og_url":"https:\/\/jornalfatosenoticias.com.br\/index.php\/2020\/03\/27\/voce-esta-profissionalmente-pronto-para-um-futuro-repleto-de-ia\/","og_site_name":"Jornal Fatos e Not\u00edcias","article_published_time":"2020-03-27T13:35:09+00:00","article_modified_time":"2020-03-27T13:35:13+00:00","og_image":[{"width":1120,"height":420,"url":"https:\/\/jornalfatosenoticias.com.br\/wp-content\/uploads\/2020\/03\/inteligencia-artifical_profissoes.jpg","type":"image\/jpeg"}],"author":"Luzimara Fernandes","twitter_card":"summary_large_image","twitter_misc":{"Escrito por":"Luzimara Fernandes","Est. tempo de leitura":"3 minutos"},"schema":{"@context":"https:\/\/schema.org","@graph":[{"@type":"Article","@id":"https:\/\/jornalfatosenoticias.com.br\/index.php\/2020\/03\/27\/voce-esta-profissionalmente-pronto-para-um-futuro-repleto-de-ia\/#article","isPartOf":{"@id":"https:\/\/jornalfatosenoticias.com.br\/index.php\/2020\/03\/27\/voce-esta-profissionalmente-pronto-para-um-futuro-repleto-de-ia\/"},"author":{"name":"Luzimara Fernandes","@id":"https:\/\/jornalfatosenoticias.com.br\/#\/schema\/person\/d63837fa13ac8666eb9e74e0985d6f81"},"headline":"Voc\u00ea est\u00e1 profissionalmente pronto para um futuro repleto de IA?","datePublished":"2020-03-27T13:35:09+00:00","dateModified":"2020-03-27T13:35:13+00:00","mainEntityOfPage":{"@id":"https:\/\/jornalfatosenoticias.com.br\/index.php\/2020\/03\/27\/voce-esta-profissionalmente-pronto-para-um-futuro-repleto-de-ia\/"},"wordCount":543,"commentCount":0,"publisher":{"@id":"https:\/\/jornalfatosenoticias.com.br\/#organization"},"image":{"@id":"https:\/\/jornalfatosenoticias.com.br\/index.php\/2020\/03\/27\/voce-esta-profissionalmente-pronto-para-um-futuro-repleto-de-ia\/#primaryimage"},"thumbnailUrl":"https:\/\/jornalfatosenoticias.com.br\/wp-content\/uploads\/2020\/03\/inteligencia-artifical_profissoes.jpg","keywords":["foco","intelig\u00eancia artificial","mercado de trabalho","Microsoft","solu\u00e7\u00e3o","tecnologia"],"articleSection":["Tecnologia &amp; Inova\u00e7\u00e3o"],"inLanguage":"pt-BR","potentialAction":[{"@type":"CommentAction","name":"Comment","target":["https:\/\/jornalfatosenoticias.com.br\/index.php\/2020\/03\/27\/voce-esta-profissionalmente-pronto-para-um-futuro-repleto-de-ia\/#respond"]}]},{"@type":"WebPage","@id":"https:\/\/jornalfatosenoticias.com.br\/index.php\/2020\/03\/27\/voce-esta-profissionalmente-pronto-para-um-futuro-repleto-de-ia\/","url":"https:\/\/jornalfatosenoticias.com.br\/index.php\/2020\/03\/27\/voce-esta-profissionalmente-pronto-para-um-futuro-repleto-de-ia\/","name":"Voc\u00ea est\u00e1 profissionalmente pronto para um futuro repleto de IA? - Jornal Fatos e Not\u00edcias","isPartOf":{"@id":"https:\/\/jornalfatosenoticias.com.br\/#website"},"primaryImageOfPage":{"@id":"https:\/\/jornalfatosenoticias.com.br\/index.php\/2020\/03\/27\/voce-esta-profissionalmente-pronto-para-um-futuro-repleto-de-ia\/#primaryimage"},"image":{"@id":"https:\/\/jornalfatosenoticias.com.br\/index.php\/2020\/03\/27\/voce-esta-profissionalmente-pronto-para-um-futuro-repleto-de-ia\/#primaryimage"},"thumbnailUrl":"https:\/\/jornalfatosenoticias.com.br\/wp-content\/uploads\/2020\/03\/inteligencia-artifical_profissoes.jpg","datePublished":"2020-03-27T13:35:09+00:00","dateModified":"2020-03-27T13:35:13+00:00","breadcrumb":{"@id":"https:\/\/jornalfatosenoticias.com.br\/index.php\/2020\/03\/27\/voce-esta-profissionalmente-pronto-para-um-futuro-repleto-de-ia\/#breadcrumb"},"inLanguage":"pt-BR","potentialAction":[{"@type":"ReadAction","target":["https:\/\/jornalfatosenoticias.com.br\/index.php\/2020\/03\/27\/voce-esta-profissionalmente-pronto-para-um-futuro-repleto-de-ia\/"]}]},{"@type":"ImageObject","inLanguage":"pt-BR","@id":"https:\/\/jornalfatosenoticias.com.br\/index.php\/2020\/03\/27\/voce-esta-profissionalmente-pronto-para-um-futuro-repleto-de-ia\/#primaryimage","url":"https:\/\/jornalfatosenoticias.com.br\/wp-content\/uploads\/2020\/03\/inteligencia-artifical_profissoes.jpg","contentUrl":"https:\/\/jornalfatosenoticias.com.br\/wp-content\/uploads\/2020\/03\/inteligencia-artifical_profissoes.jpg","width":1120,"height":420},{"@type":"BreadcrumbList","@id":"https:\/\/jornalfatosenoticias.com.br\/index.php\/2020\/03\/27\/voce-esta-profissionalmente-pronto-para-um-futuro-repleto-de-ia\/#breadcrumb","itemListElement":[{"@type":"ListItem","position":1,"name":"In\u00edcio","item":"https:\/\/jornalfatosenoticias.com.br\/"},{"@type":"ListItem","position":2,"name":"Voc\u00ea est\u00e1 profissionalmente pronto para um futuro repleto de IA?"}]},{"@type":"WebSite","@id":"https:\/\/jornalfatosenoticias.com.br\/#website","url":"https:\/\/jornalfatosenoticias.com.br\/","name":"Jornal Fatos e Not\u00edcias","description":"Not\u00edcias em geral","publisher":{"@id":"https:\/\/jornalfatosenoticias.com.br\/#organization"},"potentialAction":[{"@type":"SearchAction","target":{"@type":"EntryPoint","urlTemplate":"https:\/\/jornalfatosenoticias.com.br\/?s={search_term_string}"},"query-input":{"@type":"PropertyValueSpecification","valueRequired":true,"valueName":"search_term_string"}}],"inLanguage":"pt-BR"},{"@type":"Organization","@id":"https:\/\/jornalfatosenoticias.com.br\/#organization","name":"Jornal Fatos e Not\u00edcias","url":"https:\/\/jornalfatosenoticias.com.br\/","logo":{"@type":"ImageObject","inLanguage":"pt-BR","@id":"https:\/\/jornalfatosenoticias.com.br\/#\/schema\/logo\/image\/","url":"https:\/\/jornalfatosenoticias.com.br\/wp-content\/uploads\/2020\/02\/logo120.png","contentUrl":"https:\/\/jornalfatosenoticias.com.br\/wp-content\/uploads\/2020\/02\/logo120.png","width":1227,"height":120,"caption":"Jornal Fatos e Not\u00edcias"},"image":{"@id":"https:\/\/jornalfatosenoticias.com.br\/#\/schema\/logo\/image\/"}},{"@type":"Person","@id":"https:\/\/jornalfatosenoticias.com.br\/#\/schema\/person\/d63837fa13ac8666eb9e74e0985d6f81","name":"Luzimara Fernandes","image":{"@type":"ImageObject","inLanguage":"pt-BR","@id":"https:\/\/jornalfatosenoticias.com.br\/#\/schema\/person\/image\/","url":"https:\/\/jornalfatosenoticias.com.br\/wp-content\/uploads\/2025\/05\/EU_portal.jpg","contentUrl":"https:\/\/jornalfatosenoticias.com.br\/wp-content\/uploads\/2025\/05\/EU_portal.jpg","caption":"Luzimara Fernandes"},"description":"Jornalista MTB 2358-ES","sameAs":["https:\/\/jornalfatosenoticias.com.br"],"url":"https:\/\/jornalfatosenoticias.com.br\/index.php\/author\/luzimara\/"}]}},"cc_featured_image_caption":{"caption_text":"IA (Foto: Divulga\u00e7\u00e3o\/Microsoft)","source_text":"","source_url":""},"jetpack_featured_media_url":"https:\/\/jornalfatosenoticias.com.br\/wp-content\/uploads\/2020\/03\/inteligencia-artifical_profissoes.jpg","_links":{"self":[{"href":"https:\/\/jornalfatosenoticias.com.br\/index.php\/wp-json\/wp\/v2\/posts\/2490","targetHints":{"allow":["GET"]}}],"collection":[{"href":"https:\/\/jornalfatosenoticias.com.br\/index.php\/wp-json\/wp\/v2\/posts"}],"about":[{"href":"https:\/\/jornalfatosenoticias.com.br\/index.php\/wp-json\/wp\/v2\/types\/post"}],"author":[{"embeddable":true,"href":"https:\/\/jornalfatosenoticias.com.br\/index.php\/wp-json\/wp\/v2\/users\/2"}],"replies":[{"embeddable":true,"href":"https:\/\/jornalfatosenoticias.com.br\/index.php\/wp-json\/wp\/v2\/comments?post=2490"}],"version-history":[{"count":0,"href":"https:\/\/jornalfatosenoticias.com.br\/index.php\/wp-json\/wp\/v2\/posts\/2490\/revisions"}],"wp:featuredmedia":[{"embeddable":true,"href":"https:\/\/jornalfatosenoticias.com.br\/index.php\/wp-json\/wp\/v2\/media\/2491"}],"wp:attachment":[{"href":"https:\/\/jornalfatosenoticias.com.br\/index.php\/wp-json\/wp\/v2\/media?parent=2490"}],"wp:term":[{"taxonomy":"category","embeddable":true,"href":"https:\/\/jornalfatosenoticias.com.br\/index.php\/wp-json\/wp\/v2\/categories?post=2490"},{"taxonomy":"post_tag","embeddable":true,"href":"https:\/\/jornalfatosenoticias.com.br\/index.php\/wp-json\/wp\/v2\/tags?post=2490"}],"curies":[{"name":"wp","href":"https:\/\/api.w.org\/{rel}","templated":true}]}}