{"id":24904,"date":"2021-11-12T18:25:29","date_gmt":"2021-11-12T21:25:29","guid":{"rendered":"https:\/\/jornalfatosenoticias.com.br\/?p=24904"},"modified":"2021-11-12T18:25:32","modified_gmt":"2021-11-12T21:25:32","slug":"ciume-demais-indica-necessidade-de-tratamento-psicologico","status":"publish","type":"post","link":"https:\/\/jornalfatosenoticias.com.br\/index.php\/2021\/11\/12\/ciume-demais-indica-necessidade-de-tratamento-psicologico\/","title":{"rendered":"Ci\u00fame demais indica necessidade de tratamento psicol\u00f3gico"},"content":{"rendered":"\n<p>Todo mundo experimenta, em menor ou maior grau, algum tipo de ci\u00fame ao longo da vida. \u00c9 f\u00e1cil, por exemplo, perceber como as crian\u00e7as o demonstram em rela\u00e7\u00e3o aos pais ou aos amiguinhos. Trata-se de uma emo\u00e7\u00e3o que qualquer pessoa pode sentir quando percebe a amea\u00e7a de perder algo que lhe \u00e9 muito valioso.<br>&#8220;O ci\u00fame tem a ver com processos vinculativos. O medo de ser abandonado ou trocado faz parte da natureza humana e \u00e9 algo normal. A intensidade do ci\u00fame, por\u00e9m, depende de fatores como personalidade, mecanismos biol\u00f3gicos, autoconfian\u00e7a e viv\u00eancias&#8221;, comenta Henrique Bottura, diretor cl\u00ednico do Instituto de Psiquiatria Paulista, em S\u00e3o Paulo (SP), e colaborador do ambulat\u00f3rio de impulsividade do Instituto de Psiquiatria do Hospital das Cl\u00ednicas da Faculdade de Medicina da Universidade de S\u00e3o Paulo (IPq-HCFMUSP).<br>S\u00e3o essas condi\u00e7\u00f5es, tamb\u00e9m, que podem tornar o ci\u00fame disfuncional. Segundo o psiquiatra Eduardo Perin, pesquisador do Centro de Assist\u00eancia, Ensino e Pesquisa em Transtornos do Espectro Obsessivo-Compulsivo da Universidade Federal de S\u00e3o Paulo (CenTOC-Unifesp), o ci\u00fame ultrapassa os limites de uma emo\u00e7\u00e3o normal e, em certo ponto, saud\u00e1vel, quando come\u00e7a a interferir na capacidade de concentra\u00e7\u00e3o e disposi\u00e7\u00e3o da pessoa, afetando n\u00e3o s\u00f3 a rela\u00e7\u00e3o afetiva como o trabalho, os estudos e a vida social. &#8220;Quadros patol\u00f3gicos tendem a \u00edndices elevados de depress\u00e3o e ansiedade e at\u00e9 suic\u00eddio&#8221;, alerta ele, que tamb\u00e9m atua como terapeuta sexual pelo Instituto Paulista de Sexualidade (Inpasex).<br>Segundo H\u00e9lio Malka Y Negri, psic\u00f3logo cl\u00ednico da plataforma on-line Vittude no Nordeste, quando h\u00e1 o entendimento da exclusividade em uma rela\u00e7\u00e3o, \u00e9 normal que se sinta ci\u00fames em situa\u00e7\u00f5es que pare\u00e7am amea\u00e7adoras a essa exclusividade. &#8220;Por\u00e9m, o relacionamento se torna t\u00f3xico quando prejudica n\u00e3o apenas o envolvimento, mas tamb\u00e9m o outro, seja por uma tentativa obsessiva de controle, pela cren\u00e7a superestimada sobre a infidelidade do parceiro ou por pensamentos paranoicos e sem fundamentos, podendo chegar ao descontrole agressivo. \u00c9 uma situa\u00e7\u00e3o que causa extremo sofrimento aos envolvidos e \u00e9 capaz de destruir as rela\u00e7\u00f5es&#8221;, explica.<\/p>\n\n\n\n<figure class=\"wp-block-image size-large is-style-default\"><img loading=\"lazy\" decoding=\"async\" width=\"1000\" height=\"666\" src=\"https:\/\/jornalfatosenoticias.com.br\/wp-content\/uploads\/2021\/11\/CIUMES-CASAL-NA-CAMA_Getty-Images.jpeg\" alt=\"\" class=\"wp-image-24905\" srcset=\"https:\/\/jornalfatosenoticias.com.br\/wp-content\/uploads\/2021\/11\/CIUMES-CASAL-NA-CAMA_Getty-Images.jpeg 1000w, https:\/\/jornalfatosenoticias.com.br\/wp-content\/uploads\/2021\/11\/CIUMES-CASAL-NA-CAMA_Getty-Images-300x200.jpeg 300w, https:\/\/jornalfatosenoticias.com.br\/wp-content\/uploads\/2021\/11\/CIUMES-CASAL-NA-CAMA_Getty-Images-768x511.jpeg 768w\" sizes=\"auto, (max-width: 1000px) 100vw, 1000px\" \/><figcaption><em><span class=\"has-inline-color has-black-color\">Ciumentos patol\u00f3gicos precisam procurar aux\u00edlio o quanto antes, pois ficam em permanente estado de tens\u00e3o e preocupa\u00e7\u00e3o (Foto: Getty Images)<\/span><\/em><\/figcaption><\/figure>\n\n\n\n<p>Ainda conforme Negri, se o ci\u00fame for realmente patol\u00f3gico, ou seja, com o comprometimento severo da capacidade do indiv\u00edduo de dialogar interna e externamente, n\u00e3o \u00e9 facilmente resolvido com di\u00e1logos nem com mudan\u00e7as de comportamento. &#8220;As circunst\u00e2ncias tendem a se agravar com o tempo, caso o problema n\u00e3o seja tratado com seriedade, preferencialmente com a ajuda de um psic\u00f3logo, que ajudar\u00e1 a pessoa a entender seus anseios e cren\u00e7as&#8221;, diz.<\/p>\n\n\n\n<p><strong><span class=\"has-inline-color has-black-color\">Percep\u00e7\u00e3o, autoconhecimento e busca por ajuda<br><\/span><\/strong>De acordo com Marina Vasconcellos, psic\u00f3loga e terapeuta familiar e de casal pela Unifesp, os ciumentos patol\u00f3gicos precisam procurar aux\u00edlio o quanto antes, pois &#8220;n\u00e3o t\u00eam paz&#8221;. &#8220;S\u00e3o pessoas em permanente estado de tens\u00e3o e preocupa\u00e7\u00e3o, que criam ou procuram situa\u00e7\u00f5es que alimentam a emo\u00e7\u00e3o nociva. N\u00e3o dormem direito, porque o c\u00e9rebro &#8216;n\u00e3o para&#8217;, e levam uma vida regada a conflitos&#8221;, aponta.<br>Vasconcellos trabalha como psic\u00f3loga volunt\u00e1ria do ambulat\u00f3rio de impulsividade do IPq-HCFMUSP e relata que o primeiro passo para tratar o quadro \u00e9 ajudar o paciente no controle dos sintomas, como os pensamentos obsessivos. &#8220;Os medicamentos antidepressivos auxiliam na estabiliza\u00e7\u00e3o do humor e da ansiedade e formam um complemento \u00e0 terapia&#8221;, conta.<br>J\u00e1 Lilian Fiorelli, ginecologista especialista em sexualidade feminina e uroginecologia pela USP, avisa que em muitos casos a pessoa n\u00e3o se d\u00e1 conta da gravidade da pr\u00f3pria situa\u00e7\u00e3o. &#8220;S\u00e3o os amigos ou familiares que pontuam o comportamento disfuncional e sugerem a busca por ajuda especializada. \u00c9 importante aceitar esse feedback, pois o ci\u00fame patol\u00f3gico impede a vis\u00e3o clara e objetiva dos sentimentos e dos fatos&#8221;, afirma.<br>\u00c9 fundamental que o indiv\u00edduo pratique o autoconhecimento para tentar conhecer, analisar e gerenciar suas emo\u00e7\u00f5es. &#8220;A psicoterapia \u00e9 uma ferramenta poderos\u00edssima nesse sentido, mas existem formas alternativas, como medita\u00e7\u00e3o, arteterapia, musicoterapia, hipnoterapia ou qualquer outra t\u00e9cnica que permita \u00e0 pessoa se conectar consigo mesma para catalisar seus sentimentos e harmonizar o seu estado de sa\u00fade&#8221;, indica Negri.<\/p>\n\n\n\n<figure class=\"wp-block-image size-large is-style-default\"><img loading=\"lazy\" decoding=\"async\" width=\"1000\" height=\"666\" src=\"https:\/\/jornalfatosenoticias.com.br\/wp-content\/uploads\/2021\/11\/CIUMES_AMIGAS.jpg\" alt=\"\" class=\"wp-image-24906\" srcset=\"https:\/\/jornalfatosenoticias.com.br\/wp-content\/uploads\/2021\/11\/CIUMES_AMIGAS.jpg 1000w, https:\/\/jornalfatosenoticias.com.br\/wp-content\/uploads\/2021\/11\/CIUMES_AMIGAS-300x200.jpg 300w, https:\/\/jornalfatosenoticias.com.br\/wp-content\/uploads\/2021\/11\/CIUMES_AMIGAS-768x511.jpg 768w\" sizes=\"auto, (max-width: 1000px) 100vw, 1000px\" \/><figcaption><em><span class=\"has-inline-color has-black-color\">Em muitos casos a pessoa n\u00e3o se d\u00e1 conta da gravidade da pr\u00f3pria situa\u00e7\u00e3o (Foto: iStock)<\/span><\/em><\/figcaption><\/figure>\n\n\n\n<p>Para Viviane Tavares Pessoa, psic\u00f3loga da plataforma on-line Telavita, que atua em Feira de Santana (BA), \u00e9 v\u00e1lido entender que esse tipo de ci\u00fame t\u00f3xico n\u00e3o aparece do nada. &#8220;O ci\u00fame \u00e9 uma caracter\u00edstica humana, por\u00e9m, pessoas com desequil\u00edbrio emocional, desordem do desenvolvimento psicossexual e um conjunto de processos experienciados na vida pela pessoa ciumenta, pode chegar ao ponto de estar em um ciclo doentio e de relacionamento abusivo&#8221;, fala.<\/p>\n\n\n\n<p><strong><span class=\"has-inline-color has-black-color\">E o que o par de um ciumento patol\u00f3gico pode e n\u00e3o pode fazer?<br><\/span><\/strong>N\u00e3o fazer nada n\u00e3o vai ajudar, ou seja, ignorar o sofrimento do outro n\u00e3o \u00e9 uma boa op\u00e7\u00e3o. Ao mesmo tempo, \u00e9 sempre muito dif\u00edcil ajudar quem n\u00e3o reconhece a necessidade e n\u00e3o aceita ajuda. &#8220;Assim, o primeiro passo \u00e9 tentar fazer o outro aceitar que precisa de ajuda. Uma boa estrat\u00e9gia \u00e9 propor a terapia de casal, pois ser\u00e1 mais f\u00e1cil para um psic\u00f3logo demonstrar para o paciente ciumento patol\u00f3gico que a rela\u00e7\u00e3o corre mais risco por conta de suas pr\u00f3prias a\u00e7\u00f5es do que de poss\u00edveis atitudes do parceiro&#8221;, diz Negri.<br>Ele salienta que o profissional tamb\u00e9m pode identificar que muitas vezes o ci\u00fame pode ter motivos reais e n\u00e3o s\u00f3 emocionais. &#8220;Isso significa que pode realmente existir trai\u00e7\u00e3o, indiferen\u00e7a e omiss\u00f5es da outra parte. As rela\u00e7\u00f5es humanas s\u00e3o complexas e nem sempre h\u00e1 apenas uma verdade. \u00c9 sempre bom olhar com honestidade, carinho e empatia a dor de quem nos relacionamos&#8221;.<\/p>\n\n\n\n<p><strong><em>Fonte: <a href=\"https:\/\/www.uol.com.br\/vivabem\/noticias\/redacao\/2021\/11\/09\/ciume-demais-indica-necessidade-de-tratamento-psicologico.htm\">UOL<\/a><\/em><\/strong><\/p>\n","protected":false},"excerpt":{"rendered":"<p>Todo mundo experimenta, em menor ou maior grau, algum tipo de ci\u00fame ao longo da vida. \u00c9 f\u00e1cil, por exemplo, perceber como as crian\u00e7as o demonstram em rela\u00e7\u00e3o aos pais ou aos amiguinhos. Trata-se de uma emo\u00e7\u00e3o que qualquer pessoa pode sentir quando percebe a amea\u00e7a de perder algo que lhe \u00e9 muito valioso.&#8220;O ci\u00fame [&hellip;]<\/p>\n","protected":false},"author":2,"featured_media":24907,"comment_status":"open","ping_status":"open","sticky":false,"template":"","format":"standard","meta":{"footnotes":""},"categories":[2522],"tags":[7267,12026,12028,12027],"class_list":["post-24904","post","type-post","status-publish","format-standard","has-post-thumbnail","hentry","category-comportamento","tag-ciume","tag-ciume-demais","tag-patologia","tag-tratamento-psicologico"],"yoast_head":"<!-- This site is optimized with the Yoast SEO plugin v26.5 - https:\/\/yoast.com\/wordpress\/plugins\/seo\/ -->\n<title>Ci\u00fame demais indica necessidade de tratamento psicol\u00f3gico - Jornal Fatos e Not\u00edcias<\/title>\n<meta name=\"robots\" content=\"index, follow, max-snippet:-1, max-image-preview:large, max-video-preview:-1\" \/>\n<link rel=\"canonical\" href=\"https:\/\/jornalfatosenoticias.com.br\/index.php\/2021\/11\/12\/ciume-demais-indica-necessidade-de-tratamento-psicologico\/\" \/>\n<meta property=\"og:locale\" content=\"pt_BR\" \/>\n<meta property=\"og:type\" content=\"article\" \/>\n<meta property=\"og:title\" content=\"Ci\u00fame demais indica necessidade de tratamento psicol\u00f3gico - Jornal Fatos e Not\u00edcias\" \/>\n<meta property=\"og:description\" content=\"Todo mundo experimenta, em menor ou maior grau, algum tipo de ci\u00fame ao longo da vida. \u00c9 f\u00e1cil, por exemplo, perceber como as crian\u00e7as o demonstram em rela\u00e7\u00e3o aos pais ou aos amiguinhos. Trata-se de uma emo\u00e7\u00e3o que qualquer pessoa pode sentir quando percebe a amea\u00e7a de perder algo que lhe \u00e9 muito valioso.&#8220;O ci\u00fame [&hellip;]\" \/>\n<meta property=\"og:url\" content=\"https:\/\/jornalfatosenoticias.com.br\/index.php\/2021\/11\/12\/ciume-demais-indica-necessidade-de-tratamento-psicologico\/\" \/>\n<meta property=\"og:site_name\" content=\"Jornal Fatos e Not\u00edcias\" \/>\n<meta property=\"article:published_time\" content=\"2021-11-12T21:25:29+00:00\" \/>\n<meta property=\"article:modified_time\" content=\"2021-11-12T21:25:32+00:00\" \/>\n<meta property=\"og:image\" content=\"https:\/\/jornalfatosenoticias.com.br\/wp-content\/uploads\/2021\/11\/CASAL_GETTY-IMAGES.jpg\" \/>\n\t<meta property=\"og:image:width\" content=\"1000\" \/>\n\t<meta property=\"og:image:height\" content=\"666\" \/>\n\t<meta property=\"og:image:type\" content=\"image\/jpeg\" \/>\n<meta name=\"author\" content=\"Luzimara Fernandes\" \/>\n<meta name=\"twitter:card\" content=\"summary_large_image\" \/>\n<meta name=\"twitter:label1\" content=\"Escrito por\" \/>\n\t<meta name=\"twitter:data1\" content=\"Luzimara Fernandes\" \/>\n\t<meta name=\"twitter:label2\" content=\"Est. tempo de leitura\" \/>\n\t<meta name=\"twitter:data2\" content=\"5 minutos\" \/>\n<script type=\"application\/ld+json\" class=\"yoast-schema-graph\">{\"@context\":\"https:\/\/schema.org\",\"@graph\":[{\"@type\":\"Article\",\"@id\":\"https:\/\/jornalfatosenoticias.com.br\/index.php\/2021\/11\/12\/ciume-demais-indica-necessidade-de-tratamento-psicologico\/#article\",\"isPartOf\":{\"@id\":\"https:\/\/jornalfatosenoticias.com.br\/index.php\/2021\/11\/12\/ciume-demais-indica-necessidade-de-tratamento-psicologico\/\"},\"author\":{\"name\":\"Luzimara Fernandes\",\"@id\":\"https:\/\/jornalfatosenoticias.com.br\/#\/schema\/person\/d63837fa13ac8666eb9e74e0985d6f81\"},\"headline\":\"Ci\u00fame demais indica necessidade de tratamento psicol\u00f3gico\",\"datePublished\":\"2021-11-12T21:25:29+00:00\",\"dateModified\":\"2021-11-12T21:25:32+00:00\",\"mainEntityOfPage\":{\"@id\":\"https:\/\/jornalfatosenoticias.com.br\/index.php\/2021\/11\/12\/ciume-demais-indica-necessidade-de-tratamento-psicologico\/\"},\"wordCount\":1039,\"commentCount\":0,\"publisher\":{\"@id\":\"https:\/\/jornalfatosenoticias.com.br\/#organization\"},\"image\":{\"@id\":\"https:\/\/jornalfatosenoticias.com.br\/index.php\/2021\/11\/12\/ciume-demais-indica-necessidade-de-tratamento-psicologico\/#primaryimage\"},\"thumbnailUrl\":\"https:\/\/jornalfatosenoticias.com.br\/wp-content\/uploads\/2021\/11\/CASAL_GETTY-IMAGES.jpg\",\"keywords\":[\"ci\u00fame\",\"ci\u00fame demais\",\"patologia\",\"tratamento psicol\u00f3gico\"],\"articleSection\":[\"Comportamento &amp; Equil\u00edbrio\"],\"inLanguage\":\"pt-BR\",\"potentialAction\":[{\"@type\":\"CommentAction\",\"name\":\"Comment\",\"target\":[\"https:\/\/jornalfatosenoticias.com.br\/index.php\/2021\/11\/12\/ciume-demais-indica-necessidade-de-tratamento-psicologico\/#respond\"]}]},{\"@type\":\"WebPage\",\"@id\":\"https:\/\/jornalfatosenoticias.com.br\/index.php\/2021\/11\/12\/ciume-demais-indica-necessidade-de-tratamento-psicologico\/\",\"url\":\"https:\/\/jornalfatosenoticias.com.br\/index.php\/2021\/11\/12\/ciume-demais-indica-necessidade-de-tratamento-psicologico\/\",\"name\":\"Ci\u00fame demais indica necessidade de tratamento psicol\u00f3gico - Jornal Fatos e Not\u00edcias\",\"isPartOf\":{\"@id\":\"https:\/\/jornalfatosenoticias.com.br\/#website\"},\"primaryImageOfPage\":{\"@id\":\"https:\/\/jornalfatosenoticias.com.br\/index.php\/2021\/11\/12\/ciume-demais-indica-necessidade-de-tratamento-psicologico\/#primaryimage\"},\"image\":{\"@id\":\"https:\/\/jornalfatosenoticias.com.br\/index.php\/2021\/11\/12\/ciume-demais-indica-necessidade-de-tratamento-psicologico\/#primaryimage\"},\"thumbnailUrl\":\"https:\/\/jornalfatosenoticias.com.br\/wp-content\/uploads\/2021\/11\/CASAL_GETTY-IMAGES.jpg\",\"datePublished\":\"2021-11-12T21:25:29+00:00\",\"dateModified\":\"2021-11-12T21:25:32+00:00\",\"breadcrumb\":{\"@id\":\"https:\/\/jornalfatosenoticias.com.br\/index.php\/2021\/11\/12\/ciume-demais-indica-necessidade-de-tratamento-psicologico\/#breadcrumb\"},\"inLanguage\":\"pt-BR\",\"potentialAction\":[{\"@type\":\"ReadAction\",\"target\":[\"https:\/\/jornalfatosenoticias.com.br\/index.php\/2021\/11\/12\/ciume-demais-indica-necessidade-de-tratamento-psicologico\/\"]}]},{\"@type\":\"ImageObject\",\"inLanguage\":\"pt-BR\",\"@id\":\"https:\/\/jornalfatosenoticias.com.br\/index.php\/2021\/11\/12\/ciume-demais-indica-necessidade-de-tratamento-psicologico\/#primaryimage\",\"url\":\"https:\/\/jornalfatosenoticias.com.br\/wp-content\/uploads\/2021\/11\/CASAL_GETTY-IMAGES.jpg\",\"contentUrl\":\"https:\/\/jornalfatosenoticias.com.br\/wp-content\/uploads\/2021\/11\/CASAL_GETTY-IMAGES.jpg\",\"width\":1000,\"height\":666,\"caption\":\"Couple is arguing on the street\"},{\"@type\":\"BreadcrumbList\",\"@id\":\"https:\/\/jornalfatosenoticias.com.br\/index.php\/2021\/11\/12\/ciume-demais-indica-necessidade-de-tratamento-psicologico\/#breadcrumb\",\"itemListElement\":[{\"@type\":\"ListItem\",\"position\":1,\"name\":\"In\u00edcio\",\"item\":\"https:\/\/jornalfatosenoticias.com.br\/\"},{\"@type\":\"ListItem\",\"position\":2,\"name\":\"Ci\u00fame demais indica necessidade de tratamento psicol\u00f3gico\"}]},{\"@type\":\"WebSite\",\"@id\":\"https:\/\/jornalfatosenoticias.com.br\/#website\",\"url\":\"https:\/\/jornalfatosenoticias.com.br\/\",\"name\":\"Jornal Fatos e Not\u00edcias\",\"description\":\"Not\u00edcias em geral\",\"publisher\":{\"@id\":\"https:\/\/jornalfatosenoticias.com.br\/#organization\"},\"potentialAction\":[{\"@type\":\"SearchAction\",\"target\":{\"@type\":\"EntryPoint\",\"urlTemplate\":\"https:\/\/jornalfatosenoticias.com.br\/?s={search_term_string}\"},\"query-input\":{\"@type\":\"PropertyValueSpecification\",\"valueRequired\":true,\"valueName\":\"search_term_string\"}}],\"inLanguage\":\"pt-BR\"},{\"@type\":\"Organization\",\"@id\":\"https:\/\/jornalfatosenoticias.com.br\/#organization\",\"name\":\"Jornal Fatos e Not\u00edcias\",\"url\":\"https:\/\/jornalfatosenoticias.com.br\/\",\"logo\":{\"@type\":\"ImageObject\",\"inLanguage\":\"pt-BR\",\"@id\":\"https:\/\/jornalfatosenoticias.com.br\/#\/schema\/logo\/image\/\",\"url\":\"https:\/\/jornalfatosenoticias.com.br\/wp-content\/uploads\/2020\/02\/logo120.png\",\"contentUrl\":\"https:\/\/jornalfatosenoticias.com.br\/wp-content\/uploads\/2020\/02\/logo120.png\",\"width\":1227,\"height\":120,\"caption\":\"Jornal Fatos e Not\u00edcias\"},\"image\":{\"@id\":\"https:\/\/jornalfatosenoticias.com.br\/#\/schema\/logo\/image\/\"}},{\"@type\":\"Person\",\"@id\":\"https:\/\/jornalfatosenoticias.com.br\/#\/schema\/person\/d63837fa13ac8666eb9e74e0985d6f81\",\"name\":\"Luzimara Fernandes\",\"image\":{\"@type\":\"ImageObject\",\"inLanguage\":\"pt-BR\",\"@id\":\"https:\/\/jornalfatosenoticias.com.br\/#\/schema\/person\/image\/\",\"url\":\"https:\/\/jornalfatosenoticias.com.br\/wp-content\/uploads\/2025\/05\/EU_portal.jpg\",\"contentUrl\":\"https:\/\/jornalfatosenoticias.com.br\/wp-content\/uploads\/2025\/05\/EU_portal.jpg\",\"caption\":\"Luzimara Fernandes\"},\"description\":\"Jornalista MTB 2358-ES\",\"sameAs\":[\"https:\/\/jornalfatosenoticias.com.br\"],\"url\":\"https:\/\/jornalfatosenoticias.com.br\/index.php\/author\/luzimara\/\"}]}<\/script>\n<!-- \/ Yoast SEO plugin. -->","yoast_head_json":{"title":"Ci\u00fame demais indica necessidade de tratamento psicol\u00f3gico - Jornal Fatos e Not\u00edcias","robots":{"index":"index","follow":"follow","max-snippet":"max-snippet:-1","max-image-preview":"max-image-preview:large","max-video-preview":"max-video-preview:-1"},"canonical":"https:\/\/jornalfatosenoticias.com.br\/index.php\/2021\/11\/12\/ciume-demais-indica-necessidade-de-tratamento-psicologico\/","og_locale":"pt_BR","og_type":"article","og_title":"Ci\u00fame demais indica necessidade de tratamento psicol\u00f3gico - Jornal Fatos e Not\u00edcias","og_description":"Todo mundo experimenta, em menor ou maior grau, algum tipo de ci\u00fame ao longo da vida. \u00c9 f\u00e1cil, por exemplo, perceber como as crian\u00e7as o demonstram em rela\u00e7\u00e3o aos pais ou aos amiguinhos. Trata-se de uma emo\u00e7\u00e3o que qualquer pessoa pode sentir quando percebe a amea\u00e7a de perder algo que lhe \u00e9 muito valioso.&#8220;O ci\u00fame [&hellip;]","og_url":"https:\/\/jornalfatosenoticias.com.br\/index.php\/2021\/11\/12\/ciume-demais-indica-necessidade-de-tratamento-psicologico\/","og_site_name":"Jornal Fatos e Not\u00edcias","article_published_time":"2021-11-12T21:25:29+00:00","article_modified_time":"2021-11-12T21:25:32+00:00","og_image":[{"width":1000,"height":666,"url":"https:\/\/jornalfatosenoticias.com.br\/wp-content\/uploads\/2021\/11\/CASAL_GETTY-IMAGES.jpg","type":"image\/jpeg"}],"author":"Luzimara Fernandes","twitter_card":"summary_large_image","twitter_misc":{"Escrito por":"Luzimara Fernandes","Est. tempo de leitura":"5 minutos"},"schema":{"@context":"https:\/\/schema.org","@graph":[{"@type":"Article","@id":"https:\/\/jornalfatosenoticias.com.br\/index.php\/2021\/11\/12\/ciume-demais-indica-necessidade-de-tratamento-psicologico\/#article","isPartOf":{"@id":"https:\/\/jornalfatosenoticias.com.br\/index.php\/2021\/11\/12\/ciume-demais-indica-necessidade-de-tratamento-psicologico\/"},"author":{"name":"Luzimara Fernandes","@id":"https:\/\/jornalfatosenoticias.com.br\/#\/schema\/person\/d63837fa13ac8666eb9e74e0985d6f81"},"headline":"Ci\u00fame demais indica necessidade de tratamento psicol\u00f3gico","datePublished":"2021-11-12T21:25:29+00:00","dateModified":"2021-11-12T21:25:32+00:00","mainEntityOfPage":{"@id":"https:\/\/jornalfatosenoticias.com.br\/index.php\/2021\/11\/12\/ciume-demais-indica-necessidade-de-tratamento-psicologico\/"},"wordCount":1039,"commentCount":0,"publisher":{"@id":"https:\/\/jornalfatosenoticias.com.br\/#organization"},"image":{"@id":"https:\/\/jornalfatosenoticias.com.br\/index.php\/2021\/11\/12\/ciume-demais-indica-necessidade-de-tratamento-psicologico\/#primaryimage"},"thumbnailUrl":"https:\/\/jornalfatosenoticias.com.br\/wp-content\/uploads\/2021\/11\/CASAL_GETTY-IMAGES.jpg","keywords":["ci\u00fame","ci\u00fame demais","patologia","tratamento psicol\u00f3gico"],"articleSection":["Comportamento &amp; Equil\u00edbrio"],"inLanguage":"pt-BR","potentialAction":[{"@type":"CommentAction","name":"Comment","target":["https:\/\/jornalfatosenoticias.com.br\/index.php\/2021\/11\/12\/ciume-demais-indica-necessidade-de-tratamento-psicologico\/#respond"]}]},{"@type":"WebPage","@id":"https:\/\/jornalfatosenoticias.com.br\/index.php\/2021\/11\/12\/ciume-demais-indica-necessidade-de-tratamento-psicologico\/","url":"https:\/\/jornalfatosenoticias.com.br\/index.php\/2021\/11\/12\/ciume-demais-indica-necessidade-de-tratamento-psicologico\/","name":"Ci\u00fame demais indica necessidade de tratamento psicol\u00f3gico - Jornal Fatos e Not\u00edcias","isPartOf":{"@id":"https:\/\/jornalfatosenoticias.com.br\/#website"},"primaryImageOfPage":{"@id":"https:\/\/jornalfatosenoticias.com.br\/index.php\/2021\/11\/12\/ciume-demais-indica-necessidade-de-tratamento-psicologico\/#primaryimage"},"image":{"@id":"https:\/\/jornalfatosenoticias.com.br\/index.php\/2021\/11\/12\/ciume-demais-indica-necessidade-de-tratamento-psicologico\/#primaryimage"},"thumbnailUrl":"https:\/\/jornalfatosenoticias.com.br\/wp-content\/uploads\/2021\/11\/CASAL_GETTY-IMAGES.jpg","datePublished":"2021-11-12T21:25:29+00:00","dateModified":"2021-11-12T21:25:32+00:00","breadcrumb":{"@id":"https:\/\/jornalfatosenoticias.com.br\/index.php\/2021\/11\/12\/ciume-demais-indica-necessidade-de-tratamento-psicologico\/#breadcrumb"},"inLanguage":"pt-BR","potentialAction":[{"@type":"ReadAction","target":["https:\/\/jornalfatosenoticias.com.br\/index.php\/2021\/11\/12\/ciume-demais-indica-necessidade-de-tratamento-psicologico\/"]}]},{"@type":"ImageObject","inLanguage":"pt-BR","@id":"https:\/\/jornalfatosenoticias.com.br\/index.php\/2021\/11\/12\/ciume-demais-indica-necessidade-de-tratamento-psicologico\/#primaryimage","url":"https:\/\/jornalfatosenoticias.com.br\/wp-content\/uploads\/2021\/11\/CASAL_GETTY-IMAGES.jpg","contentUrl":"https:\/\/jornalfatosenoticias.com.br\/wp-content\/uploads\/2021\/11\/CASAL_GETTY-IMAGES.jpg","width":1000,"height":666,"caption":"Couple is arguing on the street"},{"@type":"BreadcrumbList","@id":"https:\/\/jornalfatosenoticias.com.br\/index.php\/2021\/11\/12\/ciume-demais-indica-necessidade-de-tratamento-psicologico\/#breadcrumb","itemListElement":[{"@type":"ListItem","position":1,"name":"In\u00edcio","item":"https:\/\/jornalfatosenoticias.com.br\/"},{"@type":"ListItem","position":2,"name":"Ci\u00fame demais indica necessidade de tratamento psicol\u00f3gico"}]},{"@type":"WebSite","@id":"https:\/\/jornalfatosenoticias.com.br\/#website","url":"https:\/\/jornalfatosenoticias.com.br\/","name":"Jornal Fatos e Not\u00edcias","description":"Not\u00edcias em geral","publisher":{"@id":"https:\/\/jornalfatosenoticias.com.br\/#organization"},"potentialAction":[{"@type":"SearchAction","target":{"@type":"EntryPoint","urlTemplate":"https:\/\/jornalfatosenoticias.com.br\/?s={search_term_string}"},"query-input":{"@type":"PropertyValueSpecification","valueRequired":true,"valueName":"search_term_string"}}],"inLanguage":"pt-BR"},{"@type":"Organization","@id":"https:\/\/jornalfatosenoticias.com.br\/#organization","name":"Jornal Fatos e Not\u00edcias","url":"https:\/\/jornalfatosenoticias.com.br\/","logo":{"@type":"ImageObject","inLanguage":"pt-BR","@id":"https:\/\/jornalfatosenoticias.com.br\/#\/schema\/logo\/image\/","url":"https:\/\/jornalfatosenoticias.com.br\/wp-content\/uploads\/2020\/02\/logo120.png","contentUrl":"https:\/\/jornalfatosenoticias.com.br\/wp-content\/uploads\/2020\/02\/logo120.png","width":1227,"height":120,"caption":"Jornal Fatos e Not\u00edcias"},"image":{"@id":"https:\/\/jornalfatosenoticias.com.br\/#\/schema\/logo\/image\/"}},{"@type":"Person","@id":"https:\/\/jornalfatosenoticias.com.br\/#\/schema\/person\/d63837fa13ac8666eb9e74e0985d6f81","name":"Luzimara Fernandes","image":{"@type":"ImageObject","inLanguage":"pt-BR","@id":"https:\/\/jornalfatosenoticias.com.br\/#\/schema\/person\/image\/","url":"https:\/\/jornalfatosenoticias.com.br\/wp-content\/uploads\/2025\/05\/EU_portal.jpg","contentUrl":"https:\/\/jornalfatosenoticias.com.br\/wp-content\/uploads\/2025\/05\/EU_portal.jpg","caption":"Luzimara Fernandes"},"description":"Jornalista MTB 2358-ES","sameAs":["https:\/\/jornalfatosenoticias.com.br"],"url":"https:\/\/jornalfatosenoticias.com.br\/index.php\/author\/luzimara\/"}]}},"cc_featured_image_caption":{"caption_text":"(Foto: Getty Images) ","source_text":"","source_url":""},"jetpack_featured_media_url":"https:\/\/jornalfatosenoticias.com.br\/wp-content\/uploads\/2021\/11\/CASAL_GETTY-IMAGES.jpg","_links":{"self":[{"href":"https:\/\/jornalfatosenoticias.com.br\/index.php\/wp-json\/wp\/v2\/posts\/24904","targetHints":{"allow":["GET"]}}],"collection":[{"href":"https:\/\/jornalfatosenoticias.com.br\/index.php\/wp-json\/wp\/v2\/posts"}],"about":[{"href":"https:\/\/jornalfatosenoticias.com.br\/index.php\/wp-json\/wp\/v2\/types\/post"}],"author":[{"embeddable":true,"href":"https:\/\/jornalfatosenoticias.com.br\/index.php\/wp-json\/wp\/v2\/users\/2"}],"replies":[{"embeddable":true,"href":"https:\/\/jornalfatosenoticias.com.br\/index.php\/wp-json\/wp\/v2\/comments?post=24904"}],"version-history":[{"count":0,"href":"https:\/\/jornalfatosenoticias.com.br\/index.php\/wp-json\/wp\/v2\/posts\/24904\/revisions"}],"wp:featuredmedia":[{"embeddable":true,"href":"https:\/\/jornalfatosenoticias.com.br\/index.php\/wp-json\/wp\/v2\/media\/24907"}],"wp:attachment":[{"href":"https:\/\/jornalfatosenoticias.com.br\/index.php\/wp-json\/wp\/v2\/media?parent=24904"}],"wp:term":[{"taxonomy":"category","embeddable":true,"href":"https:\/\/jornalfatosenoticias.com.br\/index.php\/wp-json\/wp\/v2\/categories?post=24904"},{"taxonomy":"post_tag","embeddable":true,"href":"https:\/\/jornalfatosenoticias.com.br\/index.php\/wp-json\/wp\/v2\/tags?post=24904"}],"curies":[{"name":"wp","href":"https:\/\/api.w.org\/{rel}","templated":true}]}}